{"id":21871,"date":"2024-09-06T21:34:09","date_gmt":"2024-09-07T00:34:09","guid":{"rendered":"https:\/\/apuntesdesanluis.com\/?p=21871"},"modified":"2024-09-06T21:34:09","modified_gmt":"2024-09-07T00:34:09","slug":"vuelco-en-la-autopista-los-puquios-y-choque-entre-auto-y-moto-en-la-punta","status":"publish","type":"post","link":"https:\/\/apuntesdesanluis.com\/index.php\/2024\/09\/06\/vuelco-en-la-autopista-los-puquios-y-choque-entre-auto-y-moto-en-la-punta\/","title":{"rendered":"VUELCO EN LA AUTOPISTA LOS PUQUIOS Y CHOQUE ENTRE AUTO Y MOTO EN LA PUNTA"},"content":{"rendered":"<h3>Este viernes, alrededor de las 4:30, se produjo un accidente de tr\u00e1nsito sobre la Autopista Los Puquios, cerca del Monumento al Ciclista y a unos tres kil\u00f3metros de la intersecci\u00f3n con la ruta provincial 20.<\/h3>\n<h3>En ese lugar, una mujer de 34 a\u00f1os de edad que manejaba un auto Fiat Palio -de este a oeste- perdi\u00f3 el control del veh\u00edculo (por razones que se tratan de establecer) e impact\u00f3 contra un poste de alumbrado, lo que provoc\u00f3 el vuelco del autom\u00f3vil.<\/h3>\n<h3><img fetchpriority=\"high\" decoding=\"async\" class=\"wp-image-21873 aligncenter\" src=\"https:\/\/apuntesdesanluis.com\/wp-content\/uploads\/2024\/09\/Imagen-de-WhatsApp-2024-09-06-a-las-11.58.20_41fd336a-300x174.jpg\" alt=\"\" width=\"633\" height=\"367\" srcset=\"https:\/\/apuntesdesanluis.com\/wp-content\/uploads\/2024\/09\/Imagen-de-WhatsApp-2024-09-06-a-las-11.58.20_41fd336a-300x174.jpg 300w, https:\/\/apuntesdesanluis.com\/wp-content\/uploads\/2024\/09\/Imagen-de-WhatsApp-2024-09-06-a-las-11.58.20_41fd336a.jpg 700w\" sizes=\"(max-width: 633px) 100vw, 633px\" \/><\/h3>\n<h3>A ra\u00edz del impacto, la conductora del auto recibi\u00f3 las primeras atenciones m\u00e9dicas en el lugar y posteriormente fue trasladada en una ambulancia del Sempro hacia el Hospital de Juana Koslay.<\/h3>\n<h3><img decoding=\"async\" class=\"wp-image-21874 aligncenter\" src=\"https:\/\/apuntesdesanluis.com\/wp-content\/uploads\/2024\/09\/Imagen-de-WhatsApp-2024-09-06-a-las-11.58.21_018972a0-300x172.jpg\" alt=\"\" width=\"637\" height=\"365\" srcset=\"https:\/\/apuntesdesanluis.com\/wp-content\/uploads\/2024\/09\/Imagen-de-WhatsApp-2024-09-06-a-las-11.58.21_018972a0-300x172.jpg 300w, https:\/\/apuntesdesanluis.com\/wp-content\/uploads\/2024\/09\/Imagen-de-WhatsApp-2024-09-06-a-las-11.58.21_018972a0.jpg 700w\" sizes=\"(max-width: 637px) 100vw, 637px\" \/><\/h3>\n<h3>LA PUNTA<\/h3>\n<h3>Comisar\u00eda Seccional 28\u00b0 inform\u00f3 que este viernes, alrededor de las 00:10, se produjo un accidente de tr\u00e1nsito en la ciudad de La Punta, en inmediaciones de la avenida Carolina Tobar Garc\u00eda y Calle 6.<\/h3>\n<h3>De acuerdo a la informaci\u00f3n recabada, por Carolina Tobar Garc\u00eda circulaba -de oeste a este- un auto Chevrolet Aveo, conducido por un hombre de 46 a\u00f1os de edad, y detr\u00e1s de ese veh\u00edculo circulaba una Trafic y varias motocicletas.<\/h3>\n<p><img decoding=\"async\" class=\"wp-image-21875 aligncenter\" src=\"https:\/\/apuntesdesanluis.com\/wp-content\/uploads\/2024\/09\/Imagen-de-WhatsApp-2024-09-06-a-las-17.20.11_468dbdab-300x243.jpg\" alt=\"\" width=\"635\" height=\"514\" srcset=\"https:\/\/apuntesdesanluis.com\/wp-content\/uploads\/2024\/09\/Imagen-de-WhatsApp-2024-09-06-a-las-17.20.11_468dbdab-300x243.jpg 300w, https:\/\/apuntesdesanluis.com\/wp-content\/uploads\/2024\/09\/Imagen-de-WhatsApp-2024-09-06-a-las-17.20.11_468dbdab.jpg 700w\" sizes=\"(max-width: 635px) 100vw, 635px\" \/><\/p>\n<h3>En ese sector, una de las motos, marca Mondial LD 110, conducida por un adolescente de 17 a\u00f1os, se abri\u00f3 para pasar a la Trafic y se encontr\u00f3 con el auto Chevrolet Aveo, colisionando contra la parte trasera del autom\u00f3vil.<\/h3>\n<p><img loading=\"lazy\" decoding=\"async\" class=\"wp-image-21876 aligncenter\" src=\"https:\/\/apuntesdesanluis.com\/wp-content\/uploads\/2024\/09\/Imagen-de-WhatsApp-2024-09-06-a-las-17.20.10_cabf911f-300x297.jpg\" alt=\"\" width=\"635\" height=\"629\" srcset=\"https:\/\/apuntesdesanluis.com\/wp-content\/uploads\/2024\/09\/Imagen-de-WhatsApp-2024-09-06-a-las-17.20.10_cabf911f-300x297.jpg 300w, https:\/\/apuntesdesanluis.com\/wp-content\/uploads\/2024\/09\/Imagen-de-WhatsApp-2024-09-06-a-las-17.20.10_cabf911f-150x150.jpg 150w, https:\/\/apuntesdesanluis.com\/wp-content\/uploads\/2024\/09\/Imagen-de-WhatsApp-2024-09-06-a-las-17.20.10_cabf911f.jpg 700w\" sizes=\"(max-width: 635px) 100vw, 635px\" \/><\/p>\n<h3>Debido al impacto, el adolescente que conduc\u00eda la moto qued\u00f3 tendido en la carpeta asf\u00e1ltica y posteriormente fue trasladado hacia el Hospital de La Punta para una mejor atenci\u00f3n m\u00e9dica.<\/h3>\n<p>&nbsp;<\/p>\n<p>&nbsp;<\/p>\n<p>&nbsp;<\/p>\n","protected":false},"excerpt":{"rendered":"<p>Este viernes, alrededor de las 4:30, se produjo un accidente de tr\u00e1nsito sobre la Autopista&#8230;<\/p>\n","protected":false},"author":1,"featured_media":21872,"comment_status":"closed","ping_status":"closed","sticky":false,"template":"","format":"standard","meta":{"footnotes":""},"categories":[6],"tags":[],"class_list":["post-21871","post","type-post","status-publish","format-standard","has-post-thumbnail","hentry","category-ciudad-provincia"],"yoast_head":"<!-- This site is optimized with the Yoast SEO plugin v26.1.1 - https:\/\/yoast.com\/wordpress\/plugins\/seo\/ -->\n<title>VUELCO EN LA AUTOPISTA LOS PUQUIOS Y CHOQUE ENTRE AUTO Y MOTO EN LA PUNTA - Apuntes de San Luis<\/title>\n<meta name=\"robots\" content=\"index, follow, max-snippet:-1, max-image-preview:large, max-video-preview:-1\" \/>\n<link rel=\"canonical\" href=\"https:\/\/apuntesdesanluis.com\/index.php\/2024\/09\/06\/vuelco-en-la-autopista-los-puquios-y-choque-entre-auto-y-moto-en-la-punta\/\" \/>\n<meta property=\"og:locale\" content=\"es_ES\" \/>\n<meta property=\"og:type\" content=\"article\" \/>\n<meta property=\"og:title\" content=\"VUELCO EN LA AUTOPISTA LOS PUQUIOS Y CHOQUE ENTRE AUTO Y MOTO EN LA PUNTA - Apuntes de San Luis\" \/>\n<meta property=\"og:description\" content=\"Este viernes, alrededor de las 4:30, se produjo un accidente de tr\u00e1nsito sobre la Autopista...\" \/>\n<meta property=\"og:url\" content=\"https:\/\/apuntesdesanluis.com\/index.php\/2024\/09\/06\/vuelco-en-la-autopista-los-puquios-y-choque-entre-auto-y-moto-en-la-punta\/\" \/>\n<meta property=\"og:site_name\" content=\"Apuntes de San Luis\" \/>\n<meta property=\"article:published_time\" content=\"2024-09-07T00:34:09+00:00\" \/>\n<meta property=\"og:image\" content=\"https:\/\/apuntesdesanluis.com\/wp-content\/uploads\/2024\/09\/auto-volcado-general.jpg\" \/>\n\t<meta property=\"og:image:width\" content=\"615\" \/>\n\t<meta property=\"og:image:height\" content=\"445\" \/>\n\t<meta property=\"og:image:type\" content=\"image\/jpeg\" \/>\n<meta name=\"author\" content=\"apuntesdesanluis.com\" \/>\n<meta name=\"twitter:card\" content=\"summary_large_image\" \/>\n<meta name=\"twitter:label1\" content=\"Escrito por\" \/>\n\t<meta name=\"twitter:data1\" content=\"apuntesdesanluis.com\" \/>\n\t<meta name=\"twitter:label2\" content=\"Tiempo de lectura\" \/>\n\t<meta name=\"twitter:data2\" content=\"3 minutos\" \/>\n<script type=\"application\/ld+json\" class=\"yoast-schema-graph\">{\"@context\":\"https:\/\/schema.org\",\"@graph\":[{\"@type\":\"Article\",\"@id\":\"https:\/\/apuntesdesanluis.com\/index.php\/2024\/09\/06\/vuelco-en-la-autopista-los-puquios-y-choque-entre-auto-y-moto-en-la-punta\/#article\",\"isPartOf\":{\"@id\":\"https:\/\/apuntesdesanluis.com\/index.php\/2024\/09\/06\/vuelco-en-la-autopista-los-puquios-y-choque-entre-auto-y-moto-en-la-punta\/\"},\"author\":{\"name\":\"apuntesdesanluis.com\",\"@id\":\"https:\/\/apuntesdesanluis.com\/#\/schema\/person\/b55151d52296fcce64d1a72538a70b90\"},\"headline\":\"VUELCO EN LA AUTOPISTA LOS PUQUIOS Y CHOQUE ENTRE AUTO Y MOTO EN LA PUNTA\",\"datePublished\":\"2024-09-07T00:34:09+00:00\",\"mainEntityOfPage\":{\"@id\":\"https:\/\/apuntesdesanluis.com\/index.php\/2024\/09\/06\/vuelco-en-la-autopista-los-puquios-y-choque-entre-auto-y-moto-en-la-punta\/\"},\"wordCount\":288,\"publisher\":{\"@id\":\"https:\/\/apuntesdesanluis.com\/#\/schema\/person\/b55151d52296fcce64d1a72538a70b90\"},\"image\":{\"@id\":\"https:\/\/apuntesdesanluis.com\/index.php\/2024\/09\/06\/vuelco-en-la-autopista-los-puquios-y-choque-entre-auto-y-moto-en-la-punta\/#primaryimage\"},\"thumbnailUrl\":\"https:\/\/apuntesdesanluis.com\/wp-content\/uploads\/2024\/09\/auto-volcado-general.jpg\",\"articleSection\":[\"Ciudad\/Provincia\"],\"inLanguage\":\"es-AR\"},{\"@type\":\"WebPage\",\"@id\":\"https:\/\/apuntesdesanluis.com\/index.php\/2024\/09\/06\/vuelco-en-la-autopista-los-puquios-y-choque-entre-auto-y-moto-en-la-punta\/\",\"url\":\"https:\/\/apuntesdesanluis.com\/index.php\/2024\/09\/06\/vuelco-en-la-autopista-los-puquios-y-choque-entre-auto-y-moto-en-la-punta\/\",\"name\":\"VUELCO EN LA AUTOPISTA LOS PUQUIOS Y CHOQUE ENTRE AUTO Y MOTO EN LA PUNTA - Apuntes de San Luis\",\"isPartOf\":{\"@id\":\"https:\/\/apuntesdesanluis.com\/#website\"},\"primaryImageOfPage\":{\"@id\":\"https:\/\/apuntesdesanluis.com\/index.php\/2024\/09\/06\/vuelco-en-la-autopista-los-puquios-y-choque-entre-auto-y-moto-en-la-punta\/#primaryimage\"},\"image\":{\"@id\":\"https:\/\/apuntesdesanluis.com\/index.php\/2024\/09\/06\/vuelco-en-la-autopista-los-puquios-y-choque-entre-auto-y-moto-en-la-punta\/#primaryimage\"},\"thumbnailUrl\":\"https:\/\/apuntesdesanluis.com\/wp-content\/uploads\/2024\/09\/auto-volcado-general.jpg\",\"datePublished\":\"2024-09-07T00:34:09+00:00\",\"breadcrumb\":{\"@id\":\"https:\/\/apuntesdesanluis.com\/index.php\/2024\/09\/06\/vuelco-en-la-autopista-los-puquios-y-choque-entre-auto-y-moto-en-la-punta\/#breadcrumb\"},\"inLanguage\":\"es-AR\",\"potentialAction\":[{\"@type\":\"ReadAction\",\"target\":[\"https:\/\/apuntesdesanluis.com\/index.php\/2024\/09\/06\/vuelco-en-la-autopista-los-puquios-y-choque-entre-auto-y-moto-en-la-punta\/\"]}]},{\"@type\":\"ImageObject\",\"inLanguage\":\"es-AR\",\"@id\":\"https:\/\/apuntesdesanluis.com\/index.php\/2024\/09\/06\/vuelco-en-la-autopista-los-puquios-y-choque-entre-auto-y-moto-en-la-punta\/#primaryimage\",\"url\":\"https:\/\/apuntesdesanluis.com\/wp-content\/uploads\/2024\/09\/auto-volcado-general.jpg\",\"contentUrl\":\"https:\/\/apuntesdesanluis.com\/wp-content\/uploads\/2024\/09\/auto-volcado-general.jpg\",\"width\":615,\"height\":445},{\"@type\":\"BreadcrumbList\",\"@id\":\"https:\/\/apuntesdesanluis.com\/index.php\/2024\/09\/06\/vuelco-en-la-autopista-los-puquios-y-choque-entre-auto-y-moto-en-la-punta\/#breadcrumb\",\"itemListElement\":[{\"@type\":\"ListItem\",\"position\":1,\"name\":\"Inicio\",\"item\":\"https:\/\/apuntesdesanluis.com\/\"},{\"@type\":\"ListItem\",\"position\":2,\"name\":\"VUELCO EN LA AUTOPISTA LOS PUQUIOS Y CHOQUE ENTRE AUTO Y MOTO EN LA PUNTA\"}]},{\"@type\":\"WebSite\",\"@id\":\"https:\/\/apuntesdesanluis.com\/#website\",\"url\":\"https:\/\/apuntesdesanluis.com\/\",\"name\":\"Apuntes de San Luis\",\"description\":\"\",\"publisher\":{\"@id\":\"https:\/\/apuntesdesanluis.com\/#\/schema\/person\/b55151d52296fcce64d1a72538a70b90\"},\"potentialAction\":[{\"@type\":\"SearchAction\",\"target\":{\"@type\":\"EntryPoint\",\"urlTemplate\":\"https:\/\/apuntesdesanluis.com\/?s={search_term_string}\"},\"query-input\":{\"@type\":\"PropertyValueSpecification\",\"valueRequired\":true,\"valueName\":\"search_term_string\"}}],\"inLanguage\":\"es-AR\"},{\"@type\":[\"Person\",\"Organization\"],\"@id\":\"https:\/\/apuntesdesanluis.com\/#\/schema\/person\/b55151d52296fcce64d1a72538a70b90\",\"name\":\"apuntesdesanluis.com\",\"image\":{\"@type\":\"ImageObject\",\"inLanguage\":\"es-AR\",\"@id\":\"https:\/\/apuntesdesanluis.com\/#\/schema\/person\/image\/\",\"url\":\"https:\/\/apuntesdesanluis.com\/wp-content\/uploads\/2023\/07\/cropped-apuntesdesanluis.png\",\"contentUrl\":\"https:\/\/apuntesdesanluis.com\/wp-content\/uploads\/2023\/07\/cropped-apuntesdesanluis.png\",\"width\":450,\"height\":112,\"caption\":\"apuntesdesanluis.com\"},\"logo\":{\"@id\":\"https:\/\/apuntesdesanluis.com\/#\/schema\/person\/image\/\"},\"sameAs\":[\"https:\/\/apuntesdesanluis.com\"],\"url\":\"https:\/\/apuntesdesanluis.com\/index.php\/author\/apuntesdesanluis-com\/\"}]}<\/script>\n<!-- \/ Yoast SEO plugin. -->","yoast_head_json":{"title":"VUELCO EN LA AUTOPISTA LOS PUQUIOS Y CHOQUE ENTRE AUTO Y MOTO EN LA PUNTA - Apuntes de San Luis","robots":{"index":"index","follow":"follow","max-snippet":"max-snippet:-1","max-image-preview":"max-image-preview:large","max-video-preview":"max-video-preview:-1"},"canonical":"https:\/\/apuntesdesanluis.com\/index.php\/2024\/09\/06\/vuelco-en-la-autopista-los-puquios-y-choque-entre-auto-y-moto-en-la-punta\/","og_locale":"es_ES","og_type":"article","og_title":"VUELCO EN LA AUTOPISTA LOS PUQUIOS Y CHOQUE ENTRE AUTO Y MOTO EN LA PUNTA - Apuntes de San Luis","og_description":"Este viernes, alrededor de las 4:30, se produjo un accidente de tr\u00e1nsito sobre la Autopista...","og_url":"https:\/\/apuntesdesanluis.com\/index.php\/2024\/09\/06\/vuelco-en-la-autopista-los-puquios-y-choque-entre-auto-y-moto-en-la-punta\/","og_site_name":"Apuntes de San Luis","article_published_time":"2024-09-07T00:34:09+00:00","og_image":[{"width":615,"height":445,"url":"https:\/\/apuntesdesanluis.com\/wp-content\/uploads\/2024\/09\/auto-volcado-general.jpg","type":"image\/jpeg"}],"author":"apuntesdesanluis.com","twitter_card":"summary_large_image","twitter_misc":{"Escrito por":"apuntesdesanluis.com","Tiempo de lectura":"3 minutos"},"schema":{"@context":"https:\/\/schema.org","@graph":[{"@type":"Article","@id":"https:\/\/apuntesdesanluis.com\/index.php\/2024\/09\/06\/vuelco-en-la-autopista-los-puquios-y-choque-entre-auto-y-moto-en-la-punta\/#article","isPartOf":{"@id":"https:\/\/apuntesdesanluis.com\/index.php\/2024\/09\/06\/vuelco-en-la-autopista-los-puquios-y-choque-entre-auto-y-moto-en-la-punta\/"},"author":{"name":"apuntesdesanluis.com","@id":"https:\/\/apuntesdesanluis.com\/#\/schema\/person\/b55151d52296fcce64d1a72538a70b90"},"headline":"VUELCO EN LA AUTOPISTA LOS PUQUIOS Y CHOQUE ENTRE AUTO Y MOTO EN LA PUNTA","datePublished":"2024-09-07T00:34:09+00:00","mainEntityOfPage":{"@id":"https:\/\/apuntesdesanluis.com\/index.php\/2024\/09\/06\/vuelco-en-la-autopista-los-puquios-y-choque-entre-auto-y-moto-en-la-punta\/"},"wordCount":288,"publisher":{"@id":"https:\/\/apuntesdesanluis.com\/#\/schema\/person\/b55151d52296fcce64d1a72538a70b90"},"image":{"@id":"https:\/\/apuntesdesanluis.com\/index.php\/2024\/09\/06\/vuelco-en-la-autopista-los-puquios-y-choque-entre-auto-y-moto-en-la-punta\/#primaryimage"},"thumbnailUrl":"https:\/\/apuntesdesanluis.com\/wp-content\/uploads\/2024\/09\/auto-volcado-general.jpg","articleSection":["Ciudad\/Provincia"],"inLanguage":"es-AR"},{"@type":"WebPage","@id":"https:\/\/apuntesdesanluis.com\/index.php\/2024\/09\/06\/vuelco-en-la-autopista-los-puquios-y-choque-entre-auto-y-moto-en-la-punta\/","url":"https:\/\/apuntesdesanluis.com\/index.php\/2024\/09\/06\/vuelco-en-la-autopista-los-puquios-y-choque-entre-auto-y-moto-en-la-punta\/","name":"VUELCO EN LA AUTOPISTA LOS PUQUIOS Y CHOQUE ENTRE AUTO Y MOTO EN LA PUNTA - Apuntes de San Luis","isPartOf":{"@id":"https:\/\/apuntesdesanluis.com\/#website"},"primaryImageOfPage":{"@id":"https:\/\/apuntesdesanluis.com\/index.php\/2024\/09\/06\/vuelco-en-la-autopista-los-puquios-y-choque-entre-auto-y-moto-en-la-punta\/#primaryimage"},"image":{"@id":"https:\/\/apuntesdesanluis.com\/index.php\/2024\/09\/06\/vuelco-en-la-autopista-los-puquios-y-choque-entre-auto-y-moto-en-la-punta\/#primaryimage"},"thumbnailUrl":"https:\/\/apuntesdesanluis.com\/wp-content\/uploads\/2024\/09\/auto-volcado-general.jpg","datePublished":"2024-09-07T00:34:09+00:00","breadcrumb":{"@id":"https:\/\/apuntesdesanluis.com\/index.php\/2024\/09\/06\/vuelco-en-la-autopista-los-puquios-y-choque-entre-auto-y-moto-en-la-punta\/#breadcrumb"},"inLanguage":"es-AR","potentialAction":[{"@type":"ReadAction","target":["https:\/\/apuntesdesanluis.com\/index.php\/2024\/09\/06\/vuelco-en-la-autopista-los-puquios-y-choque-entre-auto-y-moto-en-la-punta\/"]}]},{"@type":"ImageObject","inLanguage":"es-AR","@id":"https:\/\/apuntesdesanluis.com\/index.php\/2024\/09\/06\/vuelco-en-la-autopista-los-puquios-y-choque-entre-auto-y-moto-en-la-punta\/#primaryimage","url":"https:\/\/apuntesdesanluis.com\/wp-content\/uploads\/2024\/09\/auto-volcado-general.jpg","contentUrl":"https:\/\/apuntesdesanluis.com\/wp-content\/uploads\/2024\/09\/auto-volcado-general.jpg","width":615,"height":445},{"@type":"BreadcrumbList","@id":"https:\/\/apuntesdesanluis.com\/index.php\/2024\/09\/06\/vuelco-en-la-autopista-los-puquios-y-choque-entre-auto-y-moto-en-la-punta\/#breadcrumb","itemListElement":[{"@type":"ListItem","position":1,"name":"Inicio","item":"https:\/\/apuntesdesanluis.com\/"},{"@type":"ListItem","position":2,"name":"VUELCO EN LA AUTOPISTA LOS PUQUIOS Y CHOQUE ENTRE AUTO Y MOTO EN LA PUNTA"}]},{"@type":"WebSite","@id":"https:\/\/apuntesdesanluis.com\/#website","url":"https:\/\/apuntesdesanluis.com\/","name":"Apuntes de San Luis","description":"","publisher":{"@id":"https:\/\/apuntesdesanluis.com\/#\/schema\/person\/b55151d52296fcce64d1a72538a70b90"},"potentialAction":[{"@type":"SearchAction","target":{"@type":"EntryPoint","urlTemplate":"https:\/\/apuntesdesanluis.com\/?s={search_term_string}"},"query-input":{"@type":"PropertyValueSpecification","valueRequired":true,"valueName":"search_term_string"}}],"inLanguage":"es-AR"},{"@type":["Person","Organization"],"@id":"https:\/\/apuntesdesanluis.com\/#\/schema\/person\/b55151d52296fcce64d1a72538a70b90","name":"apuntesdesanluis.com","image":{"@type":"ImageObject","inLanguage":"es-AR","@id":"https:\/\/apuntesdesanluis.com\/#\/schema\/person\/image\/","url":"https:\/\/apuntesdesanluis.com\/wp-content\/uploads\/2023\/07\/cropped-apuntesdesanluis.png","contentUrl":"https:\/\/apuntesdesanluis.com\/wp-content\/uploads\/2023\/07\/cropped-apuntesdesanluis.png","width":450,"height":112,"caption":"apuntesdesanluis.com"},"logo":{"@id":"https:\/\/apuntesdesanluis.com\/#\/schema\/person\/image\/"},"sameAs":["https:\/\/apuntesdesanluis.com"],"url":"https:\/\/apuntesdesanluis.com\/index.php\/author\/apuntesdesanluis-com\/"}]}},"featured_image_urls":{"full":["https:\/\/apuntesdesanluis.com\/wp-content\/uploads\/2024\/09\/auto-volcado-general.jpg",615,445,false],"thumbnail":["https:\/\/apuntesdesanluis.com\/wp-content\/uploads\/2024\/09\/auto-volcado-general-150x150.jpg",150,150,true],"medium":["https:\/\/apuntesdesanluis.com\/wp-content\/uploads\/2024\/09\/auto-volcado-general-300x217.jpg",300,217,true],"medium_large":["https:\/\/apuntesdesanluis.com\/wp-content\/uploads\/2024\/09\/auto-volcado-general.jpg",615,445,false],"large":["https:\/\/apuntesdesanluis.com\/wp-content\/uploads\/2024\/09\/auto-volcado-general.jpg",615,445,false],"1536x1536":["https:\/\/apuntesdesanluis.com\/wp-content\/uploads\/2024\/09\/auto-volcado-general.jpg",615,445,false],"2048x2048":["https:\/\/apuntesdesanluis.com\/wp-content\/uploads\/2024\/09\/auto-volcado-general.jpg",615,445,false],"newsever-slider-full":["https:\/\/apuntesdesanluis.com\/wp-content\/uploads\/2024\/09\/auto-volcado-general.jpg",615,445,false],"newsever-featured":["https:\/\/apuntesdesanluis.com\/wp-content\/uploads\/2024\/09\/auto-volcado-general.jpg",615,445,false],"newsever-medium":["https:\/\/apuntesdesanluis.com\/wp-content\/uploads\/2024\/09\/auto-volcado-general.jpg",615,445,false]},"author_info":{"display_name":"apuntesdesanluis.com","author_link":"https:\/\/apuntesdesanluis.com\/index.php\/author\/apuntesdesanluis-com\/"},"category_info":"<a href=\"https:\/\/apuntesdesanluis.com\/index.php\/category\/ciudad-provincia\/\" rel=\"category tag\">Ciudad\/Provincia<\/a>","tag_info":"Ciudad\/Provincia","comment_count":"0","_links":{"self":[{"href":"https:\/\/apuntesdesanluis.com\/index.php\/wp-json\/wp\/v2\/posts\/21871","targetHints":{"allow":["GET"]}}],"collection":[{"href":"https:\/\/apuntesdesanluis.com\/index.php\/wp-json\/wp\/v2\/posts"}],"about":[{"href":"https:\/\/apuntesdesanluis.com\/index.php\/wp-json\/wp\/v2\/types\/post"}],"author":[{"embeddable":true,"href":"https:\/\/apuntesdesanluis.com\/index.php\/wp-json\/wp\/v2\/users\/1"}],"replies":[{"embeddable":true,"href":"https:\/\/apuntesdesanluis.com\/index.php\/wp-json\/wp\/v2\/comments?post=21871"}],"version-history":[{"count":1,"href":"https:\/\/apuntesdesanluis.com\/index.php\/wp-json\/wp\/v2\/posts\/21871\/revisions"}],"predecessor-version":[{"id":21877,"href":"https:\/\/apuntesdesanluis.com\/index.php\/wp-json\/wp\/v2\/posts\/21871\/revisions\/21877"}],"wp:featuredmedia":[{"embeddable":true,"href":"https:\/\/apuntesdesanluis.com\/index.php\/wp-json\/wp\/v2\/media\/21872"}],"wp:attachment":[{"href":"https:\/\/apuntesdesanluis.com\/index.php\/wp-json\/wp\/v2\/media?parent=21871"}],"wp:term":[{"taxonomy":"category","embeddable":true,"href":"https:\/\/apuntesdesanluis.com\/index.php\/wp-json\/wp\/v2\/categories?post=21871"},{"taxonomy":"post_tag","embeddable":true,"href":"https:\/\/apuntesdesanluis.com\/index.php\/wp-json\/wp\/v2\/tags?post=21871"}],"curies":[{"name":"wp","href":"https:\/\/api.w.org\/{rel}","templated":true}]}}