{"id":21878,"date":"2024-09-06T21:40:09","date_gmt":"2024-09-07T00:40:09","guid":{"rendered":"https:\/\/apuntesdesanluis.com\/?p=21878"},"modified":"2024-09-06T21:40:09","modified_gmt":"2024-09-07T00:40:09","slug":"prorrogaron-la-prision-preventiva-del-camionero-imputado-por-administracion-fraudulenta","status":"publish","type":"post","link":"https:\/\/apuntesdesanluis.com\/index.php\/2024\/09\/06\/prorrogaron-la-prision-preventiva-del-camionero-imputado-por-administracion-fraudulenta\/","title":{"rendered":"PRORROGARON LA PRISI\u00d3N PREVENTIVA DEL CAMIONERO IMPUTADO POR ADMINISTRACI\u00d3N FRAUDULENTA"},"content":{"rendered":"<h3>As\u00ed lo dispuso el Dr. Santiago Ortiz, Juez de Garant\u00edas N\u00ba 4 de la Segunda Circunscripci\u00f3n Judicial. Asimismo se resolvi\u00f3 ampliar el t\u00e9rmino de la investigaci\u00f3n penal preparatoria por 60 d\u00edas.<\/h3>\n<h3>Un hombre imputado por administraci\u00f3n fraudulenta continuar\u00e1 cumpliendo la medida de coerci\u00f3n en el Servicio Penitenciario Provincial hasta la audiencia de control de acusaci\u00f3n.<\/h3>\n<h3>La audiencia de formulaci\u00f3n de cargos se desarroll\u00f3 el pasado dos de agosto, cuando\u00a0 se le imput\u00f3 el delito de administraci\u00f3n fraudulenta por un hecho ocurrido el 11 de junio en donde se produjo un robo de una suma de dinero a un transportista. La detenci\u00f3n del imputado se efectiviz\u00f3 en la localidad de Sampacho (C\u00f3rdoba). (Ver aqu\u00ed: <a href=\"https:\/\/www.periodicojudicial.gov.ar\/formularon-cargos-a-un-hombre-por-administracion-fraudulenta\/\"><span style=\"color: #3366ff;\">https:\/\/www.periodicojudicial.gov.ar\/formularon-cargos-a-un-hombre-por-administracion-fraudulenta\/<\/span><\/a>)<\/h3>\n<h3>Vencida la pr\u00f3rroga de detenci\u00f3n, se orden\u00f3 la prisi\u00f3n preventiva y el traslado al Servicio Penitenciario Provincial atento lo solicitado por el Ministerio P\u00fablico Fiscal (Ver aqu\u00ed: <span style=\"color: #3366ff;\"><a style=\"color: #3366ff;\" href=\"https:\/\/www.periodicojudicial.gov.ar\/prision-preventiva-para-un-hombre-imputado-por-administracion-fraudulenta\/\">https:\/\/www.periodicojudicial.gov.ar\/prision-preventiva-para-un-hombre-imputado-por-administracion-fraudulenta\/<\/a><\/span>)<\/h3>\n<h3>La audiencia de hoy estuvo a cargo del Santiago Ortiz y se resolvi\u00f3 ampliar el t\u00e9rmino de la investigaci\u00f3n penal preparatoria y prorrogar la prisi\u00f3n preventiva. Como secretaria intervino la Dra. Daniela L\u00f3pez Martin.<\/h3>\n<h3>En representaci\u00f3n del Ministerio P\u00fablico Fiscal estuvo presente la Dra. Daniela Torres \u2013Fiscal de Instrucci\u00f3n N\u00ba 2-. Por la Defensa del imputado intervino la Dra. Mar\u00eda de los \u00c1ngeles Pascuale.<\/h3>\n<p>&nbsp;<\/p>\n<p>&nbsp;<\/p>\n<p>&nbsp;<\/p>\n<p>&nbsp;<\/p>\n","protected":false},"excerpt":{"rendered":"<p>As\u00ed lo dispuso el Dr. Santiago Ortiz, Juez de Garant\u00edas N\u00ba 4 de la Segunda&#8230;<\/p>\n","protected":false},"author":1,"featured_media":764,"comment_status":"closed","ping_status":"closed","sticky":false,"template":"","format":"standard","meta":{"footnotes":""},"categories":[6],"tags":[],"class_list":["post-21878","post","type-post","status-publish","format-standard","has-post-thumbnail","hentry","category-ciudad-provincia"],"yoast_head":"<!-- This site is optimized with the Yoast SEO plugin v26.1.1 - https:\/\/yoast.com\/wordpress\/plugins\/seo\/ -->\n<title>PRORROGARON LA PRISI\u00d3N PREVENTIVA DEL CAMIONERO IMPUTADO POR ADMINISTRACI\u00d3N FRAUDULENTA - Apuntes de San Luis<\/title>\n<meta name=\"robots\" content=\"index, follow, max-snippet:-1, max-image-preview:large, max-video-preview:-1\" \/>\n<link rel=\"canonical\" href=\"https:\/\/apuntesdesanluis.com\/index.php\/2024\/09\/06\/prorrogaron-la-prision-preventiva-del-camionero-imputado-por-administracion-fraudulenta\/\" \/>\n<meta property=\"og:locale\" content=\"es_ES\" \/>\n<meta property=\"og:type\" content=\"article\" \/>\n<meta property=\"og:title\" content=\"PRORROGARON LA PRISI\u00d3N PREVENTIVA DEL CAMIONERO IMPUTADO POR ADMINISTRACI\u00d3N FRAUDULENTA - Apuntes de San Luis\" \/>\n<meta property=\"og:description\" content=\"As\u00ed lo dispuso el Dr. Santiago Ortiz, Juez de Garant\u00edas N\u00ba 4 de la Segunda...\" \/>\n<meta property=\"og:url\" content=\"https:\/\/apuntesdesanluis.com\/index.php\/2024\/09\/06\/prorrogaron-la-prision-preventiva-del-camionero-imputado-por-administracion-fraudulenta\/\" \/>\n<meta property=\"og:site_name\" content=\"Apuntes de San Luis\" \/>\n<meta property=\"article:published_time\" content=\"2024-09-07T00:40:09+00:00\" \/>\n<meta property=\"og:image\" content=\"https:\/\/apuntesdesanluis.com\/wp-content\/uploads\/2023\/07\/tribunales-de-villa-mercedes.png\" \/>\n\t<meta property=\"og:image:width\" content=\"739\" \/>\n\t<meta property=\"og:image:height\" content=\"443\" \/>\n\t<meta property=\"og:image:type\" content=\"image\/png\" \/>\n<meta name=\"author\" content=\"apuntesdesanluis.com\" \/>\n<meta name=\"twitter:card\" content=\"summary_large_image\" \/>\n<meta name=\"twitter:label1\" content=\"Escrito por\" \/>\n\t<meta name=\"twitter:data1\" content=\"apuntesdesanluis.com\" \/>\n\t<meta name=\"twitter:label2\" content=\"Tiempo de lectura\" \/>\n\t<meta name=\"twitter:data2\" content=\"2 minutos\" \/>\n<script type=\"application\/ld+json\" class=\"yoast-schema-graph\">{\"@context\":\"https:\/\/schema.org\",\"@graph\":[{\"@type\":\"Article\",\"@id\":\"https:\/\/apuntesdesanluis.com\/index.php\/2024\/09\/06\/prorrogaron-la-prision-preventiva-del-camionero-imputado-por-administracion-fraudulenta\/#article\",\"isPartOf\":{\"@id\":\"https:\/\/apuntesdesanluis.com\/index.php\/2024\/09\/06\/prorrogaron-la-prision-preventiva-del-camionero-imputado-por-administracion-fraudulenta\/\"},\"author\":{\"name\":\"apuntesdesanluis.com\",\"@id\":\"https:\/\/apuntesdesanluis.com\/#\/schema\/person\/b55151d52296fcce64d1a72538a70b90\"},\"headline\":\"PRORROGARON LA PRISI\u00d3N PREVENTIVA DEL CAMIONERO IMPUTADO POR ADMINISTRACI\u00d3N FRAUDULENTA\",\"datePublished\":\"2024-09-07T00:40:09+00:00\",\"mainEntityOfPage\":{\"@id\":\"https:\/\/apuntesdesanluis.com\/index.php\/2024\/09\/06\/prorrogaron-la-prision-preventiva-del-camionero-imputado-por-administracion-fraudulenta\/\"},\"wordCount\":253,\"publisher\":{\"@id\":\"https:\/\/apuntesdesanluis.com\/#\/schema\/person\/b55151d52296fcce64d1a72538a70b90\"},\"image\":{\"@id\":\"https:\/\/apuntesdesanluis.com\/index.php\/2024\/09\/06\/prorrogaron-la-prision-preventiva-del-camionero-imputado-por-administracion-fraudulenta\/#primaryimage\"},\"thumbnailUrl\":\"https:\/\/apuntesdesanluis.com\/wp-content\/uploads\/2023\/07\/tribunales-de-villa-mercedes.png\",\"articleSection\":[\"Ciudad\/Provincia\"],\"inLanguage\":\"es-AR\"},{\"@type\":\"WebPage\",\"@id\":\"https:\/\/apuntesdesanluis.com\/index.php\/2024\/09\/06\/prorrogaron-la-prision-preventiva-del-camionero-imputado-por-administracion-fraudulenta\/\",\"url\":\"https:\/\/apuntesdesanluis.com\/index.php\/2024\/09\/06\/prorrogaron-la-prision-preventiva-del-camionero-imputado-por-administracion-fraudulenta\/\",\"name\":\"PRORROGARON LA PRISI\u00d3N PREVENTIVA DEL CAMIONERO IMPUTADO POR ADMINISTRACI\u00d3N FRAUDULENTA - Apuntes de San Luis\",\"isPartOf\":{\"@id\":\"https:\/\/apuntesdesanluis.com\/#website\"},\"primaryImageOfPage\":{\"@id\":\"https:\/\/apuntesdesanluis.com\/index.php\/2024\/09\/06\/prorrogaron-la-prision-preventiva-del-camionero-imputado-por-administracion-fraudulenta\/#primaryimage\"},\"image\":{\"@id\":\"https:\/\/apuntesdesanluis.com\/index.php\/2024\/09\/06\/prorrogaron-la-prision-preventiva-del-camionero-imputado-por-administracion-fraudulenta\/#primaryimage\"},\"thumbnailUrl\":\"https:\/\/apuntesdesanluis.com\/wp-content\/uploads\/2023\/07\/tribunales-de-villa-mercedes.png\",\"datePublished\":\"2024-09-07T00:40:09+00:00\",\"breadcrumb\":{\"@id\":\"https:\/\/apuntesdesanluis.com\/index.php\/2024\/09\/06\/prorrogaron-la-prision-preventiva-del-camionero-imputado-por-administracion-fraudulenta\/#breadcrumb\"},\"inLanguage\":\"es-AR\",\"potentialAction\":[{\"@type\":\"ReadAction\",\"target\":[\"https:\/\/apuntesdesanluis.com\/index.php\/2024\/09\/06\/prorrogaron-la-prision-preventiva-del-camionero-imputado-por-administracion-fraudulenta\/\"]}]},{\"@type\":\"ImageObject\",\"inLanguage\":\"es-AR\",\"@id\":\"https:\/\/apuntesdesanluis.com\/index.php\/2024\/09\/06\/prorrogaron-la-prision-preventiva-del-camionero-imputado-por-administracion-fraudulenta\/#primaryimage\",\"url\":\"https:\/\/apuntesdesanluis.com\/wp-content\/uploads\/2023\/07\/tribunales-de-villa-mercedes.png\",\"contentUrl\":\"https:\/\/apuntesdesanluis.com\/wp-content\/uploads\/2023\/07\/tribunales-de-villa-mercedes.png\",\"width\":739,\"height\":443},{\"@type\":\"BreadcrumbList\",\"@id\":\"https:\/\/apuntesdesanluis.com\/index.php\/2024\/09\/06\/prorrogaron-la-prision-preventiva-del-camionero-imputado-por-administracion-fraudulenta\/#breadcrumb\",\"itemListElement\":[{\"@type\":\"ListItem\",\"position\":1,\"name\":\"Inicio\",\"item\":\"https:\/\/apuntesdesanluis.com\/\"},{\"@type\":\"ListItem\",\"position\":2,\"name\":\"PRORROGARON LA PRISI\u00d3N PREVENTIVA DEL CAMIONERO IMPUTADO POR ADMINISTRACI\u00d3N FRAUDULENTA\"}]},{\"@type\":\"WebSite\",\"@id\":\"https:\/\/apuntesdesanluis.com\/#website\",\"url\":\"https:\/\/apuntesdesanluis.com\/\",\"name\":\"Apuntes de San Luis\",\"description\":\"\",\"publisher\":{\"@id\":\"https:\/\/apuntesdesanluis.com\/#\/schema\/person\/b55151d52296fcce64d1a72538a70b90\"},\"potentialAction\":[{\"@type\":\"SearchAction\",\"target\":{\"@type\":\"EntryPoint\",\"urlTemplate\":\"https:\/\/apuntesdesanluis.com\/?s={search_term_string}\"},\"query-input\":{\"@type\":\"PropertyValueSpecification\",\"valueRequired\":true,\"valueName\":\"search_term_string\"}}],\"inLanguage\":\"es-AR\"},{\"@type\":[\"Person\",\"Organization\"],\"@id\":\"https:\/\/apuntesdesanluis.com\/#\/schema\/person\/b55151d52296fcce64d1a72538a70b90\",\"name\":\"apuntesdesanluis.com\",\"image\":{\"@type\":\"ImageObject\",\"inLanguage\":\"es-AR\",\"@id\":\"https:\/\/apuntesdesanluis.com\/#\/schema\/person\/image\/\",\"url\":\"https:\/\/apuntesdesanluis.com\/wp-content\/uploads\/2023\/07\/cropped-apuntesdesanluis.png\",\"contentUrl\":\"https:\/\/apuntesdesanluis.com\/wp-content\/uploads\/2023\/07\/cropped-apuntesdesanluis.png\",\"width\":450,\"height\":112,\"caption\":\"apuntesdesanluis.com\"},\"logo\":{\"@id\":\"https:\/\/apuntesdesanluis.com\/#\/schema\/person\/image\/\"},\"sameAs\":[\"https:\/\/apuntesdesanluis.com\"],\"url\":\"https:\/\/apuntesdesanluis.com\/index.php\/author\/apuntesdesanluis-com\/\"}]}<\/script>\n<!-- \/ Yoast SEO plugin. -->","yoast_head_json":{"title":"PRORROGARON LA PRISI\u00d3N PREVENTIVA DEL CAMIONERO IMPUTADO POR ADMINISTRACI\u00d3N FRAUDULENTA - Apuntes de San Luis","robots":{"index":"index","follow":"follow","max-snippet":"max-snippet:-1","max-image-preview":"max-image-preview:large","max-video-preview":"max-video-preview:-1"},"canonical":"https:\/\/apuntesdesanluis.com\/index.php\/2024\/09\/06\/prorrogaron-la-prision-preventiva-del-camionero-imputado-por-administracion-fraudulenta\/","og_locale":"es_ES","og_type":"article","og_title":"PRORROGARON LA PRISI\u00d3N PREVENTIVA DEL CAMIONERO IMPUTADO POR ADMINISTRACI\u00d3N FRAUDULENTA - Apuntes de San Luis","og_description":"As\u00ed lo dispuso el Dr. Santiago Ortiz, Juez de Garant\u00edas N\u00ba 4 de la Segunda...","og_url":"https:\/\/apuntesdesanluis.com\/index.php\/2024\/09\/06\/prorrogaron-la-prision-preventiva-del-camionero-imputado-por-administracion-fraudulenta\/","og_site_name":"Apuntes de San Luis","article_published_time":"2024-09-07T00:40:09+00:00","og_image":[{"width":739,"height":443,"url":"https:\/\/apuntesdesanluis.com\/wp-content\/uploads\/2023\/07\/tribunales-de-villa-mercedes.png","type":"image\/png"}],"author":"apuntesdesanluis.com","twitter_card":"summary_large_image","twitter_misc":{"Escrito por":"apuntesdesanluis.com","Tiempo de lectura":"2 minutos"},"schema":{"@context":"https:\/\/schema.org","@graph":[{"@type":"Article","@id":"https:\/\/apuntesdesanluis.com\/index.php\/2024\/09\/06\/prorrogaron-la-prision-preventiva-del-camionero-imputado-por-administracion-fraudulenta\/#article","isPartOf":{"@id":"https:\/\/apuntesdesanluis.com\/index.php\/2024\/09\/06\/prorrogaron-la-prision-preventiva-del-camionero-imputado-por-administracion-fraudulenta\/"},"author":{"name":"apuntesdesanluis.com","@id":"https:\/\/apuntesdesanluis.com\/#\/schema\/person\/b55151d52296fcce64d1a72538a70b90"},"headline":"PRORROGARON LA PRISI\u00d3N PREVENTIVA DEL CAMIONERO IMPUTADO POR ADMINISTRACI\u00d3N FRAUDULENTA","datePublished":"2024-09-07T00:40:09+00:00","mainEntityOfPage":{"@id":"https:\/\/apuntesdesanluis.com\/index.php\/2024\/09\/06\/prorrogaron-la-prision-preventiva-del-camionero-imputado-por-administracion-fraudulenta\/"},"wordCount":253,"publisher":{"@id":"https:\/\/apuntesdesanluis.com\/#\/schema\/person\/b55151d52296fcce64d1a72538a70b90"},"image":{"@id":"https:\/\/apuntesdesanluis.com\/index.php\/2024\/09\/06\/prorrogaron-la-prision-preventiva-del-camionero-imputado-por-administracion-fraudulenta\/#primaryimage"},"thumbnailUrl":"https:\/\/apuntesdesanluis.com\/wp-content\/uploads\/2023\/07\/tribunales-de-villa-mercedes.png","articleSection":["Ciudad\/Provincia"],"inLanguage":"es-AR"},{"@type":"WebPage","@id":"https:\/\/apuntesdesanluis.com\/index.php\/2024\/09\/06\/prorrogaron-la-prision-preventiva-del-camionero-imputado-por-administracion-fraudulenta\/","url":"https:\/\/apuntesdesanluis.com\/index.php\/2024\/09\/06\/prorrogaron-la-prision-preventiva-del-camionero-imputado-por-administracion-fraudulenta\/","name":"PRORROGARON LA PRISI\u00d3N PREVENTIVA DEL CAMIONERO IMPUTADO POR ADMINISTRACI\u00d3N FRAUDULENTA - Apuntes de San Luis","isPartOf":{"@id":"https:\/\/apuntesdesanluis.com\/#website"},"primaryImageOfPage":{"@id":"https:\/\/apuntesdesanluis.com\/index.php\/2024\/09\/06\/prorrogaron-la-prision-preventiva-del-camionero-imputado-por-administracion-fraudulenta\/#primaryimage"},"image":{"@id":"https:\/\/apuntesdesanluis.com\/index.php\/2024\/09\/06\/prorrogaron-la-prision-preventiva-del-camionero-imputado-por-administracion-fraudulenta\/#primaryimage"},"thumbnailUrl":"https:\/\/apuntesdesanluis.com\/wp-content\/uploads\/2023\/07\/tribunales-de-villa-mercedes.png","datePublished":"2024-09-07T00:40:09+00:00","breadcrumb":{"@id":"https:\/\/apuntesdesanluis.com\/index.php\/2024\/09\/06\/prorrogaron-la-prision-preventiva-del-camionero-imputado-por-administracion-fraudulenta\/#breadcrumb"},"inLanguage":"es-AR","potentialAction":[{"@type":"ReadAction","target":["https:\/\/apuntesdesanluis.com\/index.php\/2024\/09\/06\/prorrogaron-la-prision-preventiva-del-camionero-imputado-por-administracion-fraudulenta\/"]}]},{"@type":"ImageObject","inLanguage":"es-AR","@id":"https:\/\/apuntesdesanluis.com\/index.php\/2024\/09\/06\/prorrogaron-la-prision-preventiva-del-camionero-imputado-por-administracion-fraudulenta\/#primaryimage","url":"https:\/\/apuntesdesanluis.com\/wp-content\/uploads\/2023\/07\/tribunales-de-villa-mercedes.png","contentUrl":"https:\/\/apuntesdesanluis.com\/wp-content\/uploads\/2023\/07\/tribunales-de-villa-mercedes.png","width":739,"height":443},{"@type":"BreadcrumbList","@id":"https:\/\/apuntesdesanluis.com\/index.php\/2024\/09\/06\/prorrogaron-la-prision-preventiva-del-camionero-imputado-por-administracion-fraudulenta\/#breadcrumb","itemListElement":[{"@type":"ListItem","position":1,"name":"Inicio","item":"https:\/\/apuntesdesanluis.com\/"},{"@type":"ListItem","position":2,"name":"PRORROGARON LA PRISI\u00d3N PREVENTIVA DEL CAMIONERO IMPUTADO POR ADMINISTRACI\u00d3N FRAUDULENTA"}]},{"@type":"WebSite","@id":"https:\/\/apuntesdesanluis.com\/#website","url":"https:\/\/apuntesdesanluis.com\/","name":"Apuntes de San Luis","description":"","publisher":{"@id":"https:\/\/apuntesdesanluis.com\/#\/schema\/person\/b55151d52296fcce64d1a72538a70b90"},"potentialAction":[{"@type":"SearchAction","target":{"@type":"EntryPoint","urlTemplate":"https:\/\/apuntesdesanluis.com\/?s={search_term_string}"},"query-input":{"@type":"PropertyValueSpecification","valueRequired":true,"valueName":"search_term_string"}}],"inLanguage":"es-AR"},{"@type":["Person","Organization"],"@id":"https:\/\/apuntesdesanluis.com\/#\/schema\/person\/b55151d52296fcce64d1a72538a70b90","name":"apuntesdesanluis.com","image":{"@type":"ImageObject","inLanguage":"es-AR","@id":"https:\/\/apuntesdesanluis.com\/#\/schema\/person\/image\/","url":"https:\/\/apuntesdesanluis.com\/wp-content\/uploads\/2023\/07\/cropped-apuntesdesanluis.png","contentUrl":"https:\/\/apuntesdesanluis.com\/wp-content\/uploads\/2023\/07\/cropped-apuntesdesanluis.png","width":450,"height":112,"caption":"apuntesdesanluis.com"},"logo":{"@id":"https:\/\/apuntesdesanluis.com\/#\/schema\/person\/image\/"},"sameAs":["https:\/\/apuntesdesanluis.com"],"url":"https:\/\/apuntesdesanluis.com\/index.php\/author\/apuntesdesanluis-com\/"}]}},"featured_image_urls":{"full":["https:\/\/apuntesdesanluis.com\/wp-content\/uploads\/2023\/07\/tribunales-de-villa-mercedes.png",739,443,false],"thumbnail":["https:\/\/apuntesdesanluis.com\/wp-content\/uploads\/2023\/07\/tribunales-de-villa-mercedes-150x150.png",150,150,true],"medium":["https:\/\/apuntesdesanluis.com\/wp-content\/uploads\/2023\/07\/tribunales-de-villa-mercedes-300x180.png",300,180,true],"medium_large":["https:\/\/apuntesdesanluis.com\/wp-content\/uploads\/2023\/07\/tribunales-de-villa-mercedes.png",640,384,false],"large":["https:\/\/apuntesdesanluis.com\/wp-content\/uploads\/2023\/07\/tribunales-de-villa-mercedes.png",640,384,false],"1536x1536":["https:\/\/apuntesdesanluis.com\/wp-content\/uploads\/2023\/07\/tribunales-de-villa-mercedes.png",739,443,false],"2048x2048":["https:\/\/apuntesdesanluis.com\/wp-content\/uploads\/2023\/07\/tribunales-de-villa-mercedes.png",739,443,false],"newsever-slider-full":["https:\/\/apuntesdesanluis.com\/wp-content\/uploads\/2023\/07\/tribunales-de-villa-mercedes.png",739,443,false],"newsever-featured":["https:\/\/apuntesdesanluis.com\/wp-content\/uploads\/2023\/07\/tribunales-de-villa-mercedes.png",739,443,false],"newsever-medium":["https:\/\/apuntesdesanluis.com\/wp-content\/uploads\/2023\/07\/tribunales-de-villa-mercedes-720x443.png",720,443,true]},"author_info":{"display_name":"apuntesdesanluis.com","author_link":"https:\/\/apuntesdesanluis.com\/index.php\/author\/apuntesdesanluis-com\/"},"category_info":"<a href=\"https:\/\/apuntesdesanluis.com\/index.php\/category\/ciudad-provincia\/\" rel=\"category tag\">Ciudad\/Provincia<\/a>","tag_info":"Ciudad\/Provincia","comment_count":"0","_links":{"self":[{"href":"https:\/\/apuntesdesanluis.com\/index.php\/wp-json\/wp\/v2\/posts\/21878","targetHints":{"allow":["GET"]}}],"collection":[{"href":"https:\/\/apuntesdesanluis.com\/index.php\/wp-json\/wp\/v2\/posts"}],"about":[{"href":"https:\/\/apuntesdesanluis.com\/index.php\/wp-json\/wp\/v2\/types\/post"}],"author":[{"embeddable":true,"href":"https:\/\/apuntesdesanluis.com\/index.php\/wp-json\/wp\/v2\/users\/1"}],"replies":[{"embeddable":true,"href":"https:\/\/apuntesdesanluis.com\/index.php\/wp-json\/wp\/v2\/comments?post=21878"}],"version-history":[{"count":1,"href":"https:\/\/apuntesdesanluis.com\/index.php\/wp-json\/wp\/v2\/posts\/21878\/revisions"}],"predecessor-version":[{"id":21879,"href":"https:\/\/apuntesdesanluis.com\/index.php\/wp-json\/wp\/v2\/posts\/21878\/revisions\/21879"}],"wp:featuredmedia":[{"embeddable":true,"href":"https:\/\/apuntesdesanluis.com\/index.php\/wp-json\/wp\/v2\/media\/764"}],"wp:attachment":[{"href":"https:\/\/apuntesdesanluis.com\/index.php\/wp-json\/wp\/v2\/media?parent=21878"}],"wp:term":[{"taxonomy":"category","embeddable":true,"href":"https:\/\/apuntesdesanluis.com\/index.php\/wp-json\/wp\/v2\/categories?post=21878"},{"taxonomy":"post_tag","embeddable":true,"href":"https:\/\/apuntesdesanluis.com\/index.php\/wp-json\/wp\/v2\/tags?post=21878"}],"curies":[{"name":"wp","href":"https:\/\/api.w.org\/{rel}","templated":true}]}}