{"id":21885,"date":"2024-09-06T23:05:03","date_gmt":"2024-09-07T02:05:03","guid":{"rendered":"https:\/\/apuntesdesanluis.com\/?p=21885"},"modified":"2024-09-06T23:05:16","modified_gmt":"2024-09-07T02:05:16","slug":"organizan-encuentro-de-buceo-adaptado-en-la-villa-de-merlo","status":"publish","type":"post","link":"https:\/\/apuntesdesanluis.com\/index.php\/2024\/09\/06\/organizan-encuentro-de-buceo-adaptado-en-la-villa-de-merlo\/","title":{"rendered":"ORGANIZAN ENCUENTRO DE BUCEO ADAPTADO EN LA VILLA DE MERLO"},"content":{"rendered":"<h3>La jornada que busca promover el bienestar de las personas con discapacidad se llevar\u00e1 a cabo el s\u00e1bado 21 de septiembre en las instalaciones del Centro Educativo N\u00b027 de &#8220;Gobernador Santiago Besso&#8221;. Las inscripciones ya est\u00e1n abiertas.<\/h3>\n<h3>Con el firme compromiso del Municipio de continuar ofreciendo experiencias transformadoras para las personas con discapacidad, se llevar\u00e1 a cabo el <strong>2\u00b0 Encuentro de Buceo Adaptado<\/strong>. Este evento ha sido organizado por la escuela \u201cMercedes Buceo\u201d junto a la Direcci\u00f3n de Pol\u00edticas de Discapacidad en colaboraci\u00f3n con la Secretaria de Estado de Persona con Discapacidad y el Club de Salvamento Acu\u00e1tico de Villa Mercedes.<\/h3>\n<h3>Esta actividad no solo ofrece beneficios f\u00edsicos, mentales y nuevas oportunidades de exploraci\u00f3n y aventura para las personas con discapacidad sino que tambi\u00e9n la posibilidad de que los participantes puedan incursionar en el mundo subacu\u00e1tico y la b\u00fasqueda de la inclusi\u00f3n de este colectivo, ya que ofrece la vivencia de nuevas experiencias e incursi\u00f3n en esta nueva disciplina.<\/h3>\n<h3>La jornada se llevar\u00e1 a cabo el d\u00eda <strong>21 de septiembre <\/strong>en la <strong>Pileta Modelo de la Villa de Merlo, ubicada en el Centro Educativo N\u00b027 de &#8220;Gobernador Santiago Besso&#8221;<\/strong>.<\/h3>\n<h3>Las inscripciones quedan abiertas a toda la comunidad y pueblos aleda\u00f1os contando con CUPOS LIMITADOS. Los requisitos para su participaci\u00f3n son: ser mayores de 12 a\u00f1os, presentar Certificado \u00danico de Discapacidad (CUD) y apto f\u00edsico.<\/h3>\n<h3>Inscripciones e informaci\u00f3n al <strong>2664175061 <\/strong>de horario de 7 a 14 h o en la oficina de Direcci\u00f3n de Discapacidad, ubicada en Juana Azurduy 738.<\/h3>\n<p><img fetchpriority=\"high\" decoding=\"async\" class=\"wp-image-21887 aligncenter\" src=\"https:\/\/apuntesdesanluis.com\/wp-content\/uploads\/2024\/09\/FLYER-BUCEO-ADAPTADO-300x296.jpg\" alt=\"\" width=\"613\" height=\"605\" srcset=\"https:\/\/apuntesdesanluis.com\/wp-content\/uploads\/2024\/09\/FLYER-BUCEO-ADAPTADO-300x296.jpg 300w, https:\/\/apuntesdesanluis.com\/wp-content\/uploads\/2024\/09\/FLYER-BUCEO-ADAPTADO.jpg 700w\" sizes=\"(max-width: 613px) 100vw, 613px\" \/><\/p>\n<p>&nbsp;<\/p>\n<p>&nbsp;<\/p>\n<p>&nbsp;<\/p>\n<p>&nbsp;<\/p>\n<p>&nbsp;<\/p>\n<p>&nbsp;<\/p>\n","protected":false},"excerpt":{"rendered":"<p>La jornada que busca promover el bienestar de las personas con discapacidad se llevar\u00e1 a&#8230;<\/p>\n","protected":false},"author":1,"featured_media":21886,"comment_status":"closed","ping_status":"closed","sticky":false,"template":"","format":"standard","meta":{"footnotes":""},"categories":[6],"tags":[],"class_list":["post-21885","post","type-post","status-publish","format-standard","has-post-thumbnail","hentry","category-ciudad-provincia"],"yoast_head":"<!-- This site is optimized with the Yoast SEO plugin v26.1.1 - https:\/\/yoast.com\/wordpress\/plugins\/seo\/ -->\n<title>ORGANIZAN ENCUENTRO DE BUCEO ADAPTADO EN LA VILLA DE MERLO - Apuntes de San Luis<\/title>\n<meta name=\"robots\" content=\"index, follow, max-snippet:-1, max-image-preview:large, max-video-preview:-1\" \/>\n<link rel=\"canonical\" href=\"https:\/\/apuntesdesanluis.com\/index.php\/2024\/09\/06\/organizan-encuentro-de-buceo-adaptado-en-la-villa-de-merlo\/\" \/>\n<meta property=\"og:locale\" content=\"es_ES\" \/>\n<meta property=\"og:type\" content=\"article\" \/>\n<meta property=\"og:title\" content=\"ORGANIZAN ENCUENTRO DE BUCEO ADAPTADO EN LA VILLA DE MERLO - Apuntes de San Luis\" \/>\n<meta property=\"og:description\" content=\"La jornada que busca promover el bienestar de las personas con discapacidad se llevar\u00e1 a...\" \/>\n<meta property=\"og:url\" content=\"https:\/\/apuntesdesanluis.com\/index.php\/2024\/09\/06\/organizan-encuentro-de-buceo-adaptado-en-la-villa-de-merlo\/\" \/>\n<meta property=\"og:site_name\" content=\"Apuntes de San Luis\" \/>\n<meta property=\"article:published_time\" content=\"2024-09-07T02:05:03+00:00\" \/>\n<meta property=\"article:modified_time\" content=\"2024-09-07T02:05:16+00:00\" \/>\n<meta property=\"og:image\" content=\"https:\/\/apuntesdesanluis.com\/wp-content\/uploads\/2024\/09\/BUCEO-ADAPTADO.jpg\" \/>\n\t<meta property=\"og:image:width\" content=\"700\" \/>\n\t<meta property=\"og:image:height\" content=\"462\" \/>\n\t<meta property=\"og:image:type\" content=\"image\/jpeg\" \/>\n<meta name=\"author\" content=\"apuntesdesanluis.com\" \/>\n<meta name=\"twitter:card\" content=\"summary_large_image\" \/>\n<meta name=\"twitter:label1\" content=\"Escrito por\" \/>\n\t<meta name=\"twitter:data1\" content=\"apuntesdesanluis.com\" \/>\n\t<meta name=\"twitter:label2\" content=\"Tiempo de lectura\" \/>\n\t<meta name=\"twitter:data2\" content=\"2 minutos\" \/>\n<script type=\"application\/ld+json\" class=\"yoast-schema-graph\">{\"@context\":\"https:\/\/schema.org\",\"@graph\":[{\"@type\":\"Article\",\"@id\":\"https:\/\/apuntesdesanluis.com\/index.php\/2024\/09\/06\/organizan-encuentro-de-buceo-adaptado-en-la-villa-de-merlo\/#article\",\"isPartOf\":{\"@id\":\"https:\/\/apuntesdesanluis.com\/index.php\/2024\/09\/06\/organizan-encuentro-de-buceo-adaptado-en-la-villa-de-merlo\/\"},\"author\":{\"name\":\"apuntesdesanluis.com\",\"@id\":\"https:\/\/apuntesdesanluis.com\/#\/schema\/person\/b55151d52296fcce64d1a72538a70b90\"},\"headline\":\"ORGANIZAN ENCUENTRO DE BUCEO ADAPTADO EN LA VILLA DE MERLO\",\"datePublished\":\"2024-09-07T02:05:03+00:00\",\"dateModified\":\"2024-09-07T02:05:16+00:00\",\"mainEntityOfPage\":{\"@id\":\"https:\/\/apuntesdesanluis.com\/index.php\/2024\/09\/06\/organizan-encuentro-de-buceo-adaptado-en-la-villa-de-merlo\/\"},\"wordCount\":277,\"publisher\":{\"@id\":\"https:\/\/apuntesdesanluis.com\/#\/schema\/person\/b55151d52296fcce64d1a72538a70b90\"},\"image\":{\"@id\":\"https:\/\/apuntesdesanluis.com\/index.php\/2024\/09\/06\/organizan-encuentro-de-buceo-adaptado-en-la-villa-de-merlo\/#primaryimage\"},\"thumbnailUrl\":\"https:\/\/apuntesdesanluis.com\/wp-content\/uploads\/2024\/09\/BUCEO-ADAPTADO.jpg\",\"articleSection\":[\"Ciudad\/Provincia\"],\"inLanguage\":\"es-AR\"},{\"@type\":\"WebPage\",\"@id\":\"https:\/\/apuntesdesanluis.com\/index.php\/2024\/09\/06\/organizan-encuentro-de-buceo-adaptado-en-la-villa-de-merlo\/\",\"url\":\"https:\/\/apuntesdesanluis.com\/index.php\/2024\/09\/06\/organizan-encuentro-de-buceo-adaptado-en-la-villa-de-merlo\/\",\"name\":\"ORGANIZAN ENCUENTRO DE BUCEO ADAPTADO EN LA VILLA DE MERLO - Apuntes de San Luis\",\"isPartOf\":{\"@id\":\"https:\/\/apuntesdesanluis.com\/#website\"},\"primaryImageOfPage\":{\"@id\":\"https:\/\/apuntesdesanluis.com\/index.php\/2024\/09\/06\/organizan-encuentro-de-buceo-adaptado-en-la-villa-de-merlo\/#primaryimage\"},\"image\":{\"@id\":\"https:\/\/apuntesdesanluis.com\/index.php\/2024\/09\/06\/organizan-encuentro-de-buceo-adaptado-en-la-villa-de-merlo\/#primaryimage\"},\"thumbnailUrl\":\"https:\/\/apuntesdesanluis.com\/wp-content\/uploads\/2024\/09\/BUCEO-ADAPTADO.jpg\",\"datePublished\":\"2024-09-07T02:05:03+00:00\",\"dateModified\":\"2024-09-07T02:05:16+00:00\",\"breadcrumb\":{\"@id\":\"https:\/\/apuntesdesanluis.com\/index.php\/2024\/09\/06\/organizan-encuentro-de-buceo-adaptado-en-la-villa-de-merlo\/#breadcrumb\"},\"inLanguage\":\"es-AR\",\"potentialAction\":[{\"@type\":\"ReadAction\",\"target\":[\"https:\/\/apuntesdesanluis.com\/index.php\/2024\/09\/06\/organizan-encuentro-de-buceo-adaptado-en-la-villa-de-merlo\/\"]}]},{\"@type\":\"ImageObject\",\"inLanguage\":\"es-AR\",\"@id\":\"https:\/\/apuntesdesanluis.com\/index.php\/2024\/09\/06\/organizan-encuentro-de-buceo-adaptado-en-la-villa-de-merlo\/#primaryimage\",\"url\":\"https:\/\/apuntesdesanluis.com\/wp-content\/uploads\/2024\/09\/BUCEO-ADAPTADO.jpg\",\"contentUrl\":\"https:\/\/apuntesdesanluis.com\/wp-content\/uploads\/2024\/09\/BUCEO-ADAPTADO.jpg\",\"width\":700,\"height\":462},{\"@type\":\"BreadcrumbList\",\"@id\":\"https:\/\/apuntesdesanluis.com\/index.php\/2024\/09\/06\/organizan-encuentro-de-buceo-adaptado-en-la-villa-de-merlo\/#breadcrumb\",\"itemListElement\":[{\"@type\":\"ListItem\",\"position\":1,\"name\":\"Inicio\",\"item\":\"https:\/\/apuntesdesanluis.com\/\"},{\"@type\":\"ListItem\",\"position\":2,\"name\":\"ORGANIZAN ENCUENTRO DE BUCEO ADAPTADO EN LA VILLA DE MERLO\"}]},{\"@type\":\"WebSite\",\"@id\":\"https:\/\/apuntesdesanluis.com\/#website\",\"url\":\"https:\/\/apuntesdesanluis.com\/\",\"name\":\"Apuntes de San Luis\",\"description\":\"\",\"publisher\":{\"@id\":\"https:\/\/apuntesdesanluis.com\/#\/schema\/person\/b55151d52296fcce64d1a72538a70b90\"},\"potentialAction\":[{\"@type\":\"SearchAction\",\"target\":{\"@type\":\"EntryPoint\",\"urlTemplate\":\"https:\/\/apuntesdesanluis.com\/?s={search_term_string}\"},\"query-input\":{\"@type\":\"PropertyValueSpecification\",\"valueRequired\":true,\"valueName\":\"search_term_string\"}}],\"inLanguage\":\"es-AR\"},{\"@type\":[\"Person\",\"Organization\"],\"@id\":\"https:\/\/apuntesdesanluis.com\/#\/schema\/person\/b55151d52296fcce64d1a72538a70b90\",\"name\":\"apuntesdesanluis.com\",\"image\":{\"@type\":\"ImageObject\",\"inLanguage\":\"es-AR\",\"@id\":\"https:\/\/apuntesdesanluis.com\/#\/schema\/person\/image\/\",\"url\":\"https:\/\/apuntesdesanluis.com\/wp-content\/uploads\/2023\/07\/cropped-apuntesdesanluis.png\",\"contentUrl\":\"https:\/\/apuntesdesanluis.com\/wp-content\/uploads\/2023\/07\/cropped-apuntesdesanluis.png\",\"width\":450,\"height\":112,\"caption\":\"apuntesdesanluis.com\"},\"logo\":{\"@id\":\"https:\/\/apuntesdesanluis.com\/#\/schema\/person\/image\/\"},\"sameAs\":[\"https:\/\/apuntesdesanluis.com\"],\"url\":\"https:\/\/apuntesdesanluis.com\/index.php\/author\/apuntesdesanluis-com\/\"}]}<\/script>\n<!-- \/ Yoast SEO plugin. -->","yoast_head_json":{"title":"ORGANIZAN ENCUENTRO DE BUCEO ADAPTADO EN LA VILLA DE MERLO - Apuntes de San Luis","robots":{"index":"index","follow":"follow","max-snippet":"max-snippet:-1","max-image-preview":"max-image-preview:large","max-video-preview":"max-video-preview:-1"},"canonical":"https:\/\/apuntesdesanluis.com\/index.php\/2024\/09\/06\/organizan-encuentro-de-buceo-adaptado-en-la-villa-de-merlo\/","og_locale":"es_ES","og_type":"article","og_title":"ORGANIZAN ENCUENTRO DE BUCEO ADAPTADO EN LA VILLA DE MERLO - Apuntes de San Luis","og_description":"La jornada que busca promover el bienestar de las personas con discapacidad se llevar\u00e1 a...","og_url":"https:\/\/apuntesdesanluis.com\/index.php\/2024\/09\/06\/organizan-encuentro-de-buceo-adaptado-en-la-villa-de-merlo\/","og_site_name":"Apuntes de San Luis","article_published_time":"2024-09-07T02:05:03+00:00","article_modified_time":"2024-09-07T02:05:16+00:00","og_image":[{"width":700,"height":462,"url":"https:\/\/apuntesdesanluis.com\/wp-content\/uploads\/2024\/09\/BUCEO-ADAPTADO.jpg","type":"image\/jpeg"}],"author":"apuntesdesanluis.com","twitter_card":"summary_large_image","twitter_misc":{"Escrito por":"apuntesdesanluis.com","Tiempo de lectura":"2 minutos"},"schema":{"@context":"https:\/\/schema.org","@graph":[{"@type":"Article","@id":"https:\/\/apuntesdesanluis.com\/index.php\/2024\/09\/06\/organizan-encuentro-de-buceo-adaptado-en-la-villa-de-merlo\/#article","isPartOf":{"@id":"https:\/\/apuntesdesanluis.com\/index.php\/2024\/09\/06\/organizan-encuentro-de-buceo-adaptado-en-la-villa-de-merlo\/"},"author":{"name":"apuntesdesanluis.com","@id":"https:\/\/apuntesdesanluis.com\/#\/schema\/person\/b55151d52296fcce64d1a72538a70b90"},"headline":"ORGANIZAN ENCUENTRO DE BUCEO ADAPTADO EN LA VILLA DE MERLO","datePublished":"2024-09-07T02:05:03+00:00","dateModified":"2024-09-07T02:05:16+00:00","mainEntityOfPage":{"@id":"https:\/\/apuntesdesanluis.com\/index.php\/2024\/09\/06\/organizan-encuentro-de-buceo-adaptado-en-la-villa-de-merlo\/"},"wordCount":277,"publisher":{"@id":"https:\/\/apuntesdesanluis.com\/#\/schema\/person\/b55151d52296fcce64d1a72538a70b90"},"image":{"@id":"https:\/\/apuntesdesanluis.com\/index.php\/2024\/09\/06\/organizan-encuentro-de-buceo-adaptado-en-la-villa-de-merlo\/#primaryimage"},"thumbnailUrl":"https:\/\/apuntesdesanluis.com\/wp-content\/uploads\/2024\/09\/BUCEO-ADAPTADO.jpg","articleSection":["Ciudad\/Provincia"],"inLanguage":"es-AR"},{"@type":"WebPage","@id":"https:\/\/apuntesdesanluis.com\/index.php\/2024\/09\/06\/organizan-encuentro-de-buceo-adaptado-en-la-villa-de-merlo\/","url":"https:\/\/apuntesdesanluis.com\/index.php\/2024\/09\/06\/organizan-encuentro-de-buceo-adaptado-en-la-villa-de-merlo\/","name":"ORGANIZAN ENCUENTRO DE BUCEO ADAPTADO EN LA VILLA DE MERLO - Apuntes de San Luis","isPartOf":{"@id":"https:\/\/apuntesdesanluis.com\/#website"},"primaryImageOfPage":{"@id":"https:\/\/apuntesdesanluis.com\/index.php\/2024\/09\/06\/organizan-encuentro-de-buceo-adaptado-en-la-villa-de-merlo\/#primaryimage"},"image":{"@id":"https:\/\/apuntesdesanluis.com\/index.php\/2024\/09\/06\/organizan-encuentro-de-buceo-adaptado-en-la-villa-de-merlo\/#primaryimage"},"thumbnailUrl":"https:\/\/apuntesdesanluis.com\/wp-content\/uploads\/2024\/09\/BUCEO-ADAPTADO.jpg","datePublished":"2024-09-07T02:05:03+00:00","dateModified":"2024-09-07T02:05:16+00:00","breadcrumb":{"@id":"https:\/\/apuntesdesanluis.com\/index.php\/2024\/09\/06\/organizan-encuentro-de-buceo-adaptado-en-la-villa-de-merlo\/#breadcrumb"},"inLanguage":"es-AR","potentialAction":[{"@type":"ReadAction","target":["https:\/\/apuntesdesanluis.com\/index.php\/2024\/09\/06\/organizan-encuentro-de-buceo-adaptado-en-la-villa-de-merlo\/"]}]},{"@type":"ImageObject","inLanguage":"es-AR","@id":"https:\/\/apuntesdesanluis.com\/index.php\/2024\/09\/06\/organizan-encuentro-de-buceo-adaptado-en-la-villa-de-merlo\/#primaryimage","url":"https:\/\/apuntesdesanluis.com\/wp-content\/uploads\/2024\/09\/BUCEO-ADAPTADO.jpg","contentUrl":"https:\/\/apuntesdesanluis.com\/wp-content\/uploads\/2024\/09\/BUCEO-ADAPTADO.jpg","width":700,"height":462},{"@type":"BreadcrumbList","@id":"https:\/\/apuntesdesanluis.com\/index.php\/2024\/09\/06\/organizan-encuentro-de-buceo-adaptado-en-la-villa-de-merlo\/#breadcrumb","itemListElement":[{"@type":"ListItem","position":1,"name":"Inicio","item":"https:\/\/apuntesdesanluis.com\/"},{"@type":"ListItem","position":2,"name":"ORGANIZAN ENCUENTRO DE BUCEO ADAPTADO EN LA VILLA DE MERLO"}]},{"@type":"WebSite","@id":"https:\/\/apuntesdesanluis.com\/#website","url":"https:\/\/apuntesdesanluis.com\/","name":"Apuntes de San Luis","description":"","publisher":{"@id":"https:\/\/apuntesdesanluis.com\/#\/schema\/person\/b55151d52296fcce64d1a72538a70b90"},"potentialAction":[{"@type":"SearchAction","target":{"@type":"EntryPoint","urlTemplate":"https:\/\/apuntesdesanluis.com\/?s={search_term_string}"},"query-input":{"@type":"PropertyValueSpecification","valueRequired":true,"valueName":"search_term_string"}}],"inLanguage":"es-AR"},{"@type":["Person","Organization"],"@id":"https:\/\/apuntesdesanluis.com\/#\/schema\/person\/b55151d52296fcce64d1a72538a70b90","name":"apuntesdesanluis.com","image":{"@type":"ImageObject","inLanguage":"es-AR","@id":"https:\/\/apuntesdesanluis.com\/#\/schema\/person\/image\/","url":"https:\/\/apuntesdesanluis.com\/wp-content\/uploads\/2023\/07\/cropped-apuntesdesanluis.png","contentUrl":"https:\/\/apuntesdesanluis.com\/wp-content\/uploads\/2023\/07\/cropped-apuntesdesanluis.png","width":450,"height":112,"caption":"apuntesdesanluis.com"},"logo":{"@id":"https:\/\/apuntesdesanluis.com\/#\/schema\/person\/image\/"},"sameAs":["https:\/\/apuntesdesanluis.com"],"url":"https:\/\/apuntesdesanluis.com\/index.php\/author\/apuntesdesanluis-com\/"}]}},"featured_image_urls":{"full":["https:\/\/apuntesdesanluis.com\/wp-content\/uploads\/2024\/09\/BUCEO-ADAPTADO.jpg",700,462,false],"thumbnail":["https:\/\/apuntesdesanluis.com\/wp-content\/uploads\/2024\/09\/BUCEO-ADAPTADO-150x150.jpg",150,150,true],"medium":["https:\/\/apuntesdesanluis.com\/wp-content\/uploads\/2024\/09\/BUCEO-ADAPTADO-300x198.jpg",300,198,true],"medium_large":["https:\/\/apuntesdesanluis.com\/wp-content\/uploads\/2024\/09\/BUCEO-ADAPTADO.jpg",640,422,false],"large":["https:\/\/apuntesdesanluis.com\/wp-content\/uploads\/2024\/09\/BUCEO-ADAPTADO.jpg",640,422,false],"1536x1536":["https:\/\/apuntesdesanluis.com\/wp-content\/uploads\/2024\/09\/BUCEO-ADAPTADO.jpg",700,462,false],"2048x2048":["https:\/\/apuntesdesanluis.com\/wp-content\/uploads\/2024\/09\/BUCEO-ADAPTADO.jpg",700,462,false],"newsever-slider-full":["https:\/\/apuntesdesanluis.com\/wp-content\/uploads\/2024\/09\/BUCEO-ADAPTADO.jpg",700,462,false],"newsever-featured":["https:\/\/apuntesdesanluis.com\/wp-content\/uploads\/2024\/09\/BUCEO-ADAPTADO.jpg",700,462,false],"newsever-medium":["https:\/\/apuntesdesanluis.com\/wp-content\/uploads\/2024\/09\/BUCEO-ADAPTADO.jpg",700,462,false]},"author_info":{"display_name":"apuntesdesanluis.com","author_link":"https:\/\/apuntesdesanluis.com\/index.php\/author\/apuntesdesanluis-com\/"},"category_info":"<a href=\"https:\/\/apuntesdesanluis.com\/index.php\/category\/ciudad-provincia\/\" rel=\"category tag\">Ciudad\/Provincia<\/a>","tag_info":"Ciudad\/Provincia","comment_count":"0","_links":{"self":[{"href":"https:\/\/apuntesdesanluis.com\/index.php\/wp-json\/wp\/v2\/posts\/21885","targetHints":{"allow":["GET"]}}],"collection":[{"href":"https:\/\/apuntesdesanluis.com\/index.php\/wp-json\/wp\/v2\/posts"}],"about":[{"href":"https:\/\/apuntesdesanluis.com\/index.php\/wp-json\/wp\/v2\/types\/post"}],"author":[{"embeddable":true,"href":"https:\/\/apuntesdesanluis.com\/index.php\/wp-json\/wp\/v2\/users\/1"}],"replies":[{"embeddable":true,"href":"https:\/\/apuntesdesanluis.com\/index.php\/wp-json\/wp\/v2\/comments?post=21885"}],"version-history":[{"count":1,"href":"https:\/\/apuntesdesanluis.com\/index.php\/wp-json\/wp\/v2\/posts\/21885\/revisions"}],"predecessor-version":[{"id":21888,"href":"https:\/\/apuntesdesanluis.com\/index.php\/wp-json\/wp\/v2\/posts\/21885\/revisions\/21888"}],"wp:featuredmedia":[{"embeddable":true,"href":"https:\/\/apuntesdesanluis.com\/index.php\/wp-json\/wp\/v2\/media\/21886"}],"wp:attachment":[{"href":"https:\/\/apuntesdesanluis.com\/index.php\/wp-json\/wp\/v2\/media?parent=21885"}],"wp:term":[{"taxonomy":"category","embeddable":true,"href":"https:\/\/apuntesdesanluis.com\/index.php\/wp-json\/wp\/v2\/categories?post=21885"},{"taxonomy":"post_tag","embeddable":true,"href":"https:\/\/apuntesdesanluis.com\/index.php\/wp-json\/wp\/v2\/tags?post=21885"}],"curies":[{"name":"wp","href":"https:\/\/api.w.org\/{rel}","templated":true}]}}