{"id":21898,"date":"2024-09-06T23:33:41","date_gmt":"2024-09-07T02:33:41","guid":{"rendered":"https:\/\/apuntesdesanluis.com\/?p=21898"},"modified":"2024-09-06T23:33:41","modified_gmt":"2024-09-07T02:33:41","slug":"argentina-pidio-la-detencion-internacional-de-nicolas-maduro","status":"publish","type":"post","link":"https:\/\/apuntesdesanluis.com\/index.php\/2024\/09\/06\/argentina-pidio-la-detencion-internacional-de-nicolas-maduro\/","title":{"rendered":"ARGENTINA PIDI\u00d3 LA DETENCI\u00d3N INTERNACIONAL DE NICOL\u00c1S MADURO"},"content":{"rendered":"<h3>Argentina exhort\u00f3 al fiscal de la Corte Penal Internacional que solicite a la Sala de Cuestiones Preliminares el dictado de \u00f3rdenes de detenci\u00f3n contra el presidente de Venezuela, Nicol\u00e1s Maduro, y otros &#8220;cabecillas&#8221; del r\u00e9gimen de ese pa\u00eds.<\/h3>\n<h3>As\u00ed lo hizo la Canciller\u00eda, que consider\u00f3 que &#8220;la evidencia recogida en el curso de las investigaciones que lleva adelante la Fiscal\u00eda de la Corte Penal Internacional y los hechos ocurridos con posterioridad a los comicios presidenciales del 28 de julio son elementos suficientes para considerar el m\u00e9rito del dictado de las mencionadas \u00f3rdenes de detenci\u00f3n&#8221;.<\/h3>\n<h3>La acci\u00f3n del Gobierno argentino se da luego de pedir semanas atr\u00e1s, y en comuni\u00f3n con pa\u00edses de la regi\u00f3n, Centroam\u00e9rica, \u00c1frica y Europa, el cese de la represi\u00f3n a la ciudadanos venezolanos que se desat\u00f3 luego de que el Consejo Nacional Electoral le adjudicara a Maduro la victoria con poco m\u00e1s del 51,2% frente al 44,2% de su principal rival, Edmundo Gonz\u00e1lez Urrutia, por quien pesa una orden de captura desde el lunes pasado.<\/h3>\n<h3>Contrariamente al resultado, las actas de fiscales de la oposici\u00f3n daban parciales de 70 a 30 a favor de Gonz\u00e1lez Urrutia, por lo que apenas se conoci\u00f3 el resultado del CNE se inici\u00f3 una movilizaci\u00f3n y una campa\u00f1a de denuncia masiva en Venezuela y en ampliossectores de la comunidad internacional.<\/h3>\n<h3>El ministerio de Relaciones Exteriores argentino, que conduce Diana Mondino, tambi\u00e9n repudi\u00f3 la orden de detenci\u00f3n que dict\u00f3 el chavismo contra Gonz\u00e1lez Urrutia, en clara sinton\u00eda con la oposici\u00f3n de ese pa\u00eds que lidera la dirigente Mar\u00eda Corina Machado.<\/h3>\n<h3>&#8220;La Rep\u00fablica Argentina rechaza la solicitud de aprehensi\u00f3n emitida por el Ministerio P\u00fablico Fiscal de la dictadura de Maduro contra el ganador de las elecciones presidenciales del 28 de julio, Edmundo Gonz\u00e1lez Urrutia, y alerta a la comunidad internacional sobre una ola de radicalizaci\u00f3n del r\u00e9gimen que pretende criminalizar a las fuerzas democr\u00e1ticas venezolanas&#8221;, remarca el texto.<\/h3>\n<h3>La orden de aprehensi\u00f3n contra ex presidencialista venezolano es por la presunta comisi\u00f3n de delitos de conspiraci\u00f3n, usurpaci\u00f3n de funciones y sabotaje a da\u00f1os de sistemas.<\/h3>\n<p>&nbsp;<\/p>\n<p>&nbsp;<\/p>\n<p>&nbsp;<\/p>\n<p>&nbsp;<\/p>\n<p>&nbsp;<\/p>\n<p>&nbsp;<\/p>\n","protected":false},"excerpt":{"rendered":"<p>Argentina exhort\u00f3 al fiscal de la Corte Penal Internacional que solicite a la Sala de&#8230;<\/p>\n","protected":false},"author":1,"featured_media":21899,"comment_status":"closed","ping_status":"closed","sticky":false,"template":"","format":"standard","meta":{"footnotes":""},"categories":[5],"tags":[],"class_list":["post-21898","post","type-post","status-publish","format-standard","has-post-thumbnail","hentry","category-nacionales-internacionales"],"yoast_head":"<!-- This site is optimized with the Yoast SEO plugin v26.1.1 - https:\/\/yoast.com\/wordpress\/plugins\/seo\/ -->\n<title>ARGENTINA PIDI\u00d3 LA DETENCI\u00d3N INTERNACIONAL DE NICOL\u00c1S MADURO - Apuntes de San Luis<\/title>\n<meta name=\"robots\" content=\"index, follow, max-snippet:-1, max-image-preview:large, max-video-preview:-1\" \/>\n<link rel=\"canonical\" href=\"https:\/\/apuntesdesanluis.com\/index.php\/2024\/09\/06\/argentina-pidio-la-detencion-internacional-de-nicolas-maduro\/\" \/>\n<meta property=\"og:locale\" content=\"es_ES\" \/>\n<meta property=\"og:type\" content=\"article\" \/>\n<meta property=\"og:title\" content=\"ARGENTINA PIDI\u00d3 LA DETENCI\u00d3N INTERNACIONAL DE NICOL\u00c1S MADURO - Apuntes de San Luis\" \/>\n<meta property=\"og:description\" content=\"Argentina exhort\u00f3 al fiscal de la Corte Penal Internacional que solicite a la Sala de...\" \/>\n<meta property=\"og:url\" content=\"https:\/\/apuntesdesanluis.com\/index.php\/2024\/09\/06\/argentina-pidio-la-detencion-internacional-de-nicolas-maduro\/\" \/>\n<meta property=\"og:site_name\" content=\"Apuntes de San Luis\" \/>\n<meta property=\"article:published_time\" content=\"2024-09-07T02:33:41+00:00\" \/>\n<meta property=\"og:image\" content=\"https:\/\/apuntesdesanluis.com\/wp-content\/uploads\/2024\/09\/MADURO.png\" \/>\n\t<meta property=\"og:image:width\" content=\"725\" \/>\n\t<meta property=\"og:image:height\" content=\"475\" \/>\n\t<meta property=\"og:image:type\" content=\"image\/png\" \/>\n<meta name=\"author\" content=\"apuntesdesanluis.com\" \/>\n<meta name=\"twitter:card\" content=\"summary_large_image\" \/>\n<meta name=\"twitter:label1\" content=\"Escrito por\" \/>\n\t<meta name=\"twitter:data1\" content=\"apuntesdesanluis.com\" \/>\n\t<meta name=\"twitter:label2\" content=\"Tiempo de lectura\" \/>\n\t<meta name=\"twitter:data2\" content=\"2 minutos\" \/>\n<script type=\"application\/ld+json\" class=\"yoast-schema-graph\">{\"@context\":\"https:\/\/schema.org\",\"@graph\":[{\"@type\":\"Article\",\"@id\":\"https:\/\/apuntesdesanluis.com\/index.php\/2024\/09\/06\/argentina-pidio-la-detencion-internacional-de-nicolas-maduro\/#article\",\"isPartOf\":{\"@id\":\"https:\/\/apuntesdesanluis.com\/index.php\/2024\/09\/06\/argentina-pidio-la-detencion-internacional-de-nicolas-maduro\/\"},\"author\":{\"name\":\"apuntesdesanluis.com\",\"@id\":\"https:\/\/apuntesdesanluis.com\/#\/schema\/person\/b55151d52296fcce64d1a72538a70b90\"},\"headline\":\"ARGENTINA PIDI\u00d3 LA DETENCI\u00d3N INTERNACIONAL DE NICOL\u00c1S MADURO\",\"datePublished\":\"2024-09-07T02:33:41+00:00\",\"mainEntityOfPage\":{\"@id\":\"https:\/\/apuntesdesanluis.com\/index.php\/2024\/09\/06\/argentina-pidio-la-detencion-internacional-de-nicolas-maduro\/\"},\"wordCount\":391,\"publisher\":{\"@id\":\"https:\/\/apuntesdesanluis.com\/#\/schema\/person\/b55151d52296fcce64d1a72538a70b90\"},\"image\":{\"@id\":\"https:\/\/apuntesdesanluis.com\/index.php\/2024\/09\/06\/argentina-pidio-la-detencion-internacional-de-nicolas-maduro\/#primaryimage\"},\"thumbnailUrl\":\"https:\/\/apuntesdesanluis.com\/wp-content\/uploads\/2024\/09\/MADURO.png\",\"articleSection\":[\"Nacionales\/Internacionales\"],\"inLanguage\":\"es-AR\"},{\"@type\":\"WebPage\",\"@id\":\"https:\/\/apuntesdesanluis.com\/index.php\/2024\/09\/06\/argentina-pidio-la-detencion-internacional-de-nicolas-maduro\/\",\"url\":\"https:\/\/apuntesdesanluis.com\/index.php\/2024\/09\/06\/argentina-pidio-la-detencion-internacional-de-nicolas-maduro\/\",\"name\":\"ARGENTINA PIDI\u00d3 LA DETENCI\u00d3N INTERNACIONAL DE NICOL\u00c1S MADURO - Apuntes de San Luis\",\"isPartOf\":{\"@id\":\"https:\/\/apuntesdesanluis.com\/#website\"},\"primaryImageOfPage\":{\"@id\":\"https:\/\/apuntesdesanluis.com\/index.php\/2024\/09\/06\/argentina-pidio-la-detencion-internacional-de-nicolas-maduro\/#primaryimage\"},\"image\":{\"@id\":\"https:\/\/apuntesdesanluis.com\/index.php\/2024\/09\/06\/argentina-pidio-la-detencion-internacional-de-nicolas-maduro\/#primaryimage\"},\"thumbnailUrl\":\"https:\/\/apuntesdesanluis.com\/wp-content\/uploads\/2024\/09\/MADURO.png\",\"datePublished\":\"2024-09-07T02:33:41+00:00\",\"breadcrumb\":{\"@id\":\"https:\/\/apuntesdesanluis.com\/index.php\/2024\/09\/06\/argentina-pidio-la-detencion-internacional-de-nicolas-maduro\/#breadcrumb\"},\"inLanguage\":\"es-AR\",\"potentialAction\":[{\"@type\":\"ReadAction\",\"target\":[\"https:\/\/apuntesdesanluis.com\/index.php\/2024\/09\/06\/argentina-pidio-la-detencion-internacional-de-nicolas-maduro\/\"]}]},{\"@type\":\"ImageObject\",\"inLanguage\":\"es-AR\",\"@id\":\"https:\/\/apuntesdesanluis.com\/index.php\/2024\/09\/06\/argentina-pidio-la-detencion-internacional-de-nicolas-maduro\/#primaryimage\",\"url\":\"https:\/\/apuntesdesanluis.com\/wp-content\/uploads\/2024\/09\/MADURO.png\",\"contentUrl\":\"https:\/\/apuntesdesanluis.com\/wp-content\/uploads\/2024\/09\/MADURO.png\",\"width\":725,\"height\":475},{\"@type\":\"BreadcrumbList\",\"@id\":\"https:\/\/apuntesdesanluis.com\/index.php\/2024\/09\/06\/argentina-pidio-la-detencion-internacional-de-nicolas-maduro\/#breadcrumb\",\"itemListElement\":[{\"@type\":\"ListItem\",\"position\":1,\"name\":\"Inicio\",\"item\":\"https:\/\/apuntesdesanluis.com\/\"},{\"@type\":\"ListItem\",\"position\":2,\"name\":\"ARGENTINA PIDI\u00d3 LA DETENCI\u00d3N INTERNACIONAL DE NICOL\u00c1S MADURO\"}]},{\"@type\":\"WebSite\",\"@id\":\"https:\/\/apuntesdesanluis.com\/#website\",\"url\":\"https:\/\/apuntesdesanluis.com\/\",\"name\":\"Apuntes de San Luis\",\"description\":\"\",\"publisher\":{\"@id\":\"https:\/\/apuntesdesanluis.com\/#\/schema\/person\/b55151d52296fcce64d1a72538a70b90\"},\"potentialAction\":[{\"@type\":\"SearchAction\",\"target\":{\"@type\":\"EntryPoint\",\"urlTemplate\":\"https:\/\/apuntesdesanluis.com\/?s={search_term_string}\"},\"query-input\":{\"@type\":\"PropertyValueSpecification\",\"valueRequired\":true,\"valueName\":\"search_term_string\"}}],\"inLanguage\":\"es-AR\"},{\"@type\":[\"Person\",\"Organization\"],\"@id\":\"https:\/\/apuntesdesanluis.com\/#\/schema\/person\/b55151d52296fcce64d1a72538a70b90\",\"name\":\"apuntesdesanluis.com\",\"image\":{\"@type\":\"ImageObject\",\"inLanguage\":\"es-AR\",\"@id\":\"https:\/\/apuntesdesanluis.com\/#\/schema\/person\/image\/\",\"url\":\"https:\/\/apuntesdesanluis.com\/wp-content\/uploads\/2023\/07\/cropped-apuntesdesanluis.png\",\"contentUrl\":\"https:\/\/apuntesdesanluis.com\/wp-content\/uploads\/2023\/07\/cropped-apuntesdesanluis.png\",\"width\":450,\"height\":112,\"caption\":\"apuntesdesanluis.com\"},\"logo\":{\"@id\":\"https:\/\/apuntesdesanluis.com\/#\/schema\/person\/image\/\"},\"sameAs\":[\"https:\/\/apuntesdesanluis.com\"],\"url\":\"https:\/\/apuntesdesanluis.com\/index.php\/author\/apuntesdesanluis-com\/\"}]}<\/script>\n<!-- \/ Yoast SEO plugin. -->","yoast_head_json":{"title":"ARGENTINA PIDI\u00d3 LA DETENCI\u00d3N INTERNACIONAL DE NICOL\u00c1S MADURO - Apuntes de San Luis","robots":{"index":"index","follow":"follow","max-snippet":"max-snippet:-1","max-image-preview":"max-image-preview:large","max-video-preview":"max-video-preview:-1"},"canonical":"https:\/\/apuntesdesanluis.com\/index.php\/2024\/09\/06\/argentina-pidio-la-detencion-internacional-de-nicolas-maduro\/","og_locale":"es_ES","og_type":"article","og_title":"ARGENTINA PIDI\u00d3 LA DETENCI\u00d3N INTERNACIONAL DE NICOL\u00c1S MADURO - Apuntes de San Luis","og_description":"Argentina exhort\u00f3 al fiscal de la Corte Penal Internacional que solicite a la Sala de...","og_url":"https:\/\/apuntesdesanluis.com\/index.php\/2024\/09\/06\/argentina-pidio-la-detencion-internacional-de-nicolas-maduro\/","og_site_name":"Apuntes de San Luis","article_published_time":"2024-09-07T02:33:41+00:00","og_image":[{"width":725,"height":475,"url":"https:\/\/apuntesdesanluis.com\/wp-content\/uploads\/2024\/09\/MADURO.png","type":"image\/png"}],"author":"apuntesdesanluis.com","twitter_card":"summary_large_image","twitter_misc":{"Escrito por":"apuntesdesanluis.com","Tiempo de lectura":"2 minutos"},"schema":{"@context":"https:\/\/schema.org","@graph":[{"@type":"Article","@id":"https:\/\/apuntesdesanluis.com\/index.php\/2024\/09\/06\/argentina-pidio-la-detencion-internacional-de-nicolas-maduro\/#article","isPartOf":{"@id":"https:\/\/apuntesdesanluis.com\/index.php\/2024\/09\/06\/argentina-pidio-la-detencion-internacional-de-nicolas-maduro\/"},"author":{"name":"apuntesdesanluis.com","@id":"https:\/\/apuntesdesanluis.com\/#\/schema\/person\/b55151d52296fcce64d1a72538a70b90"},"headline":"ARGENTINA PIDI\u00d3 LA DETENCI\u00d3N INTERNACIONAL DE NICOL\u00c1S MADURO","datePublished":"2024-09-07T02:33:41+00:00","mainEntityOfPage":{"@id":"https:\/\/apuntesdesanluis.com\/index.php\/2024\/09\/06\/argentina-pidio-la-detencion-internacional-de-nicolas-maduro\/"},"wordCount":391,"publisher":{"@id":"https:\/\/apuntesdesanluis.com\/#\/schema\/person\/b55151d52296fcce64d1a72538a70b90"},"image":{"@id":"https:\/\/apuntesdesanluis.com\/index.php\/2024\/09\/06\/argentina-pidio-la-detencion-internacional-de-nicolas-maduro\/#primaryimage"},"thumbnailUrl":"https:\/\/apuntesdesanluis.com\/wp-content\/uploads\/2024\/09\/MADURO.png","articleSection":["Nacionales\/Internacionales"],"inLanguage":"es-AR"},{"@type":"WebPage","@id":"https:\/\/apuntesdesanluis.com\/index.php\/2024\/09\/06\/argentina-pidio-la-detencion-internacional-de-nicolas-maduro\/","url":"https:\/\/apuntesdesanluis.com\/index.php\/2024\/09\/06\/argentina-pidio-la-detencion-internacional-de-nicolas-maduro\/","name":"ARGENTINA PIDI\u00d3 LA DETENCI\u00d3N INTERNACIONAL DE NICOL\u00c1S MADURO - Apuntes de San Luis","isPartOf":{"@id":"https:\/\/apuntesdesanluis.com\/#website"},"primaryImageOfPage":{"@id":"https:\/\/apuntesdesanluis.com\/index.php\/2024\/09\/06\/argentina-pidio-la-detencion-internacional-de-nicolas-maduro\/#primaryimage"},"image":{"@id":"https:\/\/apuntesdesanluis.com\/index.php\/2024\/09\/06\/argentina-pidio-la-detencion-internacional-de-nicolas-maduro\/#primaryimage"},"thumbnailUrl":"https:\/\/apuntesdesanluis.com\/wp-content\/uploads\/2024\/09\/MADURO.png","datePublished":"2024-09-07T02:33:41+00:00","breadcrumb":{"@id":"https:\/\/apuntesdesanluis.com\/index.php\/2024\/09\/06\/argentina-pidio-la-detencion-internacional-de-nicolas-maduro\/#breadcrumb"},"inLanguage":"es-AR","potentialAction":[{"@type":"ReadAction","target":["https:\/\/apuntesdesanluis.com\/index.php\/2024\/09\/06\/argentina-pidio-la-detencion-internacional-de-nicolas-maduro\/"]}]},{"@type":"ImageObject","inLanguage":"es-AR","@id":"https:\/\/apuntesdesanluis.com\/index.php\/2024\/09\/06\/argentina-pidio-la-detencion-internacional-de-nicolas-maduro\/#primaryimage","url":"https:\/\/apuntesdesanluis.com\/wp-content\/uploads\/2024\/09\/MADURO.png","contentUrl":"https:\/\/apuntesdesanluis.com\/wp-content\/uploads\/2024\/09\/MADURO.png","width":725,"height":475},{"@type":"BreadcrumbList","@id":"https:\/\/apuntesdesanluis.com\/index.php\/2024\/09\/06\/argentina-pidio-la-detencion-internacional-de-nicolas-maduro\/#breadcrumb","itemListElement":[{"@type":"ListItem","position":1,"name":"Inicio","item":"https:\/\/apuntesdesanluis.com\/"},{"@type":"ListItem","position":2,"name":"ARGENTINA PIDI\u00d3 LA DETENCI\u00d3N INTERNACIONAL DE NICOL\u00c1S MADURO"}]},{"@type":"WebSite","@id":"https:\/\/apuntesdesanluis.com\/#website","url":"https:\/\/apuntesdesanluis.com\/","name":"Apuntes de San Luis","description":"","publisher":{"@id":"https:\/\/apuntesdesanluis.com\/#\/schema\/person\/b55151d52296fcce64d1a72538a70b90"},"potentialAction":[{"@type":"SearchAction","target":{"@type":"EntryPoint","urlTemplate":"https:\/\/apuntesdesanluis.com\/?s={search_term_string}"},"query-input":{"@type":"PropertyValueSpecification","valueRequired":true,"valueName":"search_term_string"}}],"inLanguage":"es-AR"},{"@type":["Person","Organization"],"@id":"https:\/\/apuntesdesanluis.com\/#\/schema\/person\/b55151d52296fcce64d1a72538a70b90","name":"apuntesdesanluis.com","image":{"@type":"ImageObject","inLanguage":"es-AR","@id":"https:\/\/apuntesdesanluis.com\/#\/schema\/person\/image\/","url":"https:\/\/apuntesdesanluis.com\/wp-content\/uploads\/2023\/07\/cropped-apuntesdesanluis.png","contentUrl":"https:\/\/apuntesdesanluis.com\/wp-content\/uploads\/2023\/07\/cropped-apuntesdesanluis.png","width":450,"height":112,"caption":"apuntesdesanluis.com"},"logo":{"@id":"https:\/\/apuntesdesanluis.com\/#\/schema\/person\/image\/"},"sameAs":["https:\/\/apuntesdesanluis.com"],"url":"https:\/\/apuntesdesanluis.com\/index.php\/author\/apuntesdesanluis-com\/"}]}},"featured_image_urls":{"full":["https:\/\/apuntesdesanluis.com\/wp-content\/uploads\/2024\/09\/MADURO.png",725,475,false],"thumbnail":["https:\/\/apuntesdesanluis.com\/wp-content\/uploads\/2024\/09\/MADURO-150x150.png",150,150,true],"medium":["https:\/\/apuntesdesanluis.com\/wp-content\/uploads\/2024\/09\/MADURO-300x197.png",300,197,true],"medium_large":["https:\/\/apuntesdesanluis.com\/wp-content\/uploads\/2024\/09\/MADURO.png",640,419,false],"large":["https:\/\/apuntesdesanluis.com\/wp-content\/uploads\/2024\/09\/MADURO.png",640,419,false],"1536x1536":["https:\/\/apuntesdesanluis.com\/wp-content\/uploads\/2024\/09\/MADURO.png",725,475,false],"2048x2048":["https:\/\/apuntesdesanluis.com\/wp-content\/uploads\/2024\/09\/MADURO.png",725,475,false],"newsever-slider-full":["https:\/\/apuntesdesanluis.com\/wp-content\/uploads\/2024\/09\/MADURO.png",725,475,false],"newsever-featured":["https:\/\/apuntesdesanluis.com\/wp-content\/uploads\/2024\/09\/MADURO.png",725,475,false],"newsever-medium":["https:\/\/apuntesdesanluis.com\/wp-content\/uploads\/2024\/09\/MADURO-720x475.png",720,475,true]},"author_info":{"display_name":"apuntesdesanluis.com","author_link":"https:\/\/apuntesdesanluis.com\/index.php\/author\/apuntesdesanluis-com\/"},"category_info":"<a href=\"https:\/\/apuntesdesanluis.com\/index.php\/category\/nacionales-internacionales\/\" rel=\"category tag\">Nacionales\/Internacionales<\/a>","tag_info":"Nacionales\/Internacionales","comment_count":"0","_links":{"self":[{"href":"https:\/\/apuntesdesanluis.com\/index.php\/wp-json\/wp\/v2\/posts\/21898","targetHints":{"allow":["GET"]}}],"collection":[{"href":"https:\/\/apuntesdesanluis.com\/index.php\/wp-json\/wp\/v2\/posts"}],"about":[{"href":"https:\/\/apuntesdesanluis.com\/index.php\/wp-json\/wp\/v2\/types\/post"}],"author":[{"embeddable":true,"href":"https:\/\/apuntesdesanluis.com\/index.php\/wp-json\/wp\/v2\/users\/1"}],"replies":[{"embeddable":true,"href":"https:\/\/apuntesdesanluis.com\/index.php\/wp-json\/wp\/v2\/comments?post=21898"}],"version-history":[{"count":1,"href":"https:\/\/apuntesdesanluis.com\/index.php\/wp-json\/wp\/v2\/posts\/21898\/revisions"}],"predecessor-version":[{"id":21900,"href":"https:\/\/apuntesdesanluis.com\/index.php\/wp-json\/wp\/v2\/posts\/21898\/revisions\/21900"}],"wp:featuredmedia":[{"embeddable":true,"href":"https:\/\/apuntesdesanluis.com\/index.php\/wp-json\/wp\/v2\/media\/21899"}],"wp:attachment":[{"href":"https:\/\/apuntesdesanluis.com\/index.php\/wp-json\/wp\/v2\/media?parent=21898"}],"wp:term":[{"taxonomy":"category","embeddable":true,"href":"https:\/\/apuntesdesanluis.com\/index.php\/wp-json\/wp\/v2\/categories?post=21898"},{"taxonomy":"post_tag","embeddable":true,"href":"https:\/\/apuntesdesanluis.com\/index.php\/wp-json\/wp\/v2\/tags?post=21898"}],"curies":[{"name":"wp","href":"https:\/\/api.w.org\/{rel}","templated":true}]}}