{"id":21901,"date":"2024-09-06T23:36:29","date_gmt":"2024-09-07T02:36:29","guid":{"rendered":"https:\/\/apuntesdesanluis.com\/?p=21901"},"modified":"2024-09-06T23:36:29","modified_gmt":"2024-09-07T02:36:29","slug":"la-cgt-anuncio-su-apoyo-a-los-jubilados-y-cargo-contra-el-gobierno-por-la-vergonzosa-represion","status":"publish","type":"post","link":"https:\/\/apuntesdesanluis.com\/index.php\/2024\/09\/06\/la-cgt-anuncio-su-apoyo-a-los-jubilados-y-cargo-contra-el-gobierno-por-la-vergonzosa-represion\/","title":{"rendered":"LA CGT ANUNCI\u00d3 SU APOYO A LOS JUBILADOS Y CARG\u00d3 CONTRA EL GOBIERNO POR &#8220;LA VERGONZOSA REPRESI\u00d3N&#8221;"},"content":{"rendered":"<h3>La CGT manifest\u00f3 hoy su \u201ctotal apoyo\u201d al reclamo de los \u201ctrabajadores jubilados por una mejora en sus ingresos\u201d y tambi\u00e9n a las movilizaciones de protesta que vienen realizando frente al Congreso, en tanto que carg\u00f3 contra el Gobierno por \u201cla vergonzosa represi\u00f3n\u201d con \u201cgases y palos\u201d a los adultos mayores.<\/h3>\n<h3>A trav\u00e9s de un comunicado oficial, la central obrera expres\u00f3 \u201csu total apoyo al reclamo de las y los compa\u00f1eros trabajadores jubilados por una mejora en sus ingresos, en resguardo de su acceso a la salud y en decidido rechazo al veto presidencial contra el aumento de sus haberes\u201d.<\/h3>\n<h3>\u201cFrente a las consecuencias de una pol\u00edtica econ\u00f3mica que muestra un alarmante agravamiento de los \u00edndices sociales de pobreza, indigencia y desocupaci\u00f3n, acompa\u00f1a las movilizaciones que manifiestan su descontento en el marco del leg\u00edtimo y constitucional ejercicio del derecho a la protesta\u201d, indicaron.<\/h3>\n<h3>Seg\u00fan se\u00f1alaron las autoridades de la CGT, \u201cla disposici\u00f3n represiva para acallar las voces y justificar la vergonzosa represi\u00f3n de responder con gases y palos sobre nuestros mayores, en lugar de aportar tranquilidad, suma violencia y genera m\u00e1s tristeza\u201d.<\/h3>\n<h3>Por \u00faltimo, reclamaron a los legisladores de ambas c\u00e1maras que reviertan el veto presidencial a la ley de movilidad jubilatoria, para lo cual se requieren mayor\u00edas agravadas de dos tercios en cada recinto.<\/h3>\n<h3>\u201cPara las y los trabajadores de ayer, jubilados de hoy, reclamamos respeto, sin represi\u00f3n; reconocimiento, en lugar de crueldad; a la vez que exhortamos a los legisladores nacionales a honrar el compromiso moral de promover una jubilaci\u00f3n justa, para una vida digna\u201d, concluyeron.<\/h3>\n<h3>El mi\u00e9rcoles pasado, durante la presentaci\u00f3n en la C\u00e1mara de Diputados del jefe de Gabinete, Guillermo Francos, se registraron episodios de violencia represiva contra los manifestantes jubilados, muchos de los cuales fueron atendidos en el piso por lesiones vinculadas a los gases lacrim\u00f3genos.<\/h3>\n<p>&nbsp;<\/p>\n<p>&nbsp;<\/p>\n<p>&nbsp;<\/p>\n","protected":false},"excerpt":{"rendered":"<p>La CGT manifest\u00f3 hoy su \u201ctotal apoyo\u201d al reclamo de los \u201ctrabajadores jubilados por una&#8230;<\/p>\n","protected":false},"author":1,"featured_media":21902,"comment_status":"closed","ping_status":"closed","sticky":false,"template":"","format":"standard","meta":{"footnotes":""},"categories":[5],"tags":[],"class_list":["post-21901","post","type-post","status-publish","format-standard","has-post-thumbnail","hentry","category-nacionales-internacionales"],"yoast_head":"<!-- This site is optimized with the Yoast SEO plugin v26.1.1 - https:\/\/yoast.com\/wordpress\/plugins\/seo\/ -->\n<title>LA CGT ANUNCI\u00d3 SU APOYO A LOS JUBILADOS Y CARG\u00d3 CONTRA EL GOBIERNO POR &quot;LA VERGONZOSA REPRESI\u00d3N&quot; - Apuntes de San Luis<\/title>\n<meta name=\"robots\" content=\"index, follow, max-snippet:-1, max-image-preview:large, max-video-preview:-1\" \/>\n<link rel=\"canonical\" href=\"https:\/\/apuntesdesanluis.com\/index.php\/2024\/09\/06\/la-cgt-anuncio-su-apoyo-a-los-jubilados-y-cargo-contra-el-gobierno-por-la-vergonzosa-represion\/\" \/>\n<meta property=\"og:locale\" content=\"es_ES\" \/>\n<meta property=\"og:type\" content=\"article\" \/>\n<meta property=\"og:title\" content=\"LA CGT ANUNCI\u00d3 SU APOYO A LOS JUBILADOS Y CARG\u00d3 CONTRA EL GOBIERNO POR &quot;LA VERGONZOSA REPRESI\u00d3N&quot; - Apuntes de San Luis\" \/>\n<meta property=\"og:description\" content=\"La CGT manifest\u00f3 hoy su \u201ctotal apoyo\u201d al reclamo de los \u201ctrabajadores jubilados por una...\" \/>\n<meta property=\"og:url\" content=\"https:\/\/apuntesdesanluis.com\/index.php\/2024\/09\/06\/la-cgt-anuncio-su-apoyo-a-los-jubilados-y-cargo-contra-el-gobierno-por-la-vergonzosa-represion\/\" \/>\n<meta property=\"og:site_name\" content=\"Apuntes de San Luis\" \/>\n<meta property=\"article:published_time\" content=\"2024-09-07T02:36:29+00:00\" \/>\n<meta property=\"og:image\" content=\"https:\/\/apuntesdesanluis.com\/wp-content\/uploads\/2024\/09\/CGT.png\" \/>\n\t<meta property=\"og:image:width\" content=\"710\" \/>\n\t<meta property=\"og:image:height\" content=\"420\" \/>\n\t<meta property=\"og:image:type\" content=\"image\/png\" \/>\n<meta name=\"author\" content=\"apuntesdesanluis.com\" \/>\n<meta name=\"twitter:card\" content=\"summary_large_image\" \/>\n<meta name=\"twitter:label1\" content=\"Escrito por\" \/>\n\t<meta name=\"twitter:data1\" content=\"apuntesdesanluis.com\" \/>\n\t<meta name=\"twitter:label2\" content=\"Tiempo de lectura\" \/>\n\t<meta name=\"twitter:data2\" content=\"2 minutos\" \/>\n<script type=\"application\/ld+json\" class=\"yoast-schema-graph\">{\"@context\":\"https:\/\/schema.org\",\"@graph\":[{\"@type\":\"Article\",\"@id\":\"https:\/\/apuntesdesanluis.com\/index.php\/2024\/09\/06\/la-cgt-anuncio-su-apoyo-a-los-jubilados-y-cargo-contra-el-gobierno-por-la-vergonzosa-represion\/#article\",\"isPartOf\":{\"@id\":\"https:\/\/apuntesdesanluis.com\/index.php\/2024\/09\/06\/la-cgt-anuncio-su-apoyo-a-los-jubilados-y-cargo-contra-el-gobierno-por-la-vergonzosa-represion\/\"},\"author\":{\"name\":\"apuntesdesanluis.com\",\"@id\":\"https:\/\/apuntesdesanluis.com\/#\/schema\/person\/b55151d52296fcce64d1a72538a70b90\"},\"headline\":\"LA CGT ANUNCI\u00d3 SU APOYO A LOS JUBILADOS Y CARG\u00d3 CONTRA EL GOBIERNO POR &#8220;LA VERGONZOSA REPRESI\u00d3N&#8221;\",\"datePublished\":\"2024-09-07T02:36:29+00:00\",\"mainEntityOfPage\":{\"@id\":\"https:\/\/apuntesdesanluis.com\/index.php\/2024\/09\/06\/la-cgt-anuncio-su-apoyo-a-los-jubilados-y-cargo-contra-el-gobierno-por-la-vergonzosa-represion\/\"},\"wordCount\":344,\"publisher\":{\"@id\":\"https:\/\/apuntesdesanluis.com\/#\/schema\/person\/b55151d52296fcce64d1a72538a70b90\"},\"image\":{\"@id\":\"https:\/\/apuntesdesanluis.com\/index.php\/2024\/09\/06\/la-cgt-anuncio-su-apoyo-a-los-jubilados-y-cargo-contra-el-gobierno-por-la-vergonzosa-represion\/#primaryimage\"},\"thumbnailUrl\":\"https:\/\/apuntesdesanluis.com\/wp-content\/uploads\/2024\/09\/CGT.png\",\"articleSection\":[\"Nacionales\/Internacionales\"],\"inLanguage\":\"es-AR\"},{\"@type\":\"WebPage\",\"@id\":\"https:\/\/apuntesdesanluis.com\/index.php\/2024\/09\/06\/la-cgt-anuncio-su-apoyo-a-los-jubilados-y-cargo-contra-el-gobierno-por-la-vergonzosa-represion\/\",\"url\":\"https:\/\/apuntesdesanluis.com\/index.php\/2024\/09\/06\/la-cgt-anuncio-su-apoyo-a-los-jubilados-y-cargo-contra-el-gobierno-por-la-vergonzosa-represion\/\",\"name\":\"LA CGT ANUNCI\u00d3 SU APOYO A LOS JUBILADOS Y CARG\u00d3 CONTRA EL GOBIERNO POR \\\"LA VERGONZOSA REPRESI\u00d3N\\\" - Apuntes de San Luis\",\"isPartOf\":{\"@id\":\"https:\/\/apuntesdesanluis.com\/#website\"},\"primaryImageOfPage\":{\"@id\":\"https:\/\/apuntesdesanluis.com\/index.php\/2024\/09\/06\/la-cgt-anuncio-su-apoyo-a-los-jubilados-y-cargo-contra-el-gobierno-por-la-vergonzosa-represion\/#primaryimage\"},\"image\":{\"@id\":\"https:\/\/apuntesdesanluis.com\/index.php\/2024\/09\/06\/la-cgt-anuncio-su-apoyo-a-los-jubilados-y-cargo-contra-el-gobierno-por-la-vergonzosa-represion\/#primaryimage\"},\"thumbnailUrl\":\"https:\/\/apuntesdesanluis.com\/wp-content\/uploads\/2024\/09\/CGT.png\",\"datePublished\":\"2024-09-07T02:36:29+00:00\",\"breadcrumb\":{\"@id\":\"https:\/\/apuntesdesanluis.com\/index.php\/2024\/09\/06\/la-cgt-anuncio-su-apoyo-a-los-jubilados-y-cargo-contra-el-gobierno-por-la-vergonzosa-represion\/#breadcrumb\"},\"inLanguage\":\"es-AR\",\"potentialAction\":[{\"@type\":\"ReadAction\",\"target\":[\"https:\/\/apuntesdesanluis.com\/index.php\/2024\/09\/06\/la-cgt-anuncio-su-apoyo-a-los-jubilados-y-cargo-contra-el-gobierno-por-la-vergonzosa-represion\/\"]}]},{\"@type\":\"ImageObject\",\"inLanguage\":\"es-AR\",\"@id\":\"https:\/\/apuntesdesanluis.com\/index.php\/2024\/09\/06\/la-cgt-anuncio-su-apoyo-a-los-jubilados-y-cargo-contra-el-gobierno-por-la-vergonzosa-represion\/#primaryimage\",\"url\":\"https:\/\/apuntesdesanluis.com\/wp-content\/uploads\/2024\/09\/CGT.png\",\"contentUrl\":\"https:\/\/apuntesdesanluis.com\/wp-content\/uploads\/2024\/09\/CGT.png\",\"width\":710,\"height\":420},{\"@type\":\"BreadcrumbList\",\"@id\":\"https:\/\/apuntesdesanluis.com\/index.php\/2024\/09\/06\/la-cgt-anuncio-su-apoyo-a-los-jubilados-y-cargo-contra-el-gobierno-por-la-vergonzosa-represion\/#breadcrumb\",\"itemListElement\":[{\"@type\":\"ListItem\",\"position\":1,\"name\":\"Inicio\",\"item\":\"https:\/\/apuntesdesanluis.com\/\"},{\"@type\":\"ListItem\",\"position\":2,\"name\":\"LA CGT ANUNCI\u00d3 SU APOYO A LOS JUBILADOS Y CARG\u00d3 CONTRA EL GOBIERNO POR &#8220;LA VERGONZOSA REPRESI\u00d3N&#8221;\"}]},{\"@type\":\"WebSite\",\"@id\":\"https:\/\/apuntesdesanluis.com\/#website\",\"url\":\"https:\/\/apuntesdesanluis.com\/\",\"name\":\"Apuntes de San Luis\",\"description\":\"\",\"publisher\":{\"@id\":\"https:\/\/apuntesdesanluis.com\/#\/schema\/person\/b55151d52296fcce64d1a72538a70b90\"},\"potentialAction\":[{\"@type\":\"SearchAction\",\"target\":{\"@type\":\"EntryPoint\",\"urlTemplate\":\"https:\/\/apuntesdesanluis.com\/?s={search_term_string}\"},\"query-input\":{\"@type\":\"PropertyValueSpecification\",\"valueRequired\":true,\"valueName\":\"search_term_string\"}}],\"inLanguage\":\"es-AR\"},{\"@type\":[\"Person\",\"Organization\"],\"@id\":\"https:\/\/apuntesdesanluis.com\/#\/schema\/person\/b55151d52296fcce64d1a72538a70b90\",\"name\":\"apuntesdesanluis.com\",\"image\":{\"@type\":\"ImageObject\",\"inLanguage\":\"es-AR\",\"@id\":\"https:\/\/apuntesdesanluis.com\/#\/schema\/person\/image\/\",\"url\":\"https:\/\/apuntesdesanluis.com\/wp-content\/uploads\/2023\/07\/cropped-apuntesdesanluis.png\",\"contentUrl\":\"https:\/\/apuntesdesanluis.com\/wp-content\/uploads\/2023\/07\/cropped-apuntesdesanluis.png\",\"width\":450,\"height\":112,\"caption\":\"apuntesdesanluis.com\"},\"logo\":{\"@id\":\"https:\/\/apuntesdesanluis.com\/#\/schema\/person\/image\/\"},\"sameAs\":[\"https:\/\/apuntesdesanluis.com\"],\"url\":\"https:\/\/apuntesdesanluis.com\/index.php\/author\/apuntesdesanluis-com\/\"}]}<\/script>\n<!-- \/ Yoast SEO plugin. -->","yoast_head_json":{"title":"LA CGT ANUNCI\u00d3 SU APOYO A LOS JUBILADOS Y CARG\u00d3 CONTRA EL GOBIERNO POR \"LA VERGONZOSA REPRESI\u00d3N\" - Apuntes de San Luis","robots":{"index":"index","follow":"follow","max-snippet":"max-snippet:-1","max-image-preview":"max-image-preview:large","max-video-preview":"max-video-preview:-1"},"canonical":"https:\/\/apuntesdesanluis.com\/index.php\/2024\/09\/06\/la-cgt-anuncio-su-apoyo-a-los-jubilados-y-cargo-contra-el-gobierno-por-la-vergonzosa-represion\/","og_locale":"es_ES","og_type":"article","og_title":"LA CGT ANUNCI\u00d3 SU APOYO A LOS JUBILADOS Y CARG\u00d3 CONTRA EL GOBIERNO POR \"LA VERGONZOSA REPRESI\u00d3N\" - Apuntes de San Luis","og_description":"La CGT manifest\u00f3 hoy su \u201ctotal apoyo\u201d al reclamo de los \u201ctrabajadores jubilados por una...","og_url":"https:\/\/apuntesdesanluis.com\/index.php\/2024\/09\/06\/la-cgt-anuncio-su-apoyo-a-los-jubilados-y-cargo-contra-el-gobierno-por-la-vergonzosa-represion\/","og_site_name":"Apuntes de San Luis","article_published_time":"2024-09-07T02:36:29+00:00","og_image":[{"width":710,"height":420,"url":"https:\/\/apuntesdesanluis.com\/wp-content\/uploads\/2024\/09\/CGT.png","type":"image\/png"}],"author":"apuntesdesanluis.com","twitter_card":"summary_large_image","twitter_misc":{"Escrito por":"apuntesdesanluis.com","Tiempo de lectura":"2 minutos"},"schema":{"@context":"https:\/\/schema.org","@graph":[{"@type":"Article","@id":"https:\/\/apuntesdesanluis.com\/index.php\/2024\/09\/06\/la-cgt-anuncio-su-apoyo-a-los-jubilados-y-cargo-contra-el-gobierno-por-la-vergonzosa-represion\/#article","isPartOf":{"@id":"https:\/\/apuntesdesanluis.com\/index.php\/2024\/09\/06\/la-cgt-anuncio-su-apoyo-a-los-jubilados-y-cargo-contra-el-gobierno-por-la-vergonzosa-represion\/"},"author":{"name":"apuntesdesanluis.com","@id":"https:\/\/apuntesdesanluis.com\/#\/schema\/person\/b55151d52296fcce64d1a72538a70b90"},"headline":"LA CGT ANUNCI\u00d3 SU APOYO A LOS JUBILADOS Y CARG\u00d3 CONTRA EL GOBIERNO POR &#8220;LA VERGONZOSA REPRESI\u00d3N&#8221;","datePublished":"2024-09-07T02:36:29+00:00","mainEntityOfPage":{"@id":"https:\/\/apuntesdesanluis.com\/index.php\/2024\/09\/06\/la-cgt-anuncio-su-apoyo-a-los-jubilados-y-cargo-contra-el-gobierno-por-la-vergonzosa-represion\/"},"wordCount":344,"publisher":{"@id":"https:\/\/apuntesdesanluis.com\/#\/schema\/person\/b55151d52296fcce64d1a72538a70b90"},"image":{"@id":"https:\/\/apuntesdesanluis.com\/index.php\/2024\/09\/06\/la-cgt-anuncio-su-apoyo-a-los-jubilados-y-cargo-contra-el-gobierno-por-la-vergonzosa-represion\/#primaryimage"},"thumbnailUrl":"https:\/\/apuntesdesanluis.com\/wp-content\/uploads\/2024\/09\/CGT.png","articleSection":["Nacionales\/Internacionales"],"inLanguage":"es-AR"},{"@type":"WebPage","@id":"https:\/\/apuntesdesanluis.com\/index.php\/2024\/09\/06\/la-cgt-anuncio-su-apoyo-a-los-jubilados-y-cargo-contra-el-gobierno-por-la-vergonzosa-represion\/","url":"https:\/\/apuntesdesanluis.com\/index.php\/2024\/09\/06\/la-cgt-anuncio-su-apoyo-a-los-jubilados-y-cargo-contra-el-gobierno-por-la-vergonzosa-represion\/","name":"LA CGT ANUNCI\u00d3 SU APOYO A LOS JUBILADOS Y CARG\u00d3 CONTRA EL GOBIERNO POR \"LA VERGONZOSA REPRESI\u00d3N\" - Apuntes de San Luis","isPartOf":{"@id":"https:\/\/apuntesdesanluis.com\/#website"},"primaryImageOfPage":{"@id":"https:\/\/apuntesdesanluis.com\/index.php\/2024\/09\/06\/la-cgt-anuncio-su-apoyo-a-los-jubilados-y-cargo-contra-el-gobierno-por-la-vergonzosa-represion\/#primaryimage"},"image":{"@id":"https:\/\/apuntesdesanluis.com\/index.php\/2024\/09\/06\/la-cgt-anuncio-su-apoyo-a-los-jubilados-y-cargo-contra-el-gobierno-por-la-vergonzosa-represion\/#primaryimage"},"thumbnailUrl":"https:\/\/apuntesdesanluis.com\/wp-content\/uploads\/2024\/09\/CGT.png","datePublished":"2024-09-07T02:36:29+00:00","breadcrumb":{"@id":"https:\/\/apuntesdesanluis.com\/index.php\/2024\/09\/06\/la-cgt-anuncio-su-apoyo-a-los-jubilados-y-cargo-contra-el-gobierno-por-la-vergonzosa-represion\/#breadcrumb"},"inLanguage":"es-AR","potentialAction":[{"@type":"ReadAction","target":["https:\/\/apuntesdesanluis.com\/index.php\/2024\/09\/06\/la-cgt-anuncio-su-apoyo-a-los-jubilados-y-cargo-contra-el-gobierno-por-la-vergonzosa-represion\/"]}]},{"@type":"ImageObject","inLanguage":"es-AR","@id":"https:\/\/apuntesdesanluis.com\/index.php\/2024\/09\/06\/la-cgt-anuncio-su-apoyo-a-los-jubilados-y-cargo-contra-el-gobierno-por-la-vergonzosa-represion\/#primaryimage","url":"https:\/\/apuntesdesanluis.com\/wp-content\/uploads\/2024\/09\/CGT.png","contentUrl":"https:\/\/apuntesdesanluis.com\/wp-content\/uploads\/2024\/09\/CGT.png","width":710,"height":420},{"@type":"BreadcrumbList","@id":"https:\/\/apuntesdesanluis.com\/index.php\/2024\/09\/06\/la-cgt-anuncio-su-apoyo-a-los-jubilados-y-cargo-contra-el-gobierno-por-la-vergonzosa-represion\/#breadcrumb","itemListElement":[{"@type":"ListItem","position":1,"name":"Inicio","item":"https:\/\/apuntesdesanluis.com\/"},{"@type":"ListItem","position":2,"name":"LA CGT ANUNCI\u00d3 SU APOYO A LOS JUBILADOS Y CARG\u00d3 CONTRA EL GOBIERNO POR &#8220;LA VERGONZOSA REPRESI\u00d3N&#8221;"}]},{"@type":"WebSite","@id":"https:\/\/apuntesdesanluis.com\/#website","url":"https:\/\/apuntesdesanluis.com\/","name":"Apuntes de San Luis","description":"","publisher":{"@id":"https:\/\/apuntesdesanluis.com\/#\/schema\/person\/b55151d52296fcce64d1a72538a70b90"},"potentialAction":[{"@type":"SearchAction","target":{"@type":"EntryPoint","urlTemplate":"https:\/\/apuntesdesanluis.com\/?s={search_term_string}"},"query-input":{"@type":"PropertyValueSpecification","valueRequired":true,"valueName":"search_term_string"}}],"inLanguage":"es-AR"},{"@type":["Person","Organization"],"@id":"https:\/\/apuntesdesanluis.com\/#\/schema\/person\/b55151d52296fcce64d1a72538a70b90","name":"apuntesdesanluis.com","image":{"@type":"ImageObject","inLanguage":"es-AR","@id":"https:\/\/apuntesdesanluis.com\/#\/schema\/person\/image\/","url":"https:\/\/apuntesdesanluis.com\/wp-content\/uploads\/2023\/07\/cropped-apuntesdesanluis.png","contentUrl":"https:\/\/apuntesdesanluis.com\/wp-content\/uploads\/2023\/07\/cropped-apuntesdesanluis.png","width":450,"height":112,"caption":"apuntesdesanluis.com"},"logo":{"@id":"https:\/\/apuntesdesanluis.com\/#\/schema\/person\/image\/"},"sameAs":["https:\/\/apuntesdesanluis.com"],"url":"https:\/\/apuntesdesanluis.com\/index.php\/author\/apuntesdesanluis-com\/"}]}},"featured_image_urls":{"full":["https:\/\/apuntesdesanluis.com\/wp-content\/uploads\/2024\/09\/CGT.png",710,420,false],"thumbnail":["https:\/\/apuntesdesanluis.com\/wp-content\/uploads\/2024\/09\/CGT-150x150.png",150,150,true],"medium":["https:\/\/apuntesdesanluis.com\/wp-content\/uploads\/2024\/09\/CGT-300x177.png",300,177,true],"medium_large":["https:\/\/apuntesdesanluis.com\/wp-content\/uploads\/2024\/09\/CGT.png",640,379,false],"large":["https:\/\/apuntesdesanluis.com\/wp-content\/uploads\/2024\/09\/CGT.png",640,379,false],"1536x1536":["https:\/\/apuntesdesanluis.com\/wp-content\/uploads\/2024\/09\/CGT.png",710,420,false],"2048x2048":["https:\/\/apuntesdesanluis.com\/wp-content\/uploads\/2024\/09\/CGT.png",710,420,false],"newsever-slider-full":["https:\/\/apuntesdesanluis.com\/wp-content\/uploads\/2024\/09\/CGT.png",710,420,false],"newsever-featured":["https:\/\/apuntesdesanluis.com\/wp-content\/uploads\/2024\/09\/CGT.png",710,420,false],"newsever-medium":["https:\/\/apuntesdesanluis.com\/wp-content\/uploads\/2024\/09\/CGT.png",710,420,false]},"author_info":{"display_name":"apuntesdesanluis.com","author_link":"https:\/\/apuntesdesanluis.com\/index.php\/author\/apuntesdesanluis-com\/"},"category_info":"<a href=\"https:\/\/apuntesdesanluis.com\/index.php\/category\/nacionales-internacionales\/\" rel=\"category tag\">Nacionales\/Internacionales<\/a>","tag_info":"Nacionales\/Internacionales","comment_count":"0","_links":{"self":[{"href":"https:\/\/apuntesdesanluis.com\/index.php\/wp-json\/wp\/v2\/posts\/21901","targetHints":{"allow":["GET"]}}],"collection":[{"href":"https:\/\/apuntesdesanluis.com\/index.php\/wp-json\/wp\/v2\/posts"}],"about":[{"href":"https:\/\/apuntesdesanluis.com\/index.php\/wp-json\/wp\/v2\/types\/post"}],"author":[{"embeddable":true,"href":"https:\/\/apuntesdesanluis.com\/index.php\/wp-json\/wp\/v2\/users\/1"}],"replies":[{"embeddable":true,"href":"https:\/\/apuntesdesanluis.com\/index.php\/wp-json\/wp\/v2\/comments?post=21901"}],"version-history":[{"count":1,"href":"https:\/\/apuntesdesanluis.com\/index.php\/wp-json\/wp\/v2\/posts\/21901\/revisions"}],"predecessor-version":[{"id":21903,"href":"https:\/\/apuntesdesanluis.com\/index.php\/wp-json\/wp\/v2\/posts\/21901\/revisions\/21903"}],"wp:featuredmedia":[{"embeddable":true,"href":"https:\/\/apuntesdesanluis.com\/index.php\/wp-json\/wp\/v2\/media\/21902"}],"wp:attachment":[{"href":"https:\/\/apuntesdesanluis.com\/index.php\/wp-json\/wp\/v2\/media?parent=21901"}],"wp:term":[{"taxonomy":"category","embeddable":true,"href":"https:\/\/apuntesdesanluis.com\/index.php\/wp-json\/wp\/v2\/categories?post=21901"},{"taxonomy":"post_tag","embeddable":true,"href":"https:\/\/apuntesdesanluis.com\/index.php\/wp-json\/wp\/v2\/tags?post=21901"}],"curies":[{"name":"wp","href":"https:\/\/api.w.org\/{rel}","templated":true}]}}