{"id":21904,"date":"2024-09-06T12:53:00","date_gmt":"2024-09-06T15:53:00","guid":{"rendered":"https:\/\/apuntesdesanluis.com\/?p=21904"},"modified":"2024-09-06T23:53:21","modified_gmt":"2024-09-07T02:53:21","slug":"incendios-fuera-de-control-en-cordoba-el-fuego-avanzo-rapidamente-en-la-calera-y-se-acerca-a-las-casas","status":"publish","type":"post","link":"https:\/\/apuntesdesanluis.com\/index.php\/2024\/09\/06\/incendios-fuera-de-control-en-cordoba-el-fuego-avanzo-rapidamente-en-la-calera-y-se-acerca-a-las-casas\/","title":{"rendered":"INCENDIOS FUERA DE CONTROL EN C\u00d3RDOBA: EL FUEGO AVANZ\u00d3 R\u00c1PIDAMENTE EN LA CALERA Y SE ACERCA A LAS CASAS"},"content":{"rendered":"<h3>El fuego contin\u00faa avanzando sin control en algunos sectores de la provincia de C\u00f3rdoba. Este viernes, la actividad \u00edgnea m\u00e1s fuerte se concentra en La Calera, una ciudad del departamento Col\u00f3n situada a unos 10 kil\u00f3metros de la capital provincial.<\/h3>\n<h3>All\u00ed, la alta velocidad del viento y su rotaci\u00f3n permanente no solo ha dificultado la tarea de los bomberos, sino que adem\u00e1s llev\u00f3 el fuego pr\u00e1cticamente a las puertas de las casas, como en el barrio La Cuesta, donde varios vecinos ya se autoevacuaron. Se han observado al respecto im\u00e1genes dram\u00e1ticas, de personas volviendo solo para llevarse a sus mascotas.<\/h3>\n<h3>Ese incendio tiene su foco de origen en el Tiro Federal y tambi\u00e9n amenaza a las casas del country La Estanzuela. Por otro lado, se cort\u00f3 la ruta provincial E-55 debido al avance de las llamas. Personal de Bomberos, del Equipo T\u00e9cnico de Acci\u00f3n ante Cat\u00e1strofes (ETAC) y aviones de la provincia trabajan sin tregua para combatir el fuego.<\/h3>\n<p><iframe title=\"Incendios fuera de control en C\u00f3rdoba: combaten otro foco en Traslasierra\" width=\"640\" height=\"360\" src=\"https:\/\/www.youtube.com\/embed\/_wInj_tzuyU?feature=oembed\" frameborder=\"0\" allow=\"accelerometer; autoplay; clipboard-write; encrypted-media; gyroscope; picture-in-picture; web-share\" referrerpolicy=\"strict-origin-when-cross-origin\" allowfullscreen><\/iframe><\/p>\n<h3>\u201cEl viento no est\u00e1 ayudando, pero hay que mantenerse tranquilos. Y en caso de que la situaci\u00f3n se complique las personas pueden comunicarse al canal del municipio. La situaci\u00f3n est\u00e1 bajo control\u201d, intent\u00f3 transmitir calma Fernando Rambaldi, intendente de La Calera, en declaraciones a La Voz.<\/h3>\n<h3>Las autoridades anunciaron esta ma\u00f1ana la rehabilitaci\u00f3n del tr\u00e1nsito en la autopista C\u00f3rdoba-Carlos Paz, luego de que se interrumpiera debido a la densidad del humo en la zona. En esa l\u00ednea, el foco que se registraba en La Mezquita, en el predio del Tercer Cuerpo del Ej\u00e9rcito, ya se encuentra \u201ccircunscripto\u201d.<\/h3>\n<h3>Si bien persiste la actividad \u00edgnea, no existe riesgo de propagaci\u00f3n. Seg\u00fan precisaron desde el gobierno de C\u00f3rdoba, casi 200 efectivos trabajaron durante la noche para sofocar las llamas y actualmente, se busca enfriar el per\u00edmetro con aviones hidrantes.<\/h3>\n<h3>En tanto, bomberos, personal del Equipo T\u00e9cnico de Acci\u00f3n ante Cat\u00e1strofes (ETAC) y del Plan Provincial de Manejo del Fuego trabajan en Valle de Traslasierra, ya que por la madrugada se inici\u00f3 un foco en la zona de El Volc\u00e1n, ubicada entre las localidades de Salsacate y Villa Cura Brochero. Adem\u00e1s, cerca de 100 bomberos voluntarios lograron contener un incendio anoche en Villa del Dique.<\/h3>\n<h3>Por el incendio forestal que azota a la provincia desde el jueves por la tarde, cuatro bomberos tuvieron que ser trasladados con heridas. El ministro de Salud cordob\u00e9s, Ricardo Pieckenstainer, en di\u00e1logo con TN, precis\u00f3: \u201cLo que s\u00ed sabemos es que hay dos en estado reservado, uno de ellos en terapia intensiva. Est\u00e1n en el Hospital C\u00f3rdoba. Por ahora lo que esperamos es no tener nuevos heridos. Dejamos un puesto sanitario con una terapia intensiva m\u00f3vil a la altura del peaje para hacer la asistencia r\u00e1pida de cualquier otro herido\u201d.<\/h3>\n<h3>Con el correr de las horas, se supo que el cuadro de ambos evolucion\u00f3 favorablemente. Trasladaron a sala com\u00fan al hombre que hab\u00eda sido ingresado en terapia intensiva, mientras que el otro bombero, cuyo cuadro era reservado, qued\u00f3 bajo observaci\u00f3n, sin sus v\u00edas respiratorias afectadas, de acuerdo con la informaci\u00f3n a la que pudo acceder el medio local ElDoce.tv.<\/h3>\n<p><img fetchpriority=\"high\" decoding=\"async\" class=\"wp-image-21906 aligncenter\" src=\"https:\/\/apuntesdesanluis.com\/wp-content\/uploads\/2024\/09\/la-calera-300x153.png\" alt=\"\" width=\"704\" height=\"359\" srcset=\"https:\/\/apuntesdesanluis.com\/wp-content\/uploads\/2024\/09\/la-calera-300x153.png 300w, https:\/\/apuntesdesanluis.com\/wp-content\/uploads\/2024\/09\/la-calera.png 534w\" sizes=\"(max-width: 704px) 100vw, 704px\" \/><\/p>\n<h3>El frente del incendio se extendi\u00f3 por medio kil\u00f3metro, en un bosque ubicado entre la autopista y la localidad de La Calera. Las llamas llegaron hasta el borde de la autov\u00eda, e incluso se quemaron varios carteles publicitarios. Por este motivo se bloque\u00f3 por varias horas el paso desde el puente Primero de Mayo hasta el puente Falda del Carmen. Es la misma zona donde se hab\u00edan producido algunos de los incendios al inicio de la semana. Las llamas se intensificaron durante la madrugada.<\/h3>\n<h3>El vocero de la Secretar\u00eda de Gesti\u00f3n de Riesgo Clim\u00e1tico, Roberto Schreiner, confirm\u00f3 que en el lugar trabajaron 200 bomberos de cuarteles de toda la regi\u00f3n que acudieron a la emergencia. Tambi\u00e9n prestaron asistencia dos aviones hidrantes. Sin embargo, durante la madrugada, el grupo se redujo a 60 brigadistas.<\/h3>\n<h3>Una vez m\u00e1s, las condiciones clim\u00e1ticas fueron favorables para una r\u00e1pida propagaci\u00f3n de las llamas. Hubo fuertes r\u00e1fagas de viento norte que superaron los 60 km\/h, con marcas por encima de los 25 grados, y la humedad relativa cay\u00f3 por debajo del 20%.<\/h3>\n<h3>\u201cAhora el enemigo n\u00famero 1 es el viento. Esperamos tener r\u00e1fagas toda la noche. El incendio empez\u00f3 con unos 400 metros de frente para cuando llegaron los bomberos. Todav\u00eda no tenemos ninguna presunci\u00f3n sobre c\u00f3mo empez\u00f3 todo\u201d, declar\u00f3 Schreiner, en ese entonces.<\/h3>\n<h3>El fuego se expandi\u00f3 en una zona despoblada. El temor de las autoridades fue que las cenizas pasaran hacia el otro lado de la autopista C\u00f3rdoba-Carlos Paz, donde s\u00ed hay casas. Tambi\u00e9n hay una estaci\u00f3n de servicio sobre la autopista.<\/h3>\n<h3>El portal cordob\u00e9s Cadena 3 report\u00f3 que fueron desplazados al lugar camiones de bomberos de La Calera, Malague\u00f1o, Sald\u00e1n, Villa Allende, Carlos Paz, Bialet Mass\u00e9, Santa Mar\u00eda de Punilla y Mendiolaza.<\/h3>\n<h3>Las autoridades anunciaron esta ma\u00f1ana la rehabilitaci\u00f3n del tr\u00e1nsito, ya que el humo se encontraba disipado.<\/h3>\n<p>&nbsp;<\/p>\n<p>&nbsp;<\/p>\n<p>&nbsp;<\/p>\n<h3><\/h3>\n<p>&nbsp;<\/p>\n<p>&nbsp;<\/p>\n","protected":false},"excerpt":{"rendered":"<p>El fuego contin\u00faa avanzando sin control en algunos sectores de la provincia de C\u00f3rdoba. Este&#8230;<\/p>\n","protected":false},"author":1,"featured_media":21905,"comment_status":"closed","ping_status":"closed","sticky":false,"template":"","format":"standard","meta":{"footnotes":""},"categories":[5],"tags":[],"class_list":["post-21904","post","type-post","status-publish","format-standard","has-post-thumbnail","hentry","category-nacionales-internacionales"],"yoast_head":"<!-- This site is optimized with the Yoast SEO plugin v26.1.1 - https:\/\/yoast.com\/wordpress\/plugins\/seo\/ -->\n<title>INCENDIOS FUERA DE CONTROL EN C\u00d3RDOBA: EL FUEGO AVANZ\u00d3 R\u00c1PIDAMENTE EN LA CALERA Y SE ACERCA A LAS CASAS - Apuntes de San Luis<\/title>\n<meta name=\"robots\" content=\"index, follow, max-snippet:-1, max-image-preview:large, max-video-preview:-1\" \/>\n<link rel=\"canonical\" href=\"https:\/\/apuntesdesanluis.com\/index.php\/2024\/09\/06\/incendios-fuera-de-control-en-cordoba-el-fuego-avanzo-rapidamente-en-la-calera-y-se-acerca-a-las-casas\/\" \/>\n<meta property=\"og:locale\" content=\"es_ES\" \/>\n<meta property=\"og:type\" content=\"article\" \/>\n<meta property=\"og:title\" content=\"INCENDIOS FUERA DE CONTROL EN C\u00d3RDOBA: EL FUEGO AVANZ\u00d3 R\u00c1PIDAMENTE EN LA CALERA Y SE ACERCA A LAS CASAS - Apuntes de San Luis\" \/>\n<meta property=\"og:description\" content=\"El fuego contin\u00faa avanzando sin control en algunos sectores de la provincia de C\u00f3rdoba. Este...\" \/>\n<meta property=\"og:url\" content=\"https:\/\/apuntesdesanluis.com\/index.php\/2024\/09\/06\/incendios-fuera-de-control-en-cordoba-el-fuego-avanzo-rapidamente-en-la-calera-y-se-acerca-a-las-casas\/\" \/>\n<meta property=\"og:site_name\" content=\"Apuntes de San Luis\" \/>\n<meta property=\"article:published_time\" content=\"2024-09-06T15:53:00+00:00\" \/>\n<meta property=\"article:modified_time\" content=\"2024-09-07T02:53:21+00:00\" \/>\n<meta property=\"og:image\" content=\"https:\/\/apuntesdesanluis.com\/wp-content\/uploads\/2024\/09\/incendios-en-la-calera-tapa.jpg\" \/>\n\t<meta property=\"og:image:width\" content=\"960\" \/>\n\t<meta property=\"og:image:height\" content=\"640\" \/>\n\t<meta property=\"og:image:type\" content=\"image\/jpeg\" \/>\n<meta name=\"author\" content=\"apuntesdesanluis.com\" \/>\n<meta name=\"twitter:card\" content=\"summary_large_image\" \/>\n<meta name=\"twitter:label1\" content=\"Escrito por\" \/>\n\t<meta name=\"twitter:data1\" content=\"apuntesdesanluis.com\" \/>\n\t<meta name=\"twitter:label2\" content=\"Tiempo de lectura\" \/>\n\t<meta name=\"twitter:data2\" content=\"5 minutos\" \/>\n<script type=\"application\/ld+json\" class=\"yoast-schema-graph\">{\"@context\":\"https:\/\/schema.org\",\"@graph\":[{\"@type\":\"Article\",\"@id\":\"https:\/\/apuntesdesanluis.com\/index.php\/2024\/09\/06\/incendios-fuera-de-control-en-cordoba-el-fuego-avanzo-rapidamente-en-la-calera-y-se-acerca-a-las-casas\/#article\",\"isPartOf\":{\"@id\":\"https:\/\/apuntesdesanluis.com\/index.php\/2024\/09\/06\/incendios-fuera-de-control-en-cordoba-el-fuego-avanzo-rapidamente-en-la-calera-y-se-acerca-a-las-casas\/\"},\"author\":{\"name\":\"apuntesdesanluis.com\",\"@id\":\"https:\/\/apuntesdesanluis.com\/#\/schema\/person\/b55151d52296fcce64d1a72538a70b90\"},\"headline\":\"INCENDIOS FUERA DE CONTROL EN C\u00d3RDOBA: EL FUEGO AVANZ\u00d3 R\u00c1PIDAMENTE EN LA CALERA Y SE ACERCA A LAS CASAS\",\"datePublished\":\"2024-09-06T15:53:00+00:00\",\"dateModified\":\"2024-09-07T02:53:21+00:00\",\"mainEntityOfPage\":{\"@id\":\"https:\/\/apuntesdesanluis.com\/index.php\/2024\/09\/06\/incendios-fuera-de-control-en-cordoba-el-fuego-avanzo-rapidamente-en-la-calera-y-se-acerca-a-las-casas\/\"},\"wordCount\":908,\"publisher\":{\"@id\":\"https:\/\/apuntesdesanluis.com\/#\/schema\/person\/b55151d52296fcce64d1a72538a70b90\"},\"image\":{\"@id\":\"https:\/\/apuntesdesanluis.com\/index.php\/2024\/09\/06\/incendios-fuera-de-control-en-cordoba-el-fuego-avanzo-rapidamente-en-la-calera-y-se-acerca-a-las-casas\/#primaryimage\"},\"thumbnailUrl\":\"https:\/\/apuntesdesanluis.com\/wp-content\/uploads\/2024\/09\/incendios-en-la-calera-tapa.jpg\",\"articleSection\":[\"Nacionales\/Internacionales\"],\"inLanguage\":\"es-AR\"},{\"@type\":\"WebPage\",\"@id\":\"https:\/\/apuntesdesanluis.com\/index.php\/2024\/09\/06\/incendios-fuera-de-control-en-cordoba-el-fuego-avanzo-rapidamente-en-la-calera-y-se-acerca-a-las-casas\/\",\"url\":\"https:\/\/apuntesdesanluis.com\/index.php\/2024\/09\/06\/incendios-fuera-de-control-en-cordoba-el-fuego-avanzo-rapidamente-en-la-calera-y-se-acerca-a-las-casas\/\",\"name\":\"INCENDIOS FUERA DE CONTROL EN C\u00d3RDOBA: EL FUEGO AVANZ\u00d3 R\u00c1PIDAMENTE EN LA CALERA Y SE ACERCA A LAS CASAS - Apuntes de San Luis\",\"isPartOf\":{\"@id\":\"https:\/\/apuntesdesanluis.com\/#website\"},\"primaryImageOfPage\":{\"@id\":\"https:\/\/apuntesdesanluis.com\/index.php\/2024\/09\/06\/incendios-fuera-de-control-en-cordoba-el-fuego-avanzo-rapidamente-en-la-calera-y-se-acerca-a-las-casas\/#primaryimage\"},\"image\":{\"@id\":\"https:\/\/apuntesdesanluis.com\/index.php\/2024\/09\/06\/incendios-fuera-de-control-en-cordoba-el-fuego-avanzo-rapidamente-en-la-calera-y-se-acerca-a-las-casas\/#primaryimage\"},\"thumbnailUrl\":\"https:\/\/apuntesdesanluis.com\/wp-content\/uploads\/2024\/09\/incendios-en-la-calera-tapa.jpg\",\"datePublished\":\"2024-09-06T15:53:00+00:00\",\"dateModified\":\"2024-09-07T02:53:21+00:00\",\"breadcrumb\":{\"@id\":\"https:\/\/apuntesdesanluis.com\/index.php\/2024\/09\/06\/incendios-fuera-de-control-en-cordoba-el-fuego-avanzo-rapidamente-en-la-calera-y-se-acerca-a-las-casas\/#breadcrumb\"},\"inLanguage\":\"es-AR\",\"potentialAction\":[{\"@type\":\"ReadAction\",\"target\":[\"https:\/\/apuntesdesanluis.com\/index.php\/2024\/09\/06\/incendios-fuera-de-control-en-cordoba-el-fuego-avanzo-rapidamente-en-la-calera-y-se-acerca-a-las-casas\/\"]}]},{\"@type\":\"ImageObject\",\"inLanguage\":\"es-AR\",\"@id\":\"https:\/\/apuntesdesanluis.com\/index.php\/2024\/09\/06\/incendios-fuera-de-control-en-cordoba-el-fuego-avanzo-rapidamente-en-la-calera-y-se-acerca-a-las-casas\/#primaryimage\",\"url\":\"https:\/\/apuntesdesanluis.com\/wp-content\/uploads\/2024\/09\/incendios-en-la-calera-tapa.jpg\",\"contentUrl\":\"https:\/\/apuntesdesanluis.com\/wp-content\/uploads\/2024\/09\/incendios-en-la-calera-tapa.jpg\",\"width\":960,\"height\":640},{\"@type\":\"BreadcrumbList\",\"@id\":\"https:\/\/apuntesdesanluis.com\/index.php\/2024\/09\/06\/incendios-fuera-de-control-en-cordoba-el-fuego-avanzo-rapidamente-en-la-calera-y-se-acerca-a-las-casas\/#breadcrumb\",\"itemListElement\":[{\"@type\":\"ListItem\",\"position\":1,\"name\":\"Inicio\",\"item\":\"https:\/\/apuntesdesanluis.com\/\"},{\"@type\":\"ListItem\",\"position\":2,\"name\":\"INCENDIOS FUERA DE CONTROL EN C\u00d3RDOBA: EL FUEGO AVANZ\u00d3 R\u00c1PIDAMENTE EN LA CALERA Y SE ACERCA A LAS CASAS\"}]},{\"@type\":\"WebSite\",\"@id\":\"https:\/\/apuntesdesanluis.com\/#website\",\"url\":\"https:\/\/apuntesdesanluis.com\/\",\"name\":\"Apuntes de San Luis\",\"description\":\"\",\"publisher\":{\"@id\":\"https:\/\/apuntesdesanluis.com\/#\/schema\/person\/b55151d52296fcce64d1a72538a70b90\"},\"potentialAction\":[{\"@type\":\"SearchAction\",\"target\":{\"@type\":\"EntryPoint\",\"urlTemplate\":\"https:\/\/apuntesdesanluis.com\/?s={search_term_string}\"},\"query-input\":{\"@type\":\"PropertyValueSpecification\",\"valueRequired\":true,\"valueName\":\"search_term_string\"}}],\"inLanguage\":\"es-AR\"},{\"@type\":[\"Person\",\"Organization\"],\"@id\":\"https:\/\/apuntesdesanluis.com\/#\/schema\/person\/b55151d52296fcce64d1a72538a70b90\",\"name\":\"apuntesdesanluis.com\",\"image\":{\"@type\":\"ImageObject\",\"inLanguage\":\"es-AR\",\"@id\":\"https:\/\/apuntesdesanluis.com\/#\/schema\/person\/image\/\",\"url\":\"https:\/\/apuntesdesanluis.com\/wp-content\/uploads\/2023\/07\/cropped-apuntesdesanluis.png\",\"contentUrl\":\"https:\/\/apuntesdesanluis.com\/wp-content\/uploads\/2023\/07\/cropped-apuntesdesanluis.png\",\"width\":450,\"height\":112,\"caption\":\"apuntesdesanluis.com\"},\"logo\":{\"@id\":\"https:\/\/apuntesdesanluis.com\/#\/schema\/person\/image\/\"},\"sameAs\":[\"https:\/\/apuntesdesanluis.com\"],\"url\":\"https:\/\/apuntesdesanluis.com\/index.php\/author\/apuntesdesanluis-com\/\"}]}<\/script>\n<!-- \/ Yoast SEO plugin. -->","yoast_head_json":{"title":"INCENDIOS FUERA DE CONTROL EN C\u00d3RDOBA: EL FUEGO AVANZ\u00d3 R\u00c1PIDAMENTE EN LA CALERA Y SE ACERCA A LAS CASAS - Apuntes de San Luis","robots":{"index":"index","follow":"follow","max-snippet":"max-snippet:-1","max-image-preview":"max-image-preview:large","max-video-preview":"max-video-preview:-1"},"canonical":"https:\/\/apuntesdesanluis.com\/index.php\/2024\/09\/06\/incendios-fuera-de-control-en-cordoba-el-fuego-avanzo-rapidamente-en-la-calera-y-se-acerca-a-las-casas\/","og_locale":"es_ES","og_type":"article","og_title":"INCENDIOS FUERA DE CONTROL EN C\u00d3RDOBA: EL FUEGO AVANZ\u00d3 R\u00c1PIDAMENTE EN LA CALERA Y SE ACERCA A LAS CASAS - Apuntes de San Luis","og_description":"El fuego contin\u00faa avanzando sin control en algunos sectores de la provincia de C\u00f3rdoba. Este...","og_url":"https:\/\/apuntesdesanluis.com\/index.php\/2024\/09\/06\/incendios-fuera-de-control-en-cordoba-el-fuego-avanzo-rapidamente-en-la-calera-y-se-acerca-a-las-casas\/","og_site_name":"Apuntes de San Luis","article_published_time":"2024-09-06T15:53:00+00:00","article_modified_time":"2024-09-07T02:53:21+00:00","og_image":[{"width":960,"height":640,"url":"https:\/\/apuntesdesanluis.com\/wp-content\/uploads\/2024\/09\/incendios-en-la-calera-tapa.jpg","type":"image\/jpeg"}],"author":"apuntesdesanluis.com","twitter_card":"summary_large_image","twitter_misc":{"Escrito por":"apuntesdesanluis.com","Tiempo de lectura":"5 minutos"},"schema":{"@context":"https:\/\/schema.org","@graph":[{"@type":"Article","@id":"https:\/\/apuntesdesanluis.com\/index.php\/2024\/09\/06\/incendios-fuera-de-control-en-cordoba-el-fuego-avanzo-rapidamente-en-la-calera-y-se-acerca-a-las-casas\/#article","isPartOf":{"@id":"https:\/\/apuntesdesanluis.com\/index.php\/2024\/09\/06\/incendios-fuera-de-control-en-cordoba-el-fuego-avanzo-rapidamente-en-la-calera-y-se-acerca-a-las-casas\/"},"author":{"name":"apuntesdesanluis.com","@id":"https:\/\/apuntesdesanluis.com\/#\/schema\/person\/b55151d52296fcce64d1a72538a70b90"},"headline":"INCENDIOS FUERA DE CONTROL EN C\u00d3RDOBA: EL FUEGO AVANZ\u00d3 R\u00c1PIDAMENTE EN LA CALERA Y SE ACERCA A LAS CASAS","datePublished":"2024-09-06T15:53:00+00:00","dateModified":"2024-09-07T02:53:21+00:00","mainEntityOfPage":{"@id":"https:\/\/apuntesdesanluis.com\/index.php\/2024\/09\/06\/incendios-fuera-de-control-en-cordoba-el-fuego-avanzo-rapidamente-en-la-calera-y-se-acerca-a-las-casas\/"},"wordCount":908,"publisher":{"@id":"https:\/\/apuntesdesanluis.com\/#\/schema\/person\/b55151d52296fcce64d1a72538a70b90"},"image":{"@id":"https:\/\/apuntesdesanluis.com\/index.php\/2024\/09\/06\/incendios-fuera-de-control-en-cordoba-el-fuego-avanzo-rapidamente-en-la-calera-y-se-acerca-a-las-casas\/#primaryimage"},"thumbnailUrl":"https:\/\/apuntesdesanluis.com\/wp-content\/uploads\/2024\/09\/incendios-en-la-calera-tapa.jpg","articleSection":["Nacionales\/Internacionales"],"inLanguage":"es-AR"},{"@type":"WebPage","@id":"https:\/\/apuntesdesanluis.com\/index.php\/2024\/09\/06\/incendios-fuera-de-control-en-cordoba-el-fuego-avanzo-rapidamente-en-la-calera-y-se-acerca-a-las-casas\/","url":"https:\/\/apuntesdesanluis.com\/index.php\/2024\/09\/06\/incendios-fuera-de-control-en-cordoba-el-fuego-avanzo-rapidamente-en-la-calera-y-se-acerca-a-las-casas\/","name":"INCENDIOS FUERA DE CONTROL EN C\u00d3RDOBA: EL FUEGO AVANZ\u00d3 R\u00c1PIDAMENTE EN LA CALERA Y SE ACERCA A LAS CASAS - Apuntes de San Luis","isPartOf":{"@id":"https:\/\/apuntesdesanluis.com\/#website"},"primaryImageOfPage":{"@id":"https:\/\/apuntesdesanluis.com\/index.php\/2024\/09\/06\/incendios-fuera-de-control-en-cordoba-el-fuego-avanzo-rapidamente-en-la-calera-y-se-acerca-a-las-casas\/#primaryimage"},"image":{"@id":"https:\/\/apuntesdesanluis.com\/index.php\/2024\/09\/06\/incendios-fuera-de-control-en-cordoba-el-fuego-avanzo-rapidamente-en-la-calera-y-se-acerca-a-las-casas\/#primaryimage"},"thumbnailUrl":"https:\/\/apuntesdesanluis.com\/wp-content\/uploads\/2024\/09\/incendios-en-la-calera-tapa.jpg","datePublished":"2024-09-06T15:53:00+00:00","dateModified":"2024-09-07T02:53:21+00:00","breadcrumb":{"@id":"https:\/\/apuntesdesanluis.com\/index.php\/2024\/09\/06\/incendios-fuera-de-control-en-cordoba-el-fuego-avanzo-rapidamente-en-la-calera-y-se-acerca-a-las-casas\/#breadcrumb"},"inLanguage":"es-AR","potentialAction":[{"@type":"ReadAction","target":["https:\/\/apuntesdesanluis.com\/index.php\/2024\/09\/06\/incendios-fuera-de-control-en-cordoba-el-fuego-avanzo-rapidamente-en-la-calera-y-se-acerca-a-las-casas\/"]}]},{"@type":"ImageObject","inLanguage":"es-AR","@id":"https:\/\/apuntesdesanluis.com\/index.php\/2024\/09\/06\/incendios-fuera-de-control-en-cordoba-el-fuego-avanzo-rapidamente-en-la-calera-y-se-acerca-a-las-casas\/#primaryimage","url":"https:\/\/apuntesdesanluis.com\/wp-content\/uploads\/2024\/09\/incendios-en-la-calera-tapa.jpg","contentUrl":"https:\/\/apuntesdesanluis.com\/wp-content\/uploads\/2024\/09\/incendios-en-la-calera-tapa.jpg","width":960,"height":640},{"@type":"BreadcrumbList","@id":"https:\/\/apuntesdesanluis.com\/index.php\/2024\/09\/06\/incendios-fuera-de-control-en-cordoba-el-fuego-avanzo-rapidamente-en-la-calera-y-se-acerca-a-las-casas\/#breadcrumb","itemListElement":[{"@type":"ListItem","position":1,"name":"Inicio","item":"https:\/\/apuntesdesanluis.com\/"},{"@type":"ListItem","position":2,"name":"INCENDIOS FUERA DE CONTROL EN C\u00d3RDOBA: EL FUEGO AVANZ\u00d3 R\u00c1PIDAMENTE EN LA CALERA Y SE ACERCA A LAS CASAS"}]},{"@type":"WebSite","@id":"https:\/\/apuntesdesanluis.com\/#website","url":"https:\/\/apuntesdesanluis.com\/","name":"Apuntes de San Luis","description":"","publisher":{"@id":"https:\/\/apuntesdesanluis.com\/#\/schema\/person\/b55151d52296fcce64d1a72538a70b90"},"potentialAction":[{"@type":"SearchAction","target":{"@type":"EntryPoint","urlTemplate":"https:\/\/apuntesdesanluis.com\/?s={search_term_string}"},"query-input":{"@type":"PropertyValueSpecification","valueRequired":true,"valueName":"search_term_string"}}],"inLanguage":"es-AR"},{"@type":["Person","Organization"],"@id":"https:\/\/apuntesdesanluis.com\/#\/schema\/person\/b55151d52296fcce64d1a72538a70b90","name":"apuntesdesanluis.com","image":{"@type":"ImageObject","inLanguage":"es-AR","@id":"https:\/\/apuntesdesanluis.com\/#\/schema\/person\/image\/","url":"https:\/\/apuntesdesanluis.com\/wp-content\/uploads\/2023\/07\/cropped-apuntesdesanluis.png","contentUrl":"https:\/\/apuntesdesanluis.com\/wp-content\/uploads\/2023\/07\/cropped-apuntesdesanluis.png","width":450,"height":112,"caption":"apuntesdesanluis.com"},"logo":{"@id":"https:\/\/apuntesdesanluis.com\/#\/schema\/person\/image\/"},"sameAs":["https:\/\/apuntesdesanluis.com"],"url":"https:\/\/apuntesdesanluis.com\/index.php\/author\/apuntesdesanluis-com\/"}]}},"featured_image_urls":{"full":["https:\/\/apuntesdesanluis.com\/wp-content\/uploads\/2024\/09\/incendios-en-la-calera-tapa.jpg",960,640,false],"thumbnail":["https:\/\/apuntesdesanluis.com\/wp-content\/uploads\/2024\/09\/incendios-en-la-calera-tapa-150x150.jpg",150,150,true],"medium":["https:\/\/apuntesdesanluis.com\/wp-content\/uploads\/2024\/09\/incendios-en-la-calera-tapa-300x200.jpg",300,200,true],"medium_large":["https:\/\/apuntesdesanluis.com\/wp-content\/uploads\/2024\/09\/incendios-en-la-calera-tapa-768x512.jpg",640,427,true],"large":["https:\/\/apuntesdesanluis.com\/wp-content\/uploads\/2024\/09\/incendios-en-la-calera-tapa.jpg",640,427,false],"1536x1536":["https:\/\/apuntesdesanluis.com\/wp-content\/uploads\/2024\/09\/incendios-en-la-calera-tapa.jpg",960,640,false],"2048x2048":["https:\/\/apuntesdesanluis.com\/wp-content\/uploads\/2024\/09\/incendios-en-la-calera-tapa.jpg",960,640,false],"newsever-slider-full":["https:\/\/apuntesdesanluis.com\/wp-content\/uploads\/2024\/09\/incendios-en-la-calera-tapa.jpg",960,640,false],"newsever-featured":["https:\/\/apuntesdesanluis.com\/wp-content\/uploads\/2024\/09\/incendios-en-la-calera-tapa.jpg",960,640,false],"newsever-medium":["https:\/\/apuntesdesanluis.com\/wp-content\/uploads\/2024\/09\/incendios-en-la-calera-tapa-720x475.jpg",720,475,true]},"author_info":{"display_name":"apuntesdesanluis.com","author_link":"https:\/\/apuntesdesanluis.com\/index.php\/author\/apuntesdesanluis-com\/"},"category_info":"<a href=\"https:\/\/apuntesdesanluis.com\/index.php\/category\/nacionales-internacionales\/\" rel=\"category tag\">Nacionales\/Internacionales<\/a>","tag_info":"Nacionales\/Internacionales","comment_count":"0","_links":{"self":[{"href":"https:\/\/apuntesdesanluis.com\/index.php\/wp-json\/wp\/v2\/posts\/21904","targetHints":{"allow":["GET"]}}],"collection":[{"href":"https:\/\/apuntesdesanluis.com\/index.php\/wp-json\/wp\/v2\/posts"}],"about":[{"href":"https:\/\/apuntesdesanluis.com\/index.php\/wp-json\/wp\/v2\/types\/post"}],"author":[{"embeddable":true,"href":"https:\/\/apuntesdesanluis.com\/index.php\/wp-json\/wp\/v2\/users\/1"}],"replies":[{"embeddable":true,"href":"https:\/\/apuntesdesanluis.com\/index.php\/wp-json\/wp\/v2\/comments?post=21904"}],"version-history":[{"count":1,"href":"https:\/\/apuntesdesanluis.com\/index.php\/wp-json\/wp\/v2\/posts\/21904\/revisions"}],"predecessor-version":[{"id":21907,"href":"https:\/\/apuntesdesanluis.com\/index.php\/wp-json\/wp\/v2\/posts\/21904\/revisions\/21907"}],"wp:featuredmedia":[{"embeddable":true,"href":"https:\/\/apuntesdesanluis.com\/index.php\/wp-json\/wp\/v2\/media\/21905"}],"wp:attachment":[{"href":"https:\/\/apuntesdesanluis.com\/index.php\/wp-json\/wp\/v2\/media?parent=21904"}],"wp:term":[{"taxonomy":"category","embeddable":true,"href":"https:\/\/apuntesdesanluis.com\/index.php\/wp-json\/wp\/v2\/categories?post=21904"},{"taxonomy":"post_tag","embeddable":true,"href":"https:\/\/apuntesdesanluis.com\/index.php\/wp-json\/wp\/v2\/tags?post=21904"}],"curies":[{"name":"wp","href":"https:\/\/api.w.org\/{rel}","templated":true}]}}