{"id":21949,"date":"2024-09-08T20:11:39","date_gmt":"2024-09-08T23:11:39","guid":{"rendered":"https:\/\/apuntesdesanluis.com\/?p=21949"},"modified":"2024-09-08T21:26:05","modified_gmt":"2024-09-09T00:26:05","slug":"rodriguez-saa-enfrenta-su-fin-de-ciclo-pero-no-lo-quiere-asumir","status":"publish","type":"post","link":"https:\/\/apuntesdesanluis.com\/index.php\/2024\/09\/08\/rodriguez-saa-enfrenta-su-fin-de-ciclo-pero-no-lo-quiere-asumir\/","title":{"rendered":"\u201cRODR\u00cdGUEZ SA\u00c1 ENFRENTA SU FIN DE CICLO, PERO NO LO QUIERE ASUMIR\u201d"},"content":{"rendered":"<h3>\u201cYo creo que \u00edntimamente \u00e9l lo sabe, o al menos lo presiente, pero le cuesta asumirlo. Y los que lo rodean tambi\u00e9n, pero no se animan ni siquiera a suger\u00edrselo\u201d.<\/h3>\n<h3>La reflexi\u00f3n proviene de una de las personas que m\u00e1s cerca estuvo del ex gobernador, el a\u00fan apoderado del PJ <strong>Diego Gonz\u00e1lez<\/strong>, quien a partir del estrepitoso resultado obtenido en las \u00faltimas elecciones, que decretaron el triunfo de Claudio Poggi, se encuentra embarcado en una tarea tit\u00e1nica: la renovaci\u00f3n partidaria.<\/h3>\n<h3>\u201cYo entiendo que no es f\u00e1cil dar un paso al costado, despu\u00e9s de haber ejercido el poder total -institucional y pol\u00edtico- durante los \u00faltimos 40 a\u00f1os. Nadie le pide que se retire, sino que facilite la renovaci\u00f3n. Asuma que ya termin\u00f3 su ciclo, que se abre un espacio de renovaci\u00f3n y oxigenaci\u00f3n partidaria, para que asuman nuevos liderazgos\u201d, fundamenta.<\/h3>\n<h3>Cada vez que habla sus palabras resuenan al interior del justicialismo, donde el ex ministro de Seguridad supo ser una de sus principales voces, con llegada directa a la llamada \u201cmesa chica\u201d.<\/h3>\n<h3>\u201cEn el justicialismo todo se perdona, hasta las traiciones, pero no las derrotas. Y nuestro partido, bajo la conducci\u00f3n de Alberto, alcanz\u00f3 tremendas victorias y nos permiti\u00f3 ser gobierno muchos a\u00f1os. Pero en las 5 o 6 \u00faltimas elecciones fuimos perdiendo, hasta que cedimos el gobierno. Ya est\u00e1, ya fue, como dicen los chicos. Ahora tenemos que reinvertarnos, reconstruirnos, y eso s\u00f3lo lo podemos hacer con aquellos que han revalidado t\u00edtulos y han demostrado un indudable liderazgo\u201d, enfatiza.<\/h3>\n<p><img fetchpriority=\"high\" decoding=\"async\" class=\"wp-image-16217 aligncenter\" src=\"https:\/\/apuntesdesanluis.com\/wp-content\/uploads\/2024\/05\/Maxi-300x275.jpg\" alt=\"\" width=\"578\" height=\"530\" srcset=\"https:\/\/apuntesdesanluis.com\/wp-content\/uploads\/2024\/05\/Maxi-300x275.jpg 300w, https:\/\/apuntesdesanluis.com\/wp-content\/uploads\/2024\/05\/Maxi.jpg 598w\" sizes=\"(max-width: 578px) 100vw, 578px\" \/><\/p>\n<h3><strong>&#8211; \u00bfSe refiere al intendente de Villa Mercedes?<\/strong><\/h3>\n<h3>&#8211; Por supuesto, no estoy descubriendo nada nuevo. Maxi ha logrado la reelecci\u00f3n de forma clara y contundente. Le gan\u00f3 al Poggismo pero tambi\u00e9n a las zancadillas que le pusieron internamente, para fabricar candidados sin inserci\u00f3n ni respeto en las bases. Habl\u00e9s con quien habl\u00e9s el nombre de Maxi emerge como un l\u00edder en serio, espont\u00e1neo, que se gan\u00f3 el respeto de todos por su capacidad de trabajo y su coherencia. Estoy convencido que es \u00e9l quien tiene que liderar este proceso de reconstrucci\u00f3n de nuestro partido. Su figura emerge como algo natural, no lo digo yo.<\/h3>\n<h3><strong>&#8211; Estar\u00eda siendo un tanto dif\u00edcil eso, teniendo en cuenta que lo suspendieron en su afiliaci\u00f3n partidaria.<\/strong><\/h3>\n<h3>&#8211; Una chicana. Igual que la expulsi\u00f3n de los compa\u00f1eros diputados.<\/h3>\n<h3><strong>&#8211; El justificativo o lo que se les factura es haber votado con el oficialismo en Diputados.<\/strong><\/h3>\n<h3>&#8211; Una tonter\u00eda. Lo que han hecho es seguir una linea institucional de respeto hacia el gobierno, que gan\u00f3 las elecciones y tiene pleno derecho a gobernar. Lo mismo que hace Maxi. Nos guste o no, Poggi gan\u00f3 y se lo debe respetar en t\u00e9rminos institucionales.<\/h3>\n<h3><strong>&#8211; El Editor lo ve diferente&#8230;<\/strong><\/h3>\n<h3>&#8211; Porque es mal perdedor. Conduce desde el resentimiento, lamentablemente se equivoca. Ahora se aferra al \u00fanico espacio de poder que le queda, la conducci\u00f3n del partido. Y toma estas decisiones que son manotazos de ahogado. F\u00edjese la convocatoria trucha a elecciones internas\u2026<\/h3>\n<h3><strong>&#8211; \u00bfPor qu\u00e9 lo dice?<\/strong><\/h3>\n<h3>&#8211; Porque no existe, todo humo. Se re\u00fane la Lista Celeste Unidad y decide en soledad llamar a elecciones. Eso es ilegal, quien convoca es el Consejo Provincial, con publicaci\u00f3n del edicto, cronograma, junta electoral, etc. Nada que se haya cumplido. No existe ning\u00fan llamado a elecciones internas, esa es la realidad. Por eso hemos apelado todo.<\/h3>\n<h3><strong>&#8211; \u00bfTambi\u00e9n las expulsiones y la suspensi\u00f3n en la ficha de Frontera?<\/strong><\/h3>\n<h3>&#8211; Todo es todo. Eso que intentan hacer se llama proscripci\u00f3n, lisa y llanamente. No es otra cosa. Como tengo miedo de perder, como no te quiero enfrentar, te saco de la cancha. Hago trampa. Como ser\u00e1 todo de tramposo que se tom\u00f3 la decisi\u00f3n de sancionar a Maxi y los legisladores y no se dio derecho de defensa, algo que es b\u00e1sico en t\u00e9rminos jur\u00eddicos. Todo esto es una parodia.<\/h3>\n<h3><strong>&#8211; \u00bfY c\u00f3mo sigue este culebr\u00f3n?<\/strong><\/h3>\n<h3>&#8211; Vamos a seguir reclamando respeto, que se realice una convocatoria legal y se dejen de lado las sanciones y proscripciones. Pero eso no es lo m\u00e1s importante: el partido es solo una herramienta electoral. Lo relevante aqu\u00ed es reconstuir un nuevo liderazgo en el seno del movimiento, que es algo mucho m\u00e1s amplio. Adaptarnos a los nuevos tiempos con miradas, conductas y comportamientos diferentes. Que nos permitan recuperar la credibilidad. Eso solo lo podemos hacer con nuevos actores. Maxi Frontera es uno de ellos, para m\u00ed el m\u00e1s importante.<\/h3>\n<p>&nbsp;<\/p>\n<p>&nbsp;<\/p>\n<p>&nbsp;<\/p>\n<p>&nbsp;<\/p>\n<p>&nbsp;<\/p>\n<p>&nbsp;<\/p>\n","protected":false},"excerpt":{"rendered":"<p>\u201cYo creo que \u00edntimamente \u00e9l lo sabe, o al menos lo presiente, pero le cuesta&#8230;<\/p>\n","protected":false},"author":1,"featured_media":15533,"comment_status":"closed","ping_status":"closed","sticky":false,"template":"","format":"standard","meta":{"footnotes":""},"categories":[9],"tags":[],"class_list":["post-21949","post","type-post","status-publish","format-standard","has-post-thumbnail","hentry","category-opinion"],"yoast_head":"<!-- This site is optimized with the Yoast SEO plugin v26.1.1 - https:\/\/yoast.com\/wordpress\/plugins\/seo\/ -->\n<title>\u201cRODR\u00cdGUEZ SA\u00c1 ENFRENTA SU FIN DE CICLO, PERO NO LO QUIERE ASUMIR\u201d - Apuntes de San Luis<\/title>\n<meta name=\"robots\" content=\"index, follow, max-snippet:-1, max-image-preview:large, max-video-preview:-1\" \/>\n<link rel=\"canonical\" href=\"https:\/\/apuntesdesanluis.com\/index.php\/2024\/09\/08\/rodriguez-saa-enfrenta-su-fin-de-ciclo-pero-no-lo-quiere-asumir\/\" \/>\n<meta property=\"og:locale\" content=\"es_ES\" \/>\n<meta property=\"og:type\" content=\"article\" \/>\n<meta property=\"og:title\" content=\"\u201cRODR\u00cdGUEZ SA\u00c1 ENFRENTA SU FIN DE CICLO, PERO NO LO QUIERE ASUMIR\u201d - Apuntes de San Luis\" \/>\n<meta property=\"og:description\" content=\"\u201cYo creo que \u00edntimamente \u00e9l lo sabe, o al menos lo presiente, pero le cuesta...\" \/>\n<meta property=\"og:url\" content=\"https:\/\/apuntesdesanluis.com\/index.php\/2024\/09\/08\/rodriguez-saa-enfrenta-su-fin-de-ciclo-pero-no-lo-quiere-asumir\/\" \/>\n<meta property=\"og:site_name\" content=\"Apuntes de San Luis\" \/>\n<meta property=\"article:published_time\" content=\"2024-09-08T23:11:39+00:00\" \/>\n<meta property=\"article:modified_time\" content=\"2024-09-09T00:26:05+00:00\" \/>\n<meta property=\"og:image\" content=\"https:\/\/apuntesdesanluis.com\/wp-content\/uploads\/2024\/04\/diego-gonzalez.png\" \/>\n\t<meta property=\"og:image:width\" content=\"744\" \/>\n\t<meta property=\"og:image:height\" content=\"457\" \/>\n\t<meta property=\"og:image:type\" content=\"image\/png\" \/>\n<meta name=\"author\" content=\"apuntesdesanluis.com\" \/>\n<meta name=\"twitter:card\" content=\"summary_large_image\" \/>\n<meta name=\"twitter:label1\" content=\"Escrito por\" \/>\n\t<meta name=\"twitter:data1\" content=\"apuntesdesanluis.com\" \/>\n\t<meta name=\"twitter:label2\" content=\"Tiempo de lectura\" \/>\n\t<meta name=\"twitter:data2\" content=\"4 minutos\" \/>\n<script type=\"application\/ld+json\" class=\"yoast-schema-graph\">{\"@context\":\"https:\/\/schema.org\",\"@graph\":[{\"@type\":\"Article\",\"@id\":\"https:\/\/apuntesdesanluis.com\/index.php\/2024\/09\/08\/rodriguez-saa-enfrenta-su-fin-de-ciclo-pero-no-lo-quiere-asumir\/#article\",\"isPartOf\":{\"@id\":\"https:\/\/apuntesdesanluis.com\/index.php\/2024\/09\/08\/rodriguez-saa-enfrenta-su-fin-de-ciclo-pero-no-lo-quiere-asumir\/\"},\"author\":{\"name\":\"apuntesdesanluis.com\",\"@id\":\"https:\/\/apuntesdesanluis.com\/#\/schema\/person\/b55151d52296fcce64d1a72538a70b90\"},\"headline\":\"\u201cRODR\u00cdGUEZ SA\u00c1 ENFRENTA SU FIN DE CICLO, PERO NO LO QUIERE ASUMIR\u201d\",\"datePublished\":\"2024-09-08T23:11:39+00:00\",\"dateModified\":\"2024-09-09T00:26:05+00:00\",\"mainEntityOfPage\":{\"@id\":\"https:\/\/apuntesdesanluis.com\/index.php\/2024\/09\/08\/rodriguez-saa-enfrenta-su-fin-de-ciclo-pero-no-lo-quiere-asumir\/\"},\"wordCount\":802,\"publisher\":{\"@id\":\"https:\/\/apuntesdesanluis.com\/#\/schema\/person\/b55151d52296fcce64d1a72538a70b90\"},\"image\":{\"@id\":\"https:\/\/apuntesdesanluis.com\/index.php\/2024\/09\/08\/rodriguez-saa-enfrenta-su-fin-de-ciclo-pero-no-lo-quiere-asumir\/#primaryimage\"},\"thumbnailUrl\":\"https:\/\/apuntesdesanluis.com\/wp-content\/uploads\/2024\/04\/diego-gonzalez.png\",\"articleSection\":[\"Opini\u00f3n\"],\"inLanguage\":\"es-AR\"},{\"@type\":\"WebPage\",\"@id\":\"https:\/\/apuntesdesanluis.com\/index.php\/2024\/09\/08\/rodriguez-saa-enfrenta-su-fin-de-ciclo-pero-no-lo-quiere-asumir\/\",\"url\":\"https:\/\/apuntesdesanluis.com\/index.php\/2024\/09\/08\/rodriguez-saa-enfrenta-su-fin-de-ciclo-pero-no-lo-quiere-asumir\/\",\"name\":\"\u201cRODR\u00cdGUEZ SA\u00c1 ENFRENTA SU FIN DE CICLO, PERO NO LO QUIERE ASUMIR\u201d - Apuntes de San Luis\",\"isPartOf\":{\"@id\":\"https:\/\/apuntesdesanluis.com\/#website\"},\"primaryImageOfPage\":{\"@id\":\"https:\/\/apuntesdesanluis.com\/index.php\/2024\/09\/08\/rodriguez-saa-enfrenta-su-fin-de-ciclo-pero-no-lo-quiere-asumir\/#primaryimage\"},\"image\":{\"@id\":\"https:\/\/apuntesdesanluis.com\/index.php\/2024\/09\/08\/rodriguez-saa-enfrenta-su-fin-de-ciclo-pero-no-lo-quiere-asumir\/#primaryimage\"},\"thumbnailUrl\":\"https:\/\/apuntesdesanluis.com\/wp-content\/uploads\/2024\/04\/diego-gonzalez.png\",\"datePublished\":\"2024-09-08T23:11:39+00:00\",\"dateModified\":\"2024-09-09T00:26:05+00:00\",\"breadcrumb\":{\"@id\":\"https:\/\/apuntesdesanluis.com\/index.php\/2024\/09\/08\/rodriguez-saa-enfrenta-su-fin-de-ciclo-pero-no-lo-quiere-asumir\/#breadcrumb\"},\"inLanguage\":\"es-AR\",\"potentialAction\":[{\"@type\":\"ReadAction\",\"target\":[\"https:\/\/apuntesdesanluis.com\/index.php\/2024\/09\/08\/rodriguez-saa-enfrenta-su-fin-de-ciclo-pero-no-lo-quiere-asumir\/\"]}]},{\"@type\":\"ImageObject\",\"inLanguage\":\"es-AR\",\"@id\":\"https:\/\/apuntesdesanluis.com\/index.php\/2024\/09\/08\/rodriguez-saa-enfrenta-su-fin-de-ciclo-pero-no-lo-quiere-asumir\/#primaryimage\",\"url\":\"https:\/\/apuntesdesanluis.com\/wp-content\/uploads\/2024\/04\/diego-gonzalez.png\",\"contentUrl\":\"https:\/\/apuntesdesanluis.com\/wp-content\/uploads\/2024\/04\/diego-gonzalez.png\",\"width\":744,\"height\":457},{\"@type\":\"BreadcrumbList\",\"@id\":\"https:\/\/apuntesdesanluis.com\/index.php\/2024\/09\/08\/rodriguez-saa-enfrenta-su-fin-de-ciclo-pero-no-lo-quiere-asumir\/#breadcrumb\",\"itemListElement\":[{\"@type\":\"ListItem\",\"position\":1,\"name\":\"Inicio\",\"item\":\"https:\/\/apuntesdesanluis.com\/\"},{\"@type\":\"ListItem\",\"position\":2,\"name\":\"\u201cRODR\u00cdGUEZ SA\u00c1 ENFRENTA SU FIN DE CICLO, PERO NO LO QUIERE ASUMIR\u201d\"}]},{\"@type\":\"WebSite\",\"@id\":\"https:\/\/apuntesdesanluis.com\/#website\",\"url\":\"https:\/\/apuntesdesanluis.com\/\",\"name\":\"Apuntes de San Luis\",\"description\":\"\",\"publisher\":{\"@id\":\"https:\/\/apuntesdesanluis.com\/#\/schema\/person\/b55151d52296fcce64d1a72538a70b90\"},\"potentialAction\":[{\"@type\":\"SearchAction\",\"target\":{\"@type\":\"EntryPoint\",\"urlTemplate\":\"https:\/\/apuntesdesanluis.com\/?s={search_term_string}\"},\"query-input\":{\"@type\":\"PropertyValueSpecification\",\"valueRequired\":true,\"valueName\":\"search_term_string\"}}],\"inLanguage\":\"es-AR\"},{\"@type\":[\"Person\",\"Organization\"],\"@id\":\"https:\/\/apuntesdesanluis.com\/#\/schema\/person\/b55151d52296fcce64d1a72538a70b90\",\"name\":\"apuntesdesanluis.com\",\"image\":{\"@type\":\"ImageObject\",\"inLanguage\":\"es-AR\",\"@id\":\"https:\/\/apuntesdesanluis.com\/#\/schema\/person\/image\/\",\"url\":\"https:\/\/apuntesdesanluis.com\/wp-content\/uploads\/2023\/07\/cropped-apuntesdesanluis.png\",\"contentUrl\":\"https:\/\/apuntesdesanluis.com\/wp-content\/uploads\/2023\/07\/cropped-apuntesdesanluis.png\",\"width\":450,\"height\":112,\"caption\":\"apuntesdesanluis.com\"},\"logo\":{\"@id\":\"https:\/\/apuntesdesanluis.com\/#\/schema\/person\/image\/\"},\"sameAs\":[\"https:\/\/apuntesdesanluis.com\"],\"url\":\"https:\/\/apuntesdesanluis.com\/index.php\/author\/apuntesdesanluis-com\/\"}]}<\/script>\n<!-- \/ Yoast SEO plugin. -->","yoast_head_json":{"title":"\u201cRODR\u00cdGUEZ SA\u00c1 ENFRENTA SU FIN DE CICLO, PERO NO LO QUIERE ASUMIR\u201d - Apuntes de San Luis","robots":{"index":"index","follow":"follow","max-snippet":"max-snippet:-1","max-image-preview":"max-image-preview:large","max-video-preview":"max-video-preview:-1"},"canonical":"https:\/\/apuntesdesanluis.com\/index.php\/2024\/09\/08\/rodriguez-saa-enfrenta-su-fin-de-ciclo-pero-no-lo-quiere-asumir\/","og_locale":"es_ES","og_type":"article","og_title":"\u201cRODR\u00cdGUEZ SA\u00c1 ENFRENTA SU FIN DE CICLO, PERO NO LO QUIERE ASUMIR\u201d - Apuntes de San Luis","og_description":"\u201cYo creo que \u00edntimamente \u00e9l lo sabe, o al menos lo presiente, pero le cuesta...","og_url":"https:\/\/apuntesdesanluis.com\/index.php\/2024\/09\/08\/rodriguez-saa-enfrenta-su-fin-de-ciclo-pero-no-lo-quiere-asumir\/","og_site_name":"Apuntes de San Luis","article_published_time":"2024-09-08T23:11:39+00:00","article_modified_time":"2024-09-09T00:26:05+00:00","og_image":[{"width":744,"height":457,"url":"https:\/\/apuntesdesanluis.com\/wp-content\/uploads\/2024\/04\/diego-gonzalez.png","type":"image\/png"}],"author":"apuntesdesanluis.com","twitter_card":"summary_large_image","twitter_misc":{"Escrito por":"apuntesdesanluis.com","Tiempo de lectura":"4 minutos"},"schema":{"@context":"https:\/\/schema.org","@graph":[{"@type":"Article","@id":"https:\/\/apuntesdesanluis.com\/index.php\/2024\/09\/08\/rodriguez-saa-enfrenta-su-fin-de-ciclo-pero-no-lo-quiere-asumir\/#article","isPartOf":{"@id":"https:\/\/apuntesdesanluis.com\/index.php\/2024\/09\/08\/rodriguez-saa-enfrenta-su-fin-de-ciclo-pero-no-lo-quiere-asumir\/"},"author":{"name":"apuntesdesanluis.com","@id":"https:\/\/apuntesdesanluis.com\/#\/schema\/person\/b55151d52296fcce64d1a72538a70b90"},"headline":"\u201cRODR\u00cdGUEZ SA\u00c1 ENFRENTA SU FIN DE CICLO, PERO NO LO QUIERE ASUMIR\u201d","datePublished":"2024-09-08T23:11:39+00:00","dateModified":"2024-09-09T00:26:05+00:00","mainEntityOfPage":{"@id":"https:\/\/apuntesdesanluis.com\/index.php\/2024\/09\/08\/rodriguez-saa-enfrenta-su-fin-de-ciclo-pero-no-lo-quiere-asumir\/"},"wordCount":802,"publisher":{"@id":"https:\/\/apuntesdesanluis.com\/#\/schema\/person\/b55151d52296fcce64d1a72538a70b90"},"image":{"@id":"https:\/\/apuntesdesanluis.com\/index.php\/2024\/09\/08\/rodriguez-saa-enfrenta-su-fin-de-ciclo-pero-no-lo-quiere-asumir\/#primaryimage"},"thumbnailUrl":"https:\/\/apuntesdesanluis.com\/wp-content\/uploads\/2024\/04\/diego-gonzalez.png","articleSection":["Opini\u00f3n"],"inLanguage":"es-AR"},{"@type":"WebPage","@id":"https:\/\/apuntesdesanluis.com\/index.php\/2024\/09\/08\/rodriguez-saa-enfrenta-su-fin-de-ciclo-pero-no-lo-quiere-asumir\/","url":"https:\/\/apuntesdesanluis.com\/index.php\/2024\/09\/08\/rodriguez-saa-enfrenta-su-fin-de-ciclo-pero-no-lo-quiere-asumir\/","name":"\u201cRODR\u00cdGUEZ SA\u00c1 ENFRENTA SU FIN DE CICLO, PERO NO LO QUIERE ASUMIR\u201d - Apuntes de San Luis","isPartOf":{"@id":"https:\/\/apuntesdesanluis.com\/#website"},"primaryImageOfPage":{"@id":"https:\/\/apuntesdesanluis.com\/index.php\/2024\/09\/08\/rodriguez-saa-enfrenta-su-fin-de-ciclo-pero-no-lo-quiere-asumir\/#primaryimage"},"image":{"@id":"https:\/\/apuntesdesanluis.com\/index.php\/2024\/09\/08\/rodriguez-saa-enfrenta-su-fin-de-ciclo-pero-no-lo-quiere-asumir\/#primaryimage"},"thumbnailUrl":"https:\/\/apuntesdesanluis.com\/wp-content\/uploads\/2024\/04\/diego-gonzalez.png","datePublished":"2024-09-08T23:11:39+00:00","dateModified":"2024-09-09T00:26:05+00:00","breadcrumb":{"@id":"https:\/\/apuntesdesanluis.com\/index.php\/2024\/09\/08\/rodriguez-saa-enfrenta-su-fin-de-ciclo-pero-no-lo-quiere-asumir\/#breadcrumb"},"inLanguage":"es-AR","potentialAction":[{"@type":"ReadAction","target":["https:\/\/apuntesdesanluis.com\/index.php\/2024\/09\/08\/rodriguez-saa-enfrenta-su-fin-de-ciclo-pero-no-lo-quiere-asumir\/"]}]},{"@type":"ImageObject","inLanguage":"es-AR","@id":"https:\/\/apuntesdesanluis.com\/index.php\/2024\/09\/08\/rodriguez-saa-enfrenta-su-fin-de-ciclo-pero-no-lo-quiere-asumir\/#primaryimage","url":"https:\/\/apuntesdesanluis.com\/wp-content\/uploads\/2024\/04\/diego-gonzalez.png","contentUrl":"https:\/\/apuntesdesanluis.com\/wp-content\/uploads\/2024\/04\/diego-gonzalez.png","width":744,"height":457},{"@type":"BreadcrumbList","@id":"https:\/\/apuntesdesanluis.com\/index.php\/2024\/09\/08\/rodriguez-saa-enfrenta-su-fin-de-ciclo-pero-no-lo-quiere-asumir\/#breadcrumb","itemListElement":[{"@type":"ListItem","position":1,"name":"Inicio","item":"https:\/\/apuntesdesanluis.com\/"},{"@type":"ListItem","position":2,"name":"\u201cRODR\u00cdGUEZ SA\u00c1 ENFRENTA SU FIN DE CICLO, PERO NO LO QUIERE ASUMIR\u201d"}]},{"@type":"WebSite","@id":"https:\/\/apuntesdesanluis.com\/#website","url":"https:\/\/apuntesdesanluis.com\/","name":"Apuntes de San Luis","description":"","publisher":{"@id":"https:\/\/apuntesdesanluis.com\/#\/schema\/person\/b55151d52296fcce64d1a72538a70b90"},"potentialAction":[{"@type":"SearchAction","target":{"@type":"EntryPoint","urlTemplate":"https:\/\/apuntesdesanluis.com\/?s={search_term_string}"},"query-input":{"@type":"PropertyValueSpecification","valueRequired":true,"valueName":"search_term_string"}}],"inLanguage":"es-AR"},{"@type":["Person","Organization"],"@id":"https:\/\/apuntesdesanluis.com\/#\/schema\/person\/b55151d52296fcce64d1a72538a70b90","name":"apuntesdesanluis.com","image":{"@type":"ImageObject","inLanguage":"es-AR","@id":"https:\/\/apuntesdesanluis.com\/#\/schema\/person\/image\/","url":"https:\/\/apuntesdesanluis.com\/wp-content\/uploads\/2023\/07\/cropped-apuntesdesanluis.png","contentUrl":"https:\/\/apuntesdesanluis.com\/wp-content\/uploads\/2023\/07\/cropped-apuntesdesanluis.png","width":450,"height":112,"caption":"apuntesdesanluis.com"},"logo":{"@id":"https:\/\/apuntesdesanluis.com\/#\/schema\/person\/image\/"},"sameAs":["https:\/\/apuntesdesanluis.com"],"url":"https:\/\/apuntesdesanluis.com\/index.php\/author\/apuntesdesanluis-com\/"}]}},"featured_image_urls":{"full":["https:\/\/apuntesdesanluis.com\/wp-content\/uploads\/2024\/04\/diego-gonzalez.png",744,457,false],"thumbnail":["https:\/\/apuntesdesanluis.com\/wp-content\/uploads\/2024\/04\/diego-gonzalez-150x150.png",150,150,true],"medium":["https:\/\/apuntesdesanluis.com\/wp-content\/uploads\/2024\/04\/diego-gonzalez-300x184.png",300,184,true],"medium_large":["https:\/\/apuntesdesanluis.com\/wp-content\/uploads\/2024\/04\/diego-gonzalez.png",640,393,false],"large":["https:\/\/apuntesdesanluis.com\/wp-content\/uploads\/2024\/04\/diego-gonzalez.png",640,393,false],"1536x1536":["https:\/\/apuntesdesanluis.com\/wp-content\/uploads\/2024\/04\/diego-gonzalez.png",744,457,false],"2048x2048":["https:\/\/apuntesdesanluis.com\/wp-content\/uploads\/2024\/04\/diego-gonzalez.png",744,457,false],"newsever-slider-full":["https:\/\/apuntesdesanluis.com\/wp-content\/uploads\/2024\/04\/diego-gonzalez.png",744,457,false],"newsever-featured":["https:\/\/apuntesdesanluis.com\/wp-content\/uploads\/2024\/04\/diego-gonzalez.png",744,457,false],"newsever-medium":["https:\/\/apuntesdesanluis.com\/wp-content\/uploads\/2024\/04\/diego-gonzalez-720x457.png",720,457,true]},"author_info":{"display_name":"apuntesdesanluis.com","author_link":"https:\/\/apuntesdesanluis.com\/index.php\/author\/apuntesdesanluis-com\/"},"category_info":"<a href=\"https:\/\/apuntesdesanluis.com\/index.php\/category\/opinion\/\" rel=\"category tag\">Opini\u00f3n<\/a>","tag_info":"Opini\u00f3n","comment_count":"0","_links":{"self":[{"href":"https:\/\/apuntesdesanluis.com\/index.php\/wp-json\/wp\/v2\/posts\/21949","targetHints":{"allow":["GET"]}}],"collection":[{"href":"https:\/\/apuntesdesanluis.com\/index.php\/wp-json\/wp\/v2\/posts"}],"about":[{"href":"https:\/\/apuntesdesanluis.com\/index.php\/wp-json\/wp\/v2\/types\/post"}],"author":[{"embeddable":true,"href":"https:\/\/apuntesdesanluis.com\/index.php\/wp-json\/wp\/v2\/users\/1"}],"replies":[{"embeddable":true,"href":"https:\/\/apuntesdesanluis.com\/index.php\/wp-json\/wp\/v2\/comments?post=21949"}],"version-history":[{"count":8,"href":"https:\/\/apuntesdesanluis.com\/index.php\/wp-json\/wp\/v2\/posts\/21949\/revisions"}],"predecessor-version":[{"id":21962,"href":"https:\/\/apuntesdesanluis.com\/index.php\/wp-json\/wp\/v2\/posts\/21949\/revisions\/21962"}],"wp:featuredmedia":[{"embeddable":true,"href":"https:\/\/apuntesdesanluis.com\/index.php\/wp-json\/wp\/v2\/media\/15533"}],"wp:attachment":[{"href":"https:\/\/apuntesdesanluis.com\/index.php\/wp-json\/wp\/v2\/media?parent=21949"}],"wp:term":[{"taxonomy":"category","embeddable":true,"href":"https:\/\/apuntesdesanluis.com\/index.php\/wp-json\/wp\/v2\/categories?post=21949"},{"taxonomy":"post_tag","embeddable":true,"href":"https:\/\/apuntesdesanluis.com\/index.php\/wp-json\/wp\/v2\/tags?post=21949"}],"curies":[{"name":"wp","href":"https:\/\/api.w.org\/{rel}","templated":true}]}}