{"id":2200,"date":"2023-08-28T14:01:34","date_gmt":"2023-08-28T17:01:34","guid":{"rendered":"https:\/\/apuntesdesanluis.com\/?p=2200"},"modified":"2023-08-28T14:01:34","modified_gmt":"2023-08-28T17:01:34","slug":"los-jovenes-imputados-por-la-violacion-grupal-en-palermo-se-negaron-a-declarar","status":"publish","type":"post","link":"https:\/\/apuntesdesanluis.com\/index.php\/2023\/08\/28\/los-jovenes-imputados-por-la-violacion-grupal-en-palermo-se-negaron-a-declarar\/","title":{"rendered":"LOS J\u00d3VENES IMPUTADOS POR LA VIOLACI\u00d3N GRUPAL EN PALERMO SE NEGARON A DECLARAR"},"content":{"rendered":"<h3>Este lunes comenz\u00f3 el juicio oral y uno de los abogados de la defensa solicit\u00f3 la &#8220;absoluci\u00f3n completa&#8221; de todos los imputados.<\/h3>\n<h3>Los seis j\u00f3venes imputados por la violaci\u00f3n grupal en Palermo se negaron a declarar en el primer d\u00eda del juicio oral en Tribunales.<\/h3>\n<h3>Jorge Alfonso, abogado de la defensa, se explay\u00f3 en el cierra del debate y explic\u00f3 que se pidieron nulidades y los acusados se negaron a declarar.<\/h3>\n<h3>&#8220;No hay elementos para sostener los roles y el entramado del hecho. Lo del consentimiento se va a dirimir&#8221;, remarc\u00f3.<\/h3>\n<h3>En di\u00e1logo con la prensa, Alfonso destac\u00f3 que se pedir\u00e1 la &#8220;absoluci\u00f3n completa&#8221; de \u00c1ngel Pascual Ramos, Lautaro Dante Ciongo Pasotti, Thomas Fabi\u00e1n Dom\u00ednguez, Franco Jes\u00fas Lykan, Alexis Steven Cuzzoni e Ignacio Retondo.<\/h3>\n<h3>Antes de retirarse, el defensor de Tom\u00e1s Dom\u00ednguez hizo referencia a la inocencia de su cliente: &#8220;Me da pena que haya delitos peores que estos y los acusados est\u00e9n libres, es la justicia que tenemos&#8221;.<\/h3>\n<h3>Los seis j\u00f3venes llegan al juicio con prisi\u00f3n preventiva e imputados por el delito de &#8220;coautor\u00eda del delito de abuso sexual con acceso carnal agravado&#8221;.<\/h3>\n<h3>Marino Cid Aparicio, abogado de la panadera, habl\u00f3 sobre las agresiones que sufri\u00f3 antes del arranque del juicio y de los detalles de la audiencia.<\/h3>\n<h3>&#8220;Sufr\u00ed una agresi\u00f3n por parte de familiares de los imputados que est\u00e1n desde temprano protestando. Est\u00e1n en su derecho ya que no pueden entrar a la sala pero no deja de ser un feo momento&#8221;, cuestion\u00f3.<\/h3>\n<h3>Acerca del debate indic\u00f3: &#8220;Fue tranquila porque se hizo la acusaci\u00f3n formal a los imputados en el cual hubo planteos de nulidad a los que no dieron lugar&#8221;.<\/h3>\n<p>&nbsp;<\/p>\n<p>&nbsp;<\/p>\n<p>&nbsp;<\/p>\n","protected":false},"excerpt":{"rendered":"<p>Este lunes comenz\u00f3 el juicio oral y uno de los abogados de la defensa solicit\u00f3&#8230;<\/p>\n","protected":false},"author":1,"featured_media":2201,"comment_status":"closed","ping_status":"closed","sticky":false,"template":"","format":"standard","meta":{"footnotes":""},"categories":[5],"tags":[],"class_list":["post-2200","post","type-post","status-publish","format-standard","has-post-thumbnail","hentry","category-nacionales-internacionales"],"yoast_head":"<!-- This site is optimized with the Yoast SEO plugin v26.1.1 - https:\/\/yoast.com\/wordpress\/plugins\/seo\/ -->\n<title>LOS J\u00d3VENES IMPUTADOS POR LA VIOLACI\u00d3N GRUPAL EN PALERMO SE NEGARON A DECLARAR - Apuntes de San Luis<\/title>\n<meta name=\"robots\" content=\"index, follow, max-snippet:-1, max-image-preview:large, max-video-preview:-1\" \/>\n<link rel=\"canonical\" href=\"https:\/\/apuntesdesanluis.com\/index.php\/2023\/08\/28\/los-jovenes-imputados-por-la-violacion-grupal-en-palermo-se-negaron-a-declarar\/\" \/>\n<meta property=\"og:locale\" content=\"es_ES\" \/>\n<meta property=\"og:type\" content=\"article\" \/>\n<meta property=\"og:title\" content=\"LOS J\u00d3VENES IMPUTADOS POR LA VIOLACI\u00d3N GRUPAL EN PALERMO SE NEGARON A DECLARAR - Apuntes de San Luis\" \/>\n<meta property=\"og:description\" content=\"Este lunes comenz\u00f3 el juicio oral y uno de los abogados de la defensa solicit\u00f3...\" \/>\n<meta property=\"og:url\" content=\"https:\/\/apuntesdesanluis.com\/index.php\/2023\/08\/28\/los-jovenes-imputados-por-la-violacion-grupal-en-palermo-se-negaron-a-declarar\/\" \/>\n<meta property=\"og:site_name\" content=\"Apuntes de San Luis\" \/>\n<meta property=\"article:published_time\" content=\"2023-08-28T17:01:34+00:00\" \/>\n<meta property=\"og:image\" content=\"https:\/\/apuntesdesanluis.com\/wp-content\/uploads\/2023\/08\/acusados-por-violacion-grupal.png\" \/>\n\t<meta property=\"og:image:width\" content=\"602\" \/>\n\t<meta property=\"og:image:height\" content=\"358\" \/>\n\t<meta property=\"og:image:type\" content=\"image\/png\" \/>\n<meta name=\"author\" content=\"apuntesdesanluis.com\" \/>\n<meta name=\"twitter:card\" content=\"summary_large_image\" \/>\n<meta name=\"twitter:label1\" content=\"Escrito por\" \/>\n\t<meta name=\"twitter:data1\" content=\"apuntesdesanluis.com\" \/>\n\t<meta name=\"twitter:label2\" content=\"Tiempo de lectura\" \/>\n\t<meta name=\"twitter:data2\" content=\"2 minutos\" \/>\n<script type=\"application\/ld+json\" class=\"yoast-schema-graph\">{\"@context\":\"https:\/\/schema.org\",\"@graph\":[{\"@type\":\"Article\",\"@id\":\"https:\/\/apuntesdesanluis.com\/index.php\/2023\/08\/28\/los-jovenes-imputados-por-la-violacion-grupal-en-palermo-se-negaron-a-declarar\/#article\",\"isPartOf\":{\"@id\":\"https:\/\/apuntesdesanluis.com\/index.php\/2023\/08\/28\/los-jovenes-imputados-por-la-violacion-grupal-en-palermo-se-negaron-a-declarar\/\"},\"author\":{\"name\":\"apuntesdesanluis.com\",\"@id\":\"https:\/\/apuntesdesanluis.com\/#\/schema\/person\/b55151d52296fcce64d1a72538a70b90\"},\"headline\":\"LOS J\u00d3VENES IMPUTADOS POR LA VIOLACI\u00d3N GRUPAL EN PALERMO SE NEGARON A DECLARAR\",\"datePublished\":\"2023-08-28T17:01:34+00:00\",\"mainEntityOfPage\":{\"@id\":\"https:\/\/apuntesdesanluis.com\/index.php\/2023\/08\/28\/los-jovenes-imputados-por-la-violacion-grupal-en-palermo-se-negaron-a-declarar\/\"},\"wordCount\":310,\"publisher\":{\"@id\":\"https:\/\/apuntesdesanluis.com\/#\/schema\/person\/b55151d52296fcce64d1a72538a70b90\"},\"image\":{\"@id\":\"https:\/\/apuntesdesanluis.com\/index.php\/2023\/08\/28\/los-jovenes-imputados-por-la-violacion-grupal-en-palermo-se-negaron-a-declarar\/#primaryimage\"},\"thumbnailUrl\":\"https:\/\/apuntesdesanluis.com\/wp-content\/uploads\/2023\/08\/acusados-por-violacion-grupal.png\",\"articleSection\":[\"Nacionales\/Internacionales\"],\"inLanguage\":\"es-AR\"},{\"@type\":\"WebPage\",\"@id\":\"https:\/\/apuntesdesanluis.com\/index.php\/2023\/08\/28\/los-jovenes-imputados-por-la-violacion-grupal-en-palermo-se-negaron-a-declarar\/\",\"url\":\"https:\/\/apuntesdesanluis.com\/index.php\/2023\/08\/28\/los-jovenes-imputados-por-la-violacion-grupal-en-palermo-se-negaron-a-declarar\/\",\"name\":\"LOS J\u00d3VENES IMPUTADOS POR LA VIOLACI\u00d3N GRUPAL EN PALERMO SE NEGARON A DECLARAR - Apuntes de San Luis\",\"isPartOf\":{\"@id\":\"https:\/\/apuntesdesanluis.com\/#website\"},\"primaryImageOfPage\":{\"@id\":\"https:\/\/apuntesdesanluis.com\/index.php\/2023\/08\/28\/los-jovenes-imputados-por-la-violacion-grupal-en-palermo-se-negaron-a-declarar\/#primaryimage\"},\"image\":{\"@id\":\"https:\/\/apuntesdesanluis.com\/index.php\/2023\/08\/28\/los-jovenes-imputados-por-la-violacion-grupal-en-palermo-se-negaron-a-declarar\/#primaryimage\"},\"thumbnailUrl\":\"https:\/\/apuntesdesanluis.com\/wp-content\/uploads\/2023\/08\/acusados-por-violacion-grupal.png\",\"datePublished\":\"2023-08-28T17:01:34+00:00\",\"breadcrumb\":{\"@id\":\"https:\/\/apuntesdesanluis.com\/index.php\/2023\/08\/28\/los-jovenes-imputados-por-la-violacion-grupal-en-palermo-se-negaron-a-declarar\/#breadcrumb\"},\"inLanguage\":\"es-AR\",\"potentialAction\":[{\"@type\":\"ReadAction\",\"target\":[\"https:\/\/apuntesdesanluis.com\/index.php\/2023\/08\/28\/los-jovenes-imputados-por-la-violacion-grupal-en-palermo-se-negaron-a-declarar\/\"]}]},{\"@type\":\"ImageObject\",\"inLanguage\":\"es-AR\",\"@id\":\"https:\/\/apuntesdesanluis.com\/index.php\/2023\/08\/28\/los-jovenes-imputados-por-la-violacion-grupal-en-palermo-se-negaron-a-declarar\/#primaryimage\",\"url\":\"https:\/\/apuntesdesanluis.com\/wp-content\/uploads\/2023\/08\/acusados-por-violacion-grupal.png\",\"contentUrl\":\"https:\/\/apuntesdesanluis.com\/wp-content\/uploads\/2023\/08\/acusados-por-violacion-grupal.png\",\"width\":602,\"height\":358},{\"@type\":\"BreadcrumbList\",\"@id\":\"https:\/\/apuntesdesanluis.com\/index.php\/2023\/08\/28\/los-jovenes-imputados-por-la-violacion-grupal-en-palermo-se-negaron-a-declarar\/#breadcrumb\",\"itemListElement\":[{\"@type\":\"ListItem\",\"position\":1,\"name\":\"Inicio\",\"item\":\"https:\/\/apuntesdesanluis.com\/\"},{\"@type\":\"ListItem\",\"position\":2,\"name\":\"LOS J\u00d3VENES IMPUTADOS POR LA VIOLACI\u00d3N GRUPAL EN PALERMO SE NEGARON A DECLARAR\"}]},{\"@type\":\"WebSite\",\"@id\":\"https:\/\/apuntesdesanluis.com\/#website\",\"url\":\"https:\/\/apuntesdesanluis.com\/\",\"name\":\"Apuntes de San Luis\",\"description\":\"\",\"publisher\":{\"@id\":\"https:\/\/apuntesdesanluis.com\/#\/schema\/person\/b55151d52296fcce64d1a72538a70b90\"},\"potentialAction\":[{\"@type\":\"SearchAction\",\"target\":{\"@type\":\"EntryPoint\",\"urlTemplate\":\"https:\/\/apuntesdesanluis.com\/?s={search_term_string}\"},\"query-input\":{\"@type\":\"PropertyValueSpecification\",\"valueRequired\":true,\"valueName\":\"search_term_string\"}}],\"inLanguage\":\"es-AR\"},{\"@type\":[\"Person\",\"Organization\"],\"@id\":\"https:\/\/apuntesdesanluis.com\/#\/schema\/person\/b55151d52296fcce64d1a72538a70b90\",\"name\":\"apuntesdesanluis.com\",\"image\":{\"@type\":\"ImageObject\",\"inLanguage\":\"es-AR\",\"@id\":\"https:\/\/apuntesdesanluis.com\/#\/schema\/person\/image\/\",\"url\":\"https:\/\/apuntesdesanluis.com\/wp-content\/uploads\/2023\/07\/cropped-apuntesdesanluis.png\",\"contentUrl\":\"https:\/\/apuntesdesanluis.com\/wp-content\/uploads\/2023\/07\/cropped-apuntesdesanluis.png\",\"width\":450,\"height\":112,\"caption\":\"apuntesdesanluis.com\"},\"logo\":{\"@id\":\"https:\/\/apuntesdesanluis.com\/#\/schema\/person\/image\/\"},\"sameAs\":[\"https:\/\/apuntesdesanluis.com\"],\"url\":\"https:\/\/apuntesdesanluis.com\/index.php\/author\/apuntesdesanluis-com\/\"}]}<\/script>\n<!-- \/ Yoast SEO plugin. -->","yoast_head_json":{"title":"LOS J\u00d3VENES IMPUTADOS POR LA VIOLACI\u00d3N GRUPAL EN PALERMO SE NEGARON A DECLARAR - Apuntes de San Luis","robots":{"index":"index","follow":"follow","max-snippet":"max-snippet:-1","max-image-preview":"max-image-preview:large","max-video-preview":"max-video-preview:-1"},"canonical":"https:\/\/apuntesdesanluis.com\/index.php\/2023\/08\/28\/los-jovenes-imputados-por-la-violacion-grupal-en-palermo-se-negaron-a-declarar\/","og_locale":"es_ES","og_type":"article","og_title":"LOS J\u00d3VENES IMPUTADOS POR LA VIOLACI\u00d3N GRUPAL EN PALERMO SE NEGARON A DECLARAR - Apuntes de San Luis","og_description":"Este lunes comenz\u00f3 el juicio oral y uno de los abogados de la defensa solicit\u00f3...","og_url":"https:\/\/apuntesdesanluis.com\/index.php\/2023\/08\/28\/los-jovenes-imputados-por-la-violacion-grupal-en-palermo-se-negaron-a-declarar\/","og_site_name":"Apuntes de San Luis","article_published_time":"2023-08-28T17:01:34+00:00","og_image":[{"width":602,"height":358,"url":"https:\/\/apuntesdesanluis.com\/wp-content\/uploads\/2023\/08\/acusados-por-violacion-grupal.png","type":"image\/png"}],"author":"apuntesdesanluis.com","twitter_card":"summary_large_image","twitter_misc":{"Escrito por":"apuntesdesanluis.com","Tiempo de lectura":"2 minutos"},"schema":{"@context":"https:\/\/schema.org","@graph":[{"@type":"Article","@id":"https:\/\/apuntesdesanluis.com\/index.php\/2023\/08\/28\/los-jovenes-imputados-por-la-violacion-grupal-en-palermo-se-negaron-a-declarar\/#article","isPartOf":{"@id":"https:\/\/apuntesdesanluis.com\/index.php\/2023\/08\/28\/los-jovenes-imputados-por-la-violacion-grupal-en-palermo-se-negaron-a-declarar\/"},"author":{"name":"apuntesdesanluis.com","@id":"https:\/\/apuntesdesanluis.com\/#\/schema\/person\/b55151d52296fcce64d1a72538a70b90"},"headline":"LOS J\u00d3VENES IMPUTADOS POR LA VIOLACI\u00d3N GRUPAL EN PALERMO SE NEGARON A DECLARAR","datePublished":"2023-08-28T17:01:34+00:00","mainEntityOfPage":{"@id":"https:\/\/apuntesdesanluis.com\/index.php\/2023\/08\/28\/los-jovenes-imputados-por-la-violacion-grupal-en-palermo-se-negaron-a-declarar\/"},"wordCount":310,"publisher":{"@id":"https:\/\/apuntesdesanluis.com\/#\/schema\/person\/b55151d52296fcce64d1a72538a70b90"},"image":{"@id":"https:\/\/apuntesdesanluis.com\/index.php\/2023\/08\/28\/los-jovenes-imputados-por-la-violacion-grupal-en-palermo-se-negaron-a-declarar\/#primaryimage"},"thumbnailUrl":"https:\/\/apuntesdesanluis.com\/wp-content\/uploads\/2023\/08\/acusados-por-violacion-grupal.png","articleSection":["Nacionales\/Internacionales"],"inLanguage":"es-AR"},{"@type":"WebPage","@id":"https:\/\/apuntesdesanluis.com\/index.php\/2023\/08\/28\/los-jovenes-imputados-por-la-violacion-grupal-en-palermo-se-negaron-a-declarar\/","url":"https:\/\/apuntesdesanluis.com\/index.php\/2023\/08\/28\/los-jovenes-imputados-por-la-violacion-grupal-en-palermo-se-negaron-a-declarar\/","name":"LOS J\u00d3VENES IMPUTADOS POR LA VIOLACI\u00d3N GRUPAL EN PALERMO SE NEGARON A DECLARAR - Apuntes de San Luis","isPartOf":{"@id":"https:\/\/apuntesdesanluis.com\/#website"},"primaryImageOfPage":{"@id":"https:\/\/apuntesdesanluis.com\/index.php\/2023\/08\/28\/los-jovenes-imputados-por-la-violacion-grupal-en-palermo-se-negaron-a-declarar\/#primaryimage"},"image":{"@id":"https:\/\/apuntesdesanluis.com\/index.php\/2023\/08\/28\/los-jovenes-imputados-por-la-violacion-grupal-en-palermo-se-negaron-a-declarar\/#primaryimage"},"thumbnailUrl":"https:\/\/apuntesdesanluis.com\/wp-content\/uploads\/2023\/08\/acusados-por-violacion-grupal.png","datePublished":"2023-08-28T17:01:34+00:00","breadcrumb":{"@id":"https:\/\/apuntesdesanluis.com\/index.php\/2023\/08\/28\/los-jovenes-imputados-por-la-violacion-grupal-en-palermo-se-negaron-a-declarar\/#breadcrumb"},"inLanguage":"es-AR","potentialAction":[{"@type":"ReadAction","target":["https:\/\/apuntesdesanluis.com\/index.php\/2023\/08\/28\/los-jovenes-imputados-por-la-violacion-grupal-en-palermo-se-negaron-a-declarar\/"]}]},{"@type":"ImageObject","inLanguage":"es-AR","@id":"https:\/\/apuntesdesanluis.com\/index.php\/2023\/08\/28\/los-jovenes-imputados-por-la-violacion-grupal-en-palermo-se-negaron-a-declarar\/#primaryimage","url":"https:\/\/apuntesdesanluis.com\/wp-content\/uploads\/2023\/08\/acusados-por-violacion-grupal.png","contentUrl":"https:\/\/apuntesdesanluis.com\/wp-content\/uploads\/2023\/08\/acusados-por-violacion-grupal.png","width":602,"height":358},{"@type":"BreadcrumbList","@id":"https:\/\/apuntesdesanluis.com\/index.php\/2023\/08\/28\/los-jovenes-imputados-por-la-violacion-grupal-en-palermo-se-negaron-a-declarar\/#breadcrumb","itemListElement":[{"@type":"ListItem","position":1,"name":"Inicio","item":"https:\/\/apuntesdesanluis.com\/"},{"@type":"ListItem","position":2,"name":"LOS J\u00d3VENES IMPUTADOS POR LA VIOLACI\u00d3N GRUPAL EN PALERMO SE NEGARON A DECLARAR"}]},{"@type":"WebSite","@id":"https:\/\/apuntesdesanluis.com\/#website","url":"https:\/\/apuntesdesanluis.com\/","name":"Apuntes de San Luis","description":"","publisher":{"@id":"https:\/\/apuntesdesanluis.com\/#\/schema\/person\/b55151d52296fcce64d1a72538a70b90"},"potentialAction":[{"@type":"SearchAction","target":{"@type":"EntryPoint","urlTemplate":"https:\/\/apuntesdesanluis.com\/?s={search_term_string}"},"query-input":{"@type":"PropertyValueSpecification","valueRequired":true,"valueName":"search_term_string"}}],"inLanguage":"es-AR"},{"@type":["Person","Organization"],"@id":"https:\/\/apuntesdesanluis.com\/#\/schema\/person\/b55151d52296fcce64d1a72538a70b90","name":"apuntesdesanluis.com","image":{"@type":"ImageObject","inLanguage":"es-AR","@id":"https:\/\/apuntesdesanluis.com\/#\/schema\/person\/image\/","url":"https:\/\/apuntesdesanluis.com\/wp-content\/uploads\/2023\/07\/cropped-apuntesdesanluis.png","contentUrl":"https:\/\/apuntesdesanluis.com\/wp-content\/uploads\/2023\/07\/cropped-apuntesdesanluis.png","width":450,"height":112,"caption":"apuntesdesanluis.com"},"logo":{"@id":"https:\/\/apuntesdesanluis.com\/#\/schema\/person\/image\/"},"sameAs":["https:\/\/apuntesdesanluis.com"],"url":"https:\/\/apuntesdesanluis.com\/index.php\/author\/apuntesdesanluis-com\/"}]}},"featured_image_urls":{"full":["https:\/\/apuntesdesanluis.com\/wp-content\/uploads\/2023\/08\/acusados-por-violacion-grupal.png",602,358,false],"thumbnail":["https:\/\/apuntesdesanluis.com\/wp-content\/uploads\/2023\/08\/acusados-por-violacion-grupal-150x150.png",150,150,true],"medium":["https:\/\/apuntesdesanluis.com\/wp-content\/uploads\/2023\/08\/acusados-por-violacion-grupal-300x178.png",300,178,true],"medium_large":["https:\/\/apuntesdesanluis.com\/wp-content\/uploads\/2023\/08\/acusados-por-violacion-grupal.png",602,358,false],"large":["https:\/\/apuntesdesanluis.com\/wp-content\/uploads\/2023\/08\/acusados-por-violacion-grupal.png",602,358,false],"1536x1536":["https:\/\/apuntesdesanluis.com\/wp-content\/uploads\/2023\/08\/acusados-por-violacion-grupal.png",602,358,false],"2048x2048":["https:\/\/apuntesdesanluis.com\/wp-content\/uploads\/2023\/08\/acusados-por-violacion-grupal.png",602,358,false],"newsever-slider-full":["https:\/\/apuntesdesanluis.com\/wp-content\/uploads\/2023\/08\/acusados-por-violacion-grupal.png",602,358,false],"newsever-featured":["https:\/\/apuntesdesanluis.com\/wp-content\/uploads\/2023\/08\/acusados-por-violacion-grupal.png",602,358,false],"newsever-medium":["https:\/\/apuntesdesanluis.com\/wp-content\/uploads\/2023\/08\/acusados-por-violacion-grupal.png",602,358,false]},"author_info":{"display_name":"apuntesdesanluis.com","author_link":"https:\/\/apuntesdesanluis.com\/index.php\/author\/apuntesdesanluis-com\/"},"category_info":"<a href=\"https:\/\/apuntesdesanluis.com\/index.php\/category\/nacionales-internacionales\/\" rel=\"category tag\">Nacionales\/Internacionales<\/a>","tag_info":"Nacionales\/Internacionales","comment_count":"0","_links":{"self":[{"href":"https:\/\/apuntesdesanluis.com\/index.php\/wp-json\/wp\/v2\/posts\/2200","targetHints":{"allow":["GET"]}}],"collection":[{"href":"https:\/\/apuntesdesanluis.com\/index.php\/wp-json\/wp\/v2\/posts"}],"about":[{"href":"https:\/\/apuntesdesanluis.com\/index.php\/wp-json\/wp\/v2\/types\/post"}],"author":[{"embeddable":true,"href":"https:\/\/apuntesdesanluis.com\/index.php\/wp-json\/wp\/v2\/users\/1"}],"replies":[{"embeddable":true,"href":"https:\/\/apuntesdesanluis.com\/index.php\/wp-json\/wp\/v2\/comments?post=2200"}],"version-history":[{"count":1,"href":"https:\/\/apuntesdesanluis.com\/index.php\/wp-json\/wp\/v2\/posts\/2200\/revisions"}],"predecessor-version":[{"id":2202,"href":"https:\/\/apuntesdesanluis.com\/index.php\/wp-json\/wp\/v2\/posts\/2200\/revisions\/2202"}],"wp:featuredmedia":[{"embeddable":true,"href":"https:\/\/apuntesdesanluis.com\/index.php\/wp-json\/wp\/v2\/media\/2201"}],"wp:attachment":[{"href":"https:\/\/apuntesdesanluis.com\/index.php\/wp-json\/wp\/v2\/media?parent=2200"}],"wp:term":[{"taxonomy":"category","embeddable":true,"href":"https:\/\/apuntesdesanluis.com\/index.php\/wp-json\/wp\/v2\/categories?post=2200"},{"taxonomy":"post_tag","embeddable":true,"href":"https:\/\/apuntesdesanluis.com\/index.php\/wp-json\/wp\/v2\/tags?post=2200"}],"curies":[{"name":"wp","href":"https:\/\/api.w.org\/{rel}","templated":true}]}}