{"id":22019,"date":"2024-09-09T14:08:45","date_gmt":"2024-09-09T17:08:45","guid":{"rendered":"https:\/\/apuntesdesanluis.com\/?p=22019"},"modified":"2024-09-09T21:11:34","modified_gmt":"2024-09-10T00:11:34","slug":"le-formularon-cargos-a-un-hombre-que-robo-a-plena-luz-del-dia","status":"publish","type":"post","link":"https:\/\/apuntesdesanluis.com\/index.php\/2024\/09\/09\/le-formularon-cargos-a-un-hombre-que-robo-a-plena-luz-del-dia\/","title":{"rendered":"LE FORMULARON CARGOS A UN HOMBRE QUE ROB\u00d3 A PLENA LUZ DEL D\u00cdA"},"content":{"rendered":"<h3>La audiencia de formulaci\u00f3n de cargos estuvo a cargo del Juez de Garant\u00edas N\u00ba 4 de la Segunda Circunscripci\u00f3n.<\/h3>\n<h3>Este martes, se realiz\u00f3 una audiencia en donde formularon cargos a un hombre por un\u00a0 hecho ocurrido el\u00a0 pasado 3 de septiembre en Villa Mercedes.<\/h3>\n<h3>El Dr. Alberto Orellana \u2013 Fiscal Adjunto- relat\u00f3\u00a0 que el imputado, junto a otra persona,\u00a0 ingres\u00f3 a un domicilio ubicado en Guayaquil y Miguel B. Pastor. All\u00ed, el damnificado tiene su vivienda y un taller mec\u00e1nico donde realiza reparaciones de herramientas.<\/h3>\n<h3>El hecho ocurri\u00f3 aproximadamente a las 11:30 horas, el imputado y su acompa\u00f1ante exhibieron un cuchillo y le solicitaron dinero. Adem\u00e1s, se apoderaron de dos motosierras, para luego darse a la fuga.<\/h3>\n<h3>El imputado emprendi\u00f3 la fuga por la calle Guayaquil, para ser interceptado por el damnificado y luego, por personal policial. Mientras lo identificaban, logr\u00f3 evadirse nuevamente. En fecha 7 de septiembre fue capturado por efectivos de la Divisi\u00f3n Respuesta Inmediata Motorizada (DRIM).<\/h3>\n<h3>Cabe se\u00f1alar que, los elementos sustra\u00eddos del taller fueron recuperados.<\/h3>\n<h3>El Fiscal mencion\u00f3 la evidencia incorporada al legajo y solicit\u00f3 se formulen cargos por el delito de robo calificado por el uso de arma en grado de tentativa, en calidad de co autor.\u00a0\u00a0 En representaci\u00f3n del Ministerio P\u00fablico Fiscal estuvo presente tambi\u00e9n la Dra. Daniela Torres.<\/h3>\n<h3>La Dra. Daniela Torres anticip\u00f3 que pedir\u00edan medida de coerci\u00f3n. Explic\u00f3 que el imputado no realiz\u00f3 las tareas comunitarias ordenadas en marco de otros procesos judiciales. Destac\u00f3 su falta de compromiso.<\/h3>\n<h3>En tanto la Defensa, representada por\u00a0 las Dras. Victoria Su\u00e1rez y Ximena Bertoli, se opuso a la formulaci\u00f3n de cargos. Aseguraron que quien habr\u00eda utilizado el arma con el que se cometi\u00f3 el hecho, habr\u00eda sido el otro masculino. Pidieron que el delito se encuadre como un robo simple en grado de tentativa y solicitaron dos d\u00edas de pr\u00f3rroga de la detenci\u00f3n.<\/h3>\n<h3>Luego de escuchar a las partes, el Dr.\u00a0 Santiago Ortiz, Juez de Garant\u00edas N\u00ba4, tuvo por formulado cargos en los t\u00e9rminos solicitados por Fiscal\u00eda. Mencion\u00f3 la provisoriedad de la etapa de investigaci\u00f3n penal preparatoria y concedi\u00f3 la pr\u00f3rroga de detenci\u00f3n solicitada por la Defensa. Fij\u00f3 una nueva audiencia para el pr\u00f3ximo 11 de septiembre, cuando se definir\u00e1 la situaci\u00f3n procesal del imputado. Intervino como secretaria en esta audiencia la Dra. Daniela L\u00f3pez Mart\u00edn.<\/h3>\n<p>&nbsp;<\/p>\n<p>&nbsp;<\/p>\n<p>&nbsp;<\/p>\n","protected":false},"excerpt":{"rendered":"<p>La audiencia de formulaci\u00f3n de cargos estuvo a cargo del Juez de Garant\u00edas N\u00ba 4&#8230;<\/p>\n","protected":false},"author":1,"featured_media":22020,"comment_status":"closed","ping_status":"closed","sticky":false,"template":"","format":"standard","meta":{"footnotes":""},"categories":[6],"tags":[],"class_list":["post-22019","post","type-post","status-publish","format-standard","has-post-thumbnail","hentry","category-ciudad-provincia"],"yoast_head":"<!-- This site is optimized with the Yoast SEO plugin v26.1.1 - https:\/\/yoast.com\/wordpress\/plugins\/seo\/ -->\n<title>LE FORMULARON CARGOS A UN HOMBRE QUE ROB\u00d3 A PLENA LUZ DEL D\u00cdA - Apuntes de San Luis<\/title>\n<meta name=\"robots\" content=\"index, follow, max-snippet:-1, max-image-preview:large, max-video-preview:-1\" \/>\n<link rel=\"canonical\" href=\"https:\/\/apuntesdesanluis.com\/index.php\/2024\/09\/09\/le-formularon-cargos-a-un-hombre-que-robo-a-plena-luz-del-dia\/\" \/>\n<meta property=\"og:locale\" content=\"es_ES\" \/>\n<meta property=\"og:type\" content=\"article\" \/>\n<meta property=\"og:title\" content=\"LE FORMULARON CARGOS A UN HOMBRE QUE ROB\u00d3 A PLENA LUZ DEL D\u00cdA - Apuntes de San Luis\" \/>\n<meta property=\"og:description\" content=\"La audiencia de formulaci\u00f3n de cargos estuvo a cargo del Juez de Garant\u00edas N\u00ba 4...\" \/>\n<meta property=\"og:url\" content=\"https:\/\/apuntesdesanluis.com\/index.php\/2024\/09\/09\/le-formularon-cargos-a-un-hombre-que-robo-a-plena-luz-del-dia\/\" \/>\n<meta property=\"og:site_name\" content=\"Apuntes de San Luis\" \/>\n<meta property=\"article:published_time\" content=\"2024-09-09T17:08:45+00:00\" \/>\n<meta property=\"article:modified_time\" content=\"2024-09-10T00:11:34+00:00\" \/>\n<meta property=\"og:image\" content=\"https:\/\/apuntesdesanluis.com\/wp-content\/uploads\/2024\/09\/AUDIENCIA.png\" \/>\n\t<meta property=\"og:image:width\" content=\"643\" \/>\n\t<meta property=\"og:image:height\" content=\"380\" \/>\n\t<meta property=\"og:image:type\" content=\"image\/png\" \/>\n<meta name=\"author\" content=\"apuntesdesanluis.com\" \/>\n<meta name=\"twitter:card\" content=\"summary_large_image\" \/>\n<meta name=\"twitter:label1\" content=\"Escrito por\" \/>\n\t<meta name=\"twitter:data1\" content=\"apuntesdesanluis.com\" \/>\n\t<meta name=\"twitter:label2\" content=\"Tiempo de lectura\" \/>\n\t<meta name=\"twitter:data2\" content=\"2 minutos\" \/>\n<script type=\"application\/ld+json\" class=\"yoast-schema-graph\">{\"@context\":\"https:\/\/schema.org\",\"@graph\":[{\"@type\":\"Article\",\"@id\":\"https:\/\/apuntesdesanluis.com\/index.php\/2024\/09\/09\/le-formularon-cargos-a-un-hombre-que-robo-a-plena-luz-del-dia\/#article\",\"isPartOf\":{\"@id\":\"https:\/\/apuntesdesanluis.com\/index.php\/2024\/09\/09\/le-formularon-cargos-a-un-hombre-que-robo-a-plena-luz-del-dia\/\"},\"author\":{\"name\":\"apuntesdesanluis.com\",\"@id\":\"https:\/\/apuntesdesanluis.com\/#\/schema\/person\/b55151d52296fcce64d1a72538a70b90\"},\"headline\":\"LE FORMULARON CARGOS A UN HOMBRE QUE ROB\u00d3 A PLENA LUZ DEL D\u00cdA\",\"datePublished\":\"2024-09-09T17:08:45+00:00\",\"dateModified\":\"2024-09-10T00:11:34+00:00\",\"mainEntityOfPage\":{\"@id\":\"https:\/\/apuntesdesanluis.com\/index.php\/2024\/09\/09\/le-formularon-cargos-a-un-hombre-que-robo-a-plena-luz-del-dia\/\"},\"wordCount\":423,\"publisher\":{\"@id\":\"https:\/\/apuntesdesanluis.com\/#\/schema\/person\/b55151d52296fcce64d1a72538a70b90\"},\"image\":{\"@id\":\"https:\/\/apuntesdesanluis.com\/index.php\/2024\/09\/09\/le-formularon-cargos-a-un-hombre-que-robo-a-plena-luz-del-dia\/#primaryimage\"},\"thumbnailUrl\":\"https:\/\/apuntesdesanluis.com\/wp-content\/uploads\/2024\/09\/AUDIENCIA.png\",\"articleSection\":[\"Ciudad\/Provincia\"],\"inLanguage\":\"es-AR\"},{\"@type\":\"WebPage\",\"@id\":\"https:\/\/apuntesdesanluis.com\/index.php\/2024\/09\/09\/le-formularon-cargos-a-un-hombre-que-robo-a-plena-luz-del-dia\/\",\"url\":\"https:\/\/apuntesdesanluis.com\/index.php\/2024\/09\/09\/le-formularon-cargos-a-un-hombre-que-robo-a-plena-luz-del-dia\/\",\"name\":\"LE FORMULARON CARGOS A UN HOMBRE QUE ROB\u00d3 A PLENA LUZ DEL D\u00cdA - Apuntes de San Luis\",\"isPartOf\":{\"@id\":\"https:\/\/apuntesdesanluis.com\/#website\"},\"primaryImageOfPage\":{\"@id\":\"https:\/\/apuntesdesanluis.com\/index.php\/2024\/09\/09\/le-formularon-cargos-a-un-hombre-que-robo-a-plena-luz-del-dia\/#primaryimage\"},\"image\":{\"@id\":\"https:\/\/apuntesdesanluis.com\/index.php\/2024\/09\/09\/le-formularon-cargos-a-un-hombre-que-robo-a-plena-luz-del-dia\/#primaryimage\"},\"thumbnailUrl\":\"https:\/\/apuntesdesanluis.com\/wp-content\/uploads\/2024\/09\/AUDIENCIA.png\",\"datePublished\":\"2024-09-09T17:08:45+00:00\",\"dateModified\":\"2024-09-10T00:11:34+00:00\",\"breadcrumb\":{\"@id\":\"https:\/\/apuntesdesanluis.com\/index.php\/2024\/09\/09\/le-formularon-cargos-a-un-hombre-que-robo-a-plena-luz-del-dia\/#breadcrumb\"},\"inLanguage\":\"es-AR\",\"potentialAction\":[{\"@type\":\"ReadAction\",\"target\":[\"https:\/\/apuntesdesanluis.com\/index.php\/2024\/09\/09\/le-formularon-cargos-a-un-hombre-que-robo-a-plena-luz-del-dia\/\"]}]},{\"@type\":\"ImageObject\",\"inLanguage\":\"es-AR\",\"@id\":\"https:\/\/apuntesdesanluis.com\/index.php\/2024\/09\/09\/le-formularon-cargos-a-un-hombre-que-robo-a-plena-luz-del-dia\/#primaryimage\",\"url\":\"https:\/\/apuntesdesanluis.com\/wp-content\/uploads\/2024\/09\/AUDIENCIA.png\",\"contentUrl\":\"https:\/\/apuntesdesanluis.com\/wp-content\/uploads\/2024\/09\/AUDIENCIA.png\",\"width\":643,\"height\":380},{\"@type\":\"BreadcrumbList\",\"@id\":\"https:\/\/apuntesdesanluis.com\/index.php\/2024\/09\/09\/le-formularon-cargos-a-un-hombre-que-robo-a-plena-luz-del-dia\/#breadcrumb\",\"itemListElement\":[{\"@type\":\"ListItem\",\"position\":1,\"name\":\"Inicio\",\"item\":\"https:\/\/apuntesdesanluis.com\/\"},{\"@type\":\"ListItem\",\"position\":2,\"name\":\"LE FORMULARON CARGOS A UN HOMBRE QUE ROB\u00d3 A PLENA LUZ DEL D\u00cdA\"}]},{\"@type\":\"WebSite\",\"@id\":\"https:\/\/apuntesdesanluis.com\/#website\",\"url\":\"https:\/\/apuntesdesanluis.com\/\",\"name\":\"Apuntes de San Luis\",\"description\":\"\",\"publisher\":{\"@id\":\"https:\/\/apuntesdesanluis.com\/#\/schema\/person\/b55151d52296fcce64d1a72538a70b90\"},\"potentialAction\":[{\"@type\":\"SearchAction\",\"target\":{\"@type\":\"EntryPoint\",\"urlTemplate\":\"https:\/\/apuntesdesanluis.com\/?s={search_term_string}\"},\"query-input\":{\"@type\":\"PropertyValueSpecification\",\"valueRequired\":true,\"valueName\":\"search_term_string\"}}],\"inLanguage\":\"es-AR\"},{\"@type\":[\"Person\",\"Organization\"],\"@id\":\"https:\/\/apuntesdesanluis.com\/#\/schema\/person\/b55151d52296fcce64d1a72538a70b90\",\"name\":\"apuntesdesanluis.com\",\"image\":{\"@type\":\"ImageObject\",\"inLanguage\":\"es-AR\",\"@id\":\"https:\/\/apuntesdesanluis.com\/#\/schema\/person\/image\/\",\"url\":\"https:\/\/apuntesdesanluis.com\/wp-content\/uploads\/2023\/07\/cropped-apuntesdesanluis.png\",\"contentUrl\":\"https:\/\/apuntesdesanluis.com\/wp-content\/uploads\/2023\/07\/cropped-apuntesdesanluis.png\",\"width\":450,\"height\":112,\"caption\":\"apuntesdesanluis.com\"},\"logo\":{\"@id\":\"https:\/\/apuntesdesanluis.com\/#\/schema\/person\/image\/\"},\"sameAs\":[\"https:\/\/apuntesdesanluis.com\"],\"url\":\"https:\/\/apuntesdesanluis.com\/index.php\/author\/apuntesdesanluis-com\/\"}]}<\/script>\n<!-- \/ Yoast SEO plugin. -->","yoast_head_json":{"title":"LE FORMULARON CARGOS A UN HOMBRE QUE ROB\u00d3 A PLENA LUZ DEL D\u00cdA - Apuntes de San Luis","robots":{"index":"index","follow":"follow","max-snippet":"max-snippet:-1","max-image-preview":"max-image-preview:large","max-video-preview":"max-video-preview:-1"},"canonical":"https:\/\/apuntesdesanluis.com\/index.php\/2024\/09\/09\/le-formularon-cargos-a-un-hombre-que-robo-a-plena-luz-del-dia\/","og_locale":"es_ES","og_type":"article","og_title":"LE FORMULARON CARGOS A UN HOMBRE QUE ROB\u00d3 A PLENA LUZ DEL D\u00cdA - Apuntes de San Luis","og_description":"La audiencia de formulaci\u00f3n de cargos estuvo a cargo del Juez de Garant\u00edas N\u00ba 4...","og_url":"https:\/\/apuntesdesanluis.com\/index.php\/2024\/09\/09\/le-formularon-cargos-a-un-hombre-que-robo-a-plena-luz-del-dia\/","og_site_name":"Apuntes de San Luis","article_published_time":"2024-09-09T17:08:45+00:00","article_modified_time":"2024-09-10T00:11:34+00:00","og_image":[{"width":643,"height":380,"url":"https:\/\/apuntesdesanluis.com\/wp-content\/uploads\/2024\/09\/AUDIENCIA.png","type":"image\/png"}],"author":"apuntesdesanluis.com","twitter_card":"summary_large_image","twitter_misc":{"Escrito por":"apuntesdesanluis.com","Tiempo de lectura":"2 minutos"},"schema":{"@context":"https:\/\/schema.org","@graph":[{"@type":"Article","@id":"https:\/\/apuntesdesanluis.com\/index.php\/2024\/09\/09\/le-formularon-cargos-a-un-hombre-que-robo-a-plena-luz-del-dia\/#article","isPartOf":{"@id":"https:\/\/apuntesdesanluis.com\/index.php\/2024\/09\/09\/le-formularon-cargos-a-un-hombre-que-robo-a-plena-luz-del-dia\/"},"author":{"name":"apuntesdesanluis.com","@id":"https:\/\/apuntesdesanluis.com\/#\/schema\/person\/b55151d52296fcce64d1a72538a70b90"},"headline":"LE FORMULARON CARGOS A UN HOMBRE QUE ROB\u00d3 A PLENA LUZ DEL D\u00cdA","datePublished":"2024-09-09T17:08:45+00:00","dateModified":"2024-09-10T00:11:34+00:00","mainEntityOfPage":{"@id":"https:\/\/apuntesdesanluis.com\/index.php\/2024\/09\/09\/le-formularon-cargos-a-un-hombre-que-robo-a-plena-luz-del-dia\/"},"wordCount":423,"publisher":{"@id":"https:\/\/apuntesdesanluis.com\/#\/schema\/person\/b55151d52296fcce64d1a72538a70b90"},"image":{"@id":"https:\/\/apuntesdesanluis.com\/index.php\/2024\/09\/09\/le-formularon-cargos-a-un-hombre-que-robo-a-plena-luz-del-dia\/#primaryimage"},"thumbnailUrl":"https:\/\/apuntesdesanluis.com\/wp-content\/uploads\/2024\/09\/AUDIENCIA.png","articleSection":["Ciudad\/Provincia"],"inLanguage":"es-AR"},{"@type":"WebPage","@id":"https:\/\/apuntesdesanluis.com\/index.php\/2024\/09\/09\/le-formularon-cargos-a-un-hombre-que-robo-a-plena-luz-del-dia\/","url":"https:\/\/apuntesdesanluis.com\/index.php\/2024\/09\/09\/le-formularon-cargos-a-un-hombre-que-robo-a-plena-luz-del-dia\/","name":"LE FORMULARON CARGOS A UN HOMBRE QUE ROB\u00d3 A PLENA LUZ DEL D\u00cdA - Apuntes de San Luis","isPartOf":{"@id":"https:\/\/apuntesdesanluis.com\/#website"},"primaryImageOfPage":{"@id":"https:\/\/apuntesdesanluis.com\/index.php\/2024\/09\/09\/le-formularon-cargos-a-un-hombre-que-robo-a-plena-luz-del-dia\/#primaryimage"},"image":{"@id":"https:\/\/apuntesdesanluis.com\/index.php\/2024\/09\/09\/le-formularon-cargos-a-un-hombre-que-robo-a-plena-luz-del-dia\/#primaryimage"},"thumbnailUrl":"https:\/\/apuntesdesanluis.com\/wp-content\/uploads\/2024\/09\/AUDIENCIA.png","datePublished":"2024-09-09T17:08:45+00:00","dateModified":"2024-09-10T00:11:34+00:00","breadcrumb":{"@id":"https:\/\/apuntesdesanluis.com\/index.php\/2024\/09\/09\/le-formularon-cargos-a-un-hombre-que-robo-a-plena-luz-del-dia\/#breadcrumb"},"inLanguage":"es-AR","potentialAction":[{"@type":"ReadAction","target":["https:\/\/apuntesdesanluis.com\/index.php\/2024\/09\/09\/le-formularon-cargos-a-un-hombre-que-robo-a-plena-luz-del-dia\/"]}]},{"@type":"ImageObject","inLanguage":"es-AR","@id":"https:\/\/apuntesdesanluis.com\/index.php\/2024\/09\/09\/le-formularon-cargos-a-un-hombre-que-robo-a-plena-luz-del-dia\/#primaryimage","url":"https:\/\/apuntesdesanluis.com\/wp-content\/uploads\/2024\/09\/AUDIENCIA.png","contentUrl":"https:\/\/apuntesdesanluis.com\/wp-content\/uploads\/2024\/09\/AUDIENCIA.png","width":643,"height":380},{"@type":"BreadcrumbList","@id":"https:\/\/apuntesdesanluis.com\/index.php\/2024\/09\/09\/le-formularon-cargos-a-un-hombre-que-robo-a-plena-luz-del-dia\/#breadcrumb","itemListElement":[{"@type":"ListItem","position":1,"name":"Inicio","item":"https:\/\/apuntesdesanluis.com\/"},{"@type":"ListItem","position":2,"name":"LE FORMULARON CARGOS A UN HOMBRE QUE ROB\u00d3 A PLENA LUZ DEL D\u00cdA"}]},{"@type":"WebSite","@id":"https:\/\/apuntesdesanluis.com\/#website","url":"https:\/\/apuntesdesanluis.com\/","name":"Apuntes de San Luis","description":"","publisher":{"@id":"https:\/\/apuntesdesanluis.com\/#\/schema\/person\/b55151d52296fcce64d1a72538a70b90"},"potentialAction":[{"@type":"SearchAction","target":{"@type":"EntryPoint","urlTemplate":"https:\/\/apuntesdesanluis.com\/?s={search_term_string}"},"query-input":{"@type":"PropertyValueSpecification","valueRequired":true,"valueName":"search_term_string"}}],"inLanguage":"es-AR"},{"@type":["Person","Organization"],"@id":"https:\/\/apuntesdesanluis.com\/#\/schema\/person\/b55151d52296fcce64d1a72538a70b90","name":"apuntesdesanluis.com","image":{"@type":"ImageObject","inLanguage":"es-AR","@id":"https:\/\/apuntesdesanluis.com\/#\/schema\/person\/image\/","url":"https:\/\/apuntesdesanluis.com\/wp-content\/uploads\/2023\/07\/cropped-apuntesdesanluis.png","contentUrl":"https:\/\/apuntesdesanluis.com\/wp-content\/uploads\/2023\/07\/cropped-apuntesdesanluis.png","width":450,"height":112,"caption":"apuntesdesanluis.com"},"logo":{"@id":"https:\/\/apuntesdesanluis.com\/#\/schema\/person\/image\/"},"sameAs":["https:\/\/apuntesdesanluis.com"],"url":"https:\/\/apuntesdesanluis.com\/index.php\/author\/apuntesdesanluis-com\/"}]}},"featured_image_urls":{"full":["https:\/\/apuntesdesanluis.com\/wp-content\/uploads\/2024\/09\/AUDIENCIA.png",643,380,false],"thumbnail":["https:\/\/apuntesdesanluis.com\/wp-content\/uploads\/2024\/09\/AUDIENCIA-150x150.png",150,150,true],"medium":["https:\/\/apuntesdesanluis.com\/wp-content\/uploads\/2024\/09\/AUDIENCIA-300x177.png",300,177,true],"medium_large":["https:\/\/apuntesdesanluis.com\/wp-content\/uploads\/2024\/09\/AUDIENCIA.png",640,378,false],"large":["https:\/\/apuntesdesanluis.com\/wp-content\/uploads\/2024\/09\/AUDIENCIA.png",640,378,false],"1536x1536":["https:\/\/apuntesdesanluis.com\/wp-content\/uploads\/2024\/09\/AUDIENCIA.png",643,380,false],"2048x2048":["https:\/\/apuntesdesanluis.com\/wp-content\/uploads\/2024\/09\/AUDIENCIA.png",643,380,false],"newsever-slider-full":["https:\/\/apuntesdesanluis.com\/wp-content\/uploads\/2024\/09\/AUDIENCIA.png",643,380,false],"newsever-featured":["https:\/\/apuntesdesanluis.com\/wp-content\/uploads\/2024\/09\/AUDIENCIA.png",643,380,false],"newsever-medium":["https:\/\/apuntesdesanluis.com\/wp-content\/uploads\/2024\/09\/AUDIENCIA.png",643,380,false]},"author_info":{"display_name":"apuntesdesanluis.com","author_link":"https:\/\/apuntesdesanluis.com\/index.php\/author\/apuntesdesanluis-com\/"},"category_info":"<a href=\"https:\/\/apuntesdesanluis.com\/index.php\/category\/ciudad-provincia\/\" rel=\"category tag\">Ciudad\/Provincia<\/a>","tag_info":"Ciudad\/Provincia","comment_count":"0","_links":{"self":[{"href":"https:\/\/apuntesdesanluis.com\/index.php\/wp-json\/wp\/v2\/posts\/22019","targetHints":{"allow":["GET"]}}],"collection":[{"href":"https:\/\/apuntesdesanluis.com\/index.php\/wp-json\/wp\/v2\/posts"}],"about":[{"href":"https:\/\/apuntesdesanluis.com\/index.php\/wp-json\/wp\/v2\/types\/post"}],"author":[{"embeddable":true,"href":"https:\/\/apuntesdesanluis.com\/index.php\/wp-json\/wp\/v2\/users\/1"}],"replies":[{"embeddable":true,"href":"https:\/\/apuntesdesanluis.com\/index.php\/wp-json\/wp\/v2\/comments?post=22019"}],"version-history":[{"count":1,"href":"https:\/\/apuntesdesanluis.com\/index.php\/wp-json\/wp\/v2\/posts\/22019\/revisions"}],"predecessor-version":[{"id":22021,"href":"https:\/\/apuntesdesanluis.com\/index.php\/wp-json\/wp\/v2\/posts\/22019\/revisions\/22021"}],"wp:featuredmedia":[{"embeddable":true,"href":"https:\/\/apuntesdesanluis.com\/index.php\/wp-json\/wp\/v2\/media\/22020"}],"wp:attachment":[{"href":"https:\/\/apuntesdesanluis.com\/index.php\/wp-json\/wp\/v2\/media?parent=22019"}],"wp:term":[{"taxonomy":"category","embeddable":true,"href":"https:\/\/apuntesdesanluis.com\/index.php\/wp-json\/wp\/v2\/categories?post=22019"},{"taxonomy":"post_tag","embeddable":true,"href":"https:\/\/apuntesdesanluis.com\/index.php\/wp-json\/wp\/v2\/tags?post=22019"}],"curies":[{"name":"wp","href":"https:\/\/api.w.org\/{rel}","templated":true}]}}