{"id":2203,"date":"2023-08-28T20:16:01","date_gmt":"2023-08-28T23:16:01","guid":{"rendered":"https:\/\/apuntesdesanluis.com\/?p=2203"},"modified":"2023-08-28T20:19:53","modified_gmt":"2023-08-28T23:19:53","slug":"sergio-massa-tras-reunirse-con-lula-da-silva-argentina-y-brasil-son-socios-indisolubles","status":"publish","type":"post","link":"https:\/\/apuntesdesanluis.com\/index.php\/2023\/08\/28\/sergio-massa-tras-reunirse-con-lula-da-silva-argentina-y-brasil-son-socios-indisolubles\/","title":{"rendered":"SERGIO MASSA, TRAS REUNIRSE CON LULA DA SILVA: &#8220;ARGENTINA Y BRASIL SON SOCIOS INDISOLUBLES&#8221;"},"content":{"rendered":"<h3>Tras reunirse con el presidente de Brasil, <strong>Lula da Silva<\/strong>, el ministro de Econom\u00eda <strong>Sergio Massa<\/strong> y su par brasile\u00f1o, <strong>Fernando Haddad<\/strong>, compartieron una conferencia de prensa donde confirmaron que la Corporaci\u00f3n Andina de Fomento (CAF) garantizar\u00e1 las operaciones de comercio bilateral de Argentina con Brasil.<\/h3>\n<h3>&#8220;Argentina y Brasil son socios indisolubles desde el punto de vista comercial y cultural&#8221;, dijo Massa y agradeci\u00f3 la invitaci\u00f3n a la\u00a0 Argentina para integrarse a los BRICS. Una iniciativa que ha llevado adelante Lula&#8221;.<\/h3>\n<p><img fetchpriority=\"high\" decoding=\"async\" class=\"wp-image-2206 aligncenter\" src=\"https:\/\/apuntesdesanluis.com\/wp-content\/uploads\/2023\/08\/massa-con-lula-300x174.png\" alt=\"\" width=\"680\" height=\"394\" srcset=\"https:\/\/apuntesdesanluis.com\/wp-content\/uploads\/2023\/08\/massa-con-lula-300x174.png 300w, https:\/\/apuntesdesanluis.com\/wp-content\/uploads\/2023\/08\/massa-con-lula.png 810w\" sizes=\"(max-width: 680px) 100vw, 680px\" \/><\/p>\n<h3>Entre las principales novedades el ministro dio a conocer que el financiamiento que se intentaba\u00a0 hacer\u00a0 garantizar en un primer momento v\u00eda yuanes, por los problemas de reservas que atraviesa Argentina, finalmente se garantizar\u00e1 con financiamiento de la CAF por US$600 millones. De alguna manera garantiza el trabajo del sector automotriz y autopartista argentino de ac\u00e1 a fin de a\u00f1o hasta que podamos recomponer reservas que nos quit\u00f3 la sequ\u00eda, explicaron desde Econom\u00eda.<\/h3>\n<h3>As\u00ed lo confirmaron los ministros de econom\u00eda en la conferencia de prensa: &#8220;El 14 de septiembre habr\u00e1 reuni\u00f3n de directorio de CAF para aprobar la operaci\u00f3n&#8221;, indic\u00f3 Sergio Massa.<\/h3>\n<h3>&#8220;Encontramos un mecanismo superador para el sector automotriz y alimenticio, que est\u00e1n sumamente integrados. A partir de un trabajo de Hacienda de Brasil, del BNDES, de Banco do Brasil y del ministerio de Econom\u00eda de Argentina,\u00a0 con el apoyo y garant\u00eda del Banco de Desarrollo Latinoamericano (la CAF), mediante un instrumento de financiamiento de las exportaciones de Brasil a Argentina por 600 millones de d\u00f3lares&#8221;, detall\u00f3 el candidato de Uni\u00f3n por la Patria.<\/h3>\n<h3>&#8220;Esto resuelve el proceso que en alg\u00fan momento,\u00a0 por las dificultades que la sequia le impuso a a Argentina y de alguna manera eso \u00a0da\u00f1o la capacidad de administrar\u00a0 de manera ordenada las reservas. El trabajo conjunto entre Brasil y Argentina no solo es un paso muy importante sino que adem\u00e1s\u00a0 es la consolidaci\u00f3n de un paso estrat\u00e9gico&#8221;.<\/h3>\n<h3>Ambos ministros destacaron, adem\u00e1s, los esfuerzos para la integraci\u00f3n comercial terrestre y fluvial y anunciaron que retomaron el acuerdo Santo Tom\u00e9 &#8211; Sao Borja. &#8220;Un acuerdo de cruce de frontera y facilidad log\u00edstica en la Aduana que mueve el 60% del comercio bilateral de camiones, especific\u00f3 Massa.<\/h3>\n<h3>&#8220;Retomamos la iniciativa conjunta de llevar adelante la construcci\u00f3n de nuestra marina mercante fluvial. Se hab\u00eda interrumpido en el gobierno de Bolsonaro y lo retomamos para desarrollar todo el proceso de integraci\u00f3n fluvial entendiendo que Argentina y Brasil son la costa de un continente&#8221;, detall\u00f3 como otro de los resultados del encuentro.<\/h3>\n<h3>Tambi\u00e9n anunciaron la reapertura del mercado aviar, que hab\u00eda sido interrumpido producto de los casos de gripe aviar. &#8220;Se levantaron las restricciones y nos ponemos nuevamente en marcha&#8221;, dijo el ministro argentino.<\/h3>\n<h3>Hubo un momento para alg\u00fan dardo para la contienda pol\u00edtica argentina de parte del candidato de Uni\u00f3n por la Patria. Tras agradecer la invitaci\u00f3n a las BRICS dijo que \u201cpara tener una idea, estamos hablando del 46% de la poblaci\u00f3n del mundo, el 36% del PBI mundial, y en el caso de la relaci\u00f3n Argentina y Brasil es uno de los dos socios comerciales m\u00e1s importantes de nuestro pa\u00eds. Digo esto porque en Argentina sin mirar el impacto, se empez\u00f3 a rechazar la idea de Mercosur y los BRICS,\u00a0 sin entender que Argentina y Brasil est\u00e1n atados. Somos due\u00f1os del 20% de las prote\u00ednas que consume el mundo&#8221;, cerr\u00f3 en tono candidato.<\/h3>\n<h3>Antes del encuentro con el ministro de Hacienda de Lula, Massa se reuni\u00f3 con autoridades de la Corporaci\u00f3n Andina de Fomento (CAF). Sergio D\u00edaz-Granados, presidente ejecutivo de la CAF; el argentino Christian Asinelli, uno de los vicepresidentes del organismo multilateral, el embajador Scioli y Lisandro Cleri, vicepresidente del Banco Central participaron del encuentro que hizo p\u00fablico mediante una foto en Twitter el embajador Daniel Scioli.<\/h3>\n<h3>La CAF, sobre fines de julio libr\u00f3 un\u00a0 pr\u00e9stamo rel\u00e1mpago\u00a0 de 1.000 millones de d\u00f3lares que Argentina utiliz\u00f3 para cancelar los vencimientos de Julio con el FMI. Con el desembolso de la semana pasada del Fondo, Argentina debe reintegrar dicho pr\u00e9stamo.<\/h3>\n<h3>\u201cAvances significativos en la integraci\u00f3n financiera con Brasil. Gran comienzo de la jornada de trabajo en Brasilia\u201d, public\u00f3 el embajador argentino en Brasil.<\/h3>\n","protected":false},"excerpt":{"rendered":"<p>Tras reunirse con el presidente de Brasil, Lula da Silva, el ministro de Econom\u00eda Sergio&#8230;<\/p>\n","protected":false},"author":1,"featured_media":2204,"comment_status":"closed","ping_status":"closed","sticky":false,"template":"","format":"standard","meta":{"footnotes":""},"categories":[5],"tags":[],"class_list":["post-2203","post","type-post","status-publish","format-standard","has-post-thumbnail","hentry","category-nacionales-internacionales"],"yoast_head":"<!-- This site is optimized with the Yoast SEO plugin v26.1.1 - https:\/\/yoast.com\/wordpress\/plugins\/seo\/ -->\n<title>SERGIO MASSA, TRAS REUNIRSE CON LULA DA SILVA: &quot;ARGENTINA Y BRASIL SON SOCIOS INDISOLUBLES&quot; - Apuntes de San Luis<\/title>\n<meta name=\"robots\" content=\"index, follow, max-snippet:-1, max-image-preview:large, max-video-preview:-1\" \/>\n<link rel=\"canonical\" href=\"https:\/\/apuntesdesanluis.com\/index.php\/2023\/08\/28\/sergio-massa-tras-reunirse-con-lula-da-silva-argentina-y-brasil-son-socios-indisolubles\/\" \/>\n<meta property=\"og:locale\" content=\"es_ES\" \/>\n<meta property=\"og:type\" content=\"article\" \/>\n<meta property=\"og:title\" content=\"SERGIO MASSA, TRAS REUNIRSE CON LULA DA SILVA: &quot;ARGENTINA Y BRASIL SON SOCIOS INDISOLUBLES&quot; - Apuntes de San Luis\" \/>\n<meta property=\"og:description\" content=\"Tras reunirse con el presidente de Brasil, Lula da Silva, el ministro de Econom\u00eda Sergio...\" \/>\n<meta property=\"og:url\" content=\"https:\/\/apuntesdesanluis.com\/index.php\/2023\/08\/28\/sergio-massa-tras-reunirse-con-lula-da-silva-argentina-y-brasil-son-socios-indisolubles\/\" \/>\n<meta property=\"og:site_name\" content=\"Apuntes de San Luis\" \/>\n<meta property=\"article:published_time\" content=\"2023-08-28T23:16:01+00:00\" \/>\n<meta property=\"article:modified_time\" content=\"2023-08-28T23:19:53+00:00\" \/>\n<meta property=\"og:image\" content=\"https:\/\/apuntesdesanluis.com\/wp-content\/uploads\/2023\/08\/massa-y-haddad.png\" \/>\n\t<meta property=\"og:image:width\" content=\"791\" \/>\n\t<meta property=\"og:image:height\" content=\"485\" \/>\n\t<meta property=\"og:image:type\" content=\"image\/png\" \/>\n<meta name=\"author\" content=\"apuntesdesanluis.com\" \/>\n<meta name=\"twitter:card\" content=\"summary_large_image\" \/>\n<meta name=\"twitter:label1\" content=\"Escrito por\" \/>\n\t<meta name=\"twitter:data1\" content=\"apuntesdesanluis.com\" \/>\n\t<meta name=\"twitter:label2\" content=\"Tiempo de lectura\" \/>\n\t<meta name=\"twitter:data2\" content=\"4 minutos\" \/>\n<script type=\"application\/ld+json\" class=\"yoast-schema-graph\">{\"@context\":\"https:\/\/schema.org\",\"@graph\":[{\"@type\":\"Article\",\"@id\":\"https:\/\/apuntesdesanluis.com\/index.php\/2023\/08\/28\/sergio-massa-tras-reunirse-con-lula-da-silva-argentina-y-brasil-son-socios-indisolubles\/#article\",\"isPartOf\":{\"@id\":\"https:\/\/apuntesdesanluis.com\/index.php\/2023\/08\/28\/sergio-massa-tras-reunirse-con-lula-da-silva-argentina-y-brasil-son-socios-indisolubles\/\"},\"author\":{\"name\":\"apuntesdesanluis.com\",\"@id\":\"https:\/\/apuntesdesanluis.com\/#\/schema\/person\/b55151d52296fcce64d1a72538a70b90\"},\"headline\":\"SERGIO MASSA, TRAS REUNIRSE CON LULA DA SILVA: &#8220;ARGENTINA Y BRASIL SON SOCIOS INDISOLUBLES&#8221;\",\"datePublished\":\"2023-08-28T23:16:01+00:00\",\"dateModified\":\"2023-08-28T23:19:53+00:00\",\"mainEntityOfPage\":{\"@id\":\"https:\/\/apuntesdesanluis.com\/index.php\/2023\/08\/28\/sergio-massa-tras-reunirse-con-lula-da-silva-argentina-y-brasil-son-socios-indisolubles\/\"},\"wordCount\":741,\"publisher\":{\"@id\":\"https:\/\/apuntesdesanluis.com\/#\/schema\/person\/b55151d52296fcce64d1a72538a70b90\"},\"image\":{\"@id\":\"https:\/\/apuntesdesanluis.com\/index.php\/2023\/08\/28\/sergio-massa-tras-reunirse-con-lula-da-silva-argentina-y-brasil-son-socios-indisolubles\/#primaryimage\"},\"thumbnailUrl\":\"https:\/\/apuntesdesanluis.com\/wp-content\/uploads\/2023\/08\/massa-y-haddad.png\",\"articleSection\":[\"Nacionales\/Internacionales\"],\"inLanguage\":\"es-AR\"},{\"@type\":\"WebPage\",\"@id\":\"https:\/\/apuntesdesanluis.com\/index.php\/2023\/08\/28\/sergio-massa-tras-reunirse-con-lula-da-silva-argentina-y-brasil-son-socios-indisolubles\/\",\"url\":\"https:\/\/apuntesdesanluis.com\/index.php\/2023\/08\/28\/sergio-massa-tras-reunirse-con-lula-da-silva-argentina-y-brasil-son-socios-indisolubles\/\",\"name\":\"SERGIO MASSA, TRAS REUNIRSE CON LULA DA SILVA: \\\"ARGENTINA Y BRASIL SON SOCIOS INDISOLUBLES\\\" - Apuntes de San Luis\",\"isPartOf\":{\"@id\":\"https:\/\/apuntesdesanluis.com\/#website\"},\"primaryImageOfPage\":{\"@id\":\"https:\/\/apuntesdesanluis.com\/index.php\/2023\/08\/28\/sergio-massa-tras-reunirse-con-lula-da-silva-argentina-y-brasil-son-socios-indisolubles\/#primaryimage\"},\"image\":{\"@id\":\"https:\/\/apuntesdesanluis.com\/index.php\/2023\/08\/28\/sergio-massa-tras-reunirse-con-lula-da-silva-argentina-y-brasil-son-socios-indisolubles\/#primaryimage\"},\"thumbnailUrl\":\"https:\/\/apuntesdesanluis.com\/wp-content\/uploads\/2023\/08\/massa-y-haddad.png\",\"datePublished\":\"2023-08-28T23:16:01+00:00\",\"dateModified\":\"2023-08-28T23:19:53+00:00\",\"breadcrumb\":{\"@id\":\"https:\/\/apuntesdesanluis.com\/index.php\/2023\/08\/28\/sergio-massa-tras-reunirse-con-lula-da-silva-argentina-y-brasil-son-socios-indisolubles\/#breadcrumb\"},\"inLanguage\":\"es-AR\",\"potentialAction\":[{\"@type\":\"ReadAction\",\"target\":[\"https:\/\/apuntesdesanluis.com\/index.php\/2023\/08\/28\/sergio-massa-tras-reunirse-con-lula-da-silva-argentina-y-brasil-son-socios-indisolubles\/\"]}]},{\"@type\":\"ImageObject\",\"inLanguage\":\"es-AR\",\"@id\":\"https:\/\/apuntesdesanluis.com\/index.php\/2023\/08\/28\/sergio-massa-tras-reunirse-con-lula-da-silva-argentina-y-brasil-son-socios-indisolubles\/#primaryimage\",\"url\":\"https:\/\/apuntesdesanluis.com\/wp-content\/uploads\/2023\/08\/massa-y-haddad.png\",\"contentUrl\":\"https:\/\/apuntesdesanluis.com\/wp-content\/uploads\/2023\/08\/massa-y-haddad.png\",\"width\":791,\"height\":485},{\"@type\":\"BreadcrumbList\",\"@id\":\"https:\/\/apuntesdesanluis.com\/index.php\/2023\/08\/28\/sergio-massa-tras-reunirse-con-lula-da-silva-argentina-y-brasil-son-socios-indisolubles\/#breadcrumb\",\"itemListElement\":[{\"@type\":\"ListItem\",\"position\":1,\"name\":\"Inicio\",\"item\":\"https:\/\/apuntesdesanluis.com\/\"},{\"@type\":\"ListItem\",\"position\":2,\"name\":\"SERGIO MASSA, TRAS REUNIRSE CON LULA DA SILVA: &#8220;ARGENTINA Y BRASIL SON SOCIOS INDISOLUBLES&#8221;\"}]},{\"@type\":\"WebSite\",\"@id\":\"https:\/\/apuntesdesanluis.com\/#website\",\"url\":\"https:\/\/apuntesdesanluis.com\/\",\"name\":\"Apuntes de San Luis\",\"description\":\"\",\"publisher\":{\"@id\":\"https:\/\/apuntesdesanluis.com\/#\/schema\/person\/b55151d52296fcce64d1a72538a70b90\"},\"potentialAction\":[{\"@type\":\"SearchAction\",\"target\":{\"@type\":\"EntryPoint\",\"urlTemplate\":\"https:\/\/apuntesdesanluis.com\/?s={search_term_string}\"},\"query-input\":{\"@type\":\"PropertyValueSpecification\",\"valueRequired\":true,\"valueName\":\"search_term_string\"}}],\"inLanguage\":\"es-AR\"},{\"@type\":[\"Person\",\"Organization\"],\"@id\":\"https:\/\/apuntesdesanluis.com\/#\/schema\/person\/b55151d52296fcce64d1a72538a70b90\",\"name\":\"apuntesdesanluis.com\",\"image\":{\"@type\":\"ImageObject\",\"inLanguage\":\"es-AR\",\"@id\":\"https:\/\/apuntesdesanluis.com\/#\/schema\/person\/image\/\",\"url\":\"https:\/\/apuntesdesanluis.com\/wp-content\/uploads\/2023\/07\/cropped-apuntesdesanluis.png\",\"contentUrl\":\"https:\/\/apuntesdesanluis.com\/wp-content\/uploads\/2023\/07\/cropped-apuntesdesanluis.png\",\"width\":450,\"height\":112,\"caption\":\"apuntesdesanluis.com\"},\"logo\":{\"@id\":\"https:\/\/apuntesdesanluis.com\/#\/schema\/person\/image\/\"},\"sameAs\":[\"https:\/\/apuntesdesanluis.com\"],\"url\":\"https:\/\/apuntesdesanluis.com\/index.php\/author\/apuntesdesanluis-com\/\"}]}<\/script>\n<!-- \/ Yoast SEO plugin. -->","yoast_head_json":{"title":"SERGIO MASSA, TRAS REUNIRSE CON LULA DA SILVA: \"ARGENTINA Y BRASIL SON SOCIOS INDISOLUBLES\" - Apuntes de San Luis","robots":{"index":"index","follow":"follow","max-snippet":"max-snippet:-1","max-image-preview":"max-image-preview:large","max-video-preview":"max-video-preview:-1"},"canonical":"https:\/\/apuntesdesanluis.com\/index.php\/2023\/08\/28\/sergio-massa-tras-reunirse-con-lula-da-silva-argentina-y-brasil-son-socios-indisolubles\/","og_locale":"es_ES","og_type":"article","og_title":"SERGIO MASSA, TRAS REUNIRSE CON LULA DA SILVA: \"ARGENTINA Y BRASIL SON SOCIOS INDISOLUBLES\" - Apuntes de San Luis","og_description":"Tras reunirse con el presidente de Brasil, Lula da Silva, el ministro de Econom\u00eda Sergio...","og_url":"https:\/\/apuntesdesanluis.com\/index.php\/2023\/08\/28\/sergio-massa-tras-reunirse-con-lula-da-silva-argentina-y-brasil-son-socios-indisolubles\/","og_site_name":"Apuntes de San Luis","article_published_time":"2023-08-28T23:16:01+00:00","article_modified_time":"2023-08-28T23:19:53+00:00","og_image":[{"width":791,"height":485,"url":"https:\/\/apuntesdesanluis.com\/wp-content\/uploads\/2023\/08\/massa-y-haddad.png","type":"image\/png"}],"author":"apuntesdesanluis.com","twitter_card":"summary_large_image","twitter_misc":{"Escrito por":"apuntesdesanluis.com","Tiempo de lectura":"4 minutos"},"schema":{"@context":"https:\/\/schema.org","@graph":[{"@type":"Article","@id":"https:\/\/apuntesdesanluis.com\/index.php\/2023\/08\/28\/sergio-massa-tras-reunirse-con-lula-da-silva-argentina-y-brasil-son-socios-indisolubles\/#article","isPartOf":{"@id":"https:\/\/apuntesdesanluis.com\/index.php\/2023\/08\/28\/sergio-massa-tras-reunirse-con-lula-da-silva-argentina-y-brasil-son-socios-indisolubles\/"},"author":{"name":"apuntesdesanluis.com","@id":"https:\/\/apuntesdesanluis.com\/#\/schema\/person\/b55151d52296fcce64d1a72538a70b90"},"headline":"SERGIO MASSA, TRAS REUNIRSE CON LULA DA SILVA: &#8220;ARGENTINA Y BRASIL SON SOCIOS INDISOLUBLES&#8221;","datePublished":"2023-08-28T23:16:01+00:00","dateModified":"2023-08-28T23:19:53+00:00","mainEntityOfPage":{"@id":"https:\/\/apuntesdesanluis.com\/index.php\/2023\/08\/28\/sergio-massa-tras-reunirse-con-lula-da-silva-argentina-y-brasil-son-socios-indisolubles\/"},"wordCount":741,"publisher":{"@id":"https:\/\/apuntesdesanluis.com\/#\/schema\/person\/b55151d52296fcce64d1a72538a70b90"},"image":{"@id":"https:\/\/apuntesdesanluis.com\/index.php\/2023\/08\/28\/sergio-massa-tras-reunirse-con-lula-da-silva-argentina-y-brasil-son-socios-indisolubles\/#primaryimage"},"thumbnailUrl":"https:\/\/apuntesdesanluis.com\/wp-content\/uploads\/2023\/08\/massa-y-haddad.png","articleSection":["Nacionales\/Internacionales"],"inLanguage":"es-AR"},{"@type":"WebPage","@id":"https:\/\/apuntesdesanluis.com\/index.php\/2023\/08\/28\/sergio-massa-tras-reunirse-con-lula-da-silva-argentina-y-brasil-son-socios-indisolubles\/","url":"https:\/\/apuntesdesanluis.com\/index.php\/2023\/08\/28\/sergio-massa-tras-reunirse-con-lula-da-silva-argentina-y-brasil-son-socios-indisolubles\/","name":"SERGIO MASSA, TRAS REUNIRSE CON LULA DA SILVA: \"ARGENTINA Y BRASIL SON SOCIOS INDISOLUBLES\" - Apuntes de San Luis","isPartOf":{"@id":"https:\/\/apuntesdesanluis.com\/#website"},"primaryImageOfPage":{"@id":"https:\/\/apuntesdesanluis.com\/index.php\/2023\/08\/28\/sergio-massa-tras-reunirse-con-lula-da-silva-argentina-y-brasil-son-socios-indisolubles\/#primaryimage"},"image":{"@id":"https:\/\/apuntesdesanluis.com\/index.php\/2023\/08\/28\/sergio-massa-tras-reunirse-con-lula-da-silva-argentina-y-brasil-son-socios-indisolubles\/#primaryimage"},"thumbnailUrl":"https:\/\/apuntesdesanluis.com\/wp-content\/uploads\/2023\/08\/massa-y-haddad.png","datePublished":"2023-08-28T23:16:01+00:00","dateModified":"2023-08-28T23:19:53+00:00","breadcrumb":{"@id":"https:\/\/apuntesdesanluis.com\/index.php\/2023\/08\/28\/sergio-massa-tras-reunirse-con-lula-da-silva-argentina-y-brasil-son-socios-indisolubles\/#breadcrumb"},"inLanguage":"es-AR","potentialAction":[{"@type":"ReadAction","target":["https:\/\/apuntesdesanluis.com\/index.php\/2023\/08\/28\/sergio-massa-tras-reunirse-con-lula-da-silva-argentina-y-brasil-son-socios-indisolubles\/"]}]},{"@type":"ImageObject","inLanguage":"es-AR","@id":"https:\/\/apuntesdesanluis.com\/index.php\/2023\/08\/28\/sergio-massa-tras-reunirse-con-lula-da-silva-argentina-y-brasil-son-socios-indisolubles\/#primaryimage","url":"https:\/\/apuntesdesanluis.com\/wp-content\/uploads\/2023\/08\/massa-y-haddad.png","contentUrl":"https:\/\/apuntesdesanluis.com\/wp-content\/uploads\/2023\/08\/massa-y-haddad.png","width":791,"height":485},{"@type":"BreadcrumbList","@id":"https:\/\/apuntesdesanluis.com\/index.php\/2023\/08\/28\/sergio-massa-tras-reunirse-con-lula-da-silva-argentina-y-brasil-son-socios-indisolubles\/#breadcrumb","itemListElement":[{"@type":"ListItem","position":1,"name":"Inicio","item":"https:\/\/apuntesdesanluis.com\/"},{"@type":"ListItem","position":2,"name":"SERGIO MASSA, TRAS REUNIRSE CON LULA DA SILVA: &#8220;ARGENTINA Y BRASIL SON SOCIOS INDISOLUBLES&#8221;"}]},{"@type":"WebSite","@id":"https:\/\/apuntesdesanluis.com\/#website","url":"https:\/\/apuntesdesanluis.com\/","name":"Apuntes de San Luis","description":"","publisher":{"@id":"https:\/\/apuntesdesanluis.com\/#\/schema\/person\/b55151d52296fcce64d1a72538a70b90"},"potentialAction":[{"@type":"SearchAction","target":{"@type":"EntryPoint","urlTemplate":"https:\/\/apuntesdesanluis.com\/?s={search_term_string}"},"query-input":{"@type":"PropertyValueSpecification","valueRequired":true,"valueName":"search_term_string"}}],"inLanguage":"es-AR"},{"@type":["Person","Organization"],"@id":"https:\/\/apuntesdesanluis.com\/#\/schema\/person\/b55151d52296fcce64d1a72538a70b90","name":"apuntesdesanluis.com","image":{"@type":"ImageObject","inLanguage":"es-AR","@id":"https:\/\/apuntesdesanluis.com\/#\/schema\/person\/image\/","url":"https:\/\/apuntesdesanluis.com\/wp-content\/uploads\/2023\/07\/cropped-apuntesdesanluis.png","contentUrl":"https:\/\/apuntesdesanluis.com\/wp-content\/uploads\/2023\/07\/cropped-apuntesdesanluis.png","width":450,"height":112,"caption":"apuntesdesanluis.com"},"logo":{"@id":"https:\/\/apuntesdesanluis.com\/#\/schema\/person\/image\/"},"sameAs":["https:\/\/apuntesdesanluis.com"],"url":"https:\/\/apuntesdesanluis.com\/index.php\/author\/apuntesdesanluis-com\/"}]}},"featured_image_urls":{"full":["https:\/\/apuntesdesanluis.com\/wp-content\/uploads\/2023\/08\/massa-y-haddad.png",791,485,false],"thumbnail":["https:\/\/apuntesdesanluis.com\/wp-content\/uploads\/2023\/08\/massa-y-haddad-150x150.png",150,150,true],"medium":["https:\/\/apuntesdesanluis.com\/wp-content\/uploads\/2023\/08\/massa-y-haddad-300x184.png",300,184,true],"medium_large":["https:\/\/apuntesdesanluis.com\/wp-content\/uploads\/2023\/08\/massa-y-haddad-768x471.png",640,393,true],"large":["https:\/\/apuntesdesanluis.com\/wp-content\/uploads\/2023\/08\/massa-y-haddad.png",640,392,false],"1536x1536":["https:\/\/apuntesdesanluis.com\/wp-content\/uploads\/2023\/08\/massa-y-haddad.png",791,485,false],"2048x2048":["https:\/\/apuntesdesanluis.com\/wp-content\/uploads\/2023\/08\/massa-y-haddad.png",791,485,false],"newsever-slider-full":["https:\/\/apuntesdesanluis.com\/wp-content\/uploads\/2023\/08\/massa-y-haddad.png",791,485,false],"newsever-featured":["https:\/\/apuntesdesanluis.com\/wp-content\/uploads\/2023\/08\/massa-y-haddad.png",791,485,false],"newsever-medium":["https:\/\/apuntesdesanluis.com\/wp-content\/uploads\/2023\/08\/massa-y-haddad-720x475.png",720,475,true]},"author_info":{"display_name":"apuntesdesanluis.com","author_link":"https:\/\/apuntesdesanluis.com\/index.php\/author\/apuntesdesanluis-com\/"},"category_info":"<a href=\"https:\/\/apuntesdesanluis.com\/index.php\/category\/nacionales-internacionales\/\" rel=\"category tag\">Nacionales\/Internacionales<\/a>","tag_info":"Nacionales\/Internacionales","comment_count":"0","_links":{"self":[{"href":"https:\/\/apuntesdesanluis.com\/index.php\/wp-json\/wp\/v2\/posts\/2203","targetHints":{"allow":["GET"]}}],"collection":[{"href":"https:\/\/apuntesdesanluis.com\/index.php\/wp-json\/wp\/v2\/posts"}],"about":[{"href":"https:\/\/apuntesdesanluis.com\/index.php\/wp-json\/wp\/v2\/types\/post"}],"author":[{"embeddable":true,"href":"https:\/\/apuntesdesanluis.com\/index.php\/wp-json\/wp\/v2\/users\/1"}],"replies":[{"embeddable":true,"href":"https:\/\/apuntesdesanluis.com\/index.php\/wp-json\/wp\/v2\/comments?post=2203"}],"version-history":[{"count":5,"href":"https:\/\/apuntesdesanluis.com\/index.php\/wp-json\/wp\/v2\/posts\/2203\/revisions"}],"predecessor-version":[{"id":2210,"href":"https:\/\/apuntesdesanluis.com\/index.php\/wp-json\/wp\/v2\/posts\/2203\/revisions\/2210"}],"wp:featuredmedia":[{"embeddable":true,"href":"https:\/\/apuntesdesanluis.com\/index.php\/wp-json\/wp\/v2\/media\/2204"}],"wp:attachment":[{"href":"https:\/\/apuntesdesanluis.com\/index.php\/wp-json\/wp\/v2\/media?parent=2203"}],"wp:term":[{"taxonomy":"category","embeddable":true,"href":"https:\/\/apuntesdesanluis.com\/index.php\/wp-json\/wp\/v2\/categories?post=2203"},{"taxonomy":"post_tag","embeddable":true,"href":"https:\/\/apuntesdesanluis.com\/index.php\/wp-json\/wp\/v2\/tags?post=2203"}],"curies":[{"name":"wp","href":"https:\/\/api.w.org\/{rel}","templated":true}]}}