{"id":22032,"date":"2024-09-09T22:15:25","date_gmt":"2024-09-10T01:15:25","guid":{"rendered":"https:\/\/apuntesdesanluis.com\/?p=22032"},"modified":"2024-09-09T22:15:25","modified_gmt":"2024-09-10T01:15:25","slug":"feinmann-a-santiago-caputo-la-pauta-se-la-meten-bien-en-el-orto","status":"publish","type":"post","link":"https:\/\/apuntesdesanluis.com\/index.php\/2024\/09\/09\/feinmann-a-santiago-caputo-la-pauta-se-la-meten-bien-en-el-orto\/","title":{"rendered":"FEINMANN A SANTIAGO CAPUTO: &#8220;LA PAUTA SE LA METEN BIEN EN EL ORTO&#8221;"},"content":{"rendered":"<h3><strong>Eduardo Feinmann<\/strong> sali\u00f3 a cruzar a<strong> Santiago Caputo<\/strong> luego del ataque de trolls que recibi\u00f3 por revelar las versiones de renuncia de <strong>Guillermo Francos<\/strong> por el enfrentamiento con el l\u00edder de los Peaky Blinders.<\/h3>\n<h3>&#8220;Por m\u00ed la pauta se la pueden meter bien en el orto&#8221;, le respondi\u00f3 el periodista a Traductor Te Ama, uno de los trolls principales de la banda del Gordo Dan.\u00a0 &#8220;Es absolutamente falso todo lo que dice Feinmann ac\u00e1. No renunci\u00f3. No hubo peleas. No hay ni habr\u00e1 pauta&#8221;, hab\u00eda dicho Traductor, que acus\u00f3 al periodista de ser un &#8220;troll kirchnerista&#8221;.<\/h3>\n<h3>&#8220;Basta, Macri. El Jefe de Gabinete est\u00e1 internado. Esto es bajo hasta para vos&#8221;, dijo el diputado libertario Agust\u00edn Romo, del sector de Caputo, para atacar al periodista.<\/h3>\n<h3>Feinmann sali\u00f3 a responderle directamente a la cuenta que tiene Santiago Caputo en Twitter. El asesor estrella de Milei lo hab\u00eda interpelado de manera indirecta por ventilar las versiones de renuncia de Francos. &#8220;Mensaje a los operadores medi\u00e1ticos al servicio de intereses pol\u00edticos disfrazados de periodistas: si creen que se van a llevar puesto al Jefe de Gabinete perm\u00edtanme decirles que les va a fallar el operativo&#8221;, dijo la cuenta de Caputo.<\/h3>\n<h3>&#8220;Nadie quiere llevarse puesto al Jefe de gabinete. Dejen de boludearlo en el gobierno&#8221;, le respondi\u00f3 Feinmann a la cuenta @bprearg. &#8220;El jefe de gabinete tiene responsabilidades constitucionales ante los &#8216;contratados&#8217; que no ponen una sola firma&#8221;, dijo el periodista en alusi\u00f3n al modo en el que est\u00e1 empleado Caputo pese a que maneja el gobierno.<\/h3>\n<h3>&#8220;El gobierno deber\u00eda cuidar a un Jefe de Gabinete de lujo como Guillermo Francos. Deben dejar de lado el libro: el arte de ganar elecciones, y leer m\u00e1s el arte de gobernar&#8221;, dijo Feinmann.<\/h3>\n<h3>&#8220;Eduardo querido. Me parece tremendo que te hagas cargo del tweet&#8221;, le replic\u00f3 Caputo. No me hago cargo de nada querido &#8216;contratado&#8217;. Lo digo por todos. Hagan bien las cosas, cuiden bien al Presidente, porque vuelven los nefastos. Los Marcos Pe\u00f1a de la vida los trajeron de vuelta&#8221;, le respondi\u00f3 Feinmann. <span style=\"color: #3366ff;\"><strong>(LPO)<\/strong><\/span><\/h3>\n<p>&nbsp;<\/p>\n<p>&nbsp;<\/p>\n<p>&nbsp;<\/p>\n<p>&nbsp;<\/p>\n<p>&nbsp;<\/p>\n<p>&nbsp;<\/p>\n","protected":false},"excerpt":{"rendered":"<p>Eduardo Feinmann sali\u00f3 a cruzar a Santiago Caputo luego del ataque de trolls que recibi\u00f3&#8230;<\/p>\n","protected":false},"author":1,"featured_media":22033,"comment_status":"closed","ping_status":"closed","sticky":false,"template":"","format":"standard","meta":{"footnotes":""},"categories":[5],"tags":[],"class_list":["post-22032","post","type-post","status-publish","format-standard","has-post-thumbnail","hentry","category-nacionales-internacionales"],"yoast_head":"<!-- This site is optimized with the Yoast SEO plugin v26.1.1 - https:\/\/yoast.com\/wordpress\/plugins\/seo\/ -->\n<title>FEINMANN A SANTIAGO CAPUTO: &quot;LA PAUTA SE LA METEN BIEN EN EL ORTO&quot; - Apuntes de San Luis<\/title>\n<meta name=\"robots\" content=\"index, follow, max-snippet:-1, max-image-preview:large, max-video-preview:-1\" \/>\n<link rel=\"canonical\" href=\"https:\/\/apuntesdesanluis.com\/index.php\/2024\/09\/09\/feinmann-a-santiago-caputo-la-pauta-se-la-meten-bien-en-el-orto\/\" \/>\n<meta property=\"og:locale\" content=\"es_ES\" \/>\n<meta property=\"og:type\" content=\"article\" \/>\n<meta property=\"og:title\" content=\"FEINMANN A SANTIAGO CAPUTO: &quot;LA PAUTA SE LA METEN BIEN EN EL ORTO&quot; - Apuntes de San Luis\" \/>\n<meta property=\"og:description\" content=\"Eduardo Feinmann sali\u00f3 a cruzar a Santiago Caputo luego del ataque de trolls que recibi\u00f3...\" \/>\n<meta property=\"og:url\" content=\"https:\/\/apuntesdesanluis.com\/index.php\/2024\/09\/09\/feinmann-a-santiago-caputo-la-pauta-se-la-meten-bien-en-el-orto\/\" \/>\n<meta property=\"og:site_name\" content=\"Apuntes de San Luis\" \/>\n<meta property=\"article:published_time\" content=\"2024-09-10T01:15:25+00:00\" \/>\n<meta property=\"og:image\" content=\"https:\/\/apuntesdesanluis.com\/wp-content\/uploads\/2024\/09\/feinmann.png\" \/>\n\t<meta property=\"og:image:width\" content=\"959\" \/>\n\t<meta property=\"og:image:height\" content=\"586\" \/>\n\t<meta property=\"og:image:type\" content=\"image\/png\" \/>\n<meta name=\"author\" content=\"apuntesdesanluis.com\" \/>\n<meta name=\"twitter:card\" content=\"summary_large_image\" \/>\n<meta name=\"twitter:label1\" content=\"Escrito por\" \/>\n\t<meta name=\"twitter:data1\" content=\"apuntesdesanluis.com\" \/>\n\t<meta name=\"twitter:label2\" content=\"Tiempo de lectura\" \/>\n\t<meta name=\"twitter:data2\" content=\"2 minutos\" \/>\n<script type=\"application\/ld+json\" class=\"yoast-schema-graph\">{\"@context\":\"https:\/\/schema.org\",\"@graph\":[{\"@type\":\"Article\",\"@id\":\"https:\/\/apuntesdesanluis.com\/index.php\/2024\/09\/09\/feinmann-a-santiago-caputo-la-pauta-se-la-meten-bien-en-el-orto\/#article\",\"isPartOf\":{\"@id\":\"https:\/\/apuntesdesanluis.com\/index.php\/2024\/09\/09\/feinmann-a-santiago-caputo-la-pauta-se-la-meten-bien-en-el-orto\/\"},\"author\":{\"name\":\"apuntesdesanluis.com\",\"@id\":\"https:\/\/apuntesdesanluis.com\/#\/schema\/person\/b55151d52296fcce64d1a72538a70b90\"},\"headline\":\"FEINMANN A SANTIAGO CAPUTO: &#8220;LA PAUTA SE LA METEN BIEN EN EL ORTO&#8221;\",\"datePublished\":\"2024-09-10T01:15:25+00:00\",\"mainEntityOfPage\":{\"@id\":\"https:\/\/apuntesdesanluis.com\/index.php\/2024\/09\/09\/feinmann-a-santiago-caputo-la-pauta-se-la-meten-bien-en-el-orto\/\"},\"wordCount\":368,\"publisher\":{\"@id\":\"https:\/\/apuntesdesanluis.com\/#\/schema\/person\/b55151d52296fcce64d1a72538a70b90\"},\"image\":{\"@id\":\"https:\/\/apuntesdesanluis.com\/index.php\/2024\/09\/09\/feinmann-a-santiago-caputo-la-pauta-se-la-meten-bien-en-el-orto\/#primaryimage\"},\"thumbnailUrl\":\"https:\/\/apuntesdesanluis.com\/wp-content\/uploads\/2024\/09\/feinmann.png\",\"articleSection\":[\"Nacionales\/Internacionales\"],\"inLanguage\":\"es-AR\"},{\"@type\":\"WebPage\",\"@id\":\"https:\/\/apuntesdesanluis.com\/index.php\/2024\/09\/09\/feinmann-a-santiago-caputo-la-pauta-se-la-meten-bien-en-el-orto\/\",\"url\":\"https:\/\/apuntesdesanluis.com\/index.php\/2024\/09\/09\/feinmann-a-santiago-caputo-la-pauta-se-la-meten-bien-en-el-orto\/\",\"name\":\"FEINMANN A SANTIAGO CAPUTO: \\\"LA PAUTA SE LA METEN BIEN EN EL ORTO\\\" - Apuntes de San Luis\",\"isPartOf\":{\"@id\":\"https:\/\/apuntesdesanluis.com\/#website\"},\"primaryImageOfPage\":{\"@id\":\"https:\/\/apuntesdesanluis.com\/index.php\/2024\/09\/09\/feinmann-a-santiago-caputo-la-pauta-se-la-meten-bien-en-el-orto\/#primaryimage\"},\"image\":{\"@id\":\"https:\/\/apuntesdesanluis.com\/index.php\/2024\/09\/09\/feinmann-a-santiago-caputo-la-pauta-se-la-meten-bien-en-el-orto\/#primaryimage\"},\"thumbnailUrl\":\"https:\/\/apuntesdesanluis.com\/wp-content\/uploads\/2024\/09\/feinmann.png\",\"datePublished\":\"2024-09-10T01:15:25+00:00\",\"breadcrumb\":{\"@id\":\"https:\/\/apuntesdesanluis.com\/index.php\/2024\/09\/09\/feinmann-a-santiago-caputo-la-pauta-se-la-meten-bien-en-el-orto\/#breadcrumb\"},\"inLanguage\":\"es-AR\",\"potentialAction\":[{\"@type\":\"ReadAction\",\"target\":[\"https:\/\/apuntesdesanluis.com\/index.php\/2024\/09\/09\/feinmann-a-santiago-caputo-la-pauta-se-la-meten-bien-en-el-orto\/\"]}]},{\"@type\":\"ImageObject\",\"inLanguage\":\"es-AR\",\"@id\":\"https:\/\/apuntesdesanluis.com\/index.php\/2024\/09\/09\/feinmann-a-santiago-caputo-la-pauta-se-la-meten-bien-en-el-orto\/#primaryimage\",\"url\":\"https:\/\/apuntesdesanluis.com\/wp-content\/uploads\/2024\/09\/feinmann.png\",\"contentUrl\":\"https:\/\/apuntesdesanluis.com\/wp-content\/uploads\/2024\/09\/feinmann.png\",\"width\":959,\"height\":586},{\"@type\":\"BreadcrumbList\",\"@id\":\"https:\/\/apuntesdesanluis.com\/index.php\/2024\/09\/09\/feinmann-a-santiago-caputo-la-pauta-se-la-meten-bien-en-el-orto\/#breadcrumb\",\"itemListElement\":[{\"@type\":\"ListItem\",\"position\":1,\"name\":\"Inicio\",\"item\":\"https:\/\/apuntesdesanluis.com\/\"},{\"@type\":\"ListItem\",\"position\":2,\"name\":\"FEINMANN A SANTIAGO CAPUTO: &#8220;LA PAUTA SE LA METEN BIEN EN EL ORTO&#8221;\"}]},{\"@type\":\"WebSite\",\"@id\":\"https:\/\/apuntesdesanluis.com\/#website\",\"url\":\"https:\/\/apuntesdesanluis.com\/\",\"name\":\"Apuntes de San Luis\",\"description\":\"\",\"publisher\":{\"@id\":\"https:\/\/apuntesdesanluis.com\/#\/schema\/person\/b55151d52296fcce64d1a72538a70b90\"},\"potentialAction\":[{\"@type\":\"SearchAction\",\"target\":{\"@type\":\"EntryPoint\",\"urlTemplate\":\"https:\/\/apuntesdesanluis.com\/?s={search_term_string}\"},\"query-input\":{\"@type\":\"PropertyValueSpecification\",\"valueRequired\":true,\"valueName\":\"search_term_string\"}}],\"inLanguage\":\"es-AR\"},{\"@type\":[\"Person\",\"Organization\"],\"@id\":\"https:\/\/apuntesdesanluis.com\/#\/schema\/person\/b55151d52296fcce64d1a72538a70b90\",\"name\":\"apuntesdesanluis.com\",\"image\":{\"@type\":\"ImageObject\",\"inLanguage\":\"es-AR\",\"@id\":\"https:\/\/apuntesdesanluis.com\/#\/schema\/person\/image\/\",\"url\":\"https:\/\/apuntesdesanluis.com\/wp-content\/uploads\/2023\/07\/cropped-apuntesdesanluis.png\",\"contentUrl\":\"https:\/\/apuntesdesanluis.com\/wp-content\/uploads\/2023\/07\/cropped-apuntesdesanluis.png\",\"width\":450,\"height\":112,\"caption\":\"apuntesdesanluis.com\"},\"logo\":{\"@id\":\"https:\/\/apuntesdesanluis.com\/#\/schema\/person\/image\/\"},\"sameAs\":[\"https:\/\/apuntesdesanluis.com\"],\"url\":\"https:\/\/apuntesdesanluis.com\/index.php\/author\/apuntesdesanluis-com\/\"}]}<\/script>\n<!-- \/ Yoast SEO plugin. -->","yoast_head_json":{"title":"FEINMANN A SANTIAGO CAPUTO: \"LA PAUTA SE LA METEN BIEN EN EL ORTO\" - Apuntes de San Luis","robots":{"index":"index","follow":"follow","max-snippet":"max-snippet:-1","max-image-preview":"max-image-preview:large","max-video-preview":"max-video-preview:-1"},"canonical":"https:\/\/apuntesdesanluis.com\/index.php\/2024\/09\/09\/feinmann-a-santiago-caputo-la-pauta-se-la-meten-bien-en-el-orto\/","og_locale":"es_ES","og_type":"article","og_title":"FEINMANN A SANTIAGO CAPUTO: \"LA PAUTA SE LA METEN BIEN EN EL ORTO\" - Apuntes de San Luis","og_description":"Eduardo Feinmann sali\u00f3 a cruzar a Santiago Caputo luego del ataque de trolls que recibi\u00f3...","og_url":"https:\/\/apuntesdesanluis.com\/index.php\/2024\/09\/09\/feinmann-a-santiago-caputo-la-pauta-se-la-meten-bien-en-el-orto\/","og_site_name":"Apuntes de San Luis","article_published_time":"2024-09-10T01:15:25+00:00","og_image":[{"width":959,"height":586,"url":"https:\/\/apuntesdesanluis.com\/wp-content\/uploads\/2024\/09\/feinmann.png","type":"image\/png"}],"author":"apuntesdesanluis.com","twitter_card":"summary_large_image","twitter_misc":{"Escrito por":"apuntesdesanluis.com","Tiempo de lectura":"2 minutos"},"schema":{"@context":"https:\/\/schema.org","@graph":[{"@type":"Article","@id":"https:\/\/apuntesdesanluis.com\/index.php\/2024\/09\/09\/feinmann-a-santiago-caputo-la-pauta-se-la-meten-bien-en-el-orto\/#article","isPartOf":{"@id":"https:\/\/apuntesdesanluis.com\/index.php\/2024\/09\/09\/feinmann-a-santiago-caputo-la-pauta-se-la-meten-bien-en-el-orto\/"},"author":{"name":"apuntesdesanluis.com","@id":"https:\/\/apuntesdesanluis.com\/#\/schema\/person\/b55151d52296fcce64d1a72538a70b90"},"headline":"FEINMANN A SANTIAGO CAPUTO: &#8220;LA PAUTA SE LA METEN BIEN EN EL ORTO&#8221;","datePublished":"2024-09-10T01:15:25+00:00","mainEntityOfPage":{"@id":"https:\/\/apuntesdesanluis.com\/index.php\/2024\/09\/09\/feinmann-a-santiago-caputo-la-pauta-se-la-meten-bien-en-el-orto\/"},"wordCount":368,"publisher":{"@id":"https:\/\/apuntesdesanluis.com\/#\/schema\/person\/b55151d52296fcce64d1a72538a70b90"},"image":{"@id":"https:\/\/apuntesdesanluis.com\/index.php\/2024\/09\/09\/feinmann-a-santiago-caputo-la-pauta-se-la-meten-bien-en-el-orto\/#primaryimage"},"thumbnailUrl":"https:\/\/apuntesdesanluis.com\/wp-content\/uploads\/2024\/09\/feinmann.png","articleSection":["Nacionales\/Internacionales"],"inLanguage":"es-AR"},{"@type":"WebPage","@id":"https:\/\/apuntesdesanluis.com\/index.php\/2024\/09\/09\/feinmann-a-santiago-caputo-la-pauta-se-la-meten-bien-en-el-orto\/","url":"https:\/\/apuntesdesanluis.com\/index.php\/2024\/09\/09\/feinmann-a-santiago-caputo-la-pauta-se-la-meten-bien-en-el-orto\/","name":"FEINMANN A SANTIAGO CAPUTO: \"LA PAUTA SE LA METEN BIEN EN EL ORTO\" - Apuntes de San Luis","isPartOf":{"@id":"https:\/\/apuntesdesanluis.com\/#website"},"primaryImageOfPage":{"@id":"https:\/\/apuntesdesanluis.com\/index.php\/2024\/09\/09\/feinmann-a-santiago-caputo-la-pauta-se-la-meten-bien-en-el-orto\/#primaryimage"},"image":{"@id":"https:\/\/apuntesdesanluis.com\/index.php\/2024\/09\/09\/feinmann-a-santiago-caputo-la-pauta-se-la-meten-bien-en-el-orto\/#primaryimage"},"thumbnailUrl":"https:\/\/apuntesdesanluis.com\/wp-content\/uploads\/2024\/09\/feinmann.png","datePublished":"2024-09-10T01:15:25+00:00","breadcrumb":{"@id":"https:\/\/apuntesdesanluis.com\/index.php\/2024\/09\/09\/feinmann-a-santiago-caputo-la-pauta-se-la-meten-bien-en-el-orto\/#breadcrumb"},"inLanguage":"es-AR","potentialAction":[{"@type":"ReadAction","target":["https:\/\/apuntesdesanluis.com\/index.php\/2024\/09\/09\/feinmann-a-santiago-caputo-la-pauta-se-la-meten-bien-en-el-orto\/"]}]},{"@type":"ImageObject","inLanguage":"es-AR","@id":"https:\/\/apuntesdesanluis.com\/index.php\/2024\/09\/09\/feinmann-a-santiago-caputo-la-pauta-se-la-meten-bien-en-el-orto\/#primaryimage","url":"https:\/\/apuntesdesanluis.com\/wp-content\/uploads\/2024\/09\/feinmann.png","contentUrl":"https:\/\/apuntesdesanluis.com\/wp-content\/uploads\/2024\/09\/feinmann.png","width":959,"height":586},{"@type":"BreadcrumbList","@id":"https:\/\/apuntesdesanluis.com\/index.php\/2024\/09\/09\/feinmann-a-santiago-caputo-la-pauta-se-la-meten-bien-en-el-orto\/#breadcrumb","itemListElement":[{"@type":"ListItem","position":1,"name":"Inicio","item":"https:\/\/apuntesdesanluis.com\/"},{"@type":"ListItem","position":2,"name":"FEINMANN A SANTIAGO CAPUTO: &#8220;LA PAUTA SE LA METEN BIEN EN EL ORTO&#8221;"}]},{"@type":"WebSite","@id":"https:\/\/apuntesdesanluis.com\/#website","url":"https:\/\/apuntesdesanluis.com\/","name":"Apuntes de San Luis","description":"","publisher":{"@id":"https:\/\/apuntesdesanluis.com\/#\/schema\/person\/b55151d52296fcce64d1a72538a70b90"},"potentialAction":[{"@type":"SearchAction","target":{"@type":"EntryPoint","urlTemplate":"https:\/\/apuntesdesanluis.com\/?s={search_term_string}"},"query-input":{"@type":"PropertyValueSpecification","valueRequired":true,"valueName":"search_term_string"}}],"inLanguage":"es-AR"},{"@type":["Person","Organization"],"@id":"https:\/\/apuntesdesanluis.com\/#\/schema\/person\/b55151d52296fcce64d1a72538a70b90","name":"apuntesdesanluis.com","image":{"@type":"ImageObject","inLanguage":"es-AR","@id":"https:\/\/apuntesdesanluis.com\/#\/schema\/person\/image\/","url":"https:\/\/apuntesdesanluis.com\/wp-content\/uploads\/2023\/07\/cropped-apuntesdesanluis.png","contentUrl":"https:\/\/apuntesdesanluis.com\/wp-content\/uploads\/2023\/07\/cropped-apuntesdesanluis.png","width":450,"height":112,"caption":"apuntesdesanluis.com"},"logo":{"@id":"https:\/\/apuntesdesanluis.com\/#\/schema\/person\/image\/"},"sameAs":["https:\/\/apuntesdesanluis.com"],"url":"https:\/\/apuntesdesanluis.com\/index.php\/author\/apuntesdesanluis-com\/"}]}},"featured_image_urls":{"full":["https:\/\/apuntesdesanluis.com\/wp-content\/uploads\/2024\/09\/feinmann.png",959,586,false],"thumbnail":["https:\/\/apuntesdesanluis.com\/wp-content\/uploads\/2024\/09\/feinmann-150x150.png",150,150,true],"medium":["https:\/\/apuntesdesanluis.com\/wp-content\/uploads\/2024\/09\/feinmann-300x183.png",300,183,true],"medium_large":["https:\/\/apuntesdesanluis.com\/wp-content\/uploads\/2024\/09\/feinmann-768x469.png",640,391,true],"large":["https:\/\/apuntesdesanluis.com\/wp-content\/uploads\/2024\/09\/feinmann.png",640,391,false],"1536x1536":["https:\/\/apuntesdesanluis.com\/wp-content\/uploads\/2024\/09\/feinmann.png",959,586,false],"2048x2048":["https:\/\/apuntesdesanluis.com\/wp-content\/uploads\/2024\/09\/feinmann.png",959,586,false],"newsever-slider-full":["https:\/\/apuntesdesanluis.com\/wp-content\/uploads\/2024\/09\/feinmann.png",959,586,false],"newsever-featured":["https:\/\/apuntesdesanluis.com\/wp-content\/uploads\/2024\/09\/feinmann.png",959,586,false],"newsever-medium":["https:\/\/apuntesdesanluis.com\/wp-content\/uploads\/2024\/09\/feinmann-720x475.png",720,475,true]},"author_info":{"display_name":"apuntesdesanluis.com","author_link":"https:\/\/apuntesdesanluis.com\/index.php\/author\/apuntesdesanluis-com\/"},"category_info":"<a href=\"https:\/\/apuntesdesanluis.com\/index.php\/category\/nacionales-internacionales\/\" rel=\"category tag\">Nacionales\/Internacionales<\/a>","tag_info":"Nacionales\/Internacionales","comment_count":"0","_links":{"self":[{"href":"https:\/\/apuntesdesanluis.com\/index.php\/wp-json\/wp\/v2\/posts\/22032","targetHints":{"allow":["GET"]}}],"collection":[{"href":"https:\/\/apuntesdesanluis.com\/index.php\/wp-json\/wp\/v2\/posts"}],"about":[{"href":"https:\/\/apuntesdesanluis.com\/index.php\/wp-json\/wp\/v2\/types\/post"}],"author":[{"embeddable":true,"href":"https:\/\/apuntesdesanluis.com\/index.php\/wp-json\/wp\/v2\/users\/1"}],"replies":[{"embeddable":true,"href":"https:\/\/apuntesdesanluis.com\/index.php\/wp-json\/wp\/v2\/comments?post=22032"}],"version-history":[{"count":1,"href":"https:\/\/apuntesdesanluis.com\/index.php\/wp-json\/wp\/v2\/posts\/22032\/revisions"}],"predecessor-version":[{"id":22034,"href":"https:\/\/apuntesdesanluis.com\/index.php\/wp-json\/wp\/v2\/posts\/22032\/revisions\/22034"}],"wp:featuredmedia":[{"embeddable":true,"href":"https:\/\/apuntesdesanluis.com\/index.php\/wp-json\/wp\/v2\/media\/22033"}],"wp:attachment":[{"href":"https:\/\/apuntesdesanluis.com\/index.php\/wp-json\/wp\/v2\/media?parent=22032"}],"wp:term":[{"taxonomy":"category","embeddable":true,"href":"https:\/\/apuntesdesanluis.com\/index.php\/wp-json\/wp\/v2\/categories?post=22032"},{"taxonomy":"post_tag","embeddable":true,"href":"https:\/\/apuntesdesanluis.com\/index.php\/wp-json\/wp\/v2\/tags?post=22032"}],"curies":[{"name":"wp","href":"https:\/\/api.w.org\/{rel}","templated":true}]}}