{"id":22038,"date":"2024-09-10T18:31:08","date_gmt":"2024-09-10T21:31:08","guid":{"rendered":"https:\/\/apuntesdesanluis.com\/?p=22038"},"modified":"2024-09-11T00:01:39","modified_gmt":"2024-09-11T03:01:39","slug":"poggi-firmo-el-proyecto-para-crear-el-registro-provincial-de-huellas-geneticas-digitalizadas","status":"publish","type":"post","link":"https:\/\/apuntesdesanluis.com\/index.php\/2024\/09\/10\/poggi-firmo-el-proyecto-para-crear-el-registro-provincial-de-huellas-geneticas-digitalizadas\/","title":{"rendered":"POGGI FIRM\u00d3 EL PROYECTO PARA CREAR EL REGISTRO PROVINCIAL DE HUELLAS GEN\u00c9TICAS DIGITALIZADAS"},"content":{"rendered":"<h3>Este lunes por la tarde, el gobernador <strong>Claudio Poggi<\/strong> firm\u00f3 el proyecto de ley para la creaci\u00f3n del registro provincial de huellas gen\u00e9ticas digitalizadas. As\u00ed lo inform\u00f3 el ministro de Gobierno, Facundo Endeiza, quien acompa\u00f1\u00f3 al Primer Mandatario junto a la secretaria de Legal y T\u00e9cnica, Fabiana Zarate y al secretario de Asuntos Institucionales y Enlace Parlamentario, Jos\u00e9 Giraudo.<\/h3>\n<h3>Este organismo se va a crear en el \u00e1mbito del Poder Judicial. \u201cVa a ser una base de datos de informaci\u00f3n gen\u00e9tica del ADN y tiene como objetivo avanzar en todo lo que es las pol\u00edticas contra el crimen\u201d, se\u00f1al\u00f3 Endeiza, quien explic\u00f3 que se van a registrar a todos los condenados, procesados y denunciados, as\u00ed como tambi\u00e9n a las fuerzas de seguridad p\u00fablica y privada, el sistema carcelario y funcionarios del Poder Judicial.<\/h3>\n<p><iframe title=\"Facundo Endeiza, Ministro de Gobierno\" width=\"640\" height=\"360\" src=\"https:\/\/www.youtube.com\/embed\/-yCv4Z2G-V4?feature=oembed\" frameborder=\"0\" allow=\"accelerometer; autoplay; clipboard-write; encrypted-media; gyroscope; picture-in-picture; web-share\" referrerpolicy=\"strict-origin-when-cross-origin\" allowfullscreen><\/iframe><\/p>\n<h3>\u201cEl objetivo de esto es tener una gran base de datos para que nos permitan esclarecer los delitos en una mejor manera\u201d, afirm\u00f3 el Ministro, y a\u00f1adi\u00f3: \u201cVa a ser un importante avance para la lucha contra el crimen.\u00a0 Nosotros estamos d\u00e1ndole al Poder Judicial un registro muy importante, al cual ellos, sobre todo en lo que es todo lo penal, van a poder trabajar mucho mejor\u201d.<\/h3>\n<h3>\u201cEs un proyecto que tiene mucho que ver con lo que tiene Mendoza, que nos ha ayudado mucho, tambi\u00e9n La Pampa, as\u00ed que se puede interactuar con las provincias\u201d, se\u00f1al\u00f3 Endeiza. Hace un mes aproximadamente, Poggi junto a una comitiva gubernamental viaj\u00f3 a la provincia mendocina para interiorizarse sobre el funcionamiento del Laboratorio de Huellas Gen\u00e9ticas, dispositivo que desde 2018 cuenta con el sistema de seguridad m\u00e1s elevado vigente a nivel mundial.<\/h3>\n<p><img fetchpriority=\"high\" decoding=\"async\" class=\"wp-image-22040 aligncenter\" src=\"https:\/\/apuntesdesanluis.com\/wp-content\/uploads\/2024\/09\/POGGI-REUNION-300x201.png\" alt=\"\" width=\"604\" height=\"405\" srcset=\"https:\/\/apuntesdesanluis.com\/wp-content\/uploads\/2024\/09\/POGGI-REUNION-300x201.png 300w, https:\/\/apuntesdesanluis.com\/wp-content\/uploads\/2024\/09\/POGGI-REUNION.png 700w\" sizes=\"(max-width: 604px) 100vw, 604px\" \/><\/p>\n<h3>\u201cEste sistema les permite a ellos tener una mayor eficiencia en lo que es la soluci\u00f3n de los delitos, porque en el caso de que se produzca un delito, siempre manejado por el Poder Judicial, van a poder cotejar en una gran base de datos\u201d, explic\u00f3 el ministro, y agreg\u00f3: \u201cTenemos muchos casos tambi\u00e9n a nivel nacional que con este sistema se han resuelto e indudablemente va a ser un gran avance\u201d.<\/h3>\n<p>&nbsp;<\/p>\n<p>&nbsp;<\/p>\n<p>&nbsp;<\/p>\n<p>&nbsp;<\/p>\n<p>&nbsp;<\/p>\n<p>&nbsp;<\/p>\n","protected":false},"excerpt":{"rendered":"<p>Este lunes por la tarde, el gobernador Claudio Poggi firm\u00f3 el proyecto de ley para&#8230;<\/p>\n","protected":false},"author":1,"featured_media":22039,"comment_status":"closed","ping_status":"closed","sticky":false,"template":"","format":"standard","meta":{"footnotes":""},"categories":[6],"tags":[],"class_list":["post-22038","post","type-post","status-publish","format-standard","has-post-thumbnail","hentry","category-ciudad-provincia"],"yoast_head":"<!-- This site is optimized with the Yoast SEO plugin v26.1.1 - https:\/\/yoast.com\/wordpress\/plugins\/seo\/ -->\n<title>POGGI FIRM\u00d3 EL PROYECTO PARA CREAR EL REGISTRO PROVINCIAL DE HUELLAS GEN\u00c9TICAS DIGITALIZADAS - Apuntes de San Luis<\/title>\n<meta name=\"robots\" content=\"index, follow, max-snippet:-1, max-image-preview:large, max-video-preview:-1\" \/>\n<link rel=\"canonical\" href=\"https:\/\/apuntesdesanluis.com\/index.php\/2024\/09\/10\/poggi-firmo-el-proyecto-para-crear-el-registro-provincial-de-huellas-geneticas-digitalizadas\/\" \/>\n<meta property=\"og:locale\" content=\"es_ES\" \/>\n<meta property=\"og:type\" content=\"article\" \/>\n<meta property=\"og:title\" content=\"POGGI FIRM\u00d3 EL PROYECTO PARA CREAR EL REGISTRO PROVINCIAL DE HUELLAS GEN\u00c9TICAS DIGITALIZADAS - Apuntes de San Luis\" \/>\n<meta property=\"og:description\" content=\"Este lunes por la tarde, el gobernador Claudio Poggi firm\u00f3 el proyecto de ley para...\" \/>\n<meta property=\"og:url\" content=\"https:\/\/apuntesdesanluis.com\/index.php\/2024\/09\/10\/poggi-firmo-el-proyecto-para-crear-el-registro-provincial-de-huellas-geneticas-digitalizadas\/\" \/>\n<meta property=\"og:site_name\" content=\"Apuntes de San Luis\" \/>\n<meta property=\"article:published_time\" content=\"2024-09-10T21:31:08+00:00\" \/>\n<meta property=\"article:modified_time\" content=\"2024-09-11T03:01:39+00:00\" \/>\n<meta property=\"og:image\" content=\"https:\/\/apuntesdesanluis.com\/wp-content\/uploads\/2024\/09\/POGGI-4.png\" \/>\n\t<meta property=\"og:image:width\" content=\"700\" \/>\n\t<meta property=\"og:image:height\" content=\"451\" \/>\n\t<meta property=\"og:image:type\" content=\"image\/png\" \/>\n<meta name=\"author\" content=\"apuntesdesanluis.com\" \/>\n<meta name=\"twitter:card\" content=\"summary_large_image\" \/>\n<meta name=\"twitter:label1\" content=\"Escrito por\" \/>\n\t<meta name=\"twitter:data1\" content=\"apuntesdesanluis.com\" \/>\n\t<meta name=\"twitter:label2\" content=\"Tiempo de lectura\" \/>\n\t<meta name=\"twitter:data2\" content=\"2 minutos\" \/>\n<script type=\"application\/ld+json\" class=\"yoast-schema-graph\">{\"@context\":\"https:\/\/schema.org\",\"@graph\":[{\"@type\":\"Article\",\"@id\":\"https:\/\/apuntesdesanluis.com\/index.php\/2024\/09\/10\/poggi-firmo-el-proyecto-para-crear-el-registro-provincial-de-huellas-geneticas-digitalizadas\/#article\",\"isPartOf\":{\"@id\":\"https:\/\/apuntesdesanluis.com\/index.php\/2024\/09\/10\/poggi-firmo-el-proyecto-para-crear-el-registro-provincial-de-huellas-geneticas-digitalizadas\/\"},\"author\":{\"name\":\"apuntesdesanluis.com\",\"@id\":\"https:\/\/apuntesdesanluis.com\/#\/schema\/person\/b55151d52296fcce64d1a72538a70b90\"},\"headline\":\"POGGI FIRM\u00d3 EL PROYECTO PARA CREAR EL REGISTRO PROVINCIAL DE HUELLAS GEN\u00c9TICAS DIGITALIZADAS\",\"datePublished\":\"2024-09-10T21:31:08+00:00\",\"dateModified\":\"2024-09-11T03:01:39+00:00\",\"mainEntityOfPage\":{\"@id\":\"https:\/\/apuntesdesanluis.com\/index.php\/2024\/09\/10\/poggi-firmo-el-proyecto-para-crear-el-registro-provincial-de-huellas-geneticas-digitalizadas\/\"},\"wordCount\":388,\"publisher\":{\"@id\":\"https:\/\/apuntesdesanluis.com\/#\/schema\/person\/b55151d52296fcce64d1a72538a70b90\"},\"image\":{\"@id\":\"https:\/\/apuntesdesanluis.com\/index.php\/2024\/09\/10\/poggi-firmo-el-proyecto-para-crear-el-registro-provincial-de-huellas-geneticas-digitalizadas\/#primaryimage\"},\"thumbnailUrl\":\"https:\/\/apuntesdesanluis.com\/wp-content\/uploads\/2024\/09\/POGGI-4.png\",\"articleSection\":[\"Ciudad\/Provincia\"],\"inLanguage\":\"es-AR\"},{\"@type\":\"WebPage\",\"@id\":\"https:\/\/apuntesdesanluis.com\/index.php\/2024\/09\/10\/poggi-firmo-el-proyecto-para-crear-el-registro-provincial-de-huellas-geneticas-digitalizadas\/\",\"url\":\"https:\/\/apuntesdesanluis.com\/index.php\/2024\/09\/10\/poggi-firmo-el-proyecto-para-crear-el-registro-provincial-de-huellas-geneticas-digitalizadas\/\",\"name\":\"POGGI FIRM\u00d3 EL PROYECTO PARA CREAR EL REGISTRO PROVINCIAL DE HUELLAS GEN\u00c9TICAS DIGITALIZADAS - Apuntes de San Luis\",\"isPartOf\":{\"@id\":\"https:\/\/apuntesdesanluis.com\/#website\"},\"primaryImageOfPage\":{\"@id\":\"https:\/\/apuntesdesanluis.com\/index.php\/2024\/09\/10\/poggi-firmo-el-proyecto-para-crear-el-registro-provincial-de-huellas-geneticas-digitalizadas\/#primaryimage\"},\"image\":{\"@id\":\"https:\/\/apuntesdesanluis.com\/index.php\/2024\/09\/10\/poggi-firmo-el-proyecto-para-crear-el-registro-provincial-de-huellas-geneticas-digitalizadas\/#primaryimage\"},\"thumbnailUrl\":\"https:\/\/apuntesdesanluis.com\/wp-content\/uploads\/2024\/09\/POGGI-4.png\",\"datePublished\":\"2024-09-10T21:31:08+00:00\",\"dateModified\":\"2024-09-11T03:01:39+00:00\",\"breadcrumb\":{\"@id\":\"https:\/\/apuntesdesanluis.com\/index.php\/2024\/09\/10\/poggi-firmo-el-proyecto-para-crear-el-registro-provincial-de-huellas-geneticas-digitalizadas\/#breadcrumb\"},\"inLanguage\":\"es-AR\",\"potentialAction\":[{\"@type\":\"ReadAction\",\"target\":[\"https:\/\/apuntesdesanluis.com\/index.php\/2024\/09\/10\/poggi-firmo-el-proyecto-para-crear-el-registro-provincial-de-huellas-geneticas-digitalizadas\/\"]}]},{\"@type\":\"ImageObject\",\"inLanguage\":\"es-AR\",\"@id\":\"https:\/\/apuntesdesanluis.com\/index.php\/2024\/09\/10\/poggi-firmo-el-proyecto-para-crear-el-registro-provincial-de-huellas-geneticas-digitalizadas\/#primaryimage\",\"url\":\"https:\/\/apuntesdesanluis.com\/wp-content\/uploads\/2024\/09\/POGGI-4.png\",\"contentUrl\":\"https:\/\/apuntesdesanluis.com\/wp-content\/uploads\/2024\/09\/POGGI-4.png\",\"width\":700,\"height\":451},{\"@type\":\"BreadcrumbList\",\"@id\":\"https:\/\/apuntesdesanluis.com\/index.php\/2024\/09\/10\/poggi-firmo-el-proyecto-para-crear-el-registro-provincial-de-huellas-geneticas-digitalizadas\/#breadcrumb\",\"itemListElement\":[{\"@type\":\"ListItem\",\"position\":1,\"name\":\"Inicio\",\"item\":\"https:\/\/apuntesdesanluis.com\/\"},{\"@type\":\"ListItem\",\"position\":2,\"name\":\"POGGI FIRM\u00d3 EL PROYECTO PARA CREAR EL REGISTRO PROVINCIAL DE HUELLAS GEN\u00c9TICAS DIGITALIZADAS\"}]},{\"@type\":\"WebSite\",\"@id\":\"https:\/\/apuntesdesanluis.com\/#website\",\"url\":\"https:\/\/apuntesdesanluis.com\/\",\"name\":\"Apuntes de San Luis\",\"description\":\"\",\"publisher\":{\"@id\":\"https:\/\/apuntesdesanluis.com\/#\/schema\/person\/b55151d52296fcce64d1a72538a70b90\"},\"potentialAction\":[{\"@type\":\"SearchAction\",\"target\":{\"@type\":\"EntryPoint\",\"urlTemplate\":\"https:\/\/apuntesdesanluis.com\/?s={search_term_string}\"},\"query-input\":{\"@type\":\"PropertyValueSpecification\",\"valueRequired\":true,\"valueName\":\"search_term_string\"}}],\"inLanguage\":\"es-AR\"},{\"@type\":[\"Person\",\"Organization\"],\"@id\":\"https:\/\/apuntesdesanluis.com\/#\/schema\/person\/b55151d52296fcce64d1a72538a70b90\",\"name\":\"apuntesdesanluis.com\",\"image\":{\"@type\":\"ImageObject\",\"inLanguage\":\"es-AR\",\"@id\":\"https:\/\/apuntesdesanluis.com\/#\/schema\/person\/image\/\",\"url\":\"https:\/\/apuntesdesanluis.com\/wp-content\/uploads\/2023\/07\/cropped-apuntesdesanluis.png\",\"contentUrl\":\"https:\/\/apuntesdesanluis.com\/wp-content\/uploads\/2023\/07\/cropped-apuntesdesanluis.png\",\"width\":450,\"height\":112,\"caption\":\"apuntesdesanluis.com\"},\"logo\":{\"@id\":\"https:\/\/apuntesdesanluis.com\/#\/schema\/person\/image\/\"},\"sameAs\":[\"https:\/\/apuntesdesanluis.com\"],\"url\":\"https:\/\/apuntesdesanluis.com\/index.php\/author\/apuntesdesanluis-com\/\"}]}<\/script>\n<!-- \/ Yoast SEO plugin. -->","yoast_head_json":{"title":"POGGI FIRM\u00d3 EL PROYECTO PARA CREAR EL REGISTRO PROVINCIAL DE HUELLAS GEN\u00c9TICAS DIGITALIZADAS - Apuntes de San Luis","robots":{"index":"index","follow":"follow","max-snippet":"max-snippet:-1","max-image-preview":"max-image-preview:large","max-video-preview":"max-video-preview:-1"},"canonical":"https:\/\/apuntesdesanluis.com\/index.php\/2024\/09\/10\/poggi-firmo-el-proyecto-para-crear-el-registro-provincial-de-huellas-geneticas-digitalizadas\/","og_locale":"es_ES","og_type":"article","og_title":"POGGI FIRM\u00d3 EL PROYECTO PARA CREAR EL REGISTRO PROVINCIAL DE HUELLAS GEN\u00c9TICAS DIGITALIZADAS - Apuntes de San Luis","og_description":"Este lunes por la tarde, el gobernador Claudio Poggi firm\u00f3 el proyecto de ley para...","og_url":"https:\/\/apuntesdesanluis.com\/index.php\/2024\/09\/10\/poggi-firmo-el-proyecto-para-crear-el-registro-provincial-de-huellas-geneticas-digitalizadas\/","og_site_name":"Apuntes de San Luis","article_published_time":"2024-09-10T21:31:08+00:00","article_modified_time":"2024-09-11T03:01:39+00:00","og_image":[{"width":700,"height":451,"url":"https:\/\/apuntesdesanluis.com\/wp-content\/uploads\/2024\/09\/POGGI-4.png","type":"image\/png"}],"author":"apuntesdesanluis.com","twitter_card":"summary_large_image","twitter_misc":{"Escrito por":"apuntesdesanluis.com","Tiempo de lectura":"2 minutos"},"schema":{"@context":"https:\/\/schema.org","@graph":[{"@type":"Article","@id":"https:\/\/apuntesdesanluis.com\/index.php\/2024\/09\/10\/poggi-firmo-el-proyecto-para-crear-el-registro-provincial-de-huellas-geneticas-digitalizadas\/#article","isPartOf":{"@id":"https:\/\/apuntesdesanluis.com\/index.php\/2024\/09\/10\/poggi-firmo-el-proyecto-para-crear-el-registro-provincial-de-huellas-geneticas-digitalizadas\/"},"author":{"name":"apuntesdesanluis.com","@id":"https:\/\/apuntesdesanluis.com\/#\/schema\/person\/b55151d52296fcce64d1a72538a70b90"},"headline":"POGGI FIRM\u00d3 EL PROYECTO PARA CREAR EL REGISTRO PROVINCIAL DE HUELLAS GEN\u00c9TICAS DIGITALIZADAS","datePublished":"2024-09-10T21:31:08+00:00","dateModified":"2024-09-11T03:01:39+00:00","mainEntityOfPage":{"@id":"https:\/\/apuntesdesanluis.com\/index.php\/2024\/09\/10\/poggi-firmo-el-proyecto-para-crear-el-registro-provincial-de-huellas-geneticas-digitalizadas\/"},"wordCount":388,"publisher":{"@id":"https:\/\/apuntesdesanluis.com\/#\/schema\/person\/b55151d52296fcce64d1a72538a70b90"},"image":{"@id":"https:\/\/apuntesdesanluis.com\/index.php\/2024\/09\/10\/poggi-firmo-el-proyecto-para-crear-el-registro-provincial-de-huellas-geneticas-digitalizadas\/#primaryimage"},"thumbnailUrl":"https:\/\/apuntesdesanluis.com\/wp-content\/uploads\/2024\/09\/POGGI-4.png","articleSection":["Ciudad\/Provincia"],"inLanguage":"es-AR"},{"@type":"WebPage","@id":"https:\/\/apuntesdesanluis.com\/index.php\/2024\/09\/10\/poggi-firmo-el-proyecto-para-crear-el-registro-provincial-de-huellas-geneticas-digitalizadas\/","url":"https:\/\/apuntesdesanluis.com\/index.php\/2024\/09\/10\/poggi-firmo-el-proyecto-para-crear-el-registro-provincial-de-huellas-geneticas-digitalizadas\/","name":"POGGI FIRM\u00d3 EL PROYECTO PARA CREAR EL REGISTRO PROVINCIAL DE HUELLAS GEN\u00c9TICAS DIGITALIZADAS - Apuntes de San Luis","isPartOf":{"@id":"https:\/\/apuntesdesanluis.com\/#website"},"primaryImageOfPage":{"@id":"https:\/\/apuntesdesanluis.com\/index.php\/2024\/09\/10\/poggi-firmo-el-proyecto-para-crear-el-registro-provincial-de-huellas-geneticas-digitalizadas\/#primaryimage"},"image":{"@id":"https:\/\/apuntesdesanluis.com\/index.php\/2024\/09\/10\/poggi-firmo-el-proyecto-para-crear-el-registro-provincial-de-huellas-geneticas-digitalizadas\/#primaryimage"},"thumbnailUrl":"https:\/\/apuntesdesanluis.com\/wp-content\/uploads\/2024\/09\/POGGI-4.png","datePublished":"2024-09-10T21:31:08+00:00","dateModified":"2024-09-11T03:01:39+00:00","breadcrumb":{"@id":"https:\/\/apuntesdesanluis.com\/index.php\/2024\/09\/10\/poggi-firmo-el-proyecto-para-crear-el-registro-provincial-de-huellas-geneticas-digitalizadas\/#breadcrumb"},"inLanguage":"es-AR","potentialAction":[{"@type":"ReadAction","target":["https:\/\/apuntesdesanluis.com\/index.php\/2024\/09\/10\/poggi-firmo-el-proyecto-para-crear-el-registro-provincial-de-huellas-geneticas-digitalizadas\/"]}]},{"@type":"ImageObject","inLanguage":"es-AR","@id":"https:\/\/apuntesdesanluis.com\/index.php\/2024\/09\/10\/poggi-firmo-el-proyecto-para-crear-el-registro-provincial-de-huellas-geneticas-digitalizadas\/#primaryimage","url":"https:\/\/apuntesdesanluis.com\/wp-content\/uploads\/2024\/09\/POGGI-4.png","contentUrl":"https:\/\/apuntesdesanluis.com\/wp-content\/uploads\/2024\/09\/POGGI-4.png","width":700,"height":451},{"@type":"BreadcrumbList","@id":"https:\/\/apuntesdesanluis.com\/index.php\/2024\/09\/10\/poggi-firmo-el-proyecto-para-crear-el-registro-provincial-de-huellas-geneticas-digitalizadas\/#breadcrumb","itemListElement":[{"@type":"ListItem","position":1,"name":"Inicio","item":"https:\/\/apuntesdesanluis.com\/"},{"@type":"ListItem","position":2,"name":"POGGI FIRM\u00d3 EL PROYECTO PARA CREAR EL REGISTRO PROVINCIAL DE HUELLAS GEN\u00c9TICAS DIGITALIZADAS"}]},{"@type":"WebSite","@id":"https:\/\/apuntesdesanluis.com\/#website","url":"https:\/\/apuntesdesanluis.com\/","name":"Apuntes de San Luis","description":"","publisher":{"@id":"https:\/\/apuntesdesanluis.com\/#\/schema\/person\/b55151d52296fcce64d1a72538a70b90"},"potentialAction":[{"@type":"SearchAction","target":{"@type":"EntryPoint","urlTemplate":"https:\/\/apuntesdesanluis.com\/?s={search_term_string}"},"query-input":{"@type":"PropertyValueSpecification","valueRequired":true,"valueName":"search_term_string"}}],"inLanguage":"es-AR"},{"@type":["Person","Organization"],"@id":"https:\/\/apuntesdesanluis.com\/#\/schema\/person\/b55151d52296fcce64d1a72538a70b90","name":"apuntesdesanluis.com","image":{"@type":"ImageObject","inLanguage":"es-AR","@id":"https:\/\/apuntesdesanluis.com\/#\/schema\/person\/image\/","url":"https:\/\/apuntesdesanluis.com\/wp-content\/uploads\/2023\/07\/cropped-apuntesdesanluis.png","contentUrl":"https:\/\/apuntesdesanluis.com\/wp-content\/uploads\/2023\/07\/cropped-apuntesdesanluis.png","width":450,"height":112,"caption":"apuntesdesanluis.com"},"logo":{"@id":"https:\/\/apuntesdesanluis.com\/#\/schema\/person\/image\/"},"sameAs":["https:\/\/apuntesdesanluis.com"],"url":"https:\/\/apuntesdesanluis.com\/index.php\/author\/apuntesdesanluis-com\/"}]}},"featured_image_urls":{"full":["https:\/\/apuntesdesanluis.com\/wp-content\/uploads\/2024\/09\/POGGI-4.png",700,451,false],"thumbnail":["https:\/\/apuntesdesanluis.com\/wp-content\/uploads\/2024\/09\/POGGI-4-150x150.png",150,150,true],"medium":["https:\/\/apuntesdesanluis.com\/wp-content\/uploads\/2024\/09\/POGGI-4-300x193.png",300,193,true],"medium_large":["https:\/\/apuntesdesanluis.com\/wp-content\/uploads\/2024\/09\/POGGI-4.png",640,412,false],"large":["https:\/\/apuntesdesanluis.com\/wp-content\/uploads\/2024\/09\/POGGI-4.png",640,412,false],"1536x1536":["https:\/\/apuntesdesanluis.com\/wp-content\/uploads\/2024\/09\/POGGI-4.png",700,451,false],"2048x2048":["https:\/\/apuntesdesanluis.com\/wp-content\/uploads\/2024\/09\/POGGI-4.png",700,451,false],"newsever-slider-full":["https:\/\/apuntesdesanluis.com\/wp-content\/uploads\/2024\/09\/POGGI-4.png",700,451,false],"newsever-featured":["https:\/\/apuntesdesanluis.com\/wp-content\/uploads\/2024\/09\/POGGI-4.png",700,451,false],"newsever-medium":["https:\/\/apuntesdesanluis.com\/wp-content\/uploads\/2024\/09\/POGGI-4.png",700,451,false]},"author_info":{"display_name":"apuntesdesanluis.com","author_link":"https:\/\/apuntesdesanluis.com\/index.php\/author\/apuntesdesanluis-com\/"},"category_info":"<a href=\"https:\/\/apuntesdesanluis.com\/index.php\/category\/ciudad-provincia\/\" rel=\"category tag\">Ciudad\/Provincia<\/a>","tag_info":"Ciudad\/Provincia","comment_count":"0","_links":{"self":[{"href":"https:\/\/apuntesdesanluis.com\/index.php\/wp-json\/wp\/v2\/posts\/22038","targetHints":{"allow":["GET"]}}],"collection":[{"href":"https:\/\/apuntesdesanluis.com\/index.php\/wp-json\/wp\/v2\/posts"}],"about":[{"href":"https:\/\/apuntesdesanluis.com\/index.php\/wp-json\/wp\/v2\/types\/post"}],"author":[{"embeddable":true,"href":"https:\/\/apuntesdesanluis.com\/index.php\/wp-json\/wp\/v2\/users\/1"}],"replies":[{"embeddable":true,"href":"https:\/\/apuntesdesanluis.com\/index.php\/wp-json\/wp\/v2\/comments?post=22038"}],"version-history":[{"count":2,"href":"https:\/\/apuntesdesanluis.com\/index.php\/wp-json\/wp\/v2\/posts\/22038\/revisions"}],"predecessor-version":[{"id":22082,"href":"https:\/\/apuntesdesanluis.com\/index.php\/wp-json\/wp\/v2\/posts\/22038\/revisions\/22082"}],"wp:featuredmedia":[{"embeddable":true,"href":"https:\/\/apuntesdesanluis.com\/index.php\/wp-json\/wp\/v2\/media\/22039"}],"wp:attachment":[{"href":"https:\/\/apuntesdesanluis.com\/index.php\/wp-json\/wp\/v2\/media?parent=22038"}],"wp:term":[{"taxonomy":"category","embeddable":true,"href":"https:\/\/apuntesdesanluis.com\/index.php\/wp-json\/wp\/v2\/categories?post=22038"},{"taxonomy":"post_tag","embeddable":true,"href":"https:\/\/apuntesdesanluis.com\/index.php\/wp-json\/wp\/v2\/tags?post=22038"}],"curies":[{"name":"wp","href":"https:\/\/api.w.org\/{rel}","templated":true}]}}