{"id":22054,"date":"2024-09-10T22:22:16","date_gmt":"2024-09-11T01:22:16","guid":{"rendered":"https:\/\/apuntesdesanluis.com\/?p=22054"},"modified":"2024-09-10T22:22:16","modified_gmt":"2024-09-11T01:22:16","slug":"gobernadores-de-todo-el-pais-aprobaron-el-reingreso-de-san-luis-al-cfi","status":"publish","type":"post","link":"https:\/\/apuntesdesanluis.com\/index.php\/2024\/09\/10\/gobernadores-de-todo-el-pais-aprobaron-el-reingreso-de-san-luis-al-cfi\/","title":{"rendered":"GOBERNADORES DE TODO EL PA\u00cdS APROBARON EL REINGRESO DE SAN LUIS AL CFI"},"content":{"rendered":"<h3>Por unanimidad, los mandatarios provinciales de toda la Argentina aprobaron en una Asamblea Extraordinaria el retorno de San Luis al Consejo Federal de Inversiones (CFI).<\/h3>\n<h3>Luego de 18 a\u00f1os de la desvinculaci\u00f3n unilateral de San Luis, nuevamente la Provincia tendr\u00e1 la posibilidad de aprovechar las oportunidades que implica ser parte del CFI. La reinserci\u00f3n al consejo, aprobada por unanimidad por los 22 gobernadores presentes en la asamblea, ser\u00e1 clave para promover y orientar las inversiones y para que los privados puedan acceder a l\u00edneas de cr\u00e9dito.<\/h3>\n<h3>El reingreso deja sin efecto, adem\u00e1s, el juicio que el CFI le hab\u00eda iniciado a la provincia por aquella decisi\u00f3n.<\/h3>\n<p><img fetchpriority=\"high\" decoding=\"async\" class=\"wp-image-22056 aligncenter\" src=\"https:\/\/apuntesdesanluis.com\/wp-content\/uploads\/2024\/09\/CFI-300x185.png\" alt=\"\" width=\"715\" height=\"441\" srcset=\"https:\/\/apuntesdesanluis.com\/wp-content\/uploads\/2024\/09\/CFI-300x185.png 300w, https:\/\/apuntesdesanluis.com\/wp-content\/uploads\/2024\/09\/CFI-768x474.png 768w, https:\/\/apuntesdesanluis.com\/wp-content\/uploads\/2024\/09\/CFI.png 834w\" sizes=\"(max-width: 715px) 100vw, 715px\" \/><\/p>\n<h3>El gobernador, Claudio Poggi expres\u00f3 luego de aprobarse la reincorporaci\u00f3n de San Luis: \u201cEs una gran noticia porque a partir del d\u00eda de la fecha y por unanimidad, todos los gobernadores aprobaron el reingreso de la provincia de San Luis al Consejo Federal de Inversiones\u201d.<\/h3>\n<p>&nbsp;<\/p>\n<p>&nbsp;<\/p>\n<p>&nbsp;<\/p>\n<p>&nbsp;<\/p>\n<p>&nbsp;<\/p>\n<p>&nbsp;<\/p>\n<p>&nbsp;<\/p>\n","protected":false},"excerpt":{"rendered":"<p>Por unanimidad, los mandatarios provinciales de toda la Argentina aprobaron en una Asamblea Extraordinaria el&#8230;<\/p>\n","protected":false},"author":1,"featured_media":22055,"comment_status":"closed","ping_status":"closed","sticky":false,"template":"","format":"standard","meta":{"footnotes":""},"categories":[6],"tags":[],"class_list":["post-22054","post","type-post","status-publish","format-standard","has-post-thumbnail","hentry","category-ciudad-provincia"],"yoast_head":"<!-- This site is optimized with the Yoast SEO plugin v26.1.1 - https:\/\/yoast.com\/wordpress\/plugins\/seo\/ -->\n<title>GOBERNADORES DE TODO EL PA\u00cdS APROBARON EL REINGRESO DE SAN LUIS AL CFI - Apuntes de San Luis<\/title>\n<meta name=\"robots\" content=\"index, follow, max-snippet:-1, max-image-preview:large, max-video-preview:-1\" \/>\n<link rel=\"canonical\" href=\"https:\/\/apuntesdesanluis.com\/index.php\/2024\/09\/10\/gobernadores-de-todo-el-pais-aprobaron-el-reingreso-de-san-luis-al-cfi\/\" \/>\n<meta property=\"og:locale\" content=\"es_ES\" \/>\n<meta property=\"og:type\" content=\"article\" \/>\n<meta property=\"og:title\" content=\"GOBERNADORES DE TODO EL PA\u00cdS APROBARON EL REINGRESO DE SAN LUIS AL CFI - Apuntes de San Luis\" \/>\n<meta property=\"og:description\" content=\"Por unanimidad, los mandatarios provinciales de toda la Argentina aprobaron en una Asamblea Extraordinaria el...\" \/>\n<meta property=\"og:url\" content=\"https:\/\/apuntesdesanluis.com\/index.php\/2024\/09\/10\/gobernadores-de-todo-el-pais-aprobaron-el-reingreso-de-san-luis-al-cfi\/\" \/>\n<meta property=\"og:site_name\" content=\"Apuntes de San Luis\" \/>\n<meta property=\"article:published_time\" content=\"2024-09-11T01:22:16+00:00\" \/>\n<meta property=\"og:image\" content=\"https:\/\/apuntesdesanluis.com\/wp-content\/uploads\/2024\/09\/CFI-REUNION.png\" \/>\n\t<meta property=\"og:image:width\" content=\"781\" \/>\n\t<meta property=\"og:image:height\" content=\"492\" \/>\n\t<meta property=\"og:image:type\" content=\"image\/png\" \/>\n<meta name=\"author\" content=\"apuntesdesanluis.com\" \/>\n<meta name=\"twitter:card\" content=\"summary_large_image\" \/>\n<meta name=\"twitter:label1\" content=\"Escrito por\" \/>\n\t<meta name=\"twitter:data1\" content=\"apuntesdesanluis.com\" \/>\n\t<meta name=\"twitter:label2\" content=\"Tiempo de lectura\" \/>\n\t<meta name=\"twitter:data2\" content=\"2 minutos\" \/>\n<script type=\"application\/ld+json\" class=\"yoast-schema-graph\">{\"@context\":\"https:\/\/schema.org\",\"@graph\":[{\"@type\":\"Article\",\"@id\":\"https:\/\/apuntesdesanluis.com\/index.php\/2024\/09\/10\/gobernadores-de-todo-el-pais-aprobaron-el-reingreso-de-san-luis-al-cfi\/#article\",\"isPartOf\":{\"@id\":\"https:\/\/apuntesdesanluis.com\/index.php\/2024\/09\/10\/gobernadores-de-todo-el-pais-aprobaron-el-reingreso-de-san-luis-al-cfi\/\"},\"author\":{\"name\":\"apuntesdesanluis.com\",\"@id\":\"https:\/\/apuntesdesanluis.com\/#\/schema\/person\/b55151d52296fcce64d1a72538a70b90\"},\"headline\":\"GOBERNADORES DE TODO EL PA\u00cdS APROBARON EL REINGRESO DE SAN LUIS AL CFI\",\"datePublished\":\"2024-09-11T01:22:16+00:00\",\"mainEntityOfPage\":{\"@id\":\"https:\/\/apuntesdesanluis.com\/index.php\/2024\/09\/10\/gobernadores-de-todo-el-pais-aprobaron-el-reingreso-de-san-luis-al-cfi\/\"},\"wordCount\":180,\"publisher\":{\"@id\":\"https:\/\/apuntesdesanluis.com\/#\/schema\/person\/b55151d52296fcce64d1a72538a70b90\"},\"image\":{\"@id\":\"https:\/\/apuntesdesanluis.com\/index.php\/2024\/09\/10\/gobernadores-de-todo-el-pais-aprobaron-el-reingreso-de-san-luis-al-cfi\/#primaryimage\"},\"thumbnailUrl\":\"https:\/\/apuntesdesanluis.com\/wp-content\/uploads\/2024\/09\/CFI-REUNION.png\",\"articleSection\":[\"Ciudad\/Provincia\"],\"inLanguage\":\"es-AR\"},{\"@type\":\"WebPage\",\"@id\":\"https:\/\/apuntesdesanluis.com\/index.php\/2024\/09\/10\/gobernadores-de-todo-el-pais-aprobaron-el-reingreso-de-san-luis-al-cfi\/\",\"url\":\"https:\/\/apuntesdesanluis.com\/index.php\/2024\/09\/10\/gobernadores-de-todo-el-pais-aprobaron-el-reingreso-de-san-luis-al-cfi\/\",\"name\":\"GOBERNADORES DE TODO EL PA\u00cdS APROBARON EL REINGRESO DE SAN LUIS AL CFI - Apuntes de San Luis\",\"isPartOf\":{\"@id\":\"https:\/\/apuntesdesanluis.com\/#website\"},\"primaryImageOfPage\":{\"@id\":\"https:\/\/apuntesdesanluis.com\/index.php\/2024\/09\/10\/gobernadores-de-todo-el-pais-aprobaron-el-reingreso-de-san-luis-al-cfi\/#primaryimage\"},\"image\":{\"@id\":\"https:\/\/apuntesdesanluis.com\/index.php\/2024\/09\/10\/gobernadores-de-todo-el-pais-aprobaron-el-reingreso-de-san-luis-al-cfi\/#primaryimage\"},\"thumbnailUrl\":\"https:\/\/apuntesdesanluis.com\/wp-content\/uploads\/2024\/09\/CFI-REUNION.png\",\"datePublished\":\"2024-09-11T01:22:16+00:00\",\"breadcrumb\":{\"@id\":\"https:\/\/apuntesdesanluis.com\/index.php\/2024\/09\/10\/gobernadores-de-todo-el-pais-aprobaron-el-reingreso-de-san-luis-al-cfi\/#breadcrumb\"},\"inLanguage\":\"es-AR\",\"potentialAction\":[{\"@type\":\"ReadAction\",\"target\":[\"https:\/\/apuntesdesanluis.com\/index.php\/2024\/09\/10\/gobernadores-de-todo-el-pais-aprobaron-el-reingreso-de-san-luis-al-cfi\/\"]}]},{\"@type\":\"ImageObject\",\"inLanguage\":\"es-AR\",\"@id\":\"https:\/\/apuntesdesanluis.com\/index.php\/2024\/09\/10\/gobernadores-de-todo-el-pais-aprobaron-el-reingreso-de-san-luis-al-cfi\/#primaryimage\",\"url\":\"https:\/\/apuntesdesanluis.com\/wp-content\/uploads\/2024\/09\/CFI-REUNION.png\",\"contentUrl\":\"https:\/\/apuntesdesanluis.com\/wp-content\/uploads\/2024\/09\/CFI-REUNION.png\",\"width\":781,\"height\":492},{\"@type\":\"BreadcrumbList\",\"@id\":\"https:\/\/apuntesdesanluis.com\/index.php\/2024\/09\/10\/gobernadores-de-todo-el-pais-aprobaron-el-reingreso-de-san-luis-al-cfi\/#breadcrumb\",\"itemListElement\":[{\"@type\":\"ListItem\",\"position\":1,\"name\":\"Inicio\",\"item\":\"https:\/\/apuntesdesanluis.com\/\"},{\"@type\":\"ListItem\",\"position\":2,\"name\":\"GOBERNADORES DE TODO EL PA\u00cdS APROBARON EL REINGRESO DE SAN LUIS AL CFI\"}]},{\"@type\":\"WebSite\",\"@id\":\"https:\/\/apuntesdesanluis.com\/#website\",\"url\":\"https:\/\/apuntesdesanluis.com\/\",\"name\":\"Apuntes de San Luis\",\"description\":\"\",\"publisher\":{\"@id\":\"https:\/\/apuntesdesanluis.com\/#\/schema\/person\/b55151d52296fcce64d1a72538a70b90\"},\"potentialAction\":[{\"@type\":\"SearchAction\",\"target\":{\"@type\":\"EntryPoint\",\"urlTemplate\":\"https:\/\/apuntesdesanluis.com\/?s={search_term_string}\"},\"query-input\":{\"@type\":\"PropertyValueSpecification\",\"valueRequired\":true,\"valueName\":\"search_term_string\"}}],\"inLanguage\":\"es-AR\"},{\"@type\":[\"Person\",\"Organization\"],\"@id\":\"https:\/\/apuntesdesanluis.com\/#\/schema\/person\/b55151d52296fcce64d1a72538a70b90\",\"name\":\"apuntesdesanluis.com\",\"image\":{\"@type\":\"ImageObject\",\"inLanguage\":\"es-AR\",\"@id\":\"https:\/\/apuntesdesanluis.com\/#\/schema\/person\/image\/\",\"url\":\"https:\/\/apuntesdesanluis.com\/wp-content\/uploads\/2023\/07\/cropped-apuntesdesanluis.png\",\"contentUrl\":\"https:\/\/apuntesdesanluis.com\/wp-content\/uploads\/2023\/07\/cropped-apuntesdesanluis.png\",\"width\":450,\"height\":112,\"caption\":\"apuntesdesanluis.com\"},\"logo\":{\"@id\":\"https:\/\/apuntesdesanluis.com\/#\/schema\/person\/image\/\"},\"sameAs\":[\"https:\/\/apuntesdesanluis.com\"],\"url\":\"https:\/\/apuntesdesanluis.com\/index.php\/author\/apuntesdesanluis-com\/\"}]}<\/script>\n<!-- \/ Yoast SEO plugin. -->","yoast_head_json":{"title":"GOBERNADORES DE TODO EL PA\u00cdS APROBARON EL REINGRESO DE SAN LUIS AL CFI - Apuntes de San Luis","robots":{"index":"index","follow":"follow","max-snippet":"max-snippet:-1","max-image-preview":"max-image-preview:large","max-video-preview":"max-video-preview:-1"},"canonical":"https:\/\/apuntesdesanluis.com\/index.php\/2024\/09\/10\/gobernadores-de-todo-el-pais-aprobaron-el-reingreso-de-san-luis-al-cfi\/","og_locale":"es_ES","og_type":"article","og_title":"GOBERNADORES DE TODO EL PA\u00cdS APROBARON EL REINGRESO DE SAN LUIS AL CFI - Apuntes de San Luis","og_description":"Por unanimidad, los mandatarios provinciales de toda la Argentina aprobaron en una Asamblea Extraordinaria el...","og_url":"https:\/\/apuntesdesanluis.com\/index.php\/2024\/09\/10\/gobernadores-de-todo-el-pais-aprobaron-el-reingreso-de-san-luis-al-cfi\/","og_site_name":"Apuntes de San Luis","article_published_time":"2024-09-11T01:22:16+00:00","og_image":[{"width":781,"height":492,"url":"https:\/\/apuntesdesanluis.com\/wp-content\/uploads\/2024\/09\/CFI-REUNION.png","type":"image\/png"}],"author":"apuntesdesanluis.com","twitter_card":"summary_large_image","twitter_misc":{"Escrito por":"apuntesdesanluis.com","Tiempo de lectura":"2 minutos"},"schema":{"@context":"https:\/\/schema.org","@graph":[{"@type":"Article","@id":"https:\/\/apuntesdesanluis.com\/index.php\/2024\/09\/10\/gobernadores-de-todo-el-pais-aprobaron-el-reingreso-de-san-luis-al-cfi\/#article","isPartOf":{"@id":"https:\/\/apuntesdesanluis.com\/index.php\/2024\/09\/10\/gobernadores-de-todo-el-pais-aprobaron-el-reingreso-de-san-luis-al-cfi\/"},"author":{"name":"apuntesdesanluis.com","@id":"https:\/\/apuntesdesanluis.com\/#\/schema\/person\/b55151d52296fcce64d1a72538a70b90"},"headline":"GOBERNADORES DE TODO EL PA\u00cdS APROBARON EL REINGRESO DE SAN LUIS AL CFI","datePublished":"2024-09-11T01:22:16+00:00","mainEntityOfPage":{"@id":"https:\/\/apuntesdesanluis.com\/index.php\/2024\/09\/10\/gobernadores-de-todo-el-pais-aprobaron-el-reingreso-de-san-luis-al-cfi\/"},"wordCount":180,"publisher":{"@id":"https:\/\/apuntesdesanluis.com\/#\/schema\/person\/b55151d52296fcce64d1a72538a70b90"},"image":{"@id":"https:\/\/apuntesdesanluis.com\/index.php\/2024\/09\/10\/gobernadores-de-todo-el-pais-aprobaron-el-reingreso-de-san-luis-al-cfi\/#primaryimage"},"thumbnailUrl":"https:\/\/apuntesdesanluis.com\/wp-content\/uploads\/2024\/09\/CFI-REUNION.png","articleSection":["Ciudad\/Provincia"],"inLanguage":"es-AR"},{"@type":"WebPage","@id":"https:\/\/apuntesdesanluis.com\/index.php\/2024\/09\/10\/gobernadores-de-todo-el-pais-aprobaron-el-reingreso-de-san-luis-al-cfi\/","url":"https:\/\/apuntesdesanluis.com\/index.php\/2024\/09\/10\/gobernadores-de-todo-el-pais-aprobaron-el-reingreso-de-san-luis-al-cfi\/","name":"GOBERNADORES DE TODO EL PA\u00cdS APROBARON EL REINGRESO DE SAN LUIS AL CFI - Apuntes de San Luis","isPartOf":{"@id":"https:\/\/apuntesdesanluis.com\/#website"},"primaryImageOfPage":{"@id":"https:\/\/apuntesdesanluis.com\/index.php\/2024\/09\/10\/gobernadores-de-todo-el-pais-aprobaron-el-reingreso-de-san-luis-al-cfi\/#primaryimage"},"image":{"@id":"https:\/\/apuntesdesanluis.com\/index.php\/2024\/09\/10\/gobernadores-de-todo-el-pais-aprobaron-el-reingreso-de-san-luis-al-cfi\/#primaryimage"},"thumbnailUrl":"https:\/\/apuntesdesanluis.com\/wp-content\/uploads\/2024\/09\/CFI-REUNION.png","datePublished":"2024-09-11T01:22:16+00:00","breadcrumb":{"@id":"https:\/\/apuntesdesanluis.com\/index.php\/2024\/09\/10\/gobernadores-de-todo-el-pais-aprobaron-el-reingreso-de-san-luis-al-cfi\/#breadcrumb"},"inLanguage":"es-AR","potentialAction":[{"@type":"ReadAction","target":["https:\/\/apuntesdesanluis.com\/index.php\/2024\/09\/10\/gobernadores-de-todo-el-pais-aprobaron-el-reingreso-de-san-luis-al-cfi\/"]}]},{"@type":"ImageObject","inLanguage":"es-AR","@id":"https:\/\/apuntesdesanluis.com\/index.php\/2024\/09\/10\/gobernadores-de-todo-el-pais-aprobaron-el-reingreso-de-san-luis-al-cfi\/#primaryimage","url":"https:\/\/apuntesdesanluis.com\/wp-content\/uploads\/2024\/09\/CFI-REUNION.png","contentUrl":"https:\/\/apuntesdesanluis.com\/wp-content\/uploads\/2024\/09\/CFI-REUNION.png","width":781,"height":492},{"@type":"BreadcrumbList","@id":"https:\/\/apuntesdesanluis.com\/index.php\/2024\/09\/10\/gobernadores-de-todo-el-pais-aprobaron-el-reingreso-de-san-luis-al-cfi\/#breadcrumb","itemListElement":[{"@type":"ListItem","position":1,"name":"Inicio","item":"https:\/\/apuntesdesanluis.com\/"},{"@type":"ListItem","position":2,"name":"GOBERNADORES DE TODO EL PA\u00cdS APROBARON EL REINGRESO DE SAN LUIS AL CFI"}]},{"@type":"WebSite","@id":"https:\/\/apuntesdesanluis.com\/#website","url":"https:\/\/apuntesdesanluis.com\/","name":"Apuntes de San Luis","description":"","publisher":{"@id":"https:\/\/apuntesdesanluis.com\/#\/schema\/person\/b55151d52296fcce64d1a72538a70b90"},"potentialAction":[{"@type":"SearchAction","target":{"@type":"EntryPoint","urlTemplate":"https:\/\/apuntesdesanluis.com\/?s={search_term_string}"},"query-input":{"@type":"PropertyValueSpecification","valueRequired":true,"valueName":"search_term_string"}}],"inLanguage":"es-AR"},{"@type":["Person","Organization"],"@id":"https:\/\/apuntesdesanluis.com\/#\/schema\/person\/b55151d52296fcce64d1a72538a70b90","name":"apuntesdesanluis.com","image":{"@type":"ImageObject","inLanguage":"es-AR","@id":"https:\/\/apuntesdesanluis.com\/#\/schema\/person\/image\/","url":"https:\/\/apuntesdesanluis.com\/wp-content\/uploads\/2023\/07\/cropped-apuntesdesanluis.png","contentUrl":"https:\/\/apuntesdesanluis.com\/wp-content\/uploads\/2023\/07\/cropped-apuntesdesanluis.png","width":450,"height":112,"caption":"apuntesdesanluis.com"},"logo":{"@id":"https:\/\/apuntesdesanluis.com\/#\/schema\/person\/image\/"},"sameAs":["https:\/\/apuntesdesanluis.com"],"url":"https:\/\/apuntesdesanluis.com\/index.php\/author\/apuntesdesanluis-com\/"}]}},"featured_image_urls":{"full":["https:\/\/apuntesdesanluis.com\/wp-content\/uploads\/2024\/09\/CFI-REUNION.png",781,492,false],"thumbnail":["https:\/\/apuntesdesanluis.com\/wp-content\/uploads\/2024\/09\/CFI-REUNION-150x150.png",150,150,true],"medium":["https:\/\/apuntesdesanluis.com\/wp-content\/uploads\/2024\/09\/CFI-REUNION-300x189.png",300,189,true],"medium_large":["https:\/\/apuntesdesanluis.com\/wp-content\/uploads\/2024\/09\/CFI-REUNION-768x484.png",640,403,true],"large":["https:\/\/apuntesdesanluis.com\/wp-content\/uploads\/2024\/09\/CFI-REUNION.png",640,403,false],"1536x1536":["https:\/\/apuntesdesanluis.com\/wp-content\/uploads\/2024\/09\/CFI-REUNION.png",781,492,false],"2048x2048":["https:\/\/apuntesdesanluis.com\/wp-content\/uploads\/2024\/09\/CFI-REUNION.png",781,492,false],"newsever-slider-full":["https:\/\/apuntesdesanluis.com\/wp-content\/uploads\/2024\/09\/CFI-REUNION.png",781,492,false],"newsever-featured":["https:\/\/apuntesdesanluis.com\/wp-content\/uploads\/2024\/09\/CFI-REUNION.png",781,492,false],"newsever-medium":["https:\/\/apuntesdesanluis.com\/wp-content\/uploads\/2024\/09\/CFI-REUNION-720x475.png",720,475,true]},"author_info":{"display_name":"apuntesdesanluis.com","author_link":"https:\/\/apuntesdesanluis.com\/index.php\/author\/apuntesdesanluis-com\/"},"category_info":"<a href=\"https:\/\/apuntesdesanluis.com\/index.php\/category\/ciudad-provincia\/\" rel=\"category tag\">Ciudad\/Provincia<\/a>","tag_info":"Ciudad\/Provincia","comment_count":"0","_links":{"self":[{"href":"https:\/\/apuntesdesanluis.com\/index.php\/wp-json\/wp\/v2\/posts\/22054","targetHints":{"allow":["GET"]}}],"collection":[{"href":"https:\/\/apuntesdesanluis.com\/index.php\/wp-json\/wp\/v2\/posts"}],"about":[{"href":"https:\/\/apuntesdesanluis.com\/index.php\/wp-json\/wp\/v2\/types\/post"}],"author":[{"embeddable":true,"href":"https:\/\/apuntesdesanluis.com\/index.php\/wp-json\/wp\/v2\/users\/1"}],"replies":[{"embeddable":true,"href":"https:\/\/apuntesdesanluis.com\/index.php\/wp-json\/wp\/v2\/comments?post=22054"}],"version-history":[{"count":1,"href":"https:\/\/apuntesdesanluis.com\/index.php\/wp-json\/wp\/v2\/posts\/22054\/revisions"}],"predecessor-version":[{"id":22057,"href":"https:\/\/apuntesdesanluis.com\/index.php\/wp-json\/wp\/v2\/posts\/22054\/revisions\/22057"}],"wp:featuredmedia":[{"embeddable":true,"href":"https:\/\/apuntesdesanluis.com\/index.php\/wp-json\/wp\/v2\/media\/22055"}],"wp:attachment":[{"href":"https:\/\/apuntesdesanluis.com\/index.php\/wp-json\/wp\/v2\/media?parent=22054"}],"wp:term":[{"taxonomy":"category","embeddable":true,"href":"https:\/\/apuntesdesanluis.com\/index.php\/wp-json\/wp\/v2\/categories?post=22054"},{"taxonomy":"post_tag","embeddable":true,"href":"https:\/\/apuntesdesanluis.com\/index.php\/wp-json\/wp\/v2\/tags?post=22054"}],"curies":[{"name":"wp","href":"https:\/\/api.w.org\/{rel}","templated":true}]}}