{"id":22062,"date":"2024-09-10T23:25:19","date_gmt":"2024-09-11T02:25:19","guid":{"rendered":"https:\/\/apuntesdesanluis.com\/?p=22062"},"modified":"2024-09-10T23:25:19","modified_gmt":"2024-09-11T02:25:19","slug":"el-gobierno-anuncio-que-provincias-y-municipios-ya-no-podran-cobrar-tasas-en-el-precio-de-los-servicios-publicos","status":"publish","type":"post","link":"https:\/\/apuntesdesanluis.com\/index.php\/2024\/09\/10\/el-gobierno-anuncio-que-provincias-y-municipios-ya-no-podran-cobrar-tasas-en-el-precio-de-los-servicios-publicos\/","title":{"rendered":"EL GOBIERNO ANUNCI\u00d3 QUE PROVINCIAS Y MUNICIPIOS YA NO PODR\u00c1N COBRAR TASAS EN EL PRECIO DE LOS SERVICIOS P\u00daBLICOS"},"content":{"rendered":"<h3>El gobierno nacional anunci\u00f3 que provincias y municipios ya no podr\u00e1n incluir en las boletas de los servicios p\u00fablicos tasas y recargos a trav\u00e9s de una medida que se conocer\u00e1 en el Bolet\u00edn Oficial este mi\u00e9rcoles, seg\u00fan anticip\u00f3 el ministro de Econom\u00eda Luis Caputo.<\/h3>\n<h3>El Poder Ejecutivo sostiene as\u00ed su pelea contra los reajustes impositivos a nivel municipal que la semana pasada hab\u00eda denunciado en supermercados.<\/h3>\n<h3>Fuentes del equipo econ\u00f3mico especificaron que la limitaci\u00f3n contemplar\u00e1 cu\u00e1les son los recargos incluidos en la boleta que le llega a cada usuario y no el cobro en s\u00ed de esos recargos, que la Naci\u00f3n no puede prohibir por tener, provincias y municipios, autonom\u00eda para este tipo de decisiones recaudatorias. La medida, entonces, busca \u201ctransparentar\u201d ante el cliente cu\u00e1l es el nivel de cobro de provincias y municipios por el servicios.<\/h3>\n<h3>\u201cAnte reiteradas denuncias p\u00fablicas sobre municipios que incluyen tasas locales en la facturaci\u00f3n de servicios esenciales tales como la luz y el gas, la Secretar\u00eda de Industria y Comercio del Ministerio de Econom\u00eda dispuso, a trav\u00e9s de la Resoluci\u00f3n 2024-267 que saldr\u00e1 ma\u00f1ana en el Bolet\u00edn Oficial, que las facturas de servicios esenciales deben contener de forma \u00fanica y exclusiva la descripci\u00f3n y el precio correspondiente al servicio contratado por el consumidor, quedando prohibido incluir cargos ajenos a la naturaleza del servicio\u201d, dijo el jefe del Palacio de Hacienda.<\/h3>\n<p><img fetchpriority=\"high\" decoding=\"async\" class=\"wp-image-22064 aligncenter\" src=\"https:\/\/apuntesdesanluis.com\/wp-content\/uploads\/2024\/09\/caputo-300x269.png\" alt=\"\" width=\"641\" height=\"575\" srcset=\"https:\/\/apuntesdesanluis.com\/wp-content\/uploads\/2024\/09\/caputo-300x269.png 300w, https:\/\/apuntesdesanluis.com\/wp-content\/uploads\/2024\/09\/caputo.png 659w\" sizes=\"(max-width: 641px) 100vw, 641px\" \/><\/p>\n<h3>El vocero presidencial Manuel Adorni incluy\u00f3 tambi\u00e9n a los gobernadores dentro de esa medida anunciada: \u201cLas provincias y los municipios ya no van a poder incluir impuestos ni tasas locales en las facturas de servicios\u201d, escribi\u00f3 en su cuenta de X.<\/h3>\n<h3>En una imagen de una factura de energ\u00eda el\u00e9ctrica del Municipio de La Costa que adjunt\u00f3 a su mensaje en X, Caputo puntualiz\u00f3 -a manera ilustrativa- cu\u00e1les son los recargos impositivos muincipales que ya no podr\u00e1n ser incluidos en el costo del servicio, entre ellos, tasas de seguridad e higiene, cuota social, Bomberos, una asociaci\u00f3n cooperadora para un hospital y otras ordenanzas. Santiago Migone, funcionario de la Secretar\u00eda de Industria y Comercio, asegur\u00f3 que \u201cla resoluci\u00f3n abarcar\u00e1, adem\u00e1s, a los impuestos provinciales no relacionados con el servicio\u201d.<\/h3>\n<h3>El conflicto por la suba de tasas municipales en distintas intendencias no es nuevo, y hay sectores puntuales como supermercadistas, bancos y representantes del mundo hotelero, entre otros, data ya de varios a\u00f1os, aunque volvi\u00f3 a estar en la discusi\u00f3n p\u00fablica en los \u00faltimos d\u00edas y el Gobierno nacional reaccion\u00f3 con reclamos p\u00fablicos y, ahora, con una medida puntual.<\/h3>\n<h3>La cuesti\u00f3n recobr\u00f3 vigencia a partir del anuncio del intendente de Lan\u00fas, Juli\u00e1n \u00c1lvarez, de que subir\u00eda la Tasa de Seguridad e Higiene (TSH) a tres cadenas de hipermercados para ofrecerle exenciones o reducciones de al\u00edcuotas a m\u00e1s de 500 almacenes barriales.<\/h3>\n<h3>A partir de septiembre, Lan\u00fas subi\u00f3 la TSH de 2,36% a 6% y gener\u00f3 una catarata de cuestionamientos no s\u00f3lo de parte de los afectados, en este caso los supermercadistas, sino tambi\u00e9n del Gobierno Nacional, que ya ven\u00eda estudiando el tema y analiza distintas estrategias para contraatacar las embestidas municipales.<\/h3>\n<h3>Tal como reflej\u00f3 Infobae, en los \u00faltimos meses se intensificaron los reajustes de tasas municipales como compensaci\u00f3n a la ca\u00edda de fondos propios por la merma de actividad y tambi\u00e9n reciben menos coparticipaci\u00f3n y, por decisi\u00f3n de la Casa Rosada, menos transferencias discrecionales.<\/h3>\n<h3>El Ministerio de Econom\u00eda est\u00e1 observando con detenimiento este incremento de tasas que est\u00e1n aplicando los municipios y en el \u00e1rea de Legales analizan qu\u00e9 estrategia adoptar. Lo dijo Caputo d\u00edas atr\u00e1s: \u201cLos municipios est\u00e1n aumentando de forma descontrolada sus tasas y lo hacen no solamente con fines recaudatorios sino tambi\u00e9n pol\u00edticos: obstaculizan el programa econ\u00f3mico que lleva adelante este gobierno para bajar la inflaci\u00f3n y, como siempre, los grandes perdedores son los ciudadanos\u201d.<\/h3>\n<h3>Adem\u00e1s, explic\u00f3: \u201cPara que la gente lo entienda: las tasas tienen que tener, seg\u00fan la Corte, una relaci\u00f3n directa con un servicio efectivamente prestado; y el monto, como es obvio, tiene que guardar razonable proporci\u00f3n con el costo de ese servicio que retribuye. Las tasas en aumento no solamente carecen (en muchos casos) de una prestaci\u00f3n efectiva y directa, sino que, adem\u00e1s, su monto es completamente exorbitante e irrazonable. Esto se traduce en un evidente incremento de los precios que pagan los consumidores. Lo peor: cobardemente las Municipalidades esconden sus aumentos en facturas de otros bienes o servicios, ajenas a ellas. Ya me he reunido con distintos actores involucrados en la problem\u00e1tica y estamos analizando la mejor estrategia para frenar a los vivos de siempre. La baja de la inflaci\u00f3n es innegociable\u201d.<\/h3>\n<p>&nbsp;<\/p>\n<p>&nbsp;<\/p>\n<p>&nbsp;<\/p>\n<p>&nbsp;<\/p>\n","protected":false},"excerpt":{"rendered":"<p>El gobierno nacional anunci\u00f3 que provincias y municipios ya no podr\u00e1n incluir en las boletas&#8230;<\/p>\n","protected":false},"author":1,"featured_media":22063,"comment_status":"closed","ping_status":"closed","sticky":false,"template":"","format":"standard","meta":{"footnotes":""},"categories":[5],"tags":[],"class_list":["post-22062","post","type-post","status-publish","format-standard","has-post-thumbnail","hentry","category-nacionales-internacionales"],"yoast_head":"<!-- This site is optimized with the Yoast SEO plugin v26.1.1 - https:\/\/yoast.com\/wordpress\/plugins\/seo\/ -->\n<title>EL GOBIERNO ANUNCI\u00d3 QUE PROVINCIAS Y MUNICIPIOS YA NO PODR\u00c1N COBRAR TASAS EN EL PRECIO DE LOS SERVICIOS P\u00daBLICOS - Apuntes de San Luis<\/title>\n<meta name=\"robots\" content=\"index, follow, max-snippet:-1, max-image-preview:large, max-video-preview:-1\" \/>\n<link rel=\"canonical\" href=\"https:\/\/apuntesdesanluis.com\/index.php\/2024\/09\/10\/el-gobierno-anuncio-que-provincias-y-municipios-ya-no-podran-cobrar-tasas-en-el-precio-de-los-servicios-publicos\/\" \/>\n<meta property=\"og:locale\" content=\"es_ES\" \/>\n<meta property=\"og:type\" content=\"article\" \/>\n<meta property=\"og:title\" content=\"EL GOBIERNO ANUNCI\u00d3 QUE PROVINCIAS Y MUNICIPIOS YA NO PODR\u00c1N COBRAR TASAS EN EL PRECIO DE LOS SERVICIOS P\u00daBLICOS - Apuntes de San Luis\" \/>\n<meta property=\"og:description\" content=\"El gobierno nacional anunci\u00f3 que provincias y municipios ya no podr\u00e1n incluir en las boletas...\" \/>\n<meta property=\"og:url\" content=\"https:\/\/apuntesdesanluis.com\/index.php\/2024\/09\/10\/el-gobierno-anuncio-que-provincias-y-municipios-ya-no-podran-cobrar-tasas-en-el-precio-de-los-servicios-publicos\/\" \/>\n<meta property=\"og:site_name\" content=\"Apuntes de San Luis\" \/>\n<meta property=\"article:published_time\" content=\"2024-09-11T02:25:19+00:00\" \/>\n<meta property=\"og:image\" content=\"https:\/\/apuntesdesanluis.com\/wp-content\/uploads\/2024\/09\/boleta.png\" \/>\n\t<meta property=\"og:image:width\" content=\"749\" \/>\n\t<meta property=\"og:image:height\" content=\"428\" \/>\n\t<meta property=\"og:image:type\" content=\"image\/png\" \/>\n<meta name=\"author\" content=\"apuntesdesanluis.com\" \/>\n<meta name=\"twitter:card\" content=\"summary_large_image\" \/>\n<meta name=\"twitter:label1\" content=\"Escrito por\" \/>\n\t<meta name=\"twitter:data1\" content=\"apuntesdesanluis.com\" \/>\n\t<meta name=\"twitter:label2\" content=\"Tiempo de lectura\" \/>\n\t<meta name=\"twitter:data2\" content=\"4 minutos\" \/>\n<script type=\"application\/ld+json\" class=\"yoast-schema-graph\">{\"@context\":\"https:\/\/schema.org\",\"@graph\":[{\"@type\":\"Article\",\"@id\":\"https:\/\/apuntesdesanluis.com\/index.php\/2024\/09\/10\/el-gobierno-anuncio-que-provincias-y-municipios-ya-no-podran-cobrar-tasas-en-el-precio-de-los-servicios-publicos\/#article\",\"isPartOf\":{\"@id\":\"https:\/\/apuntesdesanluis.com\/index.php\/2024\/09\/10\/el-gobierno-anuncio-que-provincias-y-municipios-ya-no-podran-cobrar-tasas-en-el-precio-de-los-servicios-publicos\/\"},\"author\":{\"name\":\"apuntesdesanluis.com\",\"@id\":\"https:\/\/apuntesdesanluis.com\/#\/schema\/person\/b55151d52296fcce64d1a72538a70b90\"},\"headline\":\"EL GOBIERNO ANUNCI\u00d3 QUE PROVINCIAS Y MUNICIPIOS YA NO PODR\u00c1N COBRAR TASAS EN EL PRECIO DE LOS SERVICIOS P\u00daBLICOS\",\"datePublished\":\"2024-09-11T02:25:19+00:00\",\"mainEntityOfPage\":{\"@id\":\"https:\/\/apuntesdesanluis.com\/index.php\/2024\/09\/10\/el-gobierno-anuncio-que-provincias-y-municipios-ya-no-podran-cobrar-tasas-en-el-precio-de-los-servicios-publicos\/\"},\"wordCount\":845,\"publisher\":{\"@id\":\"https:\/\/apuntesdesanluis.com\/#\/schema\/person\/b55151d52296fcce64d1a72538a70b90\"},\"image\":{\"@id\":\"https:\/\/apuntesdesanluis.com\/index.php\/2024\/09\/10\/el-gobierno-anuncio-que-provincias-y-municipios-ya-no-podran-cobrar-tasas-en-el-precio-de-los-servicios-publicos\/#primaryimage\"},\"thumbnailUrl\":\"https:\/\/apuntesdesanluis.com\/wp-content\/uploads\/2024\/09\/boleta.png\",\"articleSection\":[\"Nacionales\/Internacionales\"],\"inLanguage\":\"es-AR\"},{\"@type\":\"WebPage\",\"@id\":\"https:\/\/apuntesdesanluis.com\/index.php\/2024\/09\/10\/el-gobierno-anuncio-que-provincias-y-municipios-ya-no-podran-cobrar-tasas-en-el-precio-de-los-servicios-publicos\/\",\"url\":\"https:\/\/apuntesdesanluis.com\/index.php\/2024\/09\/10\/el-gobierno-anuncio-que-provincias-y-municipios-ya-no-podran-cobrar-tasas-en-el-precio-de-los-servicios-publicos\/\",\"name\":\"EL GOBIERNO ANUNCI\u00d3 QUE PROVINCIAS Y MUNICIPIOS YA NO PODR\u00c1N COBRAR TASAS EN EL PRECIO DE LOS SERVICIOS P\u00daBLICOS - Apuntes de San Luis\",\"isPartOf\":{\"@id\":\"https:\/\/apuntesdesanluis.com\/#website\"},\"primaryImageOfPage\":{\"@id\":\"https:\/\/apuntesdesanluis.com\/index.php\/2024\/09\/10\/el-gobierno-anuncio-que-provincias-y-municipios-ya-no-podran-cobrar-tasas-en-el-precio-de-los-servicios-publicos\/#primaryimage\"},\"image\":{\"@id\":\"https:\/\/apuntesdesanluis.com\/index.php\/2024\/09\/10\/el-gobierno-anuncio-que-provincias-y-municipios-ya-no-podran-cobrar-tasas-en-el-precio-de-los-servicios-publicos\/#primaryimage\"},\"thumbnailUrl\":\"https:\/\/apuntesdesanluis.com\/wp-content\/uploads\/2024\/09\/boleta.png\",\"datePublished\":\"2024-09-11T02:25:19+00:00\",\"breadcrumb\":{\"@id\":\"https:\/\/apuntesdesanluis.com\/index.php\/2024\/09\/10\/el-gobierno-anuncio-que-provincias-y-municipios-ya-no-podran-cobrar-tasas-en-el-precio-de-los-servicios-publicos\/#breadcrumb\"},\"inLanguage\":\"es-AR\",\"potentialAction\":[{\"@type\":\"ReadAction\",\"target\":[\"https:\/\/apuntesdesanluis.com\/index.php\/2024\/09\/10\/el-gobierno-anuncio-que-provincias-y-municipios-ya-no-podran-cobrar-tasas-en-el-precio-de-los-servicios-publicos\/\"]}]},{\"@type\":\"ImageObject\",\"inLanguage\":\"es-AR\",\"@id\":\"https:\/\/apuntesdesanluis.com\/index.php\/2024\/09\/10\/el-gobierno-anuncio-que-provincias-y-municipios-ya-no-podran-cobrar-tasas-en-el-precio-de-los-servicios-publicos\/#primaryimage\",\"url\":\"https:\/\/apuntesdesanluis.com\/wp-content\/uploads\/2024\/09\/boleta.png\",\"contentUrl\":\"https:\/\/apuntesdesanluis.com\/wp-content\/uploads\/2024\/09\/boleta.png\",\"width\":749,\"height\":428},{\"@type\":\"BreadcrumbList\",\"@id\":\"https:\/\/apuntesdesanluis.com\/index.php\/2024\/09\/10\/el-gobierno-anuncio-que-provincias-y-municipios-ya-no-podran-cobrar-tasas-en-el-precio-de-los-servicios-publicos\/#breadcrumb\",\"itemListElement\":[{\"@type\":\"ListItem\",\"position\":1,\"name\":\"Inicio\",\"item\":\"https:\/\/apuntesdesanluis.com\/\"},{\"@type\":\"ListItem\",\"position\":2,\"name\":\"EL GOBIERNO ANUNCI\u00d3 QUE PROVINCIAS Y MUNICIPIOS YA NO PODR\u00c1N COBRAR TASAS EN EL PRECIO DE LOS SERVICIOS P\u00daBLICOS\"}]},{\"@type\":\"WebSite\",\"@id\":\"https:\/\/apuntesdesanluis.com\/#website\",\"url\":\"https:\/\/apuntesdesanluis.com\/\",\"name\":\"Apuntes de San Luis\",\"description\":\"\",\"publisher\":{\"@id\":\"https:\/\/apuntesdesanluis.com\/#\/schema\/person\/b55151d52296fcce64d1a72538a70b90\"},\"potentialAction\":[{\"@type\":\"SearchAction\",\"target\":{\"@type\":\"EntryPoint\",\"urlTemplate\":\"https:\/\/apuntesdesanluis.com\/?s={search_term_string}\"},\"query-input\":{\"@type\":\"PropertyValueSpecification\",\"valueRequired\":true,\"valueName\":\"search_term_string\"}}],\"inLanguage\":\"es-AR\"},{\"@type\":[\"Person\",\"Organization\"],\"@id\":\"https:\/\/apuntesdesanluis.com\/#\/schema\/person\/b55151d52296fcce64d1a72538a70b90\",\"name\":\"apuntesdesanluis.com\",\"image\":{\"@type\":\"ImageObject\",\"inLanguage\":\"es-AR\",\"@id\":\"https:\/\/apuntesdesanluis.com\/#\/schema\/person\/image\/\",\"url\":\"https:\/\/apuntesdesanluis.com\/wp-content\/uploads\/2023\/07\/cropped-apuntesdesanluis.png\",\"contentUrl\":\"https:\/\/apuntesdesanluis.com\/wp-content\/uploads\/2023\/07\/cropped-apuntesdesanluis.png\",\"width\":450,\"height\":112,\"caption\":\"apuntesdesanluis.com\"},\"logo\":{\"@id\":\"https:\/\/apuntesdesanluis.com\/#\/schema\/person\/image\/\"},\"sameAs\":[\"https:\/\/apuntesdesanluis.com\"],\"url\":\"https:\/\/apuntesdesanluis.com\/index.php\/author\/apuntesdesanluis-com\/\"}]}<\/script>\n<!-- \/ Yoast SEO plugin. -->","yoast_head_json":{"title":"EL GOBIERNO ANUNCI\u00d3 QUE PROVINCIAS Y MUNICIPIOS YA NO PODR\u00c1N COBRAR TASAS EN EL PRECIO DE LOS SERVICIOS P\u00daBLICOS - Apuntes de San Luis","robots":{"index":"index","follow":"follow","max-snippet":"max-snippet:-1","max-image-preview":"max-image-preview:large","max-video-preview":"max-video-preview:-1"},"canonical":"https:\/\/apuntesdesanluis.com\/index.php\/2024\/09\/10\/el-gobierno-anuncio-que-provincias-y-municipios-ya-no-podran-cobrar-tasas-en-el-precio-de-los-servicios-publicos\/","og_locale":"es_ES","og_type":"article","og_title":"EL GOBIERNO ANUNCI\u00d3 QUE PROVINCIAS Y MUNICIPIOS YA NO PODR\u00c1N COBRAR TASAS EN EL PRECIO DE LOS SERVICIOS P\u00daBLICOS - Apuntes de San Luis","og_description":"El gobierno nacional anunci\u00f3 que provincias y municipios ya no podr\u00e1n incluir en las boletas...","og_url":"https:\/\/apuntesdesanluis.com\/index.php\/2024\/09\/10\/el-gobierno-anuncio-que-provincias-y-municipios-ya-no-podran-cobrar-tasas-en-el-precio-de-los-servicios-publicos\/","og_site_name":"Apuntes de San Luis","article_published_time":"2024-09-11T02:25:19+00:00","og_image":[{"width":749,"height":428,"url":"https:\/\/apuntesdesanluis.com\/wp-content\/uploads\/2024\/09\/boleta.png","type":"image\/png"}],"author":"apuntesdesanluis.com","twitter_card":"summary_large_image","twitter_misc":{"Escrito por":"apuntesdesanluis.com","Tiempo de lectura":"4 minutos"},"schema":{"@context":"https:\/\/schema.org","@graph":[{"@type":"Article","@id":"https:\/\/apuntesdesanluis.com\/index.php\/2024\/09\/10\/el-gobierno-anuncio-que-provincias-y-municipios-ya-no-podran-cobrar-tasas-en-el-precio-de-los-servicios-publicos\/#article","isPartOf":{"@id":"https:\/\/apuntesdesanluis.com\/index.php\/2024\/09\/10\/el-gobierno-anuncio-que-provincias-y-municipios-ya-no-podran-cobrar-tasas-en-el-precio-de-los-servicios-publicos\/"},"author":{"name":"apuntesdesanluis.com","@id":"https:\/\/apuntesdesanluis.com\/#\/schema\/person\/b55151d52296fcce64d1a72538a70b90"},"headline":"EL GOBIERNO ANUNCI\u00d3 QUE PROVINCIAS Y MUNICIPIOS YA NO PODR\u00c1N COBRAR TASAS EN EL PRECIO DE LOS SERVICIOS P\u00daBLICOS","datePublished":"2024-09-11T02:25:19+00:00","mainEntityOfPage":{"@id":"https:\/\/apuntesdesanluis.com\/index.php\/2024\/09\/10\/el-gobierno-anuncio-que-provincias-y-municipios-ya-no-podran-cobrar-tasas-en-el-precio-de-los-servicios-publicos\/"},"wordCount":845,"publisher":{"@id":"https:\/\/apuntesdesanluis.com\/#\/schema\/person\/b55151d52296fcce64d1a72538a70b90"},"image":{"@id":"https:\/\/apuntesdesanluis.com\/index.php\/2024\/09\/10\/el-gobierno-anuncio-que-provincias-y-municipios-ya-no-podran-cobrar-tasas-en-el-precio-de-los-servicios-publicos\/#primaryimage"},"thumbnailUrl":"https:\/\/apuntesdesanluis.com\/wp-content\/uploads\/2024\/09\/boleta.png","articleSection":["Nacionales\/Internacionales"],"inLanguage":"es-AR"},{"@type":"WebPage","@id":"https:\/\/apuntesdesanluis.com\/index.php\/2024\/09\/10\/el-gobierno-anuncio-que-provincias-y-municipios-ya-no-podran-cobrar-tasas-en-el-precio-de-los-servicios-publicos\/","url":"https:\/\/apuntesdesanluis.com\/index.php\/2024\/09\/10\/el-gobierno-anuncio-que-provincias-y-municipios-ya-no-podran-cobrar-tasas-en-el-precio-de-los-servicios-publicos\/","name":"EL GOBIERNO ANUNCI\u00d3 QUE PROVINCIAS Y MUNICIPIOS YA NO PODR\u00c1N COBRAR TASAS EN EL PRECIO DE LOS SERVICIOS P\u00daBLICOS - Apuntes de San Luis","isPartOf":{"@id":"https:\/\/apuntesdesanluis.com\/#website"},"primaryImageOfPage":{"@id":"https:\/\/apuntesdesanluis.com\/index.php\/2024\/09\/10\/el-gobierno-anuncio-que-provincias-y-municipios-ya-no-podran-cobrar-tasas-en-el-precio-de-los-servicios-publicos\/#primaryimage"},"image":{"@id":"https:\/\/apuntesdesanluis.com\/index.php\/2024\/09\/10\/el-gobierno-anuncio-que-provincias-y-municipios-ya-no-podran-cobrar-tasas-en-el-precio-de-los-servicios-publicos\/#primaryimage"},"thumbnailUrl":"https:\/\/apuntesdesanluis.com\/wp-content\/uploads\/2024\/09\/boleta.png","datePublished":"2024-09-11T02:25:19+00:00","breadcrumb":{"@id":"https:\/\/apuntesdesanluis.com\/index.php\/2024\/09\/10\/el-gobierno-anuncio-que-provincias-y-municipios-ya-no-podran-cobrar-tasas-en-el-precio-de-los-servicios-publicos\/#breadcrumb"},"inLanguage":"es-AR","potentialAction":[{"@type":"ReadAction","target":["https:\/\/apuntesdesanluis.com\/index.php\/2024\/09\/10\/el-gobierno-anuncio-que-provincias-y-municipios-ya-no-podran-cobrar-tasas-en-el-precio-de-los-servicios-publicos\/"]}]},{"@type":"ImageObject","inLanguage":"es-AR","@id":"https:\/\/apuntesdesanluis.com\/index.php\/2024\/09\/10\/el-gobierno-anuncio-que-provincias-y-municipios-ya-no-podran-cobrar-tasas-en-el-precio-de-los-servicios-publicos\/#primaryimage","url":"https:\/\/apuntesdesanluis.com\/wp-content\/uploads\/2024\/09\/boleta.png","contentUrl":"https:\/\/apuntesdesanluis.com\/wp-content\/uploads\/2024\/09\/boleta.png","width":749,"height":428},{"@type":"BreadcrumbList","@id":"https:\/\/apuntesdesanluis.com\/index.php\/2024\/09\/10\/el-gobierno-anuncio-que-provincias-y-municipios-ya-no-podran-cobrar-tasas-en-el-precio-de-los-servicios-publicos\/#breadcrumb","itemListElement":[{"@type":"ListItem","position":1,"name":"Inicio","item":"https:\/\/apuntesdesanluis.com\/"},{"@type":"ListItem","position":2,"name":"EL GOBIERNO ANUNCI\u00d3 QUE PROVINCIAS Y MUNICIPIOS YA NO PODR\u00c1N COBRAR TASAS EN EL PRECIO DE LOS SERVICIOS P\u00daBLICOS"}]},{"@type":"WebSite","@id":"https:\/\/apuntesdesanluis.com\/#website","url":"https:\/\/apuntesdesanluis.com\/","name":"Apuntes de San Luis","description":"","publisher":{"@id":"https:\/\/apuntesdesanluis.com\/#\/schema\/person\/b55151d52296fcce64d1a72538a70b90"},"potentialAction":[{"@type":"SearchAction","target":{"@type":"EntryPoint","urlTemplate":"https:\/\/apuntesdesanluis.com\/?s={search_term_string}"},"query-input":{"@type":"PropertyValueSpecification","valueRequired":true,"valueName":"search_term_string"}}],"inLanguage":"es-AR"},{"@type":["Person","Organization"],"@id":"https:\/\/apuntesdesanluis.com\/#\/schema\/person\/b55151d52296fcce64d1a72538a70b90","name":"apuntesdesanluis.com","image":{"@type":"ImageObject","inLanguage":"es-AR","@id":"https:\/\/apuntesdesanluis.com\/#\/schema\/person\/image\/","url":"https:\/\/apuntesdesanluis.com\/wp-content\/uploads\/2023\/07\/cropped-apuntesdesanluis.png","contentUrl":"https:\/\/apuntesdesanluis.com\/wp-content\/uploads\/2023\/07\/cropped-apuntesdesanluis.png","width":450,"height":112,"caption":"apuntesdesanluis.com"},"logo":{"@id":"https:\/\/apuntesdesanluis.com\/#\/schema\/person\/image\/"},"sameAs":["https:\/\/apuntesdesanluis.com"],"url":"https:\/\/apuntesdesanluis.com\/index.php\/author\/apuntesdesanluis-com\/"}]}},"featured_image_urls":{"full":["https:\/\/apuntesdesanluis.com\/wp-content\/uploads\/2024\/09\/boleta.png",749,428,false],"thumbnail":["https:\/\/apuntesdesanluis.com\/wp-content\/uploads\/2024\/09\/boleta-150x150.png",150,150,true],"medium":["https:\/\/apuntesdesanluis.com\/wp-content\/uploads\/2024\/09\/boleta-300x171.png",300,171,true],"medium_large":["https:\/\/apuntesdesanluis.com\/wp-content\/uploads\/2024\/09\/boleta.png",640,366,false],"large":["https:\/\/apuntesdesanluis.com\/wp-content\/uploads\/2024\/09\/boleta.png",640,366,false],"1536x1536":["https:\/\/apuntesdesanluis.com\/wp-content\/uploads\/2024\/09\/boleta.png",749,428,false],"2048x2048":["https:\/\/apuntesdesanluis.com\/wp-content\/uploads\/2024\/09\/boleta.png",749,428,false],"newsever-slider-full":["https:\/\/apuntesdesanluis.com\/wp-content\/uploads\/2024\/09\/boleta.png",749,428,false],"newsever-featured":["https:\/\/apuntesdesanluis.com\/wp-content\/uploads\/2024\/09\/boleta.png",749,428,false],"newsever-medium":["https:\/\/apuntesdesanluis.com\/wp-content\/uploads\/2024\/09\/boleta-720x428.png",720,428,true]},"author_info":{"display_name":"apuntesdesanluis.com","author_link":"https:\/\/apuntesdesanluis.com\/index.php\/author\/apuntesdesanluis-com\/"},"category_info":"<a href=\"https:\/\/apuntesdesanluis.com\/index.php\/category\/nacionales-internacionales\/\" rel=\"category tag\">Nacionales\/Internacionales<\/a>","tag_info":"Nacionales\/Internacionales","comment_count":"0","_links":{"self":[{"href":"https:\/\/apuntesdesanluis.com\/index.php\/wp-json\/wp\/v2\/posts\/22062","targetHints":{"allow":["GET"]}}],"collection":[{"href":"https:\/\/apuntesdesanluis.com\/index.php\/wp-json\/wp\/v2\/posts"}],"about":[{"href":"https:\/\/apuntesdesanluis.com\/index.php\/wp-json\/wp\/v2\/types\/post"}],"author":[{"embeddable":true,"href":"https:\/\/apuntesdesanluis.com\/index.php\/wp-json\/wp\/v2\/users\/1"}],"replies":[{"embeddable":true,"href":"https:\/\/apuntesdesanluis.com\/index.php\/wp-json\/wp\/v2\/comments?post=22062"}],"version-history":[{"count":1,"href":"https:\/\/apuntesdesanluis.com\/index.php\/wp-json\/wp\/v2\/posts\/22062\/revisions"}],"predecessor-version":[{"id":22065,"href":"https:\/\/apuntesdesanluis.com\/index.php\/wp-json\/wp\/v2\/posts\/22062\/revisions\/22065"}],"wp:featuredmedia":[{"embeddable":true,"href":"https:\/\/apuntesdesanluis.com\/index.php\/wp-json\/wp\/v2\/media\/22063"}],"wp:attachment":[{"href":"https:\/\/apuntesdesanluis.com\/index.php\/wp-json\/wp\/v2\/media?parent=22062"}],"wp:term":[{"taxonomy":"category","embeddable":true,"href":"https:\/\/apuntesdesanluis.com\/index.php\/wp-json\/wp\/v2\/categories?post=22062"},{"taxonomy":"post_tag","embeddable":true,"href":"https:\/\/apuntesdesanluis.com\/index.php\/wp-json\/wp\/v2\/tags?post=22062"}],"curies":[{"name":"wp","href":"https:\/\/api.w.org\/{rel}","templated":true}]}}