{"id":22073,"date":"2024-09-10T23:49:58","date_gmt":"2024-09-11T02:49:58","guid":{"rendered":"https:\/\/apuntesdesanluis.com\/?p=22073"},"modified":"2024-09-10T23:53:35","modified_gmt":"2024-09-11T02:53:35","slug":"milei-sumo-a-cinco-radicales-para-el-veto-a-jubilados-y-la-ucr-quedo-al-borde-de-la-ruptura","status":"publish","type":"post","link":"https:\/\/apuntesdesanluis.com\/index.php\/2024\/09\/10\/milei-sumo-a-cinco-radicales-para-el-veto-a-jubilados-y-la-ucr-quedo-al-borde-de-la-ruptura\/","title":{"rendered":"MILEI SUM\u00d3 A CINCO RADICALES PARA EL VETO A JUBILADOS Y LA UCR QUED\u00d3 AL BORDE DE LA RUPTURA"},"content":{"rendered":"<h3><strong>Javier Milei<\/strong> se asegur\u00f3 este martes el apoyo de los radicales <strong>Mariano Campero, Mart\u00edn Arjol, Luis Picat, Federico Tournier<\/strong> y <strong>Pablo Cervi<\/strong> para defender el veto a la movilidad jubilatoria, frente a la insistencia que promueve la oposici\u00f3n para la sesi\u00f3n de este mi\u00e9rcoles en la C\u00e1mara Baja. Curiosamente, hace poco m\u00e1s de una semana los cinco hab\u00edan votado a favor el proyecto de movilidad jubilatoria.<\/h3>\n<h3>Como anticip\u00f3 en exclusiva LPO, Patricia Bullrich ven\u00eda dialogando con Campero para &#8220;arrimar&#8221; integrantes de la bancada que lidera <strong>Rodrigo De Loredo<\/strong>, con el objetivo de blindar un tercio contra la iniciativa del pichettismo, el peronismo, la izquierda y una parte de la UCR.<\/h3>\n<h3>Con esa jugada de Bullrich y Milei, el gobierno se garantiza el n\u00famero necesario para bloquear el intento opositor. Los cinco radicales se sumar\u00edan a los 37 libertarios, los 38 macristas -con la incorporaci\u00f3n de Nancy Ballejos en reemplazo del radical Pedro Galimberti, quien renunci\u00f3 a su banca para asumir en la represa de Salto Grande por un acuerdo con Rogelio Frigerio-, los tres del MID, los tres tucumanos que responden a Osvaldo Jaldo, la dupla de Carolina P\u00edparo y Lorena Macyzcyn y Lourdes Arrieta.<\/h3>\n<h3>En total, consolidan un piso de 88 legisladores cuando se necesitan 87 para resistir la insistencia contra el veto de Milei. En Balcarce 50 se muestran confiados y estiman que la cantidad de diputados que se plieguen a su postura podr\u00eda aumentar con el curso de las horas.<\/h3>\n<h3>La contrapartida de la visita de los radicales al Presidente es la explosi\u00f3n del bloque de la UCR. Desde el entorno de Facundo Manes, deslizaron que la bancada podr\u00eda romperse: &#8220;Tenemos reuni\u00f3n de bloque esta tarde y la calentura es total, va a ser dur\u00edsimo&#8221;, dijeron.<\/h3>\n<h3>Uno de los legisladores que asisti\u00f3 al encuentro con Milei estaba exultante despu\u00e9s de que el Presidente les hablara de econom\u00eda durante una hora y media. &#8220;Yo fui pensando que nos \u00edbamos a encontrar con un loco que nos corriera por los balcones acus\u00e1ndonos de degenerados fiscales pero nada que ver&#8221;, sostuvo, y agreg\u00f3: &#8220;No es que seamos insensibles frente a los jubilados pero, para hacer las transformaciones que necesita el pa\u00eds, no se puede ir en tercera, hay que ir a fondo&#8221;.<\/h3>\n<h3>De la reuni\u00f3n participaron tambi\u00e9n la secretaria general de la Presidencia, Karina Milei, el titular de la C\u00e1mara de Diputados, Mart\u00edn Menem, el vicejefe de Gabinete del Interior, Lisandro Catal\u00e1n, y los ministros de Defensa, Luis Petri, y de Seguridad, Bullrich.<\/h3>\n<h3>Sin embargo, fuentes al tanto de la conversaci\u00f3n comentaron que Karina solamente recibi\u00f3 a los invitados, hasta que lleg\u00f3 Milei. En tanto, Bullrich tuvo un momento a solas con su escuadr\u00f3n radical, antes que se encontraran con los otros funcionarios.<\/h3>\n<h3>El clima de la cita, al decir de los radicales, fue ameno. &#8220;Hicimos chistes para relajar y el Presi se re\u00eda&#8221;, confes\u00f3 uno de ellos, y grafic\u00f3: &#8220;Le preguntamos a cu\u00e1nto se iba el d\u00f3lar&#8221;.<\/h3>\n<h3>Por lo dem\u00e1s, los que tuvieron su foto con el primer mandatario negaron que fueran a irse del bloque. &#8220;Vamos a dar la pelea desde adentro para tener un radicalismo moderno&#8221;, puntualiz\u00f3 uno de ellos, al tiempo que asegur\u00f3 que De Loredo estuvo enterado de cada paso que dieron en la conversaci\u00f3n con Bullrich hasta su desembarco en Casa Rosada: &#8220;No dimos un paso sin que Rodrigo lo supiera&#8221;.<\/h3>\n<h3>Adem\u00e1s, la l\u00ednea libertaria del bloque radical contesta con preguntas a las inquietudes por la tensi\u00f3n interna de la UCR. &#8220;\u00bfPor qu\u00e9 se va a partir ahora por nuestra reuni\u00f3n con Milei si no se parti\u00f3 cuando Manes vot\u00f3 en contra de la Ley Bases con el kirchnerismo?&#8221;, plantean.<\/h3>\n<h3>Desde el entorno de un gobernador radical trataron de desdramatizar el nuevo cap\u00edtulo de la crisis partidaria. Frente a la inquietud acerca de la ruptura del bloque, tambi\u00e9n apel\u00f3 a una pregunta: &#8220;\u00bfM\u00e1s todav\u00eda?&#8221;.<\/h3>\n<h3><strong>CAMBIO &#8220;RADICAL&#8221;<\/strong><\/h3>\n<h3>Uno de los cinco diputados radicales que se reuni\u00f3 con Javier Milei para apoyar el veto al aumento jubilatorio lo rechaz\u00f3 p\u00fablicamente tan s\u00f3lo una semana atr\u00e1s.<\/h3>\n<h3>El misionero <strong>Mart\u00edn Arjol<\/strong>, que\u00a0<a href=\"https:\/\/www.lapoliticaonline.com\/tools\/redirect.php?t=3&amp;i=298735&amp;s=564071b28d6771e6bb3e18845056a152\" target=\"_blank\" rel=\"noopener\">estuvo este martes en Casa Rosada<\/a> con el presidente, hab\u00eda dicho el lunes de la semana pasada que no apoyaba el veto y cuestionaba el ajuste a los jubilados.<\/h3>\n<div id=\"vplnewsletterv21575v3\" class=\"piece newsletter standard align-left bkg-image\">\n<div class=\"piecefooter\">\n<h3 class=\"piecefooterimage\">&#8220;Yo he acompa\u00f1ado la formulaci\u00f3n del nuevo sistema de actualizaci\u00f3n jubilatoria y no encuentro en un veto total la posibilidad de no ratificar la posici\u00f3n que tuve al principio de la necesidad de una nueva f\u00f3rmula jubilatoria&#8221;, dijo Arjol en A24.<\/h3>\n<\/div>\n<\/div>\n<h3>El periodista Fabi\u00e1n Doman no quiso que Arjol se escapara con una respuesta tan cr\u00edptica y le pregunt\u00f3 directamente: &#8220;\u00bfVos ir\u00edas a una sesi\u00f3n a votar en contra del veto?&#8221;.<\/h3>\n<h3>&#8220;Totalmente, he acompa\u00f1ado este proyecto, \u00bfcu\u00e1l ser\u00eda el fundamento de que cambie?&#8221;, dijo Arjol en referencia al proyecto que present\u00f3 la UCR y que vet\u00f3 Milei una vez que fue aprobado por las dos c\u00e1maras.<\/h3>\n<p><iframe title=\"Uno de los radicales que apoya el veto lo hab\u00eda rechazado la semana pasada\" width=\"640\" height=\"360\" src=\"https:\/\/www.youtube.com\/embed\/RkvVVMoNfw8?feature=oembed\" frameborder=\"0\" allow=\"accelerometer; autoplay; clipboard-write; encrypted-media; gyroscope; picture-in-picture; web-share\" referrerpolicy=\"strict-origin-when-cross-origin\" allowfullscreen><\/iframe><\/p>\n<h3><\/h3>\n<p>&nbsp;<\/p>\n<p>&nbsp;<\/p>\n<p>&nbsp;<\/p>\n<p>&nbsp;<\/p>\n<p>&nbsp;<\/p>\n<p>&nbsp;<\/p>\n","protected":false},"excerpt":{"rendered":"<p>Javier Milei se asegur\u00f3 este martes el apoyo de los radicales Mariano Campero, Mart\u00edn Arjol,&#8230;<\/p>\n","protected":false},"author":1,"featured_media":22074,"comment_status":"closed","ping_status":"closed","sticky":false,"template":"","format":"standard","meta":{"footnotes":""},"categories":[5],"tags":[],"class_list":["post-22073","post","type-post","status-publish","format-standard","has-post-thumbnail","hentry","category-nacionales-internacionales"],"yoast_head":"<!-- This site is optimized with the Yoast SEO plugin v26.1.1 - https:\/\/yoast.com\/wordpress\/plugins\/seo\/ -->\n<title>MILEI SUM\u00d3 A CINCO RADICALES PARA EL VETO A JUBILADOS Y LA UCR QUED\u00d3 AL BORDE DE LA RUPTURA - Apuntes de San Luis<\/title>\n<meta name=\"robots\" content=\"index, follow, max-snippet:-1, max-image-preview:large, max-video-preview:-1\" \/>\n<link rel=\"canonical\" href=\"https:\/\/apuntesdesanluis.com\/index.php\/2024\/09\/10\/milei-sumo-a-cinco-radicales-para-el-veto-a-jubilados-y-la-ucr-quedo-al-borde-de-la-ruptura\/\" \/>\n<meta property=\"og:locale\" content=\"es_ES\" \/>\n<meta property=\"og:type\" content=\"article\" \/>\n<meta property=\"og:title\" content=\"MILEI SUM\u00d3 A CINCO RADICALES PARA EL VETO A JUBILADOS Y LA UCR QUED\u00d3 AL BORDE DE LA RUPTURA - Apuntes de San Luis\" \/>\n<meta property=\"og:description\" content=\"Javier Milei se asegur\u00f3 este martes el apoyo de los radicales Mariano Campero, Mart\u00edn Arjol,...\" \/>\n<meta property=\"og:url\" content=\"https:\/\/apuntesdesanluis.com\/index.php\/2024\/09\/10\/milei-sumo-a-cinco-radicales-para-el-veto-a-jubilados-y-la-ucr-quedo-al-borde-de-la-ruptura\/\" \/>\n<meta property=\"og:site_name\" content=\"Apuntes de San Luis\" \/>\n<meta property=\"article:published_time\" content=\"2024-09-11T02:49:58+00:00\" \/>\n<meta property=\"article:modified_time\" content=\"2024-09-11T02:53:35+00:00\" \/>\n<meta property=\"og:image\" content=\"https:\/\/apuntesdesanluis.com\/wp-content\/uploads\/2024\/09\/radicales-vendidos.png\" \/>\n\t<meta property=\"og:image:width\" content=\"861\" \/>\n\t<meta property=\"og:image:height\" content=\"510\" \/>\n\t<meta property=\"og:image:type\" content=\"image\/png\" \/>\n<meta name=\"author\" content=\"apuntesdesanluis.com\" \/>\n<meta name=\"twitter:card\" content=\"summary_large_image\" \/>\n<meta name=\"twitter:label1\" content=\"Escrito por\" \/>\n\t<meta name=\"twitter:data1\" content=\"apuntesdesanluis.com\" \/>\n\t<meta name=\"twitter:label2\" content=\"Tiempo de lectura\" \/>\n\t<meta name=\"twitter:data2\" content=\"4 minutos\" \/>\n<script type=\"application\/ld+json\" class=\"yoast-schema-graph\">{\"@context\":\"https:\/\/schema.org\",\"@graph\":[{\"@type\":\"Article\",\"@id\":\"https:\/\/apuntesdesanluis.com\/index.php\/2024\/09\/10\/milei-sumo-a-cinco-radicales-para-el-veto-a-jubilados-y-la-ucr-quedo-al-borde-de-la-ruptura\/#article\",\"isPartOf\":{\"@id\":\"https:\/\/apuntesdesanluis.com\/index.php\/2024\/09\/10\/milei-sumo-a-cinco-radicales-para-el-veto-a-jubilados-y-la-ucr-quedo-al-borde-de-la-ruptura\/\"},\"author\":{\"name\":\"apuntesdesanluis.com\",\"@id\":\"https:\/\/apuntesdesanluis.com\/#\/schema\/person\/b55151d52296fcce64d1a72538a70b90\"},\"headline\":\"MILEI SUM\u00d3 A CINCO RADICALES PARA EL VETO A JUBILADOS Y LA UCR QUED\u00d3 AL BORDE DE LA RUPTURA\",\"datePublished\":\"2024-09-11T02:49:58+00:00\",\"dateModified\":\"2024-09-11T02:53:35+00:00\",\"mainEntityOfPage\":{\"@id\":\"https:\/\/apuntesdesanluis.com\/index.php\/2024\/09\/10\/milei-sumo-a-cinco-radicales-para-el-veto-a-jubilados-y-la-ucr-quedo-al-borde-de-la-ruptura\/\"},\"wordCount\":894,\"publisher\":{\"@id\":\"https:\/\/apuntesdesanluis.com\/#\/schema\/person\/b55151d52296fcce64d1a72538a70b90\"},\"image\":{\"@id\":\"https:\/\/apuntesdesanluis.com\/index.php\/2024\/09\/10\/milei-sumo-a-cinco-radicales-para-el-veto-a-jubilados-y-la-ucr-quedo-al-borde-de-la-ruptura\/#primaryimage\"},\"thumbnailUrl\":\"https:\/\/apuntesdesanluis.com\/wp-content\/uploads\/2024\/09\/radicales-vendidos.png\",\"articleSection\":[\"Nacionales\/Internacionales\"],\"inLanguage\":\"es-AR\"},{\"@type\":\"WebPage\",\"@id\":\"https:\/\/apuntesdesanluis.com\/index.php\/2024\/09\/10\/milei-sumo-a-cinco-radicales-para-el-veto-a-jubilados-y-la-ucr-quedo-al-borde-de-la-ruptura\/\",\"url\":\"https:\/\/apuntesdesanluis.com\/index.php\/2024\/09\/10\/milei-sumo-a-cinco-radicales-para-el-veto-a-jubilados-y-la-ucr-quedo-al-borde-de-la-ruptura\/\",\"name\":\"MILEI SUM\u00d3 A CINCO RADICALES PARA EL VETO A JUBILADOS Y LA UCR QUED\u00d3 AL BORDE DE LA RUPTURA - Apuntes de San Luis\",\"isPartOf\":{\"@id\":\"https:\/\/apuntesdesanluis.com\/#website\"},\"primaryImageOfPage\":{\"@id\":\"https:\/\/apuntesdesanluis.com\/index.php\/2024\/09\/10\/milei-sumo-a-cinco-radicales-para-el-veto-a-jubilados-y-la-ucr-quedo-al-borde-de-la-ruptura\/#primaryimage\"},\"image\":{\"@id\":\"https:\/\/apuntesdesanluis.com\/index.php\/2024\/09\/10\/milei-sumo-a-cinco-radicales-para-el-veto-a-jubilados-y-la-ucr-quedo-al-borde-de-la-ruptura\/#primaryimage\"},\"thumbnailUrl\":\"https:\/\/apuntesdesanluis.com\/wp-content\/uploads\/2024\/09\/radicales-vendidos.png\",\"datePublished\":\"2024-09-11T02:49:58+00:00\",\"dateModified\":\"2024-09-11T02:53:35+00:00\",\"breadcrumb\":{\"@id\":\"https:\/\/apuntesdesanluis.com\/index.php\/2024\/09\/10\/milei-sumo-a-cinco-radicales-para-el-veto-a-jubilados-y-la-ucr-quedo-al-borde-de-la-ruptura\/#breadcrumb\"},\"inLanguage\":\"es-AR\",\"potentialAction\":[{\"@type\":\"ReadAction\",\"target\":[\"https:\/\/apuntesdesanluis.com\/index.php\/2024\/09\/10\/milei-sumo-a-cinco-radicales-para-el-veto-a-jubilados-y-la-ucr-quedo-al-borde-de-la-ruptura\/\"]}]},{\"@type\":\"ImageObject\",\"inLanguage\":\"es-AR\",\"@id\":\"https:\/\/apuntesdesanluis.com\/index.php\/2024\/09\/10\/milei-sumo-a-cinco-radicales-para-el-veto-a-jubilados-y-la-ucr-quedo-al-borde-de-la-ruptura\/#primaryimage\",\"url\":\"https:\/\/apuntesdesanluis.com\/wp-content\/uploads\/2024\/09\/radicales-vendidos.png\",\"contentUrl\":\"https:\/\/apuntesdesanluis.com\/wp-content\/uploads\/2024\/09\/radicales-vendidos.png\",\"width\":861,\"height\":510},{\"@type\":\"BreadcrumbList\",\"@id\":\"https:\/\/apuntesdesanluis.com\/index.php\/2024\/09\/10\/milei-sumo-a-cinco-radicales-para-el-veto-a-jubilados-y-la-ucr-quedo-al-borde-de-la-ruptura\/#breadcrumb\",\"itemListElement\":[{\"@type\":\"ListItem\",\"position\":1,\"name\":\"Inicio\",\"item\":\"https:\/\/apuntesdesanluis.com\/\"},{\"@type\":\"ListItem\",\"position\":2,\"name\":\"MILEI SUM\u00d3 A CINCO RADICALES PARA EL VETO A JUBILADOS Y LA UCR QUED\u00d3 AL BORDE DE LA RUPTURA\"}]},{\"@type\":\"WebSite\",\"@id\":\"https:\/\/apuntesdesanluis.com\/#website\",\"url\":\"https:\/\/apuntesdesanluis.com\/\",\"name\":\"Apuntes de San Luis\",\"description\":\"\",\"publisher\":{\"@id\":\"https:\/\/apuntesdesanluis.com\/#\/schema\/person\/b55151d52296fcce64d1a72538a70b90\"},\"potentialAction\":[{\"@type\":\"SearchAction\",\"target\":{\"@type\":\"EntryPoint\",\"urlTemplate\":\"https:\/\/apuntesdesanluis.com\/?s={search_term_string}\"},\"query-input\":{\"@type\":\"PropertyValueSpecification\",\"valueRequired\":true,\"valueName\":\"search_term_string\"}}],\"inLanguage\":\"es-AR\"},{\"@type\":[\"Person\",\"Organization\"],\"@id\":\"https:\/\/apuntesdesanluis.com\/#\/schema\/person\/b55151d52296fcce64d1a72538a70b90\",\"name\":\"apuntesdesanluis.com\",\"image\":{\"@type\":\"ImageObject\",\"inLanguage\":\"es-AR\",\"@id\":\"https:\/\/apuntesdesanluis.com\/#\/schema\/person\/image\/\",\"url\":\"https:\/\/apuntesdesanluis.com\/wp-content\/uploads\/2023\/07\/cropped-apuntesdesanluis.png\",\"contentUrl\":\"https:\/\/apuntesdesanluis.com\/wp-content\/uploads\/2023\/07\/cropped-apuntesdesanluis.png\",\"width\":450,\"height\":112,\"caption\":\"apuntesdesanluis.com\"},\"logo\":{\"@id\":\"https:\/\/apuntesdesanluis.com\/#\/schema\/person\/image\/\"},\"sameAs\":[\"https:\/\/apuntesdesanluis.com\"],\"url\":\"https:\/\/apuntesdesanluis.com\/index.php\/author\/apuntesdesanluis-com\/\"}]}<\/script>\n<!-- \/ Yoast SEO plugin. -->","yoast_head_json":{"title":"MILEI SUM\u00d3 A CINCO RADICALES PARA EL VETO A JUBILADOS Y LA UCR QUED\u00d3 AL BORDE DE LA RUPTURA - Apuntes de San Luis","robots":{"index":"index","follow":"follow","max-snippet":"max-snippet:-1","max-image-preview":"max-image-preview:large","max-video-preview":"max-video-preview:-1"},"canonical":"https:\/\/apuntesdesanluis.com\/index.php\/2024\/09\/10\/milei-sumo-a-cinco-radicales-para-el-veto-a-jubilados-y-la-ucr-quedo-al-borde-de-la-ruptura\/","og_locale":"es_ES","og_type":"article","og_title":"MILEI SUM\u00d3 A CINCO RADICALES PARA EL VETO A JUBILADOS Y LA UCR QUED\u00d3 AL BORDE DE LA RUPTURA - Apuntes de San Luis","og_description":"Javier Milei se asegur\u00f3 este martes el apoyo de los radicales Mariano Campero, Mart\u00edn Arjol,...","og_url":"https:\/\/apuntesdesanluis.com\/index.php\/2024\/09\/10\/milei-sumo-a-cinco-radicales-para-el-veto-a-jubilados-y-la-ucr-quedo-al-borde-de-la-ruptura\/","og_site_name":"Apuntes de San Luis","article_published_time":"2024-09-11T02:49:58+00:00","article_modified_time":"2024-09-11T02:53:35+00:00","og_image":[{"width":861,"height":510,"url":"https:\/\/apuntesdesanluis.com\/wp-content\/uploads\/2024\/09\/radicales-vendidos.png","type":"image\/png"}],"author":"apuntesdesanluis.com","twitter_card":"summary_large_image","twitter_misc":{"Escrito por":"apuntesdesanluis.com","Tiempo de lectura":"4 minutos"},"schema":{"@context":"https:\/\/schema.org","@graph":[{"@type":"Article","@id":"https:\/\/apuntesdesanluis.com\/index.php\/2024\/09\/10\/milei-sumo-a-cinco-radicales-para-el-veto-a-jubilados-y-la-ucr-quedo-al-borde-de-la-ruptura\/#article","isPartOf":{"@id":"https:\/\/apuntesdesanluis.com\/index.php\/2024\/09\/10\/milei-sumo-a-cinco-radicales-para-el-veto-a-jubilados-y-la-ucr-quedo-al-borde-de-la-ruptura\/"},"author":{"name":"apuntesdesanluis.com","@id":"https:\/\/apuntesdesanluis.com\/#\/schema\/person\/b55151d52296fcce64d1a72538a70b90"},"headline":"MILEI SUM\u00d3 A CINCO RADICALES PARA EL VETO A JUBILADOS Y LA UCR QUED\u00d3 AL BORDE DE LA RUPTURA","datePublished":"2024-09-11T02:49:58+00:00","dateModified":"2024-09-11T02:53:35+00:00","mainEntityOfPage":{"@id":"https:\/\/apuntesdesanluis.com\/index.php\/2024\/09\/10\/milei-sumo-a-cinco-radicales-para-el-veto-a-jubilados-y-la-ucr-quedo-al-borde-de-la-ruptura\/"},"wordCount":894,"publisher":{"@id":"https:\/\/apuntesdesanluis.com\/#\/schema\/person\/b55151d52296fcce64d1a72538a70b90"},"image":{"@id":"https:\/\/apuntesdesanluis.com\/index.php\/2024\/09\/10\/milei-sumo-a-cinco-radicales-para-el-veto-a-jubilados-y-la-ucr-quedo-al-borde-de-la-ruptura\/#primaryimage"},"thumbnailUrl":"https:\/\/apuntesdesanluis.com\/wp-content\/uploads\/2024\/09\/radicales-vendidos.png","articleSection":["Nacionales\/Internacionales"],"inLanguage":"es-AR"},{"@type":"WebPage","@id":"https:\/\/apuntesdesanluis.com\/index.php\/2024\/09\/10\/milei-sumo-a-cinco-radicales-para-el-veto-a-jubilados-y-la-ucr-quedo-al-borde-de-la-ruptura\/","url":"https:\/\/apuntesdesanluis.com\/index.php\/2024\/09\/10\/milei-sumo-a-cinco-radicales-para-el-veto-a-jubilados-y-la-ucr-quedo-al-borde-de-la-ruptura\/","name":"MILEI SUM\u00d3 A CINCO RADICALES PARA EL VETO A JUBILADOS Y LA UCR QUED\u00d3 AL BORDE DE LA RUPTURA - Apuntes de San Luis","isPartOf":{"@id":"https:\/\/apuntesdesanluis.com\/#website"},"primaryImageOfPage":{"@id":"https:\/\/apuntesdesanluis.com\/index.php\/2024\/09\/10\/milei-sumo-a-cinco-radicales-para-el-veto-a-jubilados-y-la-ucr-quedo-al-borde-de-la-ruptura\/#primaryimage"},"image":{"@id":"https:\/\/apuntesdesanluis.com\/index.php\/2024\/09\/10\/milei-sumo-a-cinco-radicales-para-el-veto-a-jubilados-y-la-ucr-quedo-al-borde-de-la-ruptura\/#primaryimage"},"thumbnailUrl":"https:\/\/apuntesdesanluis.com\/wp-content\/uploads\/2024\/09\/radicales-vendidos.png","datePublished":"2024-09-11T02:49:58+00:00","dateModified":"2024-09-11T02:53:35+00:00","breadcrumb":{"@id":"https:\/\/apuntesdesanluis.com\/index.php\/2024\/09\/10\/milei-sumo-a-cinco-radicales-para-el-veto-a-jubilados-y-la-ucr-quedo-al-borde-de-la-ruptura\/#breadcrumb"},"inLanguage":"es-AR","potentialAction":[{"@type":"ReadAction","target":["https:\/\/apuntesdesanluis.com\/index.php\/2024\/09\/10\/milei-sumo-a-cinco-radicales-para-el-veto-a-jubilados-y-la-ucr-quedo-al-borde-de-la-ruptura\/"]}]},{"@type":"ImageObject","inLanguage":"es-AR","@id":"https:\/\/apuntesdesanluis.com\/index.php\/2024\/09\/10\/milei-sumo-a-cinco-radicales-para-el-veto-a-jubilados-y-la-ucr-quedo-al-borde-de-la-ruptura\/#primaryimage","url":"https:\/\/apuntesdesanluis.com\/wp-content\/uploads\/2024\/09\/radicales-vendidos.png","contentUrl":"https:\/\/apuntesdesanluis.com\/wp-content\/uploads\/2024\/09\/radicales-vendidos.png","width":861,"height":510},{"@type":"BreadcrumbList","@id":"https:\/\/apuntesdesanluis.com\/index.php\/2024\/09\/10\/milei-sumo-a-cinco-radicales-para-el-veto-a-jubilados-y-la-ucr-quedo-al-borde-de-la-ruptura\/#breadcrumb","itemListElement":[{"@type":"ListItem","position":1,"name":"Inicio","item":"https:\/\/apuntesdesanluis.com\/"},{"@type":"ListItem","position":2,"name":"MILEI SUM\u00d3 A CINCO RADICALES PARA EL VETO A JUBILADOS Y LA UCR QUED\u00d3 AL BORDE DE LA RUPTURA"}]},{"@type":"WebSite","@id":"https:\/\/apuntesdesanluis.com\/#website","url":"https:\/\/apuntesdesanluis.com\/","name":"Apuntes de San Luis","description":"","publisher":{"@id":"https:\/\/apuntesdesanluis.com\/#\/schema\/person\/b55151d52296fcce64d1a72538a70b90"},"potentialAction":[{"@type":"SearchAction","target":{"@type":"EntryPoint","urlTemplate":"https:\/\/apuntesdesanluis.com\/?s={search_term_string}"},"query-input":{"@type":"PropertyValueSpecification","valueRequired":true,"valueName":"search_term_string"}}],"inLanguage":"es-AR"},{"@type":["Person","Organization"],"@id":"https:\/\/apuntesdesanluis.com\/#\/schema\/person\/b55151d52296fcce64d1a72538a70b90","name":"apuntesdesanluis.com","image":{"@type":"ImageObject","inLanguage":"es-AR","@id":"https:\/\/apuntesdesanluis.com\/#\/schema\/person\/image\/","url":"https:\/\/apuntesdesanluis.com\/wp-content\/uploads\/2023\/07\/cropped-apuntesdesanluis.png","contentUrl":"https:\/\/apuntesdesanluis.com\/wp-content\/uploads\/2023\/07\/cropped-apuntesdesanluis.png","width":450,"height":112,"caption":"apuntesdesanluis.com"},"logo":{"@id":"https:\/\/apuntesdesanluis.com\/#\/schema\/person\/image\/"},"sameAs":["https:\/\/apuntesdesanluis.com"],"url":"https:\/\/apuntesdesanluis.com\/index.php\/author\/apuntesdesanluis-com\/"}]}},"featured_image_urls":{"full":["https:\/\/apuntesdesanluis.com\/wp-content\/uploads\/2024\/09\/radicales-vendidos.png",861,510,false],"thumbnail":["https:\/\/apuntesdesanluis.com\/wp-content\/uploads\/2024\/09\/radicales-vendidos-150x150.png",150,150,true],"medium":["https:\/\/apuntesdesanluis.com\/wp-content\/uploads\/2024\/09\/radicales-vendidos-300x178.png",300,178,true],"medium_large":["https:\/\/apuntesdesanluis.com\/wp-content\/uploads\/2024\/09\/radicales-vendidos-768x455.png",640,379,true],"large":["https:\/\/apuntesdesanluis.com\/wp-content\/uploads\/2024\/09\/radicales-vendidos.png",640,379,false],"1536x1536":["https:\/\/apuntesdesanluis.com\/wp-content\/uploads\/2024\/09\/radicales-vendidos.png",861,510,false],"2048x2048":["https:\/\/apuntesdesanluis.com\/wp-content\/uploads\/2024\/09\/radicales-vendidos.png",861,510,false],"newsever-slider-full":["https:\/\/apuntesdesanluis.com\/wp-content\/uploads\/2024\/09\/radicales-vendidos.png",861,510,false],"newsever-featured":["https:\/\/apuntesdesanluis.com\/wp-content\/uploads\/2024\/09\/radicales-vendidos.png",861,510,false],"newsever-medium":["https:\/\/apuntesdesanluis.com\/wp-content\/uploads\/2024\/09\/radicales-vendidos-720x475.png",720,475,true]},"author_info":{"display_name":"apuntesdesanluis.com","author_link":"https:\/\/apuntesdesanluis.com\/index.php\/author\/apuntesdesanluis-com\/"},"category_info":"<a href=\"https:\/\/apuntesdesanluis.com\/index.php\/category\/nacionales-internacionales\/\" rel=\"category tag\">Nacionales\/Internacionales<\/a>","tag_info":"Nacionales\/Internacionales","comment_count":"0","_links":{"self":[{"href":"https:\/\/apuntesdesanluis.com\/index.php\/wp-json\/wp\/v2\/posts\/22073","targetHints":{"allow":["GET"]}}],"collection":[{"href":"https:\/\/apuntesdesanluis.com\/index.php\/wp-json\/wp\/v2\/posts"}],"about":[{"href":"https:\/\/apuntesdesanluis.com\/index.php\/wp-json\/wp\/v2\/types\/post"}],"author":[{"embeddable":true,"href":"https:\/\/apuntesdesanluis.com\/index.php\/wp-json\/wp\/v2\/users\/1"}],"replies":[{"embeddable":true,"href":"https:\/\/apuntesdesanluis.com\/index.php\/wp-json\/wp\/v2\/comments?post=22073"}],"version-history":[{"count":4,"href":"https:\/\/apuntesdesanluis.com\/index.php\/wp-json\/wp\/v2\/posts\/22073\/revisions"}],"predecessor-version":[{"id":22078,"href":"https:\/\/apuntesdesanluis.com\/index.php\/wp-json\/wp\/v2\/posts\/22073\/revisions\/22078"}],"wp:featuredmedia":[{"embeddable":true,"href":"https:\/\/apuntesdesanluis.com\/index.php\/wp-json\/wp\/v2\/media\/22074"}],"wp:attachment":[{"href":"https:\/\/apuntesdesanluis.com\/index.php\/wp-json\/wp\/v2\/media?parent=22073"}],"wp:term":[{"taxonomy":"category","embeddable":true,"href":"https:\/\/apuntesdesanluis.com\/index.php\/wp-json\/wp\/v2\/categories?post=22073"},{"taxonomy":"post_tag","embeddable":true,"href":"https:\/\/apuntesdesanluis.com\/index.php\/wp-json\/wp\/v2\/tags?post=22073"}],"curies":[{"name":"wp","href":"https:\/\/api.w.org\/{rel}","templated":true}]}}