{"id":22079,"date":"2024-09-11T00:00:03","date_gmt":"2024-09-11T03:00:03","guid":{"rendered":"https:\/\/apuntesdesanluis.com\/?p=22079"},"modified":"2024-09-11T00:00:03","modified_gmt":"2024-09-11T03:00:03","slug":"echaron-al-interventor-de-yacimientos-carboniferos-rio-turbio-en-medio-de-un-escandalo-de-coimas","status":"publish","type":"post","link":"https:\/\/apuntesdesanluis.com\/index.php\/2024\/09\/11\/echaron-al-interventor-de-yacimientos-carboniferos-rio-turbio-en-medio-de-un-escandalo-de-coimas\/","title":{"rendered":"ECHARON AL INTERVENTOR DE YACIMIENTOS CARBON\u00cdFEROS R\u00cdO TURBIO EN MEDIO DE UN ESC\u00c1NDALO DE COIMAS"},"content":{"rendered":"<h3>El presidente Javier Milei ech\u00f3 a <em>Thierry Decoud<\/em>, hasta hoy interventor de Yacimientos R\u00edo Turbio, en medio de un esc\u00e1ndalo de pedido de coimas. La informaci\u00f3n fue revelada por el vocero Manuel Adorni en su habitual ronda de prensa.<\/h3>\n<h3>El funcionario hab\u00eda quedado en la mira luego de que una investigaci\u00f3n del diario Clar\u00edn revelara que dos \u201cintermediarios\u201d solicitaron un retorno para concretar una operaci\u00f3n con la empresa israel\u00ed TEGI. Estos dos \u201cfacilitadores\u201d son <strong>Andr\u00e9s Gross<\/strong> y <strong>Alejandro Salemme<\/strong>, cuyas voces quedaron registradas en conversaciones con ejecutivos de la compa\u00f1\u00eda en donde surgieron los presuntos pedidos de coimas.<\/h3>\n<h3>El esc\u00e1ndalo gira en torno a una operaci\u00f3n de compra de 30 mil toneladas de carb\u00f3n por alrededor de 2.100.000 d\u00f3lares. Cuando el acuerdo estaba por cerrarse en junio pasado, Gross apareci\u00f3 como \u201cintermediario\u201d de la negociaci\u00f3n y habr\u00eda solicitado un pago adicional al representante de TEGI en la Argentina, Juan Agust\u00edn Yarke Ariet.<\/h3>\n<h3>En una grabaci\u00f3n de una conferencia en la que participan los \u201cintermediarios\u201d y representantes de la firma israel\u00ed se escucha a Gross justificarse: \u201cNos est\u00e1n pidiendo un porcentaje totalmente elevado\u201d. Sin embargo, no especifica a qui\u00e9nes se refiere. Gross es amigo personal de Decoud y juegan juntos al f\u00fatbol.<\/h3>\n<h3>En el mismo registro, Saleme, el otro \u201cbroker\u201d en la negociaci\u00f3n, sugiere una salida para que el contrato finalmente se concrete. \u201cQueremos llevar adelante el negocio, es cuesti\u00f3n de sentarnos a charlar, fijate de qu\u00e9 manera inteligente pod\u00e9s plante\u00e1rselo a Constant\u00edn\u201d. Constant\u00edn es el CEO de TEGI.<\/h3>\n<h3>\u201cEl despido del interventor obviamente est\u00e1 relacionado con la denuncia de corrupci\u00f3n. Donde se detecta que no hay una transparencia absoluta en la gesti\u00f3n, el presidente siempre va a hacer a un lado al responsable, no porque sea efectivamente el responsable sino porque el Presidente quiere que todo se lleve adelante con total transparencia, as\u00ed que mientras se aclaran los hechos, el Presidente ha tomado la decisi\u00f3n de despedir al interventor\u201d, precis\u00f3 Adorni.<\/h3>\n<h3>Decoud lleg\u00f3 a YCRT a fines de 2023, tras la asunci\u00f3n de Milei como presidente de la Naci\u00f3n. Tiene 42 a\u00f1os y cuenta con experiencia en el sector energ\u00e9tico. Los libertarios, que en las \u00faltimas horas buscaban despegarse de \u00e9l, asocian su llegada a la administraci\u00f3n nacional a un pedido especial de PRO.<\/h3>\n<h3>Sin embargo, en el espacio amarillo aclararon que los ex funcionarios del partido que se sumaron al actual gobierno lo hicieron a trav\u00e9s de acuerdos privados. Es m\u00e1s, aseguran que los \u00fanicos dos nombres recomendados por ellos fueron Di\u00f3genes de Urquiza y Cristian Larsen.<\/h3>\n<h3>M\u00e1s all\u00e1 del fuego cruzado, en concreto, Decoud fue parte de diferentes \u00e1reas de gobierno de PRO: su recorrido en la gesti\u00f3n p\u00fablica comenz\u00f3 en el a\u00f1o 2013, cuando ocup\u00f3 el cargo de director general de tratamiento y nuevas tecnolog\u00edas en la Secretar\u00eda de Higiene Urbana del gobierno porte\u00f1o, bajo la direcci\u00f3n de Edgardo Cenz\u00f3n.<\/h3>\n<h3>Su relaci\u00f3n con Cenz\u00f3n fue clave para lo que fue su posterior traslado a la provincia de Buenos Aires en 2015, cuando se desempe\u00f1\u00f3 como presidente y CEO de Centrales de la Costa Atl\u00e1ntica durante la gesti\u00f3n de Mar\u00eda Eugenia Vidal. Posteriormente, en el a\u00f1o 2017, fue convocado por el rabino Sergio Bergman para liderar la Secretar\u00eda de Control Medioambiental. En esa funci\u00f3n se desempe\u00f1\u00f3 hasta el final del mandato de Mauricio Macri.<\/h3>\n<h3>En 2019, Decoud lanz\u00f3 un emprendimiento denominado Ludec SA, en sociedad con su ex esposa. La empresa se dedica a la \u201cprestaci\u00f3n, administraci\u00f3n, intermediaci\u00f3n y gerenciamiento\u201d de diversos servicios, incluyendo atenci\u00f3n m\u00e9dica, emergencias domiciliarias, cuidados de internaci\u00f3n y servicios hoteleros hospitalarios, adem\u00e1s de la organizaci\u00f3n de viajes.<\/h3>\n<h3>Desde 2020 comanda (con dos socios) la empresa FTL SA, que provee sistemas de tecnolog\u00eda para tr\u00e1nsito. Y en paralelo a ese proyecto, Decoud tambi\u00e9n incursion\u00f3 en el sector minero: el 23 de enero de 2023 fund\u00f3 Remkor SA, una sociedad enfocada en la \u201cexplotaci\u00f3n, exploraci\u00f3n y adquisici\u00f3n de minas y canteras\u201d, abarcando materiales ferrosos, no ferrosos, met\u00e1licos y no met\u00e1licos, as\u00ed como la venta y elaboraci\u00f3n de estos productos.<\/h3>\n<p>&nbsp;<\/p>\n<p>&nbsp;<\/p>\n<p>&nbsp;<\/p>\n<p>&nbsp;<\/p>\n<p>&nbsp;<\/p>\n","protected":false},"excerpt":{"rendered":"<p>El presidente Javier Milei ech\u00f3 a Thierry Decoud, hasta hoy interventor de Yacimientos R\u00edo Turbio,&#8230;<\/p>\n","protected":false},"author":1,"featured_media":22080,"comment_status":"closed","ping_status":"closed","sticky":false,"template":"","format":"standard","meta":{"footnotes":""},"categories":[5],"tags":[],"class_list":["post-22079","post","type-post","status-publish","format-standard","has-post-thumbnail","hentry","category-nacionales-internacionales"],"yoast_head":"<!-- This site is optimized with the Yoast SEO plugin v26.1.1 - https:\/\/yoast.com\/wordpress\/plugins\/seo\/ -->\n<title>ECHARON AL INTERVENTOR DE YACIMIENTOS CARBON\u00cdFEROS R\u00cdO TURBIO EN MEDIO DE UN ESC\u00c1NDALO DE COIMAS - Apuntes de San Luis<\/title>\n<meta name=\"robots\" content=\"index, follow, max-snippet:-1, max-image-preview:large, max-video-preview:-1\" \/>\n<link rel=\"canonical\" href=\"https:\/\/apuntesdesanluis.com\/index.php\/2024\/09\/11\/echaron-al-interventor-de-yacimientos-carboniferos-rio-turbio-en-medio-de-un-escandalo-de-coimas\/\" \/>\n<meta property=\"og:locale\" content=\"es_ES\" \/>\n<meta property=\"og:type\" content=\"article\" \/>\n<meta property=\"og:title\" content=\"ECHARON AL INTERVENTOR DE YACIMIENTOS CARBON\u00cdFEROS R\u00cdO TURBIO EN MEDIO DE UN ESC\u00c1NDALO DE COIMAS - Apuntes de San Luis\" \/>\n<meta property=\"og:description\" content=\"El presidente Javier Milei ech\u00f3 a Thierry Decoud, hasta hoy interventor de Yacimientos R\u00edo Turbio,...\" \/>\n<meta property=\"og:url\" content=\"https:\/\/apuntesdesanluis.com\/index.php\/2024\/09\/11\/echaron-al-interventor-de-yacimientos-carboniferos-rio-turbio-en-medio-de-un-escandalo-de-coimas\/\" \/>\n<meta property=\"og:site_name\" content=\"Apuntes de San Luis\" \/>\n<meta property=\"article:published_time\" content=\"2024-09-11T03:00:03+00:00\" \/>\n<meta property=\"og:image\" content=\"https:\/\/apuntesdesanluis.com\/wp-content\/uploads\/2024\/09\/interventor-de-y-acimientos-rio-turbio.png\" \/>\n\t<meta property=\"og:image:width\" content=\"731\" \/>\n\t<meta property=\"og:image:height\" content=\"434\" \/>\n\t<meta property=\"og:image:type\" content=\"image\/png\" \/>\n<meta name=\"author\" content=\"apuntesdesanluis.com\" \/>\n<meta name=\"twitter:card\" content=\"summary_large_image\" \/>\n<meta name=\"twitter:label1\" content=\"Escrito por\" \/>\n\t<meta name=\"twitter:data1\" content=\"apuntesdesanluis.com\" \/>\n\t<meta name=\"twitter:label2\" content=\"Tiempo de lectura\" \/>\n\t<meta name=\"twitter:data2\" content=\"4 minutos\" \/>\n<script type=\"application\/ld+json\" class=\"yoast-schema-graph\">{\"@context\":\"https:\/\/schema.org\",\"@graph\":[{\"@type\":\"Article\",\"@id\":\"https:\/\/apuntesdesanluis.com\/index.php\/2024\/09\/11\/echaron-al-interventor-de-yacimientos-carboniferos-rio-turbio-en-medio-de-un-escandalo-de-coimas\/#article\",\"isPartOf\":{\"@id\":\"https:\/\/apuntesdesanluis.com\/index.php\/2024\/09\/11\/echaron-al-interventor-de-yacimientos-carboniferos-rio-turbio-en-medio-de-un-escandalo-de-coimas\/\"},\"author\":{\"name\":\"apuntesdesanluis.com\",\"@id\":\"https:\/\/apuntesdesanluis.com\/#\/schema\/person\/b55151d52296fcce64d1a72538a70b90\"},\"headline\":\"ECHARON AL INTERVENTOR DE YACIMIENTOS CARBON\u00cdFEROS R\u00cdO TURBIO EN MEDIO DE UN ESC\u00c1NDALO DE COIMAS\",\"datePublished\":\"2024-09-11T03:00:03+00:00\",\"mainEntityOfPage\":{\"@id\":\"https:\/\/apuntesdesanluis.com\/index.php\/2024\/09\/11\/echaron-al-interventor-de-yacimientos-carboniferos-rio-turbio-en-medio-de-un-escandalo-de-coimas\/\"},\"wordCount\":746,\"publisher\":{\"@id\":\"https:\/\/apuntesdesanluis.com\/#\/schema\/person\/b55151d52296fcce64d1a72538a70b90\"},\"image\":{\"@id\":\"https:\/\/apuntesdesanluis.com\/index.php\/2024\/09\/11\/echaron-al-interventor-de-yacimientos-carboniferos-rio-turbio-en-medio-de-un-escandalo-de-coimas\/#primaryimage\"},\"thumbnailUrl\":\"https:\/\/apuntesdesanluis.com\/wp-content\/uploads\/2024\/09\/interventor-de-y-acimientos-rio-turbio.png\",\"articleSection\":[\"Nacionales\/Internacionales\"],\"inLanguage\":\"es-AR\"},{\"@type\":\"WebPage\",\"@id\":\"https:\/\/apuntesdesanluis.com\/index.php\/2024\/09\/11\/echaron-al-interventor-de-yacimientos-carboniferos-rio-turbio-en-medio-de-un-escandalo-de-coimas\/\",\"url\":\"https:\/\/apuntesdesanluis.com\/index.php\/2024\/09\/11\/echaron-al-interventor-de-yacimientos-carboniferos-rio-turbio-en-medio-de-un-escandalo-de-coimas\/\",\"name\":\"ECHARON AL INTERVENTOR DE YACIMIENTOS CARBON\u00cdFEROS R\u00cdO TURBIO EN MEDIO DE UN ESC\u00c1NDALO DE COIMAS - Apuntes de San Luis\",\"isPartOf\":{\"@id\":\"https:\/\/apuntesdesanluis.com\/#website\"},\"primaryImageOfPage\":{\"@id\":\"https:\/\/apuntesdesanluis.com\/index.php\/2024\/09\/11\/echaron-al-interventor-de-yacimientos-carboniferos-rio-turbio-en-medio-de-un-escandalo-de-coimas\/#primaryimage\"},\"image\":{\"@id\":\"https:\/\/apuntesdesanluis.com\/index.php\/2024\/09\/11\/echaron-al-interventor-de-yacimientos-carboniferos-rio-turbio-en-medio-de-un-escandalo-de-coimas\/#primaryimage\"},\"thumbnailUrl\":\"https:\/\/apuntesdesanluis.com\/wp-content\/uploads\/2024\/09\/interventor-de-y-acimientos-rio-turbio.png\",\"datePublished\":\"2024-09-11T03:00:03+00:00\",\"breadcrumb\":{\"@id\":\"https:\/\/apuntesdesanluis.com\/index.php\/2024\/09\/11\/echaron-al-interventor-de-yacimientos-carboniferos-rio-turbio-en-medio-de-un-escandalo-de-coimas\/#breadcrumb\"},\"inLanguage\":\"es-AR\",\"potentialAction\":[{\"@type\":\"ReadAction\",\"target\":[\"https:\/\/apuntesdesanluis.com\/index.php\/2024\/09\/11\/echaron-al-interventor-de-yacimientos-carboniferos-rio-turbio-en-medio-de-un-escandalo-de-coimas\/\"]}]},{\"@type\":\"ImageObject\",\"inLanguage\":\"es-AR\",\"@id\":\"https:\/\/apuntesdesanluis.com\/index.php\/2024\/09\/11\/echaron-al-interventor-de-yacimientos-carboniferos-rio-turbio-en-medio-de-un-escandalo-de-coimas\/#primaryimage\",\"url\":\"https:\/\/apuntesdesanluis.com\/wp-content\/uploads\/2024\/09\/interventor-de-y-acimientos-rio-turbio.png\",\"contentUrl\":\"https:\/\/apuntesdesanluis.com\/wp-content\/uploads\/2024\/09\/interventor-de-y-acimientos-rio-turbio.png\",\"width\":731,\"height\":434},{\"@type\":\"BreadcrumbList\",\"@id\":\"https:\/\/apuntesdesanluis.com\/index.php\/2024\/09\/11\/echaron-al-interventor-de-yacimientos-carboniferos-rio-turbio-en-medio-de-un-escandalo-de-coimas\/#breadcrumb\",\"itemListElement\":[{\"@type\":\"ListItem\",\"position\":1,\"name\":\"Inicio\",\"item\":\"https:\/\/apuntesdesanluis.com\/\"},{\"@type\":\"ListItem\",\"position\":2,\"name\":\"ECHARON AL INTERVENTOR DE YACIMIENTOS CARBON\u00cdFEROS R\u00cdO TURBIO EN MEDIO DE UN ESC\u00c1NDALO DE COIMAS\"}]},{\"@type\":\"WebSite\",\"@id\":\"https:\/\/apuntesdesanluis.com\/#website\",\"url\":\"https:\/\/apuntesdesanluis.com\/\",\"name\":\"Apuntes de San Luis\",\"description\":\"\",\"publisher\":{\"@id\":\"https:\/\/apuntesdesanluis.com\/#\/schema\/person\/b55151d52296fcce64d1a72538a70b90\"},\"potentialAction\":[{\"@type\":\"SearchAction\",\"target\":{\"@type\":\"EntryPoint\",\"urlTemplate\":\"https:\/\/apuntesdesanluis.com\/?s={search_term_string}\"},\"query-input\":{\"@type\":\"PropertyValueSpecification\",\"valueRequired\":true,\"valueName\":\"search_term_string\"}}],\"inLanguage\":\"es-AR\"},{\"@type\":[\"Person\",\"Organization\"],\"@id\":\"https:\/\/apuntesdesanluis.com\/#\/schema\/person\/b55151d52296fcce64d1a72538a70b90\",\"name\":\"apuntesdesanluis.com\",\"image\":{\"@type\":\"ImageObject\",\"inLanguage\":\"es-AR\",\"@id\":\"https:\/\/apuntesdesanluis.com\/#\/schema\/person\/image\/\",\"url\":\"https:\/\/apuntesdesanluis.com\/wp-content\/uploads\/2023\/07\/cropped-apuntesdesanluis.png\",\"contentUrl\":\"https:\/\/apuntesdesanluis.com\/wp-content\/uploads\/2023\/07\/cropped-apuntesdesanluis.png\",\"width\":450,\"height\":112,\"caption\":\"apuntesdesanluis.com\"},\"logo\":{\"@id\":\"https:\/\/apuntesdesanluis.com\/#\/schema\/person\/image\/\"},\"sameAs\":[\"https:\/\/apuntesdesanluis.com\"],\"url\":\"https:\/\/apuntesdesanluis.com\/index.php\/author\/apuntesdesanluis-com\/\"}]}<\/script>\n<!-- \/ Yoast SEO plugin. -->","yoast_head_json":{"title":"ECHARON AL INTERVENTOR DE YACIMIENTOS CARBON\u00cdFEROS R\u00cdO TURBIO EN MEDIO DE UN ESC\u00c1NDALO DE COIMAS - Apuntes de San Luis","robots":{"index":"index","follow":"follow","max-snippet":"max-snippet:-1","max-image-preview":"max-image-preview:large","max-video-preview":"max-video-preview:-1"},"canonical":"https:\/\/apuntesdesanluis.com\/index.php\/2024\/09\/11\/echaron-al-interventor-de-yacimientos-carboniferos-rio-turbio-en-medio-de-un-escandalo-de-coimas\/","og_locale":"es_ES","og_type":"article","og_title":"ECHARON AL INTERVENTOR DE YACIMIENTOS CARBON\u00cdFEROS R\u00cdO TURBIO EN MEDIO DE UN ESC\u00c1NDALO DE COIMAS - Apuntes de San Luis","og_description":"El presidente Javier Milei ech\u00f3 a Thierry Decoud, hasta hoy interventor de Yacimientos R\u00edo Turbio,...","og_url":"https:\/\/apuntesdesanluis.com\/index.php\/2024\/09\/11\/echaron-al-interventor-de-yacimientos-carboniferos-rio-turbio-en-medio-de-un-escandalo-de-coimas\/","og_site_name":"Apuntes de San Luis","article_published_time":"2024-09-11T03:00:03+00:00","og_image":[{"width":731,"height":434,"url":"https:\/\/apuntesdesanluis.com\/wp-content\/uploads\/2024\/09\/interventor-de-y-acimientos-rio-turbio.png","type":"image\/png"}],"author":"apuntesdesanluis.com","twitter_card":"summary_large_image","twitter_misc":{"Escrito por":"apuntesdesanluis.com","Tiempo de lectura":"4 minutos"},"schema":{"@context":"https:\/\/schema.org","@graph":[{"@type":"Article","@id":"https:\/\/apuntesdesanluis.com\/index.php\/2024\/09\/11\/echaron-al-interventor-de-yacimientos-carboniferos-rio-turbio-en-medio-de-un-escandalo-de-coimas\/#article","isPartOf":{"@id":"https:\/\/apuntesdesanluis.com\/index.php\/2024\/09\/11\/echaron-al-interventor-de-yacimientos-carboniferos-rio-turbio-en-medio-de-un-escandalo-de-coimas\/"},"author":{"name":"apuntesdesanluis.com","@id":"https:\/\/apuntesdesanluis.com\/#\/schema\/person\/b55151d52296fcce64d1a72538a70b90"},"headline":"ECHARON AL INTERVENTOR DE YACIMIENTOS CARBON\u00cdFEROS R\u00cdO TURBIO EN MEDIO DE UN ESC\u00c1NDALO DE COIMAS","datePublished":"2024-09-11T03:00:03+00:00","mainEntityOfPage":{"@id":"https:\/\/apuntesdesanluis.com\/index.php\/2024\/09\/11\/echaron-al-interventor-de-yacimientos-carboniferos-rio-turbio-en-medio-de-un-escandalo-de-coimas\/"},"wordCount":746,"publisher":{"@id":"https:\/\/apuntesdesanluis.com\/#\/schema\/person\/b55151d52296fcce64d1a72538a70b90"},"image":{"@id":"https:\/\/apuntesdesanluis.com\/index.php\/2024\/09\/11\/echaron-al-interventor-de-yacimientos-carboniferos-rio-turbio-en-medio-de-un-escandalo-de-coimas\/#primaryimage"},"thumbnailUrl":"https:\/\/apuntesdesanluis.com\/wp-content\/uploads\/2024\/09\/interventor-de-y-acimientos-rio-turbio.png","articleSection":["Nacionales\/Internacionales"],"inLanguage":"es-AR"},{"@type":"WebPage","@id":"https:\/\/apuntesdesanluis.com\/index.php\/2024\/09\/11\/echaron-al-interventor-de-yacimientos-carboniferos-rio-turbio-en-medio-de-un-escandalo-de-coimas\/","url":"https:\/\/apuntesdesanluis.com\/index.php\/2024\/09\/11\/echaron-al-interventor-de-yacimientos-carboniferos-rio-turbio-en-medio-de-un-escandalo-de-coimas\/","name":"ECHARON AL INTERVENTOR DE YACIMIENTOS CARBON\u00cdFEROS R\u00cdO TURBIO EN MEDIO DE UN ESC\u00c1NDALO DE COIMAS - Apuntes de San Luis","isPartOf":{"@id":"https:\/\/apuntesdesanluis.com\/#website"},"primaryImageOfPage":{"@id":"https:\/\/apuntesdesanluis.com\/index.php\/2024\/09\/11\/echaron-al-interventor-de-yacimientos-carboniferos-rio-turbio-en-medio-de-un-escandalo-de-coimas\/#primaryimage"},"image":{"@id":"https:\/\/apuntesdesanluis.com\/index.php\/2024\/09\/11\/echaron-al-interventor-de-yacimientos-carboniferos-rio-turbio-en-medio-de-un-escandalo-de-coimas\/#primaryimage"},"thumbnailUrl":"https:\/\/apuntesdesanluis.com\/wp-content\/uploads\/2024\/09\/interventor-de-y-acimientos-rio-turbio.png","datePublished":"2024-09-11T03:00:03+00:00","breadcrumb":{"@id":"https:\/\/apuntesdesanluis.com\/index.php\/2024\/09\/11\/echaron-al-interventor-de-yacimientos-carboniferos-rio-turbio-en-medio-de-un-escandalo-de-coimas\/#breadcrumb"},"inLanguage":"es-AR","potentialAction":[{"@type":"ReadAction","target":["https:\/\/apuntesdesanluis.com\/index.php\/2024\/09\/11\/echaron-al-interventor-de-yacimientos-carboniferos-rio-turbio-en-medio-de-un-escandalo-de-coimas\/"]}]},{"@type":"ImageObject","inLanguage":"es-AR","@id":"https:\/\/apuntesdesanluis.com\/index.php\/2024\/09\/11\/echaron-al-interventor-de-yacimientos-carboniferos-rio-turbio-en-medio-de-un-escandalo-de-coimas\/#primaryimage","url":"https:\/\/apuntesdesanluis.com\/wp-content\/uploads\/2024\/09\/interventor-de-y-acimientos-rio-turbio.png","contentUrl":"https:\/\/apuntesdesanluis.com\/wp-content\/uploads\/2024\/09\/interventor-de-y-acimientos-rio-turbio.png","width":731,"height":434},{"@type":"BreadcrumbList","@id":"https:\/\/apuntesdesanluis.com\/index.php\/2024\/09\/11\/echaron-al-interventor-de-yacimientos-carboniferos-rio-turbio-en-medio-de-un-escandalo-de-coimas\/#breadcrumb","itemListElement":[{"@type":"ListItem","position":1,"name":"Inicio","item":"https:\/\/apuntesdesanluis.com\/"},{"@type":"ListItem","position":2,"name":"ECHARON AL INTERVENTOR DE YACIMIENTOS CARBON\u00cdFEROS R\u00cdO TURBIO EN MEDIO DE UN ESC\u00c1NDALO DE COIMAS"}]},{"@type":"WebSite","@id":"https:\/\/apuntesdesanluis.com\/#website","url":"https:\/\/apuntesdesanluis.com\/","name":"Apuntes de San Luis","description":"","publisher":{"@id":"https:\/\/apuntesdesanluis.com\/#\/schema\/person\/b55151d52296fcce64d1a72538a70b90"},"potentialAction":[{"@type":"SearchAction","target":{"@type":"EntryPoint","urlTemplate":"https:\/\/apuntesdesanluis.com\/?s={search_term_string}"},"query-input":{"@type":"PropertyValueSpecification","valueRequired":true,"valueName":"search_term_string"}}],"inLanguage":"es-AR"},{"@type":["Person","Organization"],"@id":"https:\/\/apuntesdesanluis.com\/#\/schema\/person\/b55151d52296fcce64d1a72538a70b90","name":"apuntesdesanluis.com","image":{"@type":"ImageObject","inLanguage":"es-AR","@id":"https:\/\/apuntesdesanluis.com\/#\/schema\/person\/image\/","url":"https:\/\/apuntesdesanluis.com\/wp-content\/uploads\/2023\/07\/cropped-apuntesdesanluis.png","contentUrl":"https:\/\/apuntesdesanluis.com\/wp-content\/uploads\/2023\/07\/cropped-apuntesdesanluis.png","width":450,"height":112,"caption":"apuntesdesanluis.com"},"logo":{"@id":"https:\/\/apuntesdesanluis.com\/#\/schema\/person\/image\/"},"sameAs":["https:\/\/apuntesdesanluis.com"],"url":"https:\/\/apuntesdesanluis.com\/index.php\/author\/apuntesdesanluis-com\/"}]}},"featured_image_urls":{"full":["https:\/\/apuntesdesanluis.com\/wp-content\/uploads\/2024\/09\/interventor-de-y-acimientos-rio-turbio.png",731,434,false],"thumbnail":["https:\/\/apuntesdesanluis.com\/wp-content\/uploads\/2024\/09\/interventor-de-y-acimientos-rio-turbio-150x150.png",150,150,true],"medium":["https:\/\/apuntesdesanluis.com\/wp-content\/uploads\/2024\/09\/interventor-de-y-acimientos-rio-turbio-300x178.png",300,178,true],"medium_large":["https:\/\/apuntesdesanluis.com\/wp-content\/uploads\/2024\/09\/interventor-de-y-acimientos-rio-turbio.png",640,380,false],"large":["https:\/\/apuntesdesanluis.com\/wp-content\/uploads\/2024\/09\/interventor-de-y-acimientos-rio-turbio.png",640,380,false],"1536x1536":["https:\/\/apuntesdesanluis.com\/wp-content\/uploads\/2024\/09\/interventor-de-y-acimientos-rio-turbio.png",731,434,false],"2048x2048":["https:\/\/apuntesdesanluis.com\/wp-content\/uploads\/2024\/09\/interventor-de-y-acimientos-rio-turbio.png",731,434,false],"newsever-slider-full":["https:\/\/apuntesdesanluis.com\/wp-content\/uploads\/2024\/09\/interventor-de-y-acimientos-rio-turbio.png",731,434,false],"newsever-featured":["https:\/\/apuntesdesanluis.com\/wp-content\/uploads\/2024\/09\/interventor-de-y-acimientos-rio-turbio.png",731,434,false],"newsever-medium":["https:\/\/apuntesdesanluis.com\/wp-content\/uploads\/2024\/09\/interventor-de-y-acimientos-rio-turbio-720x434.png",720,434,true]},"author_info":{"display_name":"apuntesdesanluis.com","author_link":"https:\/\/apuntesdesanluis.com\/index.php\/author\/apuntesdesanluis-com\/"},"category_info":"<a href=\"https:\/\/apuntesdesanluis.com\/index.php\/category\/nacionales-internacionales\/\" rel=\"category tag\">Nacionales\/Internacionales<\/a>","tag_info":"Nacionales\/Internacionales","comment_count":"0","_links":{"self":[{"href":"https:\/\/apuntesdesanluis.com\/index.php\/wp-json\/wp\/v2\/posts\/22079","targetHints":{"allow":["GET"]}}],"collection":[{"href":"https:\/\/apuntesdesanluis.com\/index.php\/wp-json\/wp\/v2\/posts"}],"about":[{"href":"https:\/\/apuntesdesanluis.com\/index.php\/wp-json\/wp\/v2\/types\/post"}],"author":[{"embeddable":true,"href":"https:\/\/apuntesdesanluis.com\/index.php\/wp-json\/wp\/v2\/users\/1"}],"replies":[{"embeddable":true,"href":"https:\/\/apuntesdesanluis.com\/index.php\/wp-json\/wp\/v2\/comments?post=22079"}],"version-history":[{"count":1,"href":"https:\/\/apuntesdesanluis.com\/index.php\/wp-json\/wp\/v2\/posts\/22079\/revisions"}],"predecessor-version":[{"id":22081,"href":"https:\/\/apuntesdesanluis.com\/index.php\/wp-json\/wp\/v2\/posts\/22079\/revisions\/22081"}],"wp:featuredmedia":[{"embeddable":true,"href":"https:\/\/apuntesdesanluis.com\/index.php\/wp-json\/wp\/v2\/media\/22080"}],"wp:attachment":[{"href":"https:\/\/apuntesdesanluis.com\/index.php\/wp-json\/wp\/v2\/media?parent=22079"}],"wp:term":[{"taxonomy":"category","embeddable":true,"href":"https:\/\/apuntesdesanluis.com\/index.php\/wp-json\/wp\/v2\/categories?post=22079"},{"taxonomy":"post_tag","embeddable":true,"href":"https:\/\/apuntesdesanluis.com\/index.php\/wp-json\/wp\/v2\/tags?post=22079"}],"curies":[{"name":"wp","href":"https:\/\/api.w.org\/{rel}","templated":true}]}}