{"id":22092,"date":"2024-09-11T12:45:51","date_gmt":"2024-09-11T15:45:51","guid":{"rendered":"https:\/\/apuntesdesanluis.com\/?p=22092"},"modified":"2024-09-11T12:46:33","modified_gmt":"2024-09-11T15:46:33","slug":"fopea-rechazo-el-pedido-de-un-intendente-de-impedir-difusion-de-una-causa-en-su-contra","status":"publish","type":"post","link":"https:\/\/apuntesdesanluis.com\/index.php\/2024\/09\/11\/fopea-rechazo-el-pedido-de-un-intendente-de-impedir-difusion-de-una-causa-en-su-contra\/","title":{"rendered":"FOPEA RECHAZ\u00d3 EL PEDIDO DE UN INTENDENTE DE IMPEDIR DIFUSI\u00d3N DE UNA CAUSA EN SU CONTRA"},"content":{"rendered":"<h3>El <strong>Foro de Periodismo Argentino (FOPEA)<\/strong> expres\u00f3 su preocupaci\u00f3n por el pedido de restricci\u00f3n de acceso a la informaci\u00f3n p\u00fablica originado por un dirigente pol\u00edtico de la provincia de San Luis.<\/h3>\n<h3>Se trata del intendente de San Francisco del Monte de Oro, <strong>Sandro Flores<\/strong>, quien fue denunciado penalmente por estafa. El mismo pidi\u00f3 la reserva de la causa en su contra y que se exija a dos portales digitales locales que levanten las notas que hayan publicado sobre el tema. Tambi\u00e9n solicit\u00f3 que esos medios se abstengan de informar al respecto en el futuro.<\/h3>\n<h3>Seg\u00fan el portal El Chorrillero, el dirigente est\u00e1 acusado de apropiarse de un predio que tiene un valor aproximado de 200 mil d\u00f3lares, junto a su esposa, el secretario de Gobierno, Ary Sepak y otras dos personas m\u00e1s.<\/h3>\n<h3>El argumento de Flores se basa en su condici\u00f3n de \u201cfigura p\u00fablica\u201d, lo que supondr\u00eda, en su opini\u00f3n, el derecho a un juicio a puertas cerradas y no un proceso p\u00fablico como corresponde a cualquier ciudadano.<\/h3>\n<h3>En su pedido a la Fiscal\u00eda, aleg\u00f3 que a\u00fan no est\u00e1 imputado, y \u201cque cualquier persona puede ver el expediente, sacar informaci\u00f3n y convertirla en maliciosa a conveniencia\u201d. Interpreta que de esa manera se podr\u00edan ver afectadas sus garant\u00edas constitucionales y el derecho a su defensa.<\/h3>\n<h3>Flores pidi\u00f3 que \u201cse intime por el proceder anti\u00e9tico y ordene a la defensa que se levanten\u201d las publicaciones de El Chorrillero y De Pol\u00edtica, donde se menciona la investigaci\u00f3n en su contra. Acus\u00f3 a estos medios de publicar \u201cfalacias\u201d orquestadas por la parte demandante.<\/h3>\n<h3>\u201cDesde FOPEA recordamos que el derecho de acceso a la informaci\u00f3n p\u00fablica no es un privilegio de los periodistas o los medios, sino una obligaci\u00f3n del Estado hacia la ciudadan\u00eda con el objetivo de garantizar la transparencia de los actos de gobierno\u201d.<\/h3>\n<h3>En este sentido, agrega que la Gu\u00eda de Buenas Pr\u00e1cticas para el Tratamiento y Difusi\u00f3n de la Informaci\u00f3n Judicial de la Corte Suprema de Justicia, se\u00f1ala que \u201cdurante el desarrollo de juicios orales y p\u00fablicos, as\u00ed como en la realizaci\u00f3n por parte de organismos judiciales de audiencias u otro tipo de actos p\u00fablicos, se procurar\u00e1 garantizar la presencia de periodistas como un modo de extender la publicidad de tales actividades y acceder as\u00ed a un p\u00fablico m\u00e1s vasto\u201d.<\/h3>\n<h3>Tambi\u00e9n indica que \u201cla informaci\u00f3n de causas en tr\u00e1mite o concluidas ser\u00e1 ampliamente difundida cuando haya un inter\u00e9s p\u00fablico comprometido\u201d, como es este caso.<\/h3>\n<h3>Este derecho est\u00e1 garantizado por la Constituci\u00f3n nacional, las constituciones provinciales y pactos internacionales como el de San Jos\u00e9 de Costa Rica, que nada dicen sobre los supuestos privilegios que una persona p\u00fablica podr\u00eda tener para impedir su ejercicio.<\/h3>\n<h3>Si bien hay casos especiales en los que la privacidad de las personas puede ser contemplada en un juicio (menores involucrados, violaciones), no ser\u00eda el caso cuando se trata de una causa por corrupci\u00f3n.<\/h3>\n<p>&nbsp;<\/p>\n<p>&nbsp;<\/p>\n<p>&nbsp;<\/p>\n<p>&nbsp;<\/p>\n<p>&nbsp;<\/p>\n<p>&nbsp;<\/p>\n","protected":false},"excerpt":{"rendered":"<p>El Foro de Periodismo Argentino (FOPEA) expres\u00f3 su preocupaci\u00f3n por el pedido de restricci\u00f3n de&#8230;<\/p>\n","protected":false},"author":1,"featured_media":22093,"comment_status":"closed","ping_status":"closed","sticky":false,"template":"","format":"standard","meta":{"footnotes":""},"categories":[6],"tags":[],"class_list":["post-22092","post","type-post","status-publish","format-standard","has-post-thumbnail","hentry","category-ciudad-provincia"],"yoast_head":"<!-- This site is optimized with the Yoast SEO plugin v26.1.1 - https:\/\/yoast.com\/wordpress\/plugins\/seo\/ -->\n<title>FOPEA RECHAZ\u00d3 EL PEDIDO DE UN INTENDENTE DE IMPEDIR DIFUSI\u00d3N DE UNA CAUSA EN SU CONTRA - Apuntes de San Luis<\/title>\n<meta name=\"robots\" content=\"index, follow, max-snippet:-1, max-image-preview:large, max-video-preview:-1\" \/>\n<link rel=\"canonical\" href=\"https:\/\/apuntesdesanluis.com\/index.php\/2024\/09\/11\/fopea-rechazo-el-pedido-de-un-intendente-de-impedir-difusion-de-una-causa-en-su-contra\/\" \/>\n<meta property=\"og:locale\" content=\"es_ES\" \/>\n<meta property=\"og:type\" content=\"article\" \/>\n<meta property=\"og:title\" content=\"FOPEA RECHAZ\u00d3 EL PEDIDO DE UN INTENDENTE DE IMPEDIR DIFUSI\u00d3N DE UNA CAUSA EN SU CONTRA - Apuntes de San Luis\" \/>\n<meta property=\"og:description\" content=\"El Foro de Periodismo Argentino (FOPEA) expres\u00f3 su preocupaci\u00f3n por el pedido de restricci\u00f3n de...\" \/>\n<meta property=\"og:url\" content=\"https:\/\/apuntesdesanluis.com\/index.php\/2024\/09\/11\/fopea-rechazo-el-pedido-de-un-intendente-de-impedir-difusion-de-una-causa-en-su-contra\/\" \/>\n<meta property=\"og:site_name\" content=\"Apuntes de San Luis\" \/>\n<meta property=\"article:published_time\" content=\"2024-09-11T15:45:51+00:00\" \/>\n<meta property=\"article:modified_time\" content=\"2024-09-11T15:46:33+00:00\" \/>\n<meta property=\"og:image\" content=\"https:\/\/apuntesdesanluis.com\/wp-content\/uploads\/2024\/09\/sandro-flores.jpeg\" \/>\n\t<meta property=\"og:image:width\" content=\"800\" \/>\n\t<meta property=\"og:image:height\" content=\"449\" \/>\n\t<meta property=\"og:image:type\" content=\"image\/jpeg\" \/>\n<meta name=\"author\" content=\"apuntesdesanluis.com\" \/>\n<meta name=\"twitter:card\" content=\"summary_large_image\" \/>\n<meta name=\"twitter:label1\" content=\"Escrito por\" \/>\n\t<meta name=\"twitter:data1\" content=\"apuntesdesanluis.com\" \/>\n\t<meta name=\"twitter:label2\" content=\"Tiempo de lectura\" \/>\n\t<meta name=\"twitter:data2\" content=\"3 minutos\" \/>\n<script type=\"application\/ld+json\" class=\"yoast-schema-graph\">{\"@context\":\"https:\/\/schema.org\",\"@graph\":[{\"@type\":\"Article\",\"@id\":\"https:\/\/apuntesdesanluis.com\/index.php\/2024\/09\/11\/fopea-rechazo-el-pedido-de-un-intendente-de-impedir-difusion-de-una-causa-en-su-contra\/#article\",\"isPartOf\":{\"@id\":\"https:\/\/apuntesdesanluis.com\/index.php\/2024\/09\/11\/fopea-rechazo-el-pedido-de-un-intendente-de-impedir-difusion-de-una-causa-en-su-contra\/\"},\"author\":{\"name\":\"apuntesdesanluis.com\",\"@id\":\"https:\/\/apuntesdesanluis.com\/#\/schema\/person\/b55151d52296fcce64d1a72538a70b90\"},\"headline\":\"FOPEA RECHAZ\u00d3 EL PEDIDO DE UN INTENDENTE DE IMPEDIR DIFUSI\u00d3N DE UNA CAUSA EN SU CONTRA\",\"datePublished\":\"2024-09-11T15:45:51+00:00\",\"dateModified\":\"2024-09-11T15:46:33+00:00\",\"mainEntityOfPage\":{\"@id\":\"https:\/\/apuntesdesanluis.com\/index.php\/2024\/09\/11\/fopea-rechazo-el-pedido-de-un-intendente-de-impedir-difusion-de-una-causa-en-su-contra\/\"},\"wordCount\":544,\"publisher\":{\"@id\":\"https:\/\/apuntesdesanluis.com\/#\/schema\/person\/b55151d52296fcce64d1a72538a70b90\"},\"image\":{\"@id\":\"https:\/\/apuntesdesanluis.com\/index.php\/2024\/09\/11\/fopea-rechazo-el-pedido-de-un-intendente-de-impedir-difusion-de-una-causa-en-su-contra\/#primaryimage\"},\"thumbnailUrl\":\"https:\/\/apuntesdesanluis.com\/wp-content\/uploads\/2024\/09\/sandro-flores.jpeg\",\"articleSection\":[\"Ciudad\/Provincia\"],\"inLanguage\":\"es-AR\"},{\"@type\":\"WebPage\",\"@id\":\"https:\/\/apuntesdesanluis.com\/index.php\/2024\/09\/11\/fopea-rechazo-el-pedido-de-un-intendente-de-impedir-difusion-de-una-causa-en-su-contra\/\",\"url\":\"https:\/\/apuntesdesanluis.com\/index.php\/2024\/09\/11\/fopea-rechazo-el-pedido-de-un-intendente-de-impedir-difusion-de-una-causa-en-su-contra\/\",\"name\":\"FOPEA RECHAZ\u00d3 EL PEDIDO DE UN INTENDENTE DE IMPEDIR DIFUSI\u00d3N DE UNA CAUSA EN SU CONTRA - Apuntes de San Luis\",\"isPartOf\":{\"@id\":\"https:\/\/apuntesdesanluis.com\/#website\"},\"primaryImageOfPage\":{\"@id\":\"https:\/\/apuntesdesanluis.com\/index.php\/2024\/09\/11\/fopea-rechazo-el-pedido-de-un-intendente-de-impedir-difusion-de-una-causa-en-su-contra\/#primaryimage\"},\"image\":{\"@id\":\"https:\/\/apuntesdesanluis.com\/index.php\/2024\/09\/11\/fopea-rechazo-el-pedido-de-un-intendente-de-impedir-difusion-de-una-causa-en-su-contra\/#primaryimage\"},\"thumbnailUrl\":\"https:\/\/apuntesdesanluis.com\/wp-content\/uploads\/2024\/09\/sandro-flores.jpeg\",\"datePublished\":\"2024-09-11T15:45:51+00:00\",\"dateModified\":\"2024-09-11T15:46:33+00:00\",\"breadcrumb\":{\"@id\":\"https:\/\/apuntesdesanluis.com\/index.php\/2024\/09\/11\/fopea-rechazo-el-pedido-de-un-intendente-de-impedir-difusion-de-una-causa-en-su-contra\/#breadcrumb\"},\"inLanguage\":\"es-AR\",\"potentialAction\":[{\"@type\":\"ReadAction\",\"target\":[\"https:\/\/apuntesdesanluis.com\/index.php\/2024\/09\/11\/fopea-rechazo-el-pedido-de-un-intendente-de-impedir-difusion-de-una-causa-en-su-contra\/\"]}]},{\"@type\":\"ImageObject\",\"inLanguage\":\"es-AR\",\"@id\":\"https:\/\/apuntesdesanluis.com\/index.php\/2024\/09\/11\/fopea-rechazo-el-pedido-de-un-intendente-de-impedir-difusion-de-una-causa-en-su-contra\/#primaryimage\",\"url\":\"https:\/\/apuntesdesanluis.com\/wp-content\/uploads\/2024\/09\/sandro-flores.jpeg\",\"contentUrl\":\"https:\/\/apuntesdesanluis.com\/wp-content\/uploads\/2024\/09\/sandro-flores.jpeg\",\"width\":800,\"height\":449},{\"@type\":\"BreadcrumbList\",\"@id\":\"https:\/\/apuntesdesanluis.com\/index.php\/2024\/09\/11\/fopea-rechazo-el-pedido-de-un-intendente-de-impedir-difusion-de-una-causa-en-su-contra\/#breadcrumb\",\"itemListElement\":[{\"@type\":\"ListItem\",\"position\":1,\"name\":\"Inicio\",\"item\":\"https:\/\/apuntesdesanluis.com\/\"},{\"@type\":\"ListItem\",\"position\":2,\"name\":\"FOPEA RECHAZ\u00d3 EL PEDIDO DE UN INTENDENTE DE IMPEDIR DIFUSI\u00d3N DE UNA CAUSA EN SU CONTRA\"}]},{\"@type\":\"WebSite\",\"@id\":\"https:\/\/apuntesdesanluis.com\/#website\",\"url\":\"https:\/\/apuntesdesanluis.com\/\",\"name\":\"Apuntes de San Luis\",\"description\":\"\",\"publisher\":{\"@id\":\"https:\/\/apuntesdesanluis.com\/#\/schema\/person\/b55151d52296fcce64d1a72538a70b90\"},\"potentialAction\":[{\"@type\":\"SearchAction\",\"target\":{\"@type\":\"EntryPoint\",\"urlTemplate\":\"https:\/\/apuntesdesanluis.com\/?s={search_term_string}\"},\"query-input\":{\"@type\":\"PropertyValueSpecification\",\"valueRequired\":true,\"valueName\":\"search_term_string\"}}],\"inLanguage\":\"es-AR\"},{\"@type\":[\"Person\",\"Organization\"],\"@id\":\"https:\/\/apuntesdesanluis.com\/#\/schema\/person\/b55151d52296fcce64d1a72538a70b90\",\"name\":\"apuntesdesanluis.com\",\"image\":{\"@type\":\"ImageObject\",\"inLanguage\":\"es-AR\",\"@id\":\"https:\/\/apuntesdesanluis.com\/#\/schema\/person\/image\/\",\"url\":\"https:\/\/apuntesdesanluis.com\/wp-content\/uploads\/2023\/07\/cropped-apuntesdesanluis.png\",\"contentUrl\":\"https:\/\/apuntesdesanluis.com\/wp-content\/uploads\/2023\/07\/cropped-apuntesdesanluis.png\",\"width\":450,\"height\":112,\"caption\":\"apuntesdesanluis.com\"},\"logo\":{\"@id\":\"https:\/\/apuntesdesanluis.com\/#\/schema\/person\/image\/\"},\"sameAs\":[\"https:\/\/apuntesdesanluis.com\"],\"url\":\"https:\/\/apuntesdesanluis.com\/index.php\/author\/apuntesdesanluis-com\/\"}]}<\/script>\n<!-- \/ Yoast SEO plugin. -->","yoast_head_json":{"title":"FOPEA RECHAZ\u00d3 EL PEDIDO DE UN INTENDENTE DE IMPEDIR DIFUSI\u00d3N DE UNA CAUSA EN SU CONTRA - Apuntes de San Luis","robots":{"index":"index","follow":"follow","max-snippet":"max-snippet:-1","max-image-preview":"max-image-preview:large","max-video-preview":"max-video-preview:-1"},"canonical":"https:\/\/apuntesdesanluis.com\/index.php\/2024\/09\/11\/fopea-rechazo-el-pedido-de-un-intendente-de-impedir-difusion-de-una-causa-en-su-contra\/","og_locale":"es_ES","og_type":"article","og_title":"FOPEA RECHAZ\u00d3 EL PEDIDO DE UN INTENDENTE DE IMPEDIR DIFUSI\u00d3N DE UNA CAUSA EN SU CONTRA - Apuntes de San Luis","og_description":"El Foro de Periodismo Argentino (FOPEA) expres\u00f3 su preocupaci\u00f3n por el pedido de restricci\u00f3n de...","og_url":"https:\/\/apuntesdesanluis.com\/index.php\/2024\/09\/11\/fopea-rechazo-el-pedido-de-un-intendente-de-impedir-difusion-de-una-causa-en-su-contra\/","og_site_name":"Apuntes de San Luis","article_published_time":"2024-09-11T15:45:51+00:00","article_modified_time":"2024-09-11T15:46:33+00:00","og_image":[{"width":800,"height":449,"url":"https:\/\/apuntesdesanluis.com\/wp-content\/uploads\/2024\/09\/sandro-flores.jpeg","type":"image\/jpeg"}],"author":"apuntesdesanluis.com","twitter_card":"summary_large_image","twitter_misc":{"Escrito por":"apuntesdesanluis.com","Tiempo de lectura":"3 minutos"},"schema":{"@context":"https:\/\/schema.org","@graph":[{"@type":"Article","@id":"https:\/\/apuntesdesanluis.com\/index.php\/2024\/09\/11\/fopea-rechazo-el-pedido-de-un-intendente-de-impedir-difusion-de-una-causa-en-su-contra\/#article","isPartOf":{"@id":"https:\/\/apuntesdesanluis.com\/index.php\/2024\/09\/11\/fopea-rechazo-el-pedido-de-un-intendente-de-impedir-difusion-de-una-causa-en-su-contra\/"},"author":{"name":"apuntesdesanluis.com","@id":"https:\/\/apuntesdesanluis.com\/#\/schema\/person\/b55151d52296fcce64d1a72538a70b90"},"headline":"FOPEA RECHAZ\u00d3 EL PEDIDO DE UN INTENDENTE DE IMPEDIR DIFUSI\u00d3N DE UNA CAUSA EN SU CONTRA","datePublished":"2024-09-11T15:45:51+00:00","dateModified":"2024-09-11T15:46:33+00:00","mainEntityOfPage":{"@id":"https:\/\/apuntesdesanluis.com\/index.php\/2024\/09\/11\/fopea-rechazo-el-pedido-de-un-intendente-de-impedir-difusion-de-una-causa-en-su-contra\/"},"wordCount":544,"publisher":{"@id":"https:\/\/apuntesdesanluis.com\/#\/schema\/person\/b55151d52296fcce64d1a72538a70b90"},"image":{"@id":"https:\/\/apuntesdesanluis.com\/index.php\/2024\/09\/11\/fopea-rechazo-el-pedido-de-un-intendente-de-impedir-difusion-de-una-causa-en-su-contra\/#primaryimage"},"thumbnailUrl":"https:\/\/apuntesdesanluis.com\/wp-content\/uploads\/2024\/09\/sandro-flores.jpeg","articleSection":["Ciudad\/Provincia"],"inLanguage":"es-AR"},{"@type":"WebPage","@id":"https:\/\/apuntesdesanluis.com\/index.php\/2024\/09\/11\/fopea-rechazo-el-pedido-de-un-intendente-de-impedir-difusion-de-una-causa-en-su-contra\/","url":"https:\/\/apuntesdesanluis.com\/index.php\/2024\/09\/11\/fopea-rechazo-el-pedido-de-un-intendente-de-impedir-difusion-de-una-causa-en-su-contra\/","name":"FOPEA RECHAZ\u00d3 EL PEDIDO DE UN INTENDENTE DE IMPEDIR DIFUSI\u00d3N DE UNA CAUSA EN SU CONTRA - Apuntes de San Luis","isPartOf":{"@id":"https:\/\/apuntesdesanluis.com\/#website"},"primaryImageOfPage":{"@id":"https:\/\/apuntesdesanluis.com\/index.php\/2024\/09\/11\/fopea-rechazo-el-pedido-de-un-intendente-de-impedir-difusion-de-una-causa-en-su-contra\/#primaryimage"},"image":{"@id":"https:\/\/apuntesdesanluis.com\/index.php\/2024\/09\/11\/fopea-rechazo-el-pedido-de-un-intendente-de-impedir-difusion-de-una-causa-en-su-contra\/#primaryimage"},"thumbnailUrl":"https:\/\/apuntesdesanluis.com\/wp-content\/uploads\/2024\/09\/sandro-flores.jpeg","datePublished":"2024-09-11T15:45:51+00:00","dateModified":"2024-09-11T15:46:33+00:00","breadcrumb":{"@id":"https:\/\/apuntesdesanluis.com\/index.php\/2024\/09\/11\/fopea-rechazo-el-pedido-de-un-intendente-de-impedir-difusion-de-una-causa-en-su-contra\/#breadcrumb"},"inLanguage":"es-AR","potentialAction":[{"@type":"ReadAction","target":["https:\/\/apuntesdesanluis.com\/index.php\/2024\/09\/11\/fopea-rechazo-el-pedido-de-un-intendente-de-impedir-difusion-de-una-causa-en-su-contra\/"]}]},{"@type":"ImageObject","inLanguage":"es-AR","@id":"https:\/\/apuntesdesanluis.com\/index.php\/2024\/09\/11\/fopea-rechazo-el-pedido-de-un-intendente-de-impedir-difusion-de-una-causa-en-su-contra\/#primaryimage","url":"https:\/\/apuntesdesanluis.com\/wp-content\/uploads\/2024\/09\/sandro-flores.jpeg","contentUrl":"https:\/\/apuntesdesanluis.com\/wp-content\/uploads\/2024\/09\/sandro-flores.jpeg","width":800,"height":449},{"@type":"BreadcrumbList","@id":"https:\/\/apuntesdesanluis.com\/index.php\/2024\/09\/11\/fopea-rechazo-el-pedido-de-un-intendente-de-impedir-difusion-de-una-causa-en-su-contra\/#breadcrumb","itemListElement":[{"@type":"ListItem","position":1,"name":"Inicio","item":"https:\/\/apuntesdesanluis.com\/"},{"@type":"ListItem","position":2,"name":"FOPEA RECHAZ\u00d3 EL PEDIDO DE UN INTENDENTE DE IMPEDIR DIFUSI\u00d3N DE UNA CAUSA EN SU CONTRA"}]},{"@type":"WebSite","@id":"https:\/\/apuntesdesanluis.com\/#website","url":"https:\/\/apuntesdesanluis.com\/","name":"Apuntes de San Luis","description":"","publisher":{"@id":"https:\/\/apuntesdesanluis.com\/#\/schema\/person\/b55151d52296fcce64d1a72538a70b90"},"potentialAction":[{"@type":"SearchAction","target":{"@type":"EntryPoint","urlTemplate":"https:\/\/apuntesdesanluis.com\/?s={search_term_string}"},"query-input":{"@type":"PropertyValueSpecification","valueRequired":true,"valueName":"search_term_string"}}],"inLanguage":"es-AR"},{"@type":["Person","Organization"],"@id":"https:\/\/apuntesdesanluis.com\/#\/schema\/person\/b55151d52296fcce64d1a72538a70b90","name":"apuntesdesanluis.com","image":{"@type":"ImageObject","inLanguage":"es-AR","@id":"https:\/\/apuntesdesanluis.com\/#\/schema\/person\/image\/","url":"https:\/\/apuntesdesanluis.com\/wp-content\/uploads\/2023\/07\/cropped-apuntesdesanluis.png","contentUrl":"https:\/\/apuntesdesanluis.com\/wp-content\/uploads\/2023\/07\/cropped-apuntesdesanluis.png","width":450,"height":112,"caption":"apuntesdesanluis.com"},"logo":{"@id":"https:\/\/apuntesdesanluis.com\/#\/schema\/person\/image\/"},"sameAs":["https:\/\/apuntesdesanluis.com"],"url":"https:\/\/apuntesdesanluis.com\/index.php\/author\/apuntesdesanluis-com\/"}]}},"featured_image_urls":{"full":["https:\/\/apuntesdesanluis.com\/wp-content\/uploads\/2024\/09\/sandro-flores.jpeg",800,449,false],"thumbnail":["https:\/\/apuntesdesanluis.com\/wp-content\/uploads\/2024\/09\/sandro-flores-150x150.jpeg",150,150,true],"medium":["https:\/\/apuntesdesanluis.com\/wp-content\/uploads\/2024\/09\/sandro-flores-300x168.jpeg",300,168,true],"medium_large":["https:\/\/apuntesdesanluis.com\/wp-content\/uploads\/2024\/09\/sandro-flores-768x431.jpeg",640,359,true],"large":["https:\/\/apuntesdesanluis.com\/wp-content\/uploads\/2024\/09\/sandro-flores.jpeg",640,359,false],"1536x1536":["https:\/\/apuntesdesanluis.com\/wp-content\/uploads\/2024\/09\/sandro-flores.jpeg",800,449,false],"2048x2048":["https:\/\/apuntesdesanluis.com\/wp-content\/uploads\/2024\/09\/sandro-flores.jpeg",800,449,false],"newsever-slider-full":["https:\/\/apuntesdesanluis.com\/wp-content\/uploads\/2024\/09\/sandro-flores.jpeg",800,449,false],"newsever-featured":["https:\/\/apuntesdesanluis.com\/wp-content\/uploads\/2024\/09\/sandro-flores.jpeg",800,449,false],"newsever-medium":["https:\/\/apuntesdesanluis.com\/wp-content\/uploads\/2024\/09\/sandro-flores-720x449.jpeg",720,449,true]},"author_info":{"display_name":"apuntesdesanluis.com","author_link":"https:\/\/apuntesdesanluis.com\/index.php\/author\/apuntesdesanluis-com\/"},"category_info":"<a href=\"https:\/\/apuntesdesanluis.com\/index.php\/category\/ciudad-provincia\/\" rel=\"category tag\">Ciudad\/Provincia<\/a>","tag_info":"Ciudad\/Provincia","comment_count":"0","_links":{"self":[{"href":"https:\/\/apuntesdesanluis.com\/index.php\/wp-json\/wp\/v2\/posts\/22092","targetHints":{"allow":["GET"]}}],"collection":[{"href":"https:\/\/apuntesdesanluis.com\/index.php\/wp-json\/wp\/v2\/posts"}],"about":[{"href":"https:\/\/apuntesdesanluis.com\/index.php\/wp-json\/wp\/v2\/types\/post"}],"author":[{"embeddable":true,"href":"https:\/\/apuntesdesanluis.com\/index.php\/wp-json\/wp\/v2\/users\/1"}],"replies":[{"embeddable":true,"href":"https:\/\/apuntesdesanluis.com\/index.php\/wp-json\/wp\/v2\/comments?post=22092"}],"version-history":[{"count":2,"href":"https:\/\/apuntesdesanluis.com\/index.php\/wp-json\/wp\/v2\/posts\/22092\/revisions"}],"predecessor-version":[{"id":22095,"href":"https:\/\/apuntesdesanluis.com\/index.php\/wp-json\/wp\/v2\/posts\/22092\/revisions\/22095"}],"wp:featuredmedia":[{"embeddable":true,"href":"https:\/\/apuntesdesanluis.com\/index.php\/wp-json\/wp\/v2\/media\/22093"}],"wp:attachment":[{"href":"https:\/\/apuntesdesanluis.com\/index.php\/wp-json\/wp\/v2\/media?parent=22092"}],"wp:term":[{"taxonomy":"category","embeddable":true,"href":"https:\/\/apuntesdesanluis.com\/index.php\/wp-json\/wp\/v2\/categories?post=22092"},{"taxonomy":"post_tag","embeddable":true,"href":"https:\/\/apuntesdesanluis.com\/index.php\/wp-json\/wp\/v2\/tags?post=22092"}],"curies":[{"name":"wp","href":"https:\/\/api.w.org\/{rel}","templated":true}]}}