{"id":22096,"date":"2024-09-11T13:56:20","date_gmt":"2024-09-11T16:56:20","guid":{"rendered":"https:\/\/apuntesdesanluis.com\/?p=22096"},"modified":"2024-09-11T13:56:20","modified_gmt":"2024-09-11T16:56:20","slug":"el-gobernador-recorrera-este-jueves-merlo-junto-a-alvarez-pinto","status":"publish","type":"post","link":"https:\/\/apuntesdesanluis.com\/index.php\/2024\/09\/11\/el-gobernador-recorrera-este-jueves-merlo-junto-a-alvarez-pinto\/","title":{"rendered":"EL GOBERNADOR RECORRER\u00c1 ESTE JUEVES MERLO JUNTO A \u00c1LVAREZ PINTO"},"content":{"rendered":"<h3>Este jueves 12 la Villa de Merlo volver\u00e1 a recibir la visita del gobernador <strong>Claudio Poggi<\/strong>, quien llegar\u00e1 a la localidad con una agenda cargada de actividades y ser\u00e1 acompa\u00f1ado por una comitiva municipal encabezada por el intendente, Juan \u00c1lvarez Pinto.<\/h3>\n<h3>El primer tramo del recorrido ser\u00e1 destinado a la revisi\u00f3n de obras en curso, comenzando por la reciente perforaci\u00f3n realizada en Ca\u00f1ada La Negra que le brindar\u00e1 a las familias y a la comunidad educativa de la Escuela N\u00b0348 \u201cNaciones Unidas\u201d una mejora en la capacidad productiva gracias al \u00f3ptimo abastecimiento de agua. Tambi\u00e9n visitar\u00e1 la distribuidora de neum\u00e1ticos Neumar, una empresa recientemente instalada en Merlo y que fortalece el desarrollo econ\u00f3mico de toda la regi\u00f3n. Con la presencia del Gobernador, se dejar\u00e1 formalmente inaugurado el emprendimiento.<\/h3>\n<h3>Se realizar\u00e1 una visita a la obra del Centro de Convenciones, cuya construcci\u00f3n se encuentra en el tramo final y representa un espacio fundamental para el desarrollo del turismo de reuniones que impulsa el municipio y el Ministerio de Turismo y Cultura de la Provincia.<\/h3>\n<h3>Sobre el mediod\u00eda, el Intendente \u00c1lvarez Pinto y el Secretario de Transporte de la Provincia, Victor Cianchino, firmar\u00e1n ante el Gobernador, el convenio de comodato del Edificio de la Terminal de \u00d3mnibus. Entre otras cosas, el acuerdo dice que el municipio gestionar\u00e1 el edificio de la Terminal, hasta noviembre del 2027.<\/h3>\n<h3>M\u00e1s tarde, el primer mandatario provincial se reunir\u00e1 con la Secretar\u00eda de Ambiente, Producci\u00f3n y Desarrollo Sustentable de la Villa de Merlo con el objetivo de establecer una din\u00e1mica de trabajo conjunto entre provincia y municipio con respecto a la prevenci\u00f3n del dengue.<\/h3>\n<h3>Su visita oficial terminar\u00e1 en la Casa del Poeta, con la presencia en el acto de entrega de escrituras a las familias merlinas que participaron del primer tramo del programa provincial \u201cEscritur\u00e1 tu Casa\u201d.<\/h3>\n<h3>\u201cEs importante destacar que las peri\u00f3dicas visitas del gobernador a la Villa de Merlo son prueba del apoyo y el respaldo que la provincia le ha dado a la gesti\u00f3n municipal y que el trabajo mancomunado ha logrado desarrollar posibilidades de crecimiento comunitario, a\u00fan en tiempos de crisis\u201d, indic\u00f3 la comuna merlina.<\/h3>\n<p>&nbsp;<\/p>\n<p>&nbsp;<\/p>\n<p>&nbsp;<\/p>\n","protected":false},"excerpt":{"rendered":"<p>Este jueves 12 la Villa de Merlo volver\u00e1 a recibir la visita del gobernador Claudio&#8230;<\/p>\n","protected":false},"author":1,"featured_media":22097,"comment_status":"closed","ping_status":"closed","sticky":false,"template":"","format":"standard","meta":{"footnotes":""},"categories":[6],"tags":[],"class_list":["post-22096","post","type-post","status-publish","format-standard","has-post-thumbnail","hentry","category-ciudad-provincia"],"yoast_head":"<!-- This site is optimized with the Yoast SEO plugin v26.1.1 - https:\/\/yoast.com\/wordpress\/plugins\/seo\/ -->\n<title>EL GOBERNADOR RECORRER\u00c1 ESTE JUEVES MERLO JUNTO A \u00c1LVAREZ PINTO - Apuntes de San Luis<\/title>\n<meta name=\"robots\" content=\"index, follow, max-snippet:-1, max-image-preview:large, max-video-preview:-1\" \/>\n<link rel=\"canonical\" href=\"https:\/\/apuntesdesanluis.com\/index.php\/2024\/09\/11\/el-gobernador-recorrera-este-jueves-merlo-junto-a-alvarez-pinto\/\" \/>\n<meta property=\"og:locale\" content=\"es_ES\" \/>\n<meta property=\"og:type\" content=\"article\" \/>\n<meta property=\"og:title\" content=\"EL GOBERNADOR RECORRER\u00c1 ESTE JUEVES MERLO JUNTO A \u00c1LVAREZ PINTO - Apuntes de San Luis\" \/>\n<meta property=\"og:description\" content=\"Este jueves 12 la Villa de Merlo volver\u00e1 a recibir la visita del gobernador Claudio...\" \/>\n<meta property=\"og:url\" content=\"https:\/\/apuntesdesanluis.com\/index.php\/2024\/09\/11\/el-gobernador-recorrera-este-jueves-merlo-junto-a-alvarez-pinto\/\" \/>\n<meta property=\"og:site_name\" content=\"Apuntes de San Luis\" \/>\n<meta property=\"article:published_time\" content=\"2024-09-11T16:56:20+00:00\" \/>\n<meta property=\"og:image\" content=\"https:\/\/apuntesdesanluis.com\/wp-content\/uploads\/2024\/09\/poggi-y-alvarez-pinto.jpg\" \/>\n\t<meta property=\"og:image:width\" content=\"721\" \/>\n\t<meta property=\"og:image:height\" content=\"407\" \/>\n\t<meta property=\"og:image:type\" content=\"image\/jpeg\" \/>\n<meta name=\"author\" content=\"apuntesdesanluis.com\" \/>\n<meta name=\"twitter:card\" content=\"summary_large_image\" \/>\n<meta name=\"twitter:label1\" content=\"Escrito por\" \/>\n\t<meta name=\"twitter:data1\" content=\"apuntesdesanluis.com\" \/>\n\t<meta name=\"twitter:label2\" content=\"Tiempo de lectura\" \/>\n\t<meta name=\"twitter:data2\" content=\"2 minutos\" \/>\n<script type=\"application\/ld+json\" class=\"yoast-schema-graph\">{\"@context\":\"https:\/\/schema.org\",\"@graph\":[{\"@type\":\"Article\",\"@id\":\"https:\/\/apuntesdesanluis.com\/index.php\/2024\/09\/11\/el-gobernador-recorrera-este-jueves-merlo-junto-a-alvarez-pinto\/#article\",\"isPartOf\":{\"@id\":\"https:\/\/apuntesdesanluis.com\/index.php\/2024\/09\/11\/el-gobernador-recorrera-este-jueves-merlo-junto-a-alvarez-pinto\/\"},\"author\":{\"name\":\"apuntesdesanluis.com\",\"@id\":\"https:\/\/apuntesdesanluis.com\/#\/schema\/person\/b55151d52296fcce64d1a72538a70b90\"},\"headline\":\"EL GOBERNADOR RECORRER\u00c1 ESTE JUEVES MERLO JUNTO A \u00c1LVAREZ PINTO\",\"datePublished\":\"2024-09-11T16:56:20+00:00\",\"mainEntityOfPage\":{\"@id\":\"https:\/\/apuntesdesanluis.com\/index.php\/2024\/09\/11\/el-gobernador-recorrera-este-jueves-merlo-junto-a-alvarez-pinto\/\"},\"wordCount\":383,\"publisher\":{\"@id\":\"https:\/\/apuntesdesanluis.com\/#\/schema\/person\/b55151d52296fcce64d1a72538a70b90\"},\"image\":{\"@id\":\"https:\/\/apuntesdesanluis.com\/index.php\/2024\/09\/11\/el-gobernador-recorrera-este-jueves-merlo-junto-a-alvarez-pinto\/#primaryimage\"},\"thumbnailUrl\":\"https:\/\/apuntesdesanluis.com\/wp-content\/uploads\/2024\/09\/poggi-y-alvarez-pinto.jpg\",\"articleSection\":[\"Ciudad\/Provincia\"],\"inLanguage\":\"es-AR\"},{\"@type\":\"WebPage\",\"@id\":\"https:\/\/apuntesdesanluis.com\/index.php\/2024\/09\/11\/el-gobernador-recorrera-este-jueves-merlo-junto-a-alvarez-pinto\/\",\"url\":\"https:\/\/apuntesdesanluis.com\/index.php\/2024\/09\/11\/el-gobernador-recorrera-este-jueves-merlo-junto-a-alvarez-pinto\/\",\"name\":\"EL GOBERNADOR RECORRER\u00c1 ESTE JUEVES MERLO JUNTO A \u00c1LVAREZ PINTO - Apuntes de San Luis\",\"isPartOf\":{\"@id\":\"https:\/\/apuntesdesanluis.com\/#website\"},\"primaryImageOfPage\":{\"@id\":\"https:\/\/apuntesdesanluis.com\/index.php\/2024\/09\/11\/el-gobernador-recorrera-este-jueves-merlo-junto-a-alvarez-pinto\/#primaryimage\"},\"image\":{\"@id\":\"https:\/\/apuntesdesanluis.com\/index.php\/2024\/09\/11\/el-gobernador-recorrera-este-jueves-merlo-junto-a-alvarez-pinto\/#primaryimage\"},\"thumbnailUrl\":\"https:\/\/apuntesdesanluis.com\/wp-content\/uploads\/2024\/09\/poggi-y-alvarez-pinto.jpg\",\"datePublished\":\"2024-09-11T16:56:20+00:00\",\"breadcrumb\":{\"@id\":\"https:\/\/apuntesdesanluis.com\/index.php\/2024\/09\/11\/el-gobernador-recorrera-este-jueves-merlo-junto-a-alvarez-pinto\/#breadcrumb\"},\"inLanguage\":\"es-AR\",\"potentialAction\":[{\"@type\":\"ReadAction\",\"target\":[\"https:\/\/apuntesdesanluis.com\/index.php\/2024\/09\/11\/el-gobernador-recorrera-este-jueves-merlo-junto-a-alvarez-pinto\/\"]}]},{\"@type\":\"ImageObject\",\"inLanguage\":\"es-AR\",\"@id\":\"https:\/\/apuntesdesanluis.com\/index.php\/2024\/09\/11\/el-gobernador-recorrera-este-jueves-merlo-junto-a-alvarez-pinto\/#primaryimage\",\"url\":\"https:\/\/apuntesdesanluis.com\/wp-content\/uploads\/2024\/09\/poggi-y-alvarez-pinto.jpg\",\"contentUrl\":\"https:\/\/apuntesdesanluis.com\/wp-content\/uploads\/2024\/09\/poggi-y-alvarez-pinto.jpg\",\"width\":721,\"height\":407},{\"@type\":\"BreadcrumbList\",\"@id\":\"https:\/\/apuntesdesanluis.com\/index.php\/2024\/09\/11\/el-gobernador-recorrera-este-jueves-merlo-junto-a-alvarez-pinto\/#breadcrumb\",\"itemListElement\":[{\"@type\":\"ListItem\",\"position\":1,\"name\":\"Inicio\",\"item\":\"https:\/\/apuntesdesanluis.com\/\"},{\"@type\":\"ListItem\",\"position\":2,\"name\":\"EL GOBERNADOR RECORRER\u00c1 ESTE JUEVES MERLO JUNTO A \u00c1LVAREZ PINTO\"}]},{\"@type\":\"WebSite\",\"@id\":\"https:\/\/apuntesdesanluis.com\/#website\",\"url\":\"https:\/\/apuntesdesanluis.com\/\",\"name\":\"Apuntes de San Luis\",\"description\":\"\",\"publisher\":{\"@id\":\"https:\/\/apuntesdesanluis.com\/#\/schema\/person\/b55151d52296fcce64d1a72538a70b90\"},\"potentialAction\":[{\"@type\":\"SearchAction\",\"target\":{\"@type\":\"EntryPoint\",\"urlTemplate\":\"https:\/\/apuntesdesanluis.com\/?s={search_term_string}\"},\"query-input\":{\"@type\":\"PropertyValueSpecification\",\"valueRequired\":true,\"valueName\":\"search_term_string\"}}],\"inLanguage\":\"es-AR\"},{\"@type\":[\"Person\",\"Organization\"],\"@id\":\"https:\/\/apuntesdesanluis.com\/#\/schema\/person\/b55151d52296fcce64d1a72538a70b90\",\"name\":\"apuntesdesanluis.com\",\"image\":{\"@type\":\"ImageObject\",\"inLanguage\":\"es-AR\",\"@id\":\"https:\/\/apuntesdesanluis.com\/#\/schema\/person\/image\/\",\"url\":\"https:\/\/apuntesdesanluis.com\/wp-content\/uploads\/2023\/07\/cropped-apuntesdesanluis.png\",\"contentUrl\":\"https:\/\/apuntesdesanluis.com\/wp-content\/uploads\/2023\/07\/cropped-apuntesdesanluis.png\",\"width\":450,\"height\":112,\"caption\":\"apuntesdesanluis.com\"},\"logo\":{\"@id\":\"https:\/\/apuntesdesanluis.com\/#\/schema\/person\/image\/\"},\"sameAs\":[\"https:\/\/apuntesdesanluis.com\"],\"url\":\"https:\/\/apuntesdesanluis.com\/index.php\/author\/apuntesdesanluis-com\/\"}]}<\/script>\n<!-- \/ Yoast SEO plugin. -->","yoast_head_json":{"title":"EL GOBERNADOR RECORRER\u00c1 ESTE JUEVES MERLO JUNTO A \u00c1LVAREZ PINTO - Apuntes de San Luis","robots":{"index":"index","follow":"follow","max-snippet":"max-snippet:-1","max-image-preview":"max-image-preview:large","max-video-preview":"max-video-preview:-1"},"canonical":"https:\/\/apuntesdesanluis.com\/index.php\/2024\/09\/11\/el-gobernador-recorrera-este-jueves-merlo-junto-a-alvarez-pinto\/","og_locale":"es_ES","og_type":"article","og_title":"EL GOBERNADOR RECORRER\u00c1 ESTE JUEVES MERLO JUNTO A \u00c1LVAREZ PINTO - Apuntes de San Luis","og_description":"Este jueves 12 la Villa de Merlo volver\u00e1 a recibir la visita del gobernador Claudio...","og_url":"https:\/\/apuntesdesanluis.com\/index.php\/2024\/09\/11\/el-gobernador-recorrera-este-jueves-merlo-junto-a-alvarez-pinto\/","og_site_name":"Apuntes de San Luis","article_published_time":"2024-09-11T16:56:20+00:00","og_image":[{"width":721,"height":407,"url":"https:\/\/apuntesdesanluis.com\/wp-content\/uploads\/2024\/09\/poggi-y-alvarez-pinto.jpg","type":"image\/jpeg"}],"author":"apuntesdesanluis.com","twitter_card":"summary_large_image","twitter_misc":{"Escrito por":"apuntesdesanluis.com","Tiempo de lectura":"2 minutos"},"schema":{"@context":"https:\/\/schema.org","@graph":[{"@type":"Article","@id":"https:\/\/apuntesdesanluis.com\/index.php\/2024\/09\/11\/el-gobernador-recorrera-este-jueves-merlo-junto-a-alvarez-pinto\/#article","isPartOf":{"@id":"https:\/\/apuntesdesanluis.com\/index.php\/2024\/09\/11\/el-gobernador-recorrera-este-jueves-merlo-junto-a-alvarez-pinto\/"},"author":{"name":"apuntesdesanluis.com","@id":"https:\/\/apuntesdesanluis.com\/#\/schema\/person\/b55151d52296fcce64d1a72538a70b90"},"headline":"EL GOBERNADOR RECORRER\u00c1 ESTE JUEVES MERLO JUNTO A \u00c1LVAREZ PINTO","datePublished":"2024-09-11T16:56:20+00:00","mainEntityOfPage":{"@id":"https:\/\/apuntesdesanluis.com\/index.php\/2024\/09\/11\/el-gobernador-recorrera-este-jueves-merlo-junto-a-alvarez-pinto\/"},"wordCount":383,"publisher":{"@id":"https:\/\/apuntesdesanluis.com\/#\/schema\/person\/b55151d52296fcce64d1a72538a70b90"},"image":{"@id":"https:\/\/apuntesdesanluis.com\/index.php\/2024\/09\/11\/el-gobernador-recorrera-este-jueves-merlo-junto-a-alvarez-pinto\/#primaryimage"},"thumbnailUrl":"https:\/\/apuntesdesanluis.com\/wp-content\/uploads\/2024\/09\/poggi-y-alvarez-pinto.jpg","articleSection":["Ciudad\/Provincia"],"inLanguage":"es-AR"},{"@type":"WebPage","@id":"https:\/\/apuntesdesanluis.com\/index.php\/2024\/09\/11\/el-gobernador-recorrera-este-jueves-merlo-junto-a-alvarez-pinto\/","url":"https:\/\/apuntesdesanluis.com\/index.php\/2024\/09\/11\/el-gobernador-recorrera-este-jueves-merlo-junto-a-alvarez-pinto\/","name":"EL GOBERNADOR RECORRER\u00c1 ESTE JUEVES MERLO JUNTO A \u00c1LVAREZ PINTO - Apuntes de San Luis","isPartOf":{"@id":"https:\/\/apuntesdesanluis.com\/#website"},"primaryImageOfPage":{"@id":"https:\/\/apuntesdesanluis.com\/index.php\/2024\/09\/11\/el-gobernador-recorrera-este-jueves-merlo-junto-a-alvarez-pinto\/#primaryimage"},"image":{"@id":"https:\/\/apuntesdesanluis.com\/index.php\/2024\/09\/11\/el-gobernador-recorrera-este-jueves-merlo-junto-a-alvarez-pinto\/#primaryimage"},"thumbnailUrl":"https:\/\/apuntesdesanluis.com\/wp-content\/uploads\/2024\/09\/poggi-y-alvarez-pinto.jpg","datePublished":"2024-09-11T16:56:20+00:00","breadcrumb":{"@id":"https:\/\/apuntesdesanluis.com\/index.php\/2024\/09\/11\/el-gobernador-recorrera-este-jueves-merlo-junto-a-alvarez-pinto\/#breadcrumb"},"inLanguage":"es-AR","potentialAction":[{"@type":"ReadAction","target":["https:\/\/apuntesdesanluis.com\/index.php\/2024\/09\/11\/el-gobernador-recorrera-este-jueves-merlo-junto-a-alvarez-pinto\/"]}]},{"@type":"ImageObject","inLanguage":"es-AR","@id":"https:\/\/apuntesdesanluis.com\/index.php\/2024\/09\/11\/el-gobernador-recorrera-este-jueves-merlo-junto-a-alvarez-pinto\/#primaryimage","url":"https:\/\/apuntesdesanluis.com\/wp-content\/uploads\/2024\/09\/poggi-y-alvarez-pinto.jpg","contentUrl":"https:\/\/apuntesdesanluis.com\/wp-content\/uploads\/2024\/09\/poggi-y-alvarez-pinto.jpg","width":721,"height":407},{"@type":"BreadcrumbList","@id":"https:\/\/apuntesdesanluis.com\/index.php\/2024\/09\/11\/el-gobernador-recorrera-este-jueves-merlo-junto-a-alvarez-pinto\/#breadcrumb","itemListElement":[{"@type":"ListItem","position":1,"name":"Inicio","item":"https:\/\/apuntesdesanluis.com\/"},{"@type":"ListItem","position":2,"name":"EL GOBERNADOR RECORRER\u00c1 ESTE JUEVES MERLO JUNTO A \u00c1LVAREZ PINTO"}]},{"@type":"WebSite","@id":"https:\/\/apuntesdesanluis.com\/#website","url":"https:\/\/apuntesdesanluis.com\/","name":"Apuntes de San Luis","description":"","publisher":{"@id":"https:\/\/apuntesdesanluis.com\/#\/schema\/person\/b55151d52296fcce64d1a72538a70b90"},"potentialAction":[{"@type":"SearchAction","target":{"@type":"EntryPoint","urlTemplate":"https:\/\/apuntesdesanluis.com\/?s={search_term_string}"},"query-input":{"@type":"PropertyValueSpecification","valueRequired":true,"valueName":"search_term_string"}}],"inLanguage":"es-AR"},{"@type":["Person","Organization"],"@id":"https:\/\/apuntesdesanluis.com\/#\/schema\/person\/b55151d52296fcce64d1a72538a70b90","name":"apuntesdesanluis.com","image":{"@type":"ImageObject","inLanguage":"es-AR","@id":"https:\/\/apuntesdesanluis.com\/#\/schema\/person\/image\/","url":"https:\/\/apuntesdesanluis.com\/wp-content\/uploads\/2023\/07\/cropped-apuntesdesanluis.png","contentUrl":"https:\/\/apuntesdesanluis.com\/wp-content\/uploads\/2023\/07\/cropped-apuntesdesanluis.png","width":450,"height":112,"caption":"apuntesdesanluis.com"},"logo":{"@id":"https:\/\/apuntesdesanluis.com\/#\/schema\/person\/image\/"},"sameAs":["https:\/\/apuntesdesanluis.com"],"url":"https:\/\/apuntesdesanluis.com\/index.php\/author\/apuntesdesanluis-com\/"}]}},"featured_image_urls":{"full":["https:\/\/apuntesdesanluis.com\/wp-content\/uploads\/2024\/09\/poggi-y-alvarez-pinto.jpg",721,407,false],"thumbnail":["https:\/\/apuntesdesanluis.com\/wp-content\/uploads\/2024\/09\/poggi-y-alvarez-pinto-150x150.jpg",150,150,true],"medium":["https:\/\/apuntesdesanluis.com\/wp-content\/uploads\/2024\/09\/poggi-y-alvarez-pinto-300x169.jpg",300,169,true],"medium_large":["https:\/\/apuntesdesanluis.com\/wp-content\/uploads\/2024\/09\/poggi-y-alvarez-pinto.jpg",640,361,false],"large":["https:\/\/apuntesdesanluis.com\/wp-content\/uploads\/2024\/09\/poggi-y-alvarez-pinto.jpg",640,361,false],"1536x1536":["https:\/\/apuntesdesanluis.com\/wp-content\/uploads\/2024\/09\/poggi-y-alvarez-pinto.jpg",721,407,false],"2048x2048":["https:\/\/apuntesdesanluis.com\/wp-content\/uploads\/2024\/09\/poggi-y-alvarez-pinto.jpg",721,407,false],"newsever-slider-full":["https:\/\/apuntesdesanluis.com\/wp-content\/uploads\/2024\/09\/poggi-y-alvarez-pinto.jpg",721,407,false],"newsever-featured":["https:\/\/apuntesdesanluis.com\/wp-content\/uploads\/2024\/09\/poggi-y-alvarez-pinto.jpg",721,407,false],"newsever-medium":["https:\/\/apuntesdesanluis.com\/wp-content\/uploads\/2024\/09\/poggi-y-alvarez-pinto.jpg",720,406,false]},"author_info":{"display_name":"apuntesdesanluis.com","author_link":"https:\/\/apuntesdesanluis.com\/index.php\/author\/apuntesdesanluis-com\/"},"category_info":"<a href=\"https:\/\/apuntesdesanluis.com\/index.php\/category\/ciudad-provincia\/\" rel=\"category tag\">Ciudad\/Provincia<\/a>","tag_info":"Ciudad\/Provincia","comment_count":"0","_links":{"self":[{"href":"https:\/\/apuntesdesanluis.com\/index.php\/wp-json\/wp\/v2\/posts\/22096","targetHints":{"allow":["GET"]}}],"collection":[{"href":"https:\/\/apuntesdesanluis.com\/index.php\/wp-json\/wp\/v2\/posts"}],"about":[{"href":"https:\/\/apuntesdesanluis.com\/index.php\/wp-json\/wp\/v2\/types\/post"}],"author":[{"embeddable":true,"href":"https:\/\/apuntesdesanluis.com\/index.php\/wp-json\/wp\/v2\/users\/1"}],"replies":[{"embeddable":true,"href":"https:\/\/apuntesdesanluis.com\/index.php\/wp-json\/wp\/v2\/comments?post=22096"}],"version-history":[{"count":1,"href":"https:\/\/apuntesdesanluis.com\/index.php\/wp-json\/wp\/v2\/posts\/22096\/revisions"}],"predecessor-version":[{"id":22098,"href":"https:\/\/apuntesdesanluis.com\/index.php\/wp-json\/wp\/v2\/posts\/22096\/revisions\/22098"}],"wp:featuredmedia":[{"embeddable":true,"href":"https:\/\/apuntesdesanluis.com\/index.php\/wp-json\/wp\/v2\/media\/22097"}],"wp:attachment":[{"href":"https:\/\/apuntesdesanluis.com\/index.php\/wp-json\/wp\/v2\/media?parent=22096"}],"wp:term":[{"taxonomy":"category","embeddable":true,"href":"https:\/\/apuntesdesanluis.com\/index.php\/wp-json\/wp\/v2\/categories?post=22096"},{"taxonomy":"post_tag","embeddable":true,"href":"https:\/\/apuntesdesanluis.com\/index.php\/wp-json\/wp\/v2\/tags?post=22096"}],"curies":[{"name":"wp","href":"https:\/\/api.w.org\/{rel}","templated":true}]}}