{"id":22137,"date":"2024-09-11T19:36:14","date_gmt":"2024-09-11T22:36:14","guid":{"rendered":"https:\/\/apuntesdesanluis.com\/?p=22137"},"modified":"2024-09-11T19:36:14","modified_gmt":"2024-09-11T22:36:14","slug":"fantino-furioso-con-los-cinco-millones-de-la-jubilacion-de-privilegio-de-scioli-me-tienen-las-pelotas-como-dos-fititos","status":"publish","type":"post","link":"https:\/\/apuntesdesanluis.com\/index.php\/2024\/09\/11\/fantino-furioso-con-los-cinco-millones-de-la-jubilacion-de-privilegio-de-scioli-me-tienen-las-pelotas-como-dos-fititos\/","title":{"rendered":"FANTINO FURIOSO CON LOS CINCO MILLONES DE LA JUBILACI\u00d3N DE PRIVILEGIO DE SCIOLI: &#8220;ME TIENEN LAS PELOTAS COMO DOS FITITOS&#8221;"},"content":{"rendered":"<h3><strong>Alejandro Fantino<\/strong> destroz\u00f3 a <strong>Daniel Scioli<\/strong> por la noticia de que cobra m\u00e1s de 5 millones de pesos por mes de jubilaci\u00f3n de privilegio, lo que consider\u00f3 &#8220;una verg\u00fcenza&#8221;.<\/h3>\n<h3>El periodista de Radio Neura dijo sentir &#8220;profunda desilusi\u00f3n&#8221; por enterarse de que Scioli volvi\u00f3 a cobrar la jubilaci\u00f3n de privilegio por su gesti\u00f3n como vicepresidente, la que hab\u00eda dejado de percibir cuando era embajador en Brasil.<\/h3>\n<h3>La revista <strong>Noticias<\/strong> revel\u00f3 que el secretario de Turismo, Ambiente y Deportes cobra $ 8.488.568,74 por mes, pero Scioli dice que por los descuentos son $ 5.169.492 en mano. Adem\u00e1s, recibi\u00f3 un retroactivo de algo m\u00e1s de 12,5 millones de pesos.<\/h3>\n<h3>&#8220;Esto es lo que yo digo, lo que planteo: la doble moral con la cual a m\u00ed me tienen las pelotas ya no infladas sino directamente con el tama\u00f1o de dos Fiat 600&#8221;, se enoj\u00f3 Fantino. &#8220;\u00bfQu\u00e9 quieren que les diga? El t\u00e9rmino ya ni siquiera es asco, ya empieza a ser cansancio&#8221;, agreg\u00f3.<\/h3>\n<h3>&#8220;Me llama poderosamente la atenci\u00f3n de Scioli. O no, que se yo. Esto es una desilusi\u00f3n, no tiene que hablar m\u00e1s Daniel, fuera de carrera Daniel. Si esto es as\u00ed, si vos est\u00e1s cobrando cinco palos de jubilaci\u00f3n de privilegio, se rompi\u00f3 la lanchita Daniel&#8221;, ironiz\u00f3 el conductor respecto al pasado motonauta del funcionario. &#8220;De la doble moral no se vuelve&#8221;, a\u00f1adi\u00f3.<\/h3>\n<p><iframe title=\"Fantino contra Scioli por la jubilaci\u00f3n de privilegio: &quot;me tienen las pelotas como dos Fititos&quot;\" width=\"640\" height=\"360\" src=\"https:\/\/www.youtube.com\/embed\/MH7cuyx9M5Y?feature=oembed\" frameborder=\"0\" allow=\"accelerometer; autoplay; clipboard-write; encrypted-media; gyroscope; picture-in-picture; web-share\" referrerpolicy=\"strict-origin-when-cross-origin\" allowfullscreen><\/iframe><\/p>\n<h3>&#8220;Ya los libertarios lo ten\u00edan medio ah\u00ed en observaci\u00f3n por haber sido todo lo que fue desde el menemismo a hoy. Y ahora resulta que Milei sale a decir que deja la jubilaci\u00f3n de privilegio y este tipo cobra cinco palos, seis palos&#8221;, cuestion\u00f3 el periodista. &#8220;Adem\u00e1s, la verdad Daniel, ten\u00e9s para vivir vos, tus hijos, los hijos de tus hijos, cincuenta generaciones de Scioli. \u00a1Qu\u00e9 pa\u00eds de gente de mierda, boludo! C\u00f3mo viven todos del Estado&#8221;, lament\u00f3.<\/h3>\n<h3>&#8220;Gente as\u00ed es gente par\u00e1sita del Estado. Yo estoy harto, estoy quemado, estoy hinchado las pelotas, estoy podrido, estoy cansado, no aguanto m\u00e1s&#8221;, continu\u00f3 Fantino, que compar\u00f3 la situaci\u00f3n de Scioli con la jubilaci\u00f3n de privilegio que percibe Cristina Kirchner.<\/h3>\n<h3>&#8220;Daniel, honestamente si vos no devolv\u00e9s tu jubilaci\u00f3n de privilegio y m\u00e1s con el estado econ\u00f3mico que todos sabemos que ten\u00e9s&#8230; Si no ten\u00e9s que pedirle prestado a tu amigo Lautaro Mauro que viaja por todo el mundo con un estado econ\u00f3mico brillante, a Lautarito Mauro amigo de Juan Cruz \u00c1vila. Te va a prestar. Pero devolv\u00e9 la jubilaci\u00f3n de privilegio, no seas rata, Daniel. Lamento dec\u00edrtelo as\u00ed, loco, pero es una es una verg\u00fcenza&#8221;, complet\u00f3 Fantino.<\/h3>\n<h3>La semana pasada Alejandro Fantino fustig\u00f3 a Bartolom\u00e9 Abdala luego de que confesara que tiene 15 asesores y los usa para hacer campa\u00f1a en San Luis.<\/h3>\n<h3>&#8220;Me da verg\u00fcenza, por tipos como este me dan ganas de dejar de bancarle al Gobierno en un mont\u00f3n de cosas, y como yo varios&#8221;, dijo el periodista en Neura.<\/h3>\n<h3>&#8220;No soporto m\u00e1s a un tipo as\u00ed. Porque muchas veces ten\u00e9s que comerte un mont\u00f3n de pijas en la calle por bancarle cosas al Gobierno, para que venga un impresentable como este a decirnos lo que nos dice en la cara. Me lo dice a m\u00ed, a un jubilado, a un maestro. L\u00edmpienlo a este impresentable&#8221;, exigi\u00f3 Fantino.<\/h3>\n<h3>&#8220;Vamos a intentar que La Libertad Avanza eche a Abdala y ustedes tienen que intentar que le peguen una patada en el culo, rebote contra J\u00fapiter, haga dos sapitos contra Saturno y vuelva a la Tierra. Asco es poco&#8221;, dijo el periodista.<\/h3>\n<p>&nbsp;<\/p>\n<p>&nbsp;<\/p>\n<p>&nbsp;<\/p>\n<p>&nbsp;<\/p>\n<p>&nbsp;<\/p>\n<p>&nbsp;<\/p>\n","protected":false},"excerpt":{"rendered":"<p>Alejandro Fantino destroz\u00f3 a Daniel Scioli por la noticia de que cobra m\u00e1s de 5&#8230;<\/p>\n","protected":false},"author":1,"featured_media":22138,"comment_status":"closed","ping_status":"closed","sticky":false,"template":"","format":"standard","meta":{"footnotes":""},"categories":[5],"tags":[],"class_list":["post-22137","post","type-post","status-publish","format-standard","has-post-thumbnail","hentry","category-nacionales-internacionales"],"yoast_head":"<!-- This site is optimized with the Yoast SEO plugin v26.1.1 - https:\/\/yoast.com\/wordpress\/plugins\/seo\/ -->\n<title>FANTINO FURIOSO CON LOS CINCO MILLONES DE LA JUBILACI\u00d3N DE PRIVILEGIO DE SCIOLI: &quot;ME TIENEN LAS PELOTAS COMO DOS FITITOS&quot; - Apuntes de San Luis<\/title>\n<meta name=\"robots\" content=\"index, follow, max-snippet:-1, max-image-preview:large, max-video-preview:-1\" \/>\n<link rel=\"canonical\" href=\"https:\/\/apuntesdesanluis.com\/index.php\/2024\/09\/11\/fantino-furioso-con-los-cinco-millones-de-la-jubilacion-de-privilegio-de-scioli-me-tienen-las-pelotas-como-dos-fititos\/\" \/>\n<meta property=\"og:locale\" content=\"es_ES\" \/>\n<meta property=\"og:type\" content=\"article\" \/>\n<meta property=\"og:title\" content=\"FANTINO FURIOSO CON LOS CINCO MILLONES DE LA JUBILACI\u00d3N DE PRIVILEGIO DE SCIOLI: &quot;ME TIENEN LAS PELOTAS COMO DOS FITITOS&quot; - Apuntes de San Luis\" \/>\n<meta property=\"og:description\" content=\"Alejandro Fantino destroz\u00f3 a Daniel Scioli por la noticia de que cobra m\u00e1s de 5...\" \/>\n<meta property=\"og:url\" content=\"https:\/\/apuntesdesanluis.com\/index.php\/2024\/09\/11\/fantino-furioso-con-los-cinco-millones-de-la-jubilacion-de-privilegio-de-scioli-me-tienen-las-pelotas-como-dos-fititos\/\" \/>\n<meta property=\"og:site_name\" content=\"Apuntes de San Luis\" \/>\n<meta property=\"article:published_time\" content=\"2024-09-11T22:36:14+00:00\" \/>\n<meta property=\"og:image\" content=\"https:\/\/apuntesdesanluis.com\/wp-content\/uploads\/2024\/09\/daniel-scioli-y-milei.png\" \/>\n\t<meta property=\"og:image:width\" content=\"564\" \/>\n\t<meta property=\"og:image:height\" content=\"403\" \/>\n\t<meta property=\"og:image:type\" content=\"image\/png\" \/>\n<meta name=\"author\" content=\"apuntesdesanluis.com\" \/>\n<meta name=\"twitter:card\" content=\"summary_large_image\" \/>\n<meta name=\"twitter:label1\" content=\"Escrito por\" \/>\n\t<meta name=\"twitter:data1\" content=\"apuntesdesanluis.com\" \/>\n\t<meta name=\"twitter:label2\" content=\"Tiempo de lectura\" \/>\n\t<meta name=\"twitter:data2\" content=\"3 minutos\" \/>\n<script type=\"application\/ld+json\" class=\"yoast-schema-graph\">{\"@context\":\"https:\/\/schema.org\",\"@graph\":[{\"@type\":\"Article\",\"@id\":\"https:\/\/apuntesdesanluis.com\/index.php\/2024\/09\/11\/fantino-furioso-con-los-cinco-millones-de-la-jubilacion-de-privilegio-de-scioli-me-tienen-las-pelotas-como-dos-fititos\/#article\",\"isPartOf\":{\"@id\":\"https:\/\/apuntesdesanluis.com\/index.php\/2024\/09\/11\/fantino-furioso-con-los-cinco-millones-de-la-jubilacion-de-privilegio-de-scioli-me-tienen-las-pelotas-como-dos-fititos\/\"},\"author\":{\"name\":\"apuntesdesanluis.com\",\"@id\":\"https:\/\/apuntesdesanluis.com\/#\/schema\/person\/b55151d52296fcce64d1a72538a70b90\"},\"headline\":\"FANTINO FURIOSO CON LOS CINCO MILLONES DE LA JUBILACI\u00d3N DE PRIVILEGIO DE SCIOLI: &#8220;ME TIENEN LAS PELOTAS COMO DOS FITITOS&#8221;\",\"datePublished\":\"2024-09-11T22:36:14+00:00\",\"mainEntityOfPage\":{\"@id\":\"https:\/\/apuntesdesanluis.com\/index.php\/2024\/09\/11\/fantino-furioso-con-los-cinco-millones-de-la-jubilacion-de-privilegio-de-scioli-me-tienen-las-pelotas-como-dos-fititos\/\"},\"wordCount\":648,\"publisher\":{\"@id\":\"https:\/\/apuntesdesanluis.com\/#\/schema\/person\/b55151d52296fcce64d1a72538a70b90\"},\"image\":{\"@id\":\"https:\/\/apuntesdesanluis.com\/index.php\/2024\/09\/11\/fantino-furioso-con-los-cinco-millones-de-la-jubilacion-de-privilegio-de-scioli-me-tienen-las-pelotas-como-dos-fititos\/#primaryimage\"},\"thumbnailUrl\":\"https:\/\/apuntesdesanluis.com\/wp-content\/uploads\/2024\/09\/daniel-scioli-y-milei.png\",\"articleSection\":[\"Nacionales\/Internacionales\"],\"inLanguage\":\"es-AR\"},{\"@type\":\"WebPage\",\"@id\":\"https:\/\/apuntesdesanluis.com\/index.php\/2024\/09\/11\/fantino-furioso-con-los-cinco-millones-de-la-jubilacion-de-privilegio-de-scioli-me-tienen-las-pelotas-como-dos-fititos\/\",\"url\":\"https:\/\/apuntesdesanluis.com\/index.php\/2024\/09\/11\/fantino-furioso-con-los-cinco-millones-de-la-jubilacion-de-privilegio-de-scioli-me-tienen-las-pelotas-como-dos-fititos\/\",\"name\":\"FANTINO FURIOSO CON LOS CINCO MILLONES DE LA JUBILACI\u00d3N DE PRIVILEGIO DE SCIOLI: \\\"ME TIENEN LAS PELOTAS COMO DOS FITITOS\\\" - Apuntes de San Luis\",\"isPartOf\":{\"@id\":\"https:\/\/apuntesdesanluis.com\/#website\"},\"primaryImageOfPage\":{\"@id\":\"https:\/\/apuntesdesanluis.com\/index.php\/2024\/09\/11\/fantino-furioso-con-los-cinco-millones-de-la-jubilacion-de-privilegio-de-scioli-me-tienen-las-pelotas-como-dos-fititos\/#primaryimage\"},\"image\":{\"@id\":\"https:\/\/apuntesdesanluis.com\/index.php\/2024\/09\/11\/fantino-furioso-con-los-cinco-millones-de-la-jubilacion-de-privilegio-de-scioli-me-tienen-las-pelotas-como-dos-fititos\/#primaryimage\"},\"thumbnailUrl\":\"https:\/\/apuntesdesanluis.com\/wp-content\/uploads\/2024\/09\/daniel-scioli-y-milei.png\",\"datePublished\":\"2024-09-11T22:36:14+00:00\",\"breadcrumb\":{\"@id\":\"https:\/\/apuntesdesanluis.com\/index.php\/2024\/09\/11\/fantino-furioso-con-los-cinco-millones-de-la-jubilacion-de-privilegio-de-scioli-me-tienen-las-pelotas-como-dos-fititos\/#breadcrumb\"},\"inLanguage\":\"es-AR\",\"potentialAction\":[{\"@type\":\"ReadAction\",\"target\":[\"https:\/\/apuntesdesanluis.com\/index.php\/2024\/09\/11\/fantino-furioso-con-los-cinco-millones-de-la-jubilacion-de-privilegio-de-scioli-me-tienen-las-pelotas-como-dos-fititos\/\"]}]},{\"@type\":\"ImageObject\",\"inLanguage\":\"es-AR\",\"@id\":\"https:\/\/apuntesdesanluis.com\/index.php\/2024\/09\/11\/fantino-furioso-con-los-cinco-millones-de-la-jubilacion-de-privilegio-de-scioli-me-tienen-las-pelotas-como-dos-fititos\/#primaryimage\",\"url\":\"https:\/\/apuntesdesanluis.com\/wp-content\/uploads\/2024\/09\/daniel-scioli-y-milei.png\",\"contentUrl\":\"https:\/\/apuntesdesanluis.com\/wp-content\/uploads\/2024\/09\/daniel-scioli-y-milei.png\",\"width\":564,\"height\":403},{\"@type\":\"BreadcrumbList\",\"@id\":\"https:\/\/apuntesdesanluis.com\/index.php\/2024\/09\/11\/fantino-furioso-con-los-cinco-millones-de-la-jubilacion-de-privilegio-de-scioli-me-tienen-las-pelotas-como-dos-fititos\/#breadcrumb\",\"itemListElement\":[{\"@type\":\"ListItem\",\"position\":1,\"name\":\"Inicio\",\"item\":\"https:\/\/apuntesdesanluis.com\/\"},{\"@type\":\"ListItem\",\"position\":2,\"name\":\"FANTINO FURIOSO CON LOS CINCO MILLONES DE LA JUBILACI\u00d3N DE PRIVILEGIO DE SCIOLI: &#8220;ME TIENEN LAS PELOTAS COMO DOS FITITOS&#8221;\"}]},{\"@type\":\"WebSite\",\"@id\":\"https:\/\/apuntesdesanluis.com\/#website\",\"url\":\"https:\/\/apuntesdesanluis.com\/\",\"name\":\"Apuntes de San Luis\",\"description\":\"\",\"publisher\":{\"@id\":\"https:\/\/apuntesdesanluis.com\/#\/schema\/person\/b55151d52296fcce64d1a72538a70b90\"},\"potentialAction\":[{\"@type\":\"SearchAction\",\"target\":{\"@type\":\"EntryPoint\",\"urlTemplate\":\"https:\/\/apuntesdesanluis.com\/?s={search_term_string}\"},\"query-input\":{\"@type\":\"PropertyValueSpecification\",\"valueRequired\":true,\"valueName\":\"search_term_string\"}}],\"inLanguage\":\"es-AR\"},{\"@type\":[\"Person\",\"Organization\"],\"@id\":\"https:\/\/apuntesdesanluis.com\/#\/schema\/person\/b55151d52296fcce64d1a72538a70b90\",\"name\":\"apuntesdesanluis.com\",\"image\":{\"@type\":\"ImageObject\",\"inLanguage\":\"es-AR\",\"@id\":\"https:\/\/apuntesdesanluis.com\/#\/schema\/person\/image\/\",\"url\":\"https:\/\/apuntesdesanluis.com\/wp-content\/uploads\/2023\/07\/cropped-apuntesdesanluis.png\",\"contentUrl\":\"https:\/\/apuntesdesanluis.com\/wp-content\/uploads\/2023\/07\/cropped-apuntesdesanluis.png\",\"width\":450,\"height\":112,\"caption\":\"apuntesdesanluis.com\"},\"logo\":{\"@id\":\"https:\/\/apuntesdesanluis.com\/#\/schema\/person\/image\/\"},\"sameAs\":[\"https:\/\/apuntesdesanluis.com\"],\"url\":\"https:\/\/apuntesdesanluis.com\/index.php\/author\/apuntesdesanluis-com\/\"}]}<\/script>\n<!-- \/ Yoast SEO plugin. -->","yoast_head_json":{"title":"FANTINO FURIOSO CON LOS CINCO MILLONES DE LA JUBILACI\u00d3N DE PRIVILEGIO DE SCIOLI: \"ME TIENEN LAS PELOTAS COMO DOS FITITOS\" - Apuntes de San Luis","robots":{"index":"index","follow":"follow","max-snippet":"max-snippet:-1","max-image-preview":"max-image-preview:large","max-video-preview":"max-video-preview:-1"},"canonical":"https:\/\/apuntesdesanluis.com\/index.php\/2024\/09\/11\/fantino-furioso-con-los-cinco-millones-de-la-jubilacion-de-privilegio-de-scioli-me-tienen-las-pelotas-como-dos-fititos\/","og_locale":"es_ES","og_type":"article","og_title":"FANTINO FURIOSO CON LOS CINCO MILLONES DE LA JUBILACI\u00d3N DE PRIVILEGIO DE SCIOLI: \"ME TIENEN LAS PELOTAS COMO DOS FITITOS\" - Apuntes de San Luis","og_description":"Alejandro Fantino destroz\u00f3 a Daniel Scioli por la noticia de que cobra m\u00e1s de 5...","og_url":"https:\/\/apuntesdesanluis.com\/index.php\/2024\/09\/11\/fantino-furioso-con-los-cinco-millones-de-la-jubilacion-de-privilegio-de-scioli-me-tienen-las-pelotas-como-dos-fititos\/","og_site_name":"Apuntes de San Luis","article_published_time":"2024-09-11T22:36:14+00:00","og_image":[{"width":564,"height":403,"url":"https:\/\/apuntesdesanluis.com\/wp-content\/uploads\/2024\/09\/daniel-scioli-y-milei.png","type":"image\/png"}],"author":"apuntesdesanluis.com","twitter_card":"summary_large_image","twitter_misc":{"Escrito por":"apuntesdesanluis.com","Tiempo de lectura":"3 minutos"},"schema":{"@context":"https:\/\/schema.org","@graph":[{"@type":"Article","@id":"https:\/\/apuntesdesanluis.com\/index.php\/2024\/09\/11\/fantino-furioso-con-los-cinco-millones-de-la-jubilacion-de-privilegio-de-scioli-me-tienen-las-pelotas-como-dos-fititos\/#article","isPartOf":{"@id":"https:\/\/apuntesdesanluis.com\/index.php\/2024\/09\/11\/fantino-furioso-con-los-cinco-millones-de-la-jubilacion-de-privilegio-de-scioli-me-tienen-las-pelotas-como-dos-fititos\/"},"author":{"name":"apuntesdesanluis.com","@id":"https:\/\/apuntesdesanluis.com\/#\/schema\/person\/b55151d52296fcce64d1a72538a70b90"},"headline":"FANTINO FURIOSO CON LOS CINCO MILLONES DE LA JUBILACI\u00d3N DE PRIVILEGIO DE SCIOLI: &#8220;ME TIENEN LAS PELOTAS COMO DOS FITITOS&#8221;","datePublished":"2024-09-11T22:36:14+00:00","mainEntityOfPage":{"@id":"https:\/\/apuntesdesanluis.com\/index.php\/2024\/09\/11\/fantino-furioso-con-los-cinco-millones-de-la-jubilacion-de-privilegio-de-scioli-me-tienen-las-pelotas-como-dos-fititos\/"},"wordCount":648,"publisher":{"@id":"https:\/\/apuntesdesanluis.com\/#\/schema\/person\/b55151d52296fcce64d1a72538a70b90"},"image":{"@id":"https:\/\/apuntesdesanluis.com\/index.php\/2024\/09\/11\/fantino-furioso-con-los-cinco-millones-de-la-jubilacion-de-privilegio-de-scioli-me-tienen-las-pelotas-como-dos-fititos\/#primaryimage"},"thumbnailUrl":"https:\/\/apuntesdesanluis.com\/wp-content\/uploads\/2024\/09\/daniel-scioli-y-milei.png","articleSection":["Nacionales\/Internacionales"],"inLanguage":"es-AR"},{"@type":"WebPage","@id":"https:\/\/apuntesdesanluis.com\/index.php\/2024\/09\/11\/fantino-furioso-con-los-cinco-millones-de-la-jubilacion-de-privilegio-de-scioli-me-tienen-las-pelotas-como-dos-fititos\/","url":"https:\/\/apuntesdesanluis.com\/index.php\/2024\/09\/11\/fantino-furioso-con-los-cinco-millones-de-la-jubilacion-de-privilegio-de-scioli-me-tienen-las-pelotas-como-dos-fititos\/","name":"FANTINO FURIOSO CON LOS CINCO MILLONES DE LA JUBILACI\u00d3N DE PRIVILEGIO DE SCIOLI: \"ME TIENEN LAS PELOTAS COMO DOS FITITOS\" - Apuntes de San Luis","isPartOf":{"@id":"https:\/\/apuntesdesanluis.com\/#website"},"primaryImageOfPage":{"@id":"https:\/\/apuntesdesanluis.com\/index.php\/2024\/09\/11\/fantino-furioso-con-los-cinco-millones-de-la-jubilacion-de-privilegio-de-scioli-me-tienen-las-pelotas-como-dos-fititos\/#primaryimage"},"image":{"@id":"https:\/\/apuntesdesanluis.com\/index.php\/2024\/09\/11\/fantino-furioso-con-los-cinco-millones-de-la-jubilacion-de-privilegio-de-scioli-me-tienen-las-pelotas-como-dos-fititos\/#primaryimage"},"thumbnailUrl":"https:\/\/apuntesdesanluis.com\/wp-content\/uploads\/2024\/09\/daniel-scioli-y-milei.png","datePublished":"2024-09-11T22:36:14+00:00","breadcrumb":{"@id":"https:\/\/apuntesdesanluis.com\/index.php\/2024\/09\/11\/fantino-furioso-con-los-cinco-millones-de-la-jubilacion-de-privilegio-de-scioli-me-tienen-las-pelotas-como-dos-fititos\/#breadcrumb"},"inLanguage":"es-AR","potentialAction":[{"@type":"ReadAction","target":["https:\/\/apuntesdesanluis.com\/index.php\/2024\/09\/11\/fantino-furioso-con-los-cinco-millones-de-la-jubilacion-de-privilegio-de-scioli-me-tienen-las-pelotas-como-dos-fititos\/"]}]},{"@type":"ImageObject","inLanguage":"es-AR","@id":"https:\/\/apuntesdesanluis.com\/index.php\/2024\/09\/11\/fantino-furioso-con-los-cinco-millones-de-la-jubilacion-de-privilegio-de-scioli-me-tienen-las-pelotas-como-dos-fititos\/#primaryimage","url":"https:\/\/apuntesdesanluis.com\/wp-content\/uploads\/2024\/09\/daniel-scioli-y-milei.png","contentUrl":"https:\/\/apuntesdesanluis.com\/wp-content\/uploads\/2024\/09\/daniel-scioli-y-milei.png","width":564,"height":403},{"@type":"BreadcrumbList","@id":"https:\/\/apuntesdesanluis.com\/index.php\/2024\/09\/11\/fantino-furioso-con-los-cinco-millones-de-la-jubilacion-de-privilegio-de-scioli-me-tienen-las-pelotas-como-dos-fititos\/#breadcrumb","itemListElement":[{"@type":"ListItem","position":1,"name":"Inicio","item":"https:\/\/apuntesdesanluis.com\/"},{"@type":"ListItem","position":2,"name":"FANTINO FURIOSO CON LOS CINCO MILLONES DE LA JUBILACI\u00d3N DE PRIVILEGIO DE SCIOLI: &#8220;ME TIENEN LAS PELOTAS COMO DOS FITITOS&#8221;"}]},{"@type":"WebSite","@id":"https:\/\/apuntesdesanluis.com\/#website","url":"https:\/\/apuntesdesanluis.com\/","name":"Apuntes de San Luis","description":"","publisher":{"@id":"https:\/\/apuntesdesanluis.com\/#\/schema\/person\/b55151d52296fcce64d1a72538a70b90"},"potentialAction":[{"@type":"SearchAction","target":{"@type":"EntryPoint","urlTemplate":"https:\/\/apuntesdesanluis.com\/?s={search_term_string}"},"query-input":{"@type":"PropertyValueSpecification","valueRequired":true,"valueName":"search_term_string"}}],"inLanguage":"es-AR"},{"@type":["Person","Organization"],"@id":"https:\/\/apuntesdesanluis.com\/#\/schema\/person\/b55151d52296fcce64d1a72538a70b90","name":"apuntesdesanluis.com","image":{"@type":"ImageObject","inLanguage":"es-AR","@id":"https:\/\/apuntesdesanluis.com\/#\/schema\/person\/image\/","url":"https:\/\/apuntesdesanluis.com\/wp-content\/uploads\/2023\/07\/cropped-apuntesdesanluis.png","contentUrl":"https:\/\/apuntesdesanluis.com\/wp-content\/uploads\/2023\/07\/cropped-apuntesdesanluis.png","width":450,"height":112,"caption":"apuntesdesanluis.com"},"logo":{"@id":"https:\/\/apuntesdesanluis.com\/#\/schema\/person\/image\/"},"sameAs":["https:\/\/apuntesdesanluis.com"],"url":"https:\/\/apuntesdesanluis.com\/index.php\/author\/apuntesdesanluis-com\/"}]}},"featured_image_urls":{"full":["https:\/\/apuntesdesanluis.com\/wp-content\/uploads\/2024\/09\/daniel-scioli-y-milei.png",564,403,false],"thumbnail":["https:\/\/apuntesdesanluis.com\/wp-content\/uploads\/2024\/09\/daniel-scioli-y-milei-150x150.png",150,150,true],"medium":["https:\/\/apuntesdesanluis.com\/wp-content\/uploads\/2024\/09\/daniel-scioli-y-milei-300x214.png",300,214,true],"medium_large":["https:\/\/apuntesdesanluis.com\/wp-content\/uploads\/2024\/09\/daniel-scioli-y-milei.png",564,403,false],"large":["https:\/\/apuntesdesanluis.com\/wp-content\/uploads\/2024\/09\/daniel-scioli-y-milei.png",564,403,false],"1536x1536":["https:\/\/apuntesdesanluis.com\/wp-content\/uploads\/2024\/09\/daniel-scioli-y-milei.png",564,403,false],"2048x2048":["https:\/\/apuntesdesanluis.com\/wp-content\/uploads\/2024\/09\/daniel-scioli-y-milei.png",564,403,false],"newsever-slider-full":["https:\/\/apuntesdesanluis.com\/wp-content\/uploads\/2024\/09\/daniel-scioli-y-milei.png",564,403,false],"newsever-featured":["https:\/\/apuntesdesanluis.com\/wp-content\/uploads\/2024\/09\/daniel-scioli-y-milei.png",564,403,false],"newsever-medium":["https:\/\/apuntesdesanluis.com\/wp-content\/uploads\/2024\/09\/daniel-scioli-y-milei.png",564,403,false]},"author_info":{"display_name":"apuntesdesanluis.com","author_link":"https:\/\/apuntesdesanluis.com\/index.php\/author\/apuntesdesanluis-com\/"},"category_info":"<a href=\"https:\/\/apuntesdesanluis.com\/index.php\/category\/nacionales-internacionales\/\" rel=\"category tag\">Nacionales\/Internacionales<\/a>","tag_info":"Nacionales\/Internacionales","comment_count":"0","_links":{"self":[{"href":"https:\/\/apuntesdesanluis.com\/index.php\/wp-json\/wp\/v2\/posts\/22137","targetHints":{"allow":["GET"]}}],"collection":[{"href":"https:\/\/apuntesdesanluis.com\/index.php\/wp-json\/wp\/v2\/posts"}],"about":[{"href":"https:\/\/apuntesdesanluis.com\/index.php\/wp-json\/wp\/v2\/types\/post"}],"author":[{"embeddable":true,"href":"https:\/\/apuntesdesanluis.com\/index.php\/wp-json\/wp\/v2\/users\/1"}],"replies":[{"embeddable":true,"href":"https:\/\/apuntesdesanluis.com\/index.php\/wp-json\/wp\/v2\/comments?post=22137"}],"version-history":[{"count":1,"href":"https:\/\/apuntesdesanluis.com\/index.php\/wp-json\/wp\/v2\/posts\/22137\/revisions"}],"predecessor-version":[{"id":22139,"href":"https:\/\/apuntesdesanluis.com\/index.php\/wp-json\/wp\/v2\/posts\/22137\/revisions\/22139"}],"wp:featuredmedia":[{"embeddable":true,"href":"https:\/\/apuntesdesanluis.com\/index.php\/wp-json\/wp\/v2\/media\/22138"}],"wp:attachment":[{"href":"https:\/\/apuntesdesanluis.com\/index.php\/wp-json\/wp\/v2\/media?parent=22137"}],"wp:term":[{"taxonomy":"category","embeddable":true,"href":"https:\/\/apuntesdesanluis.com\/index.php\/wp-json\/wp\/v2\/categories?post=22137"},{"taxonomy":"post_tag","embeddable":true,"href":"https:\/\/apuntesdesanluis.com\/index.php\/wp-json\/wp\/v2\/tags?post=22137"}],"curies":[{"name":"wp","href":"https:\/\/api.w.org\/{rel}","templated":true}]}}