{"id":22141,"date":"2024-09-12T08:18:43","date_gmt":"2024-09-12T11:18:43","guid":{"rendered":"https:\/\/apuntesdesanluis.com\/?p=22141"},"modified":"2024-09-12T09:09:24","modified_gmt":"2024-09-12T12:09:24","slug":"sobre-la-tercerizacion-del-agua-en-merlo-nos-preocupan-las-fuentes-de-trabajo","status":"publish","type":"post","link":"https:\/\/apuntesdesanluis.com\/index.php\/2024\/09\/12\/sobre-la-tercerizacion-del-agua-en-merlo-nos-preocupan-las-fuentes-de-trabajo\/","title":{"rendered":"SOBRE LA TERCERIZACI\u00d3N DEL AGUA EN MERLO: \u201cNOS PREOCUPAN LAS FUENTES DE TRABAJO\u201d"},"content":{"rendered":"<h3>As\u00ed lo manifest\u00f3 el Secretario General del Sindicato de Obras Sanitarias Mercedes-Justo Daract, <strong>Jos\u00e9 Ucelay, <\/strong>en referencia a la posibilidad de que se tercerice o privatice la prestaci\u00f3n del servicio del agua en la villa tur\u00edstica.<\/h3>\n<h3>En este sentido, indic\u00f3 que inmediatamente de conocer la noticia a trav\u00e9s de <span style=\"color: #3366ff;\"><strong>Apuntes de San Luis<\/strong><\/span>, el sindicato tom\u00f3 contacto con el Ejecutivo merlino, el Concejo Deliberante y el Consejo de Administraci\u00f3n de la Cooperativa que administra el servicio, con el objetivo de requerir mayor informaci\u00f3n y poder participar de las discusiones.<\/h3>\n<h3>&#8220;Agradezco al Sr. intendente Juan \u00c1lvarez Pinto que se comunic\u00f3 y dialogamos brevemente sobre el tema. Hemos quedado en reunirnos personalmente para abordar en profundidad esta cuesti\u00f3n. Tambi\u00e9n nos respondi\u00f3 la cooperativa, que comparte nuestra preocupaci\u00f3n por la estabilidad laboral de los trabajadores&#8221;, se\u00f1al\u00f3 el dirigente gremial.<\/h3>\n<h3><strong>ANTECEDENTE<\/strong><\/h3>\n<h3>A comienzos de este mes se conoci\u00f3 que el Concejo Deliberante de Villa de Merlo se prepara para debatir un proyecto de ordenanza enviado por el Ejecutivo Municipal, \u201ccon el objetivo de establecer una gesti\u00f3n responsable del vital elemento\u201d.<\/h3>\n<h3>\u201cLa propuesta define un marco jur\u00eddico que regular\u00eda no solo el uso del agua, sino tambi\u00e9n su potabilizaci\u00f3n, distribuci\u00f3n y comercializaci\u00f3n. Proponiendo una serie de medidas destinadas a asegurar un uso racional, equitativo y sostenible del agua, adapt\u00e1ndose a las necesidades actuales y futuras de la Villa\u201d, sostuvo la gacetilla de prensa.<\/h3>\n<h3>Uno de los puntos destacados \u201ces la posibilidad de tercerizar parcial o totalmente estos servicios, siempre bajo el estricto control del Municipio. En la misma iniciativa, se propone la creaci\u00f3n del Ente Regulador del Servicio de Agua, quien colaborativamente con el Ejecutivo Municipal, velar\u00e1 por la calidad y equidad en la prestaci\u00f3n del servicio\u201d.<\/h3>\n<h3>En caso de aprobarse, el intendente <strong>Juan<\/strong> <strong>\u00c1lvarez Pinto<\/strong> \u201casumir\u00e1 un rol clave, ya que el Departamento Ejecutivo Municipal ser\u00eda el principal organismo de aplicaci\u00f3n. Entre sus funciones, se incluye la declaraci\u00f3n de estados de emergencia h\u00eddrica, la organizaci\u00f3n de comit\u00e9s de emergencia y la gesti\u00f3n de recursos ante organismos provinciales y nacionales. Adem\u00e1s, se prev\u00e9 la realizaci\u00f3n de campa\u00f1as de concientizaci\u00f3n sobre el uso responsable del agua, un aspecto fundamental para la sostenibilidad a largo plazo\u201d.<\/h3>\n<h3><strong>FUENTES DE TRABAJO<\/strong><\/h3>\n<h3>Al respecto Ucelay abre el paraguas: \u201cPor lo poco que hemos podido conocer, lo que m\u00e1s nos preocupa como comisi\u00f3n directiva es la continuidad de las \u00a0fuentes de trabajo de los empleados de la cooperativa y el respeto al convenio colectivo que nos rige\u201d.<\/h3>\n<h3>\u201cSi algo funciona es por la vocaci\u00f3n que le ponen d\u00eda a d\u00eda los empleados, pero al mismo tiempo considero que la preocupaci\u00f3n por garantizar la gesti\u00f3n del servicio por parte de \u00c1lvarez pinto es coherente y l\u00f3gica, dado que Merlo siempre tuvo dificultades para garantizar el abastecimiento. No s\u00e9 si a partir de las obras conjuntas encaradas con el gobierno de la provincia esto tender\u00e1 a resolverse, lo que ser\u00eda fant\u00e1stico, dado el perfil tur\u00edstico de esta ciudad\u201d, sostuvo el dirigente.<\/h3>\n<h3>Simult\u00e1neamente, aclar\u00f3 que &#8220;la cooperativa es un ente privado y, m\u00e1s all\u00e1 del encuadramiento del servicio, el agua debe ser un tema de Estado. Considero que el Consejo de Administraci\u00f3n con casi tres a\u00f1os de gesti\u00f3n, tiene la responsabilidad de demostrarles a los socios y a la comunidad qu\u00e9 soluciones han sumado al servicio y exponer la situaci\u00f3n econ\u00f3mica en la que se encuentra la cooperativa&#8221;.<\/h3>\n<h3>Volviendo a la posibilidad de que el servicio se tercerice, Ucelay enfatiz\u00f3: \u201cNos vamos a ocupar, si se aprueba este proyecto, que no se castigue a los \u00fanicos que han hecho algo por el servicio, que son los empleados. A nuestro entender la privatizaci\u00f3n o concesi\u00f3n total o parcial no es la soluci\u00f3n ni el camino, es un negocio para unos pocos, al menos eso muestran los resultados que dejaron las experiencias de los a\u00f1os 90\u201d.<\/h3>\n<h3>Por otro lado, defendi\u00f3 la concepci\u00f3n de que \u201cel agua es un derecho humano, social y universal, no una mercanc\u00eda. Hay que poner salvaguardas en ese sentido, en el futuro proyecto de concesi\u00f3n si llega a suceder\u201d, advirti\u00f3, al tiempo que reiter\u00f3 la intenci\u00f3n de concurrir a Merlo para reunirse con las autoridades municipales y los propios concejales, con el fin de poder recabar mayor informaci\u00f3n y expresar sus puntos de vista.<\/h3>\n<h3>Finalmente opin\u00f3: &#8220;Tambi\u00e9n es cierto que quienes conducen la cooperativa o los que se hagan cargo del servicio, deben estar capacitados, la profesionalizaci\u00f3n es indispensable. No puede ser que se vea la distribuci\u00f3n y comercializaci\u00f3n del agua como un buen negocio, pero despu\u00e9s el servicio que se presta sea p\u00e9simo. No solo porque es un elemento vital para la subsistencia humana, sino porque adem\u00e1s se trata de un servicio monop\u00f3lico, entonces hay que tener mucho cuidado\u201d, alert\u00f3.<\/h3>\n<h3><\/h3>\n<h3><strong><span style=\"color: #3366ff;\">NOTICIA RELACIONADA:<\/span><\/strong><\/h3>\n<p><a href=\"https:\/\/apuntesdesanluis.com\/index.php\/2024\/09\/04\/merlo-debatiran-posible-tercerizacion-de-la-gestion-y-manejo-del-agua\/\" target=\"_blank\" rel=\"noopener\"><img fetchpriority=\"high\" decoding=\"async\" class=\"alignnone wp-image-22144\" src=\"https:\/\/apuntesdesanluis.com\/wp-content\/uploads\/2024\/09\/agua-en-merlo-1-300x237.png\" alt=\"\" width=\"513\" height=\"405\" srcset=\"https:\/\/apuntesdesanluis.com\/wp-content\/uploads\/2024\/09\/agua-en-merlo-1-300x237.png 300w, https:\/\/apuntesdesanluis.com\/wp-content\/uploads\/2024\/09\/agua-en-merlo-1.png 701w\" sizes=\"(max-width: 513px) 100vw, 513px\" \/><\/a><\/p>\n<p>&nbsp;<\/p>\n<p>&nbsp;<\/p>\n<p>&nbsp;<\/p>\n","protected":false},"excerpt":{"rendered":"<p>As\u00ed lo manifest\u00f3 el Secretario General del Sindicato de Obras Sanitarias Mercedes-Justo Daract, Jos\u00e9 Ucelay,&#8230;<\/p>\n","protected":false},"author":1,"featured_media":16224,"comment_status":"closed","ping_status":"closed","sticky":false,"template":"","format":"standard","meta":{"footnotes":""},"categories":[6],"tags":[],"class_list":["post-22141","post","type-post","status-publish","format-standard","has-post-thumbnail","hentry","category-ciudad-provincia"],"yoast_head":"<!-- This site is optimized with the Yoast SEO plugin v26.1.1 - https:\/\/yoast.com\/wordpress\/plugins\/seo\/ -->\n<title>SOBRE LA TERCERIZACI\u00d3N DEL AGUA EN MERLO: \u201cNOS PREOCUPAN LAS FUENTES DE TRABAJO\u201d - Apuntes de San Luis<\/title>\n<meta name=\"robots\" content=\"index, follow, max-snippet:-1, max-image-preview:large, max-video-preview:-1\" \/>\n<link rel=\"canonical\" href=\"https:\/\/apuntesdesanluis.com\/index.php\/2024\/09\/12\/sobre-la-tercerizacion-del-agua-en-merlo-nos-preocupan-las-fuentes-de-trabajo\/\" \/>\n<meta property=\"og:locale\" content=\"es_ES\" \/>\n<meta property=\"og:type\" content=\"article\" \/>\n<meta property=\"og:title\" content=\"SOBRE LA TERCERIZACI\u00d3N DEL AGUA EN MERLO: \u201cNOS PREOCUPAN LAS FUENTES DE TRABAJO\u201d - Apuntes de San Luis\" \/>\n<meta property=\"og:description\" content=\"As\u00ed lo manifest\u00f3 el Secretario General del Sindicato de Obras Sanitarias Mercedes-Justo Daract, Jos\u00e9 Ucelay,...\" \/>\n<meta property=\"og:url\" content=\"https:\/\/apuntesdesanluis.com\/index.php\/2024\/09\/12\/sobre-la-tercerizacion-del-agua-en-merlo-nos-preocupan-las-fuentes-de-trabajo\/\" \/>\n<meta property=\"og:site_name\" content=\"Apuntes de San Luis\" \/>\n<meta property=\"article:published_time\" content=\"2024-09-12T11:18:43+00:00\" \/>\n<meta property=\"article:modified_time\" content=\"2024-09-12T12:09:24+00:00\" \/>\n<meta property=\"og:image\" content=\"https:\/\/apuntesdesanluis.com\/wp-content\/uploads\/2024\/05\/jose-ucelay-1.jpg\" \/>\n\t<meta property=\"og:image:width\" content=\"574\" \/>\n\t<meta property=\"og:image:height\" content=\"369\" \/>\n\t<meta property=\"og:image:type\" content=\"image\/jpeg\" \/>\n<meta name=\"author\" content=\"apuntesdesanluis.com\" \/>\n<meta name=\"twitter:card\" content=\"summary_large_image\" \/>\n<meta name=\"twitter:label1\" content=\"Escrito por\" \/>\n\t<meta name=\"twitter:data1\" content=\"apuntesdesanluis.com\" \/>\n\t<meta name=\"twitter:label2\" content=\"Tiempo de lectura\" \/>\n\t<meta name=\"twitter:data2\" content=\"4 minutos\" \/>\n<script type=\"application\/ld+json\" class=\"yoast-schema-graph\">{\"@context\":\"https:\/\/schema.org\",\"@graph\":[{\"@type\":\"Article\",\"@id\":\"https:\/\/apuntesdesanluis.com\/index.php\/2024\/09\/12\/sobre-la-tercerizacion-del-agua-en-merlo-nos-preocupan-las-fuentes-de-trabajo\/#article\",\"isPartOf\":{\"@id\":\"https:\/\/apuntesdesanluis.com\/index.php\/2024\/09\/12\/sobre-la-tercerizacion-del-agua-en-merlo-nos-preocupan-las-fuentes-de-trabajo\/\"},\"author\":{\"name\":\"apuntesdesanluis.com\",\"@id\":\"https:\/\/apuntesdesanluis.com\/#\/schema\/person\/b55151d52296fcce64d1a72538a70b90\"},\"headline\":\"SOBRE LA TERCERIZACI\u00d3N DEL AGUA EN MERLO: \u201cNOS PREOCUPAN LAS FUENTES DE TRABAJO\u201d\",\"datePublished\":\"2024-09-12T11:18:43+00:00\",\"dateModified\":\"2024-09-12T12:09:24+00:00\",\"mainEntityOfPage\":{\"@id\":\"https:\/\/apuntesdesanluis.com\/index.php\/2024\/09\/12\/sobre-la-tercerizacion-del-agua-en-merlo-nos-preocupan-las-fuentes-de-trabajo\/\"},\"wordCount\":862,\"publisher\":{\"@id\":\"https:\/\/apuntesdesanluis.com\/#\/schema\/person\/b55151d52296fcce64d1a72538a70b90\"},\"image\":{\"@id\":\"https:\/\/apuntesdesanluis.com\/index.php\/2024\/09\/12\/sobre-la-tercerizacion-del-agua-en-merlo-nos-preocupan-las-fuentes-de-trabajo\/#primaryimage\"},\"thumbnailUrl\":\"https:\/\/apuntesdesanluis.com\/wp-content\/uploads\/2024\/05\/jose-ucelay-1.jpg\",\"articleSection\":[\"Ciudad\/Provincia\"],\"inLanguage\":\"es-AR\"},{\"@type\":\"WebPage\",\"@id\":\"https:\/\/apuntesdesanluis.com\/index.php\/2024\/09\/12\/sobre-la-tercerizacion-del-agua-en-merlo-nos-preocupan-las-fuentes-de-trabajo\/\",\"url\":\"https:\/\/apuntesdesanluis.com\/index.php\/2024\/09\/12\/sobre-la-tercerizacion-del-agua-en-merlo-nos-preocupan-las-fuentes-de-trabajo\/\",\"name\":\"SOBRE LA TERCERIZACI\u00d3N DEL AGUA EN MERLO: \u201cNOS PREOCUPAN LAS FUENTES DE TRABAJO\u201d - Apuntes de San Luis\",\"isPartOf\":{\"@id\":\"https:\/\/apuntesdesanluis.com\/#website\"},\"primaryImageOfPage\":{\"@id\":\"https:\/\/apuntesdesanluis.com\/index.php\/2024\/09\/12\/sobre-la-tercerizacion-del-agua-en-merlo-nos-preocupan-las-fuentes-de-trabajo\/#primaryimage\"},\"image\":{\"@id\":\"https:\/\/apuntesdesanluis.com\/index.php\/2024\/09\/12\/sobre-la-tercerizacion-del-agua-en-merlo-nos-preocupan-las-fuentes-de-trabajo\/#primaryimage\"},\"thumbnailUrl\":\"https:\/\/apuntesdesanluis.com\/wp-content\/uploads\/2024\/05\/jose-ucelay-1.jpg\",\"datePublished\":\"2024-09-12T11:18:43+00:00\",\"dateModified\":\"2024-09-12T12:09:24+00:00\",\"breadcrumb\":{\"@id\":\"https:\/\/apuntesdesanluis.com\/index.php\/2024\/09\/12\/sobre-la-tercerizacion-del-agua-en-merlo-nos-preocupan-las-fuentes-de-trabajo\/#breadcrumb\"},\"inLanguage\":\"es-AR\",\"potentialAction\":[{\"@type\":\"ReadAction\",\"target\":[\"https:\/\/apuntesdesanluis.com\/index.php\/2024\/09\/12\/sobre-la-tercerizacion-del-agua-en-merlo-nos-preocupan-las-fuentes-de-trabajo\/\"]}]},{\"@type\":\"ImageObject\",\"inLanguage\":\"es-AR\",\"@id\":\"https:\/\/apuntesdesanluis.com\/index.php\/2024\/09\/12\/sobre-la-tercerizacion-del-agua-en-merlo-nos-preocupan-las-fuentes-de-trabajo\/#primaryimage\",\"url\":\"https:\/\/apuntesdesanluis.com\/wp-content\/uploads\/2024\/05\/jose-ucelay-1.jpg\",\"contentUrl\":\"https:\/\/apuntesdesanluis.com\/wp-content\/uploads\/2024\/05\/jose-ucelay-1.jpg\",\"width\":574,\"height\":369},{\"@type\":\"BreadcrumbList\",\"@id\":\"https:\/\/apuntesdesanluis.com\/index.php\/2024\/09\/12\/sobre-la-tercerizacion-del-agua-en-merlo-nos-preocupan-las-fuentes-de-trabajo\/#breadcrumb\",\"itemListElement\":[{\"@type\":\"ListItem\",\"position\":1,\"name\":\"Inicio\",\"item\":\"https:\/\/apuntesdesanluis.com\/\"},{\"@type\":\"ListItem\",\"position\":2,\"name\":\"SOBRE LA TERCERIZACI\u00d3N DEL AGUA EN MERLO: \u201cNOS PREOCUPAN LAS FUENTES DE TRABAJO\u201d\"}]},{\"@type\":\"WebSite\",\"@id\":\"https:\/\/apuntesdesanluis.com\/#website\",\"url\":\"https:\/\/apuntesdesanluis.com\/\",\"name\":\"Apuntes de San Luis\",\"description\":\"\",\"publisher\":{\"@id\":\"https:\/\/apuntesdesanluis.com\/#\/schema\/person\/b55151d52296fcce64d1a72538a70b90\"},\"potentialAction\":[{\"@type\":\"SearchAction\",\"target\":{\"@type\":\"EntryPoint\",\"urlTemplate\":\"https:\/\/apuntesdesanluis.com\/?s={search_term_string}\"},\"query-input\":{\"@type\":\"PropertyValueSpecification\",\"valueRequired\":true,\"valueName\":\"search_term_string\"}}],\"inLanguage\":\"es-AR\"},{\"@type\":[\"Person\",\"Organization\"],\"@id\":\"https:\/\/apuntesdesanluis.com\/#\/schema\/person\/b55151d52296fcce64d1a72538a70b90\",\"name\":\"apuntesdesanluis.com\",\"image\":{\"@type\":\"ImageObject\",\"inLanguage\":\"es-AR\",\"@id\":\"https:\/\/apuntesdesanluis.com\/#\/schema\/person\/image\/\",\"url\":\"https:\/\/apuntesdesanluis.com\/wp-content\/uploads\/2023\/07\/cropped-apuntesdesanluis.png\",\"contentUrl\":\"https:\/\/apuntesdesanluis.com\/wp-content\/uploads\/2023\/07\/cropped-apuntesdesanluis.png\",\"width\":450,\"height\":112,\"caption\":\"apuntesdesanluis.com\"},\"logo\":{\"@id\":\"https:\/\/apuntesdesanluis.com\/#\/schema\/person\/image\/\"},\"sameAs\":[\"https:\/\/apuntesdesanluis.com\"],\"url\":\"https:\/\/apuntesdesanluis.com\/index.php\/author\/apuntesdesanluis-com\/\"}]}<\/script>\n<!-- \/ Yoast SEO plugin. -->","yoast_head_json":{"title":"SOBRE LA TERCERIZACI\u00d3N DEL AGUA EN MERLO: \u201cNOS PREOCUPAN LAS FUENTES DE TRABAJO\u201d - Apuntes de San Luis","robots":{"index":"index","follow":"follow","max-snippet":"max-snippet:-1","max-image-preview":"max-image-preview:large","max-video-preview":"max-video-preview:-1"},"canonical":"https:\/\/apuntesdesanluis.com\/index.php\/2024\/09\/12\/sobre-la-tercerizacion-del-agua-en-merlo-nos-preocupan-las-fuentes-de-trabajo\/","og_locale":"es_ES","og_type":"article","og_title":"SOBRE LA TERCERIZACI\u00d3N DEL AGUA EN MERLO: \u201cNOS PREOCUPAN LAS FUENTES DE TRABAJO\u201d - Apuntes de San Luis","og_description":"As\u00ed lo manifest\u00f3 el Secretario General del Sindicato de Obras Sanitarias Mercedes-Justo Daract, Jos\u00e9 Ucelay,...","og_url":"https:\/\/apuntesdesanluis.com\/index.php\/2024\/09\/12\/sobre-la-tercerizacion-del-agua-en-merlo-nos-preocupan-las-fuentes-de-trabajo\/","og_site_name":"Apuntes de San Luis","article_published_time":"2024-09-12T11:18:43+00:00","article_modified_time":"2024-09-12T12:09:24+00:00","og_image":[{"width":574,"height":369,"url":"https:\/\/apuntesdesanluis.com\/wp-content\/uploads\/2024\/05\/jose-ucelay-1.jpg","type":"image\/jpeg"}],"author":"apuntesdesanluis.com","twitter_card":"summary_large_image","twitter_misc":{"Escrito por":"apuntesdesanluis.com","Tiempo de lectura":"4 minutos"},"schema":{"@context":"https:\/\/schema.org","@graph":[{"@type":"Article","@id":"https:\/\/apuntesdesanluis.com\/index.php\/2024\/09\/12\/sobre-la-tercerizacion-del-agua-en-merlo-nos-preocupan-las-fuentes-de-trabajo\/#article","isPartOf":{"@id":"https:\/\/apuntesdesanluis.com\/index.php\/2024\/09\/12\/sobre-la-tercerizacion-del-agua-en-merlo-nos-preocupan-las-fuentes-de-trabajo\/"},"author":{"name":"apuntesdesanluis.com","@id":"https:\/\/apuntesdesanluis.com\/#\/schema\/person\/b55151d52296fcce64d1a72538a70b90"},"headline":"SOBRE LA TERCERIZACI\u00d3N DEL AGUA EN MERLO: \u201cNOS PREOCUPAN LAS FUENTES DE TRABAJO\u201d","datePublished":"2024-09-12T11:18:43+00:00","dateModified":"2024-09-12T12:09:24+00:00","mainEntityOfPage":{"@id":"https:\/\/apuntesdesanluis.com\/index.php\/2024\/09\/12\/sobre-la-tercerizacion-del-agua-en-merlo-nos-preocupan-las-fuentes-de-trabajo\/"},"wordCount":862,"publisher":{"@id":"https:\/\/apuntesdesanluis.com\/#\/schema\/person\/b55151d52296fcce64d1a72538a70b90"},"image":{"@id":"https:\/\/apuntesdesanluis.com\/index.php\/2024\/09\/12\/sobre-la-tercerizacion-del-agua-en-merlo-nos-preocupan-las-fuentes-de-trabajo\/#primaryimage"},"thumbnailUrl":"https:\/\/apuntesdesanluis.com\/wp-content\/uploads\/2024\/05\/jose-ucelay-1.jpg","articleSection":["Ciudad\/Provincia"],"inLanguage":"es-AR"},{"@type":"WebPage","@id":"https:\/\/apuntesdesanluis.com\/index.php\/2024\/09\/12\/sobre-la-tercerizacion-del-agua-en-merlo-nos-preocupan-las-fuentes-de-trabajo\/","url":"https:\/\/apuntesdesanluis.com\/index.php\/2024\/09\/12\/sobre-la-tercerizacion-del-agua-en-merlo-nos-preocupan-las-fuentes-de-trabajo\/","name":"SOBRE LA TERCERIZACI\u00d3N DEL AGUA EN MERLO: \u201cNOS PREOCUPAN LAS FUENTES DE TRABAJO\u201d - Apuntes de San Luis","isPartOf":{"@id":"https:\/\/apuntesdesanluis.com\/#website"},"primaryImageOfPage":{"@id":"https:\/\/apuntesdesanluis.com\/index.php\/2024\/09\/12\/sobre-la-tercerizacion-del-agua-en-merlo-nos-preocupan-las-fuentes-de-trabajo\/#primaryimage"},"image":{"@id":"https:\/\/apuntesdesanluis.com\/index.php\/2024\/09\/12\/sobre-la-tercerizacion-del-agua-en-merlo-nos-preocupan-las-fuentes-de-trabajo\/#primaryimage"},"thumbnailUrl":"https:\/\/apuntesdesanluis.com\/wp-content\/uploads\/2024\/05\/jose-ucelay-1.jpg","datePublished":"2024-09-12T11:18:43+00:00","dateModified":"2024-09-12T12:09:24+00:00","breadcrumb":{"@id":"https:\/\/apuntesdesanluis.com\/index.php\/2024\/09\/12\/sobre-la-tercerizacion-del-agua-en-merlo-nos-preocupan-las-fuentes-de-trabajo\/#breadcrumb"},"inLanguage":"es-AR","potentialAction":[{"@type":"ReadAction","target":["https:\/\/apuntesdesanluis.com\/index.php\/2024\/09\/12\/sobre-la-tercerizacion-del-agua-en-merlo-nos-preocupan-las-fuentes-de-trabajo\/"]}]},{"@type":"ImageObject","inLanguage":"es-AR","@id":"https:\/\/apuntesdesanluis.com\/index.php\/2024\/09\/12\/sobre-la-tercerizacion-del-agua-en-merlo-nos-preocupan-las-fuentes-de-trabajo\/#primaryimage","url":"https:\/\/apuntesdesanluis.com\/wp-content\/uploads\/2024\/05\/jose-ucelay-1.jpg","contentUrl":"https:\/\/apuntesdesanluis.com\/wp-content\/uploads\/2024\/05\/jose-ucelay-1.jpg","width":574,"height":369},{"@type":"BreadcrumbList","@id":"https:\/\/apuntesdesanluis.com\/index.php\/2024\/09\/12\/sobre-la-tercerizacion-del-agua-en-merlo-nos-preocupan-las-fuentes-de-trabajo\/#breadcrumb","itemListElement":[{"@type":"ListItem","position":1,"name":"Inicio","item":"https:\/\/apuntesdesanluis.com\/"},{"@type":"ListItem","position":2,"name":"SOBRE LA TERCERIZACI\u00d3N DEL AGUA EN MERLO: \u201cNOS PREOCUPAN LAS FUENTES DE TRABAJO\u201d"}]},{"@type":"WebSite","@id":"https:\/\/apuntesdesanluis.com\/#website","url":"https:\/\/apuntesdesanluis.com\/","name":"Apuntes de San Luis","description":"","publisher":{"@id":"https:\/\/apuntesdesanluis.com\/#\/schema\/person\/b55151d52296fcce64d1a72538a70b90"},"potentialAction":[{"@type":"SearchAction","target":{"@type":"EntryPoint","urlTemplate":"https:\/\/apuntesdesanluis.com\/?s={search_term_string}"},"query-input":{"@type":"PropertyValueSpecification","valueRequired":true,"valueName":"search_term_string"}}],"inLanguage":"es-AR"},{"@type":["Person","Organization"],"@id":"https:\/\/apuntesdesanluis.com\/#\/schema\/person\/b55151d52296fcce64d1a72538a70b90","name":"apuntesdesanluis.com","image":{"@type":"ImageObject","inLanguage":"es-AR","@id":"https:\/\/apuntesdesanluis.com\/#\/schema\/person\/image\/","url":"https:\/\/apuntesdesanluis.com\/wp-content\/uploads\/2023\/07\/cropped-apuntesdesanluis.png","contentUrl":"https:\/\/apuntesdesanluis.com\/wp-content\/uploads\/2023\/07\/cropped-apuntesdesanluis.png","width":450,"height":112,"caption":"apuntesdesanluis.com"},"logo":{"@id":"https:\/\/apuntesdesanluis.com\/#\/schema\/person\/image\/"},"sameAs":["https:\/\/apuntesdesanluis.com"],"url":"https:\/\/apuntesdesanluis.com\/index.php\/author\/apuntesdesanluis-com\/"}]}},"featured_image_urls":{"full":["https:\/\/apuntesdesanluis.com\/wp-content\/uploads\/2024\/05\/jose-ucelay-1.jpg",574,369,false],"thumbnail":["https:\/\/apuntesdesanluis.com\/wp-content\/uploads\/2024\/05\/jose-ucelay-1-150x150.jpg",150,150,true],"medium":["https:\/\/apuntesdesanluis.com\/wp-content\/uploads\/2024\/05\/jose-ucelay-1-300x193.jpg",300,193,true],"medium_large":["https:\/\/apuntesdesanluis.com\/wp-content\/uploads\/2024\/05\/jose-ucelay-1.jpg",574,369,false],"large":["https:\/\/apuntesdesanluis.com\/wp-content\/uploads\/2024\/05\/jose-ucelay-1.jpg",574,369,false],"1536x1536":["https:\/\/apuntesdesanluis.com\/wp-content\/uploads\/2024\/05\/jose-ucelay-1.jpg",574,369,false],"2048x2048":["https:\/\/apuntesdesanluis.com\/wp-content\/uploads\/2024\/05\/jose-ucelay-1.jpg",574,369,false],"newsever-slider-full":["https:\/\/apuntesdesanluis.com\/wp-content\/uploads\/2024\/05\/jose-ucelay-1.jpg",574,369,false],"newsever-featured":["https:\/\/apuntesdesanluis.com\/wp-content\/uploads\/2024\/05\/jose-ucelay-1.jpg",574,369,false],"newsever-medium":["https:\/\/apuntesdesanluis.com\/wp-content\/uploads\/2024\/05\/jose-ucelay-1.jpg",574,369,false]},"author_info":{"display_name":"apuntesdesanluis.com","author_link":"https:\/\/apuntesdesanluis.com\/index.php\/author\/apuntesdesanluis-com\/"},"category_info":"<a href=\"https:\/\/apuntesdesanluis.com\/index.php\/category\/ciudad-provincia\/\" rel=\"category tag\">Ciudad\/Provincia<\/a>","tag_info":"Ciudad\/Provincia","comment_count":"0","_links":{"self":[{"href":"https:\/\/apuntesdesanluis.com\/index.php\/wp-json\/wp\/v2\/posts\/22141","targetHints":{"allow":["GET"]}}],"collection":[{"href":"https:\/\/apuntesdesanluis.com\/index.php\/wp-json\/wp\/v2\/posts"}],"about":[{"href":"https:\/\/apuntesdesanluis.com\/index.php\/wp-json\/wp\/v2\/types\/post"}],"author":[{"embeddable":true,"href":"https:\/\/apuntesdesanluis.com\/index.php\/wp-json\/wp\/v2\/users\/1"}],"replies":[{"embeddable":true,"href":"https:\/\/apuntesdesanluis.com\/index.php\/wp-json\/wp\/v2\/comments?post=22141"}],"version-history":[{"count":8,"href":"https:\/\/apuntesdesanluis.com\/index.php\/wp-json\/wp\/v2\/posts\/22141\/revisions"}],"predecessor-version":[{"id":22174,"href":"https:\/\/apuntesdesanluis.com\/index.php\/wp-json\/wp\/v2\/posts\/22141\/revisions\/22174"}],"wp:featuredmedia":[{"embeddable":true,"href":"https:\/\/apuntesdesanluis.com\/index.php\/wp-json\/wp\/v2\/media\/16224"}],"wp:attachment":[{"href":"https:\/\/apuntesdesanluis.com\/index.php\/wp-json\/wp\/v2\/media?parent=22141"}],"wp:term":[{"taxonomy":"category","embeddable":true,"href":"https:\/\/apuntesdesanluis.com\/index.php\/wp-json\/wp\/v2\/categories?post=22141"},{"taxonomy":"post_tag","embeddable":true,"href":"https:\/\/apuntesdesanluis.com\/index.php\/wp-json\/wp\/v2\/tags?post=22141"}],"curies":[{"name":"wp","href":"https:\/\/api.w.org\/{rel}","templated":true}]}}