{"id":22159,"date":"2024-09-11T23:13:09","date_gmt":"2024-09-12T02:13:09","guid":{"rendered":"https:\/\/apuntesdesanluis.com\/?p=22159"},"modified":"2024-09-11T23:13:59","modified_gmt":"2024-09-12T02:13:59","slug":"ambientalistas-se-movilizaron-en-la-legislatura-en-contra-del-rigi","status":"publish","type":"post","link":"https:\/\/apuntesdesanluis.com\/index.php\/2024\/09\/11\/ambientalistas-se-movilizaron-en-la-legislatura-en-contra-del-rigi\/","title":{"rendered":"AMBIENTALISTAS SE MOVILIZARON EN LA LEGISLATURA EN CONTRA DEL RIGI"},"content":{"rendered":"<h3>En la Legislatura Provincial, las <strong>Asambleas Socioambientales<\/strong> de la provincia de San Luis expresaron el rechazo al <strong>R\u00e9gimen de Incentivo a las Grandes Inversiones (RIGI)<\/strong>, aprobado en el Congreso Nacional, y cuya adhesi\u00f3n espera tratamiento en la Legislatura de la provincia.<\/h3>\n<h3>Representantes de la Asamblea por el Agua del Nordeste de San Luis,\u00a0 Asamblea Socio Ambiental El Trapiche, Asamblea Vecinal \u201cYo amo a mis Sierras\u201d de San Francisco del Monte de Oro, Obispado de san Luis, APDH, Juvennat, Pitsa, C\u00e1tedra Libre de Soberan\u00eda Alimentaria, ATE, Multisectorial de Trabajadores, Centro d Pr\u00e1cticas Sociocomunitarias de la Facultad de Ciencias Humanas, C\u00e1tedra Libre Salud Colectiva del Buen Vivir, se movilizaron este mi\u00e9rcoles por la ma\u00f1ana hacia el Parlamento de San Luis.<\/h3>\n<p><img fetchpriority=\"high\" decoding=\"async\" class=\"wp-image-22161 aligncenter\" src=\"https:\/\/apuntesdesanluis.com\/wp-content\/uploads\/2024\/09\/no-al-rigi-300x174.png\" alt=\"\" width=\"684\" height=\"397\" srcset=\"https:\/\/apuntesdesanluis.com\/wp-content\/uploads\/2024\/09\/no-al-rigi-300x174.png 300w, https:\/\/apuntesdesanluis.com\/wp-content\/uploads\/2024\/09\/no-al-rigi.png 700w\" sizes=\"(max-width: 684px) 100vw, 684px\" \/><\/p>\n<h3>Las asambleas socioambientales de San Luis han expresado su oposici\u00f3n al RIGI y articulan acciones para difundir su postura a favor de los bienes comunes.<\/h3>\n<h3>Exigen que \u201cla protecci\u00f3n de los bienes comunes sea efectiva y no s\u00f3lo un discurso vac\u00edo de contenido como el que ha expresado el gobierno de Claudio Poggi\u201d.<\/h3>\n<p><img decoding=\"async\" class=\"wp-image-22162 aligncenter\" src=\"https:\/\/apuntesdesanluis.com\/wp-content\/uploads\/2024\/09\/el-agua-se-defiende-300x186.png\" alt=\"\" width=\"682\" height=\"423\" srcset=\"https:\/\/apuntesdesanluis.com\/wp-content\/uploads\/2024\/09\/el-agua-se-defiende-300x186.png 300w, https:\/\/apuntesdesanluis.com\/wp-content\/uploads\/2024\/09\/el-agua-se-defiende.png 700w\" sizes=\"(max-width: 682px) 100vw, 682px\" \/><\/p>\n<h3>\u00a0Adem\u00e1s, solicitan la participaci\u00f3n ciudadana dentro del debate en el recinto.<\/h3>\n<h3>\u201cEl RIGI no tiene licencia social\u201d, dicen los asamble\u00edstas y exigen &#8220;que sigan vigentes todas las leyes ambientales que hoy rigen en la provincia\u201d.<\/h3>\n<h3><strong>FUNDAMENTOS<\/strong><\/h3>\n<h3>Un grupo de diputados justicialistas encabezado por<strong> Gloria Petrino<\/strong> sali\u00f3 para escucharlos antes de que comenzara la sesi\u00f3n de la C\u00e1mara baja.<\/h3>\n<p><img decoding=\"async\" class=\"wp-image-22163 aligncenter\" src=\"https:\/\/apuntesdesanluis.com\/wp-content\/uploads\/2024\/09\/petrino-300x174.png\" alt=\"\" width=\"681\" height=\"395\" srcset=\"https:\/\/apuntesdesanluis.com\/wp-content\/uploads\/2024\/09\/petrino-300x174.png 300w, https:\/\/apuntesdesanluis.com\/wp-content\/uploads\/2024\/09\/petrino.png 700w\" sizes=\"(max-width: 681px) 100vw, 681px\" \/><\/p>\n<h3>Se les inform\u00f3 que todav\u00eda no lo tratan en comisiones, pero expresaron no obstante su preocupaci\u00f3n: \u201cSabemos que el oficialismo lo puede hacer sobre tablas y aprobarlo de manera expr\u00e9s. Esa es nuestra preocupaci\u00f3n, no solo porque la provincia adhiera al RIGI, sino por las consecuencias que va a traer, que lamentablemente no es como en lo discursivo lo pintan en San Luis. Est\u00e1 en las facultades delegadas a nivel naci\u00f3n, es decir que la provincia no tendr\u00eda ninguna facultad para poder decidir sobre nuestro futuro en los pr\u00f3ximos 30 a\u00f1os\u201d.<\/h3>\n<h3>Advirtieron que desde su punto de vista no hay ning\u00fan beneficio que le quede a los puntanos y puntanas. \u201cLa empresa que se instale tendr\u00e1 potestad total durante 30 a\u00f1os, al cuarto a\u00f1o ser\u00e1 beneficiado con \u2018impuestos cero\u2019, a diferencia de cada trabajador que con frecuencia tiene que afrontar aumento de impuestos. Estas empresas tendr\u00e1n potestad legal y soberana de decidir sobre la tierra puntana y la jurisdicci\u00f3n para dirimir todo esto puede llegar a ser la Corte de la Haya\u201d.<\/h3>\n<p><img loading=\"lazy\" decoding=\"async\" class=\"wp-image-22164 aligncenter\" src=\"https:\/\/apuntesdesanluis.com\/wp-content\/uploads\/2024\/09\/concentracion-legislatua-300x198.png\" alt=\"\" width=\"683\" height=\"451\" srcset=\"https:\/\/apuntesdesanluis.com\/wp-content\/uploads\/2024\/09\/concentracion-legislatua-300x198.png 300w, https:\/\/apuntesdesanluis.com\/wp-content\/uploads\/2024\/09\/concentracion-legislatua.png 700w\" sizes=\"(max-width: 683px) 100vw, 683px\" \/><\/p>\n<h3>Los ambientalistas entregaron un escrito con la expresi\u00f3n \u201cYo amo a mi tierra\u201d que fue dirigida a todas las comisiones de la C\u00e1mara de Diputados.<\/h3>\n<p>&nbsp;<\/p>\n<h4><span style=\"color: #3366ff;\">Informaci\u00f3n e im\u00e1genes: La Bulla Comunicaci\u00f3n Alternativa<\/span><\/h4>\n<p>&nbsp;<\/p>\n<p>&nbsp;<\/p>\n<p>&nbsp;<\/p>\n","protected":false},"excerpt":{"rendered":"<p>En la Legislatura Provincial, las Asambleas Socioambientales de la provincia de San Luis expresaron el&#8230;<\/p>\n","protected":false},"author":1,"featured_media":22160,"comment_status":"closed","ping_status":"closed","sticky":false,"template":"","format":"standard","meta":{"footnotes":""},"categories":[6],"tags":[],"class_list":["post-22159","post","type-post","status-publish","format-standard","has-post-thumbnail","hentry","category-ciudad-provincia"],"yoast_head":"<!-- This site is optimized with the Yoast SEO plugin v26.1.1 - https:\/\/yoast.com\/wordpress\/plugins\/seo\/ -->\n<title>AMBIENTALISTAS SE MOVILIZARON EN LA LEGISLATURA EN CONTRA DEL RIGI - Apuntes de San Luis<\/title>\n<meta name=\"robots\" content=\"index, follow, max-snippet:-1, max-image-preview:large, max-video-preview:-1\" \/>\n<link rel=\"canonical\" href=\"https:\/\/apuntesdesanluis.com\/index.php\/2024\/09\/11\/ambientalistas-se-movilizaron-en-la-legislatura-en-contra-del-rigi\/\" \/>\n<meta property=\"og:locale\" content=\"es_ES\" \/>\n<meta property=\"og:type\" content=\"article\" \/>\n<meta property=\"og:title\" content=\"AMBIENTALISTAS SE MOVILIZARON EN LA LEGISLATURA EN CONTRA DEL RIGI - Apuntes de San Luis\" \/>\n<meta property=\"og:description\" content=\"En la Legislatura Provincial, las Asambleas Socioambientales de la provincia de San Luis expresaron el...\" \/>\n<meta property=\"og:url\" content=\"https:\/\/apuntesdesanluis.com\/index.php\/2024\/09\/11\/ambientalistas-se-movilizaron-en-la-legislatura-en-contra-del-rigi\/\" \/>\n<meta property=\"og:site_name\" content=\"Apuntes de San Luis\" \/>\n<meta property=\"article:published_time\" content=\"2024-09-12T02:13:09+00:00\" \/>\n<meta property=\"article:modified_time\" content=\"2024-09-12T02:13:59+00:00\" \/>\n<meta property=\"og:image\" content=\"https:\/\/apuntesdesanluis.com\/wp-content\/uploads\/2024\/09\/concentracion-ambientalistas-tapa.png\" \/>\n\t<meta property=\"og:image:width\" content=\"700\" \/>\n\t<meta property=\"og:image:height\" content=\"370\" \/>\n\t<meta property=\"og:image:type\" content=\"image\/png\" \/>\n<meta name=\"author\" content=\"apuntesdesanluis.com\" \/>\n<meta name=\"twitter:card\" content=\"summary_large_image\" \/>\n<meta name=\"twitter:label1\" content=\"Escrito por\" \/>\n\t<meta name=\"twitter:data1\" content=\"apuntesdesanluis.com\" \/>\n\t<meta name=\"twitter:label2\" content=\"Tiempo de lectura\" \/>\n\t<meta name=\"twitter:data2\" content=\"3 minutos\" \/>\n<script type=\"application\/ld+json\" class=\"yoast-schema-graph\">{\"@context\":\"https:\/\/schema.org\",\"@graph\":[{\"@type\":\"Article\",\"@id\":\"https:\/\/apuntesdesanluis.com\/index.php\/2024\/09\/11\/ambientalistas-se-movilizaron-en-la-legislatura-en-contra-del-rigi\/#article\",\"isPartOf\":{\"@id\":\"https:\/\/apuntesdesanluis.com\/index.php\/2024\/09\/11\/ambientalistas-se-movilizaron-en-la-legislatura-en-contra-del-rigi\/\"},\"author\":{\"name\":\"apuntesdesanluis.com\",\"@id\":\"https:\/\/apuntesdesanluis.com\/#\/schema\/person\/b55151d52296fcce64d1a72538a70b90\"},\"headline\":\"AMBIENTALISTAS SE MOVILIZARON EN LA LEGISLATURA EN CONTRA DEL RIGI\",\"datePublished\":\"2024-09-12T02:13:09+00:00\",\"dateModified\":\"2024-09-12T02:13:59+00:00\",\"mainEntityOfPage\":{\"@id\":\"https:\/\/apuntesdesanluis.com\/index.php\/2024\/09\/11\/ambientalistas-se-movilizaron-en-la-legislatura-en-contra-del-rigi\/\"},\"wordCount\":480,\"publisher\":{\"@id\":\"https:\/\/apuntesdesanluis.com\/#\/schema\/person\/b55151d52296fcce64d1a72538a70b90\"},\"image\":{\"@id\":\"https:\/\/apuntesdesanluis.com\/index.php\/2024\/09\/11\/ambientalistas-se-movilizaron-en-la-legislatura-en-contra-del-rigi\/#primaryimage\"},\"thumbnailUrl\":\"https:\/\/apuntesdesanluis.com\/wp-content\/uploads\/2024\/09\/concentracion-ambientalistas-tapa.png\",\"articleSection\":[\"Ciudad\/Provincia\"],\"inLanguage\":\"es-AR\"},{\"@type\":\"WebPage\",\"@id\":\"https:\/\/apuntesdesanluis.com\/index.php\/2024\/09\/11\/ambientalistas-se-movilizaron-en-la-legislatura-en-contra-del-rigi\/\",\"url\":\"https:\/\/apuntesdesanluis.com\/index.php\/2024\/09\/11\/ambientalistas-se-movilizaron-en-la-legislatura-en-contra-del-rigi\/\",\"name\":\"AMBIENTALISTAS SE MOVILIZARON EN LA LEGISLATURA EN CONTRA DEL RIGI - Apuntes de San Luis\",\"isPartOf\":{\"@id\":\"https:\/\/apuntesdesanluis.com\/#website\"},\"primaryImageOfPage\":{\"@id\":\"https:\/\/apuntesdesanluis.com\/index.php\/2024\/09\/11\/ambientalistas-se-movilizaron-en-la-legislatura-en-contra-del-rigi\/#primaryimage\"},\"image\":{\"@id\":\"https:\/\/apuntesdesanluis.com\/index.php\/2024\/09\/11\/ambientalistas-se-movilizaron-en-la-legislatura-en-contra-del-rigi\/#primaryimage\"},\"thumbnailUrl\":\"https:\/\/apuntesdesanluis.com\/wp-content\/uploads\/2024\/09\/concentracion-ambientalistas-tapa.png\",\"datePublished\":\"2024-09-12T02:13:09+00:00\",\"dateModified\":\"2024-09-12T02:13:59+00:00\",\"breadcrumb\":{\"@id\":\"https:\/\/apuntesdesanluis.com\/index.php\/2024\/09\/11\/ambientalistas-se-movilizaron-en-la-legislatura-en-contra-del-rigi\/#breadcrumb\"},\"inLanguage\":\"es-AR\",\"potentialAction\":[{\"@type\":\"ReadAction\",\"target\":[\"https:\/\/apuntesdesanluis.com\/index.php\/2024\/09\/11\/ambientalistas-se-movilizaron-en-la-legislatura-en-contra-del-rigi\/\"]}]},{\"@type\":\"ImageObject\",\"inLanguage\":\"es-AR\",\"@id\":\"https:\/\/apuntesdesanluis.com\/index.php\/2024\/09\/11\/ambientalistas-se-movilizaron-en-la-legislatura-en-contra-del-rigi\/#primaryimage\",\"url\":\"https:\/\/apuntesdesanluis.com\/wp-content\/uploads\/2024\/09\/concentracion-ambientalistas-tapa.png\",\"contentUrl\":\"https:\/\/apuntesdesanluis.com\/wp-content\/uploads\/2024\/09\/concentracion-ambientalistas-tapa.png\",\"width\":700,\"height\":370},{\"@type\":\"BreadcrumbList\",\"@id\":\"https:\/\/apuntesdesanluis.com\/index.php\/2024\/09\/11\/ambientalistas-se-movilizaron-en-la-legislatura-en-contra-del-rigi\/#breadcrumb\",\"itemListElement\":[{\"@type\":\"ListItem\",\"position\":1,\"name\":\"Inicio\",\"item\":\"https:\/\/apuntesdesanluis.com\/\"},{\"@type\":\"ListItem\",\"position\":2,\"name\":\"AMBIENTALISTAS SE MOVILIZARON EN LA LEGISLATURA EN CONTRA DEL RIGI\"}]},{\"@type\":\"WebSite\",\"@id\":\"https:\/\/apuntesdesanluis.com\/#website\",\"url\":\"https:\/\/apuntesdesanluis.com\/\",\"name\":\"Apuntes de San Luis\",\"description\":\"\",\"publisher\":{\"@id\":\"https:\/\/apuntesdesanluis.com\/#\/schema\/person\/b55151d52296fcce64d1a72538a70b90\"},\"potentialAction\":[{\"@type\":\"SearchAction\",\"target\":{\"@type\":\"EntryPoint\",\"urlTemplate\":\"https:\/\/apuntesdesanluis.com\/?s={search_term_string}\"},\"query-input\":{\"@type\":\"PropertyValueSpecification\",\"valueRequired\":true,\"valueName\":\"search_term_string\"}}],\"inLanguage\":\"es-AR\"},{\"@type\":[\"Person\",\"Organization\"],\"@id\":\"https:\/\/apuntesdesanluis.com\/#\/schema\/person\/b55151d52296fcce64d1a72538a70b90\",\"name\":\"apuntesdesanluis.com\",\"image\":{\"@type\":\"ImageObject\",\"inLanguage\":\"es-AR\",\"@id\":\"https:\/\/apuntesdesanluis.com\/#\/schema\/person\/image\/\",\"url\":\"https:\/\/apuntesdesanluis.com\/wp-content\/uploads\/2023\/07\/cropped-apuntesdesanluis.png\",\"contentUrl\":\"https:\/\/apuntesdesanluis.com\/wp-content\/uploads\/2023\/07\/cropped-apuntesdesanluis.png\",\"width\":450,\"height\":112,\"caption\":\"apuntesdesanluis.com\"},\"logo\":{\"@id\":\"https:\/\/apuntesdesanluis.com\/#\/schema\/person\/image\/\"},\"sameAs\":[\"https:\/\/apuntesdesanluis.com\"],\"url\":\"https:\/\/apuntesdesanluis.com\/index.php\/author\/apuntesdesanluis-com\/\"}]}<\/script>\n<!-- \/ Yoast SEO plugin. -->","yoast_head_json":{"title":"AMBIENTALISTAS SE MOVILIZARON EN LA LEGISLATURA EN CONTRA DEL RIGI - Apuntes de San Luis","robots":{"index":"index","follow":"follow","max-snippet":"max-snippet:-1","max-image-preview":"max-image-preview:large","max-video-preview":"max-video-preview:-1"},"canonical":"https:\/\/apuntesdesanluis.com\/index.php\/2024\/09\/11\/ambientalistas-se-movilizaron-en-la-legislatura-en-contra-del-rigi\/","og_locale":"es_ES","og_type":"article","og_title":"AMBIENTALISTAS SE MOVILIZARON EN LA LEGISLATURA EN CONTRA DEL RIGI - Apuntes de San Luis","og_description":"En la Legislatura Provincial, las Asambleas Socioambientales de la provincia de San Luis expresaron el...","og_url":"https:\/\/apuntesdesanluis.com\/index.php\/2024\/09\/11\/ambientalistas-se-movilizaron-en-la-legislatura-en-contra-del-rigi\/","og_site_name":"Apuntes de San Luis","article_published_time":"2024-09-12T02:13:09+00:00","article_modified_time":"2024-09-12T02:13:59+00:00","og_image":[{"width":700,"height":370,"url":"https:\/\/apuntesdesanluis.com\/wp-content\/uploads\/2024\/09\/concentracion-ambientalistas-tapa.png","type":"image\/png"}],"author":"apuntesdesanluis.com","twitter_card":"summary_large_image","twitter_misc":{"Escrito por":"apuntesdesanluis.com","Tiempo de lectura":"3 minutos"},"schema":{"@context":"https:\/\/schema.org","@graph":[{"@type":"Article","@id":"https:\/\/apuntesdesanluis.com\/index.php\/2024\/09\/11\/ambientalistas-se-movilizaron-en-la-legislatura-en-contra-del-rigi\/#article","isPartOf":{"@id":"https:\/\/apuntesdesanluis.com\/index.php\/2024\/09\/11\/ambientalistas-se-movilizaron-en-la-legislatura-en-contra-del-rigi\/"},"author":{"name":"apuntesdesanluis.com","@id":"https:\/\/apuntesdesanluis.com\/#\/schema\/person\/b55151d52296fcce64d1a72538a70b90"},"headline":"AMBIENTALISTAS SE MOVILIZARON EN LA LEGISLATURA EN CONTRA DEL RIGI","datePublished":"2024-09-12T02:13:09+00:00","dateModified":"2024-09-12T02:13:59+00:00","mainEntityOfPage":{"@id":"https:\/\/apuntesdesanluis.com\/index.php\/2024\/09\/11\/ambientalistas-se-movilizaron-en-la-legislatura-en-contra-del-rigi\/"},"wordCount":480,"publisher":{"@id":"https:\/\/apuntesdesanluis.com\/#\/schema\/person\/b55151d52296fcce64d1a72538a70b90"},"image":{"@id":"https:\/\/apuntesdesanluis.com\/index.php\/2024\/09\/11\/ambientalistas-se-movilizaron-en-la-legislatura-en-contra-del-rigi\/#primaryimage"},"thumbnailUrl":"https:\/\/apuntesdesanluis.com\/wp-content\/uploads\/2024\/09\/concentracion-ambientalistas-tapa.png","articleSection":["Ciudad\/Provincia"],"inLanguage":"es-AR"},{"@type":"WebPage","@id":"https:\/\/apuntesdesanluis.com\/index.php\/2024\/09\/11\/ambientalistas-se-movilizaron-en-la-legislatura-en-contra-del-rigi\/","url":"https:\/\/apuntesdesanluis.com\/index.php\/2024\/09\/11\/ambientalistas-se-movilizaron-en-la-legislatura-en-contra-del-rigi\/","name":"AMBIENTALISTAS SE MOVILIZARON EN LA LEGISLATURA EN CONTRA DEL RIGI - Apuntes de San Luis","isPartOf":{"@id":"https:\/\/apuntesdesanluis.com\/#website"},"primaryImageOfPage":{"@id":"https:\/\/apuntesdesanluis.com\/index.php\/2024\/09\/11\/ambientalistas-se-movilizaron-en-la-legislatura-en-contra-del-rigi\/#primaryimage"},"image":{"@id":"https:\/\/apuntesdesanluis.com\/index.php\/2024\/09\/11\/ambientalistas-se-movilizaron-en-la-legislatura-en-contra-del-rigi\/#primaryimage"},"thumbnailUrl":"https:\/\/apuntesdesanluis.com\/wp-content\/uploads\/2024\/09\/concentracion-ambientalistas-tapa.png","datePublished":"2024-09-12T02:13:09+00:00","dateModified":"2024-09-12T02:13:59+00:00","breadcrumb":{"@id":"https:\/\/apuntesdesanluis.com\/index.php\/2024\/09\/11\/ambientalistas-se-movilizaron-en-la-legislatura-en-contra-del-rigi\/#breadcrumb"},"inLanguage":"es-AR","potentialAction":[{"@type":"ReadAction","target":["https:\/\/apuntesdesanluis.com\/index.php\/2024\/09\/11\/ambientalistas-se-movilizaron-en-la-legislatura-en-contra-del-rigi\/"]}]},{"@type":"ImageObject","inLanguage":"es-AR","@id":"https:\/\/apuntesdesanluis.com\/index.php\/2024\/09\/11\/ambientalistas-se-movilizaron-en-la-legislatura-en-contra-del-rigi\/#primaryimage","url":"https:\/\/apuntesdesanluis.com\/wp-content\/uploads\/2024\/09\/concentracion-ambientalistas-tapa.png","contentUrl":"https:\/\/apuntesdesanluis.com\/wp-content\/uploads\/2024\/09\/concentracion-ambientalistas-tapa.png","width":700,"height":370},{"@type":"BreadcrumbList","@id":"https:\/\/apuntesdesanluis.com\/index.php\/2024\/09\/11\/ambientalistas-se-movilizaron-en-la-legislatura-en-contra-del-rigi\/#breadcrumb","itemListElement":[{"@type":"ListItem","position":1,"name":"Inicio","item":"https:\/\/apuntesdesanluis.com\/"},{"@type":"ListItem","position":2,"name":"AMBIENTALISTAS SE MOVILIZARON EN LA LEGISLATURA EN CONTRA DEL RIGI"}]},{"@type":"WebSite","@id":"https:\/\/apuntesdesanluis.com\/#website","url":"https:\/\/apuntesdesanluis.com\/","name":"Apuntes de San Luis","description":"","publisher":{"@id":"https:\/\/apuntesdesanluis.com\/#\/schema\/person\/b55151d52296fcce64d1a72538a70b90"},"potentialAction":[{"@type":"SearchAction","target":{"@type":"EntryPoint","urlTemplate":"https:\/\/apuntesdesanluis.com\/?s={search_term_string}"},"query-input":{"@type":"PropertyValueSpecification","valueRequired":true,"valueName":"search_term_string"}}],"inLanguage":"es-AR"},{"@type":["Person","Organization"],"@id":"https:\/\/apuntesdesanluis.com\/#\/schema\/person\/b55151d52296fcce64d1a72538a70b90","name":"apuntesdesanluis.com","image":{"@type":"ImageObject","inLanguage":"es-AR","@id":"https:\/\/apuntesdesanluis.com\/#\/schema\/person\/image\/","url":"https:\/\/apuntesdesanluis.com\/wp-content\/uploads\/2023\/07\/cropped-apuntesdesanluis.png","contentUrl":"https:\/\/apuntesdesanluis.com\/wp-content\/uploads\/2023\/07\/cropped-apuntesdesanluis.png","width":450,"height":112,"caption":"apuntesdesanluis.com"},"logo":{"@id":"https:\/\/apuntesdesanluis.com\/#\/schema\/person\/image\/"},"sameAs":["https:\/\/apuntesdesanluis.com"],"url":"https:\/\/apuntesdesanluis.com\/index.php\/author\/apuntesdesanluis-com\/"}]}},"featured_image_urls":{"full":["https:\/\/apuntesdesanluis.com\/wp-content\/uploads\/2024\/09\/concentracion-ambientalistas-tapa.png",700,370,false],"thumbnail":["https:\/\/apuntesdesanluis.com\/wp-content\/uploads\/2024\/09\/concentracion-ambientalistas-tapa-150x150.png",150,150,true],"medium":["https:\/\/apuntesdesanluis.com\/wp-content\/uploads\/2024\/09\/concentracion-ambientalistas-tapa-300x159.png",300,159,true],"medium_large":["https:\/\/apuntesdesanluis.com\/wp-content\/uploads\/2024\/09\/concentracion-ambientalistas-tapa.png",640,338,false],"large":["https:\/\/apuntesdesanluis.com\/wp-content\/uploads\/2024\/09\/concentracion-ambientalistas-tapa.png",640,338,false],"1536x1536":["https:\/\/apuntesdesanluis.com\/wp-content\/uploads\/2024\/09\/concentracion-ambientalistas-tapa.png",700,370,false],"2048x2048":["https:\/\/apuntesdesanluis.com\/wp-content\/uploads\/2024\/09\/concentracion-ambientalistas-tapa.png",700,370,false],"newsever-slider-full":["https:\/\/apuntesdesanluis.com\/wp-content\/uploads\/2024\/09\/concentracion-ambientalistas-tapa.png",700,370,false],"newsever-featured":["https:\/\/apuntesdesanluis.com\/wp-content\/uploads\/2024\/09\/concentracion-ambientalistas-tapa.png",700,370,false],"newsever-medium":["https:\/\/apuntesdesanluis.com\/wp-content\/uploads\/2024\/09\/concentracion-ambientalistas-tapa.png",700,370,false]},"author_info":{"display_name":"apuntesdesanluis.com","author_link":"https:\/\/apuntesdesanluis.com\/index.php\/author\/apuntesdesanluis-com\/"},"category_info":"<a href=\"https:\/\/apuntesdesanluis.com\/index.php\/category\/ciudad-provincia\/\" rel=\"category tag\">Ciudad\/Provincia<\/a>","tag_info":"Ciudad\/Provincia","comment_count":"0","_links":{"self":[{"href":"https:\/\/apuntesdesanluis.com\/index.php\/wp-json\/wp\/v2\/posts\/22159","targetHints":{"allow":["GET"]}}],"collection":[{"href":"https:\/\/apuntesdesanluis.com\/index.php\/wp-json\/wp\/v2\/posts"}],"about":[{"href":"https:\/\/apuntesdesanluis.com\/index.php\/wp-json\/wp\/v2\/types\/post"}],"author":[{"embeddable":true,"href":"https:\/\/apuntesdesanluis.com\/index.php\/wp-json\/wp\/v2\/users\/1"}],"replies":[{"embeddable":true,"href":"https:\/\/apuntesdesanluis.com\/index.php\/wp-json\/wp\/v2\/comments?post=22159"}],"version-history":[{"count":2,"href":"https:\/\/apuntesdesanluis.com\/index.php\/wp-json\/wp\/v2\/posts\/22159\/revisions"}],"predecessor-version":[{"id":22166,"href":"https:\/\/apuntesdesanluis.com\/index.php\/wp-json\/wp\/v2\/posts\/22159\/revisions\/22166"}],"wp:featuredmedia":[{"embeddable":true,"href":"https:\/\/apuntesdesanluis.com\/index.php\/wp-json\/wp\/v2\/media\/22160"}],"wp:attachment":[{"href":"https:\/\/apuntesdesanluis.com\/index.php\/wp-json\/wp\/v2\/media?parent=22159"}],"wp:term":[{"taxonomy":"category","embeddable":true,"href":"https:\/\/apuntesdesanluis.com\/index.php\/wp-json\/wp\/v2\/categories?post=22159"},{"taxonomy":"post_tag","embeddable":true,"href":"https:\/\/apuntesdesanluis.com\/index.php\/wp-json\/wp\/v2\/tags?post=22159"}],"curies":[{"name":"wp","href":"https:\/\/api.w.org\/{rel}","templated":true}]}}