{"id":22167,"date":"2024-09-11T23:59:45","date_gmt":"2024-09-12T02:59:45","guid":{"rendered":"https:\/\/apuntesdesanluis.com\/?p=22167"},"modified":"2024-09-11T23:59:45","modified_gmt":"2024-09-12T02:59:45","slug":"el-conflicto-judicial-excede-lo-salarial-y-afecta-a-toda-la-sociedad","status":"publish","type":"post","link":"https:\/\/apuntesdesanluis.com\/index.php\/2024\/09\/11\/el-conflicto-judicial-excede-lo-salarial-y-afecta-a-toda-la-sociedad\/","title":{"rendered":"\u201cEL CONFLICTO JUDICIAL EXCEDE LO SALARIAL Y AFECTA A TODA LA SOCIEDAD\u201d"},"content":{"rendered":"<h3>El Secretario General del Sindicato Judiciales Puntanos, <strong>Luciano Cardarelli<\/strong>, rese\u00f1\u00f3 c\u00f3mo fue evolucionando el conflicto, que comenz\u00f3 inicialmente como un reclamo salarial de todos los gremios estatales y luego continu\u00f3 en forma sectorial.<\/h3>\n<h3>En ese contexto, record\u00f3 que se mantuvieron reuniones durante todo el verano pasado, se elevaron petitorios e incluso se efectuaron movilizaciones hacia la sede de Casa de Gobierno, sin que pudieran obtener soluciones.<\/h3>\n<h3>Destac\u00f3 adem\u00e1s que se consensu\u00f3 una propuesta con los colegios de magistrados e incluso el Superior Tribunal de Justicia, la cual fue elevada al gobierno provincial.<\/h3>\n<h3>En di\u00e1logo con <strong><span style=\"color: #3366ff;\">\u201cDejame un t\u00edtulo\u201d<\/span>,<\/strong> Cardarelli apunt\u00f3 que en el promedio nacional, los ingresos del Poder Judicial han perdido m\u00e1s del 50% de poder adquisitivo y se encuentran entre los m\u00e1s bajos del pa\u00eds, al tiempo que tambi\u00e9n se ubican entre los m\u00e1s reducidos en cuanto a personal, seg\u00fan la cantidad de habitantes.<\/h3>\n<p><img fetchpriority=\"high\" decoding=\"async\" class=\"wp-image-15754 aligncenter\" src=\"https:\/\/apuntesdesanluis.com\/wp-content\/uploads\/2024\/05\/dejame-un-titulo-1-300x193.png\" alt=\"\" width=\"650\" height=\"418\" srcset=\"https:\/\/apuntesdesanluis.com\/wp-content\/uploads\/2024\/05\/dejame-un-titulo-1-300x193.png 300w, https:\/\/apuntesdesanluis.com\/wp-content\/uploads\/2024\/05\/dejame-un-titulo-1.png 673w\" sizes=\"(max-width: 650px) 100vw, 650px\" \/><\/p>\n<h3>Frente a la falta de respuestas, coment\u00f3 que tras asambleas de base en\u00a0 las tres circunscripciones, se dispuso un plan de lucha de paros parciales, asambleas y movilizaciones.<\/h3>\n<h3>En otra parte de la entrevista, afirm\u00f3 que \u201ctanto cuando hablamos de la salud como de la justicia, hay que entender que brindamos un servicio esencial para la poblaci\u00f3n, por lo que el conflicto excede el reclamo salarial y afecta a toda la sociedad\u201d.<\/h3>\n<p><iframe title=\"LUCIANO CARDARELLI. Sec. Gral. Sind. Judiciales Puntanos\" width=\"640\" height=\"360\" src=\"https:\/\/www.youtube.com\/embed\/XTkItjGLBE8?feature=oembed\" frameborder=\"0\" allow=\"accelerometer; autoplay; clipboard-write; encrypted-media; gyroscope; picture-in-picture; web-share\" referrerpolicy=\"strict-origin-when-cross-origin\" allowfullscreen><\/iframe><\/p>\n<p>&nbsp;<\/p>\n<h3 style=\"text-align: center;\">&#8230;&#8230;&#8230;&#8230;&#8230;..<\/h3>\n<h4><em>(NOTA: Pocos d\u00edas despu\u00e9s de la entrevista, la Direcci\u00f3n de Relaciones Laborales de la provincia dict\u00f3 la conciliaci\u00f3n obligatoria, que fue acatada por el SiJuPu.)<\/em><\/h4>\n<p>&nbsp;<\/p>\n<p>&nbsp;<\/p>\n<p>&nbsp;<\/p>\n","protected":false},"excerpt":{"rendered":"<p>El Secretario General del Sindicato Judiciales Puntanos, Luciano Cardarelli, rese\u00f1\u00f3 c\u00f3mo fue evolucionando el conflicto,&#8230;<\/p>\n","protected":false},"author":1,"featured_media":22168,"comment_status":"closed","ping_status":"closed","sticky":false,"template":"","format":"standard","meta":{"footnotes":""},"categories":[9],"tags":[],"class_list":["post-22167","post","type-post","status-publish","format-standard","has-post-thumbnail","hentry","category-opinion"],"yoast_head":"<!-- This site is optimized with the Yoast SEO plugin v26.1.1 - https:\/\/yoast.com\/wordpress\/plugins\/seo\/ -->\n<title>\u201cEL CONFLICTO JUDICIAL EXCEDE LO SALARIAL Y AFECTA A TODA LA SOCIEDAD\u201d - Apuntes de San Luis<\/title>\n<meta name=\"robots\" content=\"index, follow, max-snippet:-1, max-image-preview:large, max-video-preview:-1\" \/>\n<link rel=\"canonical\" href=\"https:\/\/apuntesdesanluis.com\/index.php\/2024\/09\/11\/el-conflicto-judicial-excede-lo-salarial-y-afecta-a-toda-la-sociedad\/\" \/>\n<meta property=\"og:locale\" content=\"es_ES\" \/>\n<meta property=\"og:type\" content=\"article\" \/>\n<meta property=\"og:title\" content=\"\u201cEL CONFLICTO JUDICIAL EXCEDE LO SALARIAL Y AFECTA A TODA LA SOCIEDAD\u201d - Apuntes de San Luis\" \/>\n<meta property=\"og:description\" content=\"El Secretario General del Sindicato Judiciales Puntanos, Luciano Cardarelli, rese\u00f1\u00f3 c\u00f3mo fue evolucionando el conflicto,...\" \/>\n<meta property=\"og:url\" content=\"https:\/\/apuntesdesanluis.com\/index.php\/2024\/09\/11\/el-conflicto-judicial-excede-lo-salarial-y-afecta-a-toda-la-sociedad\/\" \/>\n<meta property=\"og:site_name\" content=\"Apuntes de San Luis\" \/>\n<meta property=\"article:published_time\" content=\"2024-09-12T02:59:45+00:00\" \/>\n<meta property=\"og:image\" content=\"https:\/\/apuntesdesanluis.com\/wp-content\/uploads\/2024\/09\/luciano-cardarelli.png\" \/>\n\t<meta property=\"og:image:width\" content=\"700\" \/>\n\t<meta property=\"og:image:height\" content=\"418\" \/>\n\t<meta property=\"og:image:type\" content=\"image\/png\" \/>\n<meta name=\"author\" content=\"apuntesdesanluis.com\" \/>\n<meta name=\"twitter:card\" content=\"summary_large_image\" \/>\n<meta name=\"twitter:label1\" content=\"Escrito por\" \/>\n\t<meta name=\"twitter:data1\" content=\"apuntesdesanluis.com\" \/>\n\t<meta name=\"twitter:label2\" content=\"Tiempo de lectura\" \/>\n\t<meta name=\"twitter:data2\" content=\"2 minutos\" \/>\n<script type=\"application\/ld+json\" class=\"yoast-schema-graph\">{\"@context\":\"https:\/\/schema.org\",\"@graph\":[{\"@type\":\"Article\",\"@id\":\"https:\/\/apuntesdesanluis.com\/index.php\/2024\/09\/11\/el-conflicto-judicial-excede-lo-salarial-y-afecta-a-toda-la-sociedad\/#article\",\"isPartOf\":{\"@id\":\"https:\/\/apuntesdesanluis.com\/index.php\/2024\/09\/11\/el-conflicto-judicial-excede-lo-salarial-y-afecta-a-toda-la-sociedad\/\"},\"author\":{\"name\":\"apuntesdesanluis.com\",\"@id\":\"https:\/\/apuntesdesanluis.com\/#\/schema\/person\/b55151d52296fcce64d1a72538a70b90\"},\"headline\":\"\u201cEL CONFLICTO JUDICIAL EXCEDE LO SALARIAL Y AFECTA A TODA LA SOCIEDAD\u201d\",\"datePublished\":\"2024-09-12T02:59:45+00:00\",\"mainEntityOfPage\":{\"@id\":\"https:\/\/apuntesdesanluis.com\/index.php\/2024\/09\/11\/el-conflicto-judicial-excede-lo-salarial-y-afecta-a-toda-la-sociedad\/\"},\"wordCount\":282,\"publisher\":{\"@id\":\"https:\/\/apuntesdesanluis.com\/#\/schema\/person\/b55151d52296fcce64d1a72538a70b90\"},\"image\":{\"@id\":\"https:\/\/apuntesdesanluis.com\/index.php\/2024\/09\/11\/el-conflicto-judicial-excede-lo-salarial-y-afecta-a-toda-la-sociedad\/#primaryimage\"},\"thumbnailUrl\":\"https:\/\/apuntesdesanluis.com\/wp-content\/uploads\/2024\/09\/luciano-cardarelli.png\",\"articleSection\":[\"Opini\u00f3n\"],\"inLanguage\":\"es-AR\"},{\"@type\":\"WebPage\",\"@id\":\"https:\/\/apuntesdesanluis.com\/index.php\/2024\/09\/11\/el-conflicto-judicial-excede-lo-salarial-y-afecta-a-toda-la-sociedad\/\",\"url\":\"https:\/\/apuntesdesanluis.com\/index.php\/2024\/09\/11\/el-conflicto-judicial-excede-lo-salarial-y-afecta-a-toda-la-sociedad\/\",\"name\":\"\u201cEL CONFLICTO JUDICIAL EXCEDE LO SALARIAL Y AFECTA A TODA LA SOCIEDAD\u201d - Apuntes de San Luis\",\"isPartOf\":{\"@id\":\"https:\/\/apuntesdesanluis.com\/#website\"},\"primaryImageOfPage\":{\"@id\":\"https:\/\/apuntesdesanluis.com\/index.php\/2024\/09\/11\/el-conflicto-judicial-excede-lo-salarial-y-afecta-a-toda-la-sociedad\/#primaryimage\"},\"image\":{\"@id\":\"https:\/\/apuntesdesanluis.com\/index.php\/2024\/09\/11\/el-conflicto-judicial-excede-lo-salarial-y-afecta-a-toda-la-sociedad\/#primaryimage\"},\"thumbnailUrl\":\"https:\/\/apuntesdesanluis.com\/wp-content\/uploads\/2024\/09\/luciano-cardarelli.png\",\"datePublished\":\"2024-09-12T02:59:45+00:00\",\"breadcrumb\":{\"@id\":\"https:\/\/apuntesdesanluis.com\/index.php\/2024\/09\/11\/el-conflicto-judicial-excede-lo-salarial-y-afecta-a-toda-la-sociedad\/#breadcrumb\"},\"inLanguage\":\"es-AR\",\"potentialAction\":[{\"@type\":\"ReadAction\",\"target\":[\"https:\/\/apuntesdesanluis.com\/index.php\/2024\/09\/11\/el-conflicto-judicial-excede-lo-salarial-y-afecta-a-toda-la-sociedad\/\"]}]},{\"@type\":\"ImageObject\",\"inLanguage\":\"es-AR\",\"@id\":\"https:\/\/apuntesdesanluis.com\/index.php\/2024\/09\/11\/el-conflicto-judicial-excede-lo-salarial-y-afecta-a-toda-la-sociedad\/#primaryimage\",\"url\":\"https:\/\/apuntesdesanluis.com\/wp-content\/uploads\/2024\/09\/luciano-cardarelli.png\",\"contentUrl\":\"https:\/\/apuntesdesanluis.com\/wp-content\/uploads\/2024\/09\/luciano-cardarelli.png\",\"width\":700,\"height\":418},{\"@type\":\"BreadcrumbList\",\"@id\":\"https:\/\/apuntesdesanluis.com\/index.php\/2024\/09\/11\/el-conflicto-judicial-excede-lo-salarial-y-afecta-a-toda-la-sociedad\/#breadcrumb\",\"itemListElement\":[{\"@type\":\"ListItem\",\"position\":1,\"name\":\"Inicio\",\"item\":\"https:\/\/apuntesdesanluis.com\/\"},{\"@type\":\"ListItem\",\"position\":2,\"name\":\"\u201cEL CONFLICTO JUDICIAL EXCEDE LO SALARIAL Y AFECTA A TODA LA SOCIEDAD\u201d\"}]},{\"@type\":\"WebSite\",\"@id\":\"https:\/\/apuntesdesanluis.com\/#website\",\"url\":\"https:\/\/apuntesdesanluis.com\/\",\"name\":\"Apuntes de San Luis\",\"description\":\"\",\"publisher\":{\"@id\":\"https:\/\/apuntesdesanluis.com\/#\/schema\/person\/b55151d52296fcce64d1a72538a70b90\"},\"potentialAction\":[{\"@type\":\"SearchAction\",\"target\":{\"@type\":\"EntryPoint\",\"urlTemplate\":\"https:\/\/apuntesdesanluis.com\/?s={search_term_string}\"},\"query-input\":{\"@type\":\"PropertyValueSpecification\",\"valueRequired\":true,\"valueName\":\"search_term_string\"}}],\"inLanguage\":\"es-AR\"},{\"@type\":[\"Person\",\"Organization\"],\"@id\":\"https:\/\/apuntesdesanluis.com\/#\/schema\/person\/b55151d52296fcce64d1a72538a70b90\",\"name\":\"apuntesdesanluis.com\",\"image\":{\"@type\":\"ImageObject\",\"inLanguage\":\"es-AR\",\"@id\":\"https:\/\/apuntesdesanluis.com\/#\/schema\/person\/image\/\",\"url\":\"https:\/\/apuntesdesanluis.com\/wp-content\/uploads\/2023\/07\/cropped-apuntesdesanluis.png\",\"contentUrl\":\"https:\/\/apuntesdesanluis.com\/wp-content\/uploads\/2023\/07\/cropped-apuntesdesanluis.png\",\"width\":450,\"height\":112,\"caption\":\"apuntesdesanluis.com\"},\"logo\":{\"@id\":\"https:\/\/apuntesdesanluis.com\/#\/schema\/person\/image\/\"},\"sameAs\":[\"https:\/\/apuntesdesanluis.com\"],\"url\":\"https:\/\/apuntesdesanluis.com\/index.php\/author\/apuntesdesanluis-com\/\"}]}<\/script>\n<!-- \/ Yoast SEO plugin. -->","yoast_head_json":{"title":"\u201cEL CONFLICTO JUDICIAL EXCEDE LO SALARIAL Y AFECTA A TODA LA SOCIEDAD\u201d - Apuntes de San Luis","robots":{"index":"index","follow":"follow","max-snippet":"max-snippet:-1","max-image-preview":"max-image-preview:large","max-video-preview":"max-video-preview:-1"},"canonical":"https:\/\/apuntesdesanluis.com\/index.php\/2024\/09\/11\/el-conflicto-judicial-excede-lo-salarial-y-afecta-a-toda-la-sociedad\/","og_locale":"es_ES","og_type":"article","og_title":"\u201cEL CONFLICTO JUDICIAL EXCEDE LO SALARIAL Y AFECTA A TODA LA SOCIEDAD\u201d - Apuntes de San Luis","og_description":"El Secretario General del Sindicato Judiciales Puntanos, Luciano Cardarelli, rese\u00f1\u00f3 c\u00f3mo fue evolucionando el conflicto,...","og_url":"https:\/\/apuntesdesanluis.com\/index.php\/2024\/09\/11\/el-conflicto-judicial-excede-lo-salarial-y-afecta-a-toda-la-sociedad\/","og_site_name":"Apuntes de San Luis","article_published_time":"2024-09-12T02:59:45+00:00","og_image":[{"width":700,"height":418,"url":"https:\/\/apuntesdesanluis.com\/wp-content\/uploads\/2024\/09\/luciano-cardarelli.png","type":"image\/png"}],"author":"apuntesdesanluis.com","twitter_card":"summary_large_image","twitter_misc":{"Escrito por":"apuntesdesanluis.com","Tiempo de lectura":"2 minutos"},"schema":{"@context":"https:\/\/schema.org","@graph":[{"@type":"Article","@id":"https:\/\/apuntesdesanluis.com\/index.php\/2024\/09\/11\/el-conflicto-judicial-excede-lo-salarial-y-afecta-a-toda-la-sociedad\/#article","isPartOf":{"@id":"https:\/\/apuntesdesanluis.com\/index.php\/2024\/09\/11\/el-conflicto-judicial-excede-lo-salarial-y-afecta-a-toda-la-sociedad\/"},"author":{"name":"apuntesdesanluis.com","@id":"https:\/\/apuntesdesanluis.com\/#\/schema\/person\/b55151d52296fcce64d1a72538a70b90"},"headline":"\u201cEL CONFLICTO JUDICIAL EXCEDE LO SALARIAL Y AFECTA A TODA LA SOCIEDAD\u201d","datePublished":"2024-09-12T02:59:45+00:00","mainEntityOfPage":{"@id":"https:\/\/apuntesdesanluis.com\/index.php\/2024\/09\/11\/el-conflicto-judicial-excede-lo-salarial-y-afecta-a-toda-la-sociedad\/"},"wordCount":282,"publisher":{"@id":"https:\/\/apuntesdesanluis.com\/#\/schema\/person\/b55151d52296fcce64d1a72538a70b90"},"image":{"@id":"https:\/\/apuntesdesanluis.com\/index.php\/2024\/09\/11\/el-conflicto-judicial-excede-lo-salarial-y-afecta-a-toda-la-sociedad\/#primaryimage"},"thumbnailUrl":"https:\/\/apuntesdesanluis.com\/wp-content\/uploads\/2024\/09\/luciano-cardarelli.png","articleSection":["Opini\u00f3n"],"inLanguage":"es-AR"},{"@type":"WebPage","@id":"https:\/\/apuntesdesanluis.com\/index.php\/2024\/09\/11\/el-conflicto-judicial-excede-lo-salarial-y-afecta-a-toda-la-sociedad\/","url":"https:\/\/apuntesdesanluis.com\/index.php\/2024\/09\/11\/el-conflicto-judicial-excede-lo-salarial-y-afecta-a-toda-la-sociedad\/","name":"\u201cEL CONFLICTO JUDICIAL EXCEDE LO SALARIAL Y AFECTA A TODA LA SOCIEDAD\u201d - Apuntes de San Luis","isPartOf":{"@id":"https:\/\/apuntesdesanluis.com\/#website"},"primaryImageOfPage":{"@id":"https:\/\/apuntesdesanluis.com\/index.php\/2024\/09\/11\/el-conflicto-judicial-excede-lo-salarial-y-afecta-a-toda-la-sociedad\/#primaryimage"},"image":{"@id":"https:\/\/apuntesdesanluis.com\/index.php\/2024\/09\/11\/el-conflicto-judicial-excede-lo-salarial-y-afecta-a-toda-la-sociedad\/#primaryimage"},"thumbnailUrl":"https:\/\/apuntesdesanluis.com\/wp-content\/uploads\/2024\/09\/luciano-cardarelli.png","datePublished":"2024-09-12T02:59:45+00:00","breadcrumb":{"@id":"https:\/\/apuntesdesanluis.com\/index.php\/2024\/09\/11\/el-conflicto-judicial-excede-lo-salarial-y-afecta-a-toda-la-sociedad\/#breadcrumb"},"inLanguage":"es-AR","potentialAction":[{"@type":"ReadAction","target":["https:\/\/apuntesdesanluis.com\/index.php\/2024\/09\/11\/el-conflicto-judicial-excede-lo-salarial-y-afecta-a-toda-la-sociedad\/"]}]},{"@type":"ImageObject","inLanguage":"es-AR","@id":"https:\/\/apuntesdesanluis.com\/index.php\/2024\/09\/11\/el-conflicto-judicial-excede-lo-salarial-y-afecta-a-toda-la-sociedad\/#primaryimage","url":"https:\/\/apuntesdesanluis.com\/wp-content\/uploads\/2024\/09\/luciano-cardarelli.png","contentUrl":"https:\/\/apuntesdesanluis.com\/wp-content\/uploads\/2024\/09\/luciano-cardarelli.png","width":700,"height":418},{"@type":"BreadcrumbList","@id":"https:\/\/apuntesdesanluis.com\/index.php\/2024\/09\/11\/el-conflicto-judicial-excede-lo-salarial-y-afecta-a-toda-la-sociedad\/#breadcrumb","itemListElement":[{"@type":"ListItem","position":1,"name":"Inicio","item":"https:\/\/apuntesdesanluis.com\/"},{"@type":"ListItem","position":2,"name":"\u201cEL CONFLICTO JUDICIAL EXCEDE LO SALARIAL Y AFECTA A TODA LA SOCIEDAD\u201d"}]},{"@type":"WebSite","@id":"https:\/\/apuntesdesanluis.com\/#website","url":"https:\/\/apuntesdesanluis.com\/","name":"Apuntes de San Luis","description":"","publisher":{"@id":"https:\/\/apuntesdesanluis.com\/#\/schema\/person\/b55151d52296fcce64d1a72538a70b90"},"potentialAction":[{"@type":"SearchAction","target":{"@type":"EntryPoint","urlTemplate":"https:\/\/apuntesdesanluis.com\/?s={search_term_string}"},"query-input":{"@type":"PropertyValueSpecification","valueRequired":true,"valueName":"search_term_string"}}],"inLanguage":"es-AR"},{"@type":["Person","Organization"],"@id":"https:\/\/apuntesdesanluis.com\/#\/schema\/person\/b55151d52296fcce64d1a72538a70b90","name":"apuntesdesanluis.com","image":{"@type":"ImageObject","inLanguage":"es-AR","@id":"https:\/\/apuntesdesanluis.com\/#\/schema\/person\/image\/","url":"https:\/\/apuntesdesanluis.com\/wp-content\/uploads\/2023\/07\/cropped-apuntesdesanluis.png","contentUrl":"https:\/\/apuntesdesanluis.com\/wp-content\/uploads\/2023\/07\/cropped-apuntesdesanluis.png","width":450,"height":112,"caption":"apuntesdesanluis.com"},"logo":{"@id":"https:\/\/apuntesdesanluis.com\/#\/schema\/person\/image\/"},"sameAs":["https:\/\/apuntesdesanluis.com"],"url":"https:\/\/apuntesdesanluis.com\/index.php\/author\/apuntesdesanluis-com\/"}]}},"featured_image_urls":{"full":["https:\/\/apuntesdesanluis.com\/wp-content\/uploads\/2024\/09\/luciano-cardarelli.png",700,418,false],"thumbnail":["https:\/\/apuntesdesanluis.com\/wp-content\/uploads\/2024\/09\/luciano-cardarelli-150x150.png",150,150,true],"medium":["https:\/\/apuntesdesanluis.com\/wp-content\/uploads\/2024\/09\/luciano-cardarelli-300x179.png",300,179,true],"medium_large":["https:\/\/apuntesdesanluis.com\/wp-content\/uploads\/2024\/09\/luciano-cardarelli.png",640,382,false],"large":["https:\/\/apuntesdesanluis.com\/wp-content\/uploads\/2024\/09\/luciano-cardarelli.png",640,382,false],"1536x1536":["https:\/\/apuntesdesanluis.com\/wp-content\/uploads\/2024\/09\/luciano-cardarelli.png",700,418,false],"2048x2048":["https:\/\/apuntesdesanluis.com\/wp-content\/uploads\/2024\/09\/luciano-cardarelli.png",700,418,false],"newsever-slider-full":["https:\/\/apuntesdesanluis.com\/wp-content\/uploads\/2024\/09\/luciano-cardarelli.png",700,418,false],"newsever-featured":["https:\/\/apuntesdesanluis.com\/wp-content\/uploads\/2024\/09\/luciano-cardarelli.png",700,418,false],"newsever-medium":["https:\/\/apuntesdesanluis.com\/wp-content\/uploads\/2024\/09\/luciano-cardarelli.png",700,418,false]},"author_info":{"display_name":"apuntesdesanluis.com","author_link":"https:\/\/apuntesdesanluis.com\/index.php\/author\/apuntesdesanluis-com\/"},"category_info":"<a href=\"https:\/\/apuntesdesanluis.com\/index.php\/category\/opinion\/\" rel=\"category tag\">Opini\u00f3n<\/a>","tag_info":"Opini\u00f3n","comment_count":"0","_links":{"self":[{"href":"https:\/\/apuntesdesanluis.com\/index.php\/wp-json\/wp\/v2\/posts\/22167","targetHints":{"allow":["GET"]}}],"collection":[{"href":"https:\/\/apuntesdesanluis.com\/index.php\/wp-json\/wp\/v2\/posts"}],"about":[{"href":"https:\/\/apuntesdesanluis.com\/index.php\/wp-json\/wp\/v2\/types\/post"}],"author":[{"embeddable":true,"href":"https:\/\/apuntesdesanluis.com\/index.php\/wp-json\/wp\/v2\/users\/1"}],"replies":[{"embeddable":true,"href":"https:\/\/apuntesdesanluis.com\/index.php\/wp-json\/wp\/v2\/comments?post=22167"}],"version-history":[{"count":1,"href":"https:\/\/apuntesdesanluis.com\/index.php\/wp-json\/wp\/v2\/posts\/22167\/revisions"}],"predecessor-version":[{"id":22169,"href":"https:\/\/apuntesdesanluis.com\/index.php\/wp-json\/wp\/v2\/posts\/22167\/revisions\/22169"}],"wp:featuredmedia":[{"embeddable":true,"href":"https:\/\/apuntesdesanluis.com\/index.php\/wp-json\/wp\/v2\/media\/22168"}],"wp:attachment":[{"href":"https:\/\/apuntesdesanluis.com\/index.php\/wp-json\/wp\/v2\/media?parent=22167"}],"wp:term":[{"taxonomy":"category","embeddable":true,"href":"https:\/\/apuntesdesanluis.com\/index.php\/wp-json\/wp\/v2\/categories?post=22167"},{"taxonomy":"post_tag","embeddable":true,"href":"https:\/\/apuntesdesanluis.com\/index.php\/wp-json\/wp\/v2\/tags?post=22167"}],"curies":[{"name":"wp","href":"https:\/\/api.w.org\/{rel}","templated":true}]}}