{"id":22186,"date":"2024-09-12T15:11:42","date_gmt":"2024-09-12T18:11:42","guid":{"rendered":"https:\/\/apuntesdesanluis.com\/?p=22186"},"modified":"2024-09-12T12:14:01","modified_gmt":"2024-09-12T15:14:01","slug":"todos-de-acuerdo-prorrogaron-prision-domiciliaria-para-un-adolescente","status":"publish","type":"post","link":"https:\/\/apuntesdesanluis.com\/index.php\/2024\/09\/12\/todos-de-acuerdo-prorrogaron-prision-domiciliaria-para-un-adolescente\/","title":{"rendered":"TODOS DE ACUERDO: PRORROGARON PRISI\u00d3N DOMICILIARIA PARA UN ADOLESCENTE"},"content":{"rendered":"<h3>El joven est\u00e1 imputado por homicidio simple en grado de tentativa y amenaza con arma.<\/h3>\n<h3>Este jueves se realiz\u00f3 una audiencia de control de medidas en el Juzgado Penal Juvenil y Contravencional de la Segunda Circunscripci\u00f3n Judicial. El adolescente se encuentra cumpliendo la prisi\u00f3n domiciliara con pautas de conducta y permisos para asistir a la escuela, a Casa Pueblo a realizar tratamiento psicol\u00f3gico y a una actividad deportiva extracurricular.<\/h3>\n<h3>La audiencia de formulaci\u00f3n de cargos, se realiz\u00f3 el pasado domingo 2 de junio, en donde el fiscal relat\u00f3 que el hecho ocurri\u00f3 el 31 de mayo a las 23 hs. en calle Uruguay al 300. En ese momento, se gest\u00f3 una pelea entre varias personas, a pocos minutos, lleg\u00f3 la polic\u00eda, momento en que un menor de 16 a\u00f1os, que se encontraba en el lugar, entr\u00f3 a la casa sac\u00f3 un cuchillo y apu\u00f1al\u00f3 a otra de las personas que se encontraba all\u00ed, mayor de 56 a\u00f1os de edad. En consecuencia, personal policial intent\u00f3 detener al joven, quien sali\u00f3 corriendo con el arma blanca amenazando a todos los que se le acercaban. Luego, a 200 metros del lugar del hecho, fue reducido y detenido.<\/h3>\n<h3>(Ver aqu\u00ed: <span style=\"color: #3366ff;\"><a style=\"color: #3366ff;\" href=\"https:\/\/www.periodicojudicial.gov.ar\/juzgado-penal-juvenil-y-contravencional-audiencia-de-formulacion-de-cargos\/\">https:\/\/www.periodicojudicial.gov.ar\/juzgado-penal-juvenil-y-contravencional-audiencia-de-formulacion-de-cargos\/<\/a><\/span>).<\/h3>\n<h3>En la audiencia de hoy el Fiscal de Instrucci\u00f3n N\u00ba 1, Dr. Maximiliano Bazla inform\u00f3 que las medidas otorgadas en la audiencia anterior se est\u00e1n cumpliendo de manera eficaz, que existe un cambio de actitud del imputado y un compromiso familiar, solicit\u00f3 se prorroguen las medidas y que contin\u00faen bajo la responsabilidad de su abuelo. Por su parte, el abuelo del adolescente, quien estaba presente en la audiencia, acept\u00f3 continuar con la supervisi\u00f3n.<\/h3>\n<h3>La representante de la Defensor\u00eda de Ni\u00f1ez y Adolescencia, Dra. Beatriz Pringles Medeot \u2013Defensora Adjunta- solicit\u00f3 el levantamiento de la prisi\u00f3n domiciliaria y el cumplimiento de las otras medidas, atento el buen acatamiento del joven.<\/h3>\n<h3>La Defensa, ejercida por el Dr. Gustavo Correa adhiri\u00f3 a las pretensiones de la Fiscal\u00eda. Tambi\u00e9n estuvieron presentes la abuela y mam\u00e1 del imputado quien expres\u00f3 su disposici\u00f3n de continuar con las pautas de conducta.<\/h3>\n<h3>Luego de la exposici\u00f3n de las partes, el Dr. Mat\u00edas Farinazzo Tempestini \u2013Juez Subrogante- resolvi\u00f3 prorrogar la prisi\u00f3n domiciliara bajo la supervisi\u00f3n del abuelo quien se encuentra facultado para autorizar alguna salida, teniendo en cuenta la asistencia a la escuela, a Casa Pueblo y alguna actividad deportiva o extracurricular. Como secretaria intervino la Dra. Silvana Casini.<\/h3>\n<p>&nbsp;<\/p>\n<p>&nbsp;<\/p>\n<p>&nbsp;<\/p>\n<p>&nbsp;<\/p>\n<p>&nbsp;<\/p>\n<p>&nbsp;<\/p>\n<p>&nbsp;<\/p>\n<p>&nbsp;<\/p>\n","protected":false},"excerpt":{"rendered":"<p>El joven est\u00e1 imputado por homicidio simple en grado de tentativa y amenaza con arma&#8230;.<\/p>\n","protected":false},"author":1,"featured_media":22187,"comment_status":"closed","ping_status":"closed","sticky":false,"template":"","format":"standard","meta":{"footnotes":""},"categories":[6],"tags":[],"class_list":["post-22186","post","type-post","status-publish","format-standard","has-post-thumbnail","hentry","category-ciudad-provincia"],"yoast_head":"<!-- This site is optimized with the Yoast SEO plugin v26.1.1 - https:\/\/yoast.com\/wordpress\/plugins\/seo\/ -->\n<title>TODOS DE ACUERDO: PRORROGARON PRISI\u00d3N DOMICILIARIA PARA UN ADOLESCENTE - Apuntes de San Luis<\/title>\n<meta name=\"robots\" content=\"index, follow, max-snippet:-1, max-image-preview:large, max-video-preview:-1\" \/>\n<link rel=\"canonical\" href=\"https:\/\/apuntesdesanluis.com\/index.php\/2024\/09\/12\/todos-de-acuerdo-prorrogaron-prision-domiciliaria-para-un-adolescente\/\" \/>\n<meta property=\"og:locale\" content=\"es_ES\" \/>\n<meta property=\"og:type\" content=\"article\" \/>\n<meta property=\"og:title\" content=\"TODOS DE ACUERDO: PRORROGARON PRISI\u00d3N DOMICILIARIA PARA UN ADOLESCENTE - Apuntes de San Luis\" \/>\n<meta property=\"og:description\" content=\"El joven est\u00e1 imputado por homicidio simple en grado de tentativa y amenaza con arma....\" \/>\n<meta property=\"og:url\" content=\"https:\/\/apuntesdesanluis.com\/index.php\/2024\/09\/12\/todos-de-acuerdo-prorrogaron-prision-domiciliaria-para-un-adolescente\/\" \/>\n<meta property=\"og:site_name\" content=\"Apuntes de San Luis\" \/>\n<meta property=\"article:published_time\" content=\"2024-09-12T18:11:42+00:00\" \/>\n<meta property=\"og:image\" content=\"https:\/\/apuntesdesanluis.com\/wp-content\/uploads\/2024\/09\/AUDIENCIA-1.png\" \/>\n\t<meta property=\"og:image:width\" content=\"745\" \/>\n\t<meta property=\"og:image:height\" content=\"494\" \/>\n\t<meta property=\"og:image:type\" content=\"image\/png\" \/>\n<meta name=\"author\" content=\"apuntesdesanluis.com\" \/>\n<meta name=\"twitter:card\" content=\"summary_large_image\" \/>\n<meta name=\"twitter:label1\" content=\"Escrito por\" \/>\n\t<meta name=\"twitter:data1\" content=\"apuntesdesanluis.com\" \/>\n\t<meta name=\"twitter:label2\" content=\"Tiempo de lectura\" \/>\n\t<meta name=\"twitter:data2\" content=\"3 minutos\" \/>\n<script type=\"application\/ld+json\" class=\"yoast-schema-graph\">{\"@context\":\"https:\/\/schema.org\",\"@graph\":[{\"@type\":\"Article\",\"@id\":\"https:\/\/apuntesdesanluis.com\/index.php\/2024\/09\/12\/todos-de-acuerdo-prorrogaron-prision-domiciliaria-para-un-adolescente\/#article\",\"isPartOf\":{\"@id\":\"https:\/\/apuntesdesanluis.com\/index.php\/2024\/09\/12\/todos-de-acuerdo-prorrogaron-prision-domiciliaria-para-un-adolescente\/\"},\"author\":{\"name\":\"apuntesdesanluis.com\",\"@id\":\"https:\/\/apuntesdesanluis.com\/#\/schema\/person\/b55151d52296fcce64d1a72538a70b90\"},\"headline\":\"TODOS DE ACUERDO: PRORROGARON PRISI\u00d3N DOMICILIARIA PARA UN ADOLESCENTE\",\"datePublished\":\"2024-09-12T18:11:42+00:00\",\"mainEntityOfPage\":{\"@id\":\"https:\/\/apuntesdesanluis.com\/index.php\/2024\/09\/12\/todos-de-acuerdo-prorrogaron-prision-domiciliaria-para-un-adolescente\/\"},\"wordCount\":433,\"publisher\":{\"@id\":\"https:\/\/apuntesdesanluis.com\/#\/schema\/person\/b55151d52296fcce64d1a72538a70b90\"},\"image\":{\"@id\":\"https:\/\/apuntesdesanluis.com\/index.php\/2024\/09\/12\/todos-de-acuerdo-prorrogaron-prision-domiciliaria-para-un-adolescente\/#primaryimage\"},\"thumbnailUrl\":\"https:\/\/apuntesdesanluis.com\/wp-content\/uploads\/2024\/09\/AUDIENCIA-1.png\",\"articleSection\":[\"Ciudad\/Provincia\"],\"inLanguage\":\"es-AR\"},{\"@type\":\"WebPage\",\"@id\":\"https:\/\/apuntesdesanluis.com\/index.php\/2024\/09\/12\/todos-de-acuerdo-prorrogaron-prision-domiciliaria-para-un-adolescente\/\",\"url\":\"https:\/\/apuntesdesanluis.com\/index.php\/2024\/09\/12\/todos-de-acuerdo-prorrogaron-prision-domiciliaria-para-un-adolescente\/\",\"name\":\"TODOS DE ACUERDO: PRORROGARON PRISI\u00d3N DOMICILIARIA PARA UN ADOLESCENTE - Apuntes de San Luis\",\"isPartOf\":{\"@id\":\"https:\/\/apuntesdesanluis.com\/#website\"},\"primaryImageOfPage\":{\"@id\":\"https:\/\/apuntesdesanluis.com\/index.php\/2024\/09\/12\/todos-de-acuerdo-prorrogaron-prision-domiciliaria-para-un-adolescente\/#primaryimage\"},\"image\":{\"@id\":\"https:\/\/apuntesdesanluis.com\/index.php\/2024\/09\/12\/todos-de-acuerdo-prorrogaron-prision-domiciliaria-para-un-adolescente\/#primaryimage\"},\"thumbnailUrl\":\"https:\/\/apuntesdesanluis.com\/wp-content\/uploads\/2024\/09\/AUDIENCIA-1.png\",\"datePublished\":\"2024-09-12T18:11:42+00:00\",\"breadcrumb\":{\"@id\":\"https:\/\/apuntesdesanluis.com\/index.php\/2024\/09\/12\/todos-de-acuerdo-prorrogaron-prision-domiciliaria-para-un-adolescente\/#breadcrumb\"},\"inLanguage\":\"es-AR\",\"potentialAction\":[{\"@type\":\"ReadAction\",\"target\":[\"https:\/\/apuntesdesanluis.com\/index.php\/2024\/09\/12\/todos-de-acuerdo-prorrogaron-prision-domiciliaria-para-un-adolescente\/\"]}]},{\"@type\":\"ImageObject\",\"inLanguage\":\"es-AR\",\"@id\":\"https:\/\/apuntesdesanluis.com\/index.php\/2024\/09\/12\/todos-de-acuerdo-prorrogaron-prision-domiciliaria-para-un-adolescente\/#primaryimage\",\"url\":\"https:\/\/apuntesdesanluis.com\/wp-content\/uploads\/2024\/09\/AUDIENCIA-1.png\",\"contentUrl\":\"https:\/\/apuntesdesanluis.com\/wp-content\/uploads\/2024\/09\/AUDIENCIA-1.png\",\"width\":745,\"height\":494},{\"@type\":\"BreadcrumbList\",\"@id\":\"https:\/\/apuntesdesanluis.com\/index.php\/2024\/09\/12\/todos-de-acuerdo-prorrogaron-prision-domiciliaria-para-un-adolescente\/#breadcrumb\",\"itemListElement\":[{\"@type\":\"ListItem\",\"position\":1,\"name\":\"Inicio\",\"item\":\"https:\/\/apuntesdesanluis.com\/\"},{\"@type\":\"ListItem\",\"position\":2,\"name\":\"TODOS DE ACUERDO: PRORROGARON PRISI\u00d3N DOMICILIARIA PARA UN ADOLESCENTE\"}]},{\"@type\":\"WebSite\",\"@id\":\"https:\/\/apuntesdesanluis.com\/#website\",\"url\":\"https:\/\/apuntesdesanluis.com\/\",\"name\":\"Apuntes de San Luis\",\"description\":\"\",\"publisher\":{\"@id\":\"https:\/\/apuntesdesanluis.com\/#\/schema\/person\/b55151d52296fcce64d1a72538a70b90\"},\"potentialAction\":[{\"@type\":\"SearchAction\",\"target\":{\"@type\":\"EntryPoint\",\"urlTemplate\":\"https:\/\/apuntesdesanluis.com\/?s={search_term_string}\"},\"query-input\":{\"@type\":\"PropertyValueSpecification\",\"valueRequired\":true,\"valueName\":\"search_term_string\"}}],\"inLanguage\":\"es-AR\"},{\"@type\":[\"Person\",\"Organization\"],\"@id\":\"https:\/\/apuntesdesanluis.com\/#\/schema\/person\/b55151d52296fcce64d1a72538a70b90\",\"name\":\"apuntesdesanluis.com\",\"image\":{\"@type\":\"ImageObject\",\"inLanguage\":\"es-AR\",\"@id\":\"https:\/\/apuntesdesanluis.com\/#\/schema\/person\/image\/\",\"url\":\"https:\/\/apuntesdesanluis.com\/wp-content\/uploads\/2023\/07\/cropped-apuntesdesanluis.png\",\"contentUrl\":\"https:\/\/apuntesdesanluis.com\/wp-content\/uploads\/2023\/07\/cropped-apuntesdesanluis.png\",\"width\":450,\"height\":112,\"caption\":\"apuntesdesanluis.com\"},\"logo\":{\"@id\":\"https:\/\/apuntesdesanluis.com\/#\/schema\/person\/image\/\"},\"sameAs\":[\"https:\/\/apuntesdesanluis.com\"],\"url\":\"https:\/\/apuntesdesanluis.com\/index.php\/author\/apuntesdesanluis-com\/\"}]}<\/script>\n<!-- \/ Yoast SEO plugin. -->","yoast_head_json":{"title":"TODOS DE ACUERDO: PRORROGARON PRISI\u00d3N DOMICILIARIA PARA UN ADOLESCENTE - Apuntes de San Luis","robots":{"index":"index","follow":"follow","max-snippet":"max-snippet:-1","max-image-preview":"max-image-preview:large","max-video-preview":"max-video-preview:-1"},"canonical":"https:\/\/apuntesdesanluis.com\/index.php\/2024\/09\/12\/todos-de-acuerdo-prorrogaron-prision-domiciliaria-para-un-adolescente\/","og_locale":"es_ES","og_type":"article","og_title":"TODOS DE ACUERDO: PRORROGARON PRISI\u00d3N DOMICILIARIA PARA UN ADOLESCENTE - Apuntes de San Luis","og_description":"El joven est\u00e1 imputado por homicidio simple en grado de tentativa y amenaza con arma....","og_url":"https:\/\/apuntesdesanluis.com\/index.php\/2024\/09\/12\/todos-de-acuerdo-prorrogaron-prision-domiciliaria-para-un-adolescente\/","og_site_name":"Apuntes de San Luis","article_published_time":"2024-09-12T18:11:42+00:00","og_image":[{"width":745,"height":494,"url":"https:\/\/apuntesdesanluis.com\/wp-content\/uploads\/2024\/09\/AUDIENCIA-1.png","type":"image\/png"}],"author":"apuntesdesanluis.com","twitter_card":"summary_large_image","twitter_misc":{"Escrito por":"apuntesdesanluis.com","Tiempo de lectura":"3 minutos"},"schema":{"@context":"https:\/\/schema.org","@graph":[{"@type":"Article","@id":"https:\/\/apuntesdesanluis.com\/index.php\/2024\/09\/12\/todos-de-acuerdo-prorrogaron-prision-domiciliaria-para-un-adolescente\/#article","isPartOf":{"@id":"https:\/\/apuntesdesanluis.com\/index.php\/2024\/09\/12\/todos-de-acuerdo-prorrogaron-prision-domiciliaria-para-un-adolescente\/"},"author":{"name":"apuntesdesanluis.com","@id":"https:\/\/apuntesdesanluis.com\/#\/schema\/person\/b55151d52296fcce64d1a72538a70b90"},"headline":"TODOS DE ACUERDO: PRORROGARON PRISI\u00d3N DOMICILIARIA PARA UN ADOLESCENTE","datePublished":"2024-09-12T18:11:42+00:00","mainEntityOfPage":{"@id":"https:\/\/apuntesdesanluis.com\/index.php\/2024\/09\/12\/todos-de-acuerdo-prorrogaron-prision-domiciliaria-para-un-adolescente\/"},"wordCount":433,"publisher":{"@id":"https:\/\/apuntesdesanluis.com\/#\/schema\/person\/b55151d52296fcce64d1a72538a70b90"},"image":{"@id":"https:\/\/apuntesdesanluis.com\/index.php\/2024\/09\/12\/todos-de-acuerdo-prorrogaron-prision-domiciliaria-para-un-adolescente\/#primaryimage"},"thumbnailUrl":"https:\/\/apuntesdesanluis.com\/wp-content\/uploads\/2024\/09\/AUDIENCIA-1.png","articleSection":["Ciudad\/Provincia"],"inLanguage":"es-AR"},{"@type":"WebPage","@id":"https:\/\/apuntesdesanluis.com\/index.php\/2024\/09\/12\/todos-de-acuerdo-prorrogaron-prision-domiciliaria-para-un-adolescente\/","url":"https:\/\/apuntesdesanluis.com\/index.php\/2024\/09\/12\/todos-de-acuerdo-prorrogaron-prision-domiciliaria-para-un-adolescente\/","name":"TODOS DE ACUERDO: PRORROGARON PRISI\u00d3N DOMICILIARIA PARA UN ADOLESCENTE - Apuntes de San Luis","isPartOf":{"@id":"https:\/\/apuntesdesanluis.com\/#website"},"primaryImageOfPage":{"@id":"https:\/\/apuntesdesanluis.com\/index.php\/2024\/09\/12\/todos-de-acuerdo-prorrogaron-prision-domiciliaria-para-un-adolescente\/#primaryimage"},"image":{"@id":"https:\/\/apuntesdesanluis.com\/index.php\/2024\/09\/12\/todos-de-acuerdo-prorrogaron-prision-domiciliaria-para-un-adolescente\/#primaryimage"},"thumbnailUrl":"https:\/\/apuntesdesanluis.com\/wp-content\/uploads\/2024\/09\/AUDIENCIA-1.png","datePublished":"2024-09-12T18:11:42+00:00","breadcrumb":{"@id":"https:\/\/apuntesdesanluis.com\/index.php\/2024\/09\/12\/todos-de-acuerdo-prorrogaron-prision-domiciliaria-para-un-adolescente\/#breadcrumb"},"inLanguage":"es-AR","potentialAction":[{"@type":"ReadAction","target":["https:\/\/apuntesdesanluis.com\/index.php\/2024\/09\/12\/todos-de-acuerdo-prorrogaron-prision-domiciliaria-para-un-adolescente\/"]}]},{"@type":"ImageObject","inLanguage":"es-AR","@id":"https:\/\/apuntesdesanluis.com\/index.php\/2024\/09\/12\/todos-de-acuerdo-prorrogaron-prision-domiciliaria-para-un-adolescente\/#primaryimage","url":"https:\/\/apuntesdesanluis.com\/wp-content\/uploads\/2024\/09\/AUDIENCIA-1.png","contentUrl":"https:\/\/apuntesdesanluis.com\/wp-content\/uploads\/2024\/09\/AUDIENCIA-1.png","width":745,"height":494},{"@type":"BreadcrumbList","@id":"https:\/\/apuntesdesanluis.com\/index.php\/2024\/09\/12\/todos-de-acuerdo-prorrogaron-prision-domiciliaria-para-un-adolescente\/#breadcrumb","itemListElement":[{"@type":"ListItem","position":1,"name":"Inicio","item":"https:\/\/apuntesdesanluis.com\/"},{"@type":"ListItem","position":2,"name":"TODOS DE ACUERDO: PRORROGARON PRISI\u00d3N DOMICILIARIA PARA UN ADOLESCENTE"}]},{"@type":"WebSite","@id":"https:\/\/apuntesdesanluis.com\/#website","url":"https:\/\/apuntesdesanluis.com\/","name":"Apuntes de San Luis","description":"","publisher":{"@id":"https:\/\/apuntesdesanluis.com\/#\/schema\/person\/b55151d52296fcce64d1a72538a70b90"},"potentialAction":[{"@type":"SearchAction","target":{"@type":"EntryPoint","urlTemplate":"https:\/\/apuntesdesanluis.com\/?s={search_term_string}"},"query-input":{"@type":"PropertyValueSpecification","valueRequired":true,"valueName":"search_term_string"}}],"inLanguage":"es-AR"},{"@type":["Person","Organization"],"@id":"https:\/\/apuntesdesanluis.com\/#\/schema\/person\/b55151d52296fcce64d1a72538a70b90","name":"apuntesdesanluis.com","image":{"@type":"ImageObject","inLanguage":"es-AR","@id":"https:\/\/apuntesdesanluis.com\/#\/schema\/person\/image\/","url":"https:\/\/apuntesdesanluis.com\/wp-content\/uploads\/2023\/07\/cropped-apuntesdesanluis.png","contentUrl":"https:\/\/apuntesdesanluis.com\/wp-content\/uploads\/2023\/07\/cropped-apuntesdesanluis.png","width":450,"height":112,"caption":"apuntesdesanluis.com"},"logo":{"@id":"https:\/\/apuntesdesanluis.com\/#\/schema\/person\/image\/"},"sameAs":["https:\/\/apuntesdesanluis.com"],"url":"https:\/\/apuntesdesanluis.com\/index.php\/author\/apuntesdesanluis-com\/"}]}},"featured_image_urls":{"full":["https:\/\/apuntesdesanluis.com\/wp-content\/uploads\/2024\/09\/AUDIENCIA-1.png",745,494,false],"thumbnail":["https:\/\/apuntesdesanluis.com\/wp-content\/uploads\/2024\/09\/AUDIENCIA-1-150x150.png",150,150,true],"medium":["https:\/\/apuntesdesanluis.com\/wp-content\/uploads\/2024\/09\/AUDIENCIA-1-300x199.png",300,199,true],"medium_large":["https:\/\/apuntesdesanluis.com\/wp-content\/uploads\/2024\/09\/AUDIENCIA-1.png",640,424,false],"large":["https:\/\/apuntesdesanluis.com\/wp-content\/uploads\/2024\/09\/AUDIENCIA-1.png",640,424,false],"1536x1536":["https:\/\/apuntesdesanluis.com\/wp-content\/uploads\/2024\/09\/AUDIENCIA-1.png",745,494,false],"2048x2048":["https:\/\/apuntesdesanluis.com\/wp-content\/uploads\/2024\/09\/AUDIENCIA-1.png",745,494,false],"newsever-slider-full":["https:\/\/apuntesdesanluis.com\/wp-content\/uploads\/2024\/09\/AUDIENCIA-1.png",745,494,false],"newsever-featured":["https:\/\/apuntesdesanluis.com\/wp-content\/uploads\/2024\/09\/AUDIENCIA-1.png",745,494,false],"newsever-medium":["https:\/\/apuntesdesanluis.com\/wp-content\/uploads\/2024\/09\/AUDIENCIA-1-720x475.png",720,475,true]},"author_info":{"display_name":"apuntesdesanluis.com","author_link":"https:\/\/apuntesdesanluis.com\/index.php\/author\/apuntesdesanluis-com\/"},"category_info":"<a href=\"https:\/\/apuntesdesanluis.com\/index.php\/category\/ciudad-provincia\/\" rel=\"category tag\">Ciudad\/Provincia<\/a>","tag_info":"Ciudad\/Provincia","comment_count":"0","_links":{"self":[{"href":"https:\/\/apuntesdesanluis.com\/index.php\/wp-json\/wp\/v2\/posts\/22186","targetHints":{"allow":["GET"]}}],"collection":[{"href":"https:\/\/apuntesdesanluis.com\/index.php\/wp-json\/wp\/v2\/posts"}],"about":[{"href":"https:\/\/apuntesdesanluis.com\/index.php\/wp-json\/wp\/v2\/types\/post"}],"author":[{"embeddable":true,"href":"https:\/\/apuntesdesanluis.com\/index.php\/wp-json\/wp\/v2\/users\/1"}],"replies":[{"embeddable":true,"href":"https:\/\/apuntesdesanluis.com\/index.php\/wp-json\/wp\/v2\/comments?post=22186"}],"version-history":[{"count":1,"href":"https:\/\/apuntesdesanluis.com\/index.php\/wp-json\/wp\/v2\/posts\/22186\/revisions"}],"predecessor-version":[{"id":22188,"href":"https:\/\/apuntesdesanluis.com\/index.php\/wp-json\/wp\/v2\/posts\/22186\/revisions\/22188"}],"wp:featuredmedia":[{"embeddable":true,"href":"https:\/\/apuntesdesanluis.com\/index.php\/wp-json\/wp\/v2\/media\/22187"}],"wp:attachment":[{"href":"https:\/\/apuntesdesanluis.com\/index.php\/wp-json\/wp\/v2\/media?parent=22186"}],"wp:term":[{"taxonomy":"category","embeddable":true,"href":"https:\/\/apuntesdesanluis.com\/index.php\/wp-json\/wp\/v2\/categories?post=22186"},{"taxonomy":"post_tag","embeddable":true,"href":"https:\/\/apuntesdesanluis.com\/index.php\/wp-json\/wp\/v2\/tags?post=22186"}],"curies":[{"name":"wp","href":"https:\/\/api.w.org\/{rel}","templated":true}]}}