{"id":22201,"date":"2024-09-12T23:55:07","date_gmt":"2024-09-13T02:55:07","guid":{"rendered":"https:\/\/apuntesdesanluis.com\/?p=22201"},"modified":"2024-09-12T23:55:07","modified_gmt":"2024-09-13T02:55:07","slug":"san-luis-firmo-un-convenio-de-colaboracion-con-caba-en-materia-electoral","status":"publish","type":"post","link":"https:\/\/apuntesdesanluis.com\/index.php\/2024\/09\/12\/san-luis-firmo-un-convenio-de-colaboracion-con-caba-en-materia-electoral\/","title":{"rendered":"SAN LUIS FIRM\u00d3 UN CONVENIO DE COLABORACI\u00d3N CON CABA EN MATERIA ELECTORAL"},"content":{"rendered":"<h3>Se trata de un convenio marco que rubricaron el titular de la Secretar\u00eda de Asuntos Institucionales <strong>Jos\u00e9 Giraudo<\/strong> por San Luis, y el Director del Instituto de Gesti\u00f3n Electoral (I.G.E.) <strong>Adri\u00e1n Gonz\u00e1lez<\/strong>, por Ciudad Aut\u00f3noma de Buenos Aires (C.A.B.A.), a instancias de Federico Fahey Duarte, ex-Gerente de Administraci\u00f3n de Procesos Electorales de Bs. As.<\/h3>\n<h3>Durante el pasado jueves en la Ciudad de Buenos Aires se rubric\u00f3 un convenio de colaboraci\u00f3n entre dicho distrito y la Provincia de San Luis, con el objetivo de constituir un marco fundamental para garantizar la &#8220;transparencia y la equidad&#8221; en la organizaci\u00f3n y desarrollo de las elecciones y &#8220;fortalecer los lazos de cooperaci\u00f3n y coordinaci\u00f3n entre la Ciudad de Buenos Aires y la Provincia de San Luis, promoviendo el intercambio de informaci\u00f3n y buenas pr\u00e1cticas en materia electoral&#8221;.<\/h3>\n<p><img fetchpriority=\"high\" decoding=\"async\" class=\"wp-image-22203 aligncenter\" src=\"https:\/\/apuntesdesanluis.com\/wp-content\/uploads\/2024\/09\/dos-300x151.png\" alt=\"\" width=\"626\" height=\"315\" srcset=\"https:\/\/apuntesdesanluis.com\/wp-content\/uploads\/2024\/09\/dos-300x151.png 300w, https:\/\/apuntesdesanluis.com\/wp-content\/uploads\/2024\/09\/dos.png 641w\" sizes=\"(max-width: 626px) 100vw, 626px\" \/><\/p>\n<h3>Adem\u00e1s, el convenio prev\u00e9 que ambos distritos organicen y desarrollen diversas actividades de investigaci\u00f3n y asesor\u00eda, relacionadas con temas en materia electoral, de gesti\u00f3n de calidad electoral, tecnolog\u00eda y mecanismos de votaci\u00f3n, as\u00ed como de educaci\u00f3n c\u00edvica y cultura democr\u00e1tica, con la finalidad de colaborar en el fortalecimiento de la cultura democr\u00e1tica.<\/h3>\n<h3>\u201cSan Luis est\u00e1 en pleno proceso de realizar una reforma electoral para definir si se sale de la Ley de Lemas y si se cambia el sistema de votaci\u00f3n por uno m\u00e1s moderno\u201d declar\u00f3 Giraudo. Mientras que \u201cla Ciudad de Buenos Aires viene de oscilar entre los sistemas de votaci\u00f3n de Voto Electr\u00f3nico, Boleta \u00danica Papel, sin contar con la concurrencia de las elecciones nacionales con las locales\u201d, destac\u00f3 Gonz\u00e1lez. Por lo que no es extra\u00f1o que se plantee una colaboraci\u00f3n institucional para fortalecer los procesos de reforma.<\/h3>\n<h3>El convenio prev\u00e9 incluso, entre otras actividades concretas y el intercambio de informaci\u00f3n confidencial, la posibilidad de que entre ambas jurisdicciones planifiquen la instrumentaci\u00f3n de veedores electorales a fin de dar mayor transparencia a los procesos aut\u00f3nomos electorales.<\/h3>\n<h3>Del encuentro, que se realiz\u00f3 a partir de su iniciativa, fue parte <strong>Federico Fahey Duarte<\/strong>, ex-Gerente de Administraci\u00f3n de Procesos Electorales, y ex-Director del Instituto de Gesti\u00f3n Electoral de dicho distrito, cargo que desempe\u00f1\u00f3 luego de ser propuesto por Horacio Rodr\u00edguez Larreta ante la legislatura porte\u00f1a.<\/h3>\n<p>&nbsp;<\/p>\n<p>&nbsp;<\/p>\n<p>&nbsp;<\/p>\n","protected":false},"excerpt":{"rendered":"<p>Se trata de un convenio marco que rubricaron el titular de la Secretar\u00eda de Asuntos&#8230;<\/p>\n","protected":false},"author":1,"featured_media":22202,"comment_status":"closed","ping_status":"closed","sticky":false,"template":"","format":"standard","meta":{"footnotes":""},"categories":[6],"tags":[],"class_list":["post-22201","post","type-post","status-publish","format-standard","has-post-thumbnail","hentry","category-ciudad-provincia"],"yoast_head":"<!-- This site is optimized with the Yoast SEO plugin v26.1.1 - https:\/\/yoast.com\/wordpress\/plugins\/seo\/ -->\n<title>SAN LUIS FIRM\u00d3 UN CONVENIO DE COLABORACI\u00d3N CON CABA EN MATERIA ELECTORAL - Apuntes de San Luis<\/title>\n<meta name=\"robots\" content=\"index, follow, max-snippet:-1, max-image-preview:large, max-video-preview:-1\" \/>\n<link rel=\"canonical\" href=\"https:\/\/apuntesdesanluis.com\/index.php\/2024\/09\/12\/san-luis-firmo-un-convenio-de-colaboracion-con-caba-en-materia-electoral\/\" \/>\n<meta property=\"og:locale\" content=\"es_ES\" \/>\n<meta property=\"og:type\" content=\"article\" \/>\n<meta property=\"og:title\" content=\"SAN LUIS FIRM\u00d3 UN CONVENIO DE COLABORACI\u00d3N CON CABA EN MATERIA ELECTORAL - Apuntes de San Luis\" \/>\n<meta property=\"og:description\" content=\"Se trata de un convenio marco que rubricaron el titular de la Secretar\u00eda de Asuntos...\" \/>\n<meta property=\"og:url\" content=\"https:\/\/apuntesdesanluis.com\/index.php\/2024\/09\/12\/san-luis-firmo-un-convenio-de-colaboracion-con-caba-en-materia-electoral\/\" \/>\n<meta property=\"og:site_name\" content=\"Apuntes de San Luis\" \/>\n<meta property=\"article:published_time\" content=\"2024-09-13T02:55:07+00:00\" \/>\n<meta property=\"og:image\" content=\"https:\/\/apuntesdesanluis.com\/wp-content\/uploads\/2024\/09\/convenio-1.png\" \/>\n\t<meta property=\"og:image:width\" content=\"782\" \/>\n\t<meta property=\"og:image:height\" content=\"485\" \/>\n\t<meta property=\"og:image:type\" content=\"image\/png\" \/>\n<meta name=\"author\" content=\"apuntesdesanluis.com\" \/>\n<meta name=\"twitter:card\" content=\"summary_large_image\" \/>\n<meta name=\"twitter:label1\" content=\"Escrito por\" \/>\n\t<meta name=\"twitter:data1\" content=\"apuntesdesanluis.com\" \/>\n\t<meta name=\"twitter:label2\" content=\"Tiempo de lectura\" \/>\n\t<meta name=\"twitter:data2\" content=\"3 minutos\" \/>\n<script type=\"application\/ld+json\" class=\"yoast-schema-graph\">{\"@context\":\"https:\/\/schema.org\",\"@graph\":[{\"@type\":\"Article\",\"@id\":\"https:\/\/apuntesdesanluis.com\/index.php\/2024\/09\/12\/san-luis-firmo-un-convenio-de-colaboracion-con-caba-en-materia-electoral\/#article\",\"isPartOf\":{\"@id\":\"https:\/\/apuntesdesanluis.com\/index.php\/2024\/09\/12\/san-luis-firmo-un-convenio-de-colaboracion-con-caba-en-materia-electoral\/\"},\"author\":{\"name\":\"apuntesdesanluis.com\",\"@id\":\"https:\/\/apuntesdesanluis.com\/#\/schema\/person\/b55151d52296fcce64d1a72538a70b90\"},\"headline\":\"SAN LUIS FIRM\u00d3 UN CONVENIO DE COLABORACI\u00d3N CON CABA EN MATERIA ELECTORAL\",\"datePublished\":\"2024-09-13T02:55:07+00:00\",\"mainEntityOfPage\":{\"@id\":\"https:\/\/apuntesdesanluis.com\/index.php\/2024\/09\/12\/san-luis-firmo-un-convenio-de-colaboracion-con-caba-en-materia-electoral\/\"},\"wordCount\":414,\"publisher\":{\"@id\":\"https:\/\/apuntesdesanluis.com\/#\/schema\/person\/b55151d52296fcce64d1a72538a70b90\"},\"image\":{\"@id\":\"https:\/\/apuntesdesanluis.com\/index.php\/2024\/09\/12\/san-luis-firmo-un-convenio-de-colaboracion-con-caba-en-materia-electoral\/#primaryimage\"},\"thumbnailUrl\":\"https:\/\/apuntesdesanluis.com\/wp-content\/uploads\/2024\/09\/convenio-1.png\",\"articleSection\":[\"Ciudad\/Provincia\"],\"inLanguage\":\"es-AR\"},{\"@type\":\"WebPage\",\"@id\":\"https:\/\/apuntesdesanluis.com\/index.php\/2024\/09\/12\/san-luis-firmo-un-convenio-de-colaboracion-con-caba-en-materia-electoral\/\",\"url\":\"https:\/\/apuntesdesanluis.com\/index.php\/2024\/09\/12\/san-luis-firmo-un-convenio-de-colaboracion-con-caba-en-materia-electoral\/\",\"name\":\"SAN LUIS FIRM\u00d3 UN CONVENIO DE COLABORACI\u00d3N CON CABA EN MATERIA ELECTORAL - Apuntes de San Luis\",\"isPartOf\":{\"@id\":\"https:\/\/apuntesdesanluis.com\/#website\"},\"primaryImageOfPage\":{\"@id\":\"https:\/\/apuntesdesanluis.com\/index.php\/2024\/09\/12\/san-luis-firmo-un-convenio-de-colaboracion-con-caba-en-materia-electoral\/#primaryimage\"},\"image\":{\"@id\":\"https:\/\/apuntesdesanluis.com\/index.php\/2024\/09\/12\/san-luis-firmo-un-convenio-de-colaboracion-con-caba-en-materia-electoral\/#primaryimage\"},\"thumbnailUrl\":\"https:\/\/apuntesdesanluis.com\/wp-content\/uploads\/2024\/09\/convenio-1.png\",\"datePublished\":\"2024-09-13T02:55:07+00:00\",\"breadcrumb\":{\"@id\":\"https:\/\/apuntesdesanluis.com\/index.php\/2024\/09\/12\/san-luis-firmo-un-convenio-de-colaboracion-con-caba-en-materia-electoral\/#breadcrumb\"},\"inLanguage\":\"es-AR\",\"potentialAction\":[{\"@type\":\"ReadAction\",\"target\":[\"https:\/\/apuntesdesanluis.com\/index.php\/2024\/09\/12\/san-luis-firmo-un-convenio-de-colaboracion-con-caba-en-materia-electoral\/\"]}]},{\"@type\":\"ImageObject\",\"inLanguage\":\"es-AR\",\"@id\":\"https:\/\/apuntesdesanluis.com\/index.php\/2024\/09\/12\/san-luis-firmo-un-convenio-de-colaboracion-con-caba-en-materia-electoral\/#primaryimage\",\"url\":\"https:\/\/apuntesdesanluis.com\/wp-content\/uploads\/2024\/09\/convenio-1.png\",\"contentUrl\":\"https:\/\/apuntesdesanluis.com\/wp-content\/uploads\/2024\/09\/convenio-1.png\",\"width\":782,\"height\":485},{\"@type\":\"BreadcrumbList\",\"@id\":\"https:\/\/apuntesdesanluis.com\/index.php\/2024\/09\/12\/san-luis-firmo-un-convenio-de-colaboracion-con-caba-en-materia-electoral\/#breadcrumb\",\"itemListElement\":[{\"@type\":\"ListItem\",\"position\":1,\"name\":\"Inicio\",\"item\":\"https:\/\/apuntesdesanluis.com\/\"},{\"@type\":\"ListItem\",\"position\":2,\"name\":\"SAN LUIS FIRM\u00d3 UN CONVENIO DE COLABORACI\u00d3N CON CABA EN MATERIA ELECTORAL\"}]},{\"@type\":\"WebSite\",\"@id\":\"https:\/\/apuntesdesanluis.com\/#website\",\"url\":\"https:\/\/apuntesdesanluis.com\/\",\"name\":\"Apuntes de San Luis\",\"description\":\"\",\"publisher\":{\"@id\":\"https:\/\/apuntesdesanluis.com\/#\/schema\/person\/b55151d52296fcce64d1a72538a70b90\"},\"potentialAction\":[{\"@type\":\"SearchAction\",\"target\":{\"@type\":\"EntryPoint\",\"urlTemplate\":\"https:\/\/apuntesdesanluis.com\/?s={search_term_string}\"},\"query-input\":{\"@type\":\"PropertyValueSpecification\",\"valueRequired\":true,\"valueName\":\"search_term_string\"}}],\"inLanguage\":\"es-AR\"},{\"@type\":[\"Person\",\"Organization\"],\"@id\":\"https:\/\/apuntesdesanluis.com\/#\/schema\/person\/b55151d52296fcce64d1a72538a70b90\",\"name\":\"apuntesdesanluis.com\",\"image\":{\"@type\":\"ImageObject\",\"inLanguage\":\"es-AR\",\"@id\":\"https:\/\/apuntesdesanluis.com\/#\/schema\/person\/image\/\",\"url\":\"https:\/\/apuntesdesanluis.com\/wp-content\/uploads\/2023\/07\/cropped-apuntesdesanluis.png\",\"contentUrl\":\"https:\/\/apuntesdesanluis.com\/wp-content\/uploads\/2023\/07\/cropped-apuntesdesanluis.png\",\"width\":450,\"height\":112,\"caption\":\"apuntesdesanluis.com\"},\"logo\":{\"@id\":\"https:\/\/apuntesdesanluis.com\/#\/schema\/person\/image\/\"},\"sameAs\":[\"https:\/\/apuntesdesanluis.com\"],\"url\":\"https:\/\/apuntesdesanluis.com\/index.php\/author\/apuntesdesanluis-com\/\"}]}<\/script>\n<!-- \/ Yoast SEO plugin. -->","yoast_head_json":{"title":"SAN LUIS FIRM\u00d3 UN CONVENIO DE COLABORACI\u00d3N CON CABA EN MATERIA ELECTORAL - Apuntes de San Luis","robots":{"index":"index","follow":"follow","max-snippet":"max-snippet:-1","max-image-preview":"max-image-preview:large","max-video-preview":"max-video-preview:-1"},"canonical":"https:\/\/apuntesdesanluis.com\/index.php\/2024\/09\/12\/san-luis-firmo-un-convenio-de-colaboracion-con-caba-en-materia-electoral\/","og_locale":"es_ES","og_type":"article","og_title":"SAN LUIS FIRM\u00d3 UN CONVENIO DE COLABORACI\u00d3N CON CABA EN MATERIA ELECTORAL - Apuntes de San Luis","og_description":"Se trata de un convenio marco que rubricaron el titular de la Secretar\u00eda de Asuntos...","og_url":"https:\/\/apuntesdesanluis.com\/index.php\/2024\/09\/12\/san-luis-firmo-un-convenio-de-colaboracion-con-caba-en-materia-electoral\/","og_site_name":"Apuntes de San Luis","article_published_time":"2024-09-13T02:55:07+00:00","og_image":[{"width":782,"height":485,"url":"https:\/\/apuntesdesanluis.com\/wp-content\/uploads\/2024\/09\/convenio-1.png","type":"image\/png"}],"author":"apuntesdesanluis.com","twitter_card":"summary_large_image","twitter_misc":{"Escrito por":"apuntesdesanluis.com","Tiempo de lectura":"3 minutos"},"schema":{"@context":"https:\/\/schema.org","@graph":[{"@type":"Article","@id":"https:\/\/apuntesdesanluis.com\/index.php\/2024\/09\/12\/san-luis-firmo-un-convenio-de-colaboracion-con-caba-en-materia-electoral\/#article","isPartOf":{"@id":"https:\/\/apuntesdesanluis.com\/index.php\/2024\/09\/12\/san-luis-firmo-un-convenio-de-colaboracion-con-caba-en-materia-electoral\/"},"author":{"name":"apuntesdesanluis.com","@id":"https:\/\/apuntesdesanluis.com\/#\/schema\/person\/b55151d52296fcce64d1a72538a70b90"},"headline":"SAN LUIS FIRM\u00d3 UN CONVENIO DE COLABORACI\u00d3N CON CABA EN MATERIA ELECTORAL","datePublished":"2024-09-13T02:55:07+00:00","mainEntityOfPage":{"@id":"https:\/\/apuntesdesanluis.com\/index.php\/2024\/09\/12\/san-luis-firmo-un-convenio-de-colaboracion-con-caba-en-materia-electoral\/"},"wordCount":414,"publisher":{"@id":"https:\/\/apuntesdesanluis.com\/#\/schema\/person\/b55151d52296fcce64d1a72538a70b90"},"image":{"@id":"https:\/\/apuntesdesanluis.com\/index.php\/2024\/09\/12\/san-luis-firmo-un-convenio-de-colaboracion-con-caba-en-materia-electoral\/#primaryimage"},"thumbnailUrl":"https:\/\/apuntesdesanluis.com\/wp-content\/uploads\/2024\/09\/convenio-1.png","articleSection":["Ciudad\/Provincia"],"inLanguage":"es-AR"},{"@type":"WebPage","@id":"https:\/\/apuntesdesanluis.com\/index.php\/2024\/09\/12\/san-luis-firmo-un-convenio-de-colaboracion-con-caba-en-materia-electoral\/","url":"https:\/\/apuntesdesanluis.com\/index.php\/2024\/09\/12\/san-luis-firmo-un-convenio-de-colaboracion-con-caba-en-materia-electoral\/","name":"SAN LUIS FIRM\u00d3 UN CONVENIO DE COLABORACI\u00d3N CON CABA EN MATERIA ELECTORAL - Apuntes de San Luis","isPartOf":{"@id":"https:\/\/apuntesdesanluis.com\/#website"},"primaryImageOfPage":{"@id":"https:\/\/apuntesdesanluis.com\/index.php\/2024\/09\/12\/san-luis-firmo-un-convenio-de-colaboracion-con-caba-en-materia-electoral\/#primaryimage"},"image":{"@id":"https:\/\/apuntesdesanluis.com\/index.php\/2024\/09\/12\/san-luis-firmo-un-convenio-de-colaboracion-con-caba-en-materia-electoral\/#primaryimage"},"thumbnailUrl":"https:\/\/apuntesdesanluis.com\/wp-content\/uploads\/2024\/09\/convenio-1.png","datePublished":"2024-09-13T02:55:07+00:00","breadcrumb":{"@id":"https:\/\/apuntesdesanluis.com\/index.php\/2024\/09\/12\/san-luis-firmo-un-convenio-de-colaboracion-con-caba-en-materia-electoral\/#breadcrumb"},"inLanguage":"es-AR","potentialAction":[{"@type":"ReadAction","target":["https:\/\/apuntesdesanluis.com\/index.php\/2024\/09\/12\/san-luis-firmo-un-convenio-de-colaboracion-con-caba-en-materia-electoral\/"]}]},{"@type":"ImageObject","inLanguage":"es-AR","@id":"https:\/\/apuntesdesanluis.com\/index.php\/2024\/09\/12\/san-luis-firmo-un-convenio-de-colaboracion-con-caba-en-materia-electoral\/#primaryimage","url":"https:\/\/apuntesdesanluis.com\/wp-content\/uploads\/2024\/09\/convenio-1.png","contentUrl":"https:\/\/apuntesdesanluis.com\/wp-content\/uploads\/2024\/09\/convenio-1.png","width":782,"height":485},{"@type":"BreadcrumbList","@id":"https:\/\/apuntesdesanluis.com\/index.php\/2024\/09\/12\/san-luis-firmo-un-convenio-de-colaboracion-con-caba-en-materia-electoral\/#breadcrumb","itemListElement":[{"@type":"ListItem","position":1,"name":"Inicio","item":"https:\/\/apuntesdesanluis.com\/"},{"@type":"ListItem","position":2,"name":"SAN LUIS FIRM\u00d3 UN CONVENIO DE COLABORACI\u00d3N CON CABA EN MATERIA ELECTORAL"}]},{"@type":"WebSite","@id":"https:\/\/apuntesdesanluis.com\/#website","url":"https:\/\/apuntesdesanluis.com\/","name":"Apuntes de San Luis","description":"","publisher":{"@id":"https:\/\/apuntesdesanluis.com\/#\/schema\/person\/b55151d52296fcce64d1a72538a70b90"},"potentialAction":[{"@type":"SearchAction","target":{"@type":"EntryPoint","urlTemplate":"https:\/\/apuntesdesanluis.com\/?s={search_term_string}"},"query-input":{"@type":"PropertyValueSpecification","valueRequired":true,"valueName":"search_term_string"}}],"inLanguage":"es-AR"},{"@type":["Person","Organization"],"@id":"https:\/\/apuntesdesanluis.com\/#\/schema\/person\/b55151d52296fcce64d1a72538a70b90","name":"apuntesdesanluis.com","image":{"@type":"ImageObject","inLanguage":"es-AR","@id":"https:\/\/apuntesdesanluis.com\/#\/schema\/person\/image\/","url":"https:\/\/apuntesdesanluis.com\/wp-content\/uploads\/2023\/07\/cropped-apuntesdesanluis.png","contentUrl":"https:\/\/apuntesdesanluis.com\/wp-content\/uploads\/2023\/07\/cropped-apuntesdesanluis.png","width":450,"height":112,"caption":"apuntesdesanluis.com"},"logo":{"@id":"https:\/\/apuntesdesanluis.com\/#\/schema\/person\/image\/"},"sameAs":["https:\/\/apuntesdesanluis.com"],"url":"https:\/\/apuntesdesanluis.com\/index.php\/author\/apuntesdesanluis-com\/"}]}},"featured_image_urls":{"full":["https:\/\/apuntesdesanluis.com\/wp-content\/uploads\/2024\/09\/convenio-1.png",782,485,false],"thumbnail":["https:\/\/apuntesdesanluis.com\/wp-content\/uploads\/2024\/09\/convenio-1-150x150.png",150,150,true],"medium":["https:\/\/apuntesdesanluis.com\/wp-content\/uploads\/2024\/09\/convenio-1-300x186.png",300,186,true],"medium_large":["https:\/\/apuntesdesanluis.com\/wp-content\/uploads\/2024\/09\/convenio-1-768x476.png",640,397,true],"large":["https:\/\/apuntesdesanluis.com\/wp-content\/uploads\/2024\/09\/convenio-1.png",640,397,false],"1536x1536":["https:\/\/apuntesdesanluis.com\/wp-content\/uploads\/2024\/09\/convenio-1.png",782,485,false],"2048x2048":["https:\/\/apuntesdesanluis.com\/wp-content\/uploads\/2024\/09\/convenio-1.png",782,485,false],"newsever-slider-full":["https:\/\/apuntesdesanluis.com\/wp-content\/uploads\/2024\/09\/convenio-1.png",782,485,false],"newsever-featured":["https:\/\/apuntesdesanluis.com\/wp-content\/uploads\/2024\/09\/convenio-1.png",782,485,false],"newsever-medium":["https:\/\/apuntesdesanluis.com\/wp-content\/uploads\/2024\/09\/convenio-1-720x475.png",720,475,true]},"author_info":{"display_name":"apuntesdesanluis.com","author_link":"https:\/\/apuntesdesanluis.com\/index.php\/author\/apuntesdesanluis-com\/"},"category_info":"<a href=\"https:\/\/apuntesdesanluis.com\/index.php\/category\/ciudad-provincia\/\" rel=\"category tag\">Ciudad\/Provincia<\/a>","tag_info":"Ciudad\/Provincia","comment_count":"0","_links":{"self":[{"href":"https:\/\/apuntesdesanluis.com\/index.php\/wp-json\/wp\/v2\/posts\/22201","targetHints":{"allow":["GET"]}}],"collection":[{"href":"https:\/\/apuntesdesanluis.com\/index.php\/wp-json\/wp\/v2\/posts"}],"about":[{"href":"https:\/\/apuntesdesanluis.com\/index.php\/wp-json\/wp\/v2\/types\/post"}],"author":[{"embeddable":true,"href":"https:\/\/apuntesdesanluis.com\/index.php\/wp-json\/wp\/v2\/users\/1"}],"replies":[{"embeddable":true,"href":"https:\/\/apuntesdesanluis.com\/index.php\/wp-json\/wp\/v2\/comments?post=22201"}],"version-history":[{"count":1,"href":"https:\/\/apuntesdesanluis.com\/index.php\/wp-json\/wp\/v2\/posts\/22201\/revisions"}],"predecessor-version":[{"id":22204,"href":"https:\/\/apuntesdesanluis.com\/index.php\/wp-json\/wp\/v2\/posts\/22201\/revisions\/22204"}],"wp:featuredmedia":[{"embeddable":true,"href":"https:\/\/apuntesdesanluis.com\/index.php\/wp-json\/wp\/v2\/media\/22202"}],"wp:attachment":[{"href":"https:\/\/apuntesdesanluis.com\/index.php\/wp-json\/wp\/v2\/media?parent=22201"}],"wp:term":[{"taxonomy":"category","embeddable":true,"href":"https:\/\/apuntesdesanluis.com\/index.php\/wp-json\/wp\/v2\/categories?post=22201"},{"taxonomy":"post_tag","embeddable":true,"href":"https:\/\/apuntesdesanluis.com\/index.php\/wp-json\/wp\/v2\/tags?post=22201"}],"curies":[{"name":"wp","href":"https:\/\/api.w.org\/{rel}","templated":true}]}}