{"id":2221,"date":"2023-08-28T20:47:28","date_gmt":"2023-08-28T23:47:28","guid":{"rendered":"https:\/\/apuntesdesanluis.com\/?p=2221"},"modified":"2023-08-28T20:47:28","modified_gmt":"2023-08-28T23:47:28","slug":"merlo-5-anos-de-prision-a-un-hombre-por-el-delito-de-robo-por-escalamiento","status":"publish","type":"post","link":"https:\/\/apuntesdesanluis.com\/index.php\/2023\/08\/28\/merlo-5-anos-de-prision-a-un-hombre-por-el-delito-de-robo-por-escalamiento\/","title":{"rendered":"MERLO: 5 A\u00d1OS DE PRISI\u00d3N A UN HOMBRE POR EL DELITO DE ROBO POR ESCALAMIENTO"},"content":{"rendered":"<h3>Este lunes, la jueza <strong>Mar\u00eda Claudia Uccello<\/strong> conden\u00f3 a <strong>Marco Lino Rafaelli<\/strong> a la pena de 5 a\u00f1os de prisi\u00f3n como autor material del delito de robo calificado por escalamiento en perjuicio de C.U.<\/h3>\n<h3>La Magistrada, que integra de manera unipersonal la Sala Penal de la C\u00e1mara de Apelaciones con asiento en Concar\u00e1n, tom\u00f3 esa decisi\u00f3n luego de escuchar los alegatos de la Fiscal\u00eda y la Defensa del ahora condenado.<\/h3>\n<h3>El hecho ocurri\u00f3 en la Villa de Merlo en abril del 2016, cuando la damnificada regres\u00f3 de un viaje a Buenos Aires y descubri\u00f3 que una de las ventanas de la habitaci\u00f3n de hu\u00e9spedes hab\u00eda sido forzada y not\u00f3 que le faltaban joyas, dos relojes -uno marca Rolex-, cadenitas de oro, anillos y el dinero que guardaba en una ri\u00f1onera y que constaba de 28 mil d\u00f3lares, 500 euros y 300 reales.<\/h3>\n<h3>En la audiencia celebrada este 28 de agosto, el Fiscal de Juicio, N\u00e9stor Zudaire, realiz\u00f3 una reconstrucci\u00f3n del suceso de acuerdo a la teor\u00eda del caso. Expres\u00f3 que existe suficiente prueba de cargo para establecer que Rafaelli es autor penalmente responsable de robo calificado por escalamiento. La fiscal de Instrucci\u00f3n N\u00b0 2, D\u00e9bora Roy Gitto, y la fiscal adjunta, Silvina Arg\u00fcello, completaron el equipo del Ministerio P\u00fablico Fiscal que actu\u00f3 en el debate oral.<\/h3>\n<h3>Zudaire agreg\u00f3 que el allanamiento realizado en el domicilio de Rafaelli dio resultados positivos, ya que al examinar bald\u00edos aleda\u00f1os a la vivienda, se encontraron en diversas bolsas de nylon diferentes elementos que estaban escondidos en desag\u00fces, entre escombros y chapas. Relat\u00f3 que dos d\u00edas despu\u00e9s de ese allanamiento, la denunciante reconoci\u00f3 como propios esos objetos secuestrados.<\/h3>\n<h3>El Fiscal tambi\u00e9n dijo que Rafaelli utiliz\u00f3 una barreta para violentar una ventana del domicilio de C.U., y que ese instrumento es el mismo que se us\u00f3 en un robo que se cometi\u00f3 el 2 de mayo del 2016 en el domicilio de otro damnificado, P.C..<\/h3>\n<h3>\u201cEsta barreta tiene otra historia porque fue utilizada para violentar una puerta de acceso en la casa de P.C. y tambi\u00e9n fue utilizada para sustraer, arrancar la reja que proteg\u00eda la ventana de la casa de la se\u00f1ora C.U\u201d.<\/h3>\n<h3>Finalmente, solicit\u00f3 5 a\u00f1os de prisi\u00f3n ya que \u201cse prefigura el agravante de robo con escalamiento porque fue necesario para llegar a la ventana que estaba a una altura de 1,60 m. aproximadamente, poner estos soportes para poder pisarlos y acceder a la ventana, para sacar la reja y posteriormente ingresar en la vivienda\u201d.<\/h3>\n<h3>Por su parte el Defensor Oficial en lo Penal, Jos\u00e9 Francisco P\u00e9rez, solicit\u00f3 la libertad de su defendido ya que consider\u00f3 que se viol\u00f3 la garant\u00eda constitucional del \u201cplazo razonable\u201d. Record\u00f3 que el C\u00f3digo Procesal Penal establece plazos perentorios para la investigaci\u00f3n penal preparatoria de 4 meses y, de 3 a\u00f1os, como plazo total desde la formulaci\u00f3n de cargos hasta el juicio. \u201cHay una pena m\u00e1xima de 5 a\u00f1os de prisi\u00f3n, llevamos 7 de juicio, si le sacamos dos a\u00f1os de pandemia estamos con la pena m\u00e1xima y esto la Corte Suprema lo viene dictaminando en diferentes fallos, es decir, si no hay complejidades como en esta causa, ya que son il\u00edcitos comunes (\u2026) no puedo dar una extensi\u00f3n del plazo de investigaci\u00f3n incompatible con las caracter\u00edsticas de la causa, y esto constituye una violaci\u00f3n a las garant\u00edas constitucionales, convencionales y judiciales\u201d, enfatiz\u00f3.<\/h3>\n<h3>Con respecto a la prueba presentada por Fiscal\u00eda, dijo que no existe ninguna certeza sobre la culpabilidad de Rafaelli ya que no se tomaron huellas dactilosc\u00f3picas de la barreta, de la ventana violentada o de los elementos sustra\u00eddos. Tambi\u00e9n neg\u00f3 que los elementos secuestrados en el bald\u00edo pertenecieran a su defendido: \u201cnadie puede asegurar a esta altura que lo que se ha secuestrado ha sido en el domicilio de mi defendido, no tiene cierre perimetral la casa; \u00bfc\u00f3mo sabemos si dos metros es dentro de la casa o fuera de la casa? Hablamos de donde no tiene cierre, no est\u00e1n dentro de su casa\u201d, argument\u00f3.<\/h3>\n<h3>Pidi\u00f3 adem\u00e1s la aplicaci\u00f3n de la ley m\u00e1s benigna, ya que no se dio cumplimiento al principio de \u201cigualdad de armas\u201d.<\/h3>\n<h3>\u201cNo puedo ejercer una defensa efectiva con la poca cantidad de recursos que tengo, a diferencia de la fiscal\u00eda\u201d y concluy\u00f3 que\u00a0 no se puede condenar por indicios o analog\u00edas sino habiendo acreditado el hecho de manera fehaciente. Por \u00faltimo, reiter\u00f3 el pedido de absoluci\u00f3n de su defendido por el beneficio de la duda.<\/h3>\n<h3>Cuando la jueza llam\u00f3 a Rafaelli a declarar, el hombre de 38 a\u00f1os se declar\u00f3 inocente. Sin embargo, la magistrada consider\u00f3 que el hecho y su autor\u00eda estaban debidamente probados, emitiendo veredicto condenatorio en contra del acusado.<\/h3>\n<h3>Finalmente, inform\u00f3 que la sentencia ser\u00e1 dictada en el t\u00e9rmino de ley.<\/h3>\n","protected":false},"excerpt":{"rendered":"<p>Este lunes, la jueza Mar\u00eda Claudia Uccello conden\u00f3 a Marco Lino Rafaelli a la pena&#8230;<\/p>\n","protected":false},"author":1,"featured_media":2222,"comment_status":"closed","ping_status":"closed","sticky":false,"template":"","format":"standard","meta":{"footnotes":""},"categories":[6],"tags":[],"class_list":["post-2221","post","type-post","status-publish","format-standard","has-post-thumbnail","hentry","category-ciudad-provincia"],"yoast_head":"<!-- This site is optimized with the Yoast SEO plugin v26.1.1 - https:\/\/yoast.com\/wordpress\/plugins\/seo\/ -->\n<title>MERLO: 5 A\u00d1OS DE PRISI\u00d3N A UN HOMBRE POR EL DELITO DE ROBO POR ESCALAMIENTO - Apuntes de San Luis<\/title>\n<meta name=\"robots\" content=\"index, follow, max-snippet:-1, max-image-preview:large, max-video-preview:-1\" \/>\n<link rel=\"canonical\" href=\"https:\/\/apuntesdesanluis.com\/index.php\/2023\/08\/28\/merlo-5-anos-de-prision-a-un-hombre-por-el-delito-de-robo-por-escalamiento\/\" \/>\n<meta property=\"og:locale\" content=\"es_ES\" \/>\n<meta property=\"og:type\" content=\"article\" \/>\n<meta property=\"og:title\" content=\"MERLO: 5 A\u00d1OS DE PRISI\u00d3N A UN HOMBRE POR EL DELITO DE ROBO POR ESCALAMIENTO - Apuntes de San Luis\" \/>\n<meta property=\"og:description\" content=\"Este lunes, la jueza Mar\u00eda Claudia Uccello conden\u00f3 a Marco Lino Rafaelli a la pena...\" \/>\n<meta property=\"og:url\" content=\"https:\/\/apuntesdesanluis.com\/index.php\/2023\/08\/28\/merlo-5-anos-de-prision-a-un-hombre-por-el-delito-de-robo-por-escalamiento\/\" \/>\n<meta property=\"og:site_name\" content=\"Apuntes de San Luis\" \/>\n<meta property=\"article:published_time\" content=\"2023-08-28T23:47:28+00:00\" \/>\n<meta property=\"og:image\" content=\"https:\/\/apuntesdesanluis.com\/wp-content\/uploads\/2023\/08\/JUICIO-6.png\" \/>\n\t<meta property=\"og:image:width\" content=\"700\" \/>\n\t<meta property=\"og:image:height\" content=\"413\" \/>\n\t<meta property=\"og:image:type\" content=\"image\/png\" \/>\n<meta name=\"author\" content=\"apuntesdesanluis.com\" \/>\n<meta name=\"twitter:card\" content=\"summary_large_image\" \/>\n<meta name=\"twitter:label1\" content=\"Escrito por\" \/>\n\t<meta name=\"twitter:data1\" content=\"apuntesdesanluis.com\" \/>\n\t<meta name=\"twitter:label2\" content=\"Tiempo de lectura\" \/>\n\t<meta name=\"twitter:data2\" content=\"4 minutos\" \/>\n<script type=\"application\/ld+json\" class=\"yoast-schema-graph\">{\"@context\":\"https:\/\/schema.org\",\"@graph\":[{\"@type\":\"Article\",\"@id\":\"https:\/\/apuntesdesanluis.com\/index.php\/2023\/08\/28\/merlo-5-anos-de-prision-a-un-hombre-por-el-delito-de-robo-por-escalamiento\/#article\",\"isPartOf\":{\"@id\":\"https:\/\/apuntesdesanluis.com\/index.php\/2023\/08\/28\/merlo-5-anos-de-prision-a-un-hombre-por-el-delito-de-robo-por-escalamiento\/\"},\"author\":{\"name\":\"apuntesdesanluis.com\",\"@id\":\"https:\/\/apuntesdesanluis.com\/#\/schema\/person\/b55151d52296fcce64d1a72538a70b90\"},\"headline\":\"MERLO: 5 A\u00d1OS DE PRISI\u00d3N A UN HOMBRE POR EL DELITO DE ROBO POR ESCALAMIENTO\",\"datePublished\":\"2023-08-28T23:47:28+00:00\",\"mainEntityOfPage\":{\"@id\":\"https:\/\/apuntesdesanluis.com\/index.php\/2023\/08\/28\/merlo-5-anos-de-prision-a-un-hombre-por-el-delito-de-robo-por-escalamiento\/\"},\"wordCount\":851,\"publisher\":{\"@id\":\"https:\/\/apuntesdesanluis.com\/#\/schema\/person\/b55151d52296fcce64d1a72538a70b90\"},\"image\":{\"@id\":\"https:\/\/apuntesdesanluis.com\/index.php\/2023\/08\/28\/merlo-5-anos-de-prision-a-un-hombre-por-el-delito-de-robo-por-escalamiento\/#primaryimage\"},\"thumbnailUrl\":\"https:\/\/apuntesdesanluis.com\/wp-content\/uploads\/2023\/08\/JUICIO-6.png\",\"articleSection\":[\"Ciudad\/Provincia\"],\"inLanguage\":\"es-AR\"},{\"@type\":\"WebPage\",\"@id\":\"https:\/\/apuntesdesanluis.com\/index.php\/2023\/08\/28\/merlo-5-anos-de-prision-a-un-hombre-por-el-delito-de-robo-por-escalamiento\/\",\"url\":\"https:\/\/apuntesdesanluis.com\/index.php\/2023\/08\/28\/merlo-5-anos-de-prision-a-un-hombre-por-el-delito-de-robo-por-escalamiento\/\",\"name\":\"MERLO: 5 A\u00d1OS DE PRISI\u00d3N A UN HOMBRE POR EL DELITO DE ROBO POR ESCALAMIENTO - Apuntes de San Luis\",\"isPartOf\":{\"@id\":\"https:\/\/apuntesdesanluis.com\/#website\"},\"primaryImageOfPage\":{\"@id\":\"https:\/\/apuntesdesanluis.com\/index.php\/2023\/08\/28\/merlo-5-anos-de-prision-a-un-hombre-por-el-delito-de-robo-por-escalamiento\/#primaryimage\"},\"image\":{\"@id\":\"https:\/\/apuntesdesanluis.com\/index.php\/2023\/08\/28\/merlo-5-anos-de-prision-a-un-hombre-por-el-delito-de-robo-por-escalamiento\/#primaryimage\"},\"thumbnailUrl\":\"https:\/\/apuntesdesanluis.com\/wp-content\/uploads\/2023\/08\/JUICIO-6.png\",\"datePublished\":\"2023-08-28T23:47:28+00:00\",\"breadcrumb\":{\"@id\":\"https:\/\/apuntesdesanluis.com\/index.php\/2023\/08\/28\/merlo-5-anos-de-prision-a-un-hombre-por-el-delito-de-robo-por-escalamiento\/#breadcrumb\"},\"inLanguage\":\"es-AR\",\"potentialAction\":[{\"@type\":\"ReadAction\",\"target\":[\"https:\/\/apuntesdesanluis.com\/index.php\/2023\/08\/28\/merlo-5-anos-de-prision-a-un-hombre-por-el-delito-de-robo-por-escalamiento\/\"]}]},{\"@type\":\"ImageObject\",\"inLanguage\":\"es-AR\",\"@id\":\"https:\/\/apuntesdesanluis.com\/index.php\/2023\/08\/28\/merlo-5-anos-de-prision-a-un-hombre-por-el-delito-de-robo-por-escalamiento\/#primaryimage\",\"url\":\"https:\/\/apuntesdesanluis.com\/wp-content\/uploads\/2023\/08\/JUICIO-6.png\",\"contentUrl\":\"https:\/\/apuntesdesanluis.com\/wp-content\/uploads\/2023\/08\/JUICIO-6.png\",\"width\":700,\"height\":413},{\"@type\":\"BreadcrumbList\",\"@id\":\"https:\/\/apuntesdesanluis.com\/index.php\/2023\/08\/28\/merlo-5-anos-de-prision-a-un-hombre-por-el-delito-de-robo-por-escalamiento\/#breadcrumb\",\"itemListElement\":[{\"@type\":\"ListItem\",\"position\":1,\"name\":\"Inicio\",\"item\":\"https:\/\/apuntesdesanluis.com\/\"},{\"@type\":\"ListItem\",\"position\":2,\"name\":\"MERLO: 5 A\u00d1OS DE PRISI\u00d3N A UN HOMBRE POR EL DELITO DE ROBO POR ESCALAMIENTO\"}]},{\"@type\":\"WebSite\",\"@id\":\"https:\/\/apuntesdesanluis.com\/#website\",\"url\":\"https:\/\/apuntesdesanluis.com\/\",\"name\":\"Apuntes de San Luis\",\"description\":\"\",\"publisher\":{\"@id\":\"https:\/\/apuntesdesanluis.com\/#\/schema\/person\/b55151d52296fcce64d1a72538a70b90\"},\"potentialAction\":[{\"@type\":\"SearchAction\",\"target\":{\"@type\":\"EntryPoint\",\"urlTemplate\":\"https:\/\/apuntesdesanluis.com\/?s={search_term_string}\"},\"query-input\":{\"@type\":\"PropertyValueSpecification\",\"valueRequired\":true,\"valueName\":\"search_term_string\"}}],\"inLanguage\":\"es-AR\"},{\"@type\":[\"Person\",\"Organization\"],\"@id\":\"https:\/\/apuntesdesanluis.com\/#\/schema\/person\/b55151d52296fcce64d1a72538a70b90\",\"name\":\"apuntesdesanluis.com\",\"image\":{\"@type\":\"ImageObject\",\"inLanguage\":\"es-AR\",\"@id\":\"https:\/\/apuntesdesanluis.com\/#\/schema\/person\/image\/\",\"url\":\"https:\/\/apuntesdesanluis.com\/wp-content\/uploads\/2023\/07\/cropped-apuntesdesanluis.png\",\"contentUrl\":\"https:\/\/apuntesdesanluis.com\/wp-content\/uploads\/2023\/07\/cropped-apuntesdesanluis.png\",\"width\":450,\"height\":112,\"caption\":\"apuntesdesanluis.com\"},\"logo\":{\"@id\":\"https:\/\/apuntesdesanluis.com\/#\/schema\/person\/image\/\"},\"sameAs\":[\"https:\/\/apuntesdesanluis.com\"],\"url\":\"https:\/\/apuntesdesanluis.com\/index.php\/author\/apuntesdesanluis-com\/\"}]}<\/script>\n<!-- \/ Yoast SEO plugin. -->","yoast_head_json":{"title":"MERLO: 5 A\u00d1OS DE PRISI\u00d3N A UN HOMBRE POR EL DELITO DE ROBO POR ESCALAMIENTO - Apuntes de San Luis","robots":{"index":"index","follow":"follow","max-snippet":"max-snippet:-1","max-image-preview":"max-image-preview:large","max-video-preview":"max-video-preview:-1"},"canonical":"https:\/\/apuntesdesanluis.com\/index.php\/2023\/08\/28\/merlo-5-anos-de-prision-a-un-hombre-por-el-delito-de-robo-por-escalamiento\/","og_locale":"es_ES","og_type":"article","og_title":"MERLO: 5 A\u00d1OS DE PRISI\u00d3N A UN HOMBRE POR EL DELITO DE ROBO POR ESCALAMIENTO - Apuntes de San Luis","og_description":"Este lunes, la jueza Mar\u00eda Claudia Uccello conden\u00f3 a Marco Lino Rafaelli a la pena...","og_url":"https:\/\/apuntesdesanluis.com\/index.php\/2023\/08\/28\/merlo-5-anos-de-prision-a-un-hombre-por-el-delito-de-robo-por-escalamiento\/","og_site_name":"Apuntes de San Luis","article_published_time":"2023-08-28T23:47:28+00:00","og_image":[{"width":700,"height":413,"url":"https:\/\/apuntesdesanluis.com\/wp-content\/uploads\/2023\/08\/JUICIO-6.png","type":"image\/png"}],"author":"apuntesdesanluis.com","twitter_card":"summary_large_image","twitter_misc":{"Escrito por":"apuntesdesanluis.com","Tiempo de lectura":"4 minutos"},"schema":{"@context":"https:\/\/schema.org","@graph":[{"@type":"Article","@id":"https:\/\/apuntesdesanluis.com\/index.php\/2023\/08\/28\/merlo-5-anos-de-prision-a-un-hombre-por-el-delito-de-robo-por-escalamiento\/#article","isPartOf":{"@id":"https:\/\/apuntesdesanluis.com\/index.php\/2023\/08\/28\/merlo-5-anos-de-prision-a-un-hombre-por-el-delito-de-robo-por-escalamiento\/"},"author":{"name":"apuntesdesanluis.com","@id":"https:\/\/apuntesdesanluis.com\/#\/schema\/person\/b55151d52296fcce64d1a72538a70b90"},"headline":"MERLO: 5 A\u00d1OS DE PRISI\u00d3N A UN HOMBRE POR EL DELITO DE ROBO POR ESCALAMIENTO","datePublished":"2023-08-28T23:47:28+00:00","mainEntityOfPage":{"@id":"https:\/\/apuntesdesanluis.com\/index.php\/2023\/08\/28\/merlo-5-anos-de-prision-a-un-hombre-por-el-delito-de-robo-por-escalamiento\/"},"wordCount":851,"publisher":{"@id":"https:\/\/apuntesdesanluis.com\/#\/schema\/person\/b55151d52296fcce64d1a72538a70b90"},"image":{"@id":"https:\/\/apuntesdesanluis.com\/index.php\/2023\/08\/28\/merlo-5-anos-de-prision-a-un-hombre-por-el-delito-de-robo-por-escalamiento\/#primaryimage"},"thumbnailUrl":"https:\/\/apuntesdesanluis.com\/wp-content\/uploads\/2023\/08\/JUICIO-6.png","articleSection":["Ciudad\/Provincia"],"inLanguage":"es-AR"},{"@type":"WebPage","@id":"https:\/\/apuntesdesanluis.com\/index.php\/2023\/08\/28\/merlo-5-anos-de-prision-a-un-hombre-por-el-delito-de-robo-por-escalamiento\/","url":"https:\/\/apuntesdesanluis.com\/index.php\/2023\/08\/28\/merlo-5-anos-de-prision-a-un-hombre-por-el-delito-de-robo-por-escalamiento\/","name":"MERLO: 5 A\u00d1OS DE PRISI\u00d3N A UN HOMBRE POR EL DELITO DE ROBO POR ESCALAMIENTO - Apuntes de San Luis","isPartOf":{"@id":"https:\/\/apuntesdesanluis.com\/#website"},"primaryImageOfPage":{"@id":"https:\/\/apuntesdesanluis.com\/index.php\/2023\/08\/28\/merlo-5-anos-de-prision-a-un-hombre-por-el-delito-de-robo-por-escalamiento\/#primaryimage"},"image":{"@id":"https:\/\/apuntesdesanluis.com\/index.php\/2023\/08\/28\/merlo-5-anos-de-prision-a-un-hombre-por-el-delito-de-robo-por-escalamiento\/#primaryimage"},"thumbnailUrl":"https:\/\/apuntesdesanluis.com\/wp-content\/uploads\/2023\/08\/JUICIO-6.png","datePublished":"2023-08-28T23:47:28+00:00","breadcrumb":{"@id":"https:\/\/apuntesdesanluis.com\/index.php\/2023\/08\/28\/merlo-5-anos-de-prision-a-un-hombre-por-el-delito-de-robo-por-escalamiento\/#breadcrumb"},"inLanguage":"es-AR","potentialAction":[{"@type":"ReadAction","target":["https:\/\/apuntesdesanluis.com\/index.php\/2023\/08\/28\/merlo-5-anos-de-prision-a-un-hombre-por-el-delito-de-robo-por-escalamiento\/"]}]},{"@type":"ImageObject","inLanguage":"es-AR","@id":"https:\/\/apuntesdesanluis.com\/index.php\/2023\/08\/28\/merlo-5-anos-de-prision-a-un-hombre-por-el-delito-de-robo-por-escalamiento\/#primaryimage","url":"https:\/\/apuntesdesanluis.com\/wp-content\/uploads\/2023\/08\/JUICIO-6.png","contentUrl":"https:\/\/apuntesdesanluis.com\/wp-content\/uploads\/2023\/08\/JUICIO-6.png","width":700,"height":413},{"@type":"BreadcrumbList","@id":"https:\/\/apuntesdesanluis.com\/index.php\/2023\/08\/28\/merlo-5-anos-de-prision-a-un-hombre-por-el-delito-de-robo-por-escalamiento\/#breadcrumb","itemListElement":[{"@type":"ListItem","position":1,"name":"Inicio","item":"https:\/\/apuntesdesanluis.com\/"},{"@type":"ListItem","position":2,"name":"MERLO: 5 A\u00d1OS DE PRISI\u00d3N A UN HOMBRE POR EL DELITO DE ROBO POR ESCALAMIENTO"}]},{"@type":"WebSite","@id":"https:\/\/apuntesdesanluis.com\/#website","url":"https:\/\/apuntesdesanluis.com\/","name":"Apuntes de San Luis","description":"","publisher":{"@id":"https:\/\/apuntesdesanluis.com\/#\/schema\/person\/b55151d52296fcce64d1a72538a70b90"},"potentialAction":[{"@type":"SearchAction","target":{"@type":"EntryPoint","urlTemplate":"https:\/\/apuntesdesanluis.com\/?s={search_term_string}"},"query-input":{"@type":"PropertyValueSpecification","valueRequired":true,"valueName":"search_term_string"}}],"inLanguage":"es-AR"},{"@type":["Person","Organization"],"@id":"https:\/\/apuntesdesanluis.com\/#\/schema\/person\/b55151d52296fcce64d1a72538a70b90","name":"apuntesdesanluis.com","image":{"@type":"ImageObject","inLanguage":"es-AR","@id":"https:\/\/apuntesdesanluis.com\/#\/schema\/person\/image\/","url":"https:\/\/apuntesdesanluis.com\/wp-content\/uploads\/2023\/07\/cropped-apuntesdesanluis.png","contentUrl":"https:\/\/apuntesdesanluis.com\/wp-content\/uploads\/2023\/07\/cropped-apuntesdesanluis.png","width":450,"height":112,"caption":"apuntesdesanluis.com"},"logo":{"@id":"https:\/\/apuntesdesanluis.com\/#\/schema\/person\/image\/"},"sameAs":["https:\/\/apuntesdesanluis.com"],"url":"https:\/\/apuntesdesanluis.com\/index.php\/author\/apuntesdesanluis-com\/"}]}},"featured_image_urls":{"full":["https:\/\/apuntesdesanluis.com\/wp-content\/uploads\/2023\/08\/JUICIO-6.png",700,413,false],"thumbnail":["https:\/\/apuntesdesanluis.com\/wp-content\/uploads\/2023\/08\/JUICIO-6-150x150.png",150,150,true],"medium":["https:\/\/apuntesdesanluis.com\/wp-content\/uploads\/2023\/08\/JUICIO-6-300x177.png",300,177,true],"medium_large":["https:\/\/apuntesdesanluis.com\/wp-content\/uploads\/2023\/08\/JUICIO-6.png",640,378,false],"large":["https:\/\/apuntesdesanluis.com\/wp-content\/uploads\/2023\/08\/JUICIO-6.png",640,378,false],"1536x1536":["https:\/\/apuntesdesanluis.com\/wp-content\/uploads\/2023\/08\/JUICIO-6.png",700,413,false],"2048x2048":["https:\/\/apuntesdesanluis.com\/wp-content\/uploads\/2023\/08\/JUICIO-6.png",700,413,false],"newsever-slider-full":["https:\/\/apuntesdesanluis.com\/wp-content\/uploads\/2023\/08\/JUICIO-6.png",700,413,false],"newsever-featured":["https:\/\/apuntesdesanluis.com\/wp-content\/uploads\/2023\/08\/JUICIO-6.png",700,413,false],"newsever-medium":["https:\/\/apuntesdesanluis.com\/wp-content\/uploads\/2023\/08\/JUICIO-6.png",700,413,false]},"author_info":{"display_name":"apuntesdesanluis.com","author_link":"https:\/\/apuntesdesanluis.com\/index.php\/author\/apuntesdesanluis-com\/"},"category_info":"<a href=\"https:\/\/apuntesdesanluis.com\/index.php\/category\/ciudad-provincia\/\" rel=\"category tag\">Ciudad\/Provincia<\/a>","tag_info":"Ciudad\/Provincia","comment_count":"0","_links":{"self":[{"href":"https:\/\/apuntesdesanluis.com\/index.php\/wp-json\/wp\/v2\/posts\/2221","targetHints":{"allow":["GET"]}}],"collection":[{"href":"https:\/\/apuntesdesanluis.com\/index.php\/wp-json\/wp\/v2\/posts"}],"about":[{"href":"https:\/\/apuntesdesanluis.com\/index.php\/wp-json\/wp\/v2\/types\/post"}],"author":[{"embeddable":true,"href":"https:\/\/apuntesdesanluis.com\/index.php\/wp-json\/wp\/v2\/users\/1"}],"replies":[{"embeddable":true,"href":"https:\/\/apuntesdesanluis.com\/index.php\/wp-json\/wp\/v2\/comments?post=2221"}],"version-history":[{"count":1,"href":"https:\/\/apuntesdesanluis.com\/index.php\/wp-json\/wp\/v2\/posts\/2221\/revisions"}],"predecessor-version":[{"id":2223,"href":"https:\/\/apuntesdesanluis.com\/index.php\/wp-json\/wp\/v2\/posts\/2221\/revisions\/2223"}],"wp:featuredmedia":[{"embeddable":true,"href":"https:\/\/apuntesdesanluis.com\/index.php\/wp-json\/wp\/v2\/media\/2222"}],"wp:attachment":[{"href":"https:\/\/apuntesdesanluis.com\/index.php\/wp-json\/wp\/v2\/media?parent=2221"}],"wp:term":[{"taxonomy":"category","embeddable":true,"href":"https:\/\/apuntesdesanluis.com\/index.php\/wp-json\/wp\/v2\/categories?post=2221"},{"taxonomy":"post_tag","embeddable":true,"href":"https:\/\/apuntesdesanluis.com\/index.php\/wp-json\/wp\/v2\/tags?post=2221"}],"curies":[{"name":"wp","href":"https:\/\/api.w.org\/{rel}","templated":true}]}}