{"id":22212,"date":"2024-09-13T00:17:42","date_gmt":"2024-09-13T03:17:42","guid":{"rendered":"https:\/\/apuntesdesanluis.com\/?p=22212"},"modified":"2024-09-13T00:17:42","modified_gmt":"2024-09-13T03:17:42","slug":"bukele-visita-la-argentina-a-fin-de-mes-y-se-reunira-con-milei","status":"publish","type":"post","link":"https:\/\/apuntesdesanluis.com\/index.php\/2024\/09\/13\/bukele-visita-la-argentina-a-fin-de-mes-y-se-reunira-con-milei\/","title":{"rendered":"BUKELE VISITA LA ARGENTINA A FIN DE MES Y SE REUNIR\u00c1 CON MILEI"},"content":{"rendered":"<h3>El presidente Javier Milei recibir\u00e1 a su par de El Salvador, Nayib Bukele, a fin de mes, luego del acuerdo de asesoramiento en materia de seguridad firmado entre ambos pa\u00edses en junio pasado.<\/h3>\n<h3>De esta forma, los dos mandatarios confirmar\u00e1n su buen v\u00ednculo personal en lo que ser\u00e1 el tercer encuentro cara a cara entre ambos, ya que Bukele estuvo en la asunci\u00f3n de Milei el 10 de diciembre del a\u00f1o pasado y el presidente argentino luego asisti\u00f3 a la ceremonia de reasunci\u00f3n de su par salvadore\u00f1o.<\/h3>\n<h3>Bukele tiene previsto arribar a Buenos Aires el 29 de septiembre para una visita oficial que comenzar\u00e1 formalmente al d\u00eda siguiente y que incluir\u00e1 la reuni\u00f3n bilateral con Milei y otros compromisos con funcionarios del Gobierno y el Congreso.<\/h3>\n<h3>El mandatario salvadore\u00f1o cobr\u00f3 gran notoriedad por su pol\u00edtica de seguridad de mano dura que le dio popularidad en su pa\u00eds, al disminuir el accionar delictivo de bandas delictivas que controlaban parte del territorio. En paralelo, como consecuencia de ese accionar viene recibiendo denuncias por supuestas violaciones a los derechos humanos.<\/h3>\n<h3>Los ministros de seguridad de ambos pa\u00edses, Patricia Bullrich, y Gustavo Villatoro firmaron en junio &#8220;un convenio de trabajo para intensificar la colaboraci\u00f3n en el intercambio de informaci\u00f3n, el intercambio de instrumentos legales y en las capacitaciones conjuntas entre las Fuerzas de Seguridad&#8221; de los dos pa\u00edses.<\/h3>\n<h3>Tambi\u00e9n establecieron la creaci\u00f3n de &#8220;un laboratorio de pol\u00edticas de seguridad para llevar n\u00fameros actualizados de la Argentina, El Salvador y cualquier otro pa\u00eds que decida adherir al mismo&#8221;.<\/h3>\n<h3>&#8220;Yo siempre he dicho que nosotros estamos abiertos a apoyar a cualquier gobierno. Hace poco firmamos un acuerdo con el gobierno de Argentina, hemos recibido solicitudes de apoyo de diferentes tipos de otros gobiernos&#8221;, dijo Bukele en una reciente entrevista con la revista Time, en referencia a las consultas que reciben de distintos pa\u00edses de la regi\u00f3n, interesados sobre su estrategia de seguridad.<\/h3>\n<p>&nbsp;<\/p>\n<p>&nbsp;<\/p>\n<p>&nbsp;<\/p>\n<p>&nbsp;<\/p>\n","protected":false},"excerpt":{"rendered":"<p>El presidente Javier Milei recibir\u00e1 a su par de El Salvador, Nayib Bukele, a fin&#8230;<\/p>\n","protected":false},"author":1,"featured_media":22213,"comment_status":"closed","ping_status":"closed","sticky":false,"template":"","format":"standard","meta":{"footnotes":""},"categories":[5],"tags":[],"class_list":["post-22212","post","type-post","status-publish","format-standard","has-post-thumbnail","hentry","category-nacionales-internacionales"],"yoast_head":"<!-- This site is optimized with the Yoast SEO plugin v26.1.1 - https:\/\/yoast.com\/wordpress\/plugins\/seo\/ -->\n<title>BUKELE VISITA LA ARGENTINA A FIN DE MES Y SE REUNIR\u00c1 CON MILEI - Apuntes de San Luis<\/title>\n<meta name=\"robots\" content=\"index, follow, max-snippet:-1, max-image-preview:large, max-video-preview:-1\" \/>\n<link rel=\"canonical\" href=\"https:\/\/apuntesdesanluis.com\/index.php\/2024\/09\/13\/bukele-visita-la-argentina-a-fin-de-mes-y-se-reunira-con-milei\/\" \/>\n<meta property=\"og:locale\" content=\"es_ES\" \/>\n<meta property=\"og:type\" content=\"article\" \/>\n<meta property=\"og:title\" content=\"BUKELE VISITA LA ARGENTINA A FIN DE MES Y SE REUNIR\u00c1 CON MILEI - Apuntes de San Luis\" \/>\n<meta property=\"og:description\" content=\"El presidente Javier Milei recibir\u00e1 a su par de El Salvador, Nayib Bukele, a fin...\" \/>\n<meta property=\"og:url\" content=\"https:\/\/apuntesdesanluis.com\/index.php\/2024\/09\/13\/bukele-visita-la-argentina-a-fin-de-mes-y-se-reunira-con-milei\/\" \/>\n<meta property=\"og:site_name\" content=\"Apuntes de San Luis\" \/>\n<meta property=\"article:published_time\" content=\"2024-09-13T03:17:42+00:00\" \/>\n<meta property=\"og:image\" content=\"https:\/\/apuntesdesanluis.com\/wp-content\/uploads\/2024\/09\/milei-y-bukele.png\" \/>\n\t<meta property=\"og:image:width\" content=\"734\" \/>\n\t<meta property=\"og:image:height\" content=\"488\" \/>\n\t<meta property=\"og:image:type\" content=\"image\/png\" \/>\n<meta name=\"author\" content=\"apuntesdesanluis.com\" \/>\n<meta name=\"twitter:card\" content=\"summary_large_image\" \/>\n<meta name=\"twitter:label1\" content=\"Escrito por\" \/>\n\t<meta name=\"twitter:data1\" content=\"apuntesdesanluis.com\" \/>\n\t<meta name=\"twitter:label2\" content=\"Tiempo de lectura\" \/>\n\t<meta name=\"twitter:data2\" content=\"2 minutos\" \/>\n<script type=\"application\/ld+json\" class=\"yoast-schema-graph\">{\"@context\":\"https:\/\/schema.org\",\"@graph\":[{\"@type\":\"Article\",\"@id\":\"https:\/\/apuntesdesanluis.com\/index.php\/2024\/09\/13\/bukele-visita-la-argentina-a-fin-de-mes-y-se-reunira-con-milei\/#article\",\"isPartOf\":{\"@id\":\"https:\/\/apuntesdesanluis.com\/index.php\/2024\/09\/13\/bukele-visita-la-argentina-a-fin-de-mes-y-se-reunira-con-milei\/\"},\"author\":{\"name\":\"apuntesdesanluis.com\",\"@id\":\"https:\/\/apuntesdesanluis.com\/#\/schema\/person\/b55151d52296fcce64d1a72538a70b90\"},\"headline\":\"BUKELE VISITA LA ARGENTINA A FIN DE MES Y SE REUNIR\u00c1 CON MILEI\",\"datePublished\":\"2024-09-13T03:17:42+00:00\",\"mainEntityOfPage\":{\"@id\":\"https:\/\/apuntesdesanluis.com\/index.php\/2024\/09\/13\/bukele-visita-la-argentina-a-fin-de-mes-y-se-reunira-con-milei\/\"},\"wordCount\":354,\"publisher\":{\"@id\":\"https:\/\/apuntesdesanluis.com\/#\/schema\/person\/b55151d52296fcce64d1a72538a70b90\"},\"image\":{\"@id\":\"https:\/\/apuntesdesanluis.com\/index.php\/2024\/09\/13\/bukele-visita-la-argentina-a-fin-de-mes-y-se-reunira-con-milei\/#primaryimage\"},\"thumbnailUrl\":\"https:\/\/apuntesdesanluis.com\/wp-content\/uploads\/2024\/09\/milei-y-bukele.png\",\"articleSection\":[\"Nacionales\/Internacionales\"],\"inLanguage\":\"es-AR\"},{\"@type\":\"WebPage\",\"@id\":\"https:\/\/apuntesdesanluis.com\/index.php\/2024\/09\/13\/bukele-visita-la-argentina-a-fin-de-mes-y-se-reunira-con-milei\/\",\"url\":\"https:\/\/apuntesdesanluis.com\/index.php\/2024\/09\/13\/bukele-visita-la-argentina-a-fin-de-mes-y-se-reunira-con-milei\/\",\"name\":\"BUKELE VISITA LA ARGENTINA A FIN DE MES Y SE REUNIR\u00c1 CON MILEI - Apuntes de San Luis\",\"isPartOf\":{\"@id\":\"https:\/\/apuntesdesanluis.com\/#website\"},\"primaryImageOfPage\":{\"@id\":\"https:\/\/apuntesdesanluis.com\/index.php\/2024\/09\/13\/bukele-visita-la-argentina-a-fin-de-mes-y-se-reunira-con-milei\/#primaryimage\"},\"image\":{\"@id\":\"https:\/\/apuntesdesanluis.com\/index.php\/2024\/09\/13\/bukele-visita-la-argentina-a-fin-de-mes-y-se-reunira-con-milei\/#primaryimage\"},\"thumbnailUrl\":\"https:\/\/apuntesdesanluis.com\/wp-content\/uploads\/2024\/09\/milei-y-bukele.png\",\"datePublished\":\"2024-09-13T03:17:42+00:00\",\"breadcrumb\":{\"@id\":\"https:\/\/apuntesdesanluis.com\/index.php\/2024\/09\/13\/bukele-visita-la-argentina-a-fin-de-mes-y-se-reunira-con-milei\/#breadcrumb\"},\"inLanguage\":\"es-AR\",\"potentialAction\":[{\"@type\":\"ReadAction\",\"target\":[\"https:\/\/apuntesdesanluis.com\/index.php\/2024\/09\/13\/bukele-visita-la-argentina-a-fin-de-mes-y-se-reunira-con-milei\/\"]}]},{\"@type\":\"ImageObject\",\"inLanguage\":\"es-AR\",\"@id\":\"https:\/\/apuntesdesanluis.com\/index.php\/2024\/09\/13\/bukele-visita-la-argentina-a-fin-de-mes-y-se-reunira-con-milei\/#primaryimage\",\"url\":\"https:\/\/apuntesdesanluis.com\/wp-content\/uploads\/2024\/09\/milei-y-bukele.png\",\"contentUrl\":\"https:\/\/apuntesdesanluis.com\/wp-content\/uploads\/2024\/09\/milei-y-bukele.png\",\"width\":734,\"height\":488},{\"@type\":\"BreadcrumbList\",\"@id\":\"https:\/\/apuntesdesanluis.com\/index.php\/2024\/09\/13\/bukele-visita-la-argentina-a-fin-de-mes-y-se-reunira-con-milei\/#breadcrumb\",\"itemListElement\":[{\"@type\":\"ListItem\",\"position\":1,\"name\":\"Inicio\",\"item\":\"https:\/\/apuntesdesanluis.com\/\"},{\"@type\":\"ListItem\",\"position\":2,\"name\":\"BUKELE VISITA LA ARGENTINA A FIN DE MES Y SE REUNIR\u00c1 CON MILEI\"}]},{\"@type\":\"WebSite\",\"@id\":\"https:\/\/apuntesdesanluis.com\/#website\",\"url\":\"https:\/\/apuntesdesanluis.com\/\",\"name\":\"Apuntes de San Luis\",\"description\":\"\",\"publisher\":{\"@id\":\"https:\/\/apuntesdesanluis.com\/#\/schema\/person\/b55151d52296fcce64d1a72538a70b90\"},\"potentialAction\":[{\"@type\":\"SearchAction\",\"target\":{\"@type\":\"EntryPoint\",\"urlTemplate\":\"https:\/\/apuntesdesanluis.com\/?s={search_term_string}\"},\"query-input\":{\"@type\":\"PropertyValueSpecification\",\"valueRequired\":true,\"valueName\":\"search_term_string\"}}],\"inLanguage\":\"es-AR\"},{\"@type\":[\"Person\",\"Organization\"],\"@id\":\"https:\/\/apuntesdesanluis.com\/#\/schema\/person\/b55151d52296fcce64d1a72538a70b90\",\"name\":\"apuntesdesanluis.com\",\"image\":{\"@type\":\"ImageObject\",\"inLanguage\":\"es-AR\",\"@id\":\"https:\/\/apuntesdesanluis.com\/#\/schema\/person\/image\/\",\"url\":\"https:\/\/apuntesdesanluis.com\/wp-content\/uploads\/2023\/07\/cropped-apuntesdesanluis.png\",\"contentUrl\":\"https:\/\/apuntesdesanluis.com\/wp-content\/uploads\/2023\/07\/cropped-apuntesdesanluis.png\",\"width\":450,\"height\":112,\"caption\":\"apuntesdesanluis.com\"},\"logo\":{\"@id\":\"https:\/\/apuntesdesanluis.com\/#\/schema\/person\/image\/\"},\"sameAs\":[\"https:\/\/apuntesdesanluis.com\"],\"url\":\"https:\/\/apuntesdesanluis.com\/index.php\/author\/apuntesdesanluis-com\/\"}]}<\/script>\n<!-- \/ Yoast SEO plugin. -->","yoast_head_json":{"title":"BUKELE VISITA LA ARGENTINA A FIN DE MES Y SE REUNIR\u00c1 CON MILEI - Apuntes de San Luis","robots":{"index":"index","follow":"follow","max-snippet":"max-snippet:-1","max-image-preview":"max-image-preview:large","max-video-preview":"max-video-preview:-1"},"canonical":"https:\/\/apuntesdesanluis.com\/index.php\/2024\/09\/13\/bukele-visita-la-argentina-a-fin-de-mes-y-se-reunira-con-milei\/","og_locale":"es_ES","og_type":"article","og_title":"BUKELE VISITA LA ARGENTINA A FIN DE MES Y SE REUNIR\u00c1 CON MILEI - Apuntes de San Luis","og_description":"El presidente Javier Milei recibir\u00e1 a su par de El Salvador, Nayib Bukele, a fin...","og_url":"https:\/\/apuntesdesanluis.com\/index.php\/2024\/09\/13\/bukele-visita-la-argentina-a-fin-de-mes-y-se-reunira-con-milei\/","og_site_name":"Apuntes de San Luis","article_published_time":"2024-09-13T03:17:42+00:00","og_image":[{"width":734,"height":488,"url":"https:\/\/apuntesdesanluis.com\/wp-content\/uploads\/2024\/09\/milei-y-bukele.png","type":"image\/png"}],"author":"apuntesdesanluis.com","twitter_card":"summary_large_image","twitter_misc":{"Escrito por":"apuntesdesanluis.com","Tiempo de lectura":"2 minutos"},"schema":{"@context":"https:\/\/schema.org","@graph":[{"@type":"Article","@id":"https:\/\/apuntesdesanluis.com\/index.php\/2024\/09\/13\/bukele-visita-la-argentina-a-fin-de-mes-y-se-reunira-con-milei\/#article","isPartOf":{"@id":"https:\/\/apuntesdesanluis.com\/index.php\/2024\/09\/13\/bukele-visita-la-argentina-a-fin-de-mes-y-se-reunira-con-milei\/"},"author":{"name":"apuntesdesanluis.com","@id":"https:\/\/apuntesdesanluis.com\/#\/schema\/person\/b55151d52296fcce64d1a72538a70b90"},"headline":"BUKELE VISITA LA ARGENTINA A FIN DE MES Y SE REUNIR\u00c1 CON MILEI","datePublished":"2024-09-13T03:17:42+00:00","mainEntityOfPage":{"@id":"https:\/\/apuntesdesanluis.com\/index.php\/2024\/09\/13\/bukele-visita-la-argentina-a-fin-de-mes-y-se-reunira-con-milei\/"},"wordCount":354,"publisher":{"@id":"https:\/\/apuntesdesanluis.com\/#\/schema\/person\/b55151d52296fcce64d1a72538a70b90"},"image":{"@id":"https:\/\/apuntesdesanluis.com\/index.php\/2024\/09\/13\/bukele-visita-la-argentina-a-fin-de-mes-y-se-reunira-con-milei\/#primaryimage"},"thumbnailUrl":"https:\/\/apuntesdesanluis.com\/wp-content\/uploads\/2024\/09\/milei-y-bukele.png","articleSection":["Nacionales\/Internacionales"],"inLanguage":"es-AR"},{"@type":"WebPage","@id":"https:\/\/apuntesdesanluis.com\/index.php\/2024\/09\/13\/bukele-visita-la-argentina-a-fin-de-mes-y-se-reunira-con-milei\/","url":"https:\/\/apuntesdesanluis.com\/index.php\/2024\/09\/13\/bukele-visita-la-argentina-a-fin-de-mes-y-se-reunira-con-milei\/","name":"BUKELE VISITA LA ARGENTINA A FIN DE MES Y SE REUNIR\u00c1 CON MILEI - Apuntes de San Luis","isPartOf":{"@id":"https:\/\/apuntesdesanluis.com\/#website"},"primaryImageOfPage":{"@id":"https:\/\/apuntesdesanluis.com\/index.php\/2024\/09\/13\/bukele-visita-la-argentina-a-fin-de-mes-y-se-reunira-con-milei\/#primaryimage"},"image":{"@id":"https:\/\/apuntesdesanluis.com\/index.php\/2024\/09\/13\/bukele-visita-la-argentina-a-fin-de-mes-y-se-reunira-con-milei\/#primaryimage"},"thumbnailUrl":"https:\/\/apuntesdesanluis.com\/wp-content\/uploads\/2024\/09\/milei-y-bukele.png","datePublished":"2024-09-13T03:17:42+00:00","breadcrumb":{"@id":"https:\/\/apuntesdesanluis.com\/index.php\/2024\/09\/13\/bukele-visita-la-argentina-a-fin-de-mes-y-se-reunira-con-milei\/#breadcrumb"},"inLanguage":"es-AR","potentialAction":[{"@type":"ReadAction","target":["https:\/\/apuntesdesanluis.com\/index.php\/2024\/09\/13\/bukele-visita-la-argentina-a-fin-de-mes-y-se-reunira-con-milei\/"]}]},{"@type":"ImageObject","inLanguage":"es-AR","@id":"https:\/\/apuntesdesanluis.com\/index.php\/2024\/09\/13\/bukele-visita-la-argentina-a-fin-de-mes-y-se-reunira-con-milei\/#primaryimage","url":"https:\/\/apuntesdesanluis.com\/wp-content\/uploads\/2024\/09\/milei-y-bukele.png","contentUrl":"https:\/\/apuntesdesanluis.com\/wp-content\/uploads\/2024\/09\/milei-y-bukele.png","width":734,"height":488},{"@type":"BreadcrumbList","@id":"https:\/\/apuntesdesanluis.com\/index.php\/2024\/09\/13\/bukele-visita-la-argentina-a-fin-de-mes-y-se-reunira-con-milei\/#breadcrumb","itemListElement":[{"@type":"ListItem","position":1,"name":"Inicio","item":"https:\/\/apuntesdesanluis.com\/"},{"@type":"ListItem","position":2,"name":"BUKELE VISITA LA ARGENTINA A FIN DE MES Y SE REUNIR\u00c1 CON MILEI"}]},{"@type":"WebSite","@id":"https:\/\/apuntesdesanluis.com\/#website","url":"https:\/\/apuntesdesanluis.com\/","name":"Apuntes de San Luis","description":"","publisher":{"@id":"https:\/\/apuntesdesanluis.com\/#\/schema\/person\/b55151d52296fcce64d1a72538a70b90"},"potentialAction":[{"@type":"SearchAction","target":{"@type":"EntryPoint","urlTemplate":"https:\/\/apuntesdesanluis.com\/?s={search_term_string}"},"query-input":{"@type":"PropertyValueSpecification","valueRequired":true,"valueName":"search_term_string"}}],"inLanguage":"es-AR"},{"@type":["Person","Organization"],"@id":"https:\/\/apuntesdesanluis.com\/#\/schema\/person\/b55151d52296fcce64d1a72538a70b90","name":"apuntesdesanluis.com","image":{"@type":"ImageObject","inLanguage":"es-AR","@id":"https:\/\/apuntesdesanluis.com\/#\/schema\/person\/image\/","url":"https:\/\/apuntesdesanluis.com\/wp-content\/uploads\/2023\/07\/cropped-apuntesdesanluis.png","contentUrl":"https:\/\/apuntesdesanluis.com\/wp-content\/uploads\/2023\/07\/cropped-apuntesdesanluis.png","width":450,"height":112,"caption":"apuntesdesanluis.com"},"logo":{"@id":"https:\/\/apuntesdesanluis.com\/#\/schema\/person\/image\/"},"sameAs":["https:\/\/apuntesdesanluis.com"],"url":"https:\/\/apuntesdesanluis.com\/index.php\/author\/apuntesdesanluis-com\/"}]}},"featured_image_urls":{"full":["https:\/\/apuntesdesanluis.com\/wp-content\/uploads\/2024\/09\/milei-y-bukele.png",734,488,false],"thumbnail":["https:\/\/apuntesdesanluis.com\/wp-content\/uploads\/2024\/09\/milei-y-bukele-150x150.png",150,150,true],"medium":["https:\/\/apuntesdesanluis.com\/wp-content\/uploads\/2024\/09\/milei-y-bukele-300x199.png",300,199,true],"medium_large":["https:\/\/apuntesdesanluis.com\/wp-content\/uploads\/2024\/09\/milei-y-bukele.png",640,426,false],"large":["https:\/\/apuntesdesanluis.com\/wp-content\/uploads\/2024\/09\/milei-y-bukele.png",640,426,false],"1536x1536":["https:\/\/apuntesdesanluis.com\/wp-content\/uploads\/2024\/09\/milei-y-bukele.png",734,488,false],"2048x2048":["https:\/\/apuntesdesanluis.com\/wp-content\/uploads\/2024\/09\/milei-y-bukele.png",734,488,false],"newsever-slider-full":["https:\/\/apuntesdesanluis.com\/wp-content\/uploads\/2024\/09\/milei-y-bukele.png",734,488,false],"newsever-featured":["https:\/\/apuntesdesanluis.com\/wp-content\/uploads\/2024\/09\/milei-y-bukele.png",734,488,false],"newsever-medium":["https:\/\/apuntesdesanluis.com\/wp-content\/uploads\/2024\/09\/milei-y-bukele-720x475.png",720,475,true]},"author_info":{"display_name":"apuntesdesanluis.com","author_link":"https:\/\/apuntesdesanluis.com\/index.php\/author\/apuntesdesanluis-com\/"},"category_info":"<a href=\"https:\/\/apuntesdesanluis.com\/index.php\/category\/nacionales-internacionales\/\" rel=\"category tag\">Nacionales\/Internacionales<\/a>","tag_info":"Nacionales\/Internacionales","comment_count":"0","_links":{"self":[{"href":"https:\/\/apuntesdesanluis.com\/index.php\/wp-json\/wp\/v2\/posts\/22212","targetHints":{"allow":["GET"]}}],"collection":[{"href":"https:\/\/apuntesdesanluis.com\/index.php\/wp-json\/wp\/v2\/posts"}],"about":[{"href":"https:\/\/apuntesdesanluis.com\/index.php\/wp-json\/wp\/v2\/types\/post"}],"author":[{"embeddable":true,"href":"https:\/\/apuntesdesanluis.com\/index.php\/wp-json\/wp\/v2\/users\/1"}],"replies":[{"embeddable":true,"href":"https:\/\/apuntesdesanluis.com\/index.php\/wp-json\/wp\/v2\/comments?post=22212"}],"version-history":[{"count":1,"href":"https:\/\/apuntesdesanluis.com\/index.php\/wp-json\/wp\/v2\/posts\/22212\/revisions"}],"predecessor-version":[{"id":22214,"href":"https:\/\/apuntesdesanluis.com\/index.php\/wp-json\/wp\/v2\/posts\/22212\/revisions\/22214"}],"wp:featuredmedia":[{"embeddable":true,"href":"https:\/\/apuntesdesanluis.com\/index.php\/wp-json\/wp\/v2\/media\/22213"}],"wp:attachment":[{"href":"https:\/\/apuntesdesanluis.com\/index.php\/wp-json\/wp\/v2\/media?parent=22212"}],"wp:term":[{"taxonomy":"category","embeddable":true,"href":"https:\/\/apuntesdesanluis.com\/index.php\/wp-json\/wp\/v2\/categories?post=22212"},{"taxonomy":"post_tag","embeddable":true,"href":"https:\/\/apuntesdesanluis.com\/index.php\/wp-json\/wp\/v2\/tags?post=22212"}],"curies":[{"name":"wp","href":"https:\/\/api.w.org\/{rel}","templated":true}]}}