{"id":22218,"date":"2024-09-13T20:17:13","date_gmt":"2024-09-13T23:17:13","guid":{"rendered":"https:\/\/apuntesdesanluis.com\/?p=22218"},"modified":"2024-09-13T20:17:13","modified_gmt":"2024-09-13T23:17:13","slug":"imputaron-a-empleada-domestica-que-le-robo-la-tarjeta-a-su-patrona-e-hizo-compras-en-el-super","status":"publish","type":"post","link":"https:\/\/apuntesdesanluis.com\/index.php\/2024\/09\/13\/imputaron-a-empleada-domestica-que-le-robo-la-tarjeta-a-su-patrona-e-hizo-compras-en-el-super\/","title":{"rendered":"IMPUTARON A EMPLEADA DOM\u00c9STICA QUE LE ROB\u00d3 LA TARJETA A SU PATRONA E HIZO COMPRAS EN EL SUPER"},"content":{"rendered":"<h3>El hecho sucedi\u00f3 el 9 de septiembre y la imputada habr\u00eda realizado extracciones de dinero y una compra en el supermercado con una tarjeta de d\u00e9bito, propiedad de otra persona.<\/h3>\n<h3>La audiencia de formulaci\u00f3n de cargos se desarroll\u00f3 en el Juzgado de Garant\u00eda N\u00ba 4 de la Segunda Circunscripci\u00f3n Judicial a cargo del Dr. Santiago Ortiz. Como secretaria intervino la Dra. Daniela L\u00f3pez Martin.<\/h3>\n<h3>El Ministerio P\u00fablico Fiscal \u2013representado en esta oportunidad- por la Dra. Andrea Court y el Dr. Marcelo Palacio Fern\u00e1ndez- relat\u00f3 que el pasado 9 de septiembre la imputada habr\u00eda realizado extracciones de dinero de una cuenta bancaria y una compra en un supermercado con una tarjeta de d\u00e9bito hurtada, la cual ser\u00eda de propiedad de la denunciante.<\/h3>\n<h3>La damnificada tom\u00f3 conocimiento de la falta de dinero y de su tarjeta cuando asisti\u00f3 al banco d\u00eda siguiente. Al consultar los \u00faltimos movimientos, se percat\u00f3 de la compra en un supermercado, asisti\u00f3 al lugar donde le ofrecieron las im\u00e1genes registradas y reconoci\u00f3 a la mujer que prestaba servicios en su domicilio.<\/h3>\n<h3>La Defensa, ejercida por las Dras. Eliana Pradel y Laura Fornero \u2013Defensora Oficial Penal y Defensora Adjunta respectivamente- manifest\u00f3 que en esta audiencia se anoticia de los hechos y que iniciar\u00e1n su propia investigaci\u00f3n. Por otro lado, dijo que teniendo en cuenta el tenor y las caracter\u00edsticas del hecho, se evaluar\u00e1 y analizar\u00e1 la posibilidad de una reparaci\u00f3n del da\u00f1o.<\/h3>\n<h3>El Dr. Santiago Ortiz formul\u00f3 cargos por estafa especializada por el uso de tarjeta de cr\u00e9dito y d\u00e9bito hurtada (art. 173 inc 15 y 45 del C\u00f3digo Penal).<\/h3>\n<h3>En una segunda parte de la audiencia, se analiz\u00f3 sobre las medidas de coerci\u00f3n. El Ministerio P\u00fablico Fiscal solicit\u00f3 la medida m\u00e1s gravosa, mientras que la Defensa se opuso y pidi\u00f3 que se rechace.<\/h3>\n<h3>La Dra. Eliana Pradel solicit\u00f3 la nulidad de la detenci\u00f3n. En sus argumentos explic\u00f3 que se trat\u00f3 de un procedimiento arbitrario.<\/h3>\n<h3>Luego de la exposici\u00f3n de las partes, el Juez declar\u00f3 la nulidad de la detenci\u00f3n, entre sus argumentos mencion\u00f3 que no se cumpli\u00f3 con el\u00a0 procedimiento y dispuso la libertad de la imputada sin perjuicio al sometimiento del proceso.<\/h3>\n<h3>Orden\u00f3 la prohibici\u00f3n de acercamiento y de contacto por todo cualquier medio con la damnificada por el t\u00e9rmino de cuatro meses y tuvo presente la posibilidad del ofrecimiento de una reparaci\u00f3n integral del da\u00f1o.<\/h3>\n<h3><\/h3>\n<p>&nbsp;<\/p>\n<p>&nbsp;<\/p>\n","protected":false},"excerpt":{"rendered":"<p>El hecho sucedi\u00f3 el 9 de septiembre y la imputada habr\u00eda realizado extracciones de dinero&#8230;<\/p>\n","protected":false},"author":1,"featured_media":22219,"comment_status":"closed","ping_status":"closed","sticky":false,"template":"","format":"standard","meta":{"footnotes":""},"categories":[6],"tags":[],"class_list":["post-22218","post","type-post","status-publish","format-standard","has-post-thumbnail","hentry","category-ciudad-provincia"],"yoast_head":"<!-- This site is optimized with the Yoast SEO plugin v26.1.1 - https:\/\/yoast.com\/wordpress\/plugins\/seo\/ -->\n<title>IMPUTARON A EMPLEADA DOM\u00c9STICA QUE LE ROB\u00d3 LA TARJETA A SU PATRONA E HIZO COMPRAS EN EL SUPER - Apuntes de San Luis<\/title>\n<meta name=\"robots\" content=\"index, follow, max-snippet:-1, max-image-preview:large, max-video-preview:-1\" \/>\n<link rel=\"canonical\" href=\"https:\/\/apuntesdesanluis.com\/index.php\/2024\/09\/13\/imputaron-a-empleada-domestica-que-le-robo-la-tarjeta-a-su-patrona-e-hizo-compras-en-el-super\/\" \/>\n<meta property=\"og:locale\" content=\"es_ES\" \/>\n<meta property=\"og:type\" content=\"article\" \/>\n<meta property=\"og:title\" content=\"IMPUTARON A EMPLEADA DOM\u00c9STICA QUE LE ROB\u00d3 LA TARJETA A SU PATRONA E HIZO COMPRAS EN EL SUPER - Apuntes de San Luis\" \/>\n<meta property=\"og:description\" content=\"El hecho sucedi\u00f3 el 9 de septiembre y la imputada habr\u00eda realizado extracciones de dinero...\" \/>\n<meta property=\"og:url\" content=\"https:\/\/apuntesdesanluis.com\/index.php\/2024\/09\/13\/imputaron-a-empleada-domestica-que-le-robo-la-tarjeta-a-su-patrona-e-hizo-compras-en-el-super\/\" \/>\n<meta property=\"og:site_name\" content=\"Apuntes de San Luis\" \/>\n<meta property=\"article:published_time\" content=\"2024-09-13T23:17:13+00:00\" \/>\n<meta property=\"og:image\" content=\"https:\/\/apuntesdesanluis.com\/wp-content\/uploads\/2024\/09\/audiencia-2.png\" \/>\n\t<meta property=\"og:image:width\" content=\"700\" \/>\n\t<meta property=\"og:image:height\" content=\"416\" \/>\n\t<meta property=\"og:image:type\" content=\"image\/png\" \/>\n<meta name=\"author\" content=\"apuntesdesanluis.com\" \/>\n<meta name=\"twitter:card\" content=\"summary_large_image\" \/>\n<meta name=\"twitter:label1\" content=\"Escrito por\" \/>\n\t<meta name=\"twitter:data1\" content=\"apuntesdesanluis.com\" \/>\n\t<meta name=\"twitter:label2\" content=\"Tiempo de lectura\" \/>\n\t<meta name=\"twitter:data2\" content=\"2 minutos\" \/>\n<script type=\"application\/ld+json\" class=\"yoast-schema-graph\">{\"@context\":\"https:\/\/schema.org\",\"@graph\":[{\"@type\":\"Article\",\"@id\":\"https:\/\/apuntesdesanluis.com\/index.php\/2024\/09\/13\/imputaron-a-empleada-domestica-que-le-robo-la-tarjeta-a-su-patrona-e-hizo-compras-en-el-super\/#article\",\"isPartOf\":{\"@id\":\"https:\/\/apuntesdesanluis.com\/index.php\/2024\/09\/13\/imputaron-a-empleada-domestica-que-le-robo-la-tarjeta-a-su-patrona-e-hizo-compras-en-el-super\/\"},\"author\":{\"name\":\"apuntesdesanluis.com\",\"@id\":\"https:\/\/apuntesdesanluis.com\/#\/schema\/person\/b55151d52296fcce64d1a72538a70b90\"},\"headline\":\"IMPUTARON A EMPLEADA DOM\u00c9STICA QUE LE ROB\u00d3 LA TARJETA A SU PATRONA E HIZO COMPRAS EN EL SUPER\",\"datePublished\":\"2024-09-13T23:17:13+00:00\",\"mainEntityOfPage\":{\"@id\":\"https:\/\/apuntesdesanluis.com\/index.php\/2024\/09\/13\/imputaron-a-empleada-domestica-que-le-robo-la-tarjeta-a-su-patrona-e-hizo-compras-en-el-super\/\"},\"wordCount\":435,\"publisher\":{\"@id\":\"https:\/\/apuntesdesanluis.com\/#\/schema\/person\/b55151d52296fcce64d1a72538a70b90\"},\"image\":{\"@id\":\"https:\/\/apuntesdesanluis.com\/index.php\/2024\/09\/13\/imputaron-a-empleada-domestica-que-le-robo-la-tarjeta-a-su-patrona-e-hizo-compras-en-el-super\/#primaryimage\"},\"thumbnailUrl\":\"https:\/\/apuntesdesanluis.com\/wp-content\/uploads\/2024\/09\/audiencia-2.png\",\"articleSection\":[\"Ciudad\/Provincia\"],\"inLanguage\":\"es-AR\"},{\"@type\":\"WebPage\",\"@id\":\"https:\/\/apuntesdesanluis.com\/index.php\/2024\/09\/13\/imputaron-a-empleada-domestica-que-le-robo-la-tarjeta-a-su-patrona-e-hizo-compras-en-el-super\/\",\"url\":\"https:\/\/apuntesdesanluis.com\/index.php\/2024\/09\/13\/imputaron-a-empleada-domestica-que-le-robo-la-tarjeta-a-su-patrona-e-hizo-compras-en-el-super\/\",\"name\":\"IMPUTARON A EMPLEADA DOM\u00c9STICA QUE LE ROB\u00d3 LA TARJETA A SU PATRONA E HIZO COMPRAS EN EL SUPER - Apuntes de San Luis\",\"isPartOf\":{\"@id\":\"https:\/\/apuntesdesanluis.com\/#website\"},\"primaryImageOfPage\":{\"@id\":\"https:\/\/apuntesdesanluis.com\/index.php\/2024\/09\/13\/imputaron-a-empleada-domestica-que-le-robo-la-tarjeta-a-su-patrona-e-hizo-compras-en-el-super\/#primaryimage\"},\"image\":{\"@id\":\"https:\/\/apuntesdesanluis.com\/index.php\/2024\/09\/13\/imputaron-a-empleada-domestica-que-le-robo-la-tarjeta-a-su-patrona-e-hizo-compras-en-el-super\/#primaryimage\"},\"thumbnailUrl\":\"https:\/\/apuntesdesanluis.com\/wp-content\/uploads\/2024\/09\/audiencia-2.png\",\"datePublished\":\"2024-09-13T23:17:13+00:00\",\"breadcrumb\":{\"@id\":\"https:\/\/apuntesdesanluis.com\/index.php\/2024\/09\/13\/imputaron-a-empleada-domestica-que-le-robo-la-tarjeta-a-su-patrona-e-hizo-compras-en-el-super\/#breadcrumb\"},\"inLanguage\":\"es-AR\",\"potentialAction\":[{\"@type\":\"ReadAction\",\"target\":[\"https:\/\/apuntesdesanluis.com\/index.php\/2024\/09\/13\/imputaron-a-empleada-domestica-que-le-robo-la-tarjeta-a-su-patrona-e-hizo-compras-en-el-super\/\"]}]},{\"@type\":\"ImageObject\",\"inLanguage\":\"es-AR\",\"@id\":\"https:\/\/apuntesdesanluis.com\/index.php\/2024\/09\/13\/imputaron-a-empleada-domestica-que-le-robo-la-tarjeta-a-su-patrona-e-hizo-compras-en-el-super\/#primaryimage\",\"url\":\"https:\/\/apuntesdesanluis.com\/wp-content\/uploads\/2024\/09\/audiencia-2.png\",\"contentUrl\":\"https:\/\/apuntesdesanluis.com\/wp-content\/uploads\/2024\/09\/audiencia-2.png\",\"width\":700,\"height\":416},{\"@type\":\"BreadcrumbList\",\"@id\":\"https:\/\/apuntesdesanluis.com\/index.php\/2024\/09\/13\/imputaron-a-empleada-domestica-que-le-robo-la-tarjeta-a-su-patrona-e-hizo-compras-en-el-super\/#breadcrumb\",\"itemListElement\":[{\"@type\":\"ListItem\",\"position\":1,\"name\":\"Inicio\",\"item\":\"https:\/\/apuntesdesanluis.com\/\"},{\"@type\":\"ListItem\",\"position\":2,\"name\":\"IMPUTARON A EMPLEADA DOM\u00c9STICA QUE LE ROB\u00d3 LA TARJETA A SU PATRONA E HIZO COMPRAS EN EL SUPER\"}]},{\"@type\":\"WebSite\",\"@id\":\"https:\/\/apuntesdesanluis.com\/#website\",\"url\":\"https:\/\/apuntesdesanluis.com\/\",\"name\":\"Apuntes de San Luis\",\"description\":\"\",\"publisher\":{\"@id\":\"https:\/\/apuntesdesanluis.com\/#\/schema\/person\/b55151d52296fcce64d1a72538a70b90\"},\"potentialAction\":[{\"@type\":\"SearchAction\",\"target\":{\"@type\":\"EntryPoint\",\"urlTemplate\":\"https:\/\/apuntesdesanluis.com\/?s={search_term_string}\"},\"query-input\":{\"@type\":\"PropertyValueSpecification\",\"valueRequired\":true,\"valueName\":\"search_term_string\"}}],\"inLanguage\":\"es-AR\"},{\"@type\":[\"Person\",\"Organization\"],\"@id\":\"https:\/\/apuntesdesanluis.com\/#\/schema\/person\/b55151d52296fcce64d1a72538a70b90\",\"name\":\"apuntesdesanluis.com\",\"image\":{\"@type\":\"ImageObject\",\"inLanguage\":\"es-AR\",\"@id\":\"https:\/\/apuntesdesanluis.com\/#\/schema\/person\/image\/\",\"url\":\"https:\/\/apuntesdesanluis.com\/wp-content\/uploads\/2023\/07\/cropped-apuntesdesanluis.png\",\"contentUrl\":\"https:\/\/apuntesdesanluis.com\/wp-content\/uploads\/2023\/07\/cropped-apuntesdesanluis.png\",\"width\":450,\"height\":112,\"caption\":\"apuntesdesanluis.com\"},\"logo\":{\"@id\":\"https:\/\/apuntesdesanluis.com\/#\/schema\/person\/image\/\"},\"sameAs\":[\"https:\/\/apuntesdesanluis.com\"],\"url\":\"https:\/\/apuntesdesanluis.com\/index.php\/author\/apuntesdesanluis-com\/\"}]}<\/script>\n<!-- \/ Yoast SEO plugin. -->","yoast_head_json":{"title":"IMPUTARON A EMPLEADA DOM\u00c9STICA QUE LE ROB\u00d3 LA TARJETA A SU PATRONA E HIZO COMPRAS EN EL SUPER - Apuntes de San Luis","robots":{"index":"index","follow":"follow","max-snippet":"max-snippet:-1","max-image-preview":"max-image-preview:large","max-video-preview":"max-video-preview:-1"},"canonical":"https:\/\/apuntesdesanluis.com\/index.php\/2024\/09\/13\/imputaron-a-empleada-domestica-que-le-robo-la-tarjeta-a-su-patrona-e-hizo-compras-en-el-super\/","og_locale":"es_ES","og_type":"article","og_title":"IMPUTARON A EMPLEADA DOM\u00c9STICA QUE LE ROB\u00d3 LA TARJETA A SU PATRONA E HIZO COMPRAS EN EL SUPER - Apuntes de San Luis","og_description":"El hecho sucedi\u00f3 el 9 de septiembre y la imputada habr\u00eda realizado extracciones de dinero...","og_url":"https:\/\/apuntesdesanluis.com\/index.php\/2024\/09\/13\/imputaron-a-empleada-domestica-que-le-robo-la-tarjeta-a-su-patrona-e-hizo-compras-en-el-super\/","og_site_name":"Apuntes de San Luis","article_published_time":"2024-09-13T23:17:13+00:00","og_image":[{"width":700,"height":416,"url":"https:\/\/apuntesdesanluis.com\/wp-content\/uploads\/2024\/09\/audiencia-2.png","type":"image\/png"}],"author":"apuntesdesanluis.com","twitter_card":"summary_large_image","twitter_misc":{"Escrito por":"apuntesdesanluis.com","Tiempo de lectura":"2 minutos"},"schema":{"@context":"https:\/\/schema.org","@graph":[{"@type":"Article","@id":"https:\/\/apuntesdesanluis.com\/index.php\/2024\/09\/13\/imputaron-a-empleada-domestica-que-le-robo-la-tarjeta-a-su-patrona-e-hizo-compras-en-el-super\/#article","isPartOf":{"@id":"https:\/\/apuntesdesanluis.com\/index.php\/2024\/09\/13\/imputaron-a-empleada-domestica-que-le-robo-la-tarjeta-a-su-patrona-e-hizo-compras-en-el-super\/"},"author":{"name":"apuntesdesanluis.com","@id":"https:\/\/apuntesdesanluis.com\/#\/schema\/person\/b55151d52296fcce64d1a72538a70b90"},"headline":"IMPUTARON A EMPLEADA DOM\u00c9STICA QUE LE ROB\u00d3 LA TARJETA A SU PATRONA E HIZO COMPRAS EN EL SUPER","datePublished":"2024-09-13T23:17:13+00:00","mainEntityOfPage":{"@id":"https:\/\/apuntesdesanluis.com\/index.php\/2024\/09\/13\/imputaron-a-empleada-domestica-que-le-robo-la-tarjeta-a-su-patrona-e-hizo-compras-en-el-super\/"},"wordCount":435,"publisher":{"@id":"https:\/\/apuntesdesanluis.com\/#\/schema\/person\/b55151d52296fcce64d1a72538a70b90"},"image":{"@id":"https:\/\/apuntesdesanluis.com\/index.php\/2024\/09\/13\/imputaron-a-empleada-domestica-que-le-robo-la-tarjeta-a-su-patrona-e-hizo-compras-en-el-super\/#primaryimage"},"thumbnailUrl":"https:\/\/apuntesdesanluis.com\/wp-content\/uploads\/2024\/09\/audiencia-2.png","articleSection":["Ciudad\/Provincia"],"inLanguage":"es-AR"},{"@type":"WebPage","@id":"https:\/\/apuntesdesanluis.com\/index.php\/2024\/09\/13\/imputaron-a-empleada-domestica-que-le-robo-la-tarjeta-a-su-patrona-e-hizo-compras-en-el-super\/","url":"https:\/\/apuntesdesanluis.com\/index.php\/2024\/09\/13\/imputaron-a-empleada-domestica-que-le-robo-la-tarjeta-a-su-patrona-e-hizo-compras-en-el-super\/","name":"IMPUTARON A EMPLEADA DOM\u00c9STICA QUE LE ROB\u00d3 LA TARJETA A SU PATRONA E HIZO COMPRAS EN EL SUPER - Apuntes de San Luis","isPartOf":{"@id":"https:\/\/apuntesdesanluis.com\/#website"},"primaryImageOfPage":{"@id":"https:\/\/apuntesdesanluis.com\/index.php\/2024\/09\/13\/imputaron-a-empleada-domestica-que-le-robo-la-tarjeta-a-su-patrona-e-hizo-compras-en-el-super\/#primaryimage"},"image":{"@id":"https:\/\/apuntesdesanluis.com\/index.php\/2024\/09\/13\/imputaron-a-empleada-domestica-que-le-robo-la-tarjeta-a-su-patrona-e-hizo-compras-en-el-super\/#primaryimage"},"thumbnailUrl":"https:\/\/apuntesdesanluis.com\/wp-content\/uploads\/2024\/09\/audiencia-2.png","datePublished":"2024-09-13T23:17:13+00:00","breadcrumb":{"@id":"https:\/\/apuntesdesanluis.com\/index.php\/2024\/09\/13\/imputaron-a-empleada-domestica-que-le-robo-la-tarjeta-a-su-patrona-e-hizo-compras-en-el-super\/#breadcrumb"},"inLanguage":"es-AR","potentialAction":[{"@type":"ReadAction","target":["https:\/\/apuntesdesanluis.com\/index.php\/2024\/09\/13\/imputaron-a-empleada-domestica-que-le-robo-la-tarjeta-a-su-patrona-e-hizo-compras-en-el-super\/"]}]},{"@type":"ImageObject","inLanguage":"es-AR","@id":"https:\/\/apuntesdesanluis.com\/index.php\/2024\/09\/13\/imputaron-a-empleada-domestica-que-le-robo-la-tarjeta-a-su-patrona-e-hizo-compras-en-el-super\/#primaryimage","url":"https:\/\/apuntesdesanluis.com\/wp-content\/uploads\/2024\/09\/audiencia-2.png","contentUrl":"https:\/\/apuntesdesanluis.com\/wp-content\/uploads\/2024\/09\/audiencia-2.png","width":700,"height":416},{"@type":"BreadcrumbList","@id":"https:\/\/apuntesdesanluis.com\/index.php\/2024\/09\/13\/imputaron-a-empleada-domestica-que-le-robo-la-tarjeta-a-su-patrona-e-hizo-compras-en-el-super\/#breadcrumb","itemListElement":[{"@type":"ListItem","position":1,"name":"Inicio","item":"https:\/\/apuntesdesanluis.com\/"},{"@type":"ListItem","position":2,"name":"IMPUTARON A EMPLEADA DOM\u00c9STICA QUE LE ROB\u00d3 LA TARJETA A SU PATRONA E HIZO COMPRAS EN EL SUPER"}]},{"@type":"WebSite","@id":"https:\/\/apuntesdesanluis.com\/#website","url":"https:\/\/apuntesdesanluis.com\/","name":"Apuntes de San Luis","description":"","publisher":{"@id":"https:\/\/apuntesdesanluis.com\/#\/schema\/person\/b55151d52296fcce64d1a72538a70b90"},"potentialAction":[{"@type":"SearchAction","target":{"@type":"EntryPoint","urlTemplate":"https:\/\/apuntesdesanluis.com\/?s={search_term_string}"},"query-input":{"@type":"PropertyValueSpecification","valueRequired":true,"valueName":"search_term_string"}}],"inLanguage":"es-AR"},{"@type":["Person","Organization"],"@id":"https:\/\/apuntesdesanluis.com\/#\/schema\/person\/b55151d52296fcce64d1a72538a70b90","name":"apuntesdesanluis.com","image":{"@type":"ImageObject","inLanguage":"es-AR","@id":"https:\/\/apuntesdesanluis.com\/#\/schema\/person\/image\/","url":"https:\/\/apuntesdesanluis.com\/wp-content\/uploads\/2023\/07\/cropped-apuntesdesanluis.png","contentUrl":"https:\/\/apuntesdesanluis.com\/wp-content\/uploads\/2023\/07\/cropped-apuntesdesanluis.png","width":450,"height":112,"caption":"apuntesdesanluis.com"},"logo":{"@id":"https:\/\/apuntesdesanluis.com\/#\/schema\/person\/image\/"},"sameAs":["https:\/\/apuntesdesanluis.com"],"url":"https:\/\/apuntesdesanluis.com\/index.php\/author\/apuntesdesanluis-com\/"}]}},"featured_image_urls":{"full":["https:\/\/apuntesdesanluis.com\/wp-content\/uploads\/2024\/09\/audiencia-2.png",700,416,false],"thumbnail":["https:\/\/apuntesdesanluis.com\/wp-content\/uploads\/2024\/09\/audiencia-2-150x150.png",150,150,true],"medium":["https:\/\/apuntesdesanluis.com\/wp-content\/uploads\/2024\/09\/audiencia-2-300x178.png",300,178,true],"medium_large":["https:\/\/apuntesdesanluis.com\/wp-content\/uploads\/2024\/09\/audiencia-2.png",640,380,false],"large":["https:\/\/apuntesdesanluis.com\/wp-content\/uploads\/2024\/09\/audiencia-2.png",640,380,false],"1536x1536":["https:\/\/apuntesdesanluis.com\/wp-content\/uploads\/2024\/09\/audiencia-2.png",700,416,false],"2048x2048":["https:\/\/apuntesdesanluis.com\/wp-content\/uploads\/2024\/09\/audiencia-2.png",700,416,false],"newsever-slider-full":["https:\/\/apuntesdesanluis.com\/wp-content\/uploads\/2024\/09\/audiencia-2.png",700,416,false],"newsever-featured":["https:\/\/apuntesdesanluis.com\/wp-content\/uploads\/2024\/09\/audiencia-2.png",700,416,false],"newsever-medium":["https:\/\/apuntesdesanluis.com\/wp-content\/uploads\/2024\/09\/audiencia-2.png",700,416,false]},"author_info":{"display_name":"apuntesdesanluis.com","author_link":"https:\/\/apuntesdesanluis.com\/index.php\/author\/apuntesdesanluis-com\/"},"category_info":"<a href=\"https:\/\/apuntesdesanluis.com\/index.php\/category\/ciudad-provincia\/\" rel=\"category tag\">Ciudad\/Provincia<\/a>","tag_info":"Ciudad\/Provincia","comment_count":"0","_links":{"self":[{"href":"https:\/\/apuntesdesanluis.com\/index.php\/wp-json\/wp\/v2\/posts\/22218","targetHints":{"allow":["GET"]}}],"collection":[{"href":"https:\/\/apuntesdesanluis.com\/index.php\/wp-json\/wp\/v2\/posts"}],"about":[{"href":"https:\/\/apuntesdesanluis.com\/index.php\/wp-json\/wp\/v2\/types\/post"}],"author":[{"embeddable":true,"href":"https:\/\/apuntesdesanluis.com\/index.php\/wp-json\/wp\/v2\/users\/1"}],"replies":[{"embeddable":true,"href":"https:\/\/apuntesdesanluis.com\/index.php\/wp-json\/wp\/v2\/comments?post=22218"}],"version-history":[{"count":1,"href":"https:\/\/apuntesdesanluis.com\/index.php\/wp-json\/wp\/v2\/posts\/22218\/revisions"}],"predecessor-version":[{"id":22220,"href":"https:\/\/apuntesdesanluis.com\/index.php\/wp-json\/wp\/v2\/posts\/22218\/revisions\/22220"}],"wp:featuredmedia":[{"embeddable":true,"href":"https:\/\/apuntesdesanluis.com\/index.php\/wp-json\/wp\/v2\/media\/22219"}],"wp:attachment":[{"href":"https:\/\/apuntesdesanluis.com\/index.php\/wp-json\/wp\/v2\/media?parent=22218"}],"wp:term":[{"taxonomy":"category","embeddable":true,"href":"https:\/\/apuntesdesanluis.com\/index.php\/wp-json\/wp\/v2\/categories?post=22218"},{"taxonomy":"post_tag","embeddable":true,"href":"https:\/\/apuntesdesanluis.com\/index.php\/wp-json\/wp\/v2\/tags?post=22218"}],"curies":[{"name":"wp","href":"https:\/\/api.w.org\/{rel}","templated":true}]}}