{"id":22223,"date":"2024-09-13T20:51:35","date_gmt":"2024-09-13T23:51:35","guid":{"rendered":"https:\/\/apuntesdesanluis.com\/?p=22223"},"modified":"2024-09-13T20:51:35","modified_gmt":"2024-09-13T23:51:35","slug":"el-gobierno-reitero-su-compromiso-con-el-cuidado-del-ambiente-mas-alla-del-rigi","status":"publish","type":"post","link":"https:\/\/apuntesdesanluis.com\/index.php\/2024\/09\/13\/el-gobierno-reitero-su-compromiso-con-el-cuidado-del-ambiente-mas-alla-del-rigi\/","title":{"rendered":"EL GOBIERNO REITER\u00d3 SU COMPROMISO CON EL CUIDADO DEL AMBIENTE, M\u00c1S ALL\u00c1 DEL RIGI"},"content":{"rendered":"<h3>Este viernes, en conferencia de prensa, el ministro de Desarrollo Productivo, <strong>Federico Trombotto<\/strong>, junto al asesor Legal del ministerio, Ignacio Campos, volvi\u00f3 a detallar los beneficios que podr\u00eda recibir San Luis tras su adhesi\u00f3n al R\u00e9gimen de Incentivo a las Grandes Inversiones (RIGI) y que podr\u00edan fomentar el desarrollo productivo y econ\u00f3mico de la mano de industrias que apuesten en la provincia.<\/h3>\n<h3>Tambi\u00e9n aclar\u00f3 que el Estado provincial \u201cno delega ninguna facultad en absoluto: ni como autoridad de aplicaci\u00f3n de leyes, ni como polic\u00eda de control, ni como autoridad de aprobaci\u00f3n de proyectos\u201d, por lo que la legislaci\u00f3n local sigue vigente y descarta la llegada a suelo puntano de industrias que puedan trabajar con procesos productivos contaminantes.<\/h3>\n<h3>El RIGI, explic\u00f3 el funcionario, \u201ces un r\u00e9gimen de incentivo a las grandes inversiones con dos particularidades: es de alcance nacional y con beneficios nacionales. Por un lado, netamente econ\u00f3mica e impositiva y, por otro, de previsibilidad y seguridad jur\u00eddica\u201d. Prev\u00e9 topes de inversi\u00f3n para las empresas con una base de 200 millones de d\u00f3lares y un tope de 600 millones de d\u00f3lares para explotaci\u00f3n de petr\u00f3leo y gas.<\/h3>\n<h3>Justamente, la provincia tiene una gran proyecci\u00f3n de ser receptora de inversiones que tienen que ver con la \u00faltima actividad porque sus caracter\u00edsticas geogr\u00e1ficas, la incidencia del sol y los vientos que predominan en ciertas regiones, la sit\u00faan como un lugar ideal para la instalaci\u00f3n de parques solares y e\u00f3licos, que se sumar\u00edan a los que ya est\u00e1n en funcionamiento y que generan el 50% de la energ\u00eda que se consume a nivel local, destac\u00f3 Trombotto.<\/h3>\n<p><iframe title=\"Proyecto de ley de adhesi\u00f3n al R\u00e9gimen de Incentivo a las Grandes Inversiones (RIGI)\" width=\"640\" height=\"360\" src=\"https:\/\/www.youtube.com\/embed\/t8gaYmMLZDc?feature=oembed\" frameborder=\"0\" allow=\"accelerometer; autoplay; clipboard-write; encrypted-media; gyroscope; picture-in-picture; web-share\" referrerpolicy=\"strict-origin-when-cross-origin\" allowfullscreen><\/iframe><\/p>\n<h3>\u201cEs tan atractivo San Luis que hace un mes y medio, o dos meses, con el Gobernador de la Provincia participamos de la inauguraci\u00f3n y puesta en marcha un parque e\u00f3lico en la zona de Toro Negro con una inversi\u00f3n de 220 millones de d\u00f3lares\u201d, ejemplific\u00f3 y dijo que \u201clo que nos interesa es la creaci\u00f3n inmediata de trabajo de la mano de la de producci\u00f3n de energ\u00edas limpias en la provincia de San Luis, y de posicionar a la provincia como generadora de energ\u00eda con la enorme oportunidad no solamente de autoabastecernos, que es un factor estrat\u00e9gico, sino la posibilidad de tener un plan energ\u00e9tico que nos permita atraer a su vez de nuevas inversiones y pensarlo como factor estrat\u00e9gico de cara al presente y al futuro\u201d.<\/h3>\n<h3>Para ello es central que San Luis ya cuente con una matriz e infraestructura que permite la inyecci\u00f3n y distribuci\u00f3n al sistema energ\u00e9tico de esa nueva producci\u00f3n de energ\u00eda limpia, y que ello conllevar\u00eda una reducci\u00f3n en la huella de carbono de las industrias que ya operan en territorio local y que la disponibilidad y estabilidad de la misma incluso podr\u00eda generar una nueva promoci\u00f3n industrial e invite a la radicaci\u00f3n de nuevas firmas.<\/h3>\n<h3>\u201cAl adherir (al RIGI) le abrimos una enorme oportunidad a muchas empresas de San Luis, por ejemplo, la empresa Palmero, la empresa Tubhier, la empresa Sullair y muchos otros proveedores que fabrican localmente motores, ca\u00f1os o insumos que son estrat\u00e9gicos para la industria petrolera o de la mega miner\u00eda que est\u00e1n fuera de la provincia pero que son prove\u00eddos desde ac\u00e1\u201d y que podr\u00edan crecer exponencialmente gracias al r\u00e9gimen de inversi\u00f3n, aunque sea de manera indirecta.<\/h3>\n<h3>Con la firme convicci\u00f3n de construir una moderna matriz energ\u00e9tica \u201cvamos a ser pioneros en la famosa transformaci\u00f3n o transici\u00f3n energ\u00e9tica para bien, yendo a un sistema mucho m\u00e1s limpio. No solamente nos vamos a transformar en una provincia innovadora y a la vanguardia en la generaci\u00f3n el\u00e9ctrica, sino que adem\u00e1s vamos a hacer un gran pulm\u00f3n de reducci\u00f3n de los da\u00f1os que puedan generar el impacto de la huella de carbono, no solamente a nivel provincial: lo vamos a generar el beneficio a nivel regional y nacional\u201d, confi\u00f3 el Ministro.<\/h3>\n<h3><\/h3>\n<p>&nbsp;<\/p>\n<p>&nbsp;<\/p>\n<p>&nbsp;<\/p>\n<h3><\/h3>\n<h3><\/h3>\n<h3><\/h3>\n<p>&nbsp;<\/p>\n","protected":false},"excerpt":{"rendered":"<p>Este viernes, en conferencia de prensa, el ministro de Desarrollo Productivo, Federico Trombotto, junto al&#8230;<\/p>\n","protected":false},"author":1,"featured_media":22224,"comment_status":"closed","ping_status":"closed","sticky":false,"template":"","format":"standard","meta":{"footnotes":""},"categories":[6],"tags":[],"class_list":["post-22223","post","type-post","status-publish","format-standard","has-post-thumbnail","hentry","category-ciudad-provincia"],"yoast_head":"<!-- This site is optimized with the Yoast SEO plugin v26.1.1 - https:\/\/yoast.com\/wordpress\/plugins\/seo\/ -->\n<title>EL GOBIERNO REITER\u00d3 SU COMPROMISO CON EL CUIDADO DEL AMBIENTE, M\u00c1S ALL\u00c1 DEL RIGI - Apuntes de San Luis<\/title>\n<meta name=\"robots\" content=\"index, follow, max-snippet:-1, max-image-preview:large, max-video-preview:-1\" \/>\n<link rel=\"canonical\" href=\"https:\/\/apuntesdesanluis.com\/index.php\/2024\/09\/13\/el-gobierno-reitero-su-compromiso-con-el-cuidado-del-ambiente-mas-alla-del-rigi\/\" \/>\n<meta property=\"og:locale\" content=\"es_ES\" \/>\n<meta property=\"og:type\" content=\"article\" \/>\n<meta property=\"og:title\" content=\"EL GOBIERNO REITER\u00d3 SU COMPROMISO CON EL CUIDADO DEL AMBIENTE, M\u00c1S ALL\u00c1 DEL RIGI - Apuntes de San Luis\" \/>\n<meta property=\"og:description\" content=\"Este viernes, en conferencia de prensa, el ministro de Desarrollo Productivo, Federico Trombotto, junto al...\" \/>\n<meta property=\"og:url\" content=\"https:\/\/apuntesdesanluis.com\/index.php\/2024\/09\/13\/el-gobierno-reitero-su-compromiso-con-el-cuidado-del-ambiente-mas-alla-del-rigi\/\" \/>\n<meta property=\"og:site_name\" content=\"Apuntes de San Luis\" \/>\n<meta property=\"article:published_time\" content=\"2024-09-13T23:51:35+00:00\" \/>\n<meta property=\"og:image\" content=\"https:\/\/apuntesdesanluis.com\/wp-content\/uploads\/2024\/09\/TROMBOTTO.png\" \/>\n\t<meta property=\"og:image:width\" content=\"694\" \/>\n\t<meta property=\"og:image:height\" content=\"428\" \/>\n\t<meta property=\"og:image:type\" content=\"image\/png\" \/>\n<meta name=\"author\" content=\"apuntesdesanluis.com\" \/>\n<meta name=\"twitter:card\" content=\"summary_large_image\" \/>\n<meta name=\"twitter:label1\" content=\"Escrito por\" \/>\n\t<meta name=\"twitter:data1\" content=\"apuntesdesanluis.com\" \/>\n\t<meta name=\"twitter:label2\" content=\"Tiempo de lectura\" \/>\n\t<meta name=\"twitter:data2\" content=\"4 minutos\" \/>\n<script type=\"application\/ld+json\" class=\"yoast-schema-graph\">{\"@context\":\"https:\/\/schema.org\",\"@graph\":[{\"@type\":\"Article\",\"@id\":\"https:\/\/apuntesdesanluis.com\/index.php\/2024\/09\/13\/el-gobierno-reitero-su-compromiso-con-el-cuidado-del-ambiente-mas-alla-del-rigi\/#article\",\"isPartOf\":{\"@id\":\"https:\/\/apuntesdesanluis.com\/index.php\/2024\/09\/13\/el-gobierno-reitero-su-compromiso-con-el-cuidado-del-ambiente-mas-alla-del-rigi\/\"},\"author\":{\"name\":\"apuntesdesanluis.com\",\"@id\":\"https:\/\/apuntesdesanluis.com\/#\/schema\/person\/b55151d52296fcce64d1a72538a70b90\"},\"headline\":\"EL GOBIERNO REITER\u00d3 SU COMPROMISO CON EL CUIDADO DEL AMBIENTE, M\u00c1S ALL\u00c1 DEL RIGI\",\"datePublished\":\"2024-09-13T23:51:35+00:00\",\"mainEntityOfPage\":{\"@id\":\"https:\/\/apuntesdesanluis.com\/index.php\/2024\/09\/13\/el-gobierno-reitero-su-compromiso-con-el-cuidado-del-ambiente-mas-alla-del-rigi\/\"},\"wordCount\":721,\"publisher\":{\"@id\":\"https:\/\/apuntesdesanluis.com\/#\/schema\/person\/b55151d52296fcce64d1a72538a70b90\"},\"image\":{\"@id\":\"https:\/\/apuntesdesanluis.com\/index.php\/2024\/09\/13\/el-gobierno-reitero-su-compromiso-con-el-cuidado-del-ambiente-mas-alla-del-rigi\/#primaryimage\"},\"thumbnailUrl\":\"https:\/\/apuntesdesanluis.com\/wp-content\/uploads\/2024\/09\/TROMBOTTO.png\",\"articleSection\":[\"Ciudad\/Provincia\"],\"inLanguage\":\"es-AR\"},{\"@type\":\"WebPage\",\"@id\":\"https:\/\/apuntesdesanluis.com\/index.php\/2024\/09\/13\/el-gobierno-reitero-su-compromiso-con-el-cuidado-del-ambiente-mas-alla-del-rigi\/\",\"url\":\"https:\/\/apuntesdesanluis.com\/index.php\/2024\/09\/13\/el-gobierno-reitero-su-compromiso-con-el-cuidado-del-ambiente-mas-alla-del-rigi\/\",\"name\":\"EL GOBIERNO REITER\u00d3 SU COMPROMISO CON EL CUIDADO DEL AMBIENTE, M\u00c1S ALL\u00c1 DEL RIGI - Apuntes de San Luis\",\"isPartOf\":{\"@id\":\"https:\/\/apuntesdesanluis.com\/#website\"},\"primaryImageOfPage\":{\"@id\":\"https:\/\/apuntesdesanluis.com\/index.php\/2024\/09\/13\/el-gobierno-reitero-su-compromiso-con-el-cuidado-del-ambiente-mas-alla-del-rigi\/#primaryimage\"},\"image\":{\"@id\":\"https:\/\/apuntesdesanluis.com\/index.php\/2024\/09\/13\/el-gobierno-reitero-su-compromiso-con-el-cuidado-del-ambiente-mas-alla-del-rigi\/#primaryimage\"},\"thumbnailUrl\":\"https:\/\/apuntesdesanluis.com\/wp-content\/uploads\/2024\/09\/TROMBOTTO.png\",\"datePublished\":\"2024-09-13T23:51:35+00:00\",\"breadcrumb\":{\"@id\":\"https:\/\/apuntesdesanluis.com\/index.php\/2024\/09\/13\/el-gobierno-reitero-su-compromiso-con-el-cuidado-del-ambiente-mas-alla-del-rigi\/#breadcrumb\"},\"inLanguage\":\"es-AR\",\"potentialAction\":[{\"@type\":\"ReadAction\",\"target\":[\"https:\/\/apuntesdesanluis.com\/index.php\/2024\/09\/13\/el-gobierno-reitero-su-compromiso-con-el-cuidado-del-ambiente-mas-alla-del-rigi\/\"]}]},{\"@type\":\"ImageObject\",\"inLanguage\":\"es-AR\",\"@id\":\"https:\/\/apuntesdesanluis.com\/index.php\/2024\/09\/13\/el-gobierno-reitero-su-compromiso-con-el-cuidado-del-ambiente-mas-alla-del-rigi\/#primaryimage\",\"url\":\"https:\/\/apuntesdesanluis.com\/wp-content\/uploads\/2024\/09\/TROMBOTTO.png\",\"contentUrl\":\"https:\/\/apuntesdesanluis.com\/wp-content\/uploads\/2024\/09\/TROMBOTTO.png\",\"width\":694,\"height\":428},{\"@type\":\"BreadcrumbList\",\"@id\":\"https:\/\/apuntesdesanluis.com\/index.php\/2024\/09\/13\/el-gobierno-reitero-su-compromiso-con-el-cuidado-del-ambiente-mas-alla-del-rigi\/#breadcrumb\",\"itemListElement\":[{\"@type\":\"ListItem\",\"position\":1,\"name\":\"Inicio\",\"item\":\"https:\/\/apuntesdesanluis.com\/\"},{\"@type\":\"ListItem\",\"position\":2,\"name\":\"EL GOBIERNO REITER\u00d3 SU COMPROMISO CON EL CUIDADO DEL AMBIENTE, M\u00c1S ALL\u00c1 DEL RIGI\"}]},{\"@type\":\"WebSite\",\"@id\":\"https:\/\/apuntesdesanluis.com\/#website\",\"url\":\"https:\/\/apuntesdesanluis.com\/\",\"name\":\"Apuntes de San Luis\",\"description\":\"\",\"publisher\":{\"@id\":\"https:\/\/apuntesdesanluis.com\/#\/schema\/person\/b55151d52296fcce64d1a72538a70b90\"},\"potentialAction\":[{\"@type\":\"SearchAction\",\"target\":{\"@type\":\"EntryPoint\",\"urlTemplate\":\"https:\/\/apuntesdesanluis.com\/?s={search_term_string}\"},\"query-input\":{\"@type\":\"PropertyValueSpecification\",\"valueRequired\":true,\"valueName\":\"search_term_string\"}}],\"inLanguage\":\"es-AR\"},{\"@type\":[\"Person\",\"Organization\"],\"@id\":\"https:\/\/apuntesdesanluis.com\/#\/schema\/person\/b55151d52296fcce64d1a72538a70b90\",\"name\":\"apuntesdesanluis.com\",\"image\":{\"@type\":\"ImageObject\",\"inLanguage\":\"es-AR\",\"@id\":\"https:\/\/apuntesdesanluis.com\/#\/schema\/person\/image\/\",\"url\":\"https:\/\/apuntesdesanluis.com\/wp-content\/uploads\/2023\/07\/cropped-apuntesdesanluis.png\",\"contentUrl\":\"https:\/\/apuntesdesanluis.com\/wp-content\/uploads\/2023\/07\/cropped-apuntesdesanluis.png\",\"width\":450,\"height\":112,\"caption\":\"apuntesdesanluis.com\"},\"logo\":{\"@id\":\"https:\/\/apuntesdesanluis.com\/#\/schema\/person\/image\/\"},\"sameAs\":[\"https:\/\/apuntesdesanluis.com\"],\"url\":\"https:\/\/apuntesdesanluis.com\/index.php\/author\/apuntesdesanluis-com\/\"}]}<\/script>\n<!-- \/ Yoast SEO plugin. -->","yoast_head_json":{"title":"EL GOBIERNO REITER\u00d3 SU COMPROMISO CON EL CUIDADO DEL AMBIENTE, M\u00c1S ALL\u00c1 DEL RIGI - Apuntes de San Luis","robots":{"index":"index","follow":"follow","max-snippet":"max-snippet:-1","max-image-preview":"max-image-preview:large","max-video-preview":"max-video-preview:-1"},"canonical":"https:\/\/apuntesdesanluis.com\/index.php\/2024\/09\/13\/el-gobierno-reitero-su-compromiso-con-el-cuidado-del-ambiente-mas-alla-del-rigi\/","og_locale":"es_ES","og_type":"article","og_title":"EL GOBIERNO REITER\u00d3 SU COMPROMISO CON EL CUIDADO DEL AMBIENTE, M\u00c1S ALL\u00c1 DEL RIGI - Apuntes de San Luis","og_description":"Este viernes, en conferencia de prensa, el ministro de Desarrollo Productivo, Federico Trombotto, junto al...","og_url":"https:\/\/apuntesdesanluis.com\/index.php\/2024\/09\/13\/el-gobierno-reitero-su-compromiso-con-el-cuidado-del-ambiente-mas-alla-del-rigi\/","og_site_name":"Apuntes de San Luis","article_published_time":"2024-09-13T23:51:35+00:00","og_image":[{"width":694,"height":428,"url":"https:\/\/apuntesdesanluis.com\/wp-content\/uploads\/2024\/09\/TROMBOTTO.png","type":"image\/png"}],"author":"apuntesdesanluis.com","twitter_card":"summary_large_image","twitter_misc":{"Escrito por":"apuntesdesanluis.com","Tiempo de lectura":"4 minutos"},"schema":{"@context":"https:\/\/schema.org","@graph":[{"@type":"Article","@id":"https:\/\/apuntesdesanluis.com\/index.php\/2024\/09\/13\/el-gobierno-reitero-su-compromiso-con-el-cuidado-del-ambiente-mas-alla-del-rigi\/#article","isPartOf":{"@id":"https:\/\/apuntesdesanluis.com\/index.php\/2024\/09\/13\/el-gobierno-reitero-su-compromiso-con-el-cuidado-del-ambiente-mas-alla-del-rigi\/"},"author":{"name":"apuntesdesanluis.com","@id":"https:\/\/apuntesdesanluis.com\/#\/schema\/person\/b55151d52296fcce64d1a72538a70b90"},"headline":"EL GOBIERNO REITER\u00d3 SU COMPROMISO CON EL CUIDADO DEL AMBIENTE, M\u00c1S ALL\u00c1 DEL RIGI","datePublished":"2024-09-13T23:51:35+00:00","mainEntityOfPage":{"@id":"https:\/\/apuntesdesanluis.com\/index.php\/2024\/09\/13\/el-gobierno-reitero-su-compromiso-con-el-cuidado-del-ambiente-mas-alla-del-rigi\/"},"wordCount":721,"publisher":{"@id":"https:\/\/apuntesdesanluis.com\/#\/schema\/person\/b55151d52296fcce64d1a72538a70b90"},"image":{"@id":"https:\/\/apuntesdesanluis.com\/index.php\/2024\/09\/13\/el-gobierno-reitero-su-compromiso-con-el-cuidado-del-ambiente-mas-alla-del-rigi\/#primaryimage"},"thumbnailUrl":"https:\/\/apuntesdesanluis.com\/wp-content\/uploads\/2024\/09\/TROMBOTTO.png","articleSection":["Ciudad\/Provincia"],"inLanguage":"es-AR"},{"@type":"WebPage","@id":"https:\/\/apuntesdesanluis.com\/index.php\/2024\/09\/13\/el-gobierno-reitero-su-compromiso-con-el-cuidado-del-ambiente-mas-alla-del-rigi\/","url":"https:\/\/apuntesdesanluis.com\/index.php\/2024\/09\/13\/el-gobierno-reitero-su-compromiso-con-el-cuidado-del-ambiente-mas-alla-del-rigi\/","name":"EL GOBIERNO REITER\u00d3 SU COMPROMISO CON EL CUIDADO DEL AMBIENTE, M\u00c1S ALL\u00c1 DEL RIGI - Apuntes de San Luis","isPartOf":{"@id":"https:\/\/apuntesdesanluis.com\/#website"},"primaryImageOfPage":{"@id":"https:\/\/apuntesdesanluis.com\/index.php\/2024\/09\/13\/el-gobierno-reitero-su-compromiso-con-el-cuidado-del-ambiente-mas-alla-del-rigi\/#primaryimage"},"image":{"@id":"https:\/\/apuntesdesanluis.com\/index.php\/2024\/09\/13\/el-gobierno-reitero-su-compromiso-con-el-cuidado-del-ambiente-mas-alla-del-rigi\/#primaryimage"},"thumbnailUrl":"https:\/\/apuntesdesanluis.com\/wp-content\/uploads\/2024\/09\/TROMBOTTO.png","datePublished":"2024-09-13T23:51:35+00:00","breadcrumb":{"@id":"https:\/\/apuntesdesanluis.com\/index.php\/2024\/09\/13\/el-gobierno-reitero-su-compromiso-con-el-cuidado-del-ambiente-mas-alla-del-rigi\/#breadcrumb"},"inLanguage":"es-AR","potentialAction":[{"@type":"ReadAction","target":["https:\/\/apuntesdesanluis.com\/index.php\/2024\/09\/13\/el-gobierno-reitero-su-compromiso-con-el-cuidado-del-ambiente-mas-alla-del-rigi\/"]}]},{"@type":"ImageObject","inLanguage":"es-AR","@id":"https:\/\/apuntesdesanluis.com\/index.php\/2024\/09\/13\/el-gobierno-reitero-su-compromiso-con-el-cuidado-del-ambiente-mas-alla-del-rigi\/#primaryimage","url":"https:\/\/apuntesdesanluis.com\/wp-content\/uploads\/2024\/09\/TROMBOTTO.png","contentUrl":"https:\/\/apuntesdesanluis.com\/wp-content\/uploads\/2024\/09\/TROMBOTTO.png","width":694,"height":428},{"@type":"BreadcrumbList","@id":"https:\/\/apuntesdesanluis.com\/index.php\/2024\/09\/13\/el-gobierno-reitero-su-compromiso-con-el-cuidado-del-ambiente-mas-alla-del-rigi\/#breadcrumb","itemListElement":[{"@type":"ListItem","position":1,"name":"Inicio","item":"https:\/\/apuntesdesanluis.com\/"},{"@type":"ListItem","position":2,"name":"EL GOBIERNO REITER\u00d3 SU COMPROMISO CON EL CUIDADO DEL AMBIENTE, M\u00c1S ALL\u00c1 DEL RIGI"}]},{"@type":"WebSite","@id":"https:\/\/apuntesdesanluis.com\/#website","url":"https:\/\/apuntesdesanluis.com\/","name":"Apuntes de San Luis","description":"","publisher":{"@id":"https:\/\/apuntesdesanluis.com\/#\/schema\/person\/b55151d52296fcce64d1a72538a70b90"},"potentialAction":[{"@type":"SearchAction","target":{"@type":"EntryPoint","urlTemplate":"https:\/\/apuntesdesanluis.com\/?s={search_term_string}"},"query-input":{"@type":"PropertyValueSpecification","valueRequired":true,"valueName":"search_term_string"}}],"inLanguage":"es-AR"},{"@type":["Person","Organization"],"@id":"https:\/\/apuntesdesanluis.com\/#\/schema\/person\/b55151d52296fcce64d1a72538a70b90","name":"apuntesdesanluis.com","image":{"@type":"ImageObject","inLanguage":"es-AR","@id":"https:\/\/apuntesdesanluis.com\/#\/schema\/person\/image\/","url":"https:\/\/apuntesdesanluis.com\/wp-content\/uploads\/2023\/07\/cropped-apuntesdesanluis.png","contentUrl":"https:\/\/apuntesdesanluis.com\/wp-content\/uploads\/2023\/07\/cropped-apuntesdesanluis.png","width":450,"height":112,"caption":"apuntesdesanluis.com"},"logo":{"@id":"https:\/\/apuntesdesanluis.com\/#\/schema\/person\/image\/"},"sameAs":["https:\/\/apuntesdesanluis.com"],"url":"https:\/\/apuntesdesanluis.com\/index.php\/author\/apuntesdesanluis-com\/"}]}},"featured_image_urls":{"full":["https:\/\/apuntesdesanluis.com\/wp-content\/uploads\/2024\/09\/TROMBOTTO.png",694,428,false],"thumbnail":["https:\/\/apuntesdesanluis.com\/wp-content\/uploads\/2024\/09\/TROMBOTTO-150x150.png",150,150,true],"medium":["https:\/\/apuntesdesanluis.com\/wp-content\/uploads\/2024\/09\/TROMBOTTO-300x185.png",300,185,true],"medium_large":["https:\/\/apuntesdesanluis.com\/wp-content\/uploads\/2024\/09\/TROMBOTTO.png",640,395,false],"large":["https:\/\/apuntesdesanluis.com\/wp-content\/uploads\/2024\/09\/TROMBOTTO.png",640,395,false],"1536x1536":["https:\/\/apuntesdesanluis.com\/wp-content\/uploads\/2024\/09\/TROMBOTTO.png",694,428,false],"2048x2048":["https:\/\/apuntesdesanluis.com\/wp-content\/uploads\/2024\/09\/TROMBOTTO.png",694,428,false],"newsever-slider-full":["https:\/\/apuntesdesanluis.com\/wp-content\/uploads\/2024\/09\/TROMBOTTO.png",694,428,false],"newsever-featured":["https:\/\/apuntesdesanluis.com\/wp-content\/uploads\/2024\/09\/TROMBOTTO.png",694,428,false],"newsever-medium":["https:\/\/apuntesdesanluis.com\/wp-content\/uploads\/2024\/09\/TROMBOTTO.png",694,428,false]},"author_info":{"display_name":"apuntesdesanluis.com","author_link":"https:\/\/apuntesdesanluis.com\/index.php\/author\/apuntesdesanluis-com\/"},"category_info":"<a href=\"https:\/\/apuntesdesanluis.com\/index.php\/category\/ciudad-provincia\/\" rel=\"category tag\">Ciudad\/Provincia<\/a>","tag_info":"Ciudad\/Provincia","comment_count":"0","_links":{"self":[{"href":"https:\/\/apuntesdesanluis.com\/index.php\/wp-json\/wp\/v2\/posts\/22223","targetHints":{"allow":["GET"]}}],"collection":[{"href":"https:\/\/apuntesdesanluis.com\/index.php\/wp-json\/wp\/v2\/posts"}],"about":[{"href":"https:\/\/apuntesdesanluis.com\/index.php\/wp-json\/wp\/v2\/types\/post"}],"author":[{"embeddable":true,"href":"https:\/\/apuntesdesanluis.com\/index.php\/wp-json\/wp\/v2\/users\/1"}],"replies":[{"embeddable":true,"href":"https:\/\/apuntesdesanluis.com\/index.php\/wp-json\/wp\/v2\/comments?post=22223"}],"version-history":[{"count":1,"href":"https:\/\/apuntesdesanluis.com\/index.php\/wp-json\/wp\/v2\/posts\/22223\/revisions"}],"predecessor-version":[{"id":22225,"href":"https:\/\/apuntesdesanluis.com\/index.php\/wp-json\/wp\/v2\/posts\/22223\/revisions\/22225"}],"wp:featuredmedia":[{"embeddable":true,"href":"https:\/\/apuntesdesanluis.com\/index.php\/wp-json\/wp\/v2\/media\/22224"}],"wp:attachment":[{"href":"https:\/\/apuntesdesanluis.com\/index.php\/wp-json\/wp\/v2\/media?parent=22223"}],"wp:term":[{"taxonomy":"category","embeddable":true,"href":"https:\/\/apuntesdesanluis.com\/index.php\/wp-json\/wp\/v2\/categories?post=22223"},{"taxonomy":"post_tag","embeddable":true,"href":"https:\/\/apuntesdesanluis.com\/index.php\/wp-json\/wp\/v2\/tags?post=22223"}],"curies":[{"name":"wp","href":"https:\/\/api.w.org\/{rel}","templated":true}]}}