{"id":22226,"date":"2024-09-14T20:50:00","date_gmt":"2024-09-14T23:50:00","guid":{"rendered":"https:\/\/apuntesdesanluis.com\/?p=22226"},"modified":"2024-09-14T20:50:18","modified_gmt":"2024-09-14T23:50:18","slug":"accidente-fatal-en-tilisarao-se-mato-un-joven-de-23-anos","status":"publish","type":"post","link":"https:\/\/apuntesdesanluis.com\/index.php\/2024\/09\/14\/accidente-fatal-en-tilisarao-se-mato-un-joven-de-23-anos\/","title":{"rendered":"ACCIDENTE FATAL EN TILISARAO: SE MAT\u00d3 UN JOVEN DE 23 A\u00d1OS"},"content":{"rendered":"<h3>Este s\u00e1bado, alrededor de las 6:00, se produjo un accidente de tr\u00e1nsito en ruta provincial N\u00b0 40, a 2 kil\u00f3metros de la localidad de Tilisarao.<\/h3>\n<h3>En ese lugar, un joven de 23 a\u00f1os de edad, de apellido<strong> Turme<\/strong> y con domicilio en Renca, conduc\u00eda un auto Volkswagen Fox y por razones que se tratan de establecer perdi\u00f3 el control del veh\u00edculo, lo que provoc\u00f3 el impacto contra un poste de luminaria ubicado en el cantero central.<\/h3>\n<h3>De acuerdo a la informaci\u00f3n recabada, el joven circulaba desde la localidad de Tilisarao hasta la localidad de Renca.<\/h3>\n<p><img fetchpriority=\"high\" decoding=\"async\" class=\"wp-image-22228 aligncenter\" src=\"https:\/\/apuntesdesanluis.com\/wp-content\/uploads\/2024\/09\/e056c5da-5eed-4d17-a376-d1a066e4610b-300x166.jpg\" alt=\"\" width=\"542\" height=\"300\" srcset=\"https:\/\/apuntesdesanluis.com\/wp-content\/uploads\/2024\/09\/e056c5da-5eed-4d17-a376-d1a066e4610b-300x166.jpg 300w, https:\/\/apuntesdesanluis.com\/wp-content\/uploads\/2024\/09\/e056c5da-5eed-4d17-a376-d1a066e4610b.jpg 700w\" sizes=\"(max-width: 542px) 100vw, 542px\" \/><\/p>\n<h3>Personal de salud de la localidad acudi\u00f3 al lugar constatando el deceso del joven.<\/h3>\n<h3>Las actuaciones est\u00e1n a cargo de la Unidad de Abordaje Fiscal de la Tercera Circunscripci\u00f3n Judicial, a cargo de la Dra. Adriana Cangelosi.<\/h3>\n<h3>Trabajaron en el lugar personal de la Comisar\u00eda Seccional 23\u00b0 de Tilisarao, Bomberos Voluntarios de Tilisarao, Polic\u00eda Cient\u00edfica de la Unidad Regional de Orden P\u00fablico (UROP) N\u00b0 3, Direcci\u00f3n General de Polic\u00eda Caminera y Seguridad Vial y personal m\u00e9dico del Hospital de Tilisarao.<\/h3>\n<p>&nbsp;<\/p>\n<p>&nbsp;<\/p>\n<p>&nbsp;<\/p>\n<p>&nbsp;<\/p>\n<p>&nbsp;<\/p>\n<p>&nbsp;<\/p>\n<p>&nbsp;<\/p>\n","protected":false},"excerpt":{"rendered":"<p>Este s\u00e1bado, alrededor de las 6:00, se produjo un accidente de tr\u00e1nsito en ruta provincial&#8230;<\/p>\n","protected":false},"author":1,"featured_media":22227,"comment_status":"closed","ping_status":"closed","sticky":false,"template":"","format":"standard","meta":{"footnotes":""},"categories":[6],"tags":[],"class_list":["post-22226","post","type-post","status-publish","format-standard","has-post-thumbnail","hentry","category-ciudad-provincia"],"yoast_head":"<!-- This site is optimized with the Yoast SEO plugin v26.1.1 - https:\/\/yoast.com\/wordpress\/plugins\/seo\/ -->\n<title>ACCIDENTE FATAL EN TILISARAO: SE MAT\u00d3 UN JOVEN DE 23 A\u00d1OS - Apuntes de San Luis<\/title>\n<meta name=\"robots\" content=\"index, follow, max-snippet:-1, max-image-preview:large, max-video-preview:-1\" \/>\n<link rel=\"canonical\" href=\"https:\/\/apuntesdesanluis.com\/index.php\/2024\/09\/14\/accidente-fatal-en-tilisarao-se-mato-un-joven-de-23-anos\/\" \/>\n<meta property=\"og:locale\" content=\"es_ES\" \/>\n<meta property=\"og:type\" content=\"article\" \/>\n<meta property=\"og:title\" content=\"ACCIDENTE FATAL EN TILISARAO: SE MAT\u00d3 UN JOVEN DE 23 A\u00d1OS - Apuntes de San Luis\" \/>\n<meta property=\"og:description\" content=\"Este s\u00e1bado, alrededor de las 6:00, se produjo un accidente de tr\u00e1nsito en ruta provincial...\" \/>\n<meta property=\"og:url\" content=\"https:\/\/apuntesdesanluis.com\/index.php\/2024\/09\/14\/accidente-fatal-en-tilisarao-se-mato-un-joven-de-23-anos\/\" \/>\n<meta property=\"og:site_name\" content=\"Apuntes de San Luis\" \/>\n<meta property=\"article:published_time\" content=\"2024-09-14T23:50:00+00:00\" \/>\n<meta property=\"article:modified_time\" content=\"2024-09-14T23:50:18+00:00\" \/>\n<meta property=\"og:image\" content=\"https:\/\/apuntesdesanluis.com\/wp-content\/uploads\/2024\/09\/a22ea2b6-5077-4577-806c-7afdcb226f80.jpg\" \/>\n\t<meta property=\"og:image:width\" content=\"678\" \/>\n\t<meta property=\"og:image:height\" content=\"393\" \/>\n\t<meta property=\"og:image:type\" content=\"image\/jpeg\" \/>\n<meta name=\"author\" content=\"apuntesdesanluis.com\" \/>\n<meta name=\"twitter:card\" content=\"summary_large_image\" \/>\n<meta name=\"twitter:label1\" content=\"Escrito por\" \/>\n\t<meta name=\"twitter:data1\" content=\"apuntesdesanluis.com\" \/>\n\t<meta name=\"twitter:label2\" content=\"Tiempo de lectura\" \/>\n\t<meta name=\"twitter:data2\" content=\"2 minutos\" \/>\n<script type=\"application\/ld+json\" class=\"yoast-schema-graph\">{\"@context\":\"https:\/\/schema.org\",\"@graph\":[{\"@type\":\"Article\",\"@id\":\"https:\/\/apuntesdesanluis.com\/index.php\/2024\/09\/14\/accidente-fatal-en-tilisarao-se-mato-un-joven-de-23-anos\/#article\",\"isPartOf\":{\"@id\":\"https:\/\/apuntesdesanluis.com\/index.php\/2024\/09\/14\/accidente-fatal-en-tilisarao-se-mato-un-joven-de-23-anos\/\"},\"author\":{\"name\":\"apuntesdesanluis.com\",\"@id\":\"https:\/\/apuntesdesanluis.com\/#\/schema\/person\/b55151d52296fcce64d1a72538a70b90\"},\"headline\":\"ACCIDENTE FATAL EN TILISARAO: SE MAT\u00d3 UN JOVEN DE 23 A\u00d1OS\",\"datePublished\":\"2024-09-14T23:50:00+00:00\",\"dateModified\":\"2024-09-14T23:50:18+00:00\",\"mainEntityOfPage\":{\"@id\":\"https:\/\/apuntesdesanluis.com\/index.php\/2024\/09\/14\/accidente-fatal-en-tilisarao-se-mato-un-joven-de-23-anos\/\"},\"wordCount\":203,\"publisher\":{\"@id\":\"https:\/\/apuntesdesanluis.com\/#\/schema\/person\/b55151d52296fcce64d1a72538a70b90\"},\"image\":{\"@id\":\"https:\/\/apuntesdesanluis.com\/index.php\/2024\/09\/14\/accidente-fatal-en-tilisarao-se-mato-un-joven-de-23-anos\/#primaryimage\"},\"thumbnailUrl\":\"https:\/\/apuntesdesanluis.com\/wp-content\/uploads\/2024\/09\/a22ea2b6-5077-4577-806c-7afdcb226f80.jpg\",\"articleSection\":[\"Ciudad\/Provincia\"],\"inLanguage\":\"es-AR\"},{\"@type\":\"WebPage\",\"@id\":\"https:\/\/apuntesdesanluis.com\/index.php\/2024\/09\/14\/accidente-fatal-en-tilisarao-se-mato-un-joven-de-23-anos\/\",\"url\":\"https:\/\/apuntesdesanluis.com\/index.php\/2024\/09\/14\/accidente-fatal-en-tilisarao-se-mato-un-joven-de-23-anos\/\",\"name\":\"ACCIDENTE FATAL EN TILISARAO: SE MAT\u00d3 UN JOVEN DE 23 A\u00d1OS - Apuntes de San Luis\",\"isPartOf\":{\"@id\":\"https:\/\/apuntesdesanluis.com\/#website\"},\"primaryImageOfPage\":{\"@id\":\"https:\/\/apuntesdesanluis.com\/index.php\/2024\/09\/14\/accidente-fatal-en-tilisarao-se-mato-un-joven-de-23-anos\/#primaryimage\"},\"image\":{\"@id\":\"https:\/\/apuntesdesanluis.com\/index.php\/2024\/09\/14\/accidente-fatal-en-tilisarao-se-mato-un-joven-de-23-anos\/#primaryimage\"},\"thumbnailUrl\":\"https:\/\/apuntesdesanluis.com\/wp-content\/uploads\/2024\/09\/a22ea2b6-5077-4577-806c-7afdcb226f80.jpg\",\"datePublished\":\"2024-09-14T23:50:00+00:00\",\"dateModified\":\"2024-09-14T23:50:18+00:00\",\"breadcrumb\":{\"@id\":\"https:\/\/apuntesdesanluis.com\/index.php\/2024\/09\/14\/accidente-fatal-en-tilisarao-se-mato-un-joven-de-23-anos\/#breadcrumb\"},\"inLanguage\":\"es-AR\",\"potentialAction\":[{\"@type\":\"ReadAction\",\"target\":[\"https:\/\/apuntesdesanluis.com\/index.php\/2024\/09\/14\/accidente-fatal-en-tilisarao-se-mato-un-joven-de-23-anos\/\"]}]},{\"@type\":\"ImageObject\",\"inLanguage\":\"es-AR\",\"@id\":\"https:\/\/apuntesdesanluis.com\/index.php\/2024\/09\/14\/accidente-fatal-en-tilisarao-se-mato-un-joven-de-23-anos\/#primaryimage\",\"url\":\"https:\/\/apuntesdesanluis.com\/wp-content\/uploads\/2024\/09\/a22ea2b6-5077-4577-806c-7afdcb226f80.jpg\",\"contentUrl\":\"https:\/\/apuntesdesanluis.com\/wp-content\/uploads\/2024\/09\/a22ea2b6-5077-4577-806c-7afdcb226f80.jpg\",\"width\":678,\"height\":393},{\"@type\":\"BreadcrumbList\",\"@id\":\"https:\/\/apuntesdesanluis.com\/index.php\/2024\/09\/14\/accidente-fatal-en-tilisarao-se-mato-un-joven-de-23-anos\/#breadcrumb\",\"itemListElement\":[{\"@type\":\"ListItem\",\"position\":1,\"name\":\"Inicio\",\"item\":\"https:\/\/apuntesdesanluis.com\/\"},{\"@type\":\"ListItem\",\"position\":2,\"name\":\"ACCIDENTE FATAL EN TILISARAO: SE MAT\u00d3 UN JOVEN DE 23 A\u00d1OS\"}]},{\"@type\":\"WebSite\",\"@id\":\"https:\/\/apuntesdesanluis.com\/#website\",\"url\":\"https:\/\/apuntesdesanluis.com\/\",\"name\":\"Apuntes de San Luis\",\"description\":\"\",\"publisher\":{\"@id\":\"https:\/\/apuntesdesanluis.com\/#\/schema\/person\/b55151d52296fcce64d1a72538a70b90\"},\"potentialAction\":[{\"@type\":\"SearchAction\",\"target\":{\"@type\":\"EntryPoint\",\"urlTemplate\":\"https:\/\/apuntesdesanluis.com\/?s={search_term_string}\"},\"query-input\":{\"@type\":\"PropertyValueSpecification\",\"valueRequired\":true,\"valueName\":\"search_term_string\"}}],\"inLanguage\":\"es-AR\"},{\"@type\":[\"Person\",\"Organization\"],\"@id\":\"https:\/\/apuntesdesanluis.com\/#\/schema\/person\/b55151d52296fcce64d1a72538a70b90\",\"name\":\"apuntesdesanluis.com\",\"image\":{\"@type\":\"ImageObject\",\"inLanguage\":\"es-AR\",\"@id\":\"https:\/\/apuntesdesanluis.com\/#\/schema\/person\/image\/\",\"url\":\"https:\/\/apuntesdesanluis.com\/wp-content\/uploads\/2023\/07\/cropped-apuntesdesanluis.png\",\"contentUrl\":\"https:\/\/apuntesdesanluis.com\/wp-content\/uploads\/2023\/07\/cropped-apuntesdesanluis.png\",\"width\":450,\"height\":112,\"caption\":\"apuntesdesanluis.com\"},\"logo\":{\"@id\":\"https:\/\/apuntesdesanluis.com\/#\/schema\/person\/image\/\"},\"sameAs\":[\"https:\/\/apuntesdesanluis.com\"],\"url\":\"https:\/\/apuntesdesanluis.com\/index.php\/author\/apuntesdesanluis-com\/\"}]}<\/script>\n<!-- \/ Yoast SEO plugin. -->","yoast_head_json":{"title":"ACCIDENTE FATAL EN TILISARAO: SE MAT\u00d3 UN JOVEN DE 23 A\u00d1OS - Apuntes de San Luis","robots":{"index":"index","follow":"follow","max-snippet":"max-snippet:-1","max-image-preview":"max-image-preview:large","max-video-preview":"max-video-preview:-1"},"canonical":"https:\/\/apuntesdesanluis.com\/index.php\/2024\/09\/14\/accidente-fatal-en-tilisarao-se-mato-un-joven-de-23-anos\/","og_locale":"es_ES","og_type":"article","og_title":"ACCIDENTE FATAL EN TILISARAO: SE MAT\u00d3 UN JOVEN DE 23 A\u00d1OS - Apuntes de San Luis","og_description":"Este s\u00e1bado, alrededor de las 6:00, se produjo un accidente de tr\u00e1nsito en ruta provincial...","og_url":"https:\/\/apuntesdesanluis.com\/index.php\/2024\/09\/14\/accidente-fatal-en-tilisarao-se-mato-un-joven-de-23-anos\/","og_site_name":"Apuntes de San Luis","article_published_time":"2024-09-14T23:50:00+00:00","article_modified_time":"2024-09-14T23:50:18+00:00","og_image":[{"width":678,"height":393,"url":"https:\/\/apuntesdesanluis.com\/wp-content\/uploads\/2024\/09\/a22ea2b6-5077-4577-806c-7afdcb226f80.jpg","type":"image\/jpeg"}],"author":"apuntesdesanluis.com","twitter_card":"summary_large_image","twitter_misc":{"Escrito por":"apuntesdesanluis.com","Tiempo de lectura":"2 minutos"},"schema":{"@context":"https:\/\/schema.org","@graph":[{"@type":"Article","@id":"https:\/\/apuntesdesanluis.com\/index.php\/2024\/09\/14\/accidente-fatal-en-tilisarao-se-mato-un-joven-de-23-anos\/#article","isPartOf":{"@id":"https:\/\/apuntesdesanluis.com\/index.php\/2024\/09\/14\/accidente-fatal-en-tilisarao-se-mato-un-joven-de-23-anos\/"},"author":{"name":"apuntesdesanluis.com","@id":"https:\/\/apuntesdesanluis.com\/#\/schema\/person\/b55151d52296fcce64d1a72538a70b90"},"headline":"ACCIDENTE FATAL EN TILISARAO: SE MAT\u00d3 UN JOVEN DE 23 A\u00d1OS","datePublished":"2024-09-14T23:50:00+00:00","dateModified":"2024-09-14T23:50:18+00:00","mainEntityOfPage":{"@id":"https:\/\/apuntesdesanluis.com\/index.php\/2024\/09\/14\/accidente-fatal-en-tilisarao-se-mato-un-joven-de-23-anos\/"},"wordCount":203,"publisher":{"@id":"https:\/\/apuntesdesanluis.com\/#\/schema\/person\/b55151d52296fcce64d1a72538a70b90"},"image":{"@id":"https:\/\/apuntesdesanluis.com\/index.php\/2024\/09\/14\/accidente-fatal-en-tilisarao-se-mato-un-joven-de-23-anos\/#primaryimage"},"thumbnailUrl":"https:\/\/apuntesdesanluis.com\/wp-content\/uploads\/2024\/09\/a22ea2b6-5077-4577-806c-7afdcb226f80.jpg","articleSection":["Ciudad\/Provincia"],"inLanguage":"es-AR"},{"@type":"WebPage","@id":"https:\/\/apuntesdesanluis.com\/index.php\/2024\/09\/14\/accidente-fatal-en-tilisarao-se-mato-un-joven-de-23-anos\/","url":"https:\/\/apuntesdesanluis.com\/index.php\/2024\/09\/14\/accidente-fatal-en-tilisarao-se-mato-un-joven-de-23-anos\/","name":"ACCIDENTE FATAL EN TILISARAO: SE MAT\u00d3 UN JOVEN DE 23 A\u00d1OS - Apuntes de San Luis","isPartOf":{"@id":"https:\/\/apuntesdesanluis.com\/#website"},"primaryImageOfPage":{"@id":"https:\/\/apuntesdesanluis.com\/index.php\/2024\/09\/14\/accidente-fatal-en-tilisarao-se-mato-un-joven-de-23-anos\/#primaryimage"},"image":{"@id":"https:\/\/apuntesdesanluis.com\/index.php\/2024\/09\/14\/accidente-fatal-en-tilisarao-se-mato-un-joven-de-23-anos\/#primaryimage"},"thumbnailUrl":"https:\/\/apuntesdesanluis.com\/wp-content\/uploads\/2024\/09\/a22ea2b6-5077-4577-806c-7afdcb226f80.jpg","datePublished":"2024-09-14T23:50:00+00:00","dateModified":"2024-09-14T23:50:18+00:00","breadcrumb":{"@id":"https:\/\/apuntesdesanluis.com\/index.php\/2024\/09\/14\/accidente-fatal-en-tilisarao-se-mato-un-joven-de-23-anos\/#breadcrumb"},"inLanguage":"es-AR","potentialAction":[{"@type":"ReadAction","target":["https:\/\/apuntesdesanluis.com\/index.php\/2024\/09\/14\/accidente-fatal-en-tilisarao-se-mato-un-joven-de-23-anos\/"]}]},{"@type":"ImageObject","inLanguage":"es-AR","@id":"https:\/\/apuntesdesanluis.com\/index.php\/2024\/09\/14\/accidente-fatal-en-tilisarao-se-mato-un-joven-de-23-anos\/#primaryimage","url":"https:\/\/apuntesdesanluis.com\/wp-content\/uploads\/2024\/09\/a22ea2b6-5077-4577-806c-7afdcb226f80.jpg","contentUrl":"https:\/\/apuntesdesanluis.com\/wp-content\/uploads\/2024\/09\/a22ea2b6-5077-4577-806c-7afdcb226f80.jpg","width":678,"height":393},{"@type":"BreadcrumbList","@id":"https:\/\/apuntesdesanluis.com\/index.php\/2024\/09\/14\/accidente-fatal-en-tilisarao-se-mato-un-joven-de-23-anos\/#breadcrumb","itemListElement":[{"@type":"ListItem","position":1,"name":"Inicio","item":"https:\/\/apuntesdesanluis.com\/"},{"@type":"ListItem","position":2,"name":"ACCIDENTE FATAL EN TILISARAO: SE MAT\u00d3 UN JOVEN DE 23 A\u00d1OS"}]},{"@type":"WebSite","@id":"https:\/\/apuntesdesanluis.com\/#website","url":"https:\/\/apuntesdesanluis.com\/","name":"Apuntes de San Luis","description":"","publisher":{"@id":"https:\/\/apuntesdesanluis.com\/#\/schema\/person\/b55151d52296fcce64d1a72538a70b90"},"potentialAction":[{"@type":"SearchAction","target":{"@type":"EntryPoint","urlTemplate":"https:\/\/apuntesdesanluis.com\/?s={search_term_string}"},"query-input":{"@type":"PropertyValueSpecification","valueRequired":true,"valueName":"search_term_string"}}],"inLanguage":"es-AR"},{"@type":["Person","Organization"],"@id":"https:\/\/apuntesdesanluis.com\/#\/schema\/person\/b55151d52296fcce64d1a72538a70b90","name":"apuntesdesanluis.com","image":{"@type":"ImageObject","inLanguage":"es-AR","@id":"https:\/\/apuntesdesanluis.com\/#\/schema\/person\/image\/","url":"https:\/\/apuntesdesanluis.com\/wp-content\/uploads\/2023\/07\/cropped-apuntesdesanluis.png","contentUrl":"https:\/\/apuntesdesanluis.com\/wp-content\/uploads\/2023\/07\/cropped-apuntesdesanluis.png","width":450,"height":112,"caption":"apuntesdesanluis.com"},"logo":{"@id":"https:\/\/apuntesdesanluis.com\/#\/schema\/person\/image\/"},"sameAs":["https:\/\/apuntesdesanluis.com"],"url":"https:\/\/apuntesdesanluis.com\/index.php\/author\/apuntesdesanluis-com\/"}]}},"featured_image_urls":{"full":["https:\/\/apuntesdesanluis.com\/wp-content\/uploads\/2024\/09\/a22ea2b6-5077-4577-806c-7afdcb226f80.jpg",678,393,false],"thumbnail":["https:\/\/apuntesdesanluis.com\/wp-content\/uploads\/2024\/09\/a22ea2b6-5077-4577-806c-7afdcb226f80-150x150.jpg",150,150,true],"medium":["https:\/\/apuntesdesanluis.com\/wp-content\/uploads\/2024\/09\/a22ea2b6-5077-4577-806c-7afdcb226f80-300x174.jpg",300,174,true],"medium_large":["https:\/\/apuntesdesanluis.com\/wp-content\/uploads\/2024\/09\/a22ea2b6-5077-4577-806c-7afdcb226f80.jpg",640,371,false],"large":["https:\/\/apuntesdesanluis.com\/wp-content\/uploads\/2024\/09\/a22ea2b6-5077-4577-806c-7afdcb226f80.jpg",640,371,false],"1536x1536":["https:\/\/apuntesdesanluis.com\/wp-content\/uploads\/2024\/09\/a22ea2b6-5077-4577-806c-7afdcb226f80.jpg",678,393,false],"2048x2048":["https:\/\/apuntesdesanluis.com\/wp-content\/uploads\/2024\/09\/a22ea2b6-5077-4577-806c-7afdcb226f80.jpg",678,393,false],"newsever-slider-full":["https:\/\/apuntesdesanluis.com\/wp-content\/uploads\/2024\/09\/a22ea2b6-5077-4577-806c-7afdcb226f80.jpg",678,393,false],"newsever-featured":["https:\/\/apuntesdesanluis.com\/wp-content\/uploads\/2024\/09\/a22ea2b6-5077-4577-806c-7afdcb226f80.jpg",678,393,false],"newsever-medium":["https:\/\/apuntesdesanluis.com\/wp-content\/uploads\/2024\/09\/a22ea2b6-5077-4577-806c-7afdcb226f80.jpg",678,393,false]},"author_info":{"display_name":"apuntesdesanluis.com","author_link":"https:\/\/apuntesdesanluis.com\/index.php\/author\/apuntesdesanluis-com\/"},"category_info":"<a href=\"https:\/\/apuntesdesanluis.com\/index.php\/category\/ciudad-provincia\/\" rel=\"category tag\">Ciudad\/Provincia<\/a>","tag_info":"Ciudad\/Provincia","comment_count":"0","_links":{"self":[{"href":"https:\/\/apuntesdesanluis.com\/index.php\/wp-json\/wp\/v2\/posts\/22226","targetHints":{"allow":["GET"]}}],"collection":[{"href":"https:\/\/apuntesdesanluis.com\/index.php\/wp-json\/wp\/v2\/posts"}],"about":[{"href":"https:\/\/apuntesdesanluis.com\/index.php\/wp-json\/wp\/v2\/types\/post"}],"author":[{"embeddable":true,"href":"https:\/\/apuntesdesanluis.com\/index.php\/wp-json\/wp\/v2\/users\/1"}],"replies":[{"embeddable":true,"href":"https:\/\/apuntesdesanluis.com\/index.php\/wp-json\/wp\/v2\/comments?post=22226"}],"version-history":[{"count":2,"href":"https:\/\/apuntesdesanluis.com\/index.php\/wp-json\/wp\/v2\/posts\/22226\/revisions"}],"predecessor-version":[{"id":22230,"href":"https:\/\/apuntesdesanluis.com\/index.php\/wp-json\/wp\/v2\/posts\/22226\/revisions\/22230"}],"wp:featuredmedia":[{"embeddable":true,"href":"https:\/\/apuntesdesanluis.com\/index.php\/wp-json\/wp\/v2\/media\/22227"}],"wp:attachment":[{"href":"https:\/\/apuntesdesanluis.com\/index.php\/wp-json\/wp\/v2\/media?parent=22226"}],"wp:term":[{"taxonomy":"category","embeddable":true,"href":"https:\/\/apuntesdesanluis.com\/index.php\/wp-json\/wp\/v2\/categories?post=22226"},{"taxonomy":"post_tag","embeddable":true,"href":"https:\/\/apuntesdesanluis.com\/index.php\/wp-json\/wp\/v2\/tags?post=22226"}],"curies":[{"name":"wp","href":"https:\/\/api.w.org\/{rel}","templated":true}]}}