{"id":2224,"date":"2023-08-28T20:56:40","date_gmt":"2023-08-28T23:56:40","guid":{"rendered":"https:\/\/apuntesdesanluis.com\/?p=2224"},"modified":"2023-08-28T20:56:40","modified_gmt":"2023-08-28T23:56:40","slug":"rosario-condenaron-a-prision-perpetua-a-16-ex-militares-y-policias-por-crimenes-en-la-ultima-dictadura","status":"publish","type":"post","link":"https:\/\/apuntesdesanluis.com\/index.php\/2023\/08\/28\/rosario-condenaron-a-prision-perpetua-a-16-ex-militares-y-policias-por-crimenes-en-la-ultima-dictadura\/","title":{"rendered":"ROSARIO: CONDENARON A PRISI\u00d3N PERPETUA A 16 EX MILITARES Y POLIC\u00cdAS POR CR\u00cdMENES EN LA \u00daLTIMA DICTADURA"},"content":{"rendered":"<h3 class=\"yiv7409174924ydp6329976emsonormal\" style=\"text-align: justify; background: white;\"><span style=\"font-family: 'Arial','sans-serif'; color: #1d2228;\">En un fallo hist\u00f3rico, el Tribunal Oral en lo Criminal Federal N\u00b01 de Rosario conden\u00f3 a 16 ex militares y polic\u00edas a la pena de prisi\u00f3n perpetua por cr\u00edmenes de lesa humanidad ocurridos durante la \u00faltima dictadura. La sentencia se dict\u00f3 en el marco de la causa \u201cGuerrieri IV\u201d, que investig\u00f3 delitos cometidos durante en centros clandestinos de detenci\u00f3n en el Gran Rosario.<\/span><\/h3>\n<h3 class=\"yiv7409174924ydp6329976emsonormal\" style=\"text-align: justify; background: white;\"><span style=\"font-family: 'Arial','sans-serif'; color: #1d2228;\">Los condenados fueron hallados responsables de una serie de delitos que incluyen homicidio agravado, torturas calificadas, tormentos, desaparici\u00f3n forzada, sustracci\u00f3n de menores y privaci\u00f3n ileg\u00edtima de la libertad. Las v\u00edctimas de la represi\u00f3n ilegal suman 116 personas, de las cuales 54 ya hab\u00edan participado en tramos anteriores de la \u201cMegacausa Guerrieri\u201d.<\/span><\/h3>\n<h3 class=\"yiv7409174924ydp6329976emsonormal\" style=\"text-align: justify; background: white;\"><span style=\"font-family: 'Arial','sans-serif'; color: #1d2228;\">Sin embargo, otros 62 casos nunca hab\u00edan sido juzgados; de ellos, 54 son de desapariciones forzadas o homicidios. Entre estos est\u00e1 el caso de Eduardo Garat, secuestrado el 13 de abril de 1978 en el centro de Rosario. Su caso tiene la particularidad de que reci\u00e9n este a\u00f1o se hizo la audiencia con sus familiares y los hijos del desaparecido declararon por primera vez 45 a\u00f1os despu\u00e9s de los hechos.<\/span><\/h3>\n<h3 class=\"yiv7409174924ydp6329976emsonormal\" style=\"text-align: justify; background: white;\"><span style=\"font-family: 'Arial','sans-serif'; color: #1d2228;\">Los condenados son los ex miembros del Destacamento de Inteligencia 121 del Ej\u00e9rcito Pascual Oscar Guerrieri, Jorge Alberto Fari\u00f1a, Juan Daniel Amelong, Marino Gonz\u00e1lez, Ariel L\u00f3pez, Juan Andr\u00e9s Cabrera, Rodolfo Isach, Walter Pagano y Eduardo Costanzo.<\/span><\/h3>\n<h3 class=\"yiv7409174924ydp6329976emsonormal\" style=\"text-align: justify; background: white;\"><span style=\"font-family: 'Arial','sans-serif'; color: #1d2228;\">Tambi\u00e9n recibieron prisi\u00f3n perpetua los ex integrantes de la delegaci\u00f3n Rosario de la Polic\u00eda Federal Juan Carlos Faccendini, Oscar Roberto Giai, Juan F\u00e9lix Retamozo, Roberto Ra\u00fal Squiro, Osvaldo Tebez, Enrique Andr\u00e9s L\u00f3pez y Federico Almeder.<\/span><\/h3>\n<p><img fetchpriority=\"high\" decoding=\"async\" class=\"wp-image-2226 aligncenter\" src=\"https:\/\/apuntesdesanluis.com\/wp-content\/uploads\/2023\/08\/JUICIO-ROSARIO-300x188.png\" alt=\"\" width=\"763\" height=\"478\" srcset=\"https:\/\/apuntesdesanluis.com\/wp-content\/uploads\/2023\/08\/JUICIO-ROSARIO-300x188.png 300w, https:\/\/apuntesdesanluis.com\/wp-content\/uploads\/2023\/08\/JUICIO-ROSARIO.png 735w\" sizes=\"(max-width: 763px) 100vw, 763px\" \/><\/p>\n<h3 class=\"yiv7409174924ydp6329976emsonormal\" style=\"text-align: justify; background: white;\"><span style=\"font-family: 'Arial','sans-serif'; color: #1d2228;\">Los 16 represores tambi\u00e9n fueron encontrados culpables, por primera vez en la jurisdicci\u00f3n, por el delito de desaparici\u00f3n forzada. Y para cinco de los ex polic\u00edas -Faccendini, Giai, Retamozo, Squiro y Tebez- esta fue su primera condena por cr\u00edmenes de lesa humanidad.<\/span><\/h3>\n<h3 class=\"yiv7409174924ydp6329976emsonormal\" style=\"text-align: justify; background: white;\"><span style=\"font-family: 'Arial','sans-serif'; color: #1d2228;\">El Tribunal, integrado por Mar\u00eda Noel Costa, Mariela Emilce Rojas y Jaime D\u00edaz Gavier, acept\u00f3 el pedido de ampliaci\u00f3n de la acusaci\u00f3n de la fiscal\u00eda, a cargo de Adolfo Villate, y querellas, entre ellas la de la Secretar\u00eda de Derechos Humanos de la Naci\u00f3n, y conden\u00f3 a los acusados por los cr\u00edmenes sufridos por los hijos e hijas de las v\u00edctimas, quienes al momento de los hechos eran menores de edad.<\/span><\/h3>\n<h3 class=\"yiv7409174924ydp6329976emsonormal\" style=\"text-align: justify; background: white;\"><span style=\"font-family: 'Arial','sans-serif'; color: #1d2228;\">El veredicto fue recibido con alivio y celebraci\u00f3n por parte de organismos de derechos humanos y familiares de las v\u00edctimas. La agrupaci\u00f3n H.I.J.O.S. Rosario y la delegaci\u00f3n local de la Asamblea Permanente por los Derechos Humanos (APDH) tambi\u00e9n estuvieron entre las querellas particulares que solicitaron la pena.<\/span><\/h3>\n<h3 class=\"yiv7409174924ydp6329976emsonormal\" style=\"text-align: justify; background: white;\"><span style=\"font-family: 'Arial','sans-serif'; color: #1d2228;\">\u201cPerpetua para todos los represores juzgados en la causa #GuerrieriIV que investiga la desaparici\u00f3n de Susana y Graciela Busaniche, entre otros. Despu\u00e9s de 46 a\u00f1os lleg\u00f3 la justicia, t\u00edas! Presentes! Seguimos reclamando verdad, sus cuerpos y, si naci\u00f3, el hijo de la t\u00eda Graciela\u201d, celebr\u00f3 en su cuenta de X (ex Twitter) la periodista Gisela Busaniche.<\/span><\/h3>\n<h3 class=\"yiv7409174924ydp6329976emsonormal\" style=\"text-align: justify; background: white;\"><span style=\"font-family: 'Arial','sans-serif'; color: #1d2228;\">\u201cSe hizo justicia todos los acusados de la causa Guerrieri IV recibieron condena a perpetua en c\u00e1rcel com\u00fan. Los juzga un tribunal los condenamos todxs\u201d, public\u00f3 la agrupaci\u00f3n H.I.J.O.S. Rosario en la misma red social.<\/span><\/h3>\n<h3 class=\"yiv7409174924ydp6329976emsonormal\" style=\"text-align: justify; background: white;\"><span style=\"font-family: 'Arial','sans-serif'; color: #1d2228;\">El Tribunal inform\u00f3 que los fundamentos del veredicto ser\u00e1n dados a conocer a las partes el pr\u00f3ximo 25 de octubre. El juicio hab\u00eda comenzado 13 meses atr\u00e1s, el 1 de agosto del a\u00f1o pasado. Durante el debate se visibiliz\u00f3 la utilizaci\u00f3n sistem\u00e1tica por parte del Destacamento 121 de enfrentamientos fraguados para encubrir ejecuciones en la v\u00eda p\u00fablica o de personas que hab\u00edan sido secuestradas previamente y llevadas a alg\u00fan centro clandestino de detenci\u00f3n. Estos cr\u00edmenes eran difundidos como enfrentamientos a trav\u00e9s de los comunicados oficiales publicados en los diarios, lo que form\u00f3 parte de la acci\u00f3n psicol\u00f3gica del terrorismo de Estado hacia la poblaci\u00f3n.<\/span><\/h3>\n<h3 class=\"yiv7409174924ydp6329976emsonormal\" style=\"text-align: justify; background: white;\"><span style=\"font-family: 'Arial','sans-serif'; color: #1d2228;\">Este fue el juicio n\u00famero 14 que se realiza por cr\u00edmenes de lesa humanidad en Rosario y el cuarto debate en el marco de la \u201cmegacausa Guerrieri\u201d. El Tribunal orden\u00f3 mantener las medidas cautelares sobre los acusados y dispuso que, una vez que la sentencia adquiera firmeza, todos deber\u00e1n cumplir la pena en c\u00e1rceles del Servicio Penitenciario Federal.<\/span><\/h3>\n<h3 class=\"yiv7409174924ydp6329976emsonormal\" style=\"text-align: justify; background: white;\"><span style=\"font-family: 'Arial','sans-serif'; color: #1d2228;\">La sentencia adquiere especial relevancia en un contexto donde se est\u00e1n llevando adelante m\u00e1s de 15 juicios orales por cr\u00edmenes de lesa humanidad en diferentes provincias de Argentina. La Secretar\u00eda de Derechos Humanos de la Naci\u00f3n fue querellante en este caso y es querellante en dos de cada tres de esas causas. Desde la vuelta de la democracia, ya fueron condenados por la justicia m\u00e1s de 1.100 genocidas.<\/span><\/h3>\n","protected":false},"excerpt":{"rendered":"<p>En un fallo hist\u00f3rico, el Tribunal Oral en lo Criminal Federal N\u00b01 de Rosario conden\u00f3&#8230;<\/p>\n","protected":false},"author":1,"featured_media":2225,"comment_status":"closed","ping_status":"closed","sticky":false,"template":"","format":"standard","meta":{"footnotes":""},"categories":[5],"tags":[],"class_list":["post-2224","post","type-post","status-publish","format-standard","has-post-thumbnail","hentry","category-nacionales-internacionales"],"yoast_head":"<!-- This site is optimized with the Yoast SEO plugin v26.1.1 - https:\/\/yoast.com\/wordpress\/plugins\/seo\/ -->\n<title>ROSARIO: CONDENARON A PRISI\u00d3N PERPETUA A 16 EX MILITARES Y POLIC\u00cdAS POR CR\u00cdMENES EN LA \u00daLTIMA DICTADURA - Apuntes de San Luis<\/title>\n<meta name=\"robots\" content=\"index, follow, max-snippet:-1, max-image-preview:large, max-video-preview:-1\" \/>\n<link rel=\"canonical\" href=\"https:\/\/apuntesdesanluis.com\/index.php\/2023\/08\/28\/rosario-condenaron-a-prision-perpetua-a-16-ex-militares-y-policias-por-crimenes-en-la-ultima-dictadura\/\" \/>\n<meta property=\"og:locale\" content=\"es_ES\" \/>\n<meta property=\"og:type\" content=\"article\" \/>\n<meta property=\"og:title\" content=\"ROSARIO: CONDENARON A PRISI\u00d3N PERPETUA A 16 EX MILITARES Y POLIC\u00cdAS POR CR\u00cdMENES EN LA \u00daLTIMA DICTADURA - Apuntes de San Luis\" \/>\n<meta property=\"og:description\" content=\"En un fallo hist\u00f3rico, el Tribunal Oral en lo Criminal Federal N\u00b01 de Rosario conden\u00f3...\" \/>\n<meta property=\"og:url\" content=\"https:\/\/apuntesdesanluis.com\/index.php\/2023\/08\/28\/rosario-condenaron-a-prision-perpetua-a-16-ex-militares-y-policias-por-crimenes-en-la-ultima-dictadura\/\" \/>\n<meta property=\"og:site_name\" content=\"Apuntes de San Luis\" \/>\n<meta property=\"article:published_time\" content=\"2023-08-28T23:56:40+00:00\" \/>\n<meta property=\"og:image\" content=\"https:\/\/apuntesdesanluis.com\/wp-content\/uploads\/2023\/08\/JUICIO-A-GENOCIDAS.png\" \/>\n\t<meta property=\"og:image:width\" content=\"944\" \/>\n\t<meta property=\"og:image:height\" content=\"561\" \/>\n\t<meta property=\"og:image:type\" content=\"image\/png\" \/>\n<meta name=\"author\" content=\"apuntesdesanluis.com\" \/>\n<meta name=\"twitter:card\" content=\"summary_large_image\" \/>\n<meta name=\"twitter:label1\" content=\"Escrito por\" \/>\n\t<meta name=\"twitter:data1\" content=\"apuntesdesanluis.com\" \/>\n\t<meta name=\"twitter:label2\" content=\"Tiempo de lectura\" \/>\n\t<meta name=\"twitter:data2\" content=\"4 minutos\" \/>\n<script type=\"application\/ld+json\" class=\"yoast-schema-graph\">{\"@context\":\"https:\/\/schema.org\",\"@graph\":[{\"@type\":\"Article\",\"@id\":\"https:\/\/apuntesdesanluis.com\/index.php\/2023\/08\/28\/rosario-condenaron-a-prision-perpetua-a-16-ex-militares-y-policias-por-crimenes-en-la-ultima-dictadura\/#article\",\"isPartOf\":{\"@id\":\"https:\/\/apuntesdesanluis.com\/index.php\/2023\/08\/28\/rosario-condenaron-a-prision-perpetua-a-16-ex-militares-y-policias-por-crimenes-en-la-ultima-dictadura\/\"},\"author\":{\"name\":\"apuntesdesanluis.com\",\"@id\":\"https:\/\/apuntesdesanluis.com\/#\/schema\/person\/b55151d52296fcce64d1a72538a70b90\"},\"headline\":\"ROSARIO: CONDENARON A PRISI\u00d3N PERPETUA A 16 EX MILITARES Y POLIC\u00cdAS POR CR\u00cdMENES EN LA \u00daLTIMA DICTADURA\",\"datePublished\":\"2023-08-28T23:56:40+00:00\",\"mainEntityOfPage\":{\"@id\":\"https:\/\/apuntesdesanluis.com\/index.php\/2023\/08\/28\/rosario-condenaron-a-prision-perpetua-a-16-ex-militares-y-policias-por-crimenes-en-la-ultima-dictadura\/\"},\"wordCount\":829,\"publisher\":{\"@id\":\"https:\/\/apuntesdesanluis.com\/#\/schema\/person\/b55151d52296fcce64d1a72538a70b90\"},\"image\":{\"@id\":\"https:\/\/apuntesdesanluis.com\/index.php\/2023\/08\/28\/rosario-condenaron-a-prision-perpetua-a-16-ex-militares-y-policias-por-crimenes-en-la-ultima-dictadura\/#primaryimage\"},\"thumbnailUrl\":\"https:\/\/apuntesdesanluis.com\/wp-content\/uploads\/2023\/08\/JUICIO-A-GENOCIDAS.png\",\"articleSection\":[\"Nacionales\/Internacionales\"],\"inLanguage\":\"es-AR\"},{\"@type\":\"WebPage\",\"@id\":\"https:\/\/apuntesdesanluis.com\/index.php\/2023\/08\/28\/rosario-condenaron-a-prision-perpetua-a-16-ex-militares-y-policias-por-crimenes-en-la-ultima-dictadura\/\",\"url\":\"https:\/\/apuntesdesanluis.com\/index.php\/2023\/08\/28\/rosario-condenaron-a-prision-perpetua-a-16-ex-militares-y-policias-por-crimenes-en-la-ultima-dictadura\/\",\"name\":\"ROSARIO: CONDENARON A PRISI\u00d3N PERPETUA A 16 EX MILITARES Y POLIC\u00cdAS POR CR\u00cdMENES EN LA \u00daLTIMA DICTADURA - Apuntes de San Luis\",\"isPartOf\":{\"@id\":\"https:\/\/apuntesdesanluis.com\/#website\"},\"primaryImageOfPage\":{\"@id\":\"https:\/\/apuntesdesanluis.com\/index.php\/2023\/08\/28\/rosario-condenaron-a-prision-perpetua-a-16-ex-militares-y-policias-por-crimenes-en-la-ultima-dictadura\/#primaryimage\"},\"image\":{\"@id\":\"https:\/\/apuntesdesanluis.com\/index.php\/2023\/08\/28\/rosario-condenaron-a-prision-perpetua-a-16-ex-militares-y-policias-por-crimenes-en-la-ultima-dictadura\/#primaryimage\"},\"thumbnailUrl\":\"https:\/\/apuntesdesanluis.com\/wp-content\/uploads\/2023\/08\/JUICIO-A-GENOCIDAS.png\",\"datePublished\":\"2023-08-28T23:56:40+00:00\",\"breadcrumb\":{\"@id\":\"https:\/\/apuntesdesanluis.com\/index.php\/2023\/08\/28\/rosario-condenaron-a-prision-perpetua-a-16-ex-militares-y-policias-por-crimenes-en-la-ultima-dictadura\/#breadcrumb\"},\"inLanguage\":\"es-AR\",\"potentialAction\":[{\"@type\":\"ReadAction\",\"target\":[\"https:\/\/apuntesdesanluis.com\/index.php\/2023\/08\/28\/rosario-condenaron-a-prision-perpetua-a-16-ex-militares-y-policias-por-crimenes-en-la-ultima-dictadura\/\"]}]},{\"@type\":\"ImageObject\",\"inLanguage\":\"es-AR\",\"@id\":\"https:\/\/apuntesdesanluis.com\/index.php\/2023\/08\/28\/rosario-condenaron-a-prision-perpetua-a-16-ex-militares-y-policias-por-crimenes-en-la-ultima-dictadura\/#primaryimage\",\"url\":\"https:\/\/apuntesdesanluis.com\/wp-content\/uploads\/2023\/08\/JUICIO-A-GENOCIDAS.png\",\"contentUrl\":\"https:\/\/apuntesdesanluis.com\/wp-content\/uploads\/2023\/08\/JUICIO-A-GENOCIDAS.png\",\"width\":944,\"height\":561},{\"@type\":\"BreadcrumbList\",\"@id\":\"https:\/\/apuntesdesanluis.com\/index.php\/2023\/08\/28\/rosario-condenaron-a-prision-perpetua-a-16-ex-militares-y-policias-por-crimenes-en-la-ultima-dictadura\/#breadcrumb\",\"itemListElement\":[{\"@type\":\"ListItem\",\"position\":1,\"name\":\"Inicio\",\"item\":\"https:\/\/apuntesdesanluis.com\/\"},{\"@type\":\"ListItem\",\"position\":2,\"name\":\"ROSARIO: CONDENARON A PRISI\u00d3N PERPETUA A 16 EX MILITARES Y POLIC\u00cdAS POR CR\u00cdMENES EN LA \u00daLTIMA DICTADURA\"}]},{\"@type\":\"WebSite\",\"@id\":\"https:\/\/apuntesdesanluis.com\/#website\",\"url\":\"https:\/\/apuntesdesanluis.com\/\",\"name\":\"Apuntes de San Luis\",\"description\":\"\",\"publisher\":{\"@id\":\"https:\/\/apuntesdesanluis.com\/#\/schema\/person\/b55151d52296fcce64d1a72538a70b90\"},\"potentialAction\":[{\"@type\":\"SearchAction\",\"target\":{\"@type\":\"EntryPoint\",\"urlTemplate\":\"https:\/\/apuntesdesanluis.com\/?s={search_term_string}\"},\"query-input\":{\"@type\":\"PropertyValueSpecification\",\"valueRequired\":true,\"valueName\":\"search_term_string\"}}],\"inLanguage\":\"es-AR\"},{\"@type\":[\"Person\",\"Organization\"],\"@id\":\"https:\/\/apuntesdesanluis.com\/#\/schema\/person\/b55151d52296fcce64d1a72538a70b90\",\"name\":\"apuntesdesanluis.com\",\"image\":{\"@type\":\"ImageObject\",\"inLanguage\":\"es-AR\",\"@id\":\"https:\/\/apuntesdesanluis.com\/#\/schema\/person\/image\/\",\"url\":\"https:\/\/apuntesdesanluis.com\/wp-content\/uploads\/2023\/07\/cropped-apuntesdesanluis.png\",\"contentUrl\":\"https:\/\/apuntesdesanluis.com\/wp-content\/uploads\/2023\/07\/cropped-apuntesdesanluis.png\",\"width\":450,\"height\":112,\"caption\":\"apuntesdesanluis.com\"},\"logo\":{\"@id\":\"https:\/\/apuntesdesanluis.com\/#\/schema\/person\/image\/\"},\"sameAs\":[\"https:\/\/apuntesdesanluis.com\"],\"url\":\"https:\/\/apuntesdesanluis.com\/index.php\/author\/apuntesdesanluis-com\/\"}]}<\/script>\n<!-- \/ Yoast SEO plugin. -->","yoast_head_json":{"title":"ROSARIO: CONDENARON A PRISI\u00d3N PERPETUA A 16 EX MILITARES Y POLIC\u00cdAS POR CR\u00cdMENES EN LA \u00daLTIMA DICTADURA - Apuntes de San Luis","robots":{"index":"index","follow":"follow","max-snippet":"max-snippet:-1","max-image-preview":"max-image-preview:large","max-video-preview":"max-video-preview:-1"},"canonical":"https:\/\/apuntesdesanluis.com\/index.php\/2023\/08\/28\/rosario-condenaron-a-prision-perpetua-a-16-ex-militares-y-policias-por-crimenes-en-la-ultima-dictadura\/","og_locale":"es_ES","og_type":"article","og_title":"ROSARIO: CONDENARON A PRISI\u00d3N PERPETUA A 16 EX MILITARES Y POLIC\u00cdAS POR CR\u00cdMENES EN LA \u00daLTIMA DICTADURA - Apuntes de San Luis","og_description":"En un fallo hist\u00f3rico, el Tribunal Oral en lo Criminal Federal N\u00b01 de Rosario conden\u00f3...","og_url":"https:\/\/apuntesdesanluis.com\/index.php\/2023\/08\/28\/rosario-condenaron-a-prision-perpetua-a-16-ex-militares-y-policias-por-crimenes-en-la-ultima-dictadura\/","og_site_name":"Apuntes de San Luis","article_published_time":"2023-08-28T23:56:40+00:00","og_image":[{"width":944,"height":561,"url":"https:\/\/apuntesdesanluis.com\/wp-content\/uploads\/2023\/08\/JUICIO-A-GENOCIDAS.png","type":"image\/png"}],"author":"apuntesdesanluis.com","twitter_card":"summary_large_image","twitter_misc":{"Escrito por":"apuntesdesanluis.com","Tiempo de lectura":"4 minutos"},"schema":{"@context":"https:\/\/schema.org","@graph":[{"@type":"Article","@id":"https:\/\/apuntesdesanluis.com\/index.php\/2023\/08\/28\/rosario-condenaron-a-prision-perpetua-a-16-ex-militares-y-policias-por-crimenes-en-la-ultima-dictadura\/#article","isPartOf":{"@id":"https:\/\/apuntesdesanluis.com\/index.php\/2023\/08\/28\/rosario-condenaron-a-prision-perpetua-a-16-ex-militares-y-policias-por-crimenes-en-la-ultima-dictadura\/"},"author":{"name":"apuntesdesanluis.com","@id":"https:\/\/apuntesdesanluis.com\/#\/schema\/person\/b55151d52296fcce64d1a72538a70b90"},"headline":"ROSARIO: CONDENARON A PRISI\u00d3N PERPETUA A 16 EX MILITARES Y POLIC\u00cdAS POR CR\u00cdMENES EN LA \u00daLTIMA DICTADURA","datePublished":"2023-08-28T23:56:40+00:00","mainEntityOfPage":{"@id":"https:\/\/apuntesdesanluis.com\/index.php\/2023\/08\/28\/rosario-condenaron-a-prision-perpetua-a-16-ex-militares-y-policias-por-crimenes-en-la-ultima-dictadura\/"},"wordCount":829,"publisher":{"@id":"https:\/\/apuntesdesanluis.com\/#\/schema\/person\/b55151d52296fcce64d1a72538a70b90"},"image":{"@id":"https:\/\/apuntesdesanluis.com\/index.php\/2023\/08\/28\/rosario-condenaron-a-prision-perpetua-a-16-ex-militares-y-policias-por-crimenes-en-la-ultima-dictadura\/#primaryimage"},"thumbnailUrl":"https:\/\/apuntesdesanluis.com\/wp-content\/uploads\/2023\/08\/JUICIO-A-GENOCIDAS.png","articleSection":["Nacionales\/Internacionales"],"inLanguage":"es-AR"},{"@type":"WebPage","@id":"https:\/\/apuntesdesanluis.com\/index.php\/2023\/08\/28\/rosario-condenaron-a-prision-perpetua-a-16-ex-militares-y-policias-por-crimenes-en-la-ultima-dictadura\/","url":"https:\/\/apuntesdesanluis.com\/index.php\/2023\/08\/28\/rosario-condenaron-a-prision-perpetua-a-16-ex-militares-y-policias-por-crimenes-en-la-ultima-dictadura\/","name":"ROSARIO: CONDENARON A PRISI\u00d3N PERPETUA A 16 EX MILITARES Y POLIC\u00cdAS POR CR\u00cdMENES EN LA \u00daLTIMA DICTADURA - Apuntes de San Luis","isPartOf":{"@id":"https:\/\/apuntesdesanluis.com\/#website"},"primaryImageOfPage":{"@id":"https:\/\/apuntesdesanluis.com\/index.php\/2023\/08\/28\/rosario-condenaron-a-prision-perpetua-a-16-ex-militares-y-policias-por-crimenes-en-la-ultima-dictadura\/#primaryimage"},"image":{"@id":"https:\/\/apuntesdesanluis.com\/index.php\/2023\/08\/28\/rosario-condenaron-a-prision-perpetua-a-16-ex-militares-y-policias-por-crimenes-en-la-ultima-dictadura\/#primaryimage"},"thumbnailUrl":"https:\/\/apuntesdesanluis.com\/wp-content\/uploads\/2023\/08\/JUICIO-A-GENOCIDAS.png","datePublished":"2023-08-28T23:56:40+00:00","breadcrumb":{"@id":"https:\/\/apuntesdesanluis.com\/index.php\/2023\/08\/28\/rosario-condenaron-a-prision-perpetua-a-16-ex-militares-y-policias-por-crimenes-en-la-ultima-dictadura\/#breadcrumb"},"inLanguage":"es-AR","potentialAction":[{"@type":"ReadAction","target":["https:\/\/apuntesdesanluis.com\/index.php\/2023\/08\/28\/rosario-condenaron-a-prision-perpetua-a-16-ex-militares-y-policias-por-crimenes-en-la-ultima-dictadura\/"]}]},{"@type":"ImageObject","inLanguage":"es-AR","@id":"https:\/\/apuntesdesanluis.com\/index.php\/2023\/08\/28\/rosario-condenaron-a-prision-perpetua-a-16-ex-militares-y-policias-por-crimenes-en-la-ultima-dictadura\/#primaryimage","url":"https:\/\/apuntesdesanluis.com\/wp-content\/uploads\/2023\/08\/JUICIO-A-GENOCIDAS.png","contentUrl":"https:\/\/apuntesdesanluis.com\/wp-content\/uploads\/2023\/08\/JUICIO-A-GENOCIDAS.png","width":944,"height":561},{"@type":"BreadcrumbList","@id":"https:\/\/apuntesdesanluis.com\/index.php\/2023\/08\/28\/rosario-condenaron-a-prision-perpetua-a-16-ex-militares-y-policias-por-crimenes-en-la-ultima-dictadura\/#breadcrumb","itemListElement":[{"@type":"ListItem","position":1,"name":"Inicio","item":"https:\/\/apuntesdesanluis.com\/"},{"@type":"ListItem","position":2,"name":"ROSARIO: CONDENARON A PRISI\u00d3N PERPETUA A 16 EX MILITARES Y POLIC\u00cdAS POR CR\u00cdMENES EN LA \u00daLTIMA DICTADURA"}]},{"@type":"WebSite","@id":"https:\/\/apuntesdesanluis.com\/#website","url":"https:\/\/apuntesdesanluis.com\/","name":"Apuntes de San Luis","description":"","publisher":{"@id":"https:\/\/apuntesdesanluis.com\/#\/schema\/person\/b55151d52296fcce64d1a72538a70b90"},"potentialAction":[{"@type":"SearchAction","target":{"@type":"EntryPoint","urlTemplate":"https:\/\/apuntesdesanluis.com\/?s={search_term_string}"},"query-input":{"@type":"PropertyValueSpecification","valueRequired":true,"valueName":"search_term_string"}}],"inLanguage":"es-AR"},{"@type":["Person","Organization"],"@id":"https:\/\/apuntesdesanluis.com\/#\/schema\/person\/b55151d52296fcce64d1a72538a70b90","name":"apuntesdesanluis.com","image":{"@type":"ImageObject","inLanguage":"es-AR","@id":"https:\/\/apuntesdesanluis.com\/#\/schema\/person\/image\/","url":"https:\/\/apuntesdesanluis.com\/wp-content\/uploads\/2023\/07\/cropped-apuntesdesanluis.png","contentUrl":"https:\/\/apuntesdesanluis.com\/wp-content\/uploads\/2023\/07\/cropped-apuntesdesanluis.png","width":450,"height":112,"caption":"apuntesdesanluis.com"},"logo":{"@id":"https:\/\/apuntesdesanluis.com\/#\/schema\/person\/image\/"},"sameAs":["https:\/\/apuntesdesanluis.com"],"url":"https:\/\/apuntesdesanluis.com\/index.php\/author\/apuntesdesanluis-com\/"}]}},"featured_image_urls":{"full":["https:\/\/apuntesdesanluis.com\/wp-content\/uploads\/2023\/08\/JUICIO-A-GENOCIDAS.png",944,561,false],"thumbnail":["https:\/\/apuntesdesanluis.com\/wp-content\/uploads\/2023\/08\/JUICIO-A-GENOCIDAS-150x150.png",150,150,true],"medium":["https:\/\/apuntesdesanluis.com\/wp-content\/uploads\/2023\/08\/JUICIO-A-GENOCIDAS-300x178.png",300,178,true],"medium_large":["https:\/\/apuntesdesanluis.com\/wp-content\/uploads\/2023\/08\/JUICIO-A-GENOCIDAS-768x456.png",640,380,true],"large":["https:\/\/apuntesdesanluis.com\/wp-content\/uploads\/2023\/08\/JUICIO-A-GENOCIDAS.png",640,380,false],"1536x1536":["https:\/\/apuntesdesanluis.com\/wp-content\/uploads\/2023\/08\/JUICIO-A-GENOCIDAS.png",944,561,false],"2048x2048":["https:\/\/apuntesdesanluis.com\/wp-content\/uploads\/2023\/08\/JUICIO-A-GENOCIDAS.png",944,561,false],"newsever-slider-full":["https:\/\/apuntesdesanluis.com\/wp-content\/uploads\/2023\/08\/JUICIO-A-GENOCIDAS.png",944,561,false],"newsever-featured":["https:\/\/apuntesdesanluis.com\/wp-content\/uploads\/2023\/08\/JUICIO-A-GENOCIDAS.png",944,561,false],"newsever-medium":["https:\/\/apuntesdesanluis.com\/wp-content\/uploads\/2023\/08\/JUICIO-A-GENOCIDAS-720x475.png",720,475,true]},"author_info":{"display_name":"apuntesdesanluis.com","author_link":"https:\/\/apuntesdesanluis.com\/index.php\/author\/apuntesdesanluis-com\/"},"category_info":"<a href=\"https:\/\/apuntesdesanluis.com\/index.php\/category\/nacionales-internacionales\/\" rel=\"category tag\">Nacionales\/Internacionales<\/a>","tag_info":"Nacionales\/Internacionales","comment_count":"0","_links":{"self":[{"href":"https:\/\/apuntesdesanluis.com\/index.php\/wp-json\/wp\/v2\/posts\/2224","targetHints":{"allow":["GET"]}}],"collection":[{"href":"https:\/\/apuntesdesanluis.com\/index.php\/wp-json\/wp\/v2\/posts"}],"about":[{"href":"https:\/\/apuntesdesanluis.com\/index.php\/wp-json\/wp\/v2\/types\/post"}],"author":[{"embeddable":true,"href":"https:\/\/apuntesdesanluis.com\/index.php\/wp-json\/wp\/v2\/users\/1"}],"replies":[{"embeddable":true,"href":"https:\/\/apuntesdesanluis.com\/index.php\/wp-json\/wp\/v2\/comments?post=2224"}],"version-history":[{"count":1,"href":"https:\/\/apuntesdesanluis.com\/index.php\/wp-json\/wp\/v2\/posts\/2224\/revisions"}],"predecessor-version":[{"id":2227,"href":"https:\/\/apuntesdesanluis.com\/index.php\/wp-json\/wp\/v2\/posts\/2224\/revisions\/2227"}],"wp:featuredmedia":[{"embeddable":true,"href":"https:\/\/apuntesdesanluis.com\/index.php\/wp-json\/wp\/v2\/media\/2225"}],"wp:attachment":[{"href":"https:\/\/apuntesdesanluis.com\/index.php\/wp-json\/wp\/v2\/media?parent=2224"}],"wp:term":[{"taxonomy":"category","embeddable":true,"href":"https:\/\/apuntesdesanluis.com\/index.php\/wp-json\/wp\/v2\/categories?post=2224"},{"taxonomy":"post_tag","embeddable":true,"href":"https:\/\/apuntesdesanluis.com\/index.php\/wp-json\/wp\/v2\/tags?post=2224"}],"curies":[{"name":"wp","href":"https:\/\/api.w.org\/{rel}","templated":true}]}}