{"id":22241,"date":"2024-09-14T21:47:12","date_gmt":"2024-09-15T00:47:12","guid":{"rendered":"https:\/\/apuntesdesanluis.com\/?p=22241"},"modified":"2024-09-14T21:47:12","modified_gmt":"2024-09-15T00:47:12","slug":"canosa-milei-me-hizo-echar-de-la-television-y-la-radio-por-denunciar-la-venta-de-candidaturas","status":"publish","type":"post","link":"https:\/\/apuntesdesanluis.com\/index.php\/2024\/09\/14\/canosa-milei-me-hizo-echar-de-la-television-y-la-radio-por-denunciar-la-venta-de-candidaturas\/","title":{"rendered":"CANOSA: \u201cMILEI ME HIZO ECHAR DE LA TELEVISI\u00d3N Y LA RADIO, POR DENUNCIAR LA VENTA DE CANDIDATURAS&#8221;"},"content":{"rendered":"<h3>&#8220;Yo no s\u00e9 los favores que pagaron para hacer rodar mi cabeza, mucho garca&#8221;, dijo la conductora que volvi\u00f3 al aire en radio Rivadavia.<\/h3>\n<h3>Canosa explot\u00f3 contra Javier Milei y dijo que Luis Majul y La Naci\u00f3n+ la echaron a pedido del presidente. &#8220;Aprend\u00ed que en la pol\u00edtica se puede personar casi cualquier cosa menos la verdad, este es un gobierno que le tiene p\u00e1nico a la libertad de expresi\u00f3n. Cuando denunci\u00e9 la venta de candidaturas me convert\u00ed en enemiga de Milei&#8221;, denunci\u00f3 la conductora.<\/h3>\n<h3>Tras nueve meses sin aire Canosa regres\u00f3 a los medios en Radio Rivadavia. En su primer editorial, fue muy dura con el gobierno y dijo que &#8220;lo loco es que yo pens\u00e9 que si ganaba Sergio Massa me quedaba sin laburo, pero fue todo lo contrario. Me qued\u00e9 sin laburo cuando gan\u00f3 Milei&#8221;, dijo Canosa.<\/h3>\n<h3>La conductora fue muy cercana a Milei e incluso present\u00f3 uno de sus libros. &#8220;Al poco tiempo me enter\u00e9 que era un plagio&#8221;, se burl\u00f3 Canosa. &#8220;Me metieron unos cuernos m\u00e1s grandes que la cancha de River, no estoy en la vida para defender a un impostor que ser\u00e1 un nuevo fraude para el pueblo argentino&#8221;, dijo la periodista.<\/h3>\n<h3>Seg\u00fan la conductora, todo cambi\u00f3 cuando vincul\u00f3 el armado de Milei con Sergio Massa. Luego de ese episodio, un gerente de LN+ le dijo que Milei hab\u00eda pedido su cabeza, pero que eso &#8220;no iba a pasar&#8221;.<\/h3>\n<p><iframe title=\"Canosa furiosa con Milei\" width=\"640\" height=\"360\" src=\"https:\/\/www.youtube.com\/embed\/yN_hva46FDI?feature=oembed\" frameborder=\"0\" allow=\"accelerometer; autoplay; clipboard-write; encrypted-media; gyroscope; picture-in-picture; web-share\" referrerpolicy=\"strict-origin-when-cross-origin\" allowfullscreen><\/iframe><\/p>\n<h3>&#8220;Primero Majul a mediados de diciembre me dijo que no me pod\u00eda cumplir con lo que me hab\u00eda prometido, a pesar de que hab\u00eda ido a Punta del Este a presentar la programaci\u00f3n. Me hab\u00edan alquilado un departamento y me lo dejaron para que vacacione con mi hija, pero me prohibieron hacer radio. De un d\u00eda para el otro no era bienvenida&#8221;, relat\u00f3. &#8220;Yo no s\u00e9 los favores que pagaron para hacer rodar mi cabeza, mucho garca&#8221;, dijo.<\/h3>\n<h3>Si sos cr\u00edtico del gobierno sos un viejo meado, ensobrado y trabaj\u00e1s para los K. Pero si sos un adulador del presidente te convert\u00eds en un periodista independiente que escucha \u00f3pera los fines de semana en la quinta de Olivos.<\/h3>\n<h3>Fuentes libertarias aseguran que los trolls van a salir a responderle con los chats que intercambi\u00f3 con Alberto Fern\u00e1ndez.<\/h3>\n<h3>La vuelta de Canosa a los medios se da en medio de la tensi\u00f3n entre el due\u00f1o de Radio Rivadavia, Marcelo F\u00edgoli, y el gobierno. Es un cambio abrupto del panorama: hace dos meses Clar\u00edn hab\u00eda publicado que F\u00edgoli estaba negociando junto a Rodrigo Lugones la compra de Telef\u00f3nica de Argentina. Lugones es socio de Santiago Caputo.<\/h3>\n<h3>&#8220;Si sos cr\u00edtico del gobierno sos un viejo meado, ensobrado y trabajas para los K. Pero si sos un adulador del presidente te convert\u00eds en un periodista independiente que escucha \u00f3pera los fines de semana en la quinta de Olivos&#8221;, dijo en referencia a Jony Viale, uno de sus compa\u00f1eros de Radio Rivadavia que visita asiduamente la residencia presidencial.<\/h3>\n<h3>&#8220;Que hacen los periodistas que van a escuchar Opera con el Presidente? \u00bfEsos no son esbirros? Mira que loca es la Argentina de hoy que coincido con Sietecase&#8221;, concluy\u00f3 la periodista.<\/h3>\n<p>&nbsp;<\/p>\n<p>&nbsp;<\/p>\n<p>&nbsp;<\/p>\n<p>&nbsp;<\/p>\n<p>&nbsp;<\/p>\n<p>&nbsp;<\/p>\n<p>&nbsp;<\/p>\n","protected":false},"excerpt":{"rendered":"<p>&#8220;Yo no s\u00e9 los favores que pagaron para hacer rodar mi cabeza, mucho garca&#8221;, dijo&#8230;<\/p>\n","protected":false},"author":1,"featured_media":22242,"comment_status":"closed","ping_status":"closed","sticky":false,"template":"","format":"standard","meta":{"footnotes":""},"categories":[5],"tags":[],"class_list":["post-22241","post","type-post","status-publish","format-standard","has-post-thumbnail","hentry","category-nacionales-internacionales"],"yoast_head":"<!-- This site is optimized with the Yoast SEO plugin v26.1.1 - https:\/\/yoast.com\/wordpress\/plugins\/seo\/ -->\n<title>CANOSA: \u201cMILEI ME HIZO ECHAR DE LA TELEVISI\u00d3N Y LA RADIO, POR DENUNCIAR LA VENTA DE CANDIDATURAS&quot; - Apuntes de San Luis<\/title>\n<meta name=\"robots\" content=\"index, follow, max-snippet:-1, max-image-preview:large, max-video-preview:-1\" \/>\n<link rel=\"canonical\" href=\"https:\/\/apuntesdesanluis.com\/index.php\/2024\/09\/14\/canosa-milei-me-hizo-echar-de-la-television-y-la-radio-por-denunciar-la-venta-de-candidaturas\/\" \/>\n<meta property=\"og:locale\" content=\"es_ES\" \/>\n<meta property=\"og:type\" content=\"article\" \/>\n<meta property=\"og:title\" content=\"CANOSA: \u201cMILEI ME HIZO ECHAR DE LA TELEVISI\u00d3N Y LA RADIO, POR DENUNCIAR LA VENTA DE CANDIDATURAS&quot; - Apuntes de San Luis\" \/>\n<meta property=\"og:description\" content=\"&#8220;Yo no s\u00e9 los favores que pagaron para hacer rodar mi cabeza, mucho garca&#8221;, dijo...\" \/>\n<meta property=\"og:url\" content=\"https:\/\/apuntesdesanluis.com\/index.php\/2024\/09\/14\/canosa-milei-me-hizo-echar-de-la-television-y-la-radio-por-denunciar-la-venta-de-candidaturas\/\" \/>\n<meta property=\"og:site_name\" content=\"Apuntes de San Luis\" \/>\n<meta property=\"article:published_time\" content=\"2024-09-15T00:47:12+00:00\" \/>\n<meta property=\"og:image\" content=\"https:\/\/apuntesdesanluis.com\/wp-content\/uploads\/2024\/09\/MILEI-2.png\" \/>\n\t<meta property=\"og:image:width\" content=\"842\" \/>\n\t<meta property=\"og:image:height\" content=\"549\" \/>\n\t<meta property=\"og:image:type\" content=\"image\/png\" \/>\n<meta name=\"author\" content=\"apuntesdesanluis.com\" \/>\n<meta name=\"twitter:card\" content=\"summary_large_image\" \/>\n<meta name=\"twitter:label1\" content=\"Escrito por\" \/>\n\t<meta name=\"twitter:data1\" content=\"apuntesdesanluis.com\" \/>\n\t<meta name=\"twitter:label2\" content=\"Tiempo de lectura\" \/>\n\t<meta name=\"twitter:data2\" content=\"3 minutos\" \/>\n<script type=\"application\/ld+json\" class=\"yoast-schema-graph\">{\"@context\":\"https:\/\/schema.org\",\"@graph\":[{\"@type\":\"Article\",\"@id\":\"https:\/\/apuntesdesanluis.com\/index.php\/2024\/09\/14\/canosa-milei-me-hizo-echar-de-la-television-y-la-radio-por-denunciar-la-venta-de-candidaturas\/#article\",\"isPartOf\":{\"@id\":\"https:\/\/apuntesdesanluis.com\/index.php\/2024\/09\/14\/canosa-milei-me-hizo-echar-de-la-television-y-la-radio-por-denunciar-la-venta-de-candidaturas\/\"},\"author\":{\"name\":\"apuntesdesanluis.com\",\"@id\":\"https:\/\/apuntesdesanluis.com\/#\/schema\/person\/b55151d52296fcce64d1a72538a70b90\"},\"headline\":\"CANOSA: \u201cMILEI ME HIZO ECHAR DE LA TELEVISI\u00d3N Y LA RADIO, POR DENUNCIAR LA VENTA DE CANDIDATURAS&#8221;\",\"datePublished\":\"2024-09-15T00:47:12+00:00\",\"mainEntityOfPage\":{\"@id\":\"https:\/\/apuntesdesanluis.com\/index.php\/2024\/09\/14\/canosa-milei-me-hizo-echar-de-la-television-y-la-radio-por-denunciar-la-venta-de-candidaturas\/\"},\"wordCount\":580,\"publisher\":{\"@id\":\"https:\/\/apuntesdesanluis.com\/#\/schema\/person\/b55151d52296fcce64d1a72538a70b90\"},\"image\":{\"@id\":\"https:\/\/apuntesdesanluis.com\/index.php\/2024\/09\/14\/canosa-milei-me-hizo-echar-de-la-television-y-la-radio-por-denunciar-la-venta-de-candidaturas\/#primaryimage\"},\"thumbnailUrl\":\"https:\/\/apuntesdesanluis.com\/wp-content\/uploads\/2024\/09\/MILEI-2.png\",\"articleSection\":[\"Nacionales\/Internacionales\"],\"inLanguage\":\"es-AR\"},{\"@type\":\"WebPage\",\"@id\":\"https:\/\/apuntesdesanluis.com\/index.php\/2024\/09\/14\/canosa-milei-me-hizo-echar-de-la-television-y-la-radio-por-denunciar-la-venta-de-candidaturas\/\",\"url\":\"https:\/\/apuntesdesanluis.com\/index.php\/2024\/09\/14\/canosa-milei-me-hizo-echar-de-la-television-y-la-radio-por-denunciar-la-venta-de-candidaturas\/\",\"name\":\"CANOSA: \u201cMILEI ME HIZO ECHAR DE LA TELEVISI\u00d3N Y LA RADIO, POR DENUNCIAR LA VENTA DE CANDIDATURAS\\\" - Apuntes de San Luis\",\"isPartOf\":{\"@id\":\"https:\/\/apuntesdesanluis.com\/#website\"},\"primaryImageOfPage\":{\"@id\":\"https:\/\/apuntesdesanluis.com\/index.php\/2024\/09\/14\/canosa-milei-me-hizo-echar-de-la-television-y-la-radio-por-denunciar-la-venta-de-candidaturas\/#primaryimage\"},\"image\":{\"@id\":\"https:\/\/apuntesdesanluis.com\/index.php\/2024\/09\/14\/canosa-milei-me-hizo-echar-de-la-television-y-la-radio-por-denunciar-la-venta-de-candidaturas\/#primaryimage\"},\"thumbnailUrl\":\"https:\/\/apuntesdesanluis.com\/wp-content\/uploads\/2024\/09\/MILEI-2.png\",\"datePublished\":\"2024-09-15T00:47:12+00:00\",\"breadcrumb\":{\"@id\":\"https:\/\/apuntesdesanluis.com\/index.php\/2024\/09\/14\/canosa-milei-me-hizo-echar-de-la-television-y-la-radio-por-denunciar-la-venta-de-candidaturas\/#breadcrumb\"},\"inLanguage\":\"es-AR\",\"potentialAction\":[{\"@type\":\"ReadAction\",\"target\":[\"https:\/\/apuntesdesanluis.com\/index.php\/2024\/09\/14\/canosa-milei-me-hizo-echar-de-la-television-y-la-radio-por-denunciar-la-venta-de-candidaturas\/\"]}]},{\"@type\":\"ImageObject\",\"inLanguage\":\"es-AR\",\"@id\":\"https:\/\/apuntesdesanluis.com\/index.php\/2024\/09\/14\/canosa-milei-me-hizo-echar-de-la-television-y-la-radio-por-denunciar-la-venta-de-candidaturas\/#primaryimage\",\"url\":\"https:\/\/apuntesdesanluis.com\/wp-content\/uploads\/2024\/09\/MILEI-2.png\",\"contentUrl\":\"https:\/\/apuntesdesanluis.com\/wp-content\/uploads\/2024\/09\/MILEI-2.png\",\"width\":842,\"height\":549},{\"@type\":\"BreadcrumbList\",\"@id\":\"https:\/\/apuntesdesanluis.com\/index.php\/2024\/09\/14\/canosa-milei-me-hizo-echar-de-la-television-y-la-radio-por-denunciar-la-venta-de-candidaturas\/#breadcrumb\",\"itemListElement\":[{\"@type\":\"ListItem\",\"position\":1,\"name\":\"Inicio\",\"item\":\"https:\/\/apuntesdesanluis.com\/\"},{\"@type\":\"ListItem\",\"position\":2,\"name\":\"CANOSA: \u201cMILEI ME HIZO ECHAR DE LA TELEVISI\u00d3N Y LA RADIO, POR DENUNCIAR LA VENTA DE CANDIDATURAS&#8221;\"}]},{\"@type\":\"WebSite\",\"@id\":\"https:\/\/apuntesdesanluis.com\/#website\",\"url\":\"https:\/\/apuntesdesanluis.com\/\",\"name\":\"Apuntes de San Luis\",\"description\":\"\",\"publisher\":{\"@id\":\"https:\/\/apuntesdesanluis.com\/#\/schema\/person\/b55151d52296fcce64d1a72538a70b90\"},\"potentialAction\":[{\"@type\":\"SearchAction\",\"target\":{\"@type\":\"EntryPoint\",\"urlTemplate\":\"https:\/\/apuntesdesanluis.com\/?s={search_term_string}\"},\"query-input\":{\"@type\":\"PropertyValueSpecification\",\"valueRequired\":true,\"valueName\":\"search_term_string\"}}],\"inLanguage\":\"es-AR\"},{\"@type\":[\"Person\",\"Organization\"],\"@id\":\"https:\/\/apuntesdesanluis.com\/#\/schema\/person\/b55151d52296fcce64d1a72538a70b90\",\"name\":\"apuntesdesanluis.com\",\"image\":{\"@type\":\"ImageObject\",\"inLanguage\":\"es-AR\",\"@id\":\"https:\/\/apuntesdesanluis.com\/#\/schema\/person\/image\/\",\"url\":\"https:\/\/apuntesdesanluis.com\/wp-content\/uploads\/2023\/07\/cropped-apuntesdesanluis.png\",\"contentUrl\":\"https:\/\/apuntesdesanluis.com\/wp-content\/uploads\/2023\/07\/cropped-apuntesdesanluis.png\",\"width\":450,\"height\":112,\"caption\":\"apuntesdesanluis.com\"},\"logo\":{\"@id\":\"https:\/\/apuntesdesanluis.com\/#\/schema\/person\/image\/\"},\"sameAs\":[\"https:\/\/apuntesdesanluis.com\"],\"url\":\"https:\/\/apuntesdesanluis.com\/index.php\/author\/apuntesdesanluis-com\/\"}]}<\/script>\n<!-- \/ Yoast SEO plugin. -->","yoast_head_json":{"title":"CANOSA: \u201cMILEI ME HIZO ECHAR DE LA TELEVISI\u00d3N Y LA RADIO, POR DENUNCIAR LA VENTA DE CANDIDATURAS\" - Apuntes de San Luis","robots":{"index":"index","follow":"follow","max-snippet":"max-snippet:-1","max-image-preview":"max-image-preview:large","max-video-preview":"max-video-preview:-1"},"canonical":"https:\/\/apuntesdesanluis.com\/index.php\/2024\/09\/14\/canosa-milei-me-hizo-echar-de-la-television-y-la-radio-por-denunciar-la-venta-de-candidaturas\/","og_locale":"es_ES","og_type":"article","og_title":"CANOSA: \u201cMILEI ME HIZO ECHAR DE LA TELEVISI\u00d3N Y LA RADIO, POR DENUNCIAR LA VENTA DE CANDIDATURAS\" - Apuntes de San Luis","og_description":"&#8220;Yo no s\u00e9 los favores que pagaron para hacer rodar mi cabeza, mucho garca&#8221;, dijo...","og_url":"https:\/\/apuntesdesanluis.com\/index.php\/2024\/09\/14\/canosa-milei-me-hizo-echar-de-la-television-y-la-radio-por-denunciar-la-venta-de-candidaturas\/","og_site_name":"Apuntes de San Luis","article_published_time":"2024-09-15T00:47:12+00:00","og_image":[{"width":842,"height":549,"url":"https:\/\/apuntesdesanluis.com\/wp-content\/uploads\/2024\/09\/MILEI-2.png","type":"image\/png"}],"author":"apuntesdesanluis.com","twitter_card":"summary_large_image","twitter_misc":{"Escrito por":"apuntesdesanluis.com","Tiempo de lectura":"3 minutos"},"schema":{"@context":"https:\/\/schema.org","@graph":[{"@type":"Article","@id":"https:\/\/apuntesdesanluis.com\/index.php\/2024\/09\/14\/canosa-milei-me-hizo-echar-de-la-television-y-la-radio-por-denunciar-la-venta-de-candidaturas\/#article","isPartOf":{"@id":"https:\/\/apuntesdesanluis.com\/index.php\/2024\/09\/14\/canosa-milei-me-hizo-echar-de-la-television-y-la-radio-por-denunciar-la-venta-de-candidaturas\/"},"author":{"name":"apuntesdesanluis.com","@id":"https:\/\/apuntesdesanluis.com\/#\/schema\/person\/b55151d52296fcce64d1a72538a70b90"},"headline":"CANOSA: \u201cMILEI ME HIZO ECHAR DE LA TELEVISI\u00d3N Y LA RADIO, POR DENUNCIAR LA VENTA DE CANDIDATURAS&#8221;","datePublished":"2024-09-15T00:47:12+00:00","mainEntityOfPage":{"@id":"https:\/\/apuntesdesanluis.com\/index.php\/2024\/09\/14\/canosa-milei-me-hizo-echar-de-la-television-y-la-radio-por-denunciar-la-venta-de-candidaturas\/"},"wordCount":580,"publisher":{"@id":"https:\/\/apuntesdesanluis.com\/#\/schema\/person\/b55151d52296fcce64d1a72538a70b90"},"image":{"@id":"https:\/\/apuntesdesanluis.com\/index.php\/2024\/09\/14\/canosa-milei-me-hizo-echar-de-la-television-y-la-radio-por-denunciar-la-venta-de-candidaturas\/#primaryimage"},"thumbnailUrl":"https:\/\/apuntesdesanluis.com\/wp-content\/uploads\/2024\/09\/MILEI-2.png","articleSection":["Nacionales\/Internacionales"],"inLanguage":"es-AR"},{"@type":"WebPage","@id":"https:\/\/apuntesdesanluis.com\/index.php\/2024\/09\/14\/canosa-milei-me-hizo-echar-de-la-television-y-la-radio-por-denunciar-la-venta-de-candidaturas\/","url":"https:\/\/apuntesdesanluis.com\/index.php\/2024\/09\/14\/canosa-milei-me-hizo-echar-de-la-television-y-la-radio-por-denunciar-la-venta-de-candidaturas\/","name":"CANOSA: \u201cMILEI ME HIZO ECHAR DE LA TELEVISI\u00d3N Y LA RADIO, POR DENUNCIAR LA VENTA DE CANDIDATURAS\" - Apuntes de San Luis","isPartOf":{"@id":"https:\/\/apuntesdesanluis.com\/#website"},"primaryImageOfPage":{"@id":"https:\/\/apuntesdesanluis.com\/index.php\/2024\/09\/14\/canosa-milei-me-hizo-echar-de-la-television-y-la-radio-por-denunciar-la-venta-de-candidaturas\/#primaryimage"},"image":{"@id":"https:\/\/apuntesdesanluis.com\/index.php\/2024\/09\/14\/canosa-milei-me-hizo-echar-de-la-television-y-la-radio-por-denunciar-la-venta-de-candidaturas\/#primaryimage"},"thumbnailUrl":"https:\/\/apuntesdesanluis.com\/wp-content\/uploads\/2024\/09\/MILEI-2.png","datePublished":"2024-09-15T00:47:12+00:00","breadcrumb":{"@id":"https:\/\/apuntesdesanluis.com\/index.php\/2024\/09\/14\/canosa-milei-me-hizo-echar-de-la-television-y-la-radio-por-denunciar-la-venta-de-candidaturas\/#breadcrumb"},"inLanguage":"es-AR","potentialAction":[{"@type":"ReadAction","target":["https:\/\/apuntesdesanluis.com\/index.php\/2024\/09\/14\/canosa-milei-me-hizo-echar-de-la-television-y-la-radio-por-denunciar-la-venta-de-candidaturas\/"]}]},{"@type":"ImageObject","inLanguage":"es-AR","@id":"https:\/\/apuntesdesanluis.com\/index.php\/2024\/09\/14\/canosa-milei-me-hizo-echar-de-la-television-y-la-radio-por-denunciar-la-venta-de-candidaturas\/#primaryimage","url":"https:\/\/apuntesdesanluis.com\/wp-content\/uploads\/2024\/09\/MILEI-2.png","contentUrl":"https:\/\/apuntesdesanluis.com\/wp-content\/uploads\/2024\/09\/MILEI-2.png","width":842,"height":549},{"@type":"BreadcrumbList","@id":"https:\/\/apuntesdesanluis.com\/index.php\/2024\/09\/14\/canosa-milei-me-hizo-echar-de-la-television-y-la-radio-por-denunciar-la-venta-de-candidaturas\/#breadcrumb","itemListElement":[{"@type":"ListItem","position":1,"name":"Inicio","item":"https:\/\/apuntesdesanluis.com\/"},{"@type":"ListItem","position":2,"name":"CANOSA: \u201cMILEI ME HIZO ECHAR DE LA TELEVISI\u00d3N Y LA RADIO, POR DENUNCIAR LA VENTA DE CANDIDATURAS&#8221;"}]},{"@type":"WebSite","@id":"https:\/\/apuntesdesanluis.com\/#website","url":"https:\/\/apuntesdesanluis.com\/","name":"Apuntes de San Luis","description":"","publisher":{"@id":"https:\/\/apuntesdesanluis.com\/#\/schema\/person\/b55151d52296fcce64d1a72538a70b90"},"potentialAction":[{"@type":"SearchAction","target":{"@type":"EntryPoint","urlTemplate":"https:\/\/apuntesdesanluis.com\/?s={search_term_string}"},"query-input":{"@type":"PropertyValueSpecification","valueRequired":true,"valueName":"search_term_string"}}],"inLanguage":"es-AR"},{"@type":["Person","Organization"],"@id":"https:\/\/apuntesdesanluis.com\/#\/schema\/person\/b55151d52296fcce64d1a72538a70b90","name":"apuntesdesanluis.com","image":{"@type":"ImageObject","inLanguage":"es-AR","@id":"https:\/\/apuntesdesanluis.com\/#\/schema\/person\/image\/","url":"https:\/\/apuntesdesanluis.com\/wp-content\/uploads\/2023\/07\/cropped-apuntesdesanluis.png","contentUrl":"https:\/\/apuntesdesanluis.com\/wp-content\/uploads\/2023\/07\/cropped-apuntesdesanluis.png","width":450,"height":112,"caption":"apuntesdesanluis.com"},"logo":{"@id":"https:\/\/apuntesdesanluis.com\/#\/schema\/person\/image\/"},"sameAs":["https:\/\/apuntesdesanluis.com"],"url":"https:\/\/apuntesdesanluis.com\/index.php\/author\/apuntesdesanluis-com\/"}]}},"featured_image_urls":{"full":["https:\/\/apuntesdesanluis.com\/wp-content\/uploads\/2024\/09\/MILEI-2.png",842,549,false],"thumbnail":["https:\/\/apuntesdesanluis.com\/wp-content\/uploads\/2024\/09\/MILEI-2-150x150.png",150,150,true],"medium":["https:\/\/apuntesdesanluis.com\/wp-content\/uploads\/2024\/09\/MILEI-2-300x196.png",300,196,true],"medium_large":["https:\/\/apuntesdesanluis.com\/wp-content\/uploads\/2024\/09\/MILEI-2-768x501.png",640,418,true],"large":["https:\/\/apuntesdesanluis.com\/wp-content\/uploads\/2024\/09\/MILEI-2.png",640,417,false],"1536x1536":["https:\/\/apuntesdesanluis.com\/wp-content\/uploads\/2024\/09\/MILEI-2.png",842,549,false],"2048x2048":["https:\/\/apuntesdesanluis.com\/wp-content\/uploads\/2024\/09\/MILEI-2.png",842,549,false],"newsever-slider-full":["https:\/\/apuntesdesanluis.com\/wp-content\/uploads\/2024\/09\/MILEI-2.png",842,549,false],"newsever-featured":["https:\/\/apuntesdesanluis.com\/wp-content\/uploads\/2024\/09\/MILEI-2.png",842,549,false],"newsever-medium":["https:\/\/apuntesdesanluis.com\/wp-content\/uploads\/2024\/09\/MILEI-2-720x475.png",720,475,true]},"author_info":{"display_name":"apuntesdesanluis.com","author_link":"https:\/\/apuntesdesanluis.com\/index.php\/author\/apuntesdesanluis-com\/"},"category_info":"<a href=\"https:\/\/apuntesdesanluis.com\/index.php\/category\/nacionales-internacionales\/\" rel=\"category tag\">Nacionales\/Internacionales<\/a>","tag_info":"Nacionales\/Internacionales","comment_count":"0","_links":{"self":[{"href":"https:\/\/apuntesdesanluis.com\/index.php\/wp-json\/wp\/v2\/posts\/22241","targetHints":{"allow":["GET"]}}],"collection":[{"href":"https:\/\/apuntesdesanluis.com\/index.php\/wp-json\/wp\/v2\/posts"}],"about":[{"href":"https:\/\/apuntesdesanluis.com\/index.php\/wp-json\/wp\/v2\/types\/post"}],"author":[{"embeddable":true,"href":"https:\/\/apuntesdesanluis.com\/index.php\/wp-json\/wp\/v2\/users\/1"}],"replies":[{"embeddable":true,"href":"https:\/\/apuntesdesanluis.com\/index.php\/wp-json\/wp\/v2\/comments?post=22241"}],"version-history":[{"count":1,"href":"https:\/\/apuntesdesanluis.com\/index.php\/wp-json\/wp\/v2\/posts\/22241\/revisions"}],"predecessor-version":[{"id":22243,"href":"https:\/\/apuntesdesanluis.com\/index.php\/wp-json\/wp\/v2\/posts\/22241\/revisions\/22243"}],"wp:featuredmedia":[{"embeddable":true,"href":"https:\/\/apuntesdesanluis.com\/index.php\/wp-json\/wp\/v2\/media\/22242"}],"wp:attachment":[{"href":"https:\/\/apuntesdesanluis.com\/index.php\/wp-json\/wp\/v2\/media?parent=22241"}],"wp:term":[{"taxonomy":"category","embeddable":true,"href":"https:\/\/apuntesdesanluis.com\/index.php\/wp-json\/wp\/v2\/categories?post=22241"},{"taxonomy":"post_tag","embeddable":true,"href":"https:\/\/apuntesdesanluis.com\/index.php\/wp-json\/wp\/v2\/tags?post=22241"}],"curies":[{"name":"wp","href":"https:\/\/api.w.org\/{rel}","templated":true}]}}