{"id":22255,"date":"2024-09-15T20:52:29","date_gmt":"2024-09-15T23:52:29","guid":{"rendered":"https:\/\/apuntesdesanluis.com\/?p=22255"},"modified":"2024-09-15T20:52:29","modified_gmt":"2024-09-15T23:52:29","slug":"la-nina-esta-por-llegar-a-la-argentina-se-esperan-fuertes-sequias-y-un-clima-fuera-de-lo-normal","status":"publish","type":"post","link":"https:\/\/apuntesdesanluis.com\/index.php\/2024\/09\/15\/la-nina-esta-por-llegar-a-la-argentina-se-esperan-fuertes-sequias-y-un-clima-fuera-de-lo-normal\/","title":{"rendered":"LA NI\u00d1A EST\u00c1 POR LLEGAR A LA ARGENTINA: SE ESPERAN FUERTES SEQU\u00cdAS Y UN CLIMA FUERA DE LO NORMAL"},"content":{"rendered":"<h3>Como ya se viene anunciando, la temporada primavera-verano estar\u00e1 signada por el fen\u00f3meno de \u201cLa Ni\u00f1a\u201d, asociado a la sequ\u00eda. Lo propio es sin\u00f3nimo de bajas lluvias, a diferencia de \u201cEl Ni\u00f1o\u201d, periodo en el cual las precipitaciones son abundantes. Ambos extremos son da\u00f1inos para la poblaci\u00f3n en general y, el sector agropecuario, motor del pa\u00eds, en particular.<\/h3>\n<h3>Tambi\u00e9n, preocupa en zonas tur\u00edsticas como la provincia de C\u00f3rdoba, entre otras, donde se vienen registrando incendios.<\/h3>\n<h3>Es el informe de la Oficina Nacional de Administraci\u00f3n Oce\u00e1nica y Atmosf\u00e9rica (NOAA) el que indica que con la llegada de la primavera, el 21 de septiembre, \u201cLa Ni\u00f1a\u201d comenzar\u00e1 a instalarse en Am\u00e9rica del Sur afectando a todo el continente y, particularmente a Brasil, Uruguay, Paraguay y Argentina, principales productores de granos y semillas.<\/h3>\n<p><img fetchpriority=\"high\" decoding=\"async\" class=\"wp-image-22257 aligncenter\" src=\"https:\/\/apuntesdesanluis.com\/wp-content\/uploads\/2024\/09\/incendios-300x176.png\" alt=\"\" width=\"602\" height=\"353\" srcset=\"https:\/\/apuntesdesanluis.com\/wp-content\/uploads\/2024\/09\/incendios-300x176.png 300w, https:\/\/apuntesdesanluis.com\/wp-content\/uploads\/2024\/09\/incendios.png 740w\" sizes=\"(max-width: 602px) 100vw, 602px\" \/><\/p>\n<h3>Seg\u00fan el reporte, el verano ser\u00e1 seco y menos caluroso de lo acostumbrado; generando mayores sequ\u00edas y heladas, estas \u00faltimas, m\u00e1s acordes a la estaci\u00f3n invernal.<\/h3>\n<h3>Seg\u00fan el documento de la NOAA los meses de septiembre y octubre estar\u00e1n atravesados por \u201cLa Ni\u00f1a\u201d. Pero qu\u00e9 dice el Servicio Meteorol\u00f3gico Nacional Argentino al respecto.<\/h3>\n<h3>\u00bfC\u00f3mo ser\u00e1 la primavera argentina? La web oficial del Servicio Meteorol\u00f3gico Nacional de Argentina, indica que: \u201cDe acuerdo a los modelos din\u00e1micos y estad\u00edsticos, en promedio, en el trimestre septiembre-octubre-noviembre 2024 (SON), hay 55% de probabilidad de que las condiciones sean neutrales y 41% de chances de desarrollo de La Ni\u00f1a\u201d.<\/h3>\n<h3>\u00bfQU\u00c9 ES \u201cLA NI\u00d1A\u201d?<\/h3>\n<h3>A diferencia de \u201cEl Ni\u00f1o\u201d, \u201cLa Ni\u00f1a\u201d es el fen\u00f3meno clim\u00e1tico que trae consigo un periodo de bajas precipitaciones. En ella, las temperaturas se enfr\u00edan en la superficie del oc\u00e9ano Pac\u00edfico a la altura del Ecuador.<\/h3>\n<h3>Si bien ambos fen\u00f3menos alternan, no todos los a\u00f1os, si se dan con m\u00e1s frecuencia, aunque su ciclo oscila entre los dos y siete a\u00f1os.<\/h3>\n<h3>Incendios e inundaciones, seg\u00fan cu\u00e1l sea el fen\u00f3meno que se d\u00e9 son consecuencias de los mismos y, pueden generar cambios clim\u00e1ticos en todo el mundo.<\/h3>\n<h3><\/h3>\n<h3><\/h3>\n<p>&nbsp;<\/p>\n<p>&nbsp;<\/p>\n","protected":false},"excerpt":{"rendered":"<p>Como ya se viene anunciando, la temporada primavera-verano estar\u00e1 signada por el fen\u00f3meno de \u201cLa&#8230;<\/p>\n","protected":false},"author":1,"featured_media":22256,"comment_status":"closed","ping_status":"closed","sticky":false,"template":"","format":"standard","meta":{"footnotes":""},"categories":[5],"tags":[],"class_list":["post-22255","post","type-post","status-publish","format-standard","has-post-thumbnail","hentry","category-nacionales-internacionales"],"yoast_head":"<!-- This site is optimized with the Yoast SEO plugin v26.1.1 - https:\/\/yoast.com\/wordpress\/plugins\/seo\/ -->\n<title>LA NI\u00d1A EST\u00c1 POR LLEGAR A LA ARGENTINA: SE ESPERAN FUERTES SEQU\u00cdAS Y UN CLIMA FUERA DE LO NORMAL - Apuntes de San Luis<\/title>\n<meta name=\"robots\" content=\"index, follow, max-snippet:-1, max-image-preview:large, max-video-preview:-1\" \/>\n<link rel=\"canonical\" href=\"https:\/\/apuntesdesanluis.com\/index.php\/2024\/09\/15\/la-nina-esta-por-llegar-a-la-argentina-se-esperan-fuertes-sequias-y-un-clima-fuera-de-lo-normal\/\" \/>\n<meta property=\"og:locale\" content=\"es_ES\" \/>\n<meta property=\"og:type\" content=\"article\" \/>\n<meta property=\"og:title\" content=\"LA NI\u00d1A EST\u00c1 POR LLEGAR A LA ARGENTINA: SE ESPERAN FUERTES SEQU\u00cdAS Y UN CLIMA FUERA DE LO NORMAL - Apuntes de San Luis\" \/>\n<meta property=\"og:description\" content=\"Como ya se viene anunciando, la temporada primavera-verano estar\u00e1 signada por el fen\u00f3meno de \u201cLa...\" \/>\n<meta property=\"og:url\" content=\"https:\/\/apuntesdesanluis.com\/index.php\/2024\/09\/15\/la-nina-esta-por-llegar-a-la-argentina-se-esperan-fuertes-sequias-y-un-clima-fuera-de-lo-normal\/\" \/>\n<meta property=\"og:site_name\" content=\"Apuntes de San Luis\" \/>\n<meta property=\"article:published_time\" content=\"2024-09-15T23:52:29+00:00\" \/>\n<meta property=\"og:image\" content=\"https:\/\/apuntesdesanluis.com\/wp-content\/uploads\/2024\/09\/la-nina-con-sequias.png\" \/>\n\t<meta property=\"og:image:width\" content=\"848\" \/>\n\t<meta property=\"og:image:height\" content=\"472\" \/>\n\t<meta property=\"og:image:type\" content=\"image\/png\" \/>\n<meta name=\"author\" content=\"apuntesdesanluis.com\" \/>\n<meta name=\"twitter:card\" content=\"summary_large_image\" \/>\n<meta name=\"twitter:label1\" content=\"Escrito por\" \/>\n\t<meta name=\"twitter:data1\" content=\"apuntesdesanluis.com\" \/>\n\t<meta name=\"twitter:label2\" content=\"Tiempo de lectura\" \/>\n\t<meta name=\"twitter:data2\" content=\"2 minutos\" \/>\n<script type=\"application\/ld+json\" class=\"yoast-schema-graph\">{\"@context\":\"https:\/\/schema.org\",\"@graph\":[{\"@type\":\"Article\",\"@id\":\"https:\/\/apuntesdesanluis.com\/index.php\/2024\/09\/15\/la-nina-esta-por-llegar-a-la-argentina-se-esperan-fuertes-sequias-y-un-clima-fuera-de-lo-normal\/#article\",\"isPartOf\":{\"@id\":\"https:\/\/apuntesdesanluis.com\/index.php\/2024\/09\/15\/la-nina-esta-por-llegar-a-la-argentina-se-esperan-fuertes-sequias-y-un-clima-fuera-de-lo-normal\/\"},\"author\":{\"name\":\"apuntesdesanluis.com\",\"@id\":\"https:\/\/apuntesdesanluis.com\/#\/schema\/person\/b55151d52296fcce64d1a72538a70b90\"},\"headline\":\"LA NI\u00d1A EST\u00c1 POR LLEGAR A LA ARGENTINA: SE ESPERAN FUERTES SEQU\u00cdAS Y UN CLIMA FUERA DE LO NORMAL\",\"datePublished\":\"2024-09-15T23:52:29+00:00\",\"mainEntityOfPage\":{\"@id\":\"https:\/\/apuntesdesanluis.com\/index.php\/2024\/09\/15\/la-nina-esta-por-llegar-a-la-argentina-se-esperan-fuertes-sequias-y-un-clima-fuera-de-lo-normal\/\"},\"wordCount\":388,\"publisher\":{\"@id\":\"https:\/\/apuntesdesanluis.com\/#\/schema\/person\/b55151d52296fcce64d1a72538a70b90\"},\"image\":{\"@id\":\"https:\/\/apuntesdesanluis.com\/index.php\/2024\/09\/15\/la-nina-esta-por-llegar-a-la-argentina-se-esperan-fuertes-sequias-y-un-clima-fuera-de-lo-normal\/#primaryimage\"},\"thumbnailUrl\":\"https:\/\/apuntesdesanluis.com\/wp-content\/uploads\/2024\/09\/la-nina-con-sequias.png\",\"articleSection\":[\"Nacionales\/Internacionales\"],\"inLanguage\":\"es-AR\"},{\"@type\":\"WebPage\",\"@id\":\"https:\/\/apuntesdesanluis.com\/index.php\/2024\/09\/15\/la-nina-esta-por-llegar-a-la-argentina-se-esperan-fuertes-sequias-y-un-clima-fuera-de-lo-normal\/\",\"url\":\"https:\/\/apuntesdesanluis.com\/index.php\/2024\/09\/15\/la-nina-esta-por-llegar-a-la-argentina-se-esperan-fuertes-sequias-y-un-clima-fuera-de-lo-normal\/\",\"name\":\"LA NI\u00d1A EST\u00c1 POR LLEGAR A LA ARGENTINA: SE ESPERAN FUERTES SEQU\u00cdAS Y UN CLIMA FUERA DE LO NORMAL - Apuntes de San Luis\",\"isPartOf\":{\"@id\":\"https:\/\/apuntesdesanluis.com\/#website\"},\"primaryImageOfPage\":{\"@id\":\"https:\/\/apuntesdesanluis.com\/index.php\/2024\/09\/15\/la-nina-esta-por-llegar-a-la-argentina-se-esperan-fuertes-sequias-y-un-clima-fuera-de-lo-normal\/#primaryimage\"},\"image\":{\"@id\":\"https:\/\/apuntesdesanluis.com\/index.php\/2024\/09\/15\/la-nina-esta-por-llegar-a-la-argentina-se-esperan-fuertes-sequias-y-un-clima-fuera-de-lo-normal\/#primaryimage\"},\"thumbnailUrl\":\"https:\/\/apuntesdesanluis.com\/wp-content\/uploads\/2024\/09\/la-nina-con-sequias.png\",\"datePublished\":\"2024-09-15T23:52:29+00:00\",\"breadcrumb\":{\"@id\":\"https:\/\/apuntesdesanluis.com\/index.php\/2024\/09\/15\/la-nina-esta-por-llegar-a-la-argentina-se-esperan-fuertes-sequias-y-un-clima-fuera-de-lo-normal\/#breadcrumb\"},\"inLanguage\":\"es-AR\",\"potentialAction\":[{\"@type\":\"ReadAction\",\"target\":[\"https:\/\/apuntesdesanluis.com\/index.php\/2024\/09\/15\/la-nina-esta-por-llegar-a-la-argentina-se-esperan-fuertes-sequias-y-un-clima-fuera-de-lo-normal\/\"]}]},{\"@type\":\"ImageObject\",\"inLanguage\":\"es-AR\",\"@id\":\"https:\/\/apuntesdesanluis.com\/index.php\/2024\/09\/15\/la-nina-esta-por-llegar-a-la-argentina-se-esperan-fuertes-sequias-y-un-clima-fuera-de-lo-normal\/#primaryimage\",\"url\":\"https:\/\/apuntesdesanluis.com\/wp-content\/uploads\/2024\/09\/la-nina-con-sequias.png\",\"contentUrl\":\"https:\/\/apuntesdesanluis.com\/wp-content\/uploads\/2024\/09\/la-nina-con-sequias.png\",\"width\":848,\"height\":472},{\"@type\":\"BreadcrumbList\",\"@id\":\"https:\/\/apuntesdesanluis.com\/index.php\/2024\/09\/15\/la-nina-esta-por-llegar-a-la-argentina-se-esperan-fuertes-sequias-y-un-clima-fuera-de-lo-normal\/#breadcrumb\",\"itemListElement\":[{\"@type\":\"ListItem\",\"position\":1,\"name\":\"Inicio\",\"item\":\"https:\/\/apuntesdesanluis.com\/\"},{\"@type\":\"ListItem\",\"position\":2,\"name\":\"LA NI\u00d1A EST\u00c1 POR LLEGAR A LA ARGENTINA: SE ESPERAN FUERTES SEQU\u00cdAS Y UN CLIMA FUERA DE LO NORMAL\"}]},{\"@type\":\"WebSite\",\"@id\":\"https:\/\/apuntesdesanluis.com\/#website\",\"url\":\"https:\/\/apuntesdesanluis.com\/\",\"name\":\"Apuntes de San Luis\",\"description\":\"\",\"publisher\":{\"@id\":\"https:\/\/apuntesdesanluis.com\/#\/schema\/person\/b55151d52296fcce64d1a72538a70b90\"},\"potentialAction\":[{\"@type\":\"SearchAction\",\"target\":{\"@type\":\"EntryPoint\",\"urlTemplate\":\"https:\/\/apuntesdesanluis.com\/?s={search_term_string}\"},\"query-input\":{\"@type\":\"PropertyValueSpecification\",\"valueRequired\":true,\"valueName\":\"search_term_string\"}}],\"inLanguage\":\"es-AR\"},{\"@type\":[\"Person\",\"Organization\"],\"@id\":\"https:\/\/apuntesdesanluis.com\/#\/schema\/person\/b55151d52296fcce64d1a72538a70b90\",\"name\":\"apuntesdesanluis.com\",\"image\":{\"@type\":\"ImageObject\",\"inLanguage\":\"es-AR\",\"@id\":\"https:\/\/apuntesdesanluis.com\/#\/schema\/person\/image\/\",\"url\":\"https:\/\/apuntesdesanluis.com\/wp-content\/uploads\/2023\/07\/cropped-apuntesdesanluis.png\",\"contentUrl\":\"https:\/\/apuntesdesanluis.com\/wp-content\/uploads\/2023\/07\/cropped-apuntesdesanluis.png\",\"width\":450,\"height\":112,\"caption\":\"apuntesdesanluis.com\"},\"logo\":{\"@id\":\"https:\/\/apuntesdesanluis.com\/#\/schema\/person\/image\/\"},\"sameAs\":[\"https:\/\/apuntesdesanluis.com\"],\"url\":\"https:\/\/apuntesdesanluis.com\/index.php\/author\/apuntesdesanluis-com\/\"}]}<\/script>\n<!-- \/ Yoast SEO plugin. -->","yoast_head_json":{"title":"LA NI\u00d1A EST\u00c1 POR LLEGAR A LA ARGENTINA: SE ESPERAN FUERTES SEQU\u00cdAS Y UN CLIMA FUERA DE LO NORMAL - Apuntes de San Luis","robots":{"index":"index","follow":"follow","max-snippet":"max-snippet:-1","max-image-preview":"max-image-preview:large","max-video-preview":"max-video-preview:-1"},"canonical":"https:\/\/apuntesdesanluis.com\/index.php\/2024\/09\/15\/la-nina-esta-por-llegar-a-la-argentina-se-esperan-fuertes-sequias-y-un-clima-fuera-de-lo-normal\/","og_locale":"es_ES","og_type":"article","og_title":"LA NI\u00d1A EST\u00c1 POR LLEGAR A LA ARGENTINA: SE ESPERAN FUERTES SEQU\u00cdAS Y UN CLIMA FUERA DE LO NORMAL - Apuntes de San Luis","og_description":"Como ya se viene anunciando, la temporada primavera-verano estar\u00e1 signada por el fen\u00f3meno de \u201cLa...","og_url":"https:\/\/apuntesdesanluis.com\/index.php\/2024\/09\/15\/la-nina-esta-por-llegar-a-la-argentina-se-esperan-fuertes-sequias-y-un-clima-fuera-de-lo-normal\/","og_site_name":"Apuntes de San Luis","article_published_time":"2024-09-15T23:52:29+00:00","og_image":[{"width":848,"height":472,"url":"https:\/\/apuntesdesanluis.com\/wp-content\/uploads\/2024\/09\/la-nina-con-sequias.png","type":"image\/png"}],"author":"apuntesdesanluis.com","twitter_card":"summary_large_image","twitter_misc":{"Escrito por":"apuntesdesanluis.com","Tiempo de lectura":"2 minutos"},"schema":{"@context":"https:\/\/schema.org","@graph":[{"@type":"Article","@id":"https:\/\/apuntesdesanluis.com\/index.php\/2024\/09\/15\/la-nina-esta-por-llegar-a-la-argentina-se-esperan-fuertes-sequias-y-un-clima-fuera-de-lo-normal\/#article","isPartOf":{"@id":"https:\/\/apuntesdesanluis.com\/index.php\/2024\/09\/15\/la-nina-esta-por-llegar-a-la-argentina-se-esperan-fuertes-sequias-y-un-clima-fuera-de-lo-normal\/"},"author":{"name":"apuntesdesanluis.com","@id":"https:\/\/apuntesdesanluis.com\/#\/schema\/person\/b55151d52296fcce64d1a72538a70b90"},"headline":"LA NI\u00d1A EST\u00c1 POR LLEGAR A LA ARGENTINA: SE ESPERAN FUERTES SEQU\u00cdAS Y UN CLIMA FUERA DE LO NORMAL","datePublished":"2024-09-15T23:52:29+00:00","mainEntityOfPage":{"@id":"https:\/\/apuntesdesanluis.com\/index.php\/2024\/09\/15\/la-nina-esta-por-llegar-a-la-argentina-se-esperan-fuertes-sequias-y-un-clima-fuera-de-lo-normal\/"},"wordCount":388,"publisher":{"@id":"https:\/\/apuntesdesanluis.com\/#\/schema\/person\/b55151d52296fcce64d1a72538a70b90"},"image":{"@id":"https:\/\/apuntesdesanluis.com\/index.php\/2024\/09\/15\/la-nina-esta-por-llegar-a-la-argentina-se-esperan-fuertes-sequias-y-un-clima-fuera-de-lo-normal\/#primaryimage"},"thumbnailUrl":"https:\/\/apuntesdesanluis.com\/wp-content\/uploads\/2024\/09\/la-nina-con-sequias.png","articleSection":["Nacionales\/Internacionales"],"inLanguage":"es-AR"},{"@type":"WebPage","@id":"https:\/\/apuntesdesanluis.com\/index.php\/2024\/09\/15\/la-nina-esta-por-llegar-a-la-argentina-se-esperan-fuertes-sequias-y-un-clima-fuera-de-lo-normal\/","url":"https:\/\/apuntesdesanluis.com\/index.php\/2024\/09\/15\/la-nina-esta-por-llegar-a-la-argentina-se-esperan-fuertes-sequias-y-un-clima-fuera-de-lo-normal\/","name":"LA NI\u00d1A EST\u00c1 POR LLEGAR A LA ARGENTINA: SE ESPERAN FUERTES SEQU\u00cdAS Y UN CLIMA FUERA DE LO NORMAL - Apuntes de San Luis","isPartOf":{"@id":"https:\/\/apuntesdesanluis.com\/#website"},"primaryImageOfPage":{"@id":"https:\/\/apuntesdesanluis.com\/index.php\/2024\/09\/15\/la-nina-esta-por-llegar-a-la-argentina-se-esperan-fuertes-sequias-y-un-clima-fuera-de-lo-normal\/#primaryimage"},"image":{"@id":"https:\/\/apuntesdesanluis.com\/index.php\/2024\/09\/15\/la-nina-esta-por-llegar-a-la-argentina-se-esperan-fuertes-sequias-y-un-clima-fuera-de-lo-normal\/#primaryimage"},"thumbnailUrl":"https:\/\/apuntesdesanluis.com\/wp-content\/uploads\/2024\/09\/la-nina-con-sequias.png","datePublished":"2024-09-15T23:52:29+00:00","breadcrumb":{"@id":"https:\/\/apuntesdesanluis.com\/index.php\/2024\/09\/15\/la-nina-esta-por-llegar-a-la-argentina-se-esperan-fuertes-sequias-y-un-clima-fuera-de-lo-normal\/#breadcrumb"},"inLanguage":"es-AR","potentialAction":[{"@type":"ReadAction","target":["https:\/\/apuntesdesanluis.com\/index.php\/2024\/09\/15\/la-nina-esta-por-llegar-a-la-argentina-se-esperan-fuertes-sequias-y-un-clima-fuera-de-lo-normal\/"]}]},{"@type":"ImageObject","inLanguage":"es-AR","@id":"https:\/\/apuntesdesanluis.com\/index.php\/2024\/09\/15\/la-nina-esta-por-llegar-a-la-argentina-se-esperan-fuertes-sequias-y-un-clima-fuera-de-lo-normal\/#primaryimage","url":"https:\/\/apuntesdesanluis.com\/wp-content\/uploads\/2024\/09\/la-nina-con-sequias.png","contentUrl":"https:\/\/apuntesdesanluis.com\/wp-content\/uploads\/2024\/09\/la-nina-con-sequias.png","width":848,"height":472},{"@type":"BreadcrumbList","@id":"https:\/\/apuntesdesanluis.com\/index.php\/2024\/09\/15\/la-nina-esta-por-llegar-a-la-argentina-se-esperan-fuertes-sequias-y-un-clima-fuera-de-lo-normal\/#breadcrumb","itemListElement":[{"@type":"ListItem","position":1,"name":"Inicio","item":"https:\/\/apuntesdesanluis.com\/"},{"@type":"ListItem","position":2,"name":"LA NI\u00d1A EST\u00c1 POR LLEGAR A LA ARGENTINA: SE ESPERAN FUERTES SEQU\u00cdAS Y UN CLIMA FUERA DE LO NORMAL"}]},{"@type":"WebSite","@id":"https:\/\/apuntesdesanluis.com\/#website","url":"https:\/\/apuntesdesanluis.com\/","name":"Apuntes de San Luis","description":"","publisher":{"@id":"https:\/\/apuntesdesanluis.com\/#\/schema\/person\/b55151d52296fcce64d1a72538a70b90"},"potentialAction":[{"@type":"SearchAction","target":{"@type":"EntryPoint","urlTemplate":"https:\/\/apuntesdesanluis.com\/?s={search_term_string}"},"query-input":{"@type":"PropertyValueSpecification","valueRequired":true,"valueName":"search_term_string"}}],"inLanguage":"es-AR"},{"@type":["Person","Organization"],"@id":"https:\/\/apuntesdesanluis.com\/#\/schema\/person\/b55151d52296fcce64d1a72538a70b90","name":"apuntesdesanluis.com","image":{"@type":"ImageObject","inLanguage":"es-AR","@id":"https:\/\/apuntesdesanluis.com\/#\/schema\/person\/image\/","url":"https:\/\/apuntesdesanluis.com\/wp-content\/uploads\/2023\/07\/cropped-apuntesdesanluis.png","contentUrl":"https:\/\/apuntesdesanluis.com\/wp-content\/uploads\/2023\/07\/cropped-apuntesdesanluis.png","width":450,"height":112,"caption":"apuntesdesanluis.com"},"logo":{"@id":"https:\/\/apuntesdesanluis.com\/#\/schema\/person\/image\/"},"sameAs":["https:\/\/apuntesdesanluis.com"],"url":"https:\/\/apuntesdesanluis.com\/index.php\/author\/apuntesdesanluis-com\/"}]}},"featured_image_urls":{"full":["https:\/\/apuntesdesanluis.com\/wp-content\/uploads\/2024\/09\/la-nina-con-sequias.png",848,472,false],"thumbnail":["https:\/\/apuntesdesanluis.com\/wp-content\/uploads\/2024\/09\/la-nina-con-sequias-150x150.png",150,150,true],"medium":["https:\/\/apuntesdesanluis.com\/wp-content\/uploads\/2024\/09\/la-nina-con-sequias-300x167.png",300,167,true],"medium_large":["https:\/\/apuntesdesanluis.com\/wp-content\/uploads\/2024\/09\/la-nina-con-sequias-768x427.png",640,356,true],"large":["https:\/\/apuntesdesanluis.com\/wp-content\/uploads\/2024\/09\/la-nina-con-sequias.png",640,356,false],"1536x1536":["https:\/\/apuntesdesanluis.com\/wp-content\/uploads\/2024\/09\/la-nina-con-sequias.png",848,472,false],"2048x2048":["https:\/\/apuntesdesanluis.com\/wp-content\/uploads\/2024\/09\/la-nina-con-sequias.png",848,472,false],"newsever-slider-full":["https:\/\/apuntesdesanluis.com\/wp-content\/uploads\/2024\/09\/la-nina-con-sequias.png",848,472,false],"newsever-featured":["https:\/\/apuntesdesanluis.com\/wp-content\/uploads\/2024\/09\/la-nina-con-sequias.png",848,472,false],"newsever-medium":["https:\/\/apuntesdesanluis.com\/wp-content\/uploads\/2024\/09\/la-nina-con-sequias-720x472.png",720,472,true]},"author_info":{"display_name":"apuntesdesanluis.com","author_link":"https:\/\/apuntesdesanluis.com\/index.php\/author\/apuntesdesanluis-com\/"},"category_info":"<a href=\"https:\/\/apuntesdesanluis.com\/index.php\/category\/nacionales-internacionales\/\" rel=\"category tag\">Nacionales\/Internacionales<\/a>","tag_info":"Nacionales\/Internacionales","comment_count":"0","_links":{"self":[{"href":"https:\/\/apuntesdesanluis.com\/index.php\/wp-json\/wp\/v2\/posts\/22255","targetHints":{"allow":["GET"]}}],"collection":[{"href":"https:\/\/apuntesdesanluis.com\/index.php\/wp-json\/wp\/v2\/posts"}],"about":[{"href":"https:\/\/apuntesdesanluis.com\/index.php\/wp-json\/wp\/v2\/types\/post"}],"author":[{"embeddable":true,"href":"https:\/\/apuntesdesanluis.com\/index.php\/wp-json\/wp\/v2\/users\/1"}],"replies":[{"embeddable":true,"href":"https:\/\/apuntesdesanluis.com\/index.php\/wp-json\/wp\/v2\/comments?post=22255"}],"version-history":[{"count":1,"href":"https:\/\/apuntesdesanluis.com\/index.php\/wp-json\/wp\/v2\/posts\/22255\/revisions"}],"predecessor-version":[{"id":22258,"href":"https:\/\/apuntesdesanluis.com\/index.php\/wp-json\/wp\/v2\/posts\/22255\/revisions\/22258"}],"wp:featuredmedia":[{"embeddable":true,"href":"https:\/\/apuntesdesanluis.com\/index.php\/wp-json\/wp\/v2\/media\/22256"}],"wp:attachment":[{"href":"https:\/\/apuntesdesanluis.com\/index.php\/wp-json\/wp\/v2\/media?parent=22255"}],"wp:term":[{"taxonomy":"category","embeddable":true,"href":"https:\/\/apuntesdesanluis.com\/index.php\/wp-json\/wp\/v2\/categories?post=22255"},{"taxonomy":"post_tag","embeddable":true,"href":"https:\/\/apuntesdesanluis.com\/index.php\/wp-json\/wp\/v2\/tags?post=22255"}],"curies":[{"name":"wp","href":"https:\/\/api.w.org\/{rel}","templated":true}]}}