{"id":22261,"date":"2024-09-14T21:20:05","date_gmt":"2024-09-15T00:20:05","guid":{"rendered":"https:\/\/apuntesdesanluis.com\/?p=22261"},"modified":"2024-09-15T21:43:31","modified_gmt":"2024-09-16T00:43:31","slug":"abogados-de-san-luis-acusaron-al-superior-tribunal-de-atropellar-los-principios-republicanos","status":"publish","type":"post","link":"https:\/\/apuntesdesanluis.com\/index.php\/2024\/09\/14\/abogados-de-san-luis-acusaron-al-superior-tribunal-de-atropellar-los-principios-republicanos\/","title":{"rendered":"ABOGADOS DE SAN LUIS ACUSARON AL SUPERIOR TRIBUNAL DE \u201cATROPELLAR LOS PRINCIPIOS REPUBLICANOS\u201d"},"content":{"rendered":"<h3>El organismo que representa a los abogados y procuradores puntanos coincidi\u00f3 en que el Superior Tribunal de Justicia persiste \u201cen su actitud de seguir legislando a trav\u00e9s de ACORDADAS, modificando incluso normas jur\u00eddicas procesales vigentes; avanzando sobre las funciones propias y espec\u00edficas de los otros poderes del estado en contra de los principios republicanos\u201d.<\/h3>\n<h3>De esta manera, sali\u00f3 a respaldar el accionar de los jueces de primera instancia que la semana pasada efectuaron una presentaci\u00f3n ante el vicegobernador de la provincia, Ricardo Endeiza, para denunciar exactamente lo mismo.<\/h3>\n<h3>Adem\u00e1s de emitir un comunicado, el Presidente del Colegio de Abogados y Procuradores de la Ciudad de San Luis (CAPSL), <strong>Dr. Gabriel Alessandro<\/strong>, dio una conferencia de prensa en la que puso de manifiesto la postura de la instituci\u00f3n con respecto al \u201cpermanente dictado de acordadas\u201d que realiza el Superior Tribunal de Justicia (STJ), modificando distintas normativas vigentes.<\/h3>\n<h3>\u201cNo estamos dispuestos a consentir el permanente dictado de acordadas que modifican normativa vigente. Se modifican mediante acordadas reglamentaciones que est\u00e1n establecidas por ley, entonces esto es lo que genera incertidumbre. Acordada tras acordada, genera incertidumbre y genera en definitiva inseguridad jur\u00eddica para el justiciable\u201d, dijo el Dr. Alessandro, sosteniendo que las reglamentaciones establecidas por ley deben modificarse, justamente, por ley.<\/h3>\n<p><img fetchpriority=\"high\" decoding=\"async\" class=\"wp-image-22264 aligncenter\" src=\"https:\/\/apuntesdesanluis.com\/wp-content\/uploads\/2024\/09\/ABOGADOS-300x111.png\" alt=\"\" width=\"554\" height=\"205\" srcset=\"https:\/\/apuntesdesanluis.com\/wp-content\/uploads\/2024\/09\/ABOGADOS-300x111.png 300w, https:\/\/apuntesdesanluis.com\/wp-content\/uploads\/2024\/09\/ABOGADOS-768x283.png 768w, https:\/\/apuntesdesanluis.com\/wp-content\/uploads\/2024\/09\/ABOGADOS.png 933w\" sizes=\"(max-width: 554px) 100vw, 554px\" \/><\/p>\n<h3>El disparador de este planteo del CAPSL fue la acordada 225 del STJ, mediante la cual se suspende la aplicaci\u00f3n de la acordada 191. \u201cLa 191 era una acordada que modificaba el sistema de notificaciones en los expedientes judiciales, reemplazando el sistema de c\u00e9dulas digitales al cual ven\u00edamos acostumbrados los abogados. Nuestro colegio present\u00f3 una nota pidiendo la suspensi\u00f3n de la aplicaci\u00f3n de este sistema de notificaci\u00f3n, ya que esto generaba muchas dudas entre los colegas, mucha incertidumbre, mucha inestabilidad\u201d, explic\u00f3 el Dr. Alessandro, en conferencia de prensa.<\/h3>\n<h3>\u201cEl Superior Tribunal de Justicia dice que hay una ley que lo faculta a este tipo de reglamentaciones. Lo que nosotros entendemos es que una cosa es reglamentar un modo de notificaci\u00f3n o un acto jur\u00eddico, y otra cosa es crear actos jur\u00eddicos nuevos. Mediante estas acordadas se est\u00e1 creando un modo de notificaci\u00f3n nuevo que no exist\u00eda y no es que se est\u00e1 reglamentando algo que ya exist\u00eda. Entonces en eso planteamos nuestra diferencia, nuestras discrepancias y no estamos dispuestos a seguir consintiendo el dictado de acordada tras acordada\u201d, continu\u00f3 el Presidente del CAPSL.<\/h3>\n<h3>En cuanto al nuevo sistema, Alessandro se\u00f1al\u00f3 que \u201celimina las c\u00e9dulas de notificaci\u00f3n con las cuales se pon\u00eda en conocimiento de las distintas partes de las actuaciones judiciales\u201d, reemplaz\u00e1ndolas por un \u201csistema de notificaci\u00f3n casi instant\u00e1nea\u201d. \u201cEn el momento que sale la resoluci\u00f3n se dispara un mail de cortes\u00eda que le avisa al abogado, se produce una modificaci\u00f3n en el expediente y el abogado queda notificado a partir del primer d\u00eda de nota. Los d\u00edas de nota son martes y viernes. Si una resoluci\u00f3n sale un mi\u00e9rcoles, ese mismo mi\u00e9rcoles se dispara el mail de cortes\u00eda avisando al abogado que se movi\u00f3 el expediente y el viernes quedar\u00eda notificado efectivamente el abogado, con lo cual comenzar\u00edan a correr los plazos para formular alg\u00fan planteo que \u00e9l crea conveniente\u201d, explic\u00f3.<\/h3>\n<p><a href=\"https:\/\/www.facebook.com\/reel\/1197091954666016\" target=\"_blank\" rel=\"noopener\"><img decoding=\"async\" class=\"wp-image-22265 aligncenter\" src=\"https:\/\/apuntesdesanluis.com\/wp-content\/uploads\/2024\/09\/ALESSANDRO-300x296.png\" alt=\"\" width=\"582\" height=\"574\" srcset=\"https:\/\/apuntesdesanluis.com\/wp-content\/uploads\/2024\/09\/ALESSANDRO-300x296.png 300w, https:\/\/apuntesdesanluis.com\/wp-content\/uploads\/2024\/09\/ALESSANDRO.png 583w\" sizes=\"(max-width: 582px) 100vw, 582px\" \/><\/a><\/p>\n<h3>El argumento esgrimido por el STJ para aplicar este sistema, coment\u00f3 Alessandro, \u201ces la celeridad jur\u00eddica, la celeridad en los procesos judiciales\u201d. \u201cDesde siempre estamos trabajando para ayudar a que los procesos sean m\u00e1s r\u00e1pidos y m\u00e1s efectivos. Pero entendemos que el medio, la modalidad elegida, las acordadas, no son el medio id\u00f3neo. Esto tiene que hacerse por ley, no hay otra manera que modificar una ley que no sea mediante otra ley\u201d, manifest\u00f3 el Presidente del CAPSL.<\/h3>\n<h3>Ahora que la aplicaci\u00f3n de la acordada 225 est\u00e1 suspendida hasta febrero de 2025, el Dr. Alessandro consider\u00f3 que est\u00e1n dadas las condiciones para que, entre todos los actores de la Justicia, \u201cse trabaje en una modificaci\u00f3n integral del C\u00f3digo de Procedimiento Civil\u201d. \u201cCreo que es una oportunidad hist\u00f3rica, no debemos desaprovecharla y debemos trabajar todos los sectores en esta modificaci\u00f3n\u201d, opin\u00f3, destacando que es pr\u00e1cticamente imposible \u201cconocer al pie de la letra todas las acordadas que se encuentran vigentes hoy en d\u00eda\u201d.<\/h3>\n<h3>\u201cAnte esta situaci\u00f3n ha habido diversas versiones sobre posibles planteos de inconstitucionalidad, de amparos y un sinn\u00famero de medidas que han surgido o se han rumoreado que se planea instaurar. Sobre esto quiero dejar claro tambi\u00e9n la postura de nuestro colegio. No queremos judicializar este problema. Este problema no se soluciona judicializ\u00e1ndolo. Es una cuesti\u00f3n en la cual todos los actores estamos de acuerdo y queremos encaminar esto de una manera hablada, dialogada, consensuada. No es la soluci\u00f3n judicializar este problema\u201d, concluy\u00f3.<\/h3>\n<p><a href=\"https:\/\/www.facebook.com\/reel\/1197091954666016\" target=\"_blank\" rel=\"noopener\"><img decoding=\"async\" class=\"wp-image-22269 aligncenter\" src=\"https:\/\/apuntesdesanluis.com\/wp-content\/uploads\/2024\/09\/audio-225x300.png\" alt=\"\" width=\"473\" height=\"631\" srcset=\"https:\/\/apuntesdesanluis.com\/wp-content\/uploads\/2024\/09\/audio-225x300.png 225w, https:\/\/apuntesdesanluis.com\/wp-content\/uploads\/2024\/09\/audio.png 366w\" sizes=\"(max-width: 473px) 100vw, 473px\" \/><\/a><\/p>\n<h4 style=\"text-align: center;\"><span style=\"color: #3366ff;\"><em>(Hacer click en la imagen y habilitar audio)<\/em><\/span><\/h4>\n<h3>El comunicado del Colegio de Abogados y Procuradores de San Luis se\u00f1ala en forma textual:<\/h3>\n<h3>\u201cAnte el dictado del Acuerdo N\u00ba 191 \u2013 STJSL \u2013 SA \u2013 2024 y su reciente modificaci\u00f3n mediante Acuerdo N\u00ba 225 \u2013 STJSL \u2013 SA &#8211; 2024, es evidente que los miembros del Superior Tribunal de Justicia de la provincia de San Luis, persisten en su actitud de seguir LEGISLANDO a trav\u00e9s de ACORDADAS, modificando incluso normas jur\u00eddicas procesales vigentes; avanzando sobre las funciones propias y espec\u00edficas de los otros poderes del estado en contra de los principios REPUBLICANOS que implican una divisi\u00f3n de poderes y funciones espec\u00edficas para cada poder en particular.-<\/h3>\n<h3>Resulta un avasallamiento, agravado por el hecho de que el Superior Tribunal de Justicia debe ejercer el \u201cCONTROL DE CONSTITUCIONALIDAD\u201d (art. 210 de la C.P.) en los reclamos realizados por los justiciables, como es el caso de la violaci\u00f3n al principio republicano de divisi\u00f3n de poderes, y la atribuci\u00f3n de funciones en materia legislativa que exceden la capacidad de reglamentaci\u00f3n que dicho \u00d3rgano posee.<\/h3>\n<h3>Que este modo de obrar del m\u00e1ximo \u00f3rgano del poder judicial provincial torna ilusorio dicho control, que fue previsto para consolidar la independencia de poderes y que s\u00f3lo fortalece el GOBIERNO DE LOS JUECES del STJ, enmarcado en un deficiente servicio de justicia que nos afecta a todos como comunidad.<\/h3>\n<h3>La provincia de San Luis requiere una urgente reforma INTEGRAL del C\u00f3digo de Procedimientos Civiles, sobre la cual deben trabajar el Poder Legislativo aunando esfuerzos con el Poder Ejecutivo a los efectos de impedir que el Poder Judicial siga\u00a0atropellando los principios republicanos\u201d. &#8211;<\/h3>\n<p>&nbsp;<\/p>\n<h3><span style=\"color: #3366ff;\"><strong>NOTICIA RELACIONADA:<\/strong><\/span><\/h3>\n<p><a href=\"https:\/\/apuntesdesanluis.com\/index.php\/2024\/09\/12\/escandalo-jueces-botonearon-al-superior-tribunal-de-justicia-ante-el-vicegobernador\/\" target=\"_blank\" rel=\"noopener\"><img loading=\"lazy\" decoding=\"async\" class=\"alignnone wp-image-22262\" src=\"https:\/\/apuntesdesanluis.com\/wp-content\/uploads\/2024\/09\/POSTEO-2-300x222.png\" alt=\"\" width=\"465\" height=\"344\" srcset=\"https:\/\/apuntesdesanluis.com\/wp-content\/uploads\/2024\/09\/POSTEO-2-300x222.png 300w, https:\/\/apuntesdesanluis.com\/wp-content\/uploads\/2024\/09\/POSTEO-2.png 700w\" sizes=\"(max-width: 465px) 100vw, 465px\" \/><\/a><\/p>\n<p>&nbsp;<\/p>\n<p>&nbsp;<\/p>\n","protected":false},"excerpt":{"rendered":"<p>El organismo que representa a los abogados y procuradores puntanos coincidi\u00f3 en que el Superior&#8230;<\/p>\n","protected":false},"author":1,"featured_media":22267,"comment_status":"closed","ping_status":"closed","sticky":false,"template":"","format":"standard","meta":{"footnotes":""},"categories":[6],"tags":[],"class_list":["post-22261","post","type-post","status-publish","format-standard","has-post-thumbnail","hentry","category-ciudad-provincia"],"yoast_head":"<!-- This site is optimized with the Yoast SEO plugin v26.1.1 - https:\/\/yoast.com\/wordpress\/plugins\/seo\/ -->\n<title>ABOGADOS DE SAN LUIS ACUSARON AL SUPERIOR TRIBUNAL DE \u201cATROPELLAR LOS PRINCIPIOS REPUBLICANOS\u201d - Apuntes de San Luis<\/title>\n<meta name=\"robots\" content=\"index, follow, max-snippet:-1, max-image-preview:large, max-video-preview:-1\" \/>\n<link rel=\"canonical\" href=\"https:\/\/apuntesdesanluis.com\/index.php\/2024\/09\/14\/abogados-de-san-luis-acusaron-al-superior-tribunal-de-atropellar-los-principios-republicanos\/\" \/>\n<meta property=\"og:locale\" content=\"es_ES\" \/>\n<meta property=\"og:type\" content=\"article\" \/>\n<meta property=\"og:title\" content=\"ABOGADOS DE SAN LUIS ACUSARON AL SUPERIOR TRIBUNAL DE \u201cATROPELLAR LOS PRINCIPIOS REPUBLICANOS\u201d - Apuntes de San Luis\" \/>\n<meta property=\"og:description\" content=\"El organismo que representa a los abogados y procuradores puntanos coincidi\u00f3 en que el Superior...\" \/>\n<meta property=\"og:url\" content=\"https:\/\/apuntesdesanluis.com\/index.php\/2024\/09\/14\/abogados-de-san-luis-acusaron-al-superior-tribunal-de-atropellar-los-principios-republicanos\/\" \/>\n<meta property=\"og:site_name\" content=\"Apuntes de San Luis\" \/>\n<meta property=\"article:published_time\" content=\"2024-09-15T00:20:05+00:00\" \/>\n<meta property=\"article:modified_time\" content=\"2024-09-16T00:43:31+00:00\" \/>\n<meta property=\"og:image\" content=\"https:\/\/apuntesdesanluis.com\/wp-content\/uploads\/2024\/09\/gabriel-alessandro-1.png\" \/>\n\t<meta property=\"og:image:width\" content=\"818\" \/>\n\t<meta property=\"og:image:height\" content=\"494\" \/>\n\t<meta property=\"og:image:type\" content=\"image\/png\" \/>\n<meta name=\"author\" content=\"apuntesdesanluis.com\" \/>\n<meta name=\"twitter:card\" content=\"summary_large_image\" \/>\n<meta name=\"twitter:label1\" content=\"Escrito por\" \/>\n\t<meta name=\"twitter:data1\" content=\"apuntesdesanluis.com\" \/>\n\t<meta name=\"twitter:label2\" content=\"Tiempo de lectura\" \/>\n\t<meta name=\"twitter:data2\" content=\"6 minutos\" \/>\n<script type=\"application\/ld+json\" class=\"yoast-schema-graph\">{\"@context\":\"https:\/\/schema.org\",\"@graph\":[{\"@type\":\"Article\",\"@id\":\"https:\/\/apuntesdesanluis.com\/index.php\/2024\/09\/14\/abogados-de-san-luis-acusaron-al-superior-tribunal-de-atropellar-los-principios-republicanos\/#article\",\"isPartOf\":{\"@id\":\"https:\/\/apuntesdesanluis.com\/index.php\/2024\/09\/14\/abogados-de-san-luis-acusaron-al-superior-tribunal-de-atropellar-los-principios-republicanos\/\"},\"author\":{\"name\":\"apuntesdesanluis.com\",\"@id\":\"https:\/\/apuntesdesanluis.com\/#\/schema\/person\/b55151d52296fcce64d1a72538a70b90\"},\"headline\":\"ABOGADOS DE SAN LUIS ACUSARON AL SUPERIOR TRIBUNAL DE \u201cATROPELLAR LOS PRINCIPIOS REPUBLICANOS\u201d\",\"datePublished\":\"2024-09-15T00:20:05+00:00\",\"dateModified\":\"2024-09-16T00:43:31+00:00\",\"mainEntityOfPage\":{\"@id\":\"https:\/\/apuntesdesanluis.com\/index.php\/2024\/09\/14\/abogados-de-san-luis-acusaron-al-superior-tribunal-de-atropellar-los-principios-republicanos\/\"},\"wordCount\":1113,\"publisher\":{\"@id\":\"https:\/\/apuntesdesanluis.com\/#\/schema\/person\/b55151d52296fcce64d1a72538a70b90\"},\"image\":{\"@id\":\"https:\/\/apuntesdesanluis.com\/index.php\/2024\/09\/14\/abogados-de-san-luis-acusaron-al-superior-tribunal-de-atropellar-los-principios-republicanos\/#primaryimage\"},\"thumbnailUrl\":\"https:\/\/apuntesdesanluis.com\/wp-content\/uploads\/2024\/09\/gabriel-alessandro-1.png\",\"articleSection\":[\"Ciudad\/Provincia\"],\"inLanguage\":\"es-AR\"},{\"@type\":\"WebPage\",\"@id\":\"https:\/\/apuntesdesanluis.com\/index.php\/2024\/09\/14\/abogados-de-san-luis-acusaron-al-superior-tribunal-de-atropellar-los-principios-republicanos\/\",\"url\":\"https:\/\/apuntesdesanluis.com\/index.php\/2024\/09\/14\/abogados-de-san-luis-acusaron-al-superior-tribunal-de-atropellar-los-principios-republicanos\/\",\"name\":\"ABOGADOS DE SAN LUIS ACUSARON AL SUPERIOR TRIBUNAL DE \u201cATROPELLAR LOS PRINCIPIOS REPUBLICANOS\u201d - Apuntes de San Luis\",\"isPartOf\":{\"@id\":\"https:\/\/apuntesdesanluis.com\/#website\"},\"primaryImageOfPage\":{\"@id\":\"https:\/\/apuntesdesanluis.com\/index.php\/2024\/09\/14\/abogados-de-san-luis-acusaron-al-superior-tribunal-de-atropellar-los-principios-republicanos\/#primaryimage\"},\"image\":{\"@id\":\"https:\/\/apuntesdesanluis.com\/index.php\/2024\/09\/14\/abogados-de-san-luis-acusaron-al-superior-tribunal-de-atropellar-los-principios-republicanos\/#primaryimage\"},\"thumbnailUrl\":\"https:\/\/apuntesdesanluis.com\/wp-content\/uploads\/2024\/09\/gabriel-alessandro-1.png\",\"datePublished\":\"2024-09-15T00:20:05+00:00\",\"dateModified\":\"2024-09-16T00:43:31+00:00\",\"breadcrumb\":{\"@id\":\"https:\/\/apuntesdesanluis.com\/index.php\/2024\/09\/14\/abogados-de-san-luis-acusaron-al-superior-tribunal-de-atropellar-los-principios-republicanos\/#breadcrumb\"},\"inLanguage\":\"es-AR\",\"potentialAction\":[{\"@type\":\"ReadAction\",\"target\":[\"https:\/\/apuntesdesanluis.com\/index.php\/2024\/09\/14\/abogados-de-san-luis-acusaron-al-superior-tribunal-de-atropellar-los-principios-republicanos\/\"]}]},{\"@type\":\"ImageObject\",\"inLanguage\":\"es-AR\",\"@id\":\"https:\/\/apuntesdesanluis.com\/index.php\/2024\/09\/14\/abogados-de-san-luis-acusaron-al-superior-tribunal-de-atropellar-los-principios-republicanos\/#primaryimage\",\"url\":\"https:\/\/apuntesdesanluis.com\/wp-content\/uploads\/2024\/09\/gabriel-alessandro-1.png\",\"contentUrl\":\"https:\/\/apuntesdesanluis.com\/wp-content\/uploads\/2024\/09\/gabriel-alessandro-1.png\",\"width\":818,\"height\":494},{\"@type\":\"BreadcrumbList\",\"@id\":\"https:\/\/apuntesdesanluis.com\/index.php\/2024\/09\/14\/abogados-de-san-luis-acusaron-al-superior-tribunal-de-atropellar-los-principios-republicanos\/#breadcrumb\",\"itemListElement\":[{\"@type\":\"ListItem\",\"position\":1,\"name\":\"Inicio\",\"item\":\"https:\/\/apuntesdesanluis.com\/\"},{\"@type\":\"ListItem\",\"position\":2,\"name\":\"ABOGADOS DE SAN LUIS ACUSARON AL SUPERIOR TRIBUNAL DE \u201cATROPELLAR LOS PRINCIPIOS REPUBLICANOS\u201d\"}]},{\"@type\":\"WebSite\",\"@id\":\"https:\/\/apuntesdesanluis.com\/#website\",\"url\":\"https:\/\/apuntesdesanluis.com\/\",\"name\":\"Apuntes de San Luis\",\"description\":\"\",\"publisher\":{\"@id\":\"https:\/\/apuntesdesanluis.com\/#\/schema\/person\/b55151d52296fcce64d1a72538a70b90\"},\"potentialAction\":[{\"@type\":\"SearchAction\",\"target\":{\"@type\":\"EntryPoint\",\"urlTemplate\":\"https:\/\/apuntesdesanluis.com\/?s={search_term_string}\"},\"query-input\":{\"@type\":\"PropertyValueSpecification\",\"valueRequired\":true,\"valueName\":\"search_term_string\"}}],\"inLanguage\":\"es-AR\"},{\"@type\":[\"Person\",\"Organization\"],\"@id\":\"https:\/\/apuntesdesanluis.com\/#\/schema\/person\/b55151d52296fcce64d1a72538a70b90\",\"name\":\"apuntesdesanluis.com\",\"image\":{\"@type\":\"ImageObject\",\"inLanguage\":\"es-AR\",\"@id\":\"https:\/\/apuntesdesanluis.com\/#\/schema\/person\/image\/\",\"url\":\"https:\/\/apuntesdesanluis.com\/wp-content\/uploads\/2023\/07\/cropped-apuntesdesanluis.png\",\"contentUrl\":\"https:\/\/apuntesdesanluis.com\/wp-content\/uploads\/2023\/07\/cropped-apuntesdesanluis.png\",\"width\":450,\"height\":112,\"caption\":\"apuntesdesanluis.com\"},\"logo\":{\"@id\":\"https:\/\/apuntesdesanluis.com\/#\/schema\/person\/image\/\"},\"sameAs\":[\"https:\/\/apuntesdesanluis.com\"],\"url\":\"https:\/\/apuntesdesanluis.com\/index.php\/author\/apuntesdesanluis-com\/\"}]}<\/script>\n<!-- \/ Yoast SEO plugin. -->","yoast_head_json":{"title":"ABOGADOS DE SAN LUIS ACUSARON AL SUPERIOR TRIBUNAL DE \u201cATROPELLAR LOS PRINCIPIOS REPUBLICANOS\u201d - Apuntes de San Luis","robots":{"index":"index","follow":"follow","max-snippet":"max-snippet:-1","max-image-preview":"max-image-preview:large","max-video-preview":"max-video-preview:-1"},"canonical":"https:\/\/apuntesdesanluis.com\/index.php\/2024\/09\/14\/abogados-de-san-luis-acusaron-al-superior-tribunal-de-atropellar-los-principios-republicanos\/","og_locale":"es_ES","og_type":"article","og_title":"ABOGADOS DE SAN LUIS ACUSARON AL SUPERIOR TRIBUNAL DE \u201cATROPELLAR LOS PRINCIPIOS REPUBLICANOS\u201d - Apuntes de San Luis","og_description":"El organismo que representa a los abogados y procuradores puntanos coincidi\u00f3 en que el Superior...","og_url":"https:\/\/apuntesdesanluis.com\/index.php\/2024\/09\/14\/abogados-de-san-luis-acusaron-al-superior-tribunal-de-atropellar-los-principios-republicanos\/","og_site_name":"Apuntes de San Luis","article_published_time":"2024-09-15T00:20:05+00:00","article_modified_time":"2024-09-16T00:43:31+00:00","og_image":[{"width":818,"height":494,"url":"https:\/\/apuntesdesanluis.com\/wp-content\/uploads\/2024\/09\/gabriel-alessandro-1.png","type":"image\/png"}],"author":"apuntesdesanluis.com","twitter_card":"summary_large_image","twitter_misc":{"Escrito por":"apuntesdesanluis.com","Tiempo de lectura":"6 minutos"},"schema":{"@context":"https:\/\/schema.org","@graph":[{"@type":"Article","@id":"https:\/\/apuntesdesanluis.com\/index.php\/2024\/09\/14\/abogados-de-san-luis-acusaron-al-superior-tribunal-de-atropellar-los-principios-republicanos\/#article","isPartOf":{"@id":"https:\/\/apuntesdesanluis.com\/index.php\/2024\/09\/14\/abogados-de-san-luis-acusaron-al-superior-tribunal-de-atropellar-los-principios-republicanos\/"},"author":{"name":"apuntesdesanluis.com","@id":"https:\/\/apuntesdesanluis.com\/#\/schema\/person\/b55151d52296fcce64d1a72538a70b90"},"headline":"ABOGADOS DE SAN LUIS ACUSARON AL SUPERIOR TRIBUNAL DE \u201cATROPELLAR LOS PRINCIPIOS REPUBLICANOS\u201d","datePublished":"2024-09-15T00:20:05+00:00","dateModified":"2024-09-16T00:43:31+00:00","mainEntityOfPage":{"@id":"https:\/\/apuntesdesanluis.com\/index.php\/2024\/09\/14\/abogados-de-san-luis-acusaron-al-superior-tribunal-de-atropellar-los-principios-republicanos\/"},"wordCount":1113,"publisher":{"@id":"https:\/\/apuntesdesanluis.com\/#\/schema\/person\/b55151d52296fcce64d1a72538a70b90"},"image":{"@id":"https:\/\/apuntesdesanluis.com\/index.php\/2024\/09\/14\/abogados-de-san-luis-acusaron-al-superior-tribunal-de-atropellar-los-principios-republicanos\/#primaryimage"},"thumbnailUrl":"https:\/\/apuntesdesanluis.com\/wp-content\/uploads\/2024\/09\/gabriel-alessandro-1.png","articleSection":["Ciudad\/Provincia"],"inLanguage":"es-AR"},{"@type":"WebPage","@id":"https:\/\/apuntesdesanluis.com\/index.php\/2024\/09\/14\/abogados-de-san-luis-acusaron-al-superior-tribunal-de-atropellar-los-principios-republicanos\/","url":"https:\/\/apuntesdesanluis.com\/index.php\/2024\/09\/14\/abogados-de-san-luis-acusaron-al-superior-tribunal-de-atropellar-los-principios-republicanos\/","name":"ABOGADOS DE SAN LUIS ACUSARON AL SUPERIOR TRIBUNAL DE \u201cATROPELLAR LOS PRINCIPIOS REPUBLICANOS\u201d - Apuntes de San Luis","isPartOf":{"@id":"https:\/\/apuntesdesanluis.com\/#website"},"primaryImageOfPage":{"@id":"https:\/\/apuntesdesanluis.com\/index.php\/2024\/09\/14\/abogados-de-san-luis-acusaron-al-superior-tribunal-de-atropellar-los-principios-republicanos\/#primaryimage"},"image":{"@id":"https:\/\/apuntesdesanluis.com\/index.php\/2024\/09\/14\/abogados-de-san-luis-acusaron-al-superior-tribunal-de-atropellar-los-principios-republicanos\/#primaryimage"},"thumbnailUrl":"https:\/\/apuntesdesanluis.com\/wp-content\/uploads\/2024\/09\/gabriel-alessandro-1.png","datePublished":"2024-09-15T00:20:05+00:00","dateModified":"2024-09-16T00:43:31+00:00","breadcrumb":{"@id":"https:\/\/apuntesdesanluis.com\/index.php\/2024\/09\/14\/abogados-de-san-luis-acusaron-al-superior-tribunal-de-atropellar-los-principios-republicanos\/#breadcrumb"},"inLanguage":"es-AR","potentialAction":[{"@type":"ReadAction","target":["https:\/\/apuntesdesanluis.com\/index.php\/2024\/09\/14\/abogados-de-san-luis-acusaron-al-superior-tribunal-de-atropellar-los-principios-republicanos\/"]}]},{"@type":"ImageObject","inLanguage":"es-AR","@id":"https:\/\/apuntesdesanluis.com\/index.php\/2024\/09\/14\/abogados-de-san-luis-acusaron-al-superior-tribunal-de-atropellar-los-principios-republicanos\/#primaryimage","url":"https:\/\/apuntesdesanluis.com\/wp-content\/uploads\/2024\/09\/gabriel-alessandro-1.png","contentUrl":"https:\/\/apuntesdesanluis.com\/wp-content\/uploads\/2024\/09\/gabriel-alessandro-1.png","width":818,"height":494},{"@type":"BreadcrumbList","@id":"https:\/\/apuntesdesanluis.com\/index.php\/2024\/09\/14\/abogados-de-san-luis-acusaron-al-superior-tribunal-de-atropellar-los-principios-republicanos\/#breadcrumb","itemListElement":[{"@type":"ListItem","position":1,"name":"Inicio","item":"https:\/\/apuntesdesanluis.com\/"},{"@type":"ListItem","position":2,"name":"ABOGADOS DE SAN LUIS ACUSARON AL SUPERIOR TRIBUNAL DE \u201cATROPELLAR LOS PRINCIPIOS REPUBLICANOS\u201d"}]},{"@type":"WebSite","@id":"https:\/\/apuntesdesanluis.com\/#website","url":"https:\/\/apuntesdesanluis.com\/","name":"Apuntes de San Luis","description":"","publisher":{"@id":"https:\/\/apuntesdesanluis.com\/#\/schema\/person\/b55151d52296fcce64d1a72538a70b90"},"potentialAction":[{"@type":"SearchAction","target":{"@type":"EntryPoint","urlTemplate":"https:\/\/apuntesdesanluis.com\/?s={search_term_string}"},"query-input":{"@type":"PropertyValueSpecification","valueRequired":true,"valueName":"search_term_string"}}],"inLanguage":"es-AR"},{"@type":["Person","Organization"],"@id":"https:\/\/apuntesdesanluis.com\/#\/schema\/person\/b55151d52296fcce64d1a72538a70b90","name":"apuntesdesanluis.com","image":{"@type":"ImageObject","inLanguage":"es-AR","@id":"https:\/\/apuntesdesanluis.com\/#\/schema\/person\/image\/","url":"https:\/\/apuntesdesanluis.com\/wp-content\/uploads\/2023\/07\/cropped-apuntesdesanluis.png","contentUrl":"https:\/\/apuntesdesanluis.com\/wp-content\/uploads\/2023\/07\/cropped-apuntesdesanluis.png","width":450,"height":112,"caption":"apuntesdesanluis.com"},"logo":{"@id":"https:\/\/apuntesdesanluis.com\/#\/schema\/person\/image\/"},"sameAs":["https:\/\/apuntesdesanluis.com"],"url":"https:\/\/apuntesdesanluis.com\/index.php\/author\/apuntesdesanluis-com\/"}]}},"featured_image_urls":{"full":["https:\/\/apuntesdesanluis.com\/wp-content\/uploads\/2024\/09\/gabriel-alessandro-1.png",818,494,false],"thumbnail":["https:\/\/apuntesdesanluis.com\/wp-content\/uploads\/2024\/09\/gabriel-alessandro-1-150x150.png",150,150,true],"medium":["https:\/\/apuntesdesanluis.com\/wp-content\/uploads\/2024\/09\/gabriel-alessandro-1-300x181.png",300,181,true],"medium_large":["https:\/\/apuntesdesanluis.com\/wp-content\/uploads\/2024\/09\/gabriel-alessandro-1-768x464.png",640,387,true],"large":["https:\/\/apuntesdesanluis.com\/wp-content\/uploads\/2024\/09\/gabriel-alessandro-1.png",640,387,false],"1536x1536":["https:\/\/apuntesdesanluis.com\/wp-content\/uploads\/2024\/09\/gabriel-alessandro-1.png",818,494,false],"2048x2048":["https:\/\/apuntesdesanluis.com\/wp-content\/uploads\/2024\/09\/gabriel-alessandro-1.png",818,494,false],"newsever-slider-full":["https:\/\/apuntesdesanluis.com\/wp-content\/uploads\/2024\/09\/gabriel-alessandro-1.png",818,494,false],"newsever-featured":["https:\/\/apuntesdesanluis.com\/wp-content\/uploads\/2024\/09\/gabriel-alessandro-1.png",818,494,false],"newsever-medium":["https:\/\/apuntesdesanluis.com\/wp-content\/uploads\/2024\/09\/gabriel-alessandro-1-720x475.png",720,475,true]},"author_info":{"display_name":"apuntesdesanluis.com","author_link":"https:\/\/apuntesdesanluis.com\/index.php\/author\/apuntesdesanluis-com\/"},"category_info":"<a href=\"https:\/\/apuntesdesanluis.com\/index.php\/category\/ciudad-provincia\/\" rel=\"category tag\">Ciudad\/Provincia<\/a>","tag_info":"Ciudad\/Provincia","comment_count":"0","_links":{"self":[{"href":"https:\/\/apuntesdesanluis.com\/index.php\/wp-json\/wp\/v2\/posts\/22261","targetHints":{"allow":["GET"]}}],"collection":[{"href":"https:\/\/apuntesdesanluis.com\/index.php\/wp-json\/wp\/v2\/posts"}],"about":[{"href":"https:\/\/apuntesdesanluis.com\/index.php\/wp-json\/wp\/v2\/types\/post"}],"author":[{"embeddable":true,"href":"https:\/\/apuntesdesanluis.com\/index.php\/wp-json\/wp\/v2\/users\/1"}],"replies":[{"embeddable":true,"href":"https:\/\/apuntesdesanluis.com\/index.php\/wp-json\/wp\/v2\/comments?post=22261"}],"version-history":[{"count":6,"href":"https:\/\/apuntesdesanluis.com\/index.php\/wp-json\/wp\/v2\/posts\/22261\/revisions"}],"predecessor-version":[{"id":22273,"href":"https:\/\/apuntesdesanluis.com\/index.php\/wp-json\/wp\/v2\/posts\/22261\/revisions\/22273"}],"wp:featuredmedia":[{"embeddable":true,"href":"https:\/\/apuntesdesanluis.com\/index.php\/wp-json\/wp\/v2\/media\/22267"}],"wp:attachment":[{"href":"https:\/\/apuntesdesanluis.com\/index.php\/wp-json\/wp\/v2\/media?parent=22261"}],"wp:term":[{"taxonomy":"category","embeddable":true,"href":"https:\/\/apuntesdesanluis.com\/index.php\/wp-json\/wp\/v2\/categories?post=22261"},{"taxonomy":"post_tag","embeddable":true,"href":"https:\/\/apuntesdesanluis.com\/index.php\/wp-json\/wp\/v2\/tags?post=22261"}],"curies":[{"name":"wp","href":"https:\/\/api.w.org\/{rel}","templated":true}]}}