{"id":22289,"date":"2024-09-16T20:02:48","date_gmt":"2024-09-16T23:02:48","guid":{"rendered":"https:\/\/apuntesdesanluis.com\/?p=22289"},"modified":"2024-09-16T20:02:48","modified_gmt":"2024-09-16T23:02:48","slug":"el-gobierno-le-cedio-el-3-piso-del-edificio-administrativo-al-poder-judicial","status":"publish","type":"post","link":"https:\/\/apuntesdesanluis.com\/index.php\/2024\/09\/16\/el-gobierno-le-cedio-el-3-piso-del-edificio-administrativo-al-poder-judicial\/","title":{"rendered":"EL GOBIERNO LE CEDI\u00d3 EL 3\u00b0 PISO DEL EDIFICIO ADMINISTRATIVO AL PODER JUDICIAL"},"content":{"rendered":"<h3>Este lunes 16 se hizo efectivo oficialmente el traspaso, a fin de ser utilizado para el funcionamiento de dependencias de la Justicia provincial. Hasta octubre seguir\u00e1 funcionando en el lugar el Bolet\u00edn Oficial, en tanto que la Junta de Clasificaci\u00f3n lo har\u00e1 hasta fines de noviembre.<\/h3>\n<h3>El documento fue rubricado por la Secretar\u00eda General de la Gobernaci\u00f3n, <strong>Romina Carbonell<\/strong>, y la ministra del Superior Tribunal de Justicia (STJ), <strong>Andrea Monte Riso<\/strong>. Acompa\u00f1aron adem\u00e1s otros dos ministros del STJ: <strong>Jorge Levingston<\/strong> y <strong>Jos\u00e9 L\u2019Huillier<\/strong>.<\/h3>\n<h3><img fetchpriority=\"high\" decoding=\"async\" class=\"wp-image-22291 aligncenter\" src=\"https:\/\/apuntesdesanluis.com\/wp-content\/uploads\/2024\/09\/firma-1-300x179.png\" alt=\"\" width=\"672\" height=\"401\" srcset=\"https:\/\/apuntesdesanluis.com\/wp-content\/uploads\/2024\/09\/firma-1-300x179.png 300w, https:\/\/apuntesdesanluis.com\/wp-content\/uploads\/2024\/09\/firma-1-768x459.png 768w, https:\/\/apuntesdesanluis.com\/wp-content\/uploads\/2024\/09\/firma-1.png 825w\" sizes=\"(max-width: 672px) 100vw, 672px\" \/><\/h3>\n<h3>El pasado 21 de agosto el gobernador Claudio Poggi por el Poder Ejecutivo y el presidente del Superior Tribunal de Justicia de San Luis, Eduardo Allende, por el Judicial, firmaron un convenio para acordar la cesi\u00f3n del tercer piso del Edificio Administrativo, ubicado sobre calle Ayacucho, en el centro de la ciudad.<\/h3>\n<h3>La cesi\u00f3n del nuevo espacio ser\u00e1 clave \u201cpara hacer m\u00e1s eficiente el uso de los recursos p\u00fablicos\u201d.<\/h3>\n<h3>La cesi\u00f3n se realiza \u201cteniendo en cuenta la necesidad de eficientizar el uso de los recursos p\u00fablicos y conscientes de la importancia de aunar esfuerzos tendientes a mejorar las condiciones edilicias que redunden en una mejor prestaci\u00f3n del servicio de Justicia\u201d, reza el escrito.<\/h3>\n<p>&nbsp;<\/p>\n<p>&nbsp;<\/p>\n<p>&nbsp;<\/p>\n<p>&nbsp;<\/p>\n<p>&nbsp;<\/p>\n<p>&nbsp;<\/p>\n<p>&nbsp;<\/p>\n","protected":false},"excerpt":{"rendered":"<p>Este lunes 16 se hizo efectivo oficialmente el traspaso, a fin de ser utilizado para&#8230;<\/p>\n","protected":false},"author":1,"featured_media":22290,"comment_status":"closed","ping_status":"closed","sticky":false,"template":"","format":"standard","meta":{"footnotes":""},"categories":[6],"tags":[],"class_list":["post-22289","post","type-post","status-publish","format-standard","has-post-thumbnail","hentry","category-ciudad-provincia"],"yoast_head":"<!-- This site is optimized with the Yoast SEO plugin v26.1.1 - https:\/\/yoast.com\/wordpress\/plugins\/seo\/ -->\n<title>EL GOBIERNO LE CEDI\u00d3 EL 3\u00b0 PISO DEL EDIFICIO ADMINISTRATIVO AL PODER JUDICIAL - Apuntes de San Luis<\/title>\n<meta name=\"robots\" content=\"index, follow, max-snippet:-1, max-image-preview:large, max-video-preview:-1\" \/>\n<link rel=\"canonical\" href=\"https:\/\/apuntesdesanluis.com\/index.php\/2024\/09\/16\/el-gobierno-le-cedio-el-3-piso-del-edificio-administrativo-al-poder-judicial\/\" \/>\n<meta property=\"og:locale\" content=\"es_ES\" \/>\n<meta property=\"og:type\" content=\"article\" \/>\n<meta property=\"og:title\" content=\"EL GOBIERNO LE CEDI\u00d3 EL 3\u00b0 PISO DEL EDIFICIO ADMINISTRATIVO AL PODER JUDICIAL - Apuntes de San Luis\" \/>\n<meta property=\"og:description\" content=\"Este lunes 16 se hizo efectivo oficialmente el traspaso, a fin de ser utilizado para...\" \/>\n<meta property=\"og:url\" content=\"https:\/\/apuntesdesanluis.com\/index.php\/2024\/09\/16\/el-gobierno-le-cedio-el-3-piso-del-edificio-administrativo-al-poder-judicial\/\" \/>\n<meta property=\"og:site_name\" content=\"Apuntes de San Luis\" \/>\n<meta property=\"article:published_time\" content=\"2024-09-16T23:02:48+00:00\" \/>\n<meta property=\"og:image\" content=\"https:\/\/apuntesdesanluis.com\/wp-content\/uploads\/2024\/09\/firma-traspaso.png\" \/>\n\t<meta property=\"og:image:width\" content=\"599\" \/>\n\t<meta property=\"og:image:height\" content=\"354\" \/>\n\t<meta property=\"og:image:type\" content=\"image\/png\" \/>\n<meta name=\"author\" content=\"apuntesdesanluis.com\" \/>\n<meta name=\"twitter:card\" content=\"summary_large_image\" \/>\n<meta name=\"twitter:label1\" content=\"Escrito por\" \/>\n\t<meta name=\"twitter:data1\" content=\"apuntesdesanluis.com\" \/>\n\t<meta name=\"twitter:label2\" content=\"Tiempo de lectura\" \/>\n\t<meta name=\"twitter:data2\" content=\"2 minutos\" \/>\n<script type=\"application\/ld+json\" class=\"yoast-schema-graph\">{\"@context\":\"https:\/\/schema.org\",\"@graph\":[{\"@type\":\"Article\",\"@id\":\"https:\/\/apuntesdesanluis.com\/index.php\/2024\/09\/16\/el-gobierno-le-cedio-el-3-piso-del-edificio-administrativo-al-poder-judicial\/#article\",\"isPartOf\":{\"@id\":\"https:\/\/apuntesdesanluis.com\/index.php\/2024\/09\/16\/el-gobierno-le-cedio-el-3-piso-del-edificio-administrativo-al-poder-judicial\/\"},\"author\":{\"name\":\"apuntesdesanluis.com\",\"@id\":\"https:\/\/apuntesdesanluis.com\/#\/schema\/person\/b55151d52296fcce64d1a72538a70b90\"},\"headline\":\"EL GOBIERNO LE CEDI\u00d3 EL 3\u00b0 PISO DEL EDIFICIO ADMINISTRATIVO AL PODER JUDICIAL\",\"datePublished\":\"2024-09-16T23:02:48+00:00\",\"mainEntityOfPage\":{\"@id\":\"https:\/\/apuntesdesanluis.com\/index.php\/2024\/09\/16\/el-gobierno-le-cedio-el-3-piso-del-edificio-administrativo-al-poder-judicial\/\"},\"wordCount\":227,\"publisher\":{\"@id\":\"https:\/\/apuntesdesanluis.com\/#\/schema\/person\/b55151d52296fcce64d1a72538a70b90\"},\"image\":{\"@id\":\"https:\/\/apuntesdesanluis.com\/index.php\/2024\/09\/16\/el-gobierno-le-cedio-el-3-piso-del-edificio-administrativo-al-poder-judicial\/#primaryimage\"},\"thumbnailUrl\":\"https:\/\/apuntesdesanluis.com\/wp-content\/uploads\/2024\/09\/firma-traspaso.png\",\"articleSection\":[\"Ciudad\/Provincia\"],\"inLanguage\":\"es-AR\"},{\"@type\":\"WebPage\",\"@id\":\"https:\/\/apuntesdesanluis.com\/index.php\/2024\/09\/16\/el-gobierno-le-cedio-el-3-piso-del-edificio-administrativo-al-poder-judicial\/\",\"url\":\"https:\/\/apuntesdesanluis.com\/index.php\/2024\/09\/16\/el-gobierno-le-cedio-el-3-piso-del-edificio-administrativo-al-poder-judicial\/\",\"name\":\"EL GOBIERNO LE CEDI\u00d3 EL 3\u00b0 PISO DEL EDIFICIO ADMINISTRATIVO AL PODER JUDICIAL - Apuntes de San Luis\",\"isPartOf\":{\"@id\":\"https:\/\/apuntesdesanluis.com\/#website\"},\"primaryImageOfPage\":{\"@id\":\"https:\/\/apuntesdesanluis.com\/index.php\/2024\/09\/16\/el-gobierno-le-cedio-el-3-piso-del-edificio-administrativo-al-poder-judicial\/#primaryimage\"},\"image\":{\"@id\":\"https:\/\/apuntesdesanluis.com\/index.php\/2024\/09\/16\/el-gobierno-le-cedio-el-3-piso-del-edificio-administrativo-al-poder-judicial\/#primaryimage\"},\"thumbnailUrl\":\"https:\/\/apuntesdesanluis.com\/wp-content\/uploads\/2024\/09\/firma-traspaso.png\",\"datePublished\":\"2024-09-16T23:02:48+00:00\",\"breadcrumb\":{\"@id\":\"https:\/\/apuntesdesanluis.com\/index.php\/2024\/09\/16\/el-gobierno-le-cedio-el-3-piso-del-edificio-administrativo-al-poder-judicial\/#breadcrumb\"},\"inLanguage\":\"es-AR\",\"potentialAction\":[{\"@type\":\"ReadAction\",\"target\":[\"https:\/\/apuntesdesanluis.com\/index.php\/2024\/09\/16\/el-gobierno-le-cedio-el-3-piso-del-edificio-administrativo-al-poder-judicial\/\"]}]},{\"@type\":\"ImageObject\",\"inLanguage\":\"es-AR\",\"@id\":\"https:\/\/apuntesdesanluis.com\/index.php\/2024\/09\/16\/el-gobierno-le-cedio-el-3-piso-del-edificio-administrativo-al-poder-judicial\/#primaryimage\",\"url\":\"https:\/\/apuntesdesanluis.com\/wp-content\/uploads\/2024\/09\/firma-traspaso.png\",\"contentUrl\":\"https:\/\/apuntesdesanluis.com\/wp-content\/uploads\/2024\/09\/firma-traspaso.png\",\"width\":599,\"height\":354},{\"@type\":\"BreadcrumbList\",\"@id\":\"https:\/\/apuntesdesanluis.com\/index.php\/2024\/09\/16\/el-gobierno-le-cedio-el-3-piso-del-edificio-administrativo-al-poder-judicial\/#breadcrumb\",\"itemListElement\":[{\"@type\":\"ListItem\",\"position\":1,\"name\":\"Inicio\",\"item\":\"https:\/\/apuntesdesanluis.com\/\"},{\"@type\":\"ListItem\",\"position\":2,\"name\":\"EL GOBIERNO LE CEDI\u00d3 EL 3\u00b0 PISO DEL EDIFICIO ADMINISTRATIVO AL PODER JUDICIAL\"}]},{\"@type\":\"WebSite\",\"@id\":\"https:\/\/apuntesdesanluis.com\/#website\",\"url\":\"https:\/\/apuntesdesanluis.com\/\",\"name\":\"Apuntes de San Luis\",\"description\":\"\",\"publisher\":{\"@id\":\"https:\/\/apuntesdesanluis.com\/#\/schema\/person\/b55151d52296fcce64d1a72538a70b90\"},\"potentialAction\":[{\"@type\":\"SearchAction\",\"target\":{\"@type\":\"EntryPoint\",\"urlTemplate\":\"https:\/\/apuntesdesanluis.com\/?s={search_term_string}\"},\"query-input\":{\"@type\":\"PropertyValueSpecification\",\"valueRequired\":true,\"valueName\":\"search_term_string\"}}],\"inLanguage\":\"es-AR\"},{\"@type\":[\"Person\",\"Organization\"],\"@id\":\"https:\/\/apuntesdesanluis.com\/#\/schema\/person\/b55151d52296fcce64d1a72538a70b90\",\"name\":\"apuntesdesanluis.com\",\"image\":{\"@type\":\"ImageObject\",\"inLanguage\":\"es-AR\",\"@id\":\"https:\/\/apuntesdesanluis.com\/#\/schema\/person\/image\/\",\"url\":\"https:\/\/apuntesdesanluis.com\/wp-content\/uploads\/2023\/07\/cropped-apuntesdesanluis.png\",\"contentUrl\":\"https:\/\/apuntesdesanluis.com\/wp-content\/uploads\/2023\/07\/cropped-apuntesdesanluis.png\",\"width\":450,\"height\":112,\"caption\":\"apuntesdesanluis.com\"},\"logo\":{\"@id\":\"https:\/\/apuntesdesanluis.com\/#\/schema\/person\/image\/\"},\"sameAs\":[\"https:\/\/apuntesdesanluis.com\"],\"url\":\"https:\/\/apuntesdesanluis.com\/index.php\/author\/apuntesdesanluis-com\/\"}]}<\/script>\n<!-- \/ Yoast SEO plugin. -->","yoast_head_json":{"title":"EL GOBIERNO LE CEDI\u00d3 EL 3\u00b0 PISO DEL EDIFICIO ADMINISTRATIVO AL PODER JUDICIAL - Apuntes de San Luis","robots":{"index":"index","follow":"follow","max-snippet":"max-snippet:-1","max-image-preview":"max-image-preview:large","max-video-preview":"max-video-preview:-1"},"canonical":"https:\/\/apuntesdesanluis.com\/index.php\/2024\/09\/16\/el-gobierno-le-cedio-el-3-piso-del-edificio-administrativo-al-poder-judicial\/","og_locale":"es_ES","og_type":"article","og_title":"EL GOBIERNO LE CEDI\u00d3 EL 3\u00b0 PISO DEL EDIFICIO ADMINISTRATIVO AL PODER JUDICIAL - Apuntes de San Luis","og_description":"Este lunes 16 se hizo efectivo oficialmente el traspaso, a fin de ser utilizado para...","og_url":"https:\/\/apuntesdesanluis.com\/index.php\/2024\/09\/16\/el-gobierno-le-cedio-el-3-piso-del-edificio-administrativo-al-poder-judicial\/","og_site_name":"Apuntes de San Luis","article_published_time":"2024-09-16T23:02:48+00:00","og_image":[{"width":599,"height":354,"url":"https:\/\/apuntesdesanluis.com\/wp-content\/uploads\/2024\/09\/firma-traspaso.png","type":"image\/png"}],"author":"apuntesdesanluis.com","twitter_card":"summary_large_image","twitter_misc":{"Escrito por":"apuntesdesanluis.com","Tiempo de lectura":"2 minutos"},"schema":{"@context":"https:\/\/schema.org","@graph":[{"@type":"Article","@id":"https:\/\/apuntesdesanluis.com\/index.php\/2024\/09\/16\/el-gobierno-le-cedio-el-3-piso-del-edificio-administrativo-al-poder-judicial\/#article","isPartOf":{"@id":"https:\/\/apuntesdesanluis.com\/index.php\/2024\/09\/16\/el-gobierno-le-cedio-el-3-piso-del-edificio-administrativo-al-poder-judicial\/"},"author":{"name":"apuntesdesanluis.com","@id":"https:\/\/apuntesdesanluis.com\/#\/schema\/person\/b55151d52296fcce64d1a72538a70b90"},"headline":"EL GOBIERNO LE CEDI\u00d3 EL 3\u00b0 PISO DEL EDIFICIO ADMINISTRATIVO AL PODER JUDICIAL","datePublished":"2024-09-16T23:02:48+00:00","mainEntityOfPage":{"@id":"https:\/\/apuntesdesanluis.com\/index.php\/2024\/09\/16\/el-gobierno-le-cedio-el-3-piso-del-edificio-administrativo-al-poder-judicial\/"},"wordCount":227,"publisher":{"@id":"https:\/\/apuntesdesanluis.com\/#\/schema\/person\/b55151d52296fcce64d1a72538a70b90"},"image":{"@id":"https:\/\/apuntesdesanluis.com\/index.php\/2024\/09\/16\/el-gobierno-le-cedio-el-3-piso-del-edificio-administrativo-al-poder-judicial\/#primaryimage"},"thumbnailUrl":"https:\/\/apuntesdesanluis.com\/wp-content\/uploads\/2024\/09\/firma-traspaso.png","articleSection":["Ciudad\/Provincia"],"inLanguage":"es-AR"},{"@type":"WebPage","@id":"https:\/\/apuntesdesanluis.com\/index.php\/2024\/09\/16\/el-gobierno-le-cedio-el-3-piso-del-edificio-administrativo-al-poder-judicial\/","url":"https:\/\/apuntesdesanluis.com\/index.php\/2024\/09\/16\/el-gobierno-le-cedio-el-3-piso-del-edificio-administrativo-al-poder-judicial\/","name":"EL GOBIERNO LE CEDI\u00d3 EL 3\u00b0 PISO DEL EDIFICIO ADMINISTRATIVO AL PODER JUDICIAL - Apuntes de San Luis","isPartOf":{"@id":"https:\/\/apuntesdesanluis.com\/#website"},"primaryImageOfPage":{"@id":"https:\/\/apuntesdesanluis.com\/index.php\/2024\/09\/16\/el-gobierno-le-cedio-el-3-piso-del-edificio-administrativo-al-poder-judicial\/#primaryimage"},"image":{"@id":"https:\/\/apuntesdesanluis.com\/index.php\/2024\/09\/16\/el-gobierno-le-cedio-el-3-piso-del-edificio-administrativo-al-poder-judicial\/#primaryimage"},"thumbnailUrl":"https:\/\/apuntesdesanluis.com\/wp-content\/uploads\/2024\/09\/firma-traspaso.png","datePublished":"2024-09-16T23:02:48+00:00","breadcrumb":{"@id":"https:\/\/apuntesdesanluis.com\/index.php\/2024\/09\/16\/el-gobierno-le-cedio-el-3-piso-del-edificio-administrativo-al-poder-judicial\/#breadcrumb"},"inLanguage":"es-AR","potentialAction":[{"@type":"ReadAction","target":["https:\/\/apuntesdesanluis.com\/index.php\/2024\/09\/16\/el-gobierno-le-cedio-el-3-piso-del-edificio-administrativo-al-poder-judicial\/"]}]},{"@type":"ImageObject","inLanguage":"es-AR","@id":"https:\/\/apuntesdesanluis.com\/index.php\/2024\/09\/16\/el-gobierno-le-cedio-el-3-piso-del-edificio-administrativo-al-poder-judicial\/#primaryimage","url":"https:\/\/apuntesdesanluis.com\/wp-content\/uploads\/2024\/09\/firma-traspaso.png","contentUrl":"https:\/\/apuntesdesanluis.com\/wp-content\/uploads\/2024\/09\/firma-traspaso.png","width":599,"height":354},{"@type":"BreadcrumbList","@id":"https:\/\/apuntesdesanluis.com\/index.php\/2024\/09\/16\/el-gobierno-le-cedio-el-3-piso-del-edificio-administrativo-al-poder-judicial\/#breadcrumb","itemListElement":[{"@type":"ListItem","position":1,"name":"Inicio","item":"https:\/\/apuntesdesanluis.com\/"},{"@type":"ListItem","position":2,"name":"EL GOBIERNO LE CEDI\u00d3 EL 3\u00b0 PISO DEL EDIFICIO ADMINISTRATIVO AL PODER JUDICIAL"}]},{"@type":"WebSite","@id":"https:\/\/apuntesdesanluis.com\/#website","url":"https:\/\/apuntesdesanluis.com\/","name":"Apuntes de San Luis","description":"","publisher":{"@id":"https:\/\/apuntesdesanluis.com\/#\/schema\/person\/b55151d52296fcce64d1a72538a70b90"},"potentialAction":[{"@type":"SearchAction","target":{"@type":"EntryPoint","urlTemplate":"https:\/\/apuntesdesanluis.com\/?s={search_term_string}"},"query-input":{"@type":"PropertyValueSpecification","valueRequired":true,"valueName":"search_term_string"}}],"inLanguage":"es-AR"},{"@type":["Person","Organization"],"@id":"https:\/\/apuntesdesanluis.com\/#\/schema\/person\/b55151d52296fcce64d1a72538a70b90","name":"apuntesdesanluis.com","image":{"@type":"ImageObject","inLanguage":"es-AR","@id":"https:\/\/apuntesdesanluis.com\/#\/schema\/person\/image\/","url":"https:\/\/apuntesdesanluis.com\/wp-content\/uploads\/2023\/07\/cropped-apuntesdesanluis.png","contentUrl":"https:\/\/apuntesdesanluis.com\/wp-content\/uploads\/2023\/07\/cropped-apuntesdesanluis.png","width":450,"height":112,"caption":"apuntesdesanluis.com"},"logo":{"@id":"https:\/\/apuntesdesanluis.com\/#\/schema\/person\/image\/"},"sameAs":["https:\/\/apuntesdesanluis.com"],"url":"https:\/\/apuntesdesanluis.com\/index.php\/author\/apuntesdesanluis-com\/"}]}},"featured_image_urls":{"full":["https:\/\/apuntesdesanluis.com\/wp-content\/uploads\/2024\/09\/firma-traspaso.png",599,354,false],"thumbnail":["https:\/\/apuntesdesanluis.com\/wp-content\/uploads\/2024\/09\/firma-traspaso-150x150.png",150,150,true],"medium":["https:\/\/apuntesdesanluis.com\/wp-content\/uploads\/2024\/09\/firma-traspaso-300x177.png",300,177,true],"medium_large":["https:\/\/apuntesdesanluis.com\/wp-content\/uploads\/2024\/09\/firma-traspaso.png",599,354,false],"large":["https:\/\/apuntesdesanluis.com\/wp-content\/uploads\/2024\/09\/firma-traspaso.png",599,354,false],"1536x1536":["https:\/\/apuntesdesanluis.com\/wp-content\/uploads\/2024\/09\/firma-traspaso.png",599,354,false],"2048x2048":["https:\/\/apuntesdesanluis.com\/wp-content\/uploads\/2024\/09\/firma-traspaso.png",599,354,false],"newsever-slider-full":["https:\/\/apuntesdesanluis.com\/wp-content\/uploads\/2024\/09\/firma-traspaso.png",599,354,false],"newsever-featured":["https:\/\/apuntesdesanluis.com\/wp-content\/uploads\/2024\/09\/firma-traspaso.png",599,354,false],"newsever-medium":["https:\/\/apuntesdesanluis.com\/wp-content\/uploads\/2024\/09\/firma-traspaso.png",599,354,false]},"author_info":{"display_name":"apuntesdesanluis.com","author_link":"https:\/\/apuntesdesanluis.com\/index.php\/author\/apuntesdesanluis-com\/"},"category_info":"<a href=\"https:\/\/apuntesdesanluis.com\/index.php\/category\/ciudad-provincia\/\" rel=\"category tag\">Ciudad\/Provincia<\/a>","tag_info":"Ciudad\/Provincia","comment_count":"0","_links":{"self":[{"href":"https:\/\/apuntesdesanluis.com\/index.php\/wp-json\/wp\/v2\/posts\/22289","targetHints":{"allow":["GET"]}}],"collection":[{"href":"https:\/\/apuntesdesanluis.com\/index.php\/wp-json\/wp\/v2\/posts"}],"about":[{"href":"https:\/\/apuntesdesanluis.com\/index.php\/wp-json\/wp\/v2\/types\/post"}],"author":[{"embeddable":true,"href":"https:\/\/apuntesdesanluis.com\/index.php\/wp-json\/wp\/v2\/users\/1"}],"replies":[{"embeddable":true,"href":"https:\/\/apuntesdesanluis.com\/index.php\/wp-json\/wp\/v2\/comments?post=22289"}],"version-history":[{"count":1,"href":"https:\/\/apuntesdesanluis.com\/index.php\/wp-json\/wp\/v2\/posts\/22289\/revisions"}],"predecessor-version":[{"id":22292,"href":"https:\/\/apuntesdesanluis.com\/index.php\/wp-json\/wp\/v2\/posts\/22289\/revisions\/22292"}],"wp:featuredmedia":[{"embeddable":true,"href":"https:\/\/apuntesdesanluis.com\/index.php\/wp-json\/wp\/v2\/media\/22290"}],"wp:attachment":[{"href":"https:\/\/apuntesdesanluis.com\/index.php\/wp-json\/wp\/v2\/media?parent=22289"}],"wp:term":[{"taxonomy":"category","embeddable":true,"href":"https:\/\/apuntesdesanluis.com\/index.php\/wp-json\/wp\/v2\/categories?post=22289"},{"taxonomy":"post_tag","embeddable":true,"href":"https:\/\/apuntesdesanluis.com\/index.php\/wp-json\/wp\/v2\/tags?post=22289"}],"curies":[{"name":"wp","href":"https:\/\/api.w.org\/{rel}","templated":true}]}}