{"id":22293,"date":"2024-09-16T20:21:43","date_gmt":"2024-09-16T23:21:43","guid":{"rendered":"https:\/\/apuntesdesanluis.com\/?p=22293"},"modified":"2024-09-16T20:21:43","modified_gmt":"2024-09-16T23:21:43","slug":"este-martes-se-reanuda-el-debate-oral-por-el-homicidio-de-mafalda-sanchez","status":"publish","type":"post","link":"https:\/\/apuntesdesanluis.com\/index.php\/2024\/09\/16\/este-martes-se-reanuda-el-debate-oral-por-el-homicidio-de-mafalda-sanchez\/","title":{"rendered":"ESTE MARTES SE REANUDA EL DEBATE ORAL POR EL HOMICIDIO DE MAFALDA S\u00c1NCHEZ"},"content":{"rendered":"<h3>A partir de las 9:30 hs en la Sala de de Juicios Orales N\u00ba 1 del edificio judicial mercedino, continuar\u00e1 la etapa probatoria, aunque tambi\u00e9n podr\u00edan desarrollarse los alegatos de clausura.<\/h3>\n<h3>Este martes 17 se reanudar\u00e1 el debate oral por la muerte de <strong>Mafalda S\u00e1nchez<\/strong>, ocurrida en el B\u00ba La Rioja de Villa Mercedes en septiembre de 2023. Al \u00fanico imputado en la causa se lo juzga por el delito de homicidio en ocasi\u00f3n de robo.<\/h3>\n<p><img fetchpriority=\"high\" decoding=\"async\" class=\"wp-image-21461 aligncenter\" src=\"https:\/\/apuntesdesanluis.com\/wp-content\/uploads\/2024\/08\/JUICIO-MAFALDA-SANCHEZ-2-300x186.png\" alt=\"\" width=\"676\" height=\"419\" srcset=\"https:\/\/apuntesdesanluis.com\/wp-content\/uploads\/2024\/08\/JUICIO-MAFALDA-SANCHEZ-2-300x186.png 300w, https:\/\/apuntesdesanluis.com\/wp-content\/uploads\/2024\/08\/JUICIO-MAFALDA-SANCHEZ-2.png 700w\" sizes=\"(max-width: 676px) 100vw, 676px\" \/><\/p>\n<h3>El debate oral continuar\u00e1 a partir de las 9.30 hs con la etapa probatoria, aunque tambi\u00e9n podr\u00edan desarrollarse los alegatos de clausura.<\/h3>\n<h3>Cabe se\u00f1alar\u00a0 que las etapas de alegatos y veredicto ser\u00e1n transmitidas en vivo a trav\u00e9s de You Tube. Oportunamente, se informar\u00e1 el correspondiente enlace.<\/h3>\n<h3>Las audiencias se desarrollan en la Sala de Juicios Orales N\u00ba 1 del edificio judicial mercedino.<\/h3>\n<h3>El tribunal est\u00e1 integrado por el Dr.\u00a0 Mauro D\u00b4Agata Henr\u00edquez \u2013 Presidente \u2013 y por las\u00a0 Dras. Daniela Estrada y Virna Eguinoa \u2013 Vocales \u2013. Como Fiscal de Juicio interviene el Dr. N\u00e9stor Lucero,\u00a0 y en la Defensa del acusado, la\u00a0 Dra. Silvana Alejandra Zunini\u00a0 y el procurador\u00a0 Adolfo Cafieri. Por la querella act\u00faa el Dr. Emiliano Daniel Vera. En la coordinaci\u00f3n del proceso interviene la Dra. Karina Cabral, Directora de la Oficina Judicial del Colegio de Jueces en lo Penal, de la Segunda Circunscripci\u00f3n Judicial.<\/h3>\n<h3>\u00a0 Para obtener m\u00e1s informaci\u00f3n sobre esta causa ingrese al siguiente enlace:<\/h3>\n<h3><span style=\"color: #3366ff;\"><a style=\"color: #3366ff;\" href=\"https:\/\/www.periodicojudicial.gov.ar\/caso-mafalda-sanchez-comenzo-el-juicio-oral\/\">https:\/\/www.periodicojudicial.gov.ar\/caso-mafalda-sanchez-comenzo-el-juicio-oral\/<\/a><\/span><\/h3>\n<p>&nbsp;<\/p>\n<p>&nbsp;<\/p>\n<p>&nbsp;<\/p>\n","protected":false},"excerpt":{"rendered":"<p>A partir de las 9:30 hs en la Sala de de Juicios Orales N\u00ba 1&#8230;<\/p>\n","protected":false},"author":1,"featured_media":2709,"comment_status":"closed","ping_status":"closed","sticky":false,"template":"","format":"standard","meta":{"footnotes":""},"categories":[6],"tags":[],"class_list":["post-22293","post","type-post","status-publish","format-standard","has-post-thumbnail","hentry","category-ciudad-provincia"],"yoast_head":"<!-- This site is optimized with the Yoast SEO plugin v26.1.1 - https:\/\/yoast.com\/wordpress\/plugins\/seo\/ -->\n<title>ESTE MARTES SE REANUDA EL DEBATE ORAL POR EL HOMICIDIO DE MAFALDA S\u00c1NCHEZ - Apuntes de San Luis<\/title>\n<meta name=\"robots\" content=\"index, follow, max-snippet:-1, max-image-preview:large, max-video-preview:-1\" \/>\n<link rel=\"canonical\" href=\"https:\/\/apuntesdesanluis.com\/index.php\/2024\/09\/16\/este-martes-se-reanuda-el-debate-oral-por-el-homicidio-de-mafalda-sanchez\/\" \/>\n<meta property=\"og:locale\" content=\"es_ES\" \/>\n<meta property=\"og:type\" content=\"article\" \/>\n<meta property=\"og:title\" content=\"ESTE MARTES SE REANUDA EL DEBATE ORAL POR EL HOMICIDIO DE MAFALDA S\u00c1NCHEZ - Apuntes de San Luis\" \/>\n<meta property=\"og:description\" content=\"A partir de las 9:30 hs en la Sala de de Juicios Orales N\u00ba 1...\" \/>\n<meta property=\"og:url\" content=\"https:\/\/apuntesdesanluis.com\/index.php\/2024\/09\/16\/este-martes-se-reanuda-el-debate-oral-por-el-homicidio-de-mafalda-sanchez\/\" \/>\n<meta property=\"og:site_name\" content=\"Apuntes de San Luis\" \/>\n<meta property=\"article:published_time\" content=\"2024-09-16T23:21:43+00:00\" \/>\n<meta property=\"og:image\" content=\"https:\/\/apuntesdesanluis.com\/wp-content\/uploads\/2023\/09\/mafalda-sanchez.png\" \/>\n\t<meta property=\"og:image:width\" content=\"441\" \/>\n\t<meta property=\"og:image:height\" content=\"275\" \/>\n\t<meta property=\"og:image:type\" content=\"image\/png\" \/>\n<meta name=\"author\" content=\"apuntesdesanluis.com\" \/>\n<meta name=\"twitter:card\" content=\"summary_large_image\" \/>\n<meta name=\"twitter:label1\" content=\"Escrito por\" \/>\n\t<meta name=\"twitter:data1\" content=\"apuntesdesanluis.com\" \/>\n\t<meta name=\"twitter:label2\" content=\"Tiempo de lectura\" \/>\n\t<meta name=\"twitter:data2\" content=\"2 minutos\" \/>\n<script type=\"application\/ld+json\" class=\"yoast-schema-graph\">{\"@context\":\"https:\/\/schema.org\",\"@graph\":[{\"@type\":\"Article\",\"@id\":\"https:\/\/apuntesdesanluis.com\/index.php\/2024\/09\/16\/este-martes-se-reanuda-el-debate-oral-por-el-homicidio-de-mafalda-sanchez\/#article\",\"isPartOf\":{\"@id\":\"https:\/\/apuntesdesanluis.com\/index.php\/2024\/09\/16\/este-martes-se-reanuda-el-debate-oral-por-el-homicidio-de-mafalda-sanchez\/\"},\"author\":{\"name\":\"apuntesdesanluis.com\",\"@id\":\"https:\/\/apuntesdesanluis.com\/#\/schema\/person\/b55151d52296fcce64d1a72538a70b90\"},\"headline\":\"ESTE MARTES SE REANUDA EL DEBATE ORAL POR EL HOMICIDIO DE MAFALDA S\u00c1NCHEZ\",\"datePublished\":\"2024-09-16T23:21:43+00:00\",\"mainEntityOfPage\":{\"@id\":\"https:\/\/apuntesdesanluis.com\/index.php\/2024\/09\/16\/este-martes-se-reanuda-el-debate-oral-por-el-homicidio-de-mafalda-sanchez\/\"},\"wordCount\":265,\"publisher\":{\"@id\":\"https:\/\/apuntesdesanluis.com\/#\/schema\/person\/b55151d52296fcce64d1a72538a70b90\"},\"image\":{\"@id\":\"https:\/\/apuntesdesanluis.com\/index.php\/2024\/09\/16\/este-martes-se-reanuda-el-debate-oral-por-el-homicidio-de-mafalda-sanchez\/#primaryimage\"},\"thumbnailUrl\":\"https:\/\/apuntesdesanluis.com\/wp-content\/uploads\/2023\/09\/mafalda-sanchez.png\",\"articleSection\":[\"Ciudad\/Provincia\"],\"inLanguage\":\"es-AR\"},{\"@type\":\"WebPage\",\"@id\":\"https:\/\/apuntesdesanluis.com\/index.php\/2024\/09\/16\/este-martes-se-reanuda-el-debate-oral-por-el-homicidio-de-mafalda-sanchez\/\",\"url\":\"https:\/\/apuntesdesanluis.com\/index.php\/2024\/09\/16\/este-martes-se-reanuda-el-debate-oral-por-el-homicidio-de-mafalda-sanchez\/\",\"name\":\"ESTE MARTES SE REANUDA EL DEBATE ORAL POR EL HOMICIDIO DE MAFALDA S\u00c1NCHEZ - Apuntes de San Luis\",\"isPartOf\":{\"@id\":\"https:\/\/apuntesdesanluis.com\/#website\"},\"primaryImageOfPage\":{\"@id\":\"https:\/\/apuntesdesanluis.com\/index.php\/2024\/09\/16\/este-martes-se-reanuda-el-debate-oral-por-el-homicidio-de-mafalda-sanchez\/#primaryimage\"},\"image\":{\"@id\":\"https:\/\/apuntesdesanluis.com\/index.php\/2024\/09\/16\/este-martes-se-reanuda-el-debate-oral-por-el-homicidio-de-mafalda-sanchez\/#primaryimage\"},\"thumbnailUrl\":\"https:\/\/apuntesdesanluis.com\/wp-content\/uploads\/2023\/09\/mafalda-sanchez.png\",\"datePublished\":\"2024-09-16T23:21:43+00:00\",\"breadcrumb\":{\"@id\":\"https:\/\/apuntesdesanluis.com\/index.php\/2024\/09\/16\/este-martes-se-reanuda-el-debate-oral-por-el-homicidio-de-mafalda-sanchez\/#breadcrumb\"},\"inLanguage\":\"es-AR\",\"potentialAction\":[{\"@type\":\"ReadAction\",\"target\":[\"https:\/\/apuntesdesanluis.com\/index.php\/2024\/09\/16\/este-martes-se-reanuda-el-debate-oral-por-el-homicidio-de-mafalda-sanchez\/\"]}]},{\"@type\":\"ImageObject\",\"inLanguage\":\"es-AR\",\"@id\":\"https:\/\/apuntesdesanluis.com\/index.php\/2024\/09\/16\/este-martes-se-reanuda-el-debate-oral-por-el-homicidio-de-mafalda-sanchez\/#primaryimage\",\"url\":\"https:\/\/apuntesdesanluis.com\/wp-content\/uploads\/2023\/09\/mafalda-sanchez.png\",\"contentUrl\":\"https:\/\/apuntesdesanluis.com\/wp-content\/uploads\/2023\/09\/mafalda-sanchez.png\",\"width\":441,\"height\":275},{\"@type\":\"BreadcrumbList\",\"@id\":\"https:\/\/apuntesdesanluis.com\/index.php\/2024\/09\/16\/este-martes-se-reanuda-el-debate-oral-por-el-homicidio-de-mafalda-sanchez\/#breadcrumb\",\"itemListElement\":[{\"@type\":\"ListItem\",\"position\":1,\"name\":\"Inicio\",\"item\":\"https:\/\/apuntesdesanluis.com\/\"},{\"@type\":\"ListItem\",\"position\":2,\"name\":\"ESTE MARTES SE REANUDA EL DEBATE ORAL POR EL HOMICIDIO DE MAFALDA S\u00c1NCHEZ\"}]},{\"@type\":\"WebSite\",\"@id\":\"https:\/\/apuntesdesanluis.com\/#website\",\"url\":\"https:\/\/apuntesdesanluis.com\/\",\"name\":\"Apuntes de San Luis\",\"description\":\"\",\"publisher\":{\"@id\":\"https:\/\/apuntesdesanluis.com\/#\/schema\/person\/b55151d52296fcce64d1a72538a70b90\"},\"potentialAction\":[{\"@type\":\"SearchAction\",\"target\":{\"@type\":\"EntryPoint\",\"urlTemplate\":\"https:\/\/apuntesdesanluis.com\/?s={search_term_string}\"},\"query-input\":{\"@type\":\"PropertyValueSpecification\",\"valueRequired\":true,\"valueName\":\"search_term_string\"}}],\"inLanguage\":\"es-AR\"},{\"@type\":[\"Person\",\"Organization\"],\"@id\":\"https:\/\/apuntesdesanluis.com\/#\/schema\/person\/b55151d52296fcce64d1a72538a70b90\",\"name\":\"apuntesdesanluis.com\",\"image\":{\"@type\":\"ImageObject\",\"inLanguage\":\"es-AR\",\"@id\":\"https:\/\/apuntesdesanluis.com\/#\/schema\/person\/image\/\",\"url\":\"https:\/\/apuntesdesanluis.com\/wp-content\/uploads\/2023\/07\/cropped-apuntesdesanluis.png\",\"contentUrl\":\"https:\/\/apuntesdesanluis.com\/wp-content\/uploads\/2023\/07\/cropped-apuntesdesanluis.png\",\"width\":450,\"height\":112,\"caption\":\"apuntesdesanluis.com\"},\"logo\":{\"@id\":\"https:\/\/apuntesdesanluis.com\/#\/schema\/person\/image\/\"},\"sameAs\":[\"https:\/\/apuntesdesanluis.com\"],\"url\":\"https:\/\/apuntesdesanluis.com\/index.php\/author\/apuntesdesanluis-com\/\"}]}<\/script>\n<!-- \/ Yoast SEO plugin. -->","yoast_head_json":{"title":"ESTE MARTES SE REANUDA EL DEBATE ORAL POR EL HOMICIDIO DE MAFALDA S\u00c1NCHEZ - Apuntes de San Luis","robots":{"index":"index","follow":"follow","max-snippet":"max-snippet:-1","max-image-preview":"max-image-preview:large","max-video-preview":"max-video-preview:-1"},"canonical":"https:\/\/apuntesdesanluis.com\/index.php\/2024\/09\/16\/este-martes-se-reanuda-el-debate-oral-por-el-homicidio-de-mafalda-sanchez\/","og_locale":"es_ES","og_type":"article","og_title":"ESTE MARTES SE REANUDA EL DEBATE ORAL POR EL HOMICIDIO DE MAFALDA S\u00c1NCHEZ - Apuntes de San Luis","og_description":"A partir de las 9:30 hs en la Sala de de Juicios Orales N\u00ba 1...","og_url":"https:\/\/apuntesdesanluis.com\/index.php\/2024\/09\/16\/este-martes-se-reanuda-el-debate-oral-por-el-homicidio-de-mafalda-sanchez\/","og_site_name":"Apuntes de San Luis","article_published_time":"2024-09-16T23:21:43+00:00","og_image":[{"width":441,"height":275,"url":"https:\/\/apuntesdesanluis.com\/wp-content\/uploads\/2023\/09\/mafalda-sanchez.png","type":"image\/png"}],"author":"apuntesdesanluis.com","twitter_card":"summary_large_image","twitter_misc":{"Escrito por":"apuntesdesanluis.com","Tiempo de lectura":"2 minutos"},"schema":{"@context":"https:\/\/schema.org","@graph":[{"@type":"Article","@id":"https:\/\/apuntesdesanluis.com\/index.php\/2024\/09\/16\/este-martes-se-reanuda-el-debate-oral-por-el-homicidio-de-mafalda-sanchez\/#article","isPartOf":{"@id":"https:\/\/apuntesdesanluis.com\/index.php\/2024\/09\/16\/este-martes-se-reanuda-el-debate-oral-por-el-homicidio-de-mafalda-sanchez\/"},"author":{"name":"apuntesdesanluis.com","@id":"https:\/\/apuntesdesanluis.com\/#\/schema\/person\/b55151d52296fcce64d1a72538a70b90"},"headline":"ESTE MARTES SE REANUDA EL DEBATE ORAL POR EL HOMICIDIO DE MAFALDA S\u00c1NCHEZ","datePublished":"2024-09-16T23:21:43+00:00","mainEntityOfPage":{"@id":"https:\/\/apuntesdesanluis.com\/index.php\/2024\/09\/16\/este-martes-se-reanuda-el-debate-oral-por-el-homicidio-de-mafalda-sanchez\/"},"wordCount":265,"publisher":{"@id":"https:\/\/apuntesdesanluis.com\/#\/schema\/person\/b55151d52296fcce64d1a72538a70b90"},"image":{"@id":"https:\/\/apuntesdesanluis.com\/index.php\/2024\/09\/16\/este-martes-se-reanuda-el-debate-oral-por-el-homicidio-de-mafalda-sanchez\/#primaryimage"},"thumbnailUrl":"https:\/\/apuntesdesanluis.com\/wp-content\/uploads\/2023\/09\/mafalda-sanchez.png","articleSection":["Ciudad\/Provincia"],"inLanguage":"es-AR"},{"@type":"WebPage","@id":"https:\/\/apuntesdesanluis.com\/index.php\/2024\/09\/16\/este-martes-se-reanuda-el-debate-oral-por-el-homicidio-de-mafalda-sanchez\/","url":"https:\/\/apuntesdesanluis.com\/index.php\/2024\/09\/16\/este-martes-se-reanuda-el-debate-oral-por-el-homicidio-de-mafalda-sanchez\/","name":"ESTE MARTES SE REANUDA EL DEBATE ORAL POR EL HOMICIDIO DE MAFALDA S\u00c1NCHEZ - Apuntes de San Luis","isPartOf":{"@id":"https:\/\/apuntesdesanluis.com\/#website"},"primaryImageOfPage":{"@id":"https:\/\/apuntesdesanluis.com\/index.php\/2024\/09\/16\/este-martes-se-reanuda-el-debate-oral-por-el-homicidio-de-mafalda-sanchez\/#primaryimage"},"image":{"@id":"https:\/\/apuntesdesanluis.com\/index.php\/2024\/09\/16\/este-martes-se-reanuda-el-debate-oral-por-el-homicidio-de-mafalda-sanchez\/#primaryimage"},"thumbnailUrl":"https:\/\/apuntesdesanluis.com\/wp-content\/uploads\/2023\/09\/mafalda-sanchez.png","datePublished":"2024-09-16T23:21:43+00:00","breadcrumb":{"@id":"https:\/\/apuntesdesanluis.com\/index.php\/2024\/09\/16\/este-martes-se-reanuda-el-debate-oral-por-el-homicidio-de-mafalda-sanchez\/#breadcrumb"},"inLanguage":"es-AR","potentialAction":[{"@type":"ReadAction","target":["https:\/\/apuntesdesanluis.com\/index.php\/2024\/09\/16\/este-martes-se-reanuda-el-debate-oral-por-el-homicidio-de-mafalda-sanchez\/"]}]},{"@type":"ImageObject","inLanguage":"es-AR","@id":"https:\/\/apuntesdesanluis.com\/index.php\/2024\/09\/16\/este-martes-se-reanuda-el-debate-oral-por-el-homicidio-de-mafalda-sanchez\/#primaryimage","url":"https:\/\/apuntesdesanluis.com\/wp-content\/uploads\/2023\/09\/mafalda-sanchez.png","contentUrl":"https:\/\/apuntesdesanluis.com\/wp-content\/uploads\/2023\/09\/mafalda-sanchez.png","width":441,"height":275},{"@type":"BreadcrumbList","@id":"https:\/\/apuntesdesanluis.com\/index.php\/2024\/09\/16\/este-martes-se-reanuda-el-debate-oral-por-el-homicidio-de-mafalda-sanchez\/#breadcrumb","itemListElement":[{"@type":"ListItem","position":1,"name":"Inicio","item":"https:\/\/apuntesdesanluis.com\/"},{"@type":"ListItem","position":2,"name":"ESTE MARTES SE REANUDA EL DEBATE ORAL POR EL HOMICIDIO DE MAFALDA S\u00c1NCHEZ"}]},{"@type":"WebSite","@id":"https:\/\/apuntesdesanluis.com\/#website","url":"https:\/\/apuntesdesanluis.com\/","name":"Apuntes de San Luis","description":"","publisher":{"@id":"https:\/\/apuntesdesanluis.com\/#\/schema\/person\/b55151d52296fcce64d1a72538a70b90"},"potentialAction":[{"@type":"SearchAction","target":{"@type":"EntryPoint","urlTemplate":"https:\/\/apuntesdesanluis.com\/?s={search_term_string}"},"query-input":{"@type":"PropertyValueSpecification","valueRequired":true,"valueName":"search_term_string"}}],"inLanguage":"es-AR"},{"@type":["Person","Organization"],"@id":"https:\/\/apuntesdesanluis.com\/#\/schema\/person\/b55151d52296fcce64d1a72538a70b90","name":"apuntesdesanluis.com","image":{"@type":"ImageObject","inLanguage":"es-AR","@id":"https:\/\/apuntesdesanluis.com\/#\/schema\/person\/image\/","url":"https:\/\/apuntesdesanluis.com\/wp-content\/uploads\/2023\/07\/cropped-apuntesdesanluis.png","contentUrl":"https:\/\/apuntesdesanluis.com\/wp-content\/uploads\/2023\/07\/cropped-apuntesdesanluis.png","width":450,"height":112,"caption":"apuntesdesanluis.com"},"logo":{"@id":"https:\/\/apuntesdesanluis.com\/#\/schema\/person\/image\/"},"sameAs":["https:\/\/apuntesdesanluis.com"],"url":"https:\/\/apuntesdesanluis.com\/index.php\/author\/apuntesdesanluis-com\/"}]}},"featured_image_urls":{"full":["https:\/\/apuntesdesanluis.com\/wp-content\/uploads\/2023\/09\/mafalda-sanchez.png",441,275,false],"thumbnail":["https:\/\/apuntesdesanluis.com\/wp-content\/uploads\/2023\/09\/mafalda-sanchez-150x150.png",150,150,true],"medium":["https:\/\/apuntesdesanluis.com\/wp-content\/uploads\/2023\/09\/mafalda-sanchez-300x187.png",300,187,true],"medium_large":["https:\/\/apuntesdesanluis.com\/wp-content\/uploads\/2023\/09\/mafalda-sanchez.png",441,275,false],"large":["https:\/\/apuntesdesanluis.com\/wp-content\/uploads\/2023\/09\/mafalda-sanchez.png",441,275,false],"1536x1536":["https:\/\/apuntesdesanluis.com\/wp-content\/uploads\/2023\/09\/mafalda-sanchez.png",441,275,false],"2048x2048":["https:\/\/apuntesdesanluis.com\/wp-content\/uploads\/2023\/09\/mafalda-sanchez.png",441,275,false],"newsever-slider-full":["https:\/\/apuntesdesanluis.com\/wp-content\/uploads\/2023\/09\/mafalda-sanchez.png",441,275,false],"newsever-featured":["https:\/\/apuntesdesanluis.com\/wp-content\/uploads\/2023\/09\/mafalda-sanchez.png",441,275,false],"newsever-medium":["https:\/\/apuntesdesanluis.com\/wp-content\/uploads\/2023\/09\/mafalda-sanchez.png",441,275,false]},"author_info":{"display_name":"apuntesdesanluis.com","author_link":"https:\/\/apuntesdesanluis.com\/index.php\/author\/apuntesdesanluis-com\/"},"category_info":"<a href=\"https:\/\/apuntesdesanluis.com\/index.php\/category\/ciudad-provincia\/\" rel=\"category tag\">Ciudad\/Provincia<\/a>","tag_info":"Ciudad\/Provincia","comment_count":"0","_links":{"self":[{"href":"https:\/\/apuntesdesanluis.com\/index.php\/wp-json\/wp\/v2\/posts\/22293","targetHints":{"allow":["GET"]}}],"collection":[{"href":"https:\/\/apuntesdesanluis.com\/index.php\/wp-json\/wp\/v2\/posts"}],"about":[{"href":"https:\/\/apuntesdesanluis.com\/index.php\/wp-json\/wp\/v2\/types\/post"}],"author":[{"embeddable":true,"href":"https:\/\/apuntesdesanluis.com\/index.php\/wp-json\/wp\/v2\/users\/1"}],"replies":[{"embeddable":true,"href":"https:\/\/apuntesdesanluis.com\/index.php\/wp-json\/wp\/v2\/comments?post=22293"}],"version-history":[{"count":1,"href":"https:\/\/apuntesdesanluis.com\/index.php\/wp-json\/wp\/v2\/posts\/22293\/revisions"}],"predecessor-version":[{"id":22294,"href":"https:\/\/apuntesdesanluis.com\/index.php\/wp-json\/wp\/v2\/posts\/22293\/revisions\/22294"}],"wp:featuredmedia":[{"embeddable":true,"href":"https:\/\/apuntesdesanluis.com\/index.php\/wp-json\/wp\/v2\/media\/2709"}],"wp:attachment":[{"href":"https:\/\/apuntesdesanluis.com\/index.php\/wp-json\/wp\/v2\/media?parent=22293"}],"wp:term":[{"taxonomy":"category","embeddable":true,"href":"https:\/\/apuntesdesanluis.com\/index.php\/wp-json\/wp\/v2\/categories?post=22293"},{"taxonomy":"post_tag","embeddable":true,"href":"https:\/\/apuntesdesanluis.com\/index.php\/wp-json\/wp\/v2\/tags?post=22293"}],"curies":[{"name":"wp","href":"https:\/\/api.w.org\/{rel}","templated":true}]}}