{"id":22295,"date":"2024-09-16T20:24:08","date_gmt":"2024-09-16T23:24:08","guid":{"rendered":"https:\/\/apuntesdesanluis.com\/?p=22295"},"modified":"2024-09-16T20:31:26","modified_gmt":"2024-09-16T23:31:26","slug":"el-superior-tribunal-de-justicia-lloro-sus-penas-ante-los-diputados","status":"publish","type":"post","link":"https:\/\/apuntesdesanluis.com\/index.php\/2024\/09\/16\/el-superior-tribunal-de-justicia-lloro-sus-penas-ante-los-diputados\/","title":{"rendered":"EL SUPERIOR TRIBUNAL DE JUSTICIA &#8220;LLOR\u00d3 SUS PENAS&#8221; ANTE LOS DIPUTADOS"},"content":{"rendered":"<h3>Este lunes por la ma\u00f1ana el <strong>Superior Tribunal de Justicia<\/strong> mantuvo una reuni\u00f3n con la Comisi\u00f3n de Finanzas, Obras P\u00fablicas y Econom\u00eda de la C\u00e1mara de Diputados de la provincia, a los fines de dialogar sobre la proyecci\u00f3n presupuestaria prevista para la justicia en el a\u00f1o 2025.<\/h3>\n<h3>En una audiencia que fuera solicitada oportunamente por el Alto Cuerpo Judicial, los Ministros Dra. Carolina Monte Riso -Presidente Subrogante-, Dr. Jorge Levingston, y Dr. Jos\u00e9 Guillermo L\u2019Huillier, fueron recibidos por la presidente de la referida Comisi\u00f3n, diputada <strong>Mar\u00eda Eugenia Gallardo<\/strong>, y dem\u00e1s legisladores miembros, en las instalaciones del edificio legislativo.<\/h3>\n<h3><img fetchpriority=\"high\" decoding=\"async\" class=\"wp-image-22296 aligncenter\" src=\"https:\/\/apuntesdesanluis.com\/wp-content\/uploads\/2024\/09\/gallardo-300x211.png\" alt=\"\" width=\"682\" height=\"480\" srcset=\"https:\/\/apuntesdesanluis.com\/wp-content\/uploads\/2024\/09\/gallardo-300x211.png 300w, https:\/\/apuntesdesanluis.com\/wp-content\/uploads\/2024\/09\/gallardo.png 524w\" sizes=\"(max-width: 682px) 100vw, 682px\" \/><\/h3>\n<h4 style=\"text-align: center;\"><em>La cara de la diputada Gallardo dice m\u00e1s que mil palabras\u2026<\/em><\/h4>\n<h3>En este encuentro, las autoridades judiciales manifestaron las necesidades financieras del Poder Judicial para el ejercicio 2025, las que no se ven reflejadas en el proyecto de ley de Presupuesto General de Gastos y C\u00e1lculo de Recursos de la Administraci\u00f3n Provincial presentado por el Poder Ejecutivo provincial.<\/h3>\n<h3><img decoding=\"async\" class=\"wp-image-22297 aligncenter\" src=\"https:\/\/apuntesdesanluis.com\/wp-content\/uploads\/2024\/09\/h\u00b4uillier-300x199.png\" alt=\"\" width=\"680\" height=\"451\" srcset=\"https:\/\/apuntesdesanluis.com\/wp-content\/uploads\/2024\/09\/h\u00b4uillier-300x199.png 300w, https:\/\/apuntesdesanluis.com\/wp-content\/uploads\/2024\/09\/h\u00b4uillier.png 538w\" sizes=\"(max-width: 680px) 100vw, 680px\" \/><\/h3>\n<h4 style=\"text-align: center;\">\u2026 la cara del ministro L\u2019Huillier tambi\u00e9n.<\/h4>\n<h3>&#8220;Ante esta manifestaci\u00f3n, los legisladores escucharon atentamente los planteos formulados, sobre el cual asumieron el compromiso de revisar el proyecto para analizar los requerimientos presupuestarios del sector judicial&#8221;, asever\u00f3 la informaci\u00f3n difundida por el sitio oficial del Poder Judicial.<\/h3>\n<h3>Sin embargo, en la fanpage de la C\u00e1mara de Diputados no se public\u00f3 una sola l\u00ednea del importante encuentro, s\u00edntoma revelador del destino que le espera al planteo formulado por los ministros de justicia.<\/h3>\n<h3>&#8220;Vinieron a pasar la gorra, pero ellos saben que nosotros no decidimos nada, la decisi\u00f3n de c\u00f3mo se distribuye el presupuesto la toma el gobierno&#8221;, reconoci\u00f3 ante <span style=\"color: #3366ff;\"><strong>Apuntes de San Luis<\/strong><\/span> un diputado del oficialismo, bajo expresa reserva de fuente. &#8220;Supongo que es una forma de seguir presionando, igual que hicieron en el Senado, cuando presentaron su propio proyecto&#8221;, interpret\u00f3.<\/h3>\n<p>&nbsp;<\/p>\n<p>&nbsp;<\/p>\n<p>&nbsp;<\/p>\n<p>&nbsp;<\/p>\n<p>&nbsp;<\/p>\n<p>&nbsp;<\/p>\n<p>&nbsp;<\/p>\n","protected":false},"excerpt":{"rendered":"<p>Este lunes por la ma\u00f1ana el Superior Tribunal de Justicia mantuvo una reuni\u00f3n con la&#8230;<\/p>\n","protected":false},"author":1,"featured_media":22299,"comment_status":"closed","ping_status":"closed","sticky":false,"template":"","format":"standard","meta":{"footnotes":""},"categories":[6],"tags":[],"class_list":["post-22295","post","type-post","status-publish","format-standard","has-post-thumbnail","hentry","category-ciudad-provincia"],"yoast_head":"<!-- This site is optimized with the Yoast SEO plugin v26.1.1 - https:\/\/yoast.com\/wordpress\/plugins\/seo\/ -->\n<title>EL SUPERIOR TRIBUNAL DE JUSTICIA &quot;LLOR\u00d3 SUS PENAS&quot; ANTE LOS DIPUTADOS - Apuntes de San Luis<\/title>\n<meta name=\"robots\" content=\"index, follow, max-snippet:-1, max-image-preview:large, max-video-preview:-1\" \/>\n<link rel=\"canonical\" href=\"https:\/\/apuntesdesanluis.com\/index.php\/2024\/09\/16\/el-superior-tribunal-de-justicia-lloro-sus-penas-ante-los-diputados\/\" \/>\n<meta property=\"og:locale\" content=\"es_ES\" \/>\n<meta property=\"og:type\" content=\"article\" \/>\n<meta property=\"og:title\" content=\"EL SUPERIOR TRIBUNAL DE JUSTICIA &quot;LLOR\u00d3 SUS PENAS&quot; ANTE LOS DIPUTADOS - Apuntes de San Luis\" \/>\n<meta property=\"og:description\" content=\"Este lunes por la ma\u00f1ana el Superior Tribunal de Justicia mantuvo una reuni\u00f3n con la...\" \/>\n<meta property=\"og:url\" content=\"https:\/\/apuntesdesanluis.com\/index.php\/2024\/09\/16\/el-superior-tribunal-de-justicia-lloro-sus-penas-ante-los-diputados\/\" \/>\n<meta property=\"og:site_name\" content=\"Apuntes de San Luis\" \/>\n<meta property=\"article:published_time\" content=\"2024-09-16T23:24:08+00:00\" \/>\n<meta property=\"article:modified_time\" content=\"2024-09-16T23:31:26+00:00\" \/>\n<meta property=\"og:image\" content=\"https:\/\/apuntesdesanluis.com\/wp-content\/uploads\/2024\/09\/reunion-comision-de-finanzas.png\" \/>\n\t<meta property=\"og:image:width\" content=\"700\" \/>\n\t<meta property=\"og:image:height\" content=\"402\" \/>\n\t<meta property=\"og:image:type\" content=\"image\/png\" \/>\n<meta name=\"author\" content=\"apuntesdesanluis.com\" \/>\n<meta name=\"twitter:card\" content=\"summary_large_image\" \/>\n<meta name=\"twitter:label1\" content=\"Escrito por\" \/>\n\t<meta name=\"twitter:data1\" content=\"apuntesdesanluis.com\" \/>\n\t<meta name=\"twitter:label2\" content=\"Tiempo de lectura\" \/>\n\t<meta name=\"twitter:data2\" content=\"2 minutos\" \/>\n<script type=\"application\/ld+json\" class=\"yoast-schema-graph\">{\"@context\":\"https:\/\/schema.org\",\"@graph\":[{\"@type\":\"Article\",\"@id\":\"https:\/\/apuntesdesanluis.com\/index.php\/2024\/09\/16\/el-superior-tribunal-de-justicia-lloro-sus-penas-ante-los-diputados\/#article\",\"isPartOf\":{\"@id\":\"https:\/\/apuntesdesanluis.com\/index.php\/2024\/09\/16\/el-superior-tribunal-de-justicia-lloro-sus-penas-ante-los-diputados\/\"},\"author\":{\"name\":\"apuntesdesanluis.com\",\"@id\":\"https:\/\/apuntesdesanluis.com\/#\/schema\/person\/b55151d52296fcce64d1a72538a70b90\"},\"headline\":\"EL SUPERIOR TRIBUNAL DE JUSTICIA &#8220;LLOR\u00d3 SUS PENAS&#8221; ANTE LOS DIPUTADOS\",\"datePublished\":\"2024-09-16T23:24:08+00:00\",\"dateModified\":\"2024-09-16T23:31:26+00:00\",\"mainEntityOfPage\":{\"@id\":\"https:\/\/apuntesdesanluis.com\/index.php\/2024\/09\/16\/el-superior-tribunal-de-justicia-lloro-sus-penas-ante-los-diputados\/\"},\"wordCount\":335,\"publisher\":{\"@id\":\"https:\/\/apuntesdesanluis.com\/#\/schema\/person\/b55151d52296fcce64d1a72538a70b90\"},\"image\":{\"@id\":\"https:\/\/apuntesdesanluis.com\/index.php\/2024\/09\/16\/el-superior-tribunal-de-justicia-lloro-sus-penas-ante-los-diputados\/#primaryimage\"},\"thumbnailUrl\":\"https:\/\/apuntesdesanluis.com\/wp-content\/uploads\/2024\/09\/reunion-comision-de-finanzas.png\",\"articleSection\":[\"Ciudad\/Provincia\"],\"inLanguage\":\"es-AR\"},{\"@type\":\"WebPage\",\"@id\":\"https:\/\/apuntesdesanluis.com\/index.php\/2024\/09\/16\/el-superior-tribunal-de-justicia-lloro-sus-penas-ante-los-diputados\/\",\"url\":\"https:\/\/apuntesdesanluis.com\/index.php\/2024\/09\/16\/el-superior-tribunal-de-justicia-lloro-sus-penas-ante-los-diputados\/\",\"name\":\"EL SUPERIOR TRIBUNAL DE JUSTICIA \\\"LLOR\u00d3 SUS PENAS\\\" ANTE LOS DIPUTADOS - Apuntes de San Luis\",\"isPartOf\":{\"@id\":\"https:\/\/apuntesdesanluis.com\/#website\"},\"primaryImageOfPage\":{\"@id\":\"https:\/\/apuntesdesanluis.com\/index.php\/2024\/09\/16\/el-superior-tribunal-de-justicia-lloro-sus-penas-ante-los-diputados\/#primaryimage\"},\"image\":{\"@id\":\"https:\/\/apuntesdesanluis.com\/index.php\/2024\/09\/16\/el-superior-tribunal-de-justicia-lloro-sus-penas-ante-los-diputados\/#primaryimage\"},\"thumbnailUrl\":\"https:\/\/apuntesdesanluis.com\/wp-content\/uploads\/2024\/09\/reunion-comision-de-finanzas.png\",\"datePublished\":\"2024-09-16T23:24:08+00:00\",\"dateModified\":\"2024-09-16T23:31:26+00:00\",\"breadcrumb\":{\"@id\":\"https:\/\/apuntesdesanluis.com\/index.php\/2024\/09\/16\/el-superior-tribunal-de-justicia-lloro-sus-penas-ante-los-diputados\/#breadcrumb\"},\"inLanguage\":\"es-AR\",\"potentialAction\":[{\"@type\":\"ReadAction\",\"target\":[\"https:\/\/apuntesdesanluis.com\/index.php\/2024\/09\/16\/el-superior-tribunal-de-justicia-lloro-sus-penas-ante-los-diputados\/\"]}]},{\"@type\":\"ImageObject\",\"inLanguage\":\"es-AR\",\"@id\":\"https:\/\/apuntesdesanluis.com\/index.php\/2024\/09\/16\/el-superior-tribunal-de-justicia-lloro-sus-penas-ante-los-diputados\/#primaryimage\",\"url\":\"https:\/\/apuntesdesanluis.com\/wp-content\/uploads\/2024\/09\/reunion-comision-de-finanzas.png\",\"contentUrl\":\"https:\/\/apuntesdesanluis.com\/wp-content\/uploads\/2024\/09\/reunion-comision-de-finanzas.png\",\"width\":700,\"height\":402},{\"@type\":\"BreadcrumbList\",\"@id\":\"https:\/\/apuntesdesanluis.com\/index.php\/2024\/09\/16\/el-superior-tribunal-de-justicia-lloro-sus-penas-ante-los-diputados\/#breadcrumb\",\"itemListElement\":[{\"@type\":\"ListItem\",\"position\":1,\"name\":\"Inicio\",\"item\":\"https:\/\/apuntesdesanluis.com\/\"},{\"@type\":\"ListItem\",\"position\":2,\"name\":\"EL SUPERIOR TRIBUNAL DE JUSTICIA &#8220;LLOR\u00d3 SUS PENAS&#8221; ANTE LOS DIPUTADOS\"}]},{\"@type\":\"WebSite\",\"@id\":\"https:\/\/apuntesdesanluis.com\/#website\",\"url\":\"https:\/\/apuntesdesanluis.com\/\",\"name\":\"Apuntes de San Luis\",\"description\":\"\",\"publisher\":{\"@id\":\"https:\/\/apuntesdesanluis.com\/#\/schema\/person\/b55151d52296fcce64d1a72538a70b90\"},\"potentialAction\":[{\"@type\":\"SearchAction\",\"target\":{\"@type\":\"EntryPoint\",\"urlTemplate\":\"https:\/\/apuntesdesanluis.com\/?s={search_term_string}\"},\"query-input\":{\"@type\":\"PropertyValueSpecification\",\"valueRequired\":true,\"valueName\":\"search_term_string\"}}],\"inLanguage\":\"es-AR\"},{\"@type\":[\"Person\",\"Organization\"],\"@id\":\"https:\/\/apuntesdesanluis.com\/#\/schema\/person\/b55151d52296fcce64d1a72538a70b90\",\"name\":\"apuntesdesanluis.com\",\"image\":{\"@type\":\"ImageObject\",\"inLanguage\":\"es-AR\",\"@id\":\"https:\/\/apuntesdesanluis.com\/#\/schema\/person\/image\/\",\"url\":\"https:\/\/apuntesdesanluis.com\/wp-content\/uploads\/2023\/07\/cropped-apuntesdesanluis.png\",\"contentUrl\":\"https:\/\/apuntesdesanluis.com\/wp-content\/uploads\/2023\/07\/cropped-apuntesdesanluis.png\",\"width\":450,\"height\":112,\"caption\":\"apuntesdesanluis.com\"},\"logo\":{\"@id\":\"https:\/\/apuntesdesanluis.com\/#\/schema\/person\/image\/\"},\"sameAs\":[\"https:\/\/apuntesdesanluis.com\"],\"url\":\"https:\/\/apuntesdesanluis.com\/index.php\/author\/apuntesdesanluis-com\/\"}]}<\/script>\n<!-- \/ Yoast SEO plugin. -->","yoast_head_json":{"title":"EL SUPERIOR TRIBUNAL DE JUSTICIA \"LLOR\u00d3 SUS PENAS\" ANTE LOS DIPUTADOS - Apuntes de San Luis","robots":{"index":"index","follow":"follow","max-snippet":"max-snippet:-1","max-image-preview":"max-image-preview:large","max-video-preview":"max-video-preview:-1"},"canonical":"https:\/\/apuntesdesanluis.com\/index.php\/2024\/09\/16\/el-superior-tribunal-de-justicia-lloro-sus-penas-ante-los-diputados\/","og_locale":"es_ES","og_type":"article","og_title":"EL SUPERIOR TRIBUNAL DE JUSTICIA \"LLOR\u00d3 SUS PENAS\" ANTE LOS DIPUTADOS - Apuntes de San Luis","og_description":"Este lunes por la ma\u00f1ana el Superior Tribunal de Justicia mantuvo una reuni\u00f3n con la...","og_url":"https:\/\/apuntesdesanluis.com\/index.php\/2024\/09\/16\/el-superior-tribunal-de-justicia-lloro-sus-penas-ante-los-diputados\/","og_site_name":"Apuntes de San Luis","article_published_time":"2024-09-16T23:24:08+00:00","article_modified_time":"2024-09-16T23:31:26+00:00","og_image":[{"width":700,"height":402,"url":"https:\/\/apuntesdesanluis.com\/wp-content\/uploads\/2024\/09\/reunion-comision-de-finanzas.png","type":"image\/png"}],"author":"apuntesdesanluis.com","twitter_card":"summary_large_image","twitter_misc":{"Escrito por":"apuntesdesanluis.com","Tiempo de lectura":"2 minutos"},"schema":{"@context":"https:\/\/schema.org","@graph":[{"@type":"Article","@id":"https:\/\/apuntesdesanluis.com\/index.php\/2024\/09\/16\/el-superior-tribunal-de-justicia-lloro-sus-penas-ante-los-diputados\/#article","isPartOf":{"@id":"https:\/\/apuntesdesanluis.com\/index.php\/2024\/09\/16\/el-superior-tribunal-de-justicia-lloro-sus-penas-ante-los-diputados\/"},"author":{"name":"apuntesdesanluis.com","@id":"https:\/\/apuntesdesanluis.com\/#\/schema\/person\/b55151d52296fcce64d1a72538a70b90"},"headline":"EL SUPERIOR TRIBUNAL DE JUSTICIA &#8220;LLOR\u00d3 SUS PENAS&#8221; ANTE LOS DIPUTADOS","datePublished":"2024-09-16T23:24:08+00:00","dateModified":"2024-09-16T23:31:26+00:00","mainEntityOfPage":{"@id":"https:\/\/apuntesdesanluis.com\/index.php\/2024\/09\/16\/el-superior-tribunal-de-justicia-lloro-sus-penas-ante-los-diputados\/"},"wordCount":335,"publisher":{"@id":"https:\/\/apuntesdesanluis.com\/#\/schema\/person\/b55151d52296fcce64d1a72538a70b90"},"image":{"@id":"https:\/\/apuntesdesanluis.com\/index.php\/2024\/09\/16\/el-superior-tribunal-de-justicia-lloro-sus-penas-ante-los-diputados\/#primaryimage"},"thumbnailUrl":"https:\/\/apuntesdesanluis.com\/wp-content\/uploads\/2024\/09\/reunion-comision-de-finanzas.png","articleSection":["Ciudad\/Provincia"],"inLanguage":"es-AR"},{"@type":"WebPage","@id":"https:\/\/apuntesdesanluis.com\/index.php\/2024\/09\/16\/el-superior-tribunal-de-justicia-lloro-sus-penas-ante-los-diputados\/","url":"https:\/\/apuntesdesanluis.com\/index.php\/2024\/09\/16\/el-superior-tribunal-de-justicia-lloro-sus-penas-ante-los-diputados\/","name":"EL SUPERIOR TRIBUNAL DE JUSTICIA \"LLOR\u00d3 SUS PENAS\" ANTE LOS DIPUTADOS - Apuntes de San Luis","isPartOf":{"@id":"https:\/\/apuntesdesanluis.com\/#website"},"primaryImageOfPage":{"@id":"https:\/\/apuntesdesanluis.com\/index.php\/2024\/09\/16\/el-superior-tribunal-de-justicia-lloro-sus-penas-ante-los-diputados\/#primaryimage"},"image":{"@id":"https:\/\/apuntesdesanluis.com\/index.php\/2024\/09\/16\/el-superior-tribunal-de-justicia-lloro-sus-penas-ante-los-diputados\/#primaryimage"},"thumbnailUrl":"https:\/\/apuntesdesanluis.com\/wp-content\/uploads\/2024\/09\/reunion-comision-de-finanzas.png","datePublished":"2024-09-16T23:24:08+00:00","dateModified":"2024-09-16T23:31:26+00:00","breadcrumb":{"@id":"https:\/\/apuntesdesanluis.com\/index.php\/2024\/09\/16\/el-superior-tribunal-de-justicia-lloro-sus-penas-ante-los-diputados\/#breadcrumb"},"inLanguage":"es-AR","potentialAction":[{"@type":"ReadAction","target":["https:\/\/apuntesdesanluis.com\/index.php\/2024\/09\/16\/el-superior-tribunal-de-justicia-lloro-sus-penas-ante-los-diputados\/"]}]},{"@type":"ImageObject","inLanguage":"es-AR","@id":"https:\/\/apuntesdesanluis.com\/index.php\/2024\/09\/16\/el-superior-tribunal-de-justicia-lloro-sus-penas-ante-los-diputados\/#primaryimage","url":"https:\/\/apuntesdesanluis.com\/wp-content\/uploads\/2024\/09\/reunion-comision-de-finanzas.png","contentUrl":"https:\/\/apuntesdesanluis.com\/wp-content\/uploads\/2024\/09\/reunion-comision-de-finanzas.png","width":700,"height":402},{"@type":"BreadcrumbList","@id":"https:\/\/apuntesdesanluis.com\/index.php\/2024\/09\/16\/el-superior-tribunal-de-justicia-lloro-sus-penas-ante-los-diputados\/#breadcrumb","itemListElement":[{"@type":"ListItem","position":1,"name":"Inicio","item":"https:\/\/apuntesdesanluis.com\/"},{"@type":"ListItem","position":2,"name":"EL SUPERIOR TRIBUNAL DE JUSTICIA &#8220;LLOR\u00d3 SUS PENAS&#8221; ANTE LOS DIPUTADOS"}]},{"@type":"WebSite","@id":"https:\/\/apuntesdesanluis.com\/#website","url":"https:\/\/apuntesdesanluis.com\/","name":"Apuntes de San Luis","description":"","publisher":{"@id":"https:\/\/apuntesdesanluis.com\/#\/schema\/person\/b55151d52296fcce64d1a72538a70b90"},"potentialAction":[{"@type":"SearchAction","target":{"@type":"EntryPoint","urlTemplate":"https:\/\/apuntesdesanluis.com\/?s={search_term_string}"},"query-input":{"@type":"PropertyValueSpecification","valueRequired":true,"valueName":"search_term_string"}}],"inLanguage":"es-AR"},{"@type":["Person","Organization"],"@id":"https:\/\/apuntesdesanluis.com\/#\/schema\/person\/b55151d52296fcce64d1a72538a70b90","name":"apuntesdesanluis.com","image":{"@type":"ImageObject","inLanguage":"es-AR","@id":"https:\/\/apuntesdesanluis.com\/#\/schema\/person\/image\/","url":"https:\/\/apuntesdesanluis.com\/wp-content\/uploads\/2023\/07\/cropped-apuntesdesanluis.png","contentUrl":"https:\/\/apuntesdesanluis.com\/wp-content\/uploads\/2023\/07\/cropped-apuntesdesanluis.png","width":450,"height":112,"caption":"apuntesdesanluis.com"},"logo":{"@id":"https:\/\/apuntesdesanluis.com\/#\/schema\/person\/image\/"},"sameAs":["https:\/\/apuntesdesanluis.com"],"url":"https:\/\/apuntesdesanluis.com\/index.php\/author\/apuntesdesanluis-com\/"}]}},"featured_image_urls":{"full":["https:\/\/apuntesdesanluis.com\/wp-content\/uploads\/2024\/09\/reunion-comision-de-finanzas.png",700,402,false],"thumbnail":["https:\/\/apuntesdesanluis.com\/wp-content\/uploads\/2024\/09\/reunion-comision-de-finanzas-150x150.png",150,150,true],"medium":["https:\/\/apuntesdesanluis.com\/wp-content\/uploads\/2024\/09\/reunion-comision-de-finanzas-300x172.png",300,172,true],"medium_large":["https:\/\/apuntesdesanluis.com\/wp-content\/uploads\/2024\/09\/reunion-comision-de-finanzas.png",640,368,false],"large":["https:\/\/apuntesdesanluis.com\/wp-content\/uploads\/2024\/09\/reunion-comision-de-finanzas.png",640,368,false],"1536x1536":["https:\/\/apuntesdesanluis.com\/wp-content\/uploads\/2024\/09\/reunion-comision-de-finanzas.png",700,402,false],"2048x2048":["https:\/\/apuntesdesanluis.com\/wp-content\/uploads\/2024\/09\/reunion-comision-de-finanzas.png",700,402,false],"newsever-slider-full":["https:\/\/apuntesdesanluis.com\/wp-content\/uploads\/2024\/09\/reunion-comision-de-finanzas.png",700,402,false],"newsever-featured":["https:\/\/apuntesdesanluis.com\/wp-content\/uploads\/2024\/09\/reunion-comision-de-finanzas.png",700,402,false],"newsever-medium":["https:\/\/apuntesdesanluis.com\/wp-content\/uploads\/2024\/09\/reunion-comision-de-finanzas.png",700,402,false]},"author_info":{"display_name":"apuntesdesanluis.com","author_link":"https:\/\/apuntesdesanluis.com\/index.php\/author\/apuntesdesanluis-com\/"},"category_info":"<a href=\"https:\/\/apuntesdesanluis.com\/index.php\/category\/ciudad-provincia\/\" rel=\"category tag\">Ciudad\/Provincia<\/a>","tag_info":"Ciudad\/Provincia","comment_count":"0","_links":{"self":[{"href":"https:\/\/apuntesdesanluis.com\/index.php\/wp-json\/wp\/v2\/posts\/22295","targetHints":{"allow":["GET"]}}],"collection":[{"href":"https:\/\/apuntesdesanluis.com\/index.php\/wp-json\/wp\/v2\/posts"}],"about":[{"href":"https:\/\/apuntesdesanluis.com\/index.php\/wp-json\/wp\/v2\/types\/post"}],"author":[{"embeddable":true,"href":"https:\/\/apuntesdesanluis.com\/index.php\/wp-json\/wp\/v2\/users\/1"}],"replies":[{"embeddable":true,"href":"https:\/\/apuntesdesanluis.com\/index.php\/wp-json\/wp\/v2\/comments?post=22295"}],"version-history":[{"count":4,"href":"https:\/\/apuntesdesanluis.com\/index.php\/wp-json\/wp\/v2\/posts\/22295\/revisions"}],"predecessor-version":[{"id":22302,"href":"https:\/\/apuntesdesanluis.com\/index.php\/wp-json\/wp\/v2\/posts\/22295\/revisions\/22302"}],"wp:featuredmedia":[{"embeddable":true,"href":"https:\/\/apuntesdesanluis.com\/index.php\/wp-json\/wp\/v2\/media\/22299"}],"wp:attachment":[{"href":"https:\/\/apuntesdesanluis.com\/index.php\/wp-json\/wp\/v2\/media?parent=22295"}],"wp:term":[{"taxonomy":"category","embeddable":true,"href":"https:\/\/apuntesdesanluis.com\/index.php\/wp-json\/wp\/v2\/categories?post=22295"},{"taxonomy":"post_tag","embeddable":true,"href":"https:\/\/apuntesdesanluis.com\/index.php\/wp-json\/wp\/v2\/tags?post=22295"}],"curies":[{"name":"wp","href":"https:\/\/api.w.org\/{rel}","templated":true}]}}