{"id":22311,"date":"2024-09-16T21:15:15","date_gmt":"2024-09-17T00:15:15","guid":{"rendered":"https:\/\/apuntesdesanluis.com\/?p=22311"},"modified":"2024-09-16T21:15:15","modified_gmt":"2024-09-17T00:15:15","slug":"una-de-las-hermanas-de-fabiola-afirmo-que-vio-como-alberto-fernandez-agarro-del-brazo-fuerte-a-la-ex-primera-dama","status":"publish","type":"post","link":"https:\/\/apuntesdesanluis.com\/index.php\/2024\/09\/16\/una-de-las-hermanas-de-fabiola-afirmo-que-vio-como-alberto-fernandez-agarro-del-brazo-fuerte-a-la-ex-primera-dama\/","title":{"rendered":"UNA DE LAS HERMANAS DE FABIOLA AFIRM\u00d3 QUE VIO C\u00d3MO ALBERTO FERN\u00c1NDEZ \u201cAGARR\u00d3 DEL BRAZO FUERTE\u201d A LA EX PRIMERA DAMA"},"content":{"rendered":"<h3><strong>Tamara Ya\u00f1ez<\/strong> declar\u00f3 durante cuatro horas. Dijo que ese episodio ocurri\u00f3 en el chalet residencial de Olivos y que la violencia verbal y el maltrato eran permanentes. Tambi\u00e9n cont\u00f3 que en Misiones vio el ojo derecho morado de la ex primera dama y que entendi\u00f3 que fue un golpe producto de las infidelidades del entonces presidente.<\/h3>\n<h3>Tamara Ya\u00f1ez, una de las dos hermanas de la ex primera dama <strong>Fabiola Ya\u00f1ez<\/strong>, declar\u00f3 hoy como testigo en la causa penal por violencia de g\u00e9nero contra el ex presidente de la Naci\u00f3n <strong>Alberto Fern\u00e1ndez<\/strong> y fue la primera que narr\u00f3 haber visto violencia f\u00edsica del ex jefe de Estado.<\/h3>\n<h3>Ya\u00f1ez, quien lleg\u00f3 a los tribunales de Comodoro Py a las 9:20 de la ma\u00f1ana y se fue poco antes de las 14 horas, declar\u00f3 ante el fiscal federal Ramiro Gonz\u00e1lez que vio como Fern\u00e1ndez \u201cagarr\u00f3 del brazo fuerte\u201d despu\u00e9s de que haya entrado a los gritos a la habitaci\u00f3n. Dijo que el hecho ocurri\u00f3 en la quinta de Olivos en 2021, en una fecha que no pudo precisar.<\/h3>\n<h3>\u201cYo estaba con mi hija de 7 u 8 a\u00f1os. Nosotras ya est\u00e1bamos en la habitaci\u00f3n que despu\u00e9s fue de Francisco. Yo ten\u00eda la puerta de la habitaci\u00f3n cerraday empec\u00e9 a escuchar gritos de Alberto, subo el volumen de la televisi\u00f3n porque estaba mi hija y no estaba dormida; me puso nerviosa la situaci\u00f3n que no paraba, me fui al ba\u00f1o y empec\u00e9 a cepillarme los dientes con la puerta abierta del ba\u00f1o y mi hermana abre la puerta de ingreso a la habitaci\u00f3n, yo la miro y \u00e9l viene, la agarra del brazo y se la lleva a su habitaci\u00f3n. La agarr\u00f3 del brazo fuerte y le dijo ven\u00ed\u201d, declar\u00f3 Tamara Ya\u00f1ez.<\/h3>\n<h3>La hermana relat\u00f3 que la violencia verbal era permanente. \u201cVerbales siempre, era comunes y pod\u00eda haber terceros. La hac\u00eda callar en la mesa, en una cena. Eso siempre. Eso pasada siempre, de callarla, de dejarla atras en una caminata o cuando llegaban a un lugar\u201d, cont\u00f3 y record\u00f3 una sesi\u00f3n de fotos en la residencia de Chapadmalal en la que le grit\u00f3.<\/h3>\n<p><img fetchpriority=\"high\" decoding=\"async\" class=\"wp-image-20596 aligncenter\" src=\"https:\/\/apuntesdesanluis.com\/wp-content\/uploads\/2024\/08\/fabiola-golpeada-300x156.png\" alt=\"\" width=\"660\" height=\"343\" srcset=\"https:\/\/apuntesdesanluis.com\/wp-content\/uploads\/2024\/08\/fabiola-golpeada-300x156.png 300w, https:\/\/apuntesdesanluis.com\/wp-content\/uploads\/2024\/08\/fabiola-golpeada.png 700w\" sizes=\"(max-width: 660px) 100vw, 660px\" \/><\/p>\n<h3>De la declaraci\u00f3n tambi\u00e9n participaron las abogadas Mariana Gallego, querellante de Ya\u00f1ez, y Silvina Carreira, defensora de Fern\u00f3ndez. A la hermana de la ex primera dama le preguntaron si durante el embarazo de Ya\u00f1ez, del que naci\u00f3 Francisco, hubo violencia. \u201cSi, violencia emociobnal siempre, el hostigamtiendo, el destrato, no importaba si hab\u00eda un embarazo de por medio. Con respecto a la violencia f\u00edsica yo sacar\u00eda cuentas de fechas, porque todo el embarazo de ella estuvo mi mam\u00e1 acompa\u00f1\u00e1ndola, entonces f\u00edsica real durante el embazado no se porque tendr\u00eda que ver las fechas, si yo saco cuentas hubo zamarreos cuando ella estaba embarazada, de un mes o semanas\u201d, contest\u00f3.<\/h3>\n<h3>La mujer tambi\u00e9n cont\u00f3 que vio el moret\u00f3n en el ojo derecho de Fabiola Ya\u00f1ez. Fue en el viaje oficial que en junio de 2021 la entonces primera dama hizo a Misiones, donde Tamara cont\u00f3 que vive desde 2017 y provincia de la que son oriundas. Tamara relat\u00f3 que una ma\u00f1ana le llev\u00f3 el desayuno a su hermana y que le vio el ojo rojo y que le pregunt\u00f3 qu\u00e9 le hab\u00eda pasado<\/h3>\n<h3>\u201cMe dice que hab\u00eda discutido con Alberto, era de noche y estaban en la cama y que Alberto le peg\u00f3 un manotazo. Yo le pregunt\u00e9 por qu\u00e9 estaban discutiendo, y me dice que por lo mismo de siempre, yo deduje en ese momento que ten\u00eda que ver con otra mujer. Yo sab\u00eda que las discusiones entre ellos eran por infidelidades de parte de Alberto con otras mujeres. Esa charla qued\u00f3 ah\u00ed. Ella se empez\u00f3 a maquillar para salir de la habitaci\u00f3n y sali\u00f3 sin que se le not\u00e9 el ojo morado. Es m\u00e1s, cuando lleg\u00f3 la noche anterior no se le notaba el ojo morado\u201d, record\u00f3.<\/h3>\n<h3>El ojo morado fue central en varias declaraciones de otros testigos que dijeron que lo vieron y que Ya\u00f1ez respond\u00eda que hab\u00eda sido un golpe accidental de Fern\u00e1ndez. \u201cB\u00e1sicamente les ment\u00eda, es lo que ten\u00eda que hacer siempre, siempre trataba de cuidarlo y si eso significaba que ten\u00eda que esconder algo, lo hac\u00eda\u201d, contest\u00f3.<\/h3>\n<p><img decoding=\"async\" class=\"wp-image-21039 aligncenter\" src=\"https:\/\/apuntesdesanluis.com\/wp-content\/uploads\/2024\/08\/alberto-fernandez-1-300x197.png\" alt=\"\" width=\"728\" height=\"478\" srcset=\"https:\/\/apuntesdesanluis.com\/wp-content\/uploads\/2024\/08\/alberto-fernandez-1-300x197.png 300w, https:\/\/apuntesdesanluis.com\/wp-content\/uploads\/2024\/08\/alberto-fernandez-1.png 769w\" sizes=\"(max-width: 728px) 100vw, 728px\" \/><\/p>\n<h3>La hermana tambi\u00e9n cont\u00f3 que Fabiola quer\u00eda irse de la quinta de Olivos porque \u201cla situaci\u00f3n era insostenible\u201d pero que no pod\u00eda \u201cporque no la dejaban\u201d y que por eso opt\u00f3 en dejar el chalet presidencial e irse a la casa de hu\u00e9spedes. \u201c\u00c9l siempre se jact\u00f3 que \u00e9l era el presidente y no le pod\u00edamos decir nada\u201d, dijo en otro tramo. Tamara tambi\u00e9n dije que una sola vez habl\u00f3 con Fern\u00e1ndez, previo a que sea presidente, y que le recrimin\u00f3 por la relaci\u00f3n con su hermana. \u201cVos sos un pendeja impertinente, con vos no hablo\u201d, record\u00f3 que le dijo Fern\u00e1ndez.<\/h3>\n<h3>Tamara Ya\u00f1ez tambi\u00e9n sostuvo que el entonces presidente culp\u00f3 a su hermana de la filtraci\u00f3n de la foto de la fiesta en Olivos en plena pandemia -el festejo de cumplea\u00f1os de Fabiola Ya\u00f1ez en plenas restricciones de la pandemia del coronavirus- y de la derrota de las elecciones legislativas del 2021. \u201cA ella la ten\u00edan encerrada, le cortaron actividades por todo esto y es ah\u00ed cuando empeora su situaci\u00f3n personal porque se la pasaba encerrada\u201d, record\u00f3 sobre ese momento.<\/h3>\n<h3>Mauricio D\u2019Alessandro, integrante tambi\u00e9n de la querella, particip\u00f3 de la primera parte de la declaraci\u00f3n y asegur\u00f3 que Tamara Ya\u00f1ez declar\u00f3 que el ex presidente Fern\u00e1ndez hab\u00eda instado a su ex esposa a realizar un aborto en el 2016.<\/h3>\n<h3>\u201cTamara cont\u00f3 adem\u00e1s que una vez producida la interrupci\u00f3n del embarazo se fue a su casa, habl\u00f3 de un lugar que no era Misiones, dijo que viv\u00eda en Rosario, en San Lorenzo\u201d, explic\u00f3 el letrado.<\/h3>\n<h3>En la presentaci\u00f3n que hab\u00eda realizado Fabiola Ya\u00f1ez, hab\u00eda acusado al ex presidente Alberto Fern\u00e1ndez a inducirla a practicarse un aborto en el 2016.<\/h3>\n<p>&nbsp;<\/p>\n<p>&nbsp;<\/p>\n<p>&nbsp;<\/p>\n<p>&nbsp;<\/p>\n<p>&nbsp;<\/p>\n<p>&nbsp;<\/p>\n","protected":false},"excerpt":{"rendered":"<p>Tamara Ya\u00f1ez declar\u00f3 durante cuatro horas. Dijo que ese episodio ocurri\u00f3 en el chalet residencial&#8230;<\/p>\n","protected":false},"author":1,"featured_media":22312,"comment_status":"closed","ping_status":"closed","sticky":false,"template":"","format":"standard","meta":{"footnotes":""},"categories":[5],"tags":[],"class_list":["post-22311","post","type-post","status-publish","format-standard","has-post-thumbnail","hentry","category-nacionales-internacionales"],"yoast_head":"<!-- This site is optimized with the Yoast SEO plugin v26.1.1 - https:\/\/yoast.com\/wordpress\/plugins\/seo\/ -->\n<title>UNA DE LAS HERMANAS DE FABIOLA AFIRM\u00d3 QUE VIO C\u00d3MO ALBERTO FERN\u00c1NDEZ \u201cAGARR\u00d3 DEL BRAZO FUERTE\u201d A LA EX PRIMERA DAMA - Apuntes de San Luis<\/title>\n<meta name=\"robots\" content=\"index, follow, max-snippet:-1, max-image-preview:large, max-video-preview:-1\" \/>\n<link rel=\"canonical\" href=\"https:\/\/apuntesdesanluis.com\/index.php\/2024\/09\/16\/una-de-las-hermanas-de-fabiola-afirmo-que-vio-como-alberto-fernandez-agarro-del-brazo-fuerte-a-la-ex-primera-dama\/\" \/>\n<meta property=\"og:locale\" content=\"es_ES\" \/>\n<meta property=\"og:type\" content=\"article\" \/>\n<meta property=\"og:title\" content=\"UNA DE LAS HERMANAS DE FABIOLA AFIRM\u00d3 QUE VIO C\u00d3MO ALBERTO FERN\u00c1NDEZ \u201cAGARR\u00d3 DEL BRAZO FUERTE\u201d A LA EX PRIMERA DAMA - Apuntes de San Luis\" \/>\n<meta property=\"og:description\" content=\"Tamara Ya\u00f1ez declar\u00f3 durante cuatro horas. Dijo que ese episodio ocurri\u00f3 en el chalet residencial...\" \/>\n<meta property=\"og:url\" content=\"https:\/\/apuntesdesanluis.com\/index.php\/2024\/09\/16\/una-de-las-hermanas-de-fabiola-afirmo-que-vio-como-alberto-fernandez-agarro-del-brazo-fuerte-a-la-ex-primera-dama\/\" \/>\n<meta property=\"og:site_name\" content=\"Apuntes de San Luis\" \/>\n<meta property=\"article:published_time\" content=\"2024-09-17T00:15:15+00:00\" \/>\n<meta property=\"og:image\" content=\"https:\/\/apuntesdesanluis.com\/wp-content\/uploads\/2024\/09\/taMARA-YANEZ.png\" \/>\n\t<meta property=\"og:image:width\" content=\"716\" \/>\n\t<meta property=\"og:image:height\" content=\"487\" \/>\n\t<meta property=\"og:image:type\" content=\"image\/png\" \/>\n<meta name=\"author\" content=\"apuntesdesanluis.com\" \/>\n<meta name=\"twitter:card\" content=\"summary_large_image\" \/>\n<meta name=\"twitter:label1\" content=\"Escrito por\" \/>\n\t<meta name=\"twitter:data1\" content=\"apuntesdesanluis.com\" \/>\n\t<meta name=\"twitter:label2\" content=\"Tiempo de lectura\" \/>\n\t<meta name=\"twitter:data2\" content=\"6 minutos\" \/>\n<script type=\"application\/ld+json\" class=\"yoast-schema-graph\">{\"@context\":\"https:\/\/schema.org\",\"@graph\":[{\"@type\":\"Article\",\"@id\":\"https:\/\/apuntesdesanluis.com\/index.php\/2024\/09\/16\/una-de-las-hermanas-de-fabiola-afirmo-que-vio-como-alberto-fernandez-agarro-del-brazo-fuerte-a-la-ex-primera-dama\/#article\",\"isPartOf\":{\"@id\":\"https:\/\/apuntesdesanluis.com\/index.php\/2024\/09\/16\/una-de-las-hermanas-de-fabiola-afirmo-que-vio-como-alberto-fernandez-agarro-del-brazo-fuerte-a-la-ex-primera-dama\/\"},\"author\":{\"name\":\"apuntesdesanluis.com\",\"@id\":\"https:\/\/apuntesdesanluis.com\/#\/schema\/person\/b55151d52296fcce64d1a72538a70b90\"},\"headline\":\"UNA DE LAS HERMANAS DE FABIOLA AFIRM\u00d3 QUE VIO C\u00d3MO ALBERTO FERN\u00c1NDEZ \u201cAGARR\u00d3 DEL BRAZO FUERTE\u201d A LA EX PRIMERA DAMA\",\"datePublished\":\"2024-09-17T00:15:15+00:00\",\"mainEntityOfPage\":{\"@id\":\"https:\/\/apuntesdesanluis.com\/index.php\/2024\/09\/16\/una-de-las-hermanas-de-fabiola-afirmo-que-vio-como-alberto-fernandez-agarro-del-brazo-fuerte-a-la-ex-primera-dama\/\"},\"wordCount\":1079,\"publisher\":{\"@id\":\"https:\/\/apuntesdesanluis.com\/#\/schema\/person\/b55151d52296fcce64d1a72538a70b90\"},\"image\":{\"@id\":\"https:\/\/apuntesdesanluis.com\/index.php\/2024\/09\/16\/una-de-las-hermanas-de-fabiola-afirmo-que-vio-como-alberto-fernandez-agarro-del-brazo-fuerte-a-la-ex-primera-dama\/#primaryimage\"},\"thumbnailUrl\":\"https:\/\/apuntesdesanluis.com\/wp-content\/uploads\/2024\/09\/taMARA-YANEZ.png\",\"articleSection\":[\"Nacionales\/Internacionales\"],\"inLanguage\":\"es-AR\"},{\"@type\":\"WebPage\",\"@id\":\"https:\/\/apuntesdesanluis.com\/index.php\/2024\/09\/16\/una-de-las-hermanas-de-fabiola-afirmo-que-vio-como-alberto-fernandez-agarro-del-brazo-fuerte-a-la-ex-primera-dama\/\",\"url\":\"https:\/\/apuntesdesanluis.com\/index.php\/2024\/09\/16\/una-de-las-hermanas-de-fabiola-afirmo-que-vio-como-alberto-fernandez-agarro-del-brazo-fuerte-a-la-ex-primera-dama\/\",\"name\":\"UNA DE LAS HERMANAS DE FABIOLA AFIRM\u00d3 QUE VIO C\u00d3MO ALBERTO FERN\u00c1NDEZ \u201cAGARR\u00d3 DEL BRAZO FUERTE\u201d A LA EX PRIMERA DAMA - Apuntes de San Luis\",\"isPartOf\":{\"@id\":\"https:\/\/apuntesdesanluis.com\/#website\"},\"primaryImageOfPage\":{\"@id\":\"https:\/\/apuntesdesanluis.com\/index.php\/2024\/09\/16\/una-de-las-hermanas-de-fabiola-afirmo-que-vio-como-alberto-fernandez-agarro-del-brazo-fuerte-a-la-ex-primera-dama\/#primaryimage\"},\"image\":{\"@id\":\"https:\/\/apuntesdesanluis.com\/index.php\/2024\/09\/16\/una-de-las-hermanas-de-fabiola-afirmo-que-vio-como-alberto-fernandez-agarro-del-brazo-fuerte-a-la-ex-primera-dama\/#primaryimage\"},\"thumbnailUrl\":\"https:\/\/apuntesdesanluis.com\/wp-content\/uploads\/2024\/09\/taMARA-YANEZ.png\",\"datePublished\":\"2024-09-17T00:15:15+00:00\",\"breadcrumb\":{\"@id\":\"https:\/\/apuntesdesanluis.com\/index.php\/2024\/09\/16\/una-de-las-hermanas-de-fabiola-afirmo-que-vio-como-alberto-fernandez-agarro-del-brazo-fuerte-a-la-ex-primera-dama\/#breadcrumb\"},\"inLanguage\":\"es-AR\",\"potentialAction\":[{\"@type\":\"ReadAction\",\"target\":[\"https:\/\/apuntesdesanluis.com\/index.php\/2024\/09\/16\/una-de-las-hermanas-de-fabiola-afirmo-que-vio-como-alberto-fernandez-agarro-del-brazo-fuerte-a-la-ex-primera-dama\/\"]}]},{\"@type\":\"ImageObject\",\"inLanguage\":\"es-AR\",\"@id\":\"https:\/\/apuntesdesanluis.com\/index.php\/2024\/09\/16\/una-de-las-hermanas-de-fabiola-afirmo-que-vio-como-alberto-fernandez-agarro-del-brazo-fuerte-a-la-ex-primera-dama\/#primaryimage\",\"url\":\"https:\/\/apuntesdesanluis.com\/wp-content\/uploads\/2024\/09\/taMARA-YANEZ.png\",\"contentUrl\":\"https:\/\/apuntesdesanluis.com\/wp-content\/uploads\/2024\/09\/taMARA-YANEZ.png\",\"width\":716,\"height\":487},{\"@type\":\"BreadcrumbList\",\"@id\":\"https:\/\/apuntesdesanluis.com\/index.php\/2024\/09\/16\/una-de-las-hermanas-de-fabiola-afirmo-que-vio-como-alberto-fernandez-agarro-del-brazo-fuerte-a-la-ex-primera-dama\/#breadcrumb\",\"itemListElement\":[{\"@type\":\"ListItem\",\"position\":1,\"name\":\"Inicio\",\"item\":\"https:\/\/apuntesdesanluis.com\/\"},{\"@type\":\"ListItem\",\"position\":2,\"name\":\"UNA DE LAS HERMANAS DE FABIOLA AFIRM\u00d3 QUE VIO C\u00d3MO ALBERTO FERN\u00c1NDEZ \u201cAGARR\u00d3 DEL BRAZO FUERTE\u201d A LA EX PRIMERA DAMA\"}]},{\"@type\":\"WebSite\",\"@id\":\"https:\/\/apuntesdesanluis.com\/#website\",\"url\":\"https:\/\/apuntesdesanluis.com\/\",\"name\":\"Apuntes de San Luis\",\"description\":\"\",\"publisher\":{\"@id\":\"https:\/\/apuntesdesanluis.com\/#\/schema\/person\/b55151d52296fcce64d1a72538a70b90\"},\"potentialAction\":[{\"@type\":\"SearchAction\",\"target\":{\"@type\":\"EntryPoint\",\"urlTemplate\":\"https:\/\/apuntesdesanluis.com\/?s={search_term_string}\"},\"query-input\":{\"@type\":\"PropertyValueSpecification\",\"valueRequired\":true,\"valueName\":\"search_term_string\"}}],\"inLanguage\":\"es-AR\"},{\"@type\":[\"Person\",\"Organization\"],\"@id\":\"https:\/\/apuntesdesanluis.com\/#\/schema\/person\/b55151d52296fcce64d1a72538a70b90\",\"name\":\"apuntesdesanluis.com\",\"image\":{\"@type\":\"ImageObject\",\"inLanguage\":\"es-AR\",\"@id\":\"https:\/\/apuntesdesanluis.com\/#\/schema\/person\/image\/\",\"url\":\"https:\/\/apuntesdesanluis.com\/wp-content\/uploads\/2023\/07\/cropped-apuntesdesanluis.png\",\"contentUrl\":\"https:\/\/apuntesdesanluis.com\/wp-content\/uploads\/2023\/07\/cropped-apuntesdesanluis.png\",\"width\":450,\"height\":112,\"caption\":\"apuntesdesanluis.com\"},\"logo\":{\"@id\":\"https:\/\/apuntesdesanluis.com\/#\/schema\/person\/image\/\"},\"sameAs\":[\"https:\/\/apuntesdesanluis.com\"],\"url\":\"https:\/\/apuntesdesanluis.com\/index.php\/author\/apuntesdesanluis-com\/\"}]}<\/script>\n<!-- \/ Yoast SEO plugin. -->","yoast_head_json":{"title":"UNA DE LAS HERMANAS DE FABIOLA AFIRM\u00d3 QUE VIO C\u00d3MO ALBERTO FERN\u00c1NDEZ \u201cAGARR\u00d3 DEL BRAZO FUERTE\u201d A LA EX PRIMERA DAMA - Apuntes de San Luis","robots":{"index":"index","follow":"follow","max-snippet":"max-snippet:-1","max-image-preview":"max-image-preview:large","max-video-preview":"max-video-preview:-1"},"canonical":"https:\/\/apuntesdesanluis.com\/index.php\/2024\/09\/16\/una-de-las-hermanas-de-fabiola-afirmo-que-vio-como-alberto-fernandez-agarro-del-brazo-fuerte-a-la-ex-primera-dama\/","og_locale":"es_ES","og_type":"article","og_title":"UNA DE LAS HERMANAS DE FABIOLA AFIRM\u00d3 QUE VIO C\u00d3MO ALBERTO FERN\u00c1NDEZ \u201cAGARR\u00d3 DEL BRAZO FUERTE\u201d A LA EX PRIMERA DAMA - Apuntes de San Luis","og_description":"Tamara Ya\u00f1ez declar\u00f3 durante cuatro horas. Dijo que ese episodio ocurri\u00f3 en el chalet residencial...","og_url":"https:\/\/apuntesdesanluis.com\/index.php\/2024\/09\/16\/una-de-las-hermanas-de-fabiola-afirmo-que-vio-como-alberto-fernandez-agarro-del-brazo-fuerte-a-la-ex-primera-dama\/","og_site_name":"Apuntes de San Luis","article_published_time":"2024-09-17T00:15:15+00:00","og_image":[{"width":716,"height":487,"url":"https:\/\/apuntesdesanluis.com\/wp-content\/uploads\/2024\/09\/taMARA-YANEZ.png","type":"image\/png"}],"author":"apuntesdesanluis.com","twitter_card":"summary_large_image","twitter_misc":{"Escrito por":"apuntesdesanluis.com","Tiempo de lectura":"6 minutos"},"schema":{"@context":"https:\/\/schema.org","@graph":[{"@type":"Article","@id":"https:\/\/apuntesdesanluis.com\/index.php\/2024\/09\/16\/una-de-las-hermanas-de-fabiola-afirmo-que-vio-como-alberto-fernandez-agarro-del-brazo-fuerte-a-la-ex-primera-dama\/#article","isPartOf":{"@id":"https:\/\/apuntesdesanluis.com\/index.php\/2024\/09\/16\/una-de-las-hermanas-de-fabiola-afirmo-que-vio-como-alberto-fernandez-agarro-del-brazo-fuerte-a-la-ex-primera-dama\/"},"author":{"name":"apuntesdesanluis.com","@id":"https:\/\/apuntesdesanluis.com\/#\/schema\/person\/b55151d52296fcce64d1a72538a70b90"},"headline":"UNA DE LAS HERMANAS DE FABIOLA AFIRM\u00d3 QUE VIO C\u00d3MO ALBERTO FERN\u00c1NDEZ \u201cAGARR\u00d3 DEL BRAZO FUERTE\u201d A LA EX PRIMERA DAMA","datePublished":"2024-09-17T00:15:15+00:00","mainEntityOfPage":{"@id":"https:\/\/apuntesdesanluis.com\/index.php\/2024\/09\/16\/una-de-las-hermanas-de-fabiola-afirmo-que-vio-como-alberto-fernandez-agarro-del-brazo-fuerte-a-la-ex-primera-dama\/"},"wordCount":1079,"publisher":{"@id":"https:\/\/apuntesdesanluis.com\/#\/schema\/person\/b55151d52296fcce64d1a72538a70b90"},"image":{"@id":"https:\/\/apuntesdesanluis.com\/index.php\/2024\/09\/16\/una-de-las-hermanas-de-fabiola-afirmo-que-vio-como-alberto-fernandez-agarro-del-brazo-fuerte-a-la-ex-primera-dama\/#primaryimage"},"thumbnailUrl":"https:\/\/apuntesdesanluis.com\/wp-content\/uploads\/2024\/09\/taMARA-YANEZ.png","articleSection":["Nacionales\/Internacionales"],"inLanguage":"es-AR"},{"@type":"WebPage","@id":"https:\/\/apuntesdesanluis.com\/index.php\/2024\/09\/16\/una-de-las-hermanas-de-fabiola-afirmo-que-vio-como-alberto-fernandez-agarro-del-brazo-fuerte-a-la-ex-primera-dama\/","url":"https:\/\/apuntesdesanluis.com\/index.php\/2024\/09\/16\/una-de-las-hermanas-de-fabiola-afirmo-que-vio-como-alberto-fernandez-agarro-del-brazo-fuerte-a-la-ex-primera-dama\/","name":"UNA DE LAS HERMANAS DE FABIOLA AFIRM\u00d3 QUE VIO C\u00d3MO ALBERTO FERN\u00c1NDEZ \u201cAGARR\u00d3 DEL BRAZO FUERTE\u201d A LA EX PRIMERA DAMA - Apuntes de San Luis","isPartOf":{"@id":"https:\/\/apuntesdesanluis.com\/#website"},"primaryImageOfPage":{"@id":"https:\/\/apuntesdesanluis.com\/index.php\/2024\/09\/16\/una-de-las-hermanas-de-fabiola-afirmo-que-vio-como-alberto-fernandez-agarro-del-brazo-fuerte-a-la-ex-primera-dama\/#primaryimage"},"image":{"@id":"https:\/\/apuntesdesanluis.com\/index.php\/2024\/09\/16\/una-de-las-hermanas-de-fabiola-afirmo-que-vio-como-alberto-fernandez-agarro-del-brazo-fuerte-a-la-ex-primera-dama\/#primaryimage"},"thumbnailUrl":"https:\/\/apuntesdesanluis.com\/wp-content\/uploads\/2024\/09\/taMARA-YANEZ.png","datePublished":"2024-09-17T00:15:15+00:00","breadcrumb":{"@id":"https:\/\/apuntesdesanluis.com\/index.php\/2024\/09\/16\/una-de-las-hermanas-de-fabiola-afirmo-que-vio-como-alberto-fernandez-agarro-del-brazo-fuerte-a-la-ex-primera-dama\/#breadcrumb"},"inLanguage":"es-AR","potentialAction":[{"@type":"ReadAction","target":["https:\/\/apuntesdesanluis.com\/index.php\/2024\/09\/16\/una-de-las-hermanas-de-fabiola-afirmo-que-vio-como-alberto-fernandez-agarro-del-brazo-fuerte-a-la-ex-primera-dama\/"]}]},{"@type":"ImageObject","inLanguage":"es-AR","@id":"https:\/\/apuntesdesanluis.com\/index.php\/2024\/09\/16\/una-de-las-hermanas-de-fabiola-afirmo-que-vio-como-alberto-fernandez-agarro-del-brazo-fuerte-a-la-ex-primera-dama\/#primaryimage","url":"https:\/\/apuntesdesanluis.com\/wp-content\/uploads\/2024\/09\/taMARA-YANEZ.png","contentUrl":"https:\/\/apuntesdesanluis.com\/wp-content\/uploads\/2024\/09\/taMARA-YANEZ.png","width":716,"height":487},{"@type":"BreadcrumbList","@id":"https:\/\/apuntesdesanluis.com\/index.php\/2024\/09\/16\/una-de-las-hermanas-de-fabiola-afirmo-que-vio-como-alberto-fernandez-agarro-del-brazo-fuerte-a-la-ex-primera-dama\/#breadcrumb","itemListElement":[{"@type":"ListItem","position":1,"name":"Inicio","item":"https:\/\/apuntesdesanluis.com\/"},{"@type":"ListItem","position":2,"name":"UNA DE LAS HERMANAS DE FABIOLA AFIRM\u00d3 QUE VIO C\u00d3MO ALBERTO FERN\u00c1NDEZ \u201cAGARR\u00d3 DEL BRAZO FUERTE\u201d A LA EX PRIMERA DAMA"}]},{"@type":"WebSite","@id":"https:\/\/apuntesdesanluis.com\/#website","url":"https:\/\/apuntesdesanluis.com\/","name":"Apuntes de San Luis","description":"","publisher":{"@id":"https:\/\/apuntesdesanluis.com\/#\/schema\/person\/b55151d52296fcce64d1a72538a70b90"},"potentialAction":[{"@type":"SearchAction","target":{"@type":"EntryPoint","urlTemplate":"https:\/\/apuntesdesanluis.com\/?s={search_term_string}"},"query-input":{"@type":"PropertyValueSpecification","valueRequired":true,"valueName":"search_term_string"}}],"inLanguage":"es-AR"},{"@type":["Person","Organization"],"@id":"https:\/\/apuntesdesanluis.com\/#\/schema\/person\/b55151d52296fcce64d1a72538a70b90","name":"apuntesdesanluis.com","image":{"@type":"ImageObject","inLanguage":"es-AR","@id":"https:\/\/apuntesdesanluis.com\/#\/schema\/person\/image\/","url":"https:\/\/apuntesdesanluis.com\/wp-content\/uploads\/2023\/07\/cropped-apuntesdesanluis.png","contentUrl":"https:\/\/apuntesdesanluis.com\/wp-content\/uploads\/2023\/07\/cropped-apuntesdesanluis.png","width":450,"height":112,"caption":"apuntesdesanluis.com"},"logo":{"@id":"https:\/\/apuntesdesanluis.com\/#\/schema\/person\/image\/"},"sameAs":["https:\/\/apuntesdesanluis.com"],"url":"https:\/\/apuntesdesanluis.com\/index.php\/author\/apuntesdesanluis-com\/"}]}},"featured_image_urls":{"full":["https:\/\/apuntesdesanluis.com\/wp-content\/uploads\/2024\/09\/taMARA-YANEZ.png",716,487,false],"thumbnail":["https:\/\/apuntesdesanluis.com\/wp-content\/uploads\/2024\/09\/taMARA-YANEZ-150x150.png",150,150,true],"medium":["https:\/\/apuntesdesanluis.com\/wp-content\/uploads\/2024\/09\/taMARA-YANEZ-300x204.png",300,204,true],"medium_large":["https:\/\/apuntesdesanluis.com\/wp-content\/uploads\/2024\/09\/taMARA-YANEZ.png",640,435,false],"large":["https:\/\/apuntesdesanluis.com\/wp-content\/uploads\/2024\/09\/taMARA-YANEZ.png",640,435,false],"1536x1536":["https:\/\/apuntesdesanluis.com\/wp-content\/uploads\/2024\/09\/taMARA-YANEZ.png",716,487,false],"2048x2048":["https:\/\/apuntesdesanluis.com\/wp-content\/uploads\/2024\/09\/taMARA-YANEZ.png",716,487,false],"newsever-slider-full":["https:\/\/apuntesdesanluis.com\/wp-content\/uploads\/2024\/09\/taMARA-YANEZ.png",716,487,false],"newsever-featured":["https:\/\/apuntesdesanluis.com\/wp-content\/uploads\/2024\/09\/taMARA-YANEZ.png",716,487,false],"newsever-medium":["https:\/\/apuntesdesanluis.com\/wp-content\/uploads\/2024\/09\/taMARA-YANEZ-716x475.png",716,475,true]},"author_info":{"display_name":"apuntesdesanluis.com","author_link":"https:\/\/apuntesdesanluis.com\/index.php\/author\/apuntesdesanluis-com\/"},"category_info":"<a href=\"https:\/\/apuntesdesanluis.com\/index.php\/category\/nacionales-internacionales\/\" rel=\"category tag\">Nacionales\/Internacionales<\/a>","tag_info":"Nacionales\/Internacionales","comment_count":"0","_links":{"self":[{"href":"https:\/\/apuntesdesanluis.com\/index.php\/wp-json\/wp\/v2\/posts\/22311","targetHints":{"allow":["GET"]}}],"collection":[{"href":"https:\/\/apuntesdesanluis.com\/index.php\/wp-json\/wp\/v2\/posts"}],"about":[{"href":"https:\/\/apuntesdesanluis.com\/index.php\/wp-json\/wp\/v2\/types\/post"}],"author":[{"embeddable":true,"href":"https:\/\/apuntesdesanluis.com\/index.php\/wp-json\/wp\/v2\/users\/1"}],"replies":[{"embeddable":true,"href":"https:\/\/apuntesdesanluis.com\/index.php\/wp-json\/wp\/v2\/comments?post=22311"}],"version-history":[{"count":1,"href":"https:\/\/apuntesdesanluis.com\/index.php\/wp-json\/wp\/v2\/posts\/22311\/revisions"}],"predecessor-version":[{"id":22313,"href":"https:\/\/apuntesdesanluis.com\/index.php\/wp-json\/wp\/v2\/posts\/22311\/revisions\/22313"}],"wp:featuredmedia":[{"embeddable":true,"href":"https:\/\/apuntesdesanluis.com\/index.php\/wp-json\/wp\/v2\/media\/22312"}],"wp:attachment":[{"href":"https:\/\/apuntesdesanluis.com\/index.php\/wp-json\/wp\/v2\/media?parent=22311"}],"wp:term":[{"taxonomy":"category","embeddable":true,"href":"https:\/\/apuntesdesanluis.com\/index.php\/wp-json\/wp\/v2\/categories?post=22311"},{"taxonomy":"post_tag","embeddable":true,"href":"https:\/\/apuntesdesanluis.com\/index.php\/wp-json\/wp\/v2\/tags?post=22311"}],"curies":[{"name":"wp","href":"https:\/\/api.w.org\/{rel}","templated":true}]}}