{"id":22320,"date":"2024-09-16T21:59:32","date_gmt":"2024-09-17T00:59:32","guid":{"rendered":"https:\/\/apuntesdesanluis.com\/?p=22320"},"modified":"2024-09-16T21:59:32","modified_gmt":"2024-09-17T00:59:32","slug":"francos-y-caputo-se-reunieron-con-gobernadores-y-relativizaron-el-pedido-de-ajuste-de-usd-60-mil-millones","status":"publish","type":"post","link":"https:\/\/apuntesdesanluis.com\/index.php\/2024\/09\/16\/francos-y-caputo-se-reunieron-con-gobernadores-y-relativizaron-el-pedido-de-ajuste-de-usd-60-mil-millones\/","title":{"rendered":"FRANCOS Y CAPUTO SE REUNIERON CON GOBERNADORES Y RELATIVIZARON EL PEDIDO DE AJUSTE DE USD 60 MIL MILLONES"},"content":{"rendered":"<h3>Un total de 16 mandatarios y tres altos funcionarios provinciales conversaron con las autoridades nacionales, poco despu\u00e9s de que el Presidente les pidiera p\u00fablicamente que hicieran los recortes en sus territorios.<\/h3>\n<h3>Apenas unas horas despu\u00e9s de que el presidente <strong>Javier Milei<\/strong> presentara el Presupuesto para el 2025 en el Congreso, el jefe de Gabinete, <strong>Guillermo Francos<\/strong>, y el ministro de Econom\u00eda, <strong>Luis \u201cToto\u201d Caputo<\/strong>, mantuvieron este lunes una reuni\u00f3n de casi dos horas con los gobernadores para acordar los detalles del proyecto y relativizaron el pedido de ajuste de 60 mil millones de d\u00f3lares.<\/h3>\n<h3>Del encuentro participaron, ya sea de forma presencial o por zoom, casi todos los mandatarios provinciales, excepto los opositores m\u00e1s duros: Ricardo Quintela (La Rioja), Axel Kicillof (Buenos Aires), Gustavo Melella (Tierra del Fuego) y Gildo Insfr\u00e1n (Formosa).<\/h3>\n<h3>De acuerdo con lo que precisaron\u00a0 fuentes oficiales, el clima del c\u00f3nclave \u201cfue muy bueno\u201d y que todos coincidieron en que hay que \u201cavanzar hacia un modelo de d\u00e9ficit cero\u201d, aunque algunos de ellos \u201cexpresaron sus preocupaciones y temas puntuales de sus territorios\u201d.<\/h3>\n<h3>El encuentro se desarroll\u00f3 poco despu\u00e9s de que el propio Milei, en pleno Congreso y por cadena nacional, les reclamara a los mandatarios locales que avancen con un ajuste tambi\u00e9n en sus provincias para colaborar con las cuentas del pa\u00eds.<\/h3>\n<h3>\u201cA los gobernadores les digo, cumplir el compromiso de bajar el gasto p\u00fablico consolidado a 25 puntos del PBI requiere que las provincias en su conjunto hagan un ajuste adicional de 60 mil millones de d\u00f3lares. Nosotros ya hemos cumplido nuestra parte del acuerdo, ahora faltan ustedes\u201d, exclam\u00f3 el Presidente.<\/h3>\n<h3>En el entorno de varias de las personas que participaron de la conversaci\u00f3n, precisaron a este medio que, ante la preocupaci\u00f3n que generaron esos dichos, el titular del Palacio de Hacienda \u201crelativiz\u00f3 ese n\u00famero\u201d y explic\u00f3 que se trata de un objetivo a largo plazo y no de una exigencia urgente.<\/h3>\n<h3>Por su parte, en Balcarce 50 aseguraron que eso \u201ces exactamente lo dijo el Presidente\u201d y remarcaron que la forma en la que se llevar\u00e1n adelante los recortes pretendidos \u201cse tratar\u00e1 individualmente con cada uno\u201d de ellos, pero que el objetivo este lunes era \u201chacer un repaso general\u201d del Presupuesto.<\/h3>\n<h3>La conversaci\u00f3n se dio en el Sal\u00f3n de los Escudos, en las oficinas del antiguo Ministerio del Interior, donde, adem\u00e1s de Francos y Caputo, estuvieron f\u00edsicamente Rogelio Frigerio, de Entre R\u00edos, y Hugo Passalacqua, de Misiones.<\/h3>\n<p><img fetchpriority=\"high\" decoding=\"async\" class=\"wp-image-22322 aligncenter\" src=\"https:\/\/apuntesdesanluis.com\/wp-content\/uploads\/2024\/09\/GOBERNADORES-300x176.png\" alt=\"\" width=\"702\" height=\"412\" srcset=\"https:\/\/apuntesdesanluis.com\/wp-content\/uploads\/2024\/09\/GOBERNADORES-300x176.png 300w, https:\/\/apuntesdesanluis.com\/wp-content\/uploads\/2024\/09\/GOBERNADORES.png 740w\" sizes=\"(max-width: 702px) 100vw, 702px\" \/><\/p>\n<h3>En tanto, se conectaron digitalmente Ra\u00fal Jalil (Catamarca), Leandro Zdero (Chaco), Ignacio Torres (Chubut), Gustavo Vald\u00e9s (Corrientes), Carlos Sadir (Jujuy), Sergio Ziliotto (La Pampa) -que confirm\u00f3 a \u00faltimo momento-, Alfredo Cornejo (Mendoza), Alberto Weretilneck (R\u00edo Negro), Gustavo S\u00e1enz (Salta), Marcelo Orrego (San Juan), Claudio Poggi (San Luis), Claudio Vidal (Santa Cruz), Maximiliano Pullaro (Santa Fe), Gerardo Zamora (Santiago del Estero) y Osvaldo Jaldo (Tucum\u00e1n).<\/h3>\n<h3>El resto de los invitados no pudieron asistir por cuestiones de agenda, pero mandaron a altos funcionarios, como ocurri\u00f3 con el jefe de Gabinete porte\u00f1o, Jorge Macri, que envi\u00f3 a su jefe de Gabinete, N\u00e9stor Grindetti; el cordob\u00e9s Mart\u00edn Llaryora, que est\u00e1 representado por su vice, Myrian Prunotto, y el neuquino Rolando Figueroa, que le pidi\u00f3 que se conecte a su ministro de Econom\u00eda, Producci\u00f3n e Industria, Guillermo Koenig.<\/h3>\n<h3>Por el lado del Gobierno, en tanto, tambi\u00e9n formaron parte del di\u00e1logo institucional los vicejefes de Gabinete del Interior, Lisandro Catal\u00e1n, y Ejecutivo, Jos\u00e9 \u201cCochi\u201d Rolandi, y el secretario de Hacienda de la Naci\u00f3n, Carlos Guberman.<\/h3>\n<h3>El encuentro comenz\u00f3 pasadas las 15:00 y media hora m\u00e1s tarde se fueron Francos y Rolandi, quienes ten\u00edan otro compromiso en agenda, seguidos unos minutos despu\u00e9s por Passalacqua, quien se retir\u00f3 del lugar sin hacer declaraciones.<\/h3>\n<h3>Quienes quedaron al frente de la exposici\u00f3n, entonces, fueron Catal\u00e1n, Caputo y Guberman, los cuales continuaron brindando detalles del proyecto que ya ingres\u00f3 al Congreso, hasta poco despu\u00e9s de las 17:00, cuando termin\u00f3 el zoom.<\/h3>\n<h3>Anoche, al escuchar al Presidente y ver las repercusiones en los medios y en las redes, los gobernadores intercambiaron chats con sus equipos pol\u00edticos y entre ellos. Algunos quedaron at\u00f3nitos. Otros, m\u00e1s cercanos a la Casa Rosada, celebraron el esp\u00edritu del proyecto de Presupuesto, aunque despotricaron por el pedido de Milei, que les exigi\u00f3 ejecutar un ajuste profundo sobre el gasto p\u00fablico. \u201cNo tiene ning\u00fan sentido lo que plantean\u201d, reneg\u00f3 ante Infobae un gobernador de Juntos por el Cambio, que suele ser aliado a La Libertad Avanza.<\/h3>\n<h3>\u201cNosotros vamos a acompa\u00f1ar un Presupuesto que plantea un equilibrio fiscal total, eso es plausible\u201d, argument\u00f3 ante este medio otro mandatario dialoguista, pero, en seguida, matiz\u00f3: \u201cLo que pasa es que no nos pod\u00e9s pedir que sigamos ajustando despu\u00e9s de todo lo que bancamos este a\u00f1o. Todas las provincias est\u00e1n con obras paradas, otras con l\u00edo porque les deben las cajas jubilatorias\u201d.<\/h3>\n<h3>En Balcarce 50 conocen que requieren del respaldo de los gobernadores para aprobar el Presupuesto. Milei tiene apenas 40 diputados, sobre 257, y nueve senadores, sobre 72. Est\u00e1, incluso, lejos del qu\u00f3rum necesario para poner en funcionamiento una sesi\u00f3n. As\u00ed como tampoco tiene los n\u00fameros, siquiera, para dictaminar el proyecto en comisi\u00f3n. Es decir, las negociaciones ser\u00e1n arduas.<\/h3>\n<h3>\u201cPreocupa un poco que se le siga pidiendo esfuerzo a las provincias. Santa Fe fue una de las provincias que m\u00e1s esfuerzo hizo en lo que va del a\u00f1o para lograr tener una eficiencia en el manejo de los recursos p\u00fablicos, para lograr tener un equilibrio fiscal\u201d, remarc\u00f3 a la prensa Pullaro.<\/h3>\n<p>&nbsp;<\/p>\n<p>&nbsp;<\/p>\n<p>&nbsp;<\/p>\n<p>&nbsp;<\/p>\n<p>&nbsp;<\/p>\n<p>&nbsp;<\/p>\n","protected":false},"excerpt":{"rendered":"<p>Un total de 16 mandatarios y tres altos funcionarios provinciales conversaron con las autoridades nacionales,&#8230;<\/p>\n","protected":false},"author":1,"featured_media":22321,"comment_status":"closed","ping_status":"closed","sticky":false,"template":"","format":"standard","meta":{"footnotes":""},"categories":[5],"tags":[],"class_list":["post-22320","post","type-post","status-publish","format-standard","has-post-thumbnail","hentry","category-nacionales-internacionales"],"yoast_head":"<!-- This site is optimized with the Yoast SEO plugin v26.1.1 - https:\/\/yoast.com\/wordpress\/plugins\/seo\/ -->\n<title>FRANCOS Y CAPUTO SE REUNIERON CON GOBERNADORES Y RELATIVIZARON EL PEDIDO DE AJUSTE DE USD 60 MIL MILLONES - Apuntes de San Luis<\/title>\n<meta name=\"robots\" content=\"index, follow, max-snippet:-1, max-image-preview:large, max-video-preview:-1\" \/>\n<link rel=\"canonical\" href=\"https:\/\/apuntesdesanluis.com\/index.php\/2024\/09\/16\/francos-y-caputo-se-reunieron-con-gobernadores-y-relativizaron-el-pedido-de-ajuste-de-usd-60-mil-millones\/\" \/>\n<meta property=\"og:locale\" content=\"es_ES\" \/>\n<meta property=\"og:type\" content=\"article\" \/>\n<meta property=\"og:title\" content=\"FRANCOS Y CAPUTO SE REUNIERON CON GOBERNADORES Y RELATIVIZARON EL PEDIDO DE AJUSTE DE USD 60 MIL MILLONES - Apuntes de San Luis\" \/>\n<meta property=\"og:description\" content=\"Un total de 16 mandatarios y tres altos funcionarios provinciales conversaron con las autoridades nacionales,...\" \/>\n<meta property=\"og:url\" content=\"https:\/\/apuntesdesanluis.com\/index.php\/2024\/09\/16\/francos-y-caputo-se-reunieron-con-gobernadores-y-relativizaron-el-pedido-de-ajuste-de-usd-60-mil-millones\/\" \/>\n<meta property=\"og:site_name\" content=\"Apuntes de San Luis\" \/>\n<meta property=\"article:published_time\" content=\"2024-09-17T00:59:32+00:00\" \/>\n<meta property=\"og:image\" content=\"https:\/\/apuntesdesanluis.com\/wp-content\/uploads\/2024\/09\/GOBERNADORES-X-ZOOM.png\" \/>\n\t<meta property=\"og:image:width\" content=\"723\" \/>\n\t<meta property=\"og:image:height\" content=\"411\" \/>\n\t<meta property=\"og:image:type\" content=\"image\/png\" \/>\n<meta name=\"author\" content=\"apuntesdesanluis.com\" \/>\n<meta name=\"twitter:card\" content=\"summary_large_image\" \/>\n<meta name=\"twitter:label1\" content=\"Escrito por\" \/>\n\t<meta name=\"twitter:data1\" content=\"apuntesdesanluis.com\" \/>\n\t<meta name=\"twitter:label2\" content=\"Tiempo de lectura\" \/>\n\t<meta name=\"twitter:data2\" content=\"5 minutos\" \/>\n<script type=\"application\/ld+json\" class=\"yoast-schema-graph\">{\"@context\":\"https:\/\/schema.org\",\"@graph\":[{\"@type\":\"Article\",\"@id\":\"https:\/\/apuntesdesanluis.com\/index.php\/2024\/09\/16\/francos-y-caputo-se-reunieron-con-gobernadores-y-relativizaron-el-pedido-de-ajuste-de-usd-60-mil-millones\/#article\",\"isPartOf\":{\"@id\":\"https:\/\/apuntesdesanluis.com\/index.php\/2024\/09\/16\/francos-y-caputo-se-reunieron-con-gobernadores-y-relativizaron-el-pedido-de-ajuste-de-usd-60-mil-millones\/\"},\"author\":{\"name\":\"apuntesdesanluis.com\",\"@id\":\"https:\/\/apuntesdesanluis.com\/#\/schema\/person\/b55151d52296fcce64d1a72538a70b90\"},\"headline\":\"FRANCOS Y CAPUTO SE REUNIERON CON GOBERNADORES Y RELATIVIZARON EL PEDIDO DE AJUSTE DE USD 60 MIL MILLONES\",\"datePublished\":\"2024-09-17T00:59:32+00:00\",\"mainEntityOfPage\":{\"@id\":\"https:\/\/apuntesdesanluis.com\/index.php\/2024\/09\/16\/francos-y-caputo-se-reunieron-con-gobernadores-y-relativizaron-el-pedido-de-ajuste-de-usd-60-mil-millones\/\"},\"wordCount\":977,\"publisher\":{\"@id\":\"https:\/\/apuntesdesanluis.com\/#\/schema\/person\/b55151d52296fcce64d1a72538a70b90\"},\"image\":{\"@id\":\"https:\/\/apuntesdesanluis.com\/index.php\/2024\/09\/16\/francos-y-caputo-se-reunieron-con-gobernadores-y-relativizaron-el-pedido-de-ajuste-de-usd-60-mil-millones\/#primaryimage\"},\"thumbnailUrl\":\"https:\/\/apuntesdesanluis.com\/wp-content\/uploads\/2024\/09\/GOBERNADORES-X-ZOOM.png\",\"articleSection\":[\"Nacionales\/Internacionales\"],\"inLanguage\":\"es-AR\"},{\"@type\":\"WebPage\",\"@id\":\"https:\/\/apuntesdesanluis.com\/index.php\/2024\/09\/16\/francos-y-caputo-se-reunieron-con-gobernadores-y-relativizaron-el-pedido-de-ajuste-de-usd-60-mil-millones\/\",\"url\":\"https:\/\/apuntesdesanluis.com\/index.php\/2024\/09\/16\/francos-y-caputo-se-reunieron-con-gobernadores-y-relativizaron-el-pedido-de-ajuste-de-usd-60-mil-millones\/\",\"name\":\"FRANCOS Y CAPUTO SE REUNIERON CON GOBERNADORES Y RELATIVIZARON EL PEDIDO DE AJUSTE DE USD 60 MIL MILLONES - Apuntes de San Luis\",\"isPartOf\":{\"@id\":\"https:\/\/apuntesdesanluis.com\/#website\"},\"primaryImageOfPage\":{\"@id\":\"https:\/\/apuntesdesanluis.com\/index.php\/2024\/09\/16\/francos-y-caputo-se-reunieron-con-gobernadores-y-relativizaron-el-pedido-de-ajuste-de-usd-60-mil-millones\/#primaryimage\"},\"image\":{\"@id\":\"https:\/\/apuntesdesanluis.com\/index.php\/2024\/09\/16\/francos-y-caputo-se-reunieron-con-gobernadores-y-relativizaron-el-pedido-de-ajuste-de-usd-60-mil-millones\/#primaryimage\"},\"thumbnailUrl\":\"https:\/\/apuntesdesanluis.com\/wp-content\/uploads\/2024\/09\/GOBERNADORES-X-ZOOM.png\",\"datePublished\":\"2024-09-17T00:59:32+00:00\",\"breadcrumb\":{\"@id\":\"https:\/\/apuntesdesanluis.com\/index.php\/2024\/09\/16\/francos-y-caputo-se-reunieron-con-gobernadores-y-relativizaron-el-pedido-de-ajuste-de-usd-60-mil-millones\/#breadcrumb\"},\"inLanguage\":\"es-AR\",\"potentialAction\":[{\"@type\":\"ReadAction\",\"target\":[\"https:\/\/apuntesdesanluis.com\/index.php\/2024\/09\/16\/francos-y-caputo-se-reunieron-con-gobernadores-y-relativizaron-el-pedido-de-ajuste-de-usd-60-mil-millones\/\"]}]},{\"@type\":\"ImageObject\",\"inLanguage\":\"es-AR\",\"@id\":\"https:\/\/apuntesdesanluis.com\/index.php\/2024\/09\/16\/francos-y-caputo-se-reunieron-con-gobernadores-y-relativizaron-el-pedido-de-ajuste-de-usd-60-mil-millones\/#primaryimage\",\"url\":\"https:\/\/apuntesdesanluis.com\/wp-content\/uploads\/2024\/09\/GOBERNADORES-X-ZOOM.png\",\"contentUrl\":\"https:\/\/apuntesdesanluis.com\/wp-content\/uploads\/2024\/09\/GOBERNADORES-X-ZOOM.png\",\"width\":723,\"height\":411},{\"@type\":\"BreadcrumbList\",\"@id\":\"https:\/\/apuntesdesanluis.com\/index.php\/2024\/09\/16\/francos-y-caputo-se-reunieron-con-gobernadores-y-relativizaron-el-pedido-de-ajuste-de-usd-60-mil-millones\/#breadcrumb\",\"itemListElement\":[{\"@type\":\"ListItem\",\"position\":1,\"name\":\"Inicio\",\"item\":\"https:\/\/apuntesdesanluis.com\/\"},{\"@type\":\"ListItem\",\"position\":2,\"name\":\"FRANCOS Y CAPUTO SE REUNIERON CON GOBERNADORES Y RELATIVIZARON EL PEDIDO DE AJUSTE DE USD 60 MIL MILLONES\"}]},{\"@type\":\"WebSite\",\"@id\":\"https:\/\/apuntesdesanluis.com\/#website\",\"url\":\"https:\/\/apuntesdesanluis.com\/\",\"name\":\"Apuntes de San Luis\",\"description\":\"\",\"publisher\":{\"@id\":\"https:\/\/apuntesdesanluis.com\/#\/schema\/person\/b55151d52296fcce64d1a72538a70b90\"},\"potentialAction\":[{\"@type\":\"SearchAction\",\"target\":{\"@type\":\"EntryPoint\",\"urlTemplate\":\"https:\/\/apuntesdesanluis.com\/?s={search_term_string}\"},\"query-input\":{\"@type\":\"PropertyValueSpecification\",\"valueRequired\":true,\"valueName\":\"search_term_string\"}}],\"inLanguage\":\"es-AR\"},{\"@type\":[\"Person\",\"Organization\"],\"@id\":\"https:\/\/apuntesdesanluis.com\/#\/schema\/person\/b55151d52296fcce64d1a72538a70b90\",\"name\":\"apuntesdesanluis.com\",\"image\":{\"@type\":\"ImageObject\",\"inLanguage\":\"es-AR\",\"@id\":\"https:\/\/apuntesdesanluis.com\/#\/schema\/person\/image\/\",\"url\":\"https:\/\/apuntesdesanluis.com\/wp-content\/uploads\/2023\/07\/cropped-apuntesdesanluis.png\",\"contentUrl\":\"https:\/\/apuntesdesanluis.com\/wp-content\/uploads\/2023\/07\/cropped-apuntesdesanluis.png\",\"width\":450,\"height\":112,\"caption\":\"apuntesdesanluis.com\"},\"logo\":{\"@id\":\"https:\/\/apuntesdesanluis.com\/#\/schema\/person\/image\/\"},\"sameAs\":[\"https:\/\/apuntesdesanluis.com\"],\"url\":\"https:\/\/apuntesdesanluis.com\/index.php\/author\/apuntesdesanluis-com\/\"}]}<\/script>\n<!-- \/ Yoast SEO plugin. -->","yoast_head_json":{"title":"FRANCOS Y CAPUTO SE REUNIERON CON GOBERNADORES Y RELATIVIZARON EL PEDIDO DE AJUSTE DE USD 60 MIL MILLONES - Apuntes de San Luis","robots":{"index":"index","follow":"follow","max-snippet":"max-snippet:-1","max-image-preview":"max-image-preview:large","max-video-preview":"max-video-preview:-1"},"canonical":"https:\/\/apuntesdesanluis.com\/index.php\/2024\/09\/16\/francos-y-caputo-se-reunieron-con-gobernadores-y-relativizaron-el-pedido-de-ajuste-de-usd-60-mil-millones\/","og_locale":"es_ES","og_type":"article","og_title":"FRANCOS Y CAPUTO SE REUNIERON CON GOBERNADORES Y RELATIVIZARON EL PEDIDO DE AJUSTE DE USD 60 MIL MILLONES - Apuntes de San Luis","og_description":"Un total de 16 mandatarios y tres altos funcionarios provinciales conversaron con las autoridades nacionales,...","og_url":"https:\/\/apuntesdesanluis.com\/index.php\/2024\/09\/16\/francos-y-caputo-se-reunieron-con-gobernadores-y-relativizaron-el-pedido-de-ajuste-de-usd-60-mil-millones\/","og_site_name":"Apuntes de San Luis","article_published_time":"2024-09-17T00:59:32+00:00","og_image":[{"width":723,"height":411,"url":"https:\/\/apuntesdesanluis.com\/wp-content\/uploads\/2024\/09\/GOBERNADORES-X-ZOOM.png","type":"image\/png"}],"author":"apuntesdesanluis.com","twitter_card":"summary_large_image","twitter_misc":{"Escrito por":"apuntesdesanluis.com","Tiempo de lectura":"5 minutos"},"schema":{"@context":"https:\/\/schema.org","@graph":[{"@type":"Article","@id":"https:\/\/apuntesdesanluis.com\/index.php\/2024\/09\/16\/francos-y-caputo-se-reunieron-con-gobernadores-y-relativizaron-el-pedido-de-ajuste-de-usd-60-mil-millones\/#article","isPartOf":{"@id":"https:\/\/apuntesdesanluis.com\/index.php\/2024\/09\/16\/francos-y-caputo-se-reunieron-con-gobernadores-y-relativizaron-el-pedido-de-ajuste-de-usd-60-mil-millones\/"},"author":{"name":"apuntesdesanluis.com","@id":"https:\/\/apuntesdesanluis.com\/#\/schema\/person\/b55151d52296fcce64d1a72538a70b90"},"headline":"FRANCOS Y CAPUTO SE REUNIERON CON GOBERNADORES Y RELATIVIZARON EL PEDIDO DE AJUSTE DE USD 60 MIL MILLONES","datePublished":"2024-09-17T00:59:32+00:00","mainEntityOfPage":{"@id":"https:\/\/apuntesdesanluis.com\/index.php\/2024\/09\/16\/francos-y-caputo-se-reunieron-con-gobernadores-y-relativizaron-el-pedido-de-ajuste-de-usd-60-mil-millones\/"},"wordCount":977,"publisher":{"@id":"https:\/\/apuntesdesanluis.com\/#\/schema\/person\/b55151d52296fcce64d1a72538a70b90"},"image":{"@id":"https:\/\/apuntesdesanluis.com\/index.php\/2024\/09\/16\/francos-y-caputo-se-reunieron-con-gobernadores-y-relativizaron-el-pedido-de-ajuste-de-usd-60-mil-millones\/#primaryimage"},"thumbnailUrl":"https:\/\/apuntesdesanluis.com\/wp-content\/uploads\/2024\/09\/GOBERNADORES-X-ZOOM.png","articleSection":["Nacionales\/Internacionales"],"inLanguage":"es-AR"},{"@type":"WebPage","@id":"https:\/\/apuntesdesanluis.com\/index.php\/2024\/09\/16\/francos-y-caputo-se-reunieron-con-gobernadores-y-relativizaron-el-pedido-de-ajuste-de-usd-60-mil-millones\/","url":"https:\/\/apuntesdesanluis.com\/index.php\/2024\/09\/16\/francos-y-caputo-se-reunieron-con-gobernadores-y-relativizaron-el-pedido-de-ajuste-de-usd-60-mil-millones\/","name":"FRANCOS Y CAPUTO SE REUNIERON CON GOBERNADORES Y RELATIVIZARON EL PEDIDO DE AJUSTE DE USD 60 MIL MILLONES - Apuntes de San Luis","isPartOf":{"@id":"https:\/\/apuntesdesanluis.com\/#website"},"primaryImageOfPage":{"@id":"https:\/\/apuntesdesanluis.com\/index.php\/2024\/09\/16\/francos-y-caputo-se-reunieron-con-gobernadores-y-relativizaron-el-pedido-de-ajuste-de-usd-60-mil-millones\/#primaryimage"},"image":{"@id":"https:\/\/apuntesdesanluis.com\/index.php\/2024\/09\/16\/francos-y-caputo-se-reunieron-con-gobernadores-y-relativizaron-el-pedido-de-ajuste-de-usd-60-mil-millones\/#primaryimage"},"thumbnailUrl":"https:\/\/apuntesdesanluis.com\/wp-content\/uploads\/2024\/09\/GOBERNADORES-X-ZOOM.png","datePublished":"2024-09-17T00:59:32+00:00","breadcrumb":{"@id":"https:\/\/apuntesdesanluis.com\/index.php\/2024\/09\/16\/francos-y-caputo-se-reunieron-con-gobernadores-y-relativizaron-el-pedido-de-ajuste-de-usd-60-mil-millones\/#breadcrumb"},"inLanguage":"es-AR","potentialAction":[{"@type":"ReadAction","target":["https:\/\/apuntesdesanluis.com\/index.php\/2024\/09\/16\/francos-y-caputo-se-reunieron-con-gobernadores-y-relativizaron-el-pedido-de-ajuste-de-usd-60-mil-millones\/"]}]},{"@type":"ImageObject","inLanguage":"es-AR","@id":"https:\/\/apuntesdesanluis.com\/index.php\/2024\/09\/16\/francos-y-caputo-se-reunieron-con-gobernadores-y-relativizaron-el-pedido-de-ajuste-de-usd-60-mil-millones\/#primaryimage","url":"https:\/\/apuntesdesanluis.com\/wp-content\/uploads\/2024\/09\/GOBERNADORES-X-ZOOM.png","contentUrl":"https:\/\/apuntesdesanluis.com\/wp-content\/uploads\/2024\/09\/GOBERNADORES-X-ZOOM.png","width":723,"height":411},{"@type":"BreadcrumbList","@id":"https:\/\/apuntesdesanluis.com\/index.php\/2024\/09\/16\/francos-y-caputo-se-reunieron-con-gobernadores-y-relativizaron-el-pedido-de-ajuste-de-usd-60-mil-millones\/#breadcrumb","itemListElement":[{"@type":"ListItem","position":1,"name":"Inicio","item":"https:\/\/apuntesdesanluis.com\/"},{"@type":"ListItem","position":2,"name":"FRANCOS Y CAPUTO SE REUNIERON CON GOBERNADORES Y RELATIVIZARON EL PEDIDO DE AJUSTE DE USD 60 MIL MILLONES"}]},{"@type":"WebSite","@id":"https:\/\/apuntesdesanluis.com\/#website","url":"https:\/\/apuntesdesanluis.com\/","name":"Apuntes de San Luis","description":"","publisher":{"@id":"https:\/\/apuntesdesanluis.com\/#\/schema\/person\/b55151d52296fcce64d1a72538a70b90"},"potentialAction":[{"@type":"SearchAction","target":{"@type":"EntryPoint","urlTemplate":"https:\/\/apuntesdesanluis.com\/?s={search_term_string}"},"query-input":{"@type":"PropertyValueSpecification","valueRequired":true,"valueName":"search_term_string"}}],"inLanguage":"es-AR"},{"@type":["Person","Organization"],"@id":"https:\/\/apuntesdesanluis.com\/#\/schema\/person\/b55151d52296fcce64d1a72538a70b90","name":"apuntesdesanluis.com","image":{"@type":"ImageObject","inLanguage":"es-AR","@id":"https:\/\/apuntesdesanluis.com\/#\/schema\/person\/image\/","url":"https:\/\/apuntesdesanluis.com\/wp-content\/uploads\/2023\/07\/cropped-apuntesdesanluis.png","contentUrl":"https:\/\/apuntesdesanluis.com\/wp-content\/uploads\/2023\/07\/cropped-apuntesdesanluis.png","width":450,"height":112,"caption":"apuntesdesanluis.com"},"logo":{"@id":"https:\/\/apuntesdesanluis.com\/#\/schema\/person\/image\/"},"sameAs":["https:\/\/apuntesdesanluis.com"],"url":"https:\/\/apuntesdesanluis.com\/index.php\/author\/apuntesdesanluis-com\/"}]}},"featured_image_urls":{"full":["https:\/\/apuntesdesanluis.com\/wp-content\/uploads\/2024\/09\/GOBERNADORES-X-ZOOM.png",723,411,false],"thumbnail":["https:\/\/apuntesdesanluis.com\/wp-content\/uploads\/2024\/09\/GOBERNADORES-X-ZOOM-150x150.png",150,150,true],"medium":["https:\/\/apuntesdesanluis.com\/wp-content\/uploads\/2024\/09\/GOBERNADORES-X-ZOOM-300x171.png",300,171,true],"medium_large":["https:\/\/apuntesdesanluis.com\/wp-content\/uploads\/2024\/09\/GOBERNADORES-X-ZOOM.png",640,364,false],"large":["https:\/\/apuntesdesanluis.com\/wp-content\/uploads\/2024\/09\/GOBERNADORES-X-ZOOM.png",640,364,false],"1536x1536":["https:\/\/apuntesdesanluis.com\/wp-content\/uploads\/2024\/09\/GOBERNADORES-X-ZOOM.png",723,411,false],"2048x2048":["https:\/\/apuntesdesanluis.com\/wp-content\/uploads\/2024\/09\/GOBERNADORES-X-ZOOM.png",723,411,false],"newsever-slider-full":["https:\/\/apuntesdesanluis.com\/wp-content\/uploads\/2024\/09\/GOBERNADORES-X-ZOOM.png",723,411,false],"newsever-featured":["https:\/\/apuntesdesanluis.com\/wp-content\/uploads\/2024\/09\/GOBERNADORES-X-ZOOM.png",723,411,false],"newsever-medium":["https:\/\/apuntesdesanluis.com\/wp-content\/uploads\/2024\/09\/GOBERNADORES-X-ZOOM-720x411.png",720,411,true]},"author_info":{"display_name":"apuntesdesanluis.com","author_link":"https:\/\/apuntesdesanluis.com\/index.php\/author\/apuntesdesanluis-com\/"},"category_info":"<a href=\"https:\/\/apuntesdesanluis.com\/index.php\/category\/nacionales-internacionales\/\" rel=\"category tag\">Nacionales\/Internacionales<\/a>","tag_info":"Nacionales\/Internacionales","comment_count":"0","_links":{"self":[{"href":"https:\/\/apuntesdesanluis.com\/index.php\/wp-json\/wp\/v2\/posts\/22320","targetHints":{"allow":["GET"]}}],"collection":[{"href":"https:\/\/apuntesdesanluis.com\/index.php\/wp-json\/wp\/v2\/posts"}],"about":[{"href":"https:\/\/apuntesdesanluis.com\/index.php\/wp-json\/wp\/v2\/types\/post"}],"author":[{"embeddable":true,"href":"https:\/\/apuntesdesanluis.com\/index.php\/wp-json\/wp\/v2\/users\/1"}],"replies":[{"embeddable":true,"href":"https:\/\/apuntesdesanluis.com\/index.php\/wp-json\/wp\/v2\/comments?post=22320"}],"version-history":[{"count":1,"href":"https:\/\/apuntesdesanluis.com\/index.php\/wp-json\/wp\/v2\/posts\/22320\/revisions"}],"predecessor-version":[{"id":22323,"href":"https:\/\/apuntesdesanluis.com\/index.php\/wp-json\/wp\/v2\/posts\/22320\/revisions\/22323"}],"wp:featuredmedia":[{"embeddable":true,"href":"https:\/\/apuntesdesanluis.com\/index.php\/wp-json\/wp\/v2\/media\/22321"}],"wp:attachment":[{"href":"https:\/\/apuntesdesanluis.com\/index.php\/wp-json\/wp\/v2\/media?parent=22320"}],"wp:term":[{"taxonomy":"category","embeddable":true,"href":"https:\/\/apuntesdesanluis.com\/index.php\/wp-json\/wp\/v2\/categories?post=22320"},{"taxonomy":"post_tag","embeddable":true,"href":"https:\/\/apuntesdesanluis.com\/index.php\/wp-json\/wp\/v2\/tags?post=22320"}],"curies":[{"name":"wp","href":"https:\/\/api.w.org\/{rel}","templated":true}]}}