{"id":22324,"date":"2024-09-16T22:05:35","date_gmt":"2024-09-17T01:05:35","guid":{"rendered":"https:\/\/apuntesdesanluis.com\/?p=22324"},"modified":"2024-09-16T22:05:35","modified_gmt":"2024-09-17T01:05:35","slug":"la-ucr-suspendio-a-los-diputados-que-cambiaron-su-voto-por-la-ley-jubilatoria-pero-busca-retenerlos-en-el-bloque","status":"publish","type":"post","link":"https:\/\/apuntesdesanluis.com\/index.php\/2024\/09\/16\/la-ucr-suspendio-a-los-diputados-que-cambiaron-su-voto-por-la-ley-jubilatoria-pero-busca-retenerlos-en-el-bloque\/","title":{"rendered":"LA UCR SUSPENDI\u00d3 A LOS DIPUTADOS QUE CAMBIARON SU VOTO POR LA LEY JUBILATORIA PERO BUSCA RETENERLOS EN EL BLOQUE (\u00bf?)"},"content":{"rendered":"<h3>La Mesa Directiva de la Convenci\u00f3n Nacional de la UCR resolvi\u00f3 hoy suspender preventivamente la afiliaci\u00f3n partidaria de los cuatro diputados nacionales que representando al radicalismo cambiaron su voto y respaldaron el veto presidencial a la ley de movilidad jubilatoria.<\/h3>\n<h3>Sin embargo, seg\u00fan supo la Agencia Noticias Argentinas, el presidente del bloque de diputados de la UCR, <strong>Rodrigo de Loredo<\/strong>, intentar\u00e1 contenerlos dentro del bloque.<\/h3>\n<h3>\u201cHay que sumar diputados, no podemos darnos el lujo de perderlos\u201d, se\u00f1alaron las fuentes consultadas de la conducci\u00f3n partidaria sobre <strong>Mariano Campero, Mart\u00edn Arjol, Luis Picat y Pablo Cervi<\/strong>, quienes tendr\u00e1n su ficha de afiliaci\u00f3n suspendida mientras dure el proceso de investigaci\u00f3n que desde ahora llevar\u00e1 adelante un tribunal de \u00e9tica partidario.<\/h3>\n<h3>En realidad fueron cinco los diputados del bloque que votaron a favor del Gobierno y en contra del proyecto que hab\u00eda impulsado la UCR junto a otros bloques, pero <strong>Federico Tournier<\/strong> queda al margen de la sanci\u00f3n ya que es un extrapartidario.<\/h3>\n<h3>El correntino se sum\u00f3 a la bancada que lidera Rodrigo de Loredo por su v\u00ednculo con el gobernador Gustavo Vald\u00e9s, pero pertenece a otro partido pol\u00edtico.<\/h3>\n<p><img fetchpriority=\"high\" decoding=\"async\" class=\"wp-image-22326 aligncenter\" src=\"https:\/\/apuntesdesanluis.com\/wp-content\/uploads\/2024\/09\/DIPU-TRUCHOS-RADICALES-300x180.png\" alt=\"\" width=\"713\" height=\"428\" srcset=\"https:\/\/apuntesdesanluis.com\/wp-content\/uploads\/2024\/09\/DIPU-TRUCHOS-RADICALES-300x180.png 300w, https:\/\/apuntesdesanluis.com\/wp-content\/uploads\/2024\/09\/DIPU-TRUCHOS-RADICALES.png 728w\" sizes=\"(max-width: 713px) 100vw, 713px\" \/><\/p>\n<h4 style=\"text-align: center;\"><em>Menem y los radicales que se &#8220;borocotizaron&#8221; por la reelecci\u00f3n u otras prebendas&#8230;<\/em><\/h4>\n<h3>Hay otros dos diputados cuyos casos tambi\u00e9n ser\u00e1n elevados al Tribunal de \u00c9tica para ser investigados: se trata de la santacruce\u00f1a Roxana Reyes y el chaque\u00f1o Gerardo Cipolini, quienes se ausentaron al momento de la votaci\u00f3n luego de argumentar a favor de la postura del Gobierno durante el debate.<\/h3>\n<h3>En el caso de ellos dos, no fueron suspendidos preventivamente del partido como los anteriores cuatro que marcaron su voto en contra del proyecto del radicalismo, sirviendo a los intereses del Gobierno.<\/h3>\n<h3>La medida disciplinaria contra Campero, Arjol, Picat y Cervi se aprob\u00f3 por 10 votos contra 2 en la mesa directiva de la convenci\u00f3n nacional, que es encabezada por Gast\u00f3n Manes y Hern\u00e1n Rossi.<\/h3>\n<h3>Solamente votaron en contra de la sanci\u00f3n los representantes de Mendoza (responde al gobernador Alfredo Cornejo) y Misiones.<\/h3>\n<h3>M\u00e1s all\u00e1 de este castigo contra los cuatro radicales \u201cvioletas\u201d que cambiaron su voto, De Loredo agotar\u00e1 los medios para que no peguen el portazo del bloque.<\/h3>\n<h3>Seg\u00fan supo NA, Campero ya est\u00e1 con un pie afuera, ya que es el que m\u00e1s lejos lleg\u00f3 al exponer sus diferencias con el bloque, mientras que los otros cuatro (incluyendo a Tournier) est\u00e1n evaluando qu\u00e9 hacer.<\/h3>\n<h3>\u201cNo puede ser que una minor\u00eda ruidosa del AMBA, que tiene una impronta de colaboraci\u00f3n con el kirchnerismo, tome este tipo de decisiones que va a contramano de lo que piensa la gran mayor\u00eda del partido\u201d, cuestion\u00f3 un influyente diputado de la UCR con Noticias Argentinas<\/h3>\n<h3>\u201cEl radicalismo del interior tiene cinco gobernaciones. \u00bfEl sector de Manes qu\u00e9 gobierna? \u00bfY Evoluci\u00f3n? Solamente la Universidad de Buenos Aires. Parece que la centralidad de la agenda para ellos es la cuesti\u00f3n universitaria. Ese tema tiene que estar, pero no es el \u00fanico. Somos el radicalismo, no un centro de estudiantes\u201d, estall\u00f3.<\/h3>\n<h3>La resoluci\u00f3n firmada por la Convenci\u00f3n Nacional se\u00f1ala: \u201cal tratarse el veto presidencial, cuatro Diputados Nacionales afiliados a la Uni\u00f3n C\u00edvica Radical e integrantes de nuestro Bloque se apartaron de lo que ellos mismos hab\u00edan sostenido en la primera votaci\u00f3n y acompa\u00f1aron el veto presidencial, incurriendo en una grave inconducta partidaria, y generando un grave da\u00f1o a la credibilidad y honor de nuestro partido&#8221;.<\/h3>\n<h3>&#8220;A\u00fan m\u00e1s graves fueron los argumentos esgrimidos durante la sesi\u00f3n y en los medios de comunicaci\u00f3n, en el sentido de que se hab\u00edan equivocado en los c\u00e1lculos, y que su brusco cambio de opini\u00f3n se fundaba en la necesidad de garantizar el equilibrio fiscal\u201d, se agrega.<\/h3>\n<h3>Al hacerse eco de esta decisi\u00f3n partidaria, la diputada nacional de la UCR, Pamela Verasay, despotric\u00f3 contra Mart\u00edn Lousteau, quien preside el Comit\u00e9 Nacional de la UCR y apoya la suspensi\u00f3n de los cuatro diputados radicales.<\/h3>\n<h3>\u201cPresidir la Uni\u00f3n C\u00edvica Radical deber\u00eda tratarse de escuchar la voluntad de la sociedad, construir consensos y comprender realidades territoriales, no utilizar una conducci\u00f3n transitoria y d\u00e9bil para imponer un pensamiento disfrazado de verdad absoluta\u201d, dispar\u00f3 la mendocina.<\/h3>\n<h3>El Tribunal de \u00c9tica de la UCR est\u00e1 integrado por Alicia Tate de la provincia de Santa Fe, Juan Pedro Tunessi de Buenos Aires y Ricardo Barrios Arrechea de Misiones, quienes tendr\u00e1n en sus manos la decisi\u00f3n definitiva.<\/h3>\n<h3>Otro caso pol\u00e9mico que fue pasado por alto es el del entrerriano Pedro Galimberti, quien sospechosamente renunci\u00f3 a su bancada de diputado nacional d\u00edas antes de la sesi\u00f3n en la que iba a votarse la insistencia de la ley jubilatoria.<\/h3>\n<h3>Resulta que el gobernador de su provincia, Rogelio Frigerio, quien hasta hace poco era su rival pol\u00edtico, le ofreci\u00f3 un cargo para integrar la Comisi\u00f3n Mixta T\u00e9cnica de la represa de Salto Grande, por el que cobrar\u00e1 mensualmente en d\u00f3lares una suma que multiplica la dieta que percib\u00eda como legislador nacional.<\/h3>\n<h3>As\u00ed fue que no solamente el bando que intentaba juntar los dos tercios para anular el veto de Javier Milei perdi\u00f3 un voto significativo sino que adem\u00e1s le anot\u00f3 un voto al bando que buscaba blindar el veto, ya que al comienzo de la sesi\u00f3n jur\u00f3 como su reemplazante fue la macrista Nancy Ballejos.<\/h3>\n<h3>Galimberti bien podr\u00eda haber renunciado a su cargo de diputado luego de la sesi\u00f3n, habiendo ayudado a la oposici\u00f3n a voltear el veto a la mejora a jubilados, pero decidi\u00f3 adelantar su salida.<\/h3>\n<h3>La presunci\u00f3n de un sector de la oposici\u00f3n es que en el medio hubo una transacci\u00f3n non sancta para que el Gobierno se compre un voto en una batalla crucial para el objetivo del equilibrio fiscal.<\/h3>\n<p>&nbsp;<\/p>\n<p>&nbsp;<\/p>\n<p>&nbsp;<\/p>\n<p>&nbsp;<\/p>\n<p>&nbsp;<\/p>\n<p>&nbsp;<\/p>\n<p>&nbsp;<\/p>\n","protected":false},"excerpt":{"rendered":"<p>La Mesa Directiva de la Convenci\u00f3n Nacional de la UCR resolvi\u00f3 hoy suspender preventivamente la&#8230;<\/p>\n","protected":false},"author":1,"featured_media":22325,"comment_status":"closed","ping_status":"closed","sticky":false,"template":"","format":"standard","meta":{"footnotes":""},"categories":[5],"tags":[],"class_list":["post-22324","post","type-post","status-publish","format-standard","has-post-thumbnail","hentry","category-nacionales-internacionales"],"yoast_head":"<!-- This site is optimized with the Yoast SEO plugin v26.1.1 - https:\/\/yoast.com\/wordpress\/plugins\/seo\/ -->\n<title>LA UCR SUSPENDI\u00d3 A LOS DIPUTADOS QUE CAMBIARON SU VOTO POR LA LEY JUBILATORIA PERO BUSCA RETENERLOS EN EL BLOQUE (\u00bf?) - Apuntes de San Luis<\/title>\n<meta name=\"robots\" content=\"index, follow, max-snippet:-1, max-image-preview:large, max-video-preview:-1\" \/>\n<link rel=\"canonical\" href=\"https:\/\/apuntesdesanluis.com\/index.php\/2024\/09\/16\/la-ucr-suspendio-a-los-diputados-que-cambiaron-su-voto-por-la-ley-jubilatoria-pero-busca-retenerlos-en-el-bloque\/\" \/>\n<meta property=\"og:locale\" content=\"es_ES\" \/>\n<meta property=\"og:type\" content=\"article\" \/>\n<meta property=\"og:title\" content=\"LA UCR SUSPENDI\u00d3 A LOS DIPUTADOS QUE CAMBIARON SU VOTO POR LA LEY JUBILATORIA PERO BUSCA RETENERLOS EN EL BLOQUE (\u00bf?) - Apuntes de San Luis\" \/>\n<meta property=\"og:description\" content=\"La Mesa Directiva de la Convenci\u00f3n Nacional de la UCR resolvi\u00f3 hoy suspender preventivamente la...\" \/>\n<meta property=\"og:url\" content=\"https:\/\/apuntesdesanluis.com\/index.php\/2024\/09\/16\/la-ucr-suspendio-a-los-diputados-que-cambiaron-su-voto-por-la-ley-jubilatoria-pero-busca-retenerlos-en-el-bloque\/\" \/>\n<meta property=\"og:site_name\" content=\"Apuntes de San Luis\" \/>\n<meta property=\"article:published_time\" content=\"2024-09-17T01:05:35+00:00\" \/>\n<meta property=\"og:image\" content=\"https:\/\/apuntesdesanluis.com\/wp-content\/uploads\/2024\/09\/RODRIGO-DE-LOREDO.png\" \/>\n\t<meta property=\"og:image:width\" content=\"733\" \/>\n\t<meta property=\"og:image:height\" content=\"500\" \/>\n\t<meta property=\"og:image:type\" content=\"image\/png\" \/>\n<meta name=\"author\" content=\"apuntesdesanluis.com\" \/>\n<meta name=\"twitter:card\" content=\"summary_large_image\" \/>\n<meta name=\"twitter:label1\" content=\"Escrito por\" \/>\n\t<meta name=\"twitter:data1\" content=\"apuntesdesanluis.com\" \/>\n\t<meta name=\"twitter:label2\" content=\"Tiempo de lectura\" \/>\n\t<meta name=\"twitter:data2\" content=\"5 minutos\" \/>\n<script type=\"application\/ld+json\" class=\"yoast-schema-graph\">{\"@context\":\"https:\/\/schema.org\",\"@graph\":[{\"@type\":\"Article\",\"@id\":\"https:\/\/apuntesdesanluis.com\/index.php\/2024\/09\/16\/la-ucr-suspendio-a-los-diputados-que-cambiaron-su-voto-por-la-ley-jubilatoria-pero-busca-retenerlos-en-el-bloque\/#article\",\"isPartOf\":{\"@id\":\"https:\/\/apuntesdesanluis.com\/index.php\/2024\/09\/16\/la-ucr-suspendio-a-los-diputados-que-cambiaron-su-voto-por-la-ley-jubilatoria-pero-busca-retenerlos-en-el-bloque\/\"},\"author\":{\"name\":\"apuntesdesanluis.com\",\"@id\":\"https:\/\/apuntesdesanluis.com\/#\/schema\/person\/b55151d52296fcce64d1a72538a70b90\"},\"headline\":\"LA UCR SUSPENDI\u00d3 A LOS DIPUTADOS QUE CAMBIARON SU VOTO POR LA LEY JUBILATORIA PERO BUSCA RETENERLOS EN EL BLOQUE (\u00bf?)\",\"datePublished\":\"2024-09-17T01:05:35+00:00\",\"mainEntityOfPage\":{\"@id\":\"https:\/\/apuntesdesanluis.com\/index.php\/2024\/09\/16\/la-ucr-suspendio-a-los-diputados-que-cambiaron-su-voto-por-la-ley-jubilatoria-pero-busca-retenerlos-en-el-bloque\/\"},\"wordCount\":1029,\"publisher\":{\"@id\":\"https:\/\/apuntesdesanluis.com\/#\/schema\/person\/b55151d52296fcce64d1a72538a70b90\"},\"image\":{\"@id\":\"https:\/\/apuntesdesanluis.com\/index.php\/2024\/09\/16\/la-ucr-suspendio-a-los-diputados-que-cambiaron-su-voto-por-la-ley-jubilatoria-pero-busca-retenerlos-en-el-bloque\/#primaryimage\"},\"thumbnailUrl\":\"https:\/\/apuntesdesanluis.com\/wp-content\/uploads\/2024\/09\/RODRIGO-DE-LOREDO.png\",\"articleSection\":[\"Nacionales\/Internacionales\"],\"inLanguage\":\"es-AR\"},{\"@type\":\"WebPage\",\"@id\":\"https:\/\/apuntesdesanluis.com\/index.php\/2024\/09\/16\/la-ucr-suspendio-a-los-diputados-que-cambiaron-su-voto-por-la-ley-jubilatoria-pero-busca-retenerlos-en-el-bloque\/\",\"url\":\"https:\/\/apuntesdesanluis.com\/index.php\/2024\/09\/16\/la-ucr-suspendio-a-los-diputados-que-cambiaron-su-voto-por-la-ley-jubilatoria-pero-busca-retenerlos-en-el-bloque\/\",\"name\":\"LA UCR SUSPENDI\u00d3 A LOS DIPUTADOS QUE CAMBIARON SU VOTO POR LA LEY JUBILATORIA PERO BUSCA RETENERLOS EN EL BLOQUE (\u00bf?) - Apuntes de San Luis\",\"isPartOf\":{\"@id\":\"https:\/\/apuntesdesanluis.com\/#website\"},\"primaryImageOfPage\":{\"@id\":\"https:\/\/apuntesdesanluis.com\/index.php\/2024\/09\/16\/la-ucr-suspendio-a-los-diputados-que-cambiaron-su-voto-por-la-ley-jubilatoria-pero-busca-retenerlos-en-el-bloque\/#primaryimage\"},\"image\":{\"@id\":\"https:\/\/apuntesdesanluis.com\/index.php\/2024\/09\/16\/la-ucr-suspendio-a-los-diputados-que-cambiaron-su-voto-por-la-ley-jubilatoria-pero-busca-retenerlos-en-el-bloque\/#primaryimage\"},\"thumbnailUrl\":\"https:\/\/apuntesdesanluis.com\/wp-content\/uploads\/2024\/09\/RODRIGO-DE-LOREDO.png\",\"datePublished\":\"2024-09-17T01:05:35+00:00\",\"breadcrumb\":{\"@id\":\"https:\/\/apuntesdesanluis.com\/index.php\/2024\/09\/16\/la-ucr-suspendio-a-los-diputados-que-cambiaron-su-voto-por-la-ley-jubilatoria-pero-busca-retenerlos-en-el-bloque\/#breadcrumb\"},\"inLanguage\":\"es-AR\",\"potentialAction\":[{\"@type\":\"ReadAction\",\"target\":[\"https:\/\/apuntesdesanluis.com\/index.php\/2024\/09\/16\/la-ucr-suspendio-a-los-diputados-que-cambiaron-su-voto-por-la-ley-jubilatoria-pero-busca-retenerlos-en-el-bloque\/\"]}]},{\"@type\":\"ImageObject\",\"inLanguage\":\"es-AR\",\"@id\":\"https:\/\/apuntesdesanluis.com\/index.php\/2024\/09\/16\/la-ucr-suspendio-a-los-diputados-que-cambiaron-su-voto-por-la-ley-jubilatoria-pero-busca-retenerlos-en-el-bloque\/#primaryimage\",\"url\":\"https:\/\/apuntesdesanluis.com\/wp-content\/uploads\/2024\/09\/RODRIGO-DE-LOREDO.png\",\"contentUrl\":\"https:\/\/apuntesdesanluis.com\/wp-content\/uploads\/2024\/09\/RODRIGO-DE-LOREDO.png\",\"width\":733,\"height\":500},{\"@type\":\"BreadcrumbList\",\"@id\":\"https:\/\/apuntesdesanluis.com\/index.php\/2024\/09\/16\/la-ucr-suspendio-a-los-diputados-que-cambiaron-su-voto-por-la-ley-jubilatoria-pero-busca-retenerlos-en-el-bloque\/#breadcrumb\",\"itemListElement\":[{\"@type\":\"ListItem\",\"position\":1,\"name\":\"Inicio\",\"item\":\"https:\/\/apuntesdesanluis.com\/\"},{\"@type\":\"ListItem\",\"position\":2,\"name\":\"LA UCR SUSPENDI\u00d3 A LOS DIPUTADOS QUE CAMBIARON SU VOTO POR LA LEY JUBILATORIA PERO BUSCA RETENERLOS EN EL BLOQUE (\u00bf?)\"}]},{\"@type\":\"WebSite\",\"@id\":\"https:\/\/apuntesdesanluis.com\/#website\",\"url\":\"https:\/\/apuntesdesanluis.com\/\",\"name\":\"Apuntes de San Luis\",\"description\":\"\",\"publisher\":{\"@id\":\"https:\/\/apuntesdesanluis.com\/#\/schema\/person\/b55151d52296fcce64d1a72538a70b90\"},\"potentialAction\":[{\"@type\":\"SearchAction\",\"target\":{\"@type\":\"EntryPoint\",\"urlTemplate\":\"https:\/\/apuntesdesanluis.com\/?s={search_term_string}\"},\"query-input\":{\"@type\":\"PropertyValueSpecification\",\"valueRequired\":true,\"valueName\":\"search_term_string\"}}],\"inLanguage\":\"es-AR\"},{\"@type\":[\"Person\",\"Organization\"],\"@id\":\"https:\/\/apuntesdesanluis.com\/#\/schema\/person\/b55151d52296fcce64d1a72538a70b90\",\"name\":\"apuntesdesanluis.com\",\"image\":{\"@type\":\"ImageObject\",\"inLanguage\":\"es-AR\",\"@id\":\"https:\/\/apuntesdesanluis.com\/#\/schema\/person\/image\/\",\"url\":\"https:\/\/apuntesdesanluis.com\/wp-content\/uploads\/2023\/07\/cropped-apuntesdesanluis.png\",\"contentUrl\":\"https:\/\/apuntesdesanluis.com\/wp-content\/uploads\/2023\/07\/cropped-apuntesdesanluis.png\",\"width\":450,\"height\":112,\"caption\":\"apuntesdesanluis.com\"},\"logo\":{\"@id\":\"https:\/\/apuntesdesanluis.com\/#\/schema\/person\/image\/\"},\"sameAs\":[\"https:\/\/apuntesdesanluis.com\"],\"url\":\"https:\/\/apuntesdesanluis.com\/index.php\/author\/apuntesdesanluis-com\/\"}]}<\/script>\n<!-- \/ Yoast SEO plugin. -->","yoast_head_json":{"title":"LA UCR SUSPENDI\u00d3 A LOS DIPUTADOS QUE CAMBIARON SU VOTO POR LA LEY JUBILATORIA PERO BUSCA RETENERLOS EN EL BLOQUE (\u00bf?) - Apuntes de San Luis","robots":{"index":"index","follow":"follow","max-snippet":"max-snippet:-1","max-image-preview":"max-image-preview:large","max-video-preview":"max-video-preview:-1"},"canonical":"https:\/\/apuntesdesanluis.com\/index.php\/2024\/09\/16\/la-ucr-suspendio-a-los-diputados-que-cambiaron-su-voto-por-la-ley-jubilatoria-pero-busca-retenerlos-en-el-bloque\/","og_locale":"es_ES","og_type":"article","og_title":"LA UCR SUSPENDI\u00d3 A LOS DIPUTADOS QUE CAMBIARON SU VOTO POR LA LEY JUBILATORIA PERO BUSCA RETENERLOS EN EL BLOQUE (\u00bf?) - Apuntes de San Luis","og_description":"La Mesa Directiva de la Convenci\u00f3n Nacional de la UCR resolvi\u00f3 hoy suspender preventivamente la...","og_url":"https:\/\/apuntesdesanluis.com\/index.php\/2024\/09\/16\/la-ucr-suspendio-a-los-diputados-que-cambiaron-su-voto-por-la-ley-jubilatoria-pero-busca-retenerlos-en-el-bloque\/","og_site_name":"Apuntes de San Luis","article_published_time":"2024-09-17T01:05:35+00:00","og_image":[{"width":733,"height":500,"url":"https:\/\/apuntesdesanluis.com\/wp-content\/uploads\/2024\/09\/RODRIGO-DE-LOREDO.png","type":"image\/png"}],"author":"apuntesdesanluis.com","twitter_card":"summary_large_image","twitter_misc":{"Escrito por":"apuntesdesanluis.com","Tiempo de lectura":"5 minutos"},"schema":{"@context":"https:\/\/schema.org","@graph":[{"@type":"Article","@id":"https:\/\/apuntesdesanluis.com\/index.php\/2024\/09\/16\/la-ucr-suspendio-a-los-diputados-que-cambiaron-su-voto-por-la-ley-jubilatoria-pero-busca-retenerlos-en-el-bloque\/#article","isPartOf":{"@id":"https:\/\/apuntesdesanluis.com\/index.php\/2024\/09\/16\/la-ucr-suspendio-a-los-diputados-que-cambiaron-su-voto-por-la-ley-jubilatoria-pero-busca-retenerlos-en-el-bloque\/"},"author":{"name":"apuntesdesanluis.com","@id":"https:\/\/apuntesdesanluis.com\/#\/schema\/person\/b55151d52296fcce64d1a72538a70b90"},"headline":"LA UCR SUSPENDI\u00d3 A LOS DIPUTADOS QUE CAMBIARON SU VOTO POR LA LEY JUBILATORIA PERO BUSCA RETENERLOS EN EL BLOQUE (\u00bf?)","datePublished":"2024-09-17T01:05:35+00:00","mainEntityOfPage":{"@id":"https:\/\/apuntesdesanluis.com\/index.php\/2024\/09\/16\/la-ucr-suspendio-a-los-diputados-que-cambiaron-su-voto-por-la-ley-jubilatoria-pero-busca-retenerlos-en-el-bloque\/"},"wordCount":1029,"publisher":{"@id":"https:\/\/apuntesdesanluis.com\/#\/schema\/person\/b55151d52296fcce64d1a72538a70b90"},"image":{"@id":"https:\/\/apuntesdesanluis.com\/index.php\/2024\/09\/16\/la-ucr-suspendio-a-los-diputados-que-cambiaron-su-voto-por-la-ley-jubilatoria-pero-busca-retenerlos-en-el-bloque\/#primaryimage"},"thumbnailUrl":"https:\/\/apuntesdesanluis.com\/wp-content\/uploads\/2024\/09\/RODRIGO-DE-LOREDO.png","articleSection":["Nacionales\/Internacionales"],"inLanguage":"es-AR"},{"@type":"WebPage","@id":"https:\/\/apuntesdesanluis.com\/index.php\/2024\/09\/16\/la-ucr-suspendio-a-los-diputados-que-cambiaron-su-voto-por-la-ley-jubilatoria-pero-busca-retenerlos-en-el-bloque\/","url":"https:\/\/apuntesdesanluis.com\/index.php\/2024\/09\/16\/la-ucr-suspendio-a-los-diputados-que-cambiaron-su-voto-por-la-ley-jubilatoria-pero-busca-retenerlos-en-el-bloque\/","name":"LA UCR SUSPENDI\u00d3 A LOS DIPUTADOS QUE CAMBIARON SU VOTO POR LA LEY JUBILATORIA PERO BUSCA RETENERLOS EN EL BLOQUE (\u00bf?) - Apuntes de San Luis","isPartOf":{"@id":"https:\/\/apuntesdesanluis.com\/#website"},"primaryImageOfPage":{"@id":"https:\/\/apuntesdesanluis.com\/index.php\/2024\/09\/16\/la-ucr-suspendio-a-los-diputados-que-cambiaron-su-voto-por-la-ley-jubilatoria-pero-busca-retenerlos-en-el-bloque\/#primaryimage"},"image":{"@id":"https:\/\/apuntesdesanluis.com\/index.php\/2024\/09\/16\/la-ucr-suspendio-a-los-diputados-que-cambiaron-su-voto-por-la-ley-jubilatoria-pero-busca-retenerlos-en-el-bloque\/#primaryimage"},"thumbnailUrl":"https:\/\/apuntesdesanluis.com\/wp-content\/uploads\/2024\/09\/RODRIGO-DE-LOREDO.png","datePublished":"2024-09-17T01:05:35+00:00","breadcrumb":{"@id":"https:\/\/apuntesdesanluis.com\/index.php\/2024\/09\/16\/la-ucr-suspendio-a-los-diputados-que-cambiaron-su-voto-por-la-ley-jubilatoria-pero-busca-retenerlos-en-el-bloque\/#breadcrumb"},"inLanguage":"es-AR","potentialAction":[{"@type":"ReadAction","target":["https:\/\/apuntesdesanluis.com\/index.php\/2024\/09\/16\/la-ucr-suspendio-a-los-diputados-que-cambiaron-su-voto-por-la-ley-jubilatoria-pero-busca-retenerlos-en-el-bloque\/"]}]},{"@type":"ImageObject","inLanguage":"es-AR","@id":"https:\/\/apuntesdesanluis.com\/index.php\/2024\/09\/16\/la-ucr-suspendio-a-los-diputados-que-cambiaron-su-voto-por-la-ley-jubilatoria-pero-busca-retenerlos-en-el-bloque\/#primaryimage","url":"https:\/\/apuntesdesanluis.com\/wp-content\/uploads\/2024\/09\/RODRIGO-DE-LOREDO.png","contentUrl":"https:\/\/apuntesdesanluis.com\/wp-content\/uploads\/2024\/09\/RODRIGO-DE-LOREDO.png","width":733,"height":500},{"@type":"BreadcrumbList","@id":"https:\/\/apuntesdesanluis.com\/index.php\/2024\/09\/16\/la-ucr-suspendio-a-los-diputados-que-cambiaron-su-voto-por-la-ley-jubilatoria-pero-busca-retenerlos-en-el-bloque\/#breadcrumb","itemListElement":[{"@type":"ListItem","position":1,"name":"Inicio","item":"https:\/\/apuntesdesanluis.com\/"},{"@type":"ListItem","position":2,"name":"LA UCR SUSPENDI\u00d3 A LOS DIPUTADOS QUE CAMBIARON SU VOTO POR LA LEY JUBILATORIA PERO BUSCA RETENERLOS EN EL BLOQUE (\u00bf?)"}]},{"@type":"WebSite","@id":"https:\/\/apuntesdesanluis.com\/#website","url":"https:\/\/apuntesdesanluis.com\/","name":"Apuntes de San Luis","description":"","publisher":{"@id":"https:\/\/apuntesdesanluis.com\/#\/schema\/person\/b55151d52296fcce64d1a72538a70b90"},"potentialAction":[{"@type":"SearchAction","target":{"@type":"EntryPoint","urlTemplate":"https:\/\/apuntesdesanluis.com\/?s={search_term_string}"},"query-input":{"@type":"PropertyValueSpecification","valueRequired":true,"valueName":"search_term_string"}}],"inLanguage":"es-AR"},{"@type":["Person","Organization"],"@id":"https:\/\/apuntesdesanluis.com\/#\/schema\/person\/b55151d52296fcce64d1a72538a70b90","name":"apuntesdesanluis.com","image":{"@type":"ImageObject","inLanguage":"es-AR","@id":"https:\/\/apuntesdesanluis.com\/#\/schema\/person\/image\/","url":"https:\/\/apuntesdesanluis.com\/wp-content\/uploads\/2023\/07\/cropped-apuntesdesanluis.png","contentUrl":"https:\/\/apuntesdesanluis.com\/wp-content\/uploads\/2023\/07\/cropped-apuntesdesanluis.png","width":450,"height":112,"caption":"apuntesdesanluis.com"},"logo":{"@id":"https:\/\/apuntesdesanluis.com\/#\/schema\/person\/image\/"},"sameAs":["https:\/\/apuntesdesanluis.com"],"url":"https:\/\/apuntesdesanluis.com\/index.php\/author\/apuntesdesanluis-com\/"}]}},"featured_image_urls":{"full":["https:\/\/apuntesdesanluis.com\/wp-content\/uploads\/2024\/09\/RODRIGO-DE-LOREDO.png",733,500,false],"thumbnail":["https:\/\/apuntesdesanluis.com\/wp-content\/uploads\/2024\/09\/RODRIGO-DE-LOREDO-150x150.png",150,150,true],"medium":["https:\/\/apuntesdesanluis.com\/wp-content\/uploads\/2024\/09\/RODRIGO-DE-LOREDO-300x205.png",300,205,true],"medium_large":["https:\/\/apuntesdesanluis.com\/wp-content\/uploads\/2024\/09\/RODRIGO-DE-LOREDO.png",640,437,false],"large":["https:\/\/apuntesdesanluis.com\/wp-content\/uploads\/2024\/09\/RODRIGO-DE-LOREDO.png",640,437,false],"1536x1536":["https:\/\/apuntesdesanluis.com\/wp-content\/uploads\/2024\/09\/RODRIGO-DE-LOREDO.png",733,500,false],"2048x2048":["https:\/\/apuntesdesanluis.com\/wp-content\/uploads\/2024\/09\/RODRIGO-DE-LOREDO.png",733,500,false],"newsever-slider-full":["https:\/\/apuntesdesanluis.com\/wp-content\/uploads\/2024\/09\/RODRIGO-DE-LOREDO.png",733,500,false],"newsever-featured":["https:\/\/apuntesdesanluis.com\/wp-content\/uploads\/2024\/09\/RODRIGO-DE-LOREDO.png",733,500,false],"newsever-medium":["https:\/\/apuntesdesanluis.com\/wp-content\/uploads\/2024\/09\/RODRIGO-DE-LOREDO-720x475.png",720,475,true]},"author_info":{"display_name":"apuntesdesanluis.com","author_link":"https:\/\/apuntesdesanluis.com\/index.php\/author\/apuntesdesanluis-com\/"},"category_info":"<a href=\"https:\/\/apuntesdesanluis.com\/index.php\/category\/nacionales-internacionales\/\" rel=\"category tag\">Nacionales\/Internacionales<\/a>","tag_info":"Nacionales\/Internacionales","comment_count":"0","_links":{"self":[{"href":"https:\/\/apuntesdesanluis.com\/index.php\/wp-json\/wp\/v2\/posts\/22324","targetHints":{"allow":["GET"]}}],"collection":[{"href":"https:\/\/apuntesdesanluis.com\/index.php\/wp-json\/wp\/v2\/posts"}],"about":[{"href":"https:\/\/apuntesdesanluis.com\/index.php\/wp-json\/wp\/v2\/types\/post"}],"author":[{"embeddable":true,"href":"https:\/\/apuntesdesanluis.com\/index.php\/wp-json\/wp\/v2\/users\/1"}],"replies":[{"embeddable":true,"href":"https:\/\/apuntesdesanluis.com\/index.php\/wp-json\/wp\/v2\/comments?post=22324"}],"version-history":[{"count":1,"href":"https:\/\/apuntesdesanluis.com\/index.php\/wp-json\/wp\/v2\/posts\/22324\/revisions"}],"predecessor-version":[{"id":22327,"href":"https:\/\/apuntesdesanluis.com\/index.php\/wp-json\/wp\/v2\/posts\/22324\/revisions\/22327"}],"wp:featuredmedia":[{"embeddable":true,"href":"https:\/\/apuntesdesanluis.com\/index.php\/wp-json\/wp\/v2\/media\/22325"}],"wp:attachment":[{"href":"https:\/\/apuntesdesanluis.com\/index.php\/wp-json\/wp\/v2\/media?parent=22324"}],"wp:term":[{"taxonomy":"category","embeddable":true,"href":"https:\/\/apuntesdesanluis.com\/index.php\/wp-json\/wp\/v2\/categories?post=22324"},{"taxonomy":"post_tag","embeddable":true,"href":"https:\/\/apuntesdesanluis.com\/index.php\/wp-json\/wp\/v2\/tags?post=22324"}],"curies":[{"name":"wp","href":"https:\/\/api.w.org\/{rel}","templated":true}]}}