{"id":22343,"date":"2024-09-17T09:38:14","date_gmt":"2024-09-17T12:38:14","guid":{"rendered":"https:\/\/apuntesdesanluis.com\/?p=22343"},"modified":"2024-09-17T09:39:23","modified_gmt":"2024-09-17T12:39:23","slug":"otra-vez-toma-de-terrenos-en-la-ciudad-de-justo-daract","status":"publish","type":"post","link":"https:\/\/apuntesdesanluis.com\/index.php\/2024\/09\/17\/otra-vez-toma-de-terrenos-en-la-ciudad-de-justo-daract\/","title":{"rendered":"OTRA VEZ, TOMA DE TERRENOS EN LA CIUDAD DE JUSTO DARACT"},"content":{"rendered":"<h3>Como ya ha ocurrido en a\u00f1os anteriores, un grupo de familias decidi\u00f3 ocupar terrenos aleda\u00f1os al ferrocarril, donde instalaron carpas o improvisaron casuchas con lonas, pl\u00e1sticos, maderas y cartones, como un modo de reclamar una vivienda y visibilizar el drama que padecen miles de familias de San Luis.<\/h3>\n<h3>Se trata de aproximadamente una decena de familias que meses atr\u00e1s mantuvieron reuniones con funcionarios provinciales, se les habr\u00eda hecho un relevamiento \u201cpero nunca se les prometi\u00f3 una vivienda\u201d, indic\u00f3 un vocero provincial.<\/h3>\n<h3>Agreg\u00f3 que \u201cse les mencion\u00f3 que hab\u00eda la posibilidad de que infraestructura les arreglase un poco la casa o hiciese un ba\u00f1o. Tambi\u00e9n se habl\u00f3 de que quienes tuviesen un terreno aunque fuese de la familia podr\u00eda llegar a existir la posibilidad de que se los ayudase con materiales. Pero todo lleva tiempo. Incluso se les adelant\u00f3 que podr\u00edan inscribirse en un plan cuando se abra la convocatoria habitacional\u201d.<\/h3>\n<h3>Por su parte el Secretario de \u00c9tica P\u00fablica y Control de Gesti\u00f3n del gobierno, <strong>Ricardo Bazla<\/strong>, indic\u00f3 haber tomado conocimiento de que un grupo de personas ha tomado terrenos ajenos en Justo Daract.<\/h3>\n<h3>\u201cDesmiento categ\u00f3ricamente haber avalado esa medida por parte de quienes est\u00e1n ocupando esas tierras. De m\u00ed parte he realizado gestiones en diferentes \u00e1reas de gobierno y nunca me he comprometido a entregar terrenos o viviendas que no existen y cuya inscripci\u00f3n para postulantes est\u00e1 prevista para marzo o abril de 2025. Toda medida de toma de terrenos corre por exclusiva responsabilidad de quienes arbitrariamente han adoptado esa medida. Desmiento toda eventual responsabilidad en el tema\u201d, enfatiz\u00f3.<\/h3>\n<h3>Tambi\u00e9n neg\u00f3 haber prometido una casa el titular de Vivienda de la provincia, <strong>Rodolfo \u201cPipo\u201d Rossi<\/strong>, quien se reuni\u00f3 con varias familias en ocasi\u00f3n de haber llegado con la gira institucional del gobernador.<\/h3>\n<h3>Por su parte el intendente de Justo Daract, <strong>Alfredo Dom\u00ednguez<\/strong> nada ha dicho sobre el tema ni se ha conocido que haya tomado intervenci\u00f3n, lo que es interpretado como un \u201clavarse las manos\u201d para que la responsabilidad recaiga directamente en el gobierno provincial.<\/h3>\n<h3>Hace poco m\u00e1s de dos a\u00f1os, en abril de 2022, tambi\u00e9n se produjo una toma de terrenos similar, en un contexto de crecimiento de la pobreza y par\u00e1lisis total de la pol\u00edtica habitacional en la provincia. Con el paso del tiempo, el crecimiento en los costos de la construcci\u00f3n han transformado esta necesidad en un verdadero drama para cientos de familias que no logran acceder al techo propio.<\/h3>\n<h3>Esta situaci\u00f3n se da, encima, en un contexto de\u00a0dur\u00edsimo\u00a0ajuste de las cuentas p\u00fablicas, por parte del gobierno nacional, que impacta directamente en los ingresos de la provincia y las transferencias a los municipios.<\/h3>\n<h3>La preocupaci\u00f3n en Terrazas del Portezuelo es creciente, ante el temor de que esta metodolog\u00eda de ocupaci\u00f3n de terrenos pueda extenderse a otras localidades de la geograf\u00eda provincial.<\/h3>\n<p>&nbsp;<\/p>\n<h4><strong>Imagen:<\/strong> <span style=\"color: #3366ff;\">Mediador en Red<\/span><\/h4>\n<p>&nbsp;<\/p>\n<p>&nbsp;<\/p>\n<p>&nbsp;<\/p>\n<p><sup>\u00a0<\/sup><\/p>\n<p>&nbsp;<\/p>\n<p>&nbsp;<\/p>\n<p>&nbsp;<\/p>\n","protected":false},"excerpt":{"rendered":"<p>Como ya ha ocurrido en a\u00f1os anteriores, un grupo de familias decidi\u00f3 ocupar terrenos aleda\u00f1os&#8230;<\/p>\n","protected":false},"author":1,"featured_media":22344,"comment_status":"closed","ping_status":"closed","sticky":false,"template":"","format":"standard","meta":{"footnotes":""},"categories":[6],"tags":[],"class_list":["post-22343","post","type-post","status-publish","format-standard","has-post-thumbnail","hentry","category-ciudad-provincia"],"yoast_head":"<!-- This site is optimized with the Yoast SEO plugin v26.1.1 - https:\/\/yoast.com\/wordpress\/plugins\/seo\/ -->\n<title>OTRA VEZ, TOMA DE TERRENOS EN LA CIUDAD DE JUSTO DARACT - Apuntes de San Luis<\/title>\n<meta name=\"robots\" content=\"index, follow, max-snippet:-1, max-image-preview:large, max-video-preview:-1\" \/>\n<link rel=\"canonical\" href=\"https:\/\/apuntesdesanluis.com\/index.php\/2024\/09\/17\/otra-vez-toma-de-terrenos-en-la-ciudad-de-justo-daract\/\" \/>\n<meta property=\"og:locale\" content=\"es_ES\" \/>\n<meta property=\"og:type\" content=\"article\" \/>\n<meta property=\"og:title\" content=\"OTRA VEZ, TOMA DE TERRENOS EN LA CIUDAD DE JUSTO DARACT - Apuntes de San Luis\" \/>\n<meta property=\"og:description\" content=\"Como ya ha ocurrido en a\u00f1os anteriores, un grupo de familias decidi\u00f3 ocupar terrenos aleda\u00f1os...\" \/>\n<meta property=\"og:url\" content=\"https:\/\/apuntesdesanluis.com\/index.php\/2024\/09\/17\/otra-vez-toma-de-terrenos-en-la-ciudad-de-justo-daract\/\" \/>\n<meta property=\"og:site_name\" content=\"Apuntes de San Luis\" \/>\n<meta property=\"article:published_time\" content=\"2024-09-17T12:38:14+00:00\" \/>\n<meta property=\"article:modified_time\" content=\"2024-09-17T12:39:23+00:00\" \/>\n<meta property=\"og:image\" content=\"https:\/\/apuntesdesanluis.com\/wp-content\/uploads\/2024\/09\/casuchas.png\" \/>\n\t<meta property=\"og:image:width\" content=\"441\" \/>\n\t<meta property=\"og:image:height\" content=\"256\" \/>\n\t<meta property=\"og:image:type\" content=\"image\/png\" \/>\n<meta name=\"author\" content=\"apuntesdesanluis.com\" \/>\n<meta name=\"twitter:card\" content=\"summary_large_image\" \/>\n<meta name=\"twitter:label1\" content=\"Escrito por\" \/>\n\t<meta name=\"twitter:data1\" content=\"apuntesdesanluis.com\" \/>\n\t<meta name=\"twitter:label2\" content=\"Tiempo de lectura\" \/>\n\t<meta name=\"twitter:data2\" content=\"3 minutos\" \/>\n<script type=\"application\/ld+json\" class=\"yoast-schema-graph\">{\"@context\":\"https:\/\/schema.org\",\"@graph\":[{\"@type\":\"Article\",\"@id\":\"https:\/\/apuntesdesanluis.com\/index.php\/2024\/09\/17\/otra-vez-toma-de-terrenos-en-la-ciudad-de-justo-daract\/#article\",\"isPartOf\":{\"@id\":\"https:\/\/apuntesdesanluis.com\/index.php\/2024\/09\/17\/otra-vez-toma-de-terrenos-en-la-ciudad-de-justo-daract\/\"},\"author\":{\"name\":\"apuntesdesanluis.com\",\"@id\":\"https:\/\/apuntesdesanluis.com\/#\/schema\/person\/b55151d52296fcce64d1a72538a70b90\"},\"headline\":\"OTRA VEZ, TOMA DE TERRENOS EN LA CIUDAD DE JUSTO DARACT\",\"datePublished\":\"2024-09-17T12:38:14+00:00\",\"dateModified\":\"2024-09-17T12:39:23+00:00\",\"mainEntityOfPage\":{\"@id\":\"https:\/\/apuntesdesanluis.com\/index.php\/2024\/09\/17\/otra-vez-toma-de-terrenos-en-la-ciudad-de-justo-daract\/\"},\"wordCount\":518,\"publisher\":{\"@id\":\"https:\/\/apuntesdesanluis.com\/#\/schema\/person\/b55151d52296fcce64d1a72538a70b90\"},\"image\":{\"@id\":\"https:\/\/apuntesdesanluis.com\/index.php\/2024\/09\/17\/otra-vez-toma-de-terrenos-en-la-ciudad-de-justo-daract\/#primaryimage\"},\"thumbnailUrl\":\"https:\/\/apuntesdesanluis.com\/wp-content\/uploads\/2024\/09\/casuchas.png\",\"articleSection\":[\"Ciudad\/Provincia\"],\"inLanguage\":\"es-AR\"},{\"@type\":\"WebPage\",\"@id\":\"https:\/\/apuntesdesanluis.com\/index.php\/2024\/09\/17\/otra-vez-toma-de-terrenos-en-la-ciudad-de-justo-daract\/\",\"url\":\"https:\/\/apuntesdesanluis.com\/index.php\/2024\/09\/17\/otra-vez-toma-de-terrenos-en-la-ciudad-de-justo-daract\/\",\"name\":\"OTRA VEZ, TOMA DE TERRENOS EN LA CIUDAD DE JUSTO DARACT - Apuntes de San Luis\",\"isPartOf\":{\"@id\":\"https:\/\/apuntesdesanluis.com\/#website\"},\"primaryImageOfPage\":{\"@id\":\"https:\/\/apuntesdesanluis.com\/index.php\/2024\/09\/17\/otra-vez-toma-de-terrenos-en-la-ciudad-de-justo-daract\/#primaryimage\"},\"image\":{\"@id\":\"https:\/\/apuntesdesanluis.com\/index.php\/2024\/09\/17\/otra-vez-toma-de-terrenos-en-la-ciudad-de-justo-daract\/#primaryimage\"},\"thumbnailUrl\":\"https:\/\/apuntesdesanluis.com\/wp-content\/uploads\/2024\/09\/casuchas.png\",\"datePublished\":\"2024-09-17T12:38:14+00:00\",\"dateModified\":\"2024-09-17T12:39:23+00:00\",\"breadcrumb\":{\"@id\":\"https:\/\/apuntesdesanluis.com\/index.php\/2024\/09\/17\/otra-vez-toma-de-terrenos-en-la-ciudad-de-justo-daract\/#breadcrumb\"},\"inLanguage\":\"es-AR\",\"potentialAction\":[{\"@type\":\"ReadAction\",\"target\":[\"https:\/\/apuntesdesanluis.com\/index.php\/2024\/09\/17\/otra-vez-toma-de-terrenos-en-la-ciudad-de-justo-daract\/\"]}]},{\"@type\":\"ImageObject\",\"inLanguage\":\"es-AR\",\"@id\":\"https:\/\/apuntesdesanluis.com\/index.php\/2024\/09\/17\/otra-vez-toma-de-terrenos-en-la-ciudad-de-justo-daract\/#primaryimage\",\"url\":\"https:\/\/apuntesdesanluis.com\/wp-content\/uploads\/2024\/09\/casuchas.png\",\"contentUrl\":\"https:\/\/apuntesdesanluis.com\/wp-content\/uploads\/2024\/09\/casuchas.png\",\"width\":441,\"height\":256},{\"@type\":\"BreadcrumbList\",\"@id\":\"https:\/\/apuntesdesanluis.com\/index.php\/2024\/09\/17\/otra-vez-toma-de-terrenos-en-la-ciudad-de-justo-daract\/#breadcrumb\",\"itemListElement\":[{\"@type\":\"ListItem\",\"position\":1,\"name\":\"Inicio\",\"item\":\"https:\/\/apuntesdesanluis.com\/\"},{\"@type\":\"ListItem\",\"position\":2,\"name\":\"OTRA VEZ, TOMA DE TERRENOS EN LA CIUDAD DE JUSTO DARACT\"}]},{\"@type\":\"WebSite\",\"@id\":\"https:\/\/apuntesdesanluis.com\/#website\",\"url\":\"https:\/\/apuntesdesanluis.com\/\",\"name\":\"Apuntes de San Luis\",\"description\":\"\",\"publisher\":{\"@id\":\"https:\/\/apuntesdesanluis.com\/#\/schema\/person\/b55151d52296fcce64d1a72538a70b90\"},\"potentialAction\":[{\"@type\":\"SearchAction\",\"target\":{\"@type\":\"EntryPoint\",\"urlTemplate\":\"https:\/\/apuntesdesanluis.com\/?s={search_term_string}\"},\"query-input\":{\"@type\":\"PropertyValueSpecification\",\"valueRequired\":true,\"valueName\":\"search_term_string\"}}],\"inLanguage\":\"es-AR\"},{\"@type\":[\"Person\",\"Organization\"],\"@id\":\"https:\/\/apuntesdesanluis.com\/#\/schema\/person\/b55151d52296fcce64d1a72538a70b90\",\"name\":\"apuntesdesanluis.com\",\"image\":{\"@type\":\"ImageObject\",\"inLanguage\":\"es-AR\",\"@id\":\"https:\/\/apuntesdesanluis.com\/#\/schema\/person\/image\/\",\"url\":\"https:\/\/apuntesdesanluis.com\/wp-content\/uploads\/2023\/07\/cropped-apuntesdesanluis.png\",\"contentUrl\":\"https:\/\/apuntesdesanluis.com\/wp-content\/uploads\/2023\/07\/cropped-apuntesdesanluis.png\",\"width\":450,\"height\":112,\"caption\":\"apuntesdesanluis.com\"},\"logo\":{\"@id\":\"https:\/\/apuntesdesanluis.com\/#\/schema\/person\/image\/\"},\"sameAs\":[\"https:\/\/apuntesdesanluis.com\"],\"url\":\"https:\/\/apuntesdesanluis.com\/index.php\/author\/apuntesdesanluis-com\/\"}]}<\/script>\n<!-- \/ Yoast SEO plugin. -->","yoast_head_json":{"title":"OTRA VEZ, TOMA DE TERRENOS EN LA CIUDAD DE JUSTO DARACT - Apuntes de San Luis","robots":{"index":"index","follow":"follow","max-snippet":"max-snippet:-1","max-image-preview":"max-image-preview:large","max-video-preview":"max-video-preview:-1"},"canonical":"https:\/\/apuntesdesanluis.com\/index.php\/2024\/09\/17\/otra-vez-toma-de-terrenos-en-la-ciudad-de-justo-daract\/","og_locale":"es_ES","og_type":"article","og_title":"OTRA VEZ, TOMA DE TERRENOS EN LA CIUDAD DE JUSTO DARACT - Apuntes de San Luis","og_description":"Como ya ha ocurrido en a\u00f1os anteriores, un grupo de familias decidi\u00f3 ocupar terrenos aleda\u00f1os...","og_url":"https:\/\/apuntesdesanluis.com\/index.php\/2024\/09\/17\/otra-vez-toma-de-terrenos-en-la-ciudad-de-justo-daract\/","og_site_name":"Apuntes de San Luis","article_published_time":"2024-09-17T12:38:14+00:00","article_modified_time":"2024-09-17T12:39:23+00:00","og_image":[{"width":441,"height":256,"url":"https:\/\/apuntesdesanluis.com\/wp-content\/uploads\/2024\/09\/casuchas.png","type":"image\/png"}],"author":"apuntesdesanluis.com","twitter_card":"summary_large_image","twitter_misc":{"Escrito por":"apuntesdesanluis.com","Tiempo de lectura":"3 minutos"},"schema":{"@context":"https:\/\/schema.org","@graph":[{"@type":"Article","@id":"https:\/\/apuntesdesanluis.com\/index.php\/2024\/09\/17\/otra-vez-toma-de-terrenos-en-la-ciudad-de-justo-daract\/#article","isPartOf":{"@id":"https:\/\/apuntesdesanluis.com\/index.php\/2024\/09\/17\/otra-vez-toma-de-terrenos-en-la-ciudad-de-justo-daract\/"},"author":{"name":"apuntesdesanluis.com","@id":"https:\/\/apuntesdesanluis.com\/#\/schema\/person\/b55151d52296fcce64d1a72538a70b90"},"headline":"OTRA VEZ, TOMA DE TERRENOS EN LA CIUDAD DE JUSTO DARACT","datePublished":"2024-09-17T12:38:14+00:00","dateModified":"2024-09-17T12:39:23+00:00","mainEntityOfPage":{"@id":"https:\/\/apuntesdesanluis.com\/index.php\/2024\/09\/17\/otra-vez-toma-de-terrenos-en-la-ciudad-de-justo-daract\/"},"wordCount":518,"publisher":{"@id":"https:\/\/apuntesdesanluis.com\/#\/schema\/person\/b55151d52296fcce64d1a72538a70b90"},"image":{"@id":"https:\/\/apuntesdesanluis.com\/index.php\/2024\/09\/17\/otra-vez-toma-de-terrenos-en-la-ciudad-de-justo-daract\/#primaryimage"},"thumbnailUrl":"https:\/\/apuntesdesanluis.com\/wp-content\/uploads\/2024\/09\/casuchas.png","articleSection":["Ciudad\/Provincia"],"inLanguage":"es-AR"},{"@type":"WebPage","@id":"https:\/\/apuntesdesanluis.com\/index.php\/2024\/09\/17\/otra-vez-toma-de-terrenos-en-la-ciudad-de-justo-daract\/","url":"https:\/\/apuntesdesanluis.com\/index.php\/2024\/09\/17\/otra-vez-toma-de-terrenos-en-la-ciudad-de-justo-daract\/","name":"OTRA VEZ, TOMA DE TERRENOS EN LA CIUDAD DE JUSTO DARACT - Apuntes de San Luis","isPartOf":{"@id":"https:\/\/apuntesdesanluis.com\/#website"},"primaryImageOfPage":{"@id":"https:\/\/apuntesdesanluis.com\/index.php\/2024\/09\/17\/otra-vez-toma-de-terrenos-en-la-ciudad-de-justo-daract\/#primaryimage"},"image":{"@id":"https:\/\/apuntesdesanluis.com\/index.php\/2024\/09\/17\/otra-vez-toma-de-terrenos-en-la-ciudad-de-justo-daract\/#primaryimage"},"thumbnailUrl":"https:\/\/apuntesdesanluis.com\/wp-content\/uploads\/2024\/09\/casuchas.png","datePublished":"2024-09-17T12:38:14+00:00","dateModified":"2024-09-17T12:39:23+00:00","breadcrumb":{"@id":"https:\/\/apuntesdesanluis.com\/index.php\/2024\/09\/17\/otra-vez-toma-de-terrenos-en-la-ciudad-de-justo-daract\/#breadcrumb"},"inLanguage":"es-AR","potentialAction":[{"@type":"ReadAction","target":["https:\/\/apuntesdesanluis.com\/index.php\/2024\/09\/17\/otra-vez-toma-de-terrenos-en-la-ciudad-de-justo-daract\/"]}]},{"@type":"ImageObject","inLanguage":"es-AR","@id":"https:\/\/apuntesdesanluis.com\/index.php\/2024\/09\/17\/otra-vez-toma-de-terrenos-en-la-ciudad-de-justo-daract\/#primaryimage","url":"https:\/\/apuntesdesanluis.com\/wp-content\/uploads\/2024\/09\/casuchas.png","contentUrl":"https:\/\/apuntesdesanluis.com\/wp-content\/uploads\/2024\/09\/casuchas.png","width":441,"height":256},{"@type":"BreadcrumbList","@id":"https:\/\/apuntesdesanluis.com\/index.php\/2024\/09\/17\/otra-vez-toma-de-terrenos-en-la-ciudad-de-justo-daract\/#breadcrumb","itemListElement":[{"@type":"ListItem","position":1,"name":"Inicio","item":"https:\/\/apuntesdesanluis.com\/"},{"@type":"ListItem","position":2,"name":"OTRA VEZ, TOMA DE TERRENOS EN LA CIUDAD DE JUSTO DARACT"}]},{"@type":"WebSite","@id":"https:\/\/apuntesdesanluis.com\/#website","url":"https:\/\/apuntesdesanluis.com\/","name":"Apuntes de San Luis","description":"","publisher":{"@id":"https:\/\/apuntesdesanluis.com\/#\/schema\/person\/b55151d52296fcce64d1a72538a70b90"},"potentialAction":[{"@type":"SearchAction","target":{"@type":"EntryPoint","urlTemplate":"https:\/\/apuntesdesanluis.com\/?s={search_term_string}"},"query-input":{"@type":"PropertyValueSpecification","valueRequired":true,"valueName":"search_term_string"}}],"inLanguage":"es-AR"},{"@type":["Person","Organization"],"@id":"https:\/\/apuntesdesanluis.com\/#\/schema\/person\/b55151d52296fcce64d1a72538a70b90","name":"apuntesdesanluis.com","image":{"@type":"ImageObject","inLanguage":"es-AR","@id":"https:\/\/apuntesdesanluis.com\/#\/schema\/person\/image\/","url":"https:\/\/apuntesdesanluis.com\/wp-content\/uploads\/2023\/07\/cropped-apuntesdesanluis.png","contentUrl":"https:\/\/apuntesdesanluis.com\/wp-content\/uploads\/2023\/07\/cropped-apuntesdesanluis.png","width":450,"height":112,"caption":"apuntesdesanluis.com"},"logo":{"@id":"https:\/\/apuntesdesanluis.com\/#\/schema\/person\/image\/"},"sameAs":["https:\/\/apuntesdesanluis.com"],"url":"https:\/\/apuntesdesanluis.com\/index.php\/author\/apuntesdesanluis-com\/"}]}},"featured_image_urls":{"full":["https:\/\/apuntesdesanluis.com\/wp-content\/uploads\/2024\/09\/casuchas.png",441,256,false],"thumbnail":["https:\/\/apuntesdesanluis.com\/wp-content\/uploads\/2024\/09\/casuchas-150x150.png",150,150,true],"medium":["https:\/\/apuntesdesanluis.com\/wp-content\/uploads\/2024\/09\/casuchas-300x174.png",300,174,true],"medium_large":["https:\/\/apuntesdesanluis.com\/wp-content\/uploads\/2024\/09\/casuchas.png",441,256,false],"large":["https:\/\/apuntesdesanluis.com\/wp-content\/uploads\/2024\/09\/casuchas.png",441,256,false],"1536x1536":["https:\/\/apuntesdesanluis.com\/wp-content\/uploads\/2024\/09\/casuchas.png",441,256,false],"2048x2048":["https:\/\/apuntesdesanluis.com\/wp-content\/uploads\/2024\/09\/casuchas.png",441,256,false],"newsever-slider-full":["https:\/\/apuntesdesanluis.com\/wp-content\/uploads\/2024\/09\/casuchas.png",441,256,false],"newsever-featured":["https:\/\/apuntesdesanluis.com\/wp-content\/uploads\/2024\/09\/casuchas.png",441,256,false],"newsever-medium":["https:\/\/apuntesdesanluis.com\/wp-content\/uploads\/2024\/09\/casuchas.png",441,256,false]},"author_info":{"display_name":"apuntesdesanluis.com","author_link":"https:\/\/apuntesdesanluis.com\/index.php\/author\/apuntesdesanluis-com\/"},"category_info":"<a href=\"https:\/\/apuntesdesanluis.com\/index.php\/category\/ciudad-provincia\/\" rel=\"category tag\">Ciudad\/Provincia<\/a>","tag_info":"Ciudad\/Provincia","comment_count":"0","_links":{"self":[{"href":"https:\/\/apuntesdesanluis.com\/index.php\/wp-json\/wp\/v2\/posts\/22343","targetHints":{"allow":["GET"]}}],"collection":[{"href":"https:\/\/apuntesdesanluis.com\/index.php\/wp-json\/wp\/v2\/posts"}],"about":[{"href":"https:\/\/apuntesdesanluis.com\/index.php\/wp-json\/wp\/v2\/types\/post"}],"author":[{"embeddable":true,"href":"https:\/\/apuntesdesanluis.com\/index.php\/wp-json\/wp\/v2\/users\/1"}],"replies":[{"embeddable":true,"href":"https:\/\/apuntesdesanluis.com\/index.php\/wp-json\/wp\/v2\/comments?post=22343"}],"version-history":[{"count":3,"href":"https:\/\/apuntesdesanluis.com\/index.php\/wp-json\/wp\/v2\/posts\/22343\/revisions"}],"predecessor-version":[{"id":22347,"href":"https:\/\/apuntesdesanluis.com\/index.php\/wp-json\/wp\/v2\/posts\/22343\/revisions\/22347"}],"wp:featuredmedia":[{"embeddable":true,"href":"https:\/\/apuntesdesanluis.com\/index.php\/wp-json\/wp\/v2\/media\/22344"}],"wp:attachment":[{"href":"https:\/\/apuntesdesanluis.com\/index.php\/wp-json\/wp\/v2\/media?parent=22343"}],"wp:term":[{"taxonomy":"category","embeddable":true,"href":"https:\/\/apuntesdesanluis.com\/index.php\/wp-json\/wp\/v2\/categories?post=22343"},{"taxonomy":"post_tag","embeddable":true,"href":"https:\/\/apuntesdesanluis.com\/index.php\/wp-json\/wp\/v2\/tags?post=22343"}],"curies":[{"name":"wp","href":"https:\/\/api.w.org\/{rel}","templated":true}]}}