{"id":22350,"date":"2024-09-17T17:45:24","date_gmt":"2024-09-17T20:45:24","guid":{"rendered":"https:\/\/apuntesdesanluis.com\/?p=22350"},"modified":"2024-09-17T19:37:53","modified_gmt":"2024-09-17T22:37:53","slug":"wilfred-tysoe-recibio-el-doctorado-honoris-causa-de-la-unsl","status":"publish","type":"post","link":"https:\/\/apuntesdesanluis.com\/index.php\/2024\/09\/17\/wilfred-tysoe-recibio-el-doctorado-honoris-causa-de-la-unsl\/","title":{"rendered":"WILFRED TYSOE RECIBI\u00d3 EL DOCTORADO HONORIS CAUSA DE LA UNSL"},"content":{"rendered":"<h3>Por sus m\u00e9ritos excepcionales y especiales servicios a la Universidad en la ense\u00f1anza e investigaci\u00f3n, el f\u00edsico recibi\u00f3 la m\u00e1xima distinci\u00f3n honor\u00edfica que otorga la <strong>Universidad Nacional de San Luis<\/strong>. La actividad se desarroll\u00f3 en el marco de la apertura de la <strong>109\u00b0 Reuni\u00f3n de la Asociaci\u00f3n F\u00edsica Argentina (RAFA)<\/strong>, de la que particip\u00f3 el gobernador de la Provincia, C.P.N. <strong>Claudio Poggi<\/strong>.<\/h3>\n<h3>Esta martes por la ma\u00f1ana, en el Auditorio Mauricio L\u00f3pez, se realiz\u00f3 la entrega del <strong>Doctorado Honoris Causa<\/strong>. El Dr. Octavio Furlong, uno de los que elev\u00f3 la solicitud, explic\u00f3 que la colaboraci\u00f3n del distinguido con nuestra Universidad comenz\u00f3 hace m\u00e1s de 30 a\u00f1os, a trav\u00e9s del Profesor Giorgio Zgrablic, quien fue el fundador y el primer director del Instituto de F\u00edsica Aplicada (INFAP).<\/h3>\n<h3><img fetchpriority=\"high\" decoding=\"async\" class=\"wp-image-22352 aligncenter\" src=\"https:\/\/apuntesdesanluis.com\/wp-content\/uploads\/2024\/09\/mesa-academica-300x178.png\" alt=\"\" width=\"644\" height=\"382\" srcset=\"https:\/\/apuntesdesanluis.com\/wp-content\/uploads\/2024\/09\/mesa-academica-300x178.png 300w, https:\/\/apuntesdesanluis.com\/wp-content\/uploads\/2024\/09\/mesa-academica-768x455.png 768w, https:\/\/apuntesdesanluis.com\/wp-content\/uploads\/2024\/09\/mesa-academica.png 792w\" sizes=\"(max-width: 644px) 100vw, 644px\" \/><\/h3>\n<h3>\u00abEs una gran alegr\u00eda que el Profesor <strong>Wilfred Tysoe<\/strong> es ahora parte de nuestra Instituci\u00f3n de manera permanente. Su aporte es invaluable y su ejemplo y ense\u00f1anzas continuar\u00e1n alcanzando a muchos otros miembros de nuestra comunidad\u00bb, dijo Furlong.<\/h3>\n<h3>En este sentido, el rector de la UNSL, C.P.N. V\u00edctor Mori\u00f1igo, expres\u00f3: \u00abes un Honoris Causa a un f\u00edsico que se destaca no solo por su prestigio acad\u00e9mico y cient\u00edfico, sino tambi\u00e9n por su don de persona, por su cari\u00f1o a la Universidad Nacional de San Luis y como un gran educador en la f\u00edsica mundial\u00bb.<\/h3>\n<h3><strong>SOBRE WILFRED TYSOE<\/strong><\/h3>\n<h3>Obtuvo un t\u00edtulo de primera clase en Licenciatura en Ciencias en F\u00edsica Qu\u00edmica de la Universidad de Manchester en Inglaterra (1972), una Maestr\u00eda en Ciencias en Qu\u00edmica F\u00edsica de la Universidad de S\u00eddney, Australia (1975) y un Doctorado en Qu\u00edmica F\u00edsica de la Universidad de Cambridge en Inglaterra (1982).<\/h3>\n<h3>Antes de iniciar una carrera acad\u00e9mica, ense\u00f1\u00f3 f\u00edsica y qu\u00edmica en una escuela secundaria como parte de un programa de servicio voluntario en el extranjero en Ghana, \u00c1frica Occidental y trabaj\u00f3 para la compa\u00f1\u00eda Plessey en Inglaterra. Despu\u00e9s de sus estudios posdoctorales en la Universidad de California Berkeley, se uni\u00f3 al Laboratorio de Estudios de Superficies de la Universidad de Wisconsin-Milwaukee en 1984, donde actualmente es Profesor distinguido de Qu\u00edmica.<\/h3>\n<h3><img decoding=\"async\" class=\"wp-image-22353 aligncenter\" src=\"https:\/\/apuntesdesanluis.com\/wp-content\/uploads\/2024\/09\/medalla-300x181.png\" alt=\"\" width=\"640\" height=\"386\" srcset=\"https:\/\/apuntesdesanluis.com\/wp-content\/uploads\/2024\/09\/medalla-300x181.png 300w, https:\/\/apuntesdesanluis.com\/wp-content\/uploads\/2024\/09\/medalla-768x463.png 768w, https:\/\/apuntesdesanluis.com\/wp-content\/uploads\/2024\/09\/medalla.png 799w\" sizes=\"(max-width: 640px) 100vw, 640px\" \/><\/h3>\n<h3>Su producci\u00f3n cient\u00edfica es absolutamente relevante tanto en n\u00famero de publicaciones como en la calidad de las revistas internacionales donde sus contribuciones han sido publicadas, obteniendo as\u00ed, el reconocimiento de la comunidad internacional por sus avances cient\u00edficos. Tiene una important\u00edsima tarea de formaci\u00f3n de recursos humanos tanto de doctorados como de maestr\u00edas en f\u00edsica, qu\u00edmica y fisicoqu\u00edmica, de la que han participado varios estudiantes de la Universidad Nacional de San Luis obteniendo su formaci\u00f3n doctoral y\/o posdoctoral bajo su direcci\u00f3n, mientras que otros han participado en grupos de investigaci\u00f3n.<\/h3>\n<h3>En 2002, realiz\u00f3 la donaci\u00f3n de equipos al Laboratorio de Ciencias de Superficies del Departamento de F\u00edsica de la UNSL, y desde entonces ha seguido contribuyendo de manera permanente con repuestos y accesorios para el mantenimiento y funcionamiento de dichos equipos. Fue nombrado como Profesor Titular Visitante ad honorem de la Facultad de Ciencias F\u00edsico Matem\u00e1ticas y Naturales y desde all\u00ed ha sido designado como Profesor Titular ad honorem en m\u00faltiples ocasiones, en los a\u00f1os 2003, 2013, 2014, 2017, 2018 y 2022. Mantiene, desde hace a\u00f1os, una estrecha relaci\u00f3n con la comunidad acad\u00e9mica y profesional de nuestro medio, donde es ampliamente reconocido y valorado.<\/h3>\n<h3><strong>APERTURA DE LAS 109\u00b0 EDICI\u00d3N DE LA RAFA<\/strong><\/h3>\n<h3>Del 17 al 20 de septiembre, la UNSL se convierte en un punto de encuentro de destacados\/as investigadores y estudiantes de grado y posgrado, as\u00ed como profesionales de la f\u00edsica de varios pa\u00edses. La Reuni\u00f3n busca acercar la ciencia a la comunidad a trav\u00e9s de charlas de divulgaci\u00f3n abiertas al p\u00fablico en general, fomentando el inter\u00e9s por la f\u00edsica y promoviendo la participaci\u00f3n activa de todos\/as.<\/h3>\n<h3><img decoding=\"async\" class=\"wp-image-22354 aligncenter\" src=\"https:\/\/apuntesdesanluis.com\/wp-content\/uploads\/2024\/09\/gobernador-300x151.png\" alt=\"\" width=\"654\" height=\"329\" srcset=\"https:\/\/apuntesdesanluis.com\/wp-content\/uploads\/2024\/09\/gobernador-300x151.png 300w, https:\/\/apuntesdesanluis.com\/wp-content\/uploads\/2024\/09\/gobernador-768x388.png 768w, https:\/\/apuntesdesanluis.com\/wp-content\/uploads\/2024\/09\/gobernador.png 919w\" sizes=\"(max-width: 654px) 100vw, 654px\" \/><\/h3>\n<h3>Conformaron la Mesa Acad\u00e9mica V\u00edctor Mori\u00f1igo; el gobernador de la Provincia, Claudio Poggi; la decana de la FCFMyN, Marcela Printista; el presidente de la Sociedad F\u00edsica Argentina, Omar Osenda; el director del Departamento de F\u00edsica de la Facultad, Marcelo Nazarro y el presidente del Comit\u00e9 Organizador, Paulo Centres.<\/h3>\n<h3>Printista hizo un breve recorrido hist\u00f3rico sobre el v\u00ednculo de la f\u00edsica en la creaci\u00f3n de la Universidad. En cuanto a la Reuni\u00f3n remarc\u00f3 que quienes asisten estar\u00e1n compartiendo educaci\u00f3n, ciencia, tecnolog\u00eda, investigaci\u00f3n e innovaci\u00f3n. \u00abEstoy segura que al finalizar esta conferencia saldremos todos muchos m\u00e1s fortalecidos para afrontar los grandes desaf\u00edos de los tiempos que corren\u00bb, dijo.<\/h3>\n<h3>Por su parte, Poggi destac\u00f3 que este tipo de eventos jerarquiza nuestra Provincia. \u00abEn un pa\u00eds en donde no se habla mucho de educaci\u00f3n por parte de quienes tienen el poder pol\u00edtico, yo desde lo personal estoy convencido que la educaci\u00f3n, el acceso al conocimiento, la ciencia, es la madre de las pol\u00edticas p\u00fablicas, ese es el camino\u00bb, manifest\u00f3.<\/h3>\n<h3><img loading=\"lazy\" decoding=\"async\" class=\"wp-image-22355 aligncenter\" src=\"https:\/\/apuntesdesanluis.com\/wp-content\/uploads\/2024\/09\/publico-300x161.png\" alt=\"\" width=\"660\" height=\"354\" srcset=\"https:\/\/apuntesdesanluis.com\/wp-content\/uploads\/2024\/09\/publico-300x161.png 300w, https:\/\/apuntesdesanluis.com\/wp-content\/uploads\/2024\/09\/publico-768x411.png 768w, https:\/\/apuntesdesanluis.com\/wp-content\/uploads\/2024\/09\/publico.png 926w\" sizes=\"(max-width: 660px) 100vw, 660px\" \/><\/h3>\n<h3>En esa l\u00ednea, Mori\u00f1igo mencion\u00f3 que para los\/as argentinos\/as es muy importante este tipo de eventos en el momento dif\u00edcil que vivimos. \u00abEl mensaje el d\u00eda de hoy y en todas estas jornadas de trabajo debe ser defender la ciencia argentina sin ponernos colorados ni sentirnos culpables. Nosotros no trabajamos del estado, trabajamos para el estado. Y creo que tenemos que tener la fuerte convicci\u00f3n que no hace falta crecer primero para distribuir y financiar la ciencia despu\u00e9s, sino que es todo lo contrario, tenemos que hacer ciencia para poder crecer como pa\u00eds. Esa frase la tenemos que acu\u00f1ar, defender y sostener\u00bb, concluy\u00f3.<\/h3>\n<p>&nbsp;<\/p>\n<p><iframe title=\"Claudio Poggi, gobernador de San Luis   Nota en UNSL\" width=\"640\" height=\"360\" src=\"https:\/\/www.youtube.com\/embed\/aVovXg_-RG4?feature=oembed\" frameborder=\"0\" allow=\"accelerometer; autoplay; clipboard-write; encrypted-media; gyroscope; picture-in-picture; web-share\" referrerpolicy=\"strict-origin-when-cross-origin\" allowfullscreen><\/iframe><\/p>\n<p>&nbsp;<\/p>\n<p>&nbsp;<\/p>\n<p>&nbsp;<\/p>\n<p>&nbsp;<\/p>\n<p>&nbsp;<\/p>\n","protected":false},"excerpt":{"rendered":"<p>Por sus m\u00e9ritos excepcionales y especiales servicios a la Universidad en la ense\u00f1anza e investigaci\u00f3n,&#8230;<\/p>\n","protected":false},"author":1,"featured_media":22351,"comment_status":"closed","ping_status":"closed","sticky":false,"template":"","format":"standard","meta":{"footnotes":""},"categories":[6],"tags":[],"class_list":["post-22350","post","type-post","status-publish","format-standard","has-post-thumbnail","hentry","category-ciudad-provincia"],"yoast_head":"<!-- This site is optimized with the Yoast SEO plugin v26.1.1 - https:\/\/yoast.com\/wordpress\/plugins\/seo\/ -->\n<title>WILFRED TYSOE RECIBI\u00d3 EL DOCTORADO HONORIS CAUSA DE LA UNSL - Apuntes de San Luis<\/title>\n<meta name=\"robots\" content=\"index, follow, max-snippet:-1, max-image-preview:large, max-video-preview:-1\" \/>\n<link rel=\"canonical\" href=\"https:\/\/apuntesdesanluis.com\/index.php\/2024\/09\/17\/wilfred-tysoe-recibio-el-doctorado-honoris-causa-de-la-unsl\/\" \/>\n<meta property=\"og:locale\" content=\"es_ES\" \/>\n<meta property=\"og:type\" content=\"article\" \/>\n<meta property=\"og:title\" content=\"WILFRED TYSOE RECIBI\u00d3 EL DOCTORADO HONORIS CAUSA DE LA UNSL - Apuntes de San Luis\" \/>\n<meta property=\"og:description\" content=\"Por sus m\u00e9ritos excepcionales y especiales servicios a la Universidad en la ense\u00f1anza e investigaci\u00f3n,...\" \/>\n<meta property=\"og:url\" content=\"https:\/\/apuntesdesanluis.com\/index.php\/2024\/09\/17\/wilfred-tysoe-recibio-el-doctorado-honoris-causa-de-la-unsl\/\" \/>\n<meta property=\"og:site_name\" content=\"Apuntes de San Luis\" \/>\n<meta property=\"article:published_time\" content=\"2024-09-17T20:45:24+00:00\" \/>\n<meta property=\"article:modified_time\" content=\"2024-09-17T22:37:53+00:00\" \/>\n<meta property=\"og:image\" content=\"https:\/\/apuntesdesanluis.com\/wp-content\/uploads\/2024\/09\/morinigo-entrega-e1726606056121.png\" \/>\n\t<meta property=\"og:image:width\" content=\"861\" \/>\n\t<meta property=\"og:image:height\" content=\"448\" \/>\n\t<meta property=\"og:image:type\" content=\"image\/png\" \/>\n<meta name=\"author\" content=\"apuntesdesanluis.com\" \/>\n<meta name=\"twitter:card\" content=\"summary_large_image\" \/>\n<meta name=\"twitter:label1\" content=\"Escrito por\" \/>\n\t<meta name=\"twitter:data1\" content=\"apuntesdesanluis.com\" \/>\n\t<meta name=\"twitter:label2\" content=\"Tiempo de lectura\" \/>\n\t<meta name=\"twitter:data2\" content=\"6 minutos\" \/>\n<script type=\"application\/ld+json\" class=\"yoast-schema-graph\">{\"@context\":\"https:\/\/schema.org\",\"@graph\":[{\"@type\":\"Article\",\"@id\":\"https:\/\/apuntesdesanluis.com\/index.php\/2024\/09\/17\/wilfred-tysoe-recibio-el-doctorado-honoris-causa-de-la-unsl\/#article\",\"isPartOf\":{\"@id\":\"https:\/\/apuntesdesanluis.com\/index.php\/2024\/09\/17\/wilfred-tysoe-recibio-el-doctorado-honoris-causa-de-la-unsl\/\"},\"author\":{\"name\":\"apuntesdesanluis.com\",\"@id\":\"https:\/\/apuntesdesanluis.com\/#\/schema\/person\/b55151d52296fcce64d1a72538a70b90\"},\"headline\":\"WILFRED TYSOE RECIBI\u00d3 EL DOCTORADO HONORIS CAUSA DE LA UNSL\",\"datePublished\":\"2024-09-17T20:45:24+00:00\",\"dateModified\":\"2024-09-17T22:37:53+00:00\",\"mainEntityOfPage\":{\"@id\":\"https:\/\/apuntesdesanluis.com\/index.php\/2024\/09\/17\/wilfred-tysoe-recibio-el-doctorado-honoris-causa-de-la-unsl\/\"},\"wordCount\":1004,\"publisher\":{\"@id\":\"https:\/\/apuntesdesanluis.com\/#\/schema\/person\/b55151d52296fcce64d1a72538a70b90\"},\"image\":{\"@id\":\"https:\/\/apuntesdesanluis.com\/index.php\/2024\/09\/17\/wilfred-tysoe-recibio-el-doctorado-honoris-causa-de-la-unsl\/#primaryimage\"},\"thumbnailUrl\":\"https:\/\/apuntesdesanluis.com\/wp-content\/uploads\/2024\/09\/morinigo-entrega-e1726606056121.png\",\"articleSection\":[\"Ciudad\/Provincia\"],\"inLanguage\":\"es-AR\"},{\"@type\":\"WebPage\",\"@id\":\"https:\/\/apuntesdesanluis.com\/index.php\/2024\/09\/17\/wilfred-tysoe-recibio-el-doctorado-honoris-causa-de-la-unsl\/\",\"url\":\"https:\/\/apuntesdesanluis.com\/index.php\/2024\/09\/17\/wilfred-tysoe-recibio-el-doctorado-honoris-causa-de-la-unsl\/\",\"name\":\"WILFRED TYSOE RECIBI\u00d3 EL DOCTORADO HONORIS CAUSA DE LA UNSL - Apuntes de San Luis\",\"isPartOf\":{\"@id\":\"https:\/\/apuntesdesanluis.com\/#website\"},\"primaryImageOfPage\":{\"@id\":\"https:\/\/apuntesdesanluis.com\/index.php\/2024\/09\/17\/wilfred-tysoe-recibio-el-doctorado-honoris-causa-de-la-unsl\/#primaryimage\"},\"image\":{\"@id\":\"https:\/\/apuntesdesanluis.com\/index.php\/2024\/09\/17\/wilfred-tysoe-recibio-el-doctorado-honoris-causa-de-la-unsl\/#primaryimage\"},\"thumbnailUrl\":\"https:\/\/apuntesdesanluis.com\/wp-content\/uploads\/2024\/09\/morinigo-entrega-e1726606056121.png\",\"datePublished\":\"2024-09-17T20:45:24+00:00\",\"dateModified\":\"2024-09-17T22:37:53+00:00\",\"breadcrumb\":{\"@id\":\"https:\/\/apuntesdesanluis.com\/index.php\/2024\/09\/17\/wilfred-tysoe-recibio-el-doctorado-honoris-causa-de-la-unsl\/#breadcrumb\"},\"inLanguage\":\"es-AR\",\"potentialAction\":[{\"@type\":\"ReadAction\",\"target\":[\"https:\/\/apuntesdesanluis.com\/index.php\/2024\/09\/17\/wilfred-tysoe-recibio-el-doctorado-honoris-causa-de-la-unsl\/\"]}]},{\"@type\":\"ImageObject\",\"inLanguage\":\"es-AR\",\"@id\":\"https:\/\/apuntesdesanluis.com\/index.php\/2024\/09\/17\/wilfred-tysoe-recibio-el-doctorado-honoris-causa-de-la-unsl\/#primaryimage\",\"url\":\"https:\/\/apuntesdesanluis.com\/wp-content\/uploads\/2024\/09\/morinigo-entrega-e1726606056121.png\",\"contentUrl\":\"https:\/\/apuntesdesanluis.com\/wp-content\/uploads\/2024\/09\/morinigo-entrega-e1726606056121.png\",\"width\":861,\"height\":448},{\"@type\":\"BreadcrumbList\",\"@id\":\"https:\/\/apuntesdesanluis.com\/index.php\/2024\/09\/17\/wilfred-tysoe-recibio-el-doctorado-honoris-causa-de-la-unsl\/#breadcrumb\",\"itemListElement\":[{\"@type\":\"ListItem\",\"position\":1,\"name\":\"Inicio\",\"item\":\"https:\/\/apuntesdesanluis.com\/\"},{\"@type\":\"ListItem\",\"position\":2,\"name\":\"WILFRED TYSOE RECIBI\u00d3 EL DOCTORADO HONORIS CAUSA DE LA UNSL\"}]},{\"@type\":\"WebSite\",\"@id\":\"https:\/\/apuntesdesanluis.com\/#website\",\"url\":\"https:\/\/apuntesdesanluis.com\/\",\"name\":\"Apuntes de San Luis\",\"description\":\"\",\"publisher\":{\"@id\":\"https:\/\/apuntesdesanluis.com\/#\/schema\/person\/b55151d52296fcce64d1a72538a70b90\"},\"potentialAction\":[{\"@type\":\"SearchAction\",\"target\":{\"@type\":\"EntryPoint\",\"urlTemplate\":\"https:\/\/apuntesdesanluis.com\/?s={search_term_string}\"},\"query-input\":{\"@type\":\"PropertyValueSpecification\",\"valueRequired\":true,\"valueName\":\"search_term_string\"}}],\"inLanguage\":\"es-AR\"},{\"@type\":[\"Person\",\"Organization\"],\"@id\":\"https:\/\/apuntesdesanluis.com\/#\/schema\/person\/b55151d52296fcce64d1a72538a70b90\",\"name\":\"apuntesdesanluis.com\",\"image\":{\"@type\":\"ImageObject\",\"inLanguage\":\"es-AR\",\"@id\":\"https:\/\/apuntesdesanluis.com\/#\/schema\/person\/image\/\",\"url\":\"https:\/\/apuntesdesanluis.com\/wp-content\/uploads\/2023\/07\/cropped-apuntesdesanluis.png\",\"contentUrl\":\"https:\/\/apuntesdesanluis.com\/wp-content\/uploads\/2023\/07\/cropped-apuntesdesanluis.png\",\"width\":450,\"height\":112,\"caption\":\"apuntesdesanluis.com\"},\"logo\":{\"@id\":\"https:\/\/apuntesdesanluis.com\/#\/schema\/person\/image\/\"},\"sameAs\":[\"https:\/\/apuntesdesanluis.com\"],\"url\":\"https:\/\/apuntesdesanluis.com\/index.php\/author\/apuntesdesanluis-com\/\"}]}<\/script>\n<!-- \/ Yoast SEO plugin. -->","yoast_head_json":{"title":"WILFRED TYSOE RECIBI\u00d3 EL DOCTORADO HONORIS CAUSA DE LA UNSL - Apuntes de San Luis","robots":{"index":"index","follow":"follow","max-snippet":"max-snippet:-1","max-image-preview":"max-image-preview:large","max-video-preview":"max-video-preview:-1"},"canonical":"https:\/\/apuntesdesanluis.com\/index.php\/2024\/09\/17\/wilfred-tysoe-recibio-el-doctorado-honoris-causa-de-la-unsl\/","og_locale":"es_ES","og_type":"article","og_title":"WILFRED TYSOE RECIBI\u00d3 EL DOCTORADO HONORIS CAUSA DE LA UNSL - Apuntes de San Luis","og_description":"Por sus m\u00e9ritos excepcionales y especiales servicios a la Universidad en la ense\u00f1anza e investigaci\u00f3n,...","og_url":"https:\/\/apuntesdesanluis.com\/index.php\/2024\/09\/17\/wilfred-tysoe-recibio-el-doctorado-honoris-causa-de-la-unsl\/","og_site_name":"Apuntes de San Luis","article_published_time":"2024-09-17T20:45:24+00:00","article_modified_time":"2024-09-17T22:37:53+00:00","og_image":[{"width":861,"height":448,"url":"https:\/\/apuntesdesanluis.com\/wp-content\/uploads\/2024\/09\/morinigo-entrega-e1726606056121.png","type":"image\/png"}],"author":"apuntesdesanluis.com","twitter_card":"summary_large_image","twitter_misc":{"Escrito por":"apuntesdesanluis.com","Tiempo de lectura":"6 minutos"},"schema":{"@context":"https:\/\/schema.org","@graph":[{"@type":"Article","@id":"https:\/\/apuntesdesanluis.com\/index.php\/2024\/09\/17\/wilfred-tysoe-recibio-el-doctorado-honoris-causa-de-la-unsl\/#article","isPartOf":{"@id":"https:\/\/apuntesdesanluis.com\/index.php\/2024\/09\/17\/wilfred-tysoe-recibio-el-doctorado-honoris-causa-de-la-unsl\/"},"author":{"name":"apuntesdesanluis.com","@id":"https:\/\/apuntesdesanluis.com\/#\/schema\/person\/b55151d52296fcce64d1a72538a70b90"},"headline":"WILFRED TYSOE RECIBI\u00d3 EL DOCTORADO HONORIS CAUSA DE LA UNSL","datePublished":"2024-09-17T20:45:24+00:00","dateModified":"2024-09-17T22:37:53+00:00","mainEntityOfPage":{"@id":"https:\/\/apuntesdesanluis.com\/index.php\/2024\/09\/17\/wilfred-tysoe-recibio-el-doctorado-honoris-causa-de-la-unsl\/"},"wordCount":1004,"publisher":{"@id":"https:\/\/apuntesdesanluis.com\/#\/schema\/person\/b55151d52296fcce64d1a72538a70b90"},"image":{"@id":"https:\/\/apuntesdesanluis.com\/index.php\/2024\/09\/17\/wilfred-tysoe-recibio-el-doctorado-honoris-causa-de-la-unsl\/#primaryimage"},"thumbnailUrl":"https:\/\/apuntesdesanluis.com\/wp-content\/uploads\/2024\/09\/morinigo-entrega-e1726606056121.png","articleSection":["Ciudad\/Provincia"],"inLanguage":"es-AR"},{"@type":"WebPage","@id":"https:\/\/apuntesdesanluis.com\/index.php\/2024\/09\/17\/wilfred-tysoe-recibio-el-doctorado-honoris-causa-de-la-unsl\/","url":"https:\/\/apuntesdesanluis.com\/index.php\/2024\/09\/17\/wilfred-tysoe-recibio-el-doctorado-honoris-causa-de-la-unsl\/","name":"WILFRED TYSOE RECIBI\u00d3 EL DOCTORADO HONORIS CAUSA DE LA UNSL - Apuntes de San Luis","isPartOf":{"@id":"https:\/\/apuntesdesanluis.com\/#website"},"primaryImageOfPage":{"@id":"https:\/\/apuntesdesanluis.com\/index.php\/2024\/09\/17\/wilfred-tysoe-recibio-el-doctorado-honoris-causa-de-la-unsl\/#primaryimage"},"image":{"@id":"https:\/\/apuntesdesanluis.com\/index.php\/2024\/09\/17\/wilfred-tysoe-recibio-el-doctorado-honoris-causa-de-la-unsl\/#primaryimage"},"thumbnailUrl":"https:\/\/apuntesdesanluis.com\/wp-content\/uploads\/2024\/09\/morinigo-entrega-e1726606056121.png","datePublished":"2024-09-17T20:45:24+00:00","dateModified":"2024-09-17T22:37:53+00:00","breadcrumb":{"@id":"https:\/\/apuntesdesanluis.com\/index.php\/2024\/09\/17\/wilfred-tysoe-recibio-el-doctorado-honoris-causa-de-la-unsl\/#breadcrumb"},"inLanguage":"es-AR","potentialAction":[{"@type":"ReadAction","target":["https:\/\/apuntesdesanluis.com\/index.php\/2024\/09\/17\/wilfred-tysoe-recibio-el-doctorado-honoris-causa-de-la-unsl\/"]}]},{"@type":"ImageObject","inLanguage":"es-AR","@id":"https:\/\/apuntesdesanluis.com\/index.php\/2024\/09\/17\/wilfred-tysoe-recibio-el-doctorado-honoris-causa-de-la-unsl\/#primaryimage","url":"https:\/\/apuntesdesanluis.com\/wp-content\/uploads\/2024\/09\/morinigo-entrega-e1726606056121.png","contentUrl":"https:\/\/apuntesdesanluis.com\/wp-content\/uploads\/2024\/09\/morinigo-entrega-e1726606056121.png","width":861,"height":448},{"@type":"BreadcrumbList","@id":"https:\/\/apuntesdesanluis.com\/index.php\/2024\/09\/17\/wilfred-tysoe-recibio-el-doctorado-honoris-causa-de-la-unsl\/#breadcrumb","itemListElement":[{"@type":"ListItem","position":1,"name":"Inicio","item":"https:\/\/apuntesdesanluis.com\/"},{"@type":"ListItem","position":2,"name":"WILFRED TYSOE RECIBI\u00d3 EL DOCTORADO HONORIS CAUSA DE LA UNSL"}]},{"@type":"WebSite","@id":"https:\/\/apuntesdesanluis.com\/#website","url":"https:\/\/apuntesdesanluis.com\/","name":"Apuntes de San Luis","description":"","publisher":{"@id":"https:\/\/apuntesdesanluis.com\/#\/schema\/person\/b55151d52296fcce64d1a72538a70b90"},"potentialAction":[{"@type":"SearchAction","target":{"@type":"EntryPoint","urlTemplate":"https:\/\/apuntesdesanluis.com\/?s={search_term_string}"},"query-input":{"@type":"PropertyValueSpecification","valueRequired":true,"valueName":"search_term_string"}}],"inLanguage":"es-AR"},{"@type":["Person","Organization"],"@id":"https:\/\/apuntesdesanluis.com\/#\/schema\/person\/b55151d52296fcce64d1a72538a70b90","name":"apuntesdesanluis.com","image":{"@type":"ImageObject","inLanguage":"es-AR","@id":"https:\/\/apuntesdesanluis.com\/#\/schema\/person\/image\/","url":"https:\/\/apuntesdesanluis.com\/wp-content\/uploads\/2023\/07\/cropped-apuntesdesanluis.png","contentUrl":"https:\/\/apuntesdesanluis.com\/wp-content\/uploads\/2023\/07\/cropped-apuntesdesanluis.png","width":450,"height":112,"caption":"apuntesdesanluis.com"},"logo":{"@id":"https:\/\/apuntesdesanluis.com\/#\/schema\/person\/image\/"},"sameAs":["https:\/\/apuntesdesanluis.com"],"url":"https:\/\/apuntesdesanluis.com\/index.php\/author\/apuntesdesanluis-com\/"}]}},"featured_image_urls":{"full":["https:\/\/apuntesdesanluis.com\/wp-content\/uploads\/2024\/09\/morinigo-entrega-e1726606056121.png",861,448,false],"thumbnail":["https:\/\/apuntesdesanluis.com\/wp-content\/uploads\/2024\/09\/morinigo-entrega-e1726606056121-150x150.png",150,150,true],"medium":["https:\/\/apuntesdesanluis.com\/wp-content\/uploads\/2024\/09\/morinigo-entrega-e1726606056121-300x156.png",300,156,true],"medium_large":["https:\/\/apuntesdesanluis.com\/wp-content\/uploads\/2024\/09\/morinigo-entrega-e1726606056121-768x400.png",640,333,true],"large":["https:\/\/apuntesdesanluis.com\/wp-content\/uploads\/2024\/09\/morinigo-entrega-e1726606056121.png",640,333,false],"1536x1536":["https:\/\/apuntesdesanluis.com\/wp-content\/uploads\/2024\/09\/morinigo-entrega-e1726606056121.png",861,448,false],"2048x2048":["https:\/\/apuntesdesanluis.com\/wp-content\/uploads\/2024\/09\/morinigo-entrega-e1726606056121.png",861,448,false],"newsever-slider-full":["https:\/\/apuntesdesanluis.com\/wp-content\/uploads\/2024\/09\/morinigo-entrega-e1726606056121.png",861,448,false],"newsever-featured":["https:\/\/apuntesdesanluis.com\/wp-content\/uploads\/2024\/09\/morinigo-entrega-e1726606056121.png",861,448,false],"newsever-medium":["https:\/\/apuntesdesanluis.com\/wp-content\/uploads\/2024\/09\/morinigo-entrega-e1726606056121-720x448.png",720,448,true]},"author_info":{"display_name":"apuntesdesanluis.com","author_link":"https:\/\/apuntesdesanluis.com\/index.php\/author\/apuntesdesanluis-com\/"},"category_info":"<a href=\"https:\/\/apuntesdesanluis.com\/index.php\/category\/ciudad-provincia\/\" rel=\"category tag\">Ciudad\/Provincia<\/a>","tag_info":"Ciudad\/Provincia","comment_count":"0","_links":{"self":[{"href":"https:\/\/apuntesdesanluis.com\/index.php\/wp-json\/wp\/v2\/posts\/22350","targetHints":{"allow":["GET"]}}],"collection":[{"href":"https:\/\/apuntesdesanluis.com\/index.php\/wp-json\/wp\/v2\/posts"}],"about":[{"href":"https:\/\/apuntesdesanluis.com\/index.php\/wp-json\/wp\/v2\/types\/post"}],"author":[{"embeddable":true,"href":"https:\/\/apuntesdesanluis.com\/index.php\/wp-json\/wp\/v2\/users\/1"}],"replies":[{"embeddable":true,"href":"https:\/\/apuntesdesanluis.com\/index.php\/wp-json\/wp\/v2\/comments?post=22350"}],"version-history":[{"count":2,"href":"https:\/\/apuntesdesanluis.com\/index.php\/wp-json\/wp\/v2\/posts\/22350\/revisions"}],"predecessor-version":[{"id":22361,"href":"https:\/\/apuntesdesanluis.com\/index.php\/wp-json\/wp\/v2\/posts\/22350\/revisions\/22361"}],"wp:featuredmedia":[{"embeddable":true,"href":"https:\/\/apuntesdesanluis.com\/index.php\/wp-json\/wp\/v2\/media\/22351"}],"wp:attachment":[{"href":"https:\/\/apuntesdesanluis.com\/index.php\/wp-json\/wp\/v2\/media?parent=22350"}],"wp:term":[{"taxonomy":"category","embeddable":true,"href":"https:\/\/apuntesdesanluis.com\/index.php\/wp-json\/wp\/v2\/categories?post=22350"},{"taxonomy":"post_tag","embeddable":true,"href":"https:\/\/apuntesdesanluis.com\/index.php\/wp-json\/wp\/v2\/tags?post=22350"}],"curies":[{"name":"wp","href":"https:\/\/api.w.org\/{rel}","templated":true}]}}