{"id":22391,"date":"2024-09-17T19:32:51","date_gmt":"2024-09-17T22:32:51","guid":{"rendered":"https:\/\/apuntesdesanluis.com\/?p=22391"},"modified":"2024-09-17T21:34:25","modified_gmt":"2024-09-18T00:34:25","slug":"merlo-haran-caminata-simbolica-en-busca-de-paz-y-valores-positivos","status":"publish","type":"post","link":"https:\/\/apuntesdesanluis.com\/index.php\/2024\/09\/17\/merlo-haran-caminata-simbolica-en-busca-de-paz-y-valores-positivos\/","title":{"rendered":"MERLO: HAR\u00c1N CAMINATA SIMB\u00d3LICA EN BUSCA DE PAZ Y VALORES POSITIVOS"},"content":{"rendered":"<h3>El 21 de septiembre se celebra el <strong>D\u00eda Internacional por la Paz<\/strong> y en conmemoraci\u00f3n de esta fecha se invita a toda la comunidad a participar del encuentro-caminata que se realizar\u00e1 el mi\u00e9rcoles 25 de septiembre a partir de las 10.30 h, desde el Hotel Casablanca hasta la Plaza Sobremonte.<\/h3>\n<h3>Desde el Jard\u00edn Maternal Municipal \u201cDuendes del Sol\u201d, perteneciente a la Secretar\u00eda de Desarrollo Humano, en forma conjunta al Centro de Mediaci\u00f3n Judicial y Extrajudicial de Villa de Merlo, se invita a la comunidad educativa, familiares y vecinos de la villa a la caminata simb\u00f3lica en busca de transmitir un mensaje de amor y paz.<\/h3>\n<h3>El encuentro se realizar\u00e1 el <strong>mi\u00e9rcoles 25 <\/strong>en el <strong>hotel Casablanca a las 10:30 hs<\/strong>. cada asistente deber\u00e1 llevar su paraguas o ir vestido con ropa de colores y un globo blanco con un mensaje para intercambiar en el cierre de la jornada.<\/h3>\n<h3>El proyecto Paraguas por la Paz fue creado en 2002 por el artista estadounidense Matt Lamb, quien organiz\u00f3 un taller en Washington D.C. con 38 ni\u00f1os, hijos de v\u00edctimas del atentado del 11 de septiembre. Desde entonces, m\u00e1s de 500.000 personas en 20 pa\u00edses han participado en esta iniciativa, decorando paraguas como un s\u00edmbolo de protecci\u00f3n y esperanza.<\/h3>\n<h3>Este a\u00f1o, la actividad adquiere mayor importancia al coincidir con el 25\u00ba Aniversario de la Declaraci\u00f3n y Programa de Acci\u00f3n sobre una Cultura de Paz, adoptada por la Asamblea General de la ONU, bajo el lema propuesto para 2024: &#8220;Cultivar una Cultura de Paz&#8221;.<\/h3>\n<p>&nbsp;<\/p>\n<p>&nbsp;<\/p>\n<p>&nbsp;<\/p>\n<p>&nbsp;<\/p>\n","protected":false},"excerpt":{"rendered":"<p>El 21 de septiembre se celebra el D\u00eda Internacional por la Paz y en conmemoraci\u00f3n&#8230;<\/p>\n","protected":false},"author":1,"featured_media":22392,"comment_status":"closed","ping_status":"closed","sticky":false,"template":"","format":"standard","meta":{"footnotes":""},"categories":[6],"tags":[],"class_list":["post-22391","post","type-post","status-publish","format-standard","has-post-thumbnail","hentry","category-ciudad-provincia"],"yoast_head":"<!-- This site is optimized with the Yoast SEO plugin v26.1.1 - https:\/\/yoast.com\/wordpress\/plugins\/seo\/ -->\n<title>MERLO: HAR\u00c1N CAMINATA SIMB\u00d3LICA EN BUSCA DE PAZ Y VALORES POSITIVOS - Apuntes de San Luis<\/title>\n<meta name=\"robots\" content=\"index, follow, max-snippet:-1, max-image-preview:large, max-video-preview:-1\" \/>\n<link rel=\"canonical\" href=\"https:\/\/apuntesdesanluis.com\/index.php\/2024\/09\/17\/merlo-haran-caminata-simbolica-en-busca-de-paz-y-valores-positivos\/\" \/>\n<meta property=\"og:locale\" content=\"es_ES\" \/>\n<meta property=\"og:type\" content=\"article\" \/>\n<meta property=\"og:title\" content=\"MERLO: HAR\u00c1N CAMINATA SIMB\u00d3LICA EN BUSCA DE PAZ Y VALORES POSITIVOS - Apuntes de San Luis\" \/>\n<meta property=\"og:description\" content=\"El 21 de septiembre se celebra el D\u00eda Internacional por la Paz y en conmemoraci\u00f3n...\" \/>\n<meta property=\"og:url\" content=\"https:\/\/apuntesdesanluis.com\/index.php\/2024\/09\/17\/merlo-haran-caminata-simbolica-en-busca-de-paz-y-valores-positivos\/\" \/>\n<meta property=\"og:site_name\" content=\"Apuntes de San Luis\" \/>\n<meta property=\"article:published_time\" content=\"2024-09-17T22:32:51+00:00\" \/>\n<meta property=\"article:modified_time\" content=\"2024-09-18T00:34:25+00:00\" \/>\n<meta property=\"og:image\" content=\"https:\/\/apuntesdesanluis.com\/wp-content\/uploads\/2024\/09\/CAMINATA.jpg\" \/>\n\t<meta property=\"og:image:width\" content=\"626\" \/>\n\t<meta property=\"og:image:height\" content=\"349\" \/>\n\t<meta property=\"og:image:type\" content=\"image\/jpeg\" \/>\n<meta name=\"author\" content=\"apuntesdesanluis.com\" \/>\n<meta name=\"twitter:card\" content=\"summary_large_image\" \/>\n<meta name=\"twitter:label1\" content=\"Escrito por\" \/>\n\t<meta name=\"twitter:data1\" content=\"apuntesdesanluis.com\" \/>\n\t<meta name=\"twitter:label2\" content=\"Tiempo de lectura\" \/>\n\t<meta name=\"twitter:data2\" content=\"2 minutos\" \/>\n<script type=\"application\/ld+json\" class=\"yoast-schema-graph\">{\"@context\":\"https:\/\/schema.org\",\"@graph\":[{\"@type\":\"Article\",\"@id\":\"https:\/\/apuntesdesanluis.com\/index.php\/2024\/09\/17\/merlo-haran-caminata-simbolica-en-busca-de-paz-y-valores-positivos\/#article\",\"isPartOf\":{\"@id\":\"https:\/\/apuntesdesanluis.com\/index.php\/2024\/09\/17\/merlo-haran-caminata-simbolica-en-busca-de-paz-y-valores-positivos\/\"},\"author\":{\"name\":\"apuntesdesanluis.com\",\"@id\":\"https:\/\/apuntesdesanluis.com\/#\/schema\/person\/b55151d52296fcce64d1a72538a70b90\"},\"headline\":\"MERLO: HAR\u00c1N CAMINATA SIMB\u00d3LICA EN BUSCA DE PAZ Y VALORES POSITIVOS\",\"datePublished\":\"2024-09-17T22:32:51+00:00\",\"dateModified\":\"2024-09-18T00:34:25+00:00\",\"mainEntityOfPage\":{\"@id\":\"https:\/\/apuntesdesanluis.com\/index.php\/2024\/09\/17\/merlo-haran-caminata-simbolica-en-busca-de-paz-y-valores-positivos\/\"},\"wordCount\":273,\"publisher\":{\"@id\":\"https:\/\/apuntesdesanluis.com\/#\/schema\/person\/b55151d52296fcce64d1a72538a70b90\"},\"image\":{\"@id\":\"https:\/\/apuntesdesanluis.com\/index.php\/2024\/09\/17\/merlo-haran-caminata-simbolica-en-busca-de-paz-y-valores-positivos\/#primaryimage\"},\"thumbnailUrl\":\"https:\/\/apuntesdesanluis.com\/wp-content\/uploads\/2024\/09\/CAMINATA.jpg\",\"articleSection\":[\"Ciudad\/Provincia\"],\"inLanguage\":\"es-AR\"},{\"@type\":\"WebPage\",\"@id\":\"https:\/\/apuntesdesanluis.com\/index.php\/2024\/09\/17\/merlo-haran-caminata-simbolica-en-busca-de-paz-y-valores-positivos\/\",\"url\":\"https:\/\/apuntesdesanluis.com\/index.php\/2024\/09\/17\/merlo-haran-caminata-simbolica-en-busca-de-paz-y-valores-positivos\/\",\"name\":\"MERLO: HAR\u00c1N CAMINATA SIMB\u00d3LICA EN BUSCA DE PAZ Y VALORES POSITIVOS - Apuntes de San Luis\",\"isPartOf\":{\"@id\":\"https:\/\/apuntesdesanluis.com\/#website\"},\"primaryImageOfPage\":{\"@id\":\"https:\/\/apuntesdesanluis.com\/index.php\/2024\/09\/17\/merlo-haran-caminata-simbolica-en-busca-de-paz-y-valores-positivos\/#primaryimage\"},\"image\":{\"@id\":\"https:\/\/apuntesdesanluis.com\/index.php\/2024\/09\/17\/merlo-haran-caminata-simbolica-en-busca-de-paz-y-valores-positivos\/#primaryimage\"},\"thumbnailUrl\":\"https:\/\/apuntesdesanluis.com\/wp-content\/uploads\/2024\/09\/CAMINATA.jpg\",\"datePublished\":\"2024-09-17T22:32:51+00:00\",\"dateModified\":\"2024-09-18T00:34:25+00:00\",\"breadcrumb\":{\"@id\":\"https:\/\/apuntesdesanluis.com\/index.php\/2024\/09\/17\/merlo-haran-caminata-simbolica-en-busca-de-paz-y-valores-positivos\/#breadcrumb\"},\"inLanguage\":\"es-AR\",\"potentialAction\":[{\"@type\":\"ReadAction\",\"target\":[\"https:\/\/apuntesdesanluis.com\/index.php\/2024\/09\/17\/merlo-haran-caminata-simbolica-en-busca-de-paz-y-valores-positivos\/\"]}]},{\"@type\":\"ImageObject\",\"inLanguage\":\"es-AR\",\"@id\":\"https:\/\/apuntesdesanluis.com\/index.php\/2024\/09\/17\/merlo-haran-caminata-simbolica-en-busca-de-paz-y-valores-positivos\/#primaryimage\",\"url\":\"https:\/\/apuntesdesanluis.com\/wp-content\/uploads\/2024\/09\/CAMINATA.jpg\",\"contentUrl\":\"https:\/\/apuntesdesanluis.com\/wp-content\/uploads\/2024\/09\/CAMINATA.jpg\",\"width\":626,\"height\":349},{\"@type\":\"BreadcrumbList\",\"@id\":\"https:\/\/apuntesdesanluis.com\/index.php\/2024\/09\/17\/merlo-haran-caminata-simbolica-en-busca-de-paz-y-valores-positivos\/#breadcrumb\",\"itemListElement\":[{\"@type\":\"ListItem\",\"position\":1,\"name\":\"Inicio\",\"item\":\"https:\/\/apuntesdesanluis.com\/\"},{\"@type\":\"ListItem\",\"position\":2,\"name\":\"MERLO: HAR\u00c1N CAMINATA SIMB\u00d3LICA EN BUSCA DE PAZ Y VALORES POSITIVOS\"}]},{\"@type\":\"WebSite\",\"@id\":\"https:\/\/apuntesdesanluis.com\/#website\",\"url\":\"https:\/\/apuntesdesanluis.com\/\",\"name\":\"Apuntes de San Luis\",\"description\":\"\",\"publisher\":{\"@id\":\"https:\/\/apuntesdesanluis.com\/#\/schema\/person\/b55151d52296fcce64d1a72538a70b90\"},\"potentialAction\":[{\"@type\":\"SearchAction\",\"target\":{\"@type\":\"EntryPoint\",\"urlTemplate\":\"https:\/\/apuntesdesanluis.com\/?s={search_term_string}\"},\"query-input\":{\"@type\":\"PropertyValueSpecification\",\"valueRequired\":true,\"valueName\":\"search_term_string\"}}],\"inLanguage\":\"es-AR\"},{\"@type\":[\"Person\",\"Organization\"],\"@id\":\"https:\/\/apuntesdesanluis.com\/#\/schema\/person\/b55151d52296fcce64d1a72538a70b90\",\"name\":\"apuntesdesanluis.com\",\"image\":{\"@type\":\"ImageObject\",\"inLanguage\":\"es-AR\",\"@id\":\"https:\/\/apuntesdesanluis.com\/#\/schema\/person\/image\/\",\"url\":\"https:\/\/apuntesdesanluis.com\/wp-content\/uploads\/2023\/07\/cropped-apuntesdesanluis.png\",\"contentUrl\":\"https:\/\/apuntesdesanluis.com\/wp-content\/uploads\/2023\/07\/cropped-apuntesdesanluis.png\",\"width\":450,\"height\":112,\"caption\":\"apuntesdesanluis.com\"},\"logo\":{\"@id\":\"https:\/\/apuntesdesanluis.com\/#\/schema\/person\/image\/\"},\"sameAs\":[\"https:\/\/apuntesdesanluis.com\"],\"url\":\"https:\/\/apuntesdesanluis.com\/index.php\/author\/apuntesdesanluis-com\/\"}]}<\/script>\n<!-- \/ Yoast SEO plugin. -->","yoast_head_json":{"title":"MERLO: HAR\u00c1N CAMINATA SIMB\u00d3LICA EN BUSCA DE PAZ Y VALORES POSITIVOS - Apuntes de San Luis","robots":{"index":"index","follow":"follow","max-snippet":"max-snippet:-1","max-image-preview":"max-image-preview:large","max-video-preview":"max-video-preview:-1"},"canonical":"https:\/\/apuntesdesanluis.com\/index.php\/2024\/09\/17\/merlo-haran-caminata-simbolica-en-busca-de-paz-y-valores-positivos\/","og_locale":"es_ES","og_type":"article","og_title":"MERLO: HAR\u00c1N CAMINATA SIMB\u00d3LICA EN BUSCA DE PAZ Y VALORES POSITIVOS - Apuntes de San Luis","og_description":"El 21 de septiembre se celebra el D\u00eda Internacional por la Paz y en conmemoraci\u00f3n...","og_url":"https:\/\/apuntesdesanluis.com\/index.php\/2024\/09\/17\/merlo-haran-caminata-simbolica-en-busca-de-paz-y-valores-positivos\/","og_site_name":"Apuntes de San Luis","article_published_time":"2024-09-17T22:32:51+00:00","article_modified_time":"2024-09-18T00:34:25+00:00","og_image":[{"width":626,"height":349,"url":"https:\/\/apuntesdesanluis.com\/wp-content\/uploads\/2024\/09\/CAMINATA.jpg","type":"image\/jpeg"}],"author":"apuntesdesanluis.com","twitter_card":"summary_large_image","twitter_misc":{"Escrito por":"apuntesdesanluis.com","Tiempo de lectura":"2 minutos"},"schema":{"@context":"https:\/\/schema.org","@graph":[{"@type":"Article","@id":"https:\/\/apuntesdesanluis.com\/index.php\/2024\/09\/17\/merlo-haran-caminata-simbolica-en-busca-de-paz-y-valores-positivos\/#article","isPartOf":{"@id":"https:\/\/apuntesdesanluis.com\/index.php\/2024\/09\/17\/merlo-haran-caminata-simbolica-en-busca-de-paz-y-valores-positivos\/"},"author":{"name":"apuntesdesanluis.com","@id":"https:\/\/apuntesdesanluis.com\/#\/schema\/person\/b55151d52296fcce64d1a72538a70b90"},"headline":"MERLO: HAR\u00c1N CAMINATA SIMB\u00d3LICA EN BUSCA DE PAZ Y VALORES POSITIVOS","datePublished":"2024-09-17T22:32:51+00:00","dateModified":"2024-09-18T00:34:25+00:00","mainEntityOfPage":{"@id":"https:\/\/apuntesdesanluis.com\/index.php\/2024\/09\/17\/merlo-haran-caminata-simbolica-en-busca-de-paz-y-valores-positivos\/"},"wordCount":273,"publisher":{"@id":"https:\/\/apuntesdesanluis.com\/#\/schema\/person\/b55151d52296fcce64d1a72538a70b90"},"image":{"@id":"https:\/\/apuntesdesanluis.com\/index.php\/2024\/09\/17\/merlo-haran-caminata-simbolica-en-busca-de-paz-y-valores-positivos\/#primaryimage"},"thumbnailUrl":"https:\/\/apuntesdesanluis.com\/wp-content\/uploads\/2024\/09\/CAMINATA.jpg","articleSection":["Ciudad\/Provincia"],"inLanguage":"es-AR"},{"@type":"WebPage","@id":"https:\/\/apuntesdesanluis.com\/index.php\/2024\/09\/17\/merlo-haran-caminata-simbolica-en-busca-de-paz-y-valores-positivos\/","url":"https:\/\/apuntesdesanluis.com\/index.php\/2024\/09\/17\/merlo-haran-caminata-simbolica-en-busca-de-paz-y-valores-positivos\/","name":"MERLO: HAR\u00c1N CAMINATA SIMB\u00d3LICA EN BUSCA DE PAZ Y VALORES POSITIVOS - Apuntes de San Luis","isPartOf":{"@id":"https:\/\/apuntesdesanluis.com\/#website"},"primaryImageOfPage":{"@id":"https:\/\/apuntesdesanluis.com\/index.php\/2024\/09\/17\/merlo-haran-caminata-simbolica-en-busca-de-paz-y-valores-positivos\/#primaryimage"},"image":{"@id":"https:\/\/apuntesdesanluis.com\/index.php\/2024\/09\/17\/merlo-haran-caminata-simbolica-en-busca-de-paz-y-valores-positivos\/#primaryimage"},"thumbnailUrl":"https:\/\/apuntesdesanluis.com\/wp-content\/uploads\/2024\/09\/CAMINATA.jpg","datePublished":"2024-09-17T22:32:51+00:00","dateModified":"2024-09-18T00:34:25+00:00","breadcrumb":{"@id":"https:\/\/apuntesdesanluis.com\/index.php\/2024\/09\/17\/merlo-haran-caminata-simbolica-en-busca-de-paz-y-valores-positivos\/#breadcrumb"},"inLanguage":"es-AR","potentialAction":[{"@type":"ReadAction","target":["https:\/\/apuntesdesanluis.com\/index.php\/2024\/09\/17\/merlo-haran-caminata-simbolica-en-busca-de-paz-y-valores-positivos\/"]}]},{"@type":"ImageObject","inLanguage":"es-AR","@id":"https:\/\/apuntesdesanluis.com\/index.php\/2024\/09\/17\/merlo-haran-caminata-simbolica-en-busca-de-paz-y-valores-positivos\/#primaryimage","url":"https:\/\/apuntesdesanluis.com\/wp-content\/uploads\/2024\/09\/CAMINATA.jpg","contentUrl":"https:\/\/apuntesdesanluis.com\/wp-content\/uploads\/2024\/09\/CAMINATA.jpg","width":626,"height":349},{"@type":"BreadcrumbList","@id":"https:\/\/apuntesdesanluis.com\/index.php\/2024\/09\/17\/merlo-haran-caminata-simbolica-en-busca-de-paz-y-valores-positivos\/#breadcrumb","itemListElement":[{"@type":"ListItem","position":1,"name":"Inicio","item":"https:\/\/apuntesdesanluis.com\/"},{"@type":"ListItem","position":2,"name":"MERLO: HAR\u00c1N CAMINATA SIMB\u00d3LICA EN BUSCA DE PAZ Y VALORES POSITIVOS"}]},{"@type":"WebSite","@id":"https:\/\/apuntesdesanluis.com\/#website","url":"https:\/\/apuntesdesanluis.com\/","name":"Apuntes de San Luis","description":"","publisher":{"@id":"https:\/\/apuntesdesanluis.com\/#\/schema\/person\/b55151d52296fcce64d1a72538a70b90"},"potentialAction":[{"@type":"SearchAction","target":{"@type":"EntryPoint","urlTemplate":"https:\/\/apuntesdesanluis.com\/?s={search_term_string}"},"query-input":{"@type":"PropertyValueSpecification","valueRequired":true,"valueName":"search_term_string"}}],"inLanguage":"es-AR"},{"@type":["Person","Organization"],"@id":"https:\/\/apuntesdesanluis.com\/#\/schema\/person\/b55151d52296fcce64d1a72538a70b90","name":"apuntesdesanluis.com","image":{"@type":"ImageObject","inLanguage":"es-AR","@id":"https:\/\/apuntesdesanluis.com\/#\/schema\/person\/image\/","url":"https:\/\/apuntesdesanluis.com\/wp-content\/uploads\/2023\/07\/cropped-apuntesdesanluis.png","contentUrl":"https:\/\/apuntesdesanluis.com\/wp-content\/uploads\/2023\/07\/cropped-apuntesdesanluis.png","width":450,"height":112,"caption":"apuntesdesanluis.com"},"logo":{"@id":"https:\/\/apuntesdesanluis.com\/#\/schema\/person\/image\/"},"sameAs":["https:\/\/apuntesdesanluis.com"],"url":"https:\/\/apuntesdesanluis.com\/index.php\/author\/apuntesdesanluis-com\/"}]}},"featured_image_urls":{"full":["https:\/\/apuntesdesanluis.com\/wp-content\/uploads\/2024\/09\/CAMINATA.jpg",626,349,false],"thumbnail":["https:\/\/apuntesdesanluis.com\/wp-content\/uploads\/2024\/09\/CAMINATA-150x150.jpg",150,150,true],"medium":["https:\/\/apuntesdesanluis.com\/wp-content\/uploads\/2024\/09\/CAMINATA-300x167.jpg",300,167,true],"medium_large":["https:\/\/apuntesdesanluis.com\/wp-content\/uploads\/2024\/09\/CAMINATA.jpg",626,349,false],"large":["https:\/\/apuntesdesanluis.com\/wp-content\/uploads\/2024\/09\/CAMINATA.jpg",626,349,false],"1536x1536":["https:\/\/apuntesdesanluis.com\/wp-content\/uploads\/2024\/09\/CAMINATA.jpg",626,349,false],"2048x2048":["https:\/\/apuntesdesanluis.com\/wp-content\/uploads\/2024\/09\/CAMINATA.jpg",626,349,false],"newsever-slider-full":["https:\/\/apuntesdesanluis.com\/wp-content\/uploads\/2024\/09\/CAMINATA.jpg",626,349,false],"newsever-featured":["https:\/\/apuntesdesanluis.com\/wp-content\/uploads\/2024\/09\/CAMINATA.jpg",626,349,false],"newsever-medium":["https:\/\/apuntesdesanluis.com\/wp-content\/uploads\/2024\/09\/CAMINATA.jpg",626,349,false]},"author_info":{"display_name":"apuntesdesanluis.com","author_link":"https:\/\/apuntesdesanluis.com\/index.php\/author\/apuntesdesanluis-com\/"},"category_info":"<a href=\"https:\/\/apuntesdesanluis.com\/index.php\/category\/ciudad-provincia\/\" rel=\"category tag\">Ciudad\/Provincia<\/a>","tag_info":"Ciudad\/Provincia","comment_count":"0","_links":{"self":[{"href":"https:\/\/apuntesdesanluis.com\/index.php\/wp-json\/wp\/v2\/posts\/22391","targetHints":{"allow":["GET"]}}],"collection":[{"href":"https:\/\/apuntesdesanluis.com\/index.php\/wp-json\/wp\/v2\/posts"}],"about":[{"href":"https:\/\/apuntesdesanluis.com\/index.php\/wp-json\/wp\/v2\/types\/post"}],"author":[{"embeddable":true,"href":"https:\/\/apuntesdesanluis.com\/index.php\/wp-json\/wp\/v2\/users\/1"}],"replies":[{"embeddable":true,"href":"https:\/\/apuntesdesanluis.com\/index.php\/wp-json\/wp\/v2\/comments?post=22391"}],"version-history":[{"count":2,"href":"https:\/\/apuntesdesanluis.com\/index.php\/wp-json\/wp\/v2\/posts\/22391\/revisions"}],"predecessor-version":[{"id":22394,"href":"https:\/\/apuntesdesanluis.com\/index.php\/wp-json\/wp\/v2\/posts\/22391\/revisions\/22394"}],"wp:featuredmedia":[{"embeddable":true,"href":"https:\/\/apuntesdesanluis.com\/index.php\/wp-json\/wp\/v2\/media\/22392"}],"wp:attachment":[{"href":"https:\/\/apuntesdesanluis.com\/index.php\/wp-json\/wp\/v2\/media?parent=22391"}],"wp:term":[{"taxonomy":"category","embeddable":true,"href":"https:\/\/apuntesdesanluis.com\/index.php\/wp-json\/wp\/v2\/categories?post=22391"},{"taxonomy":"post_tag","embeddable":true,"href":"https:\/\/apuntesdesanluis.com\/index.php\/wp-json\/wp\/v2\/tags?post=22391"}],"curies":[{"name":"wp","href":"https:\/\/api.w.org\/{rel}","templated":true}]}}