{"id":22395,"date":"2024-09-18T00:09:53","date_gmt":"2024-09-18T03:09:53","guid":{"rendered":"https:\/\/apuntesdesanluis.com\/?p=22395"},"modified":"2024-09-18T08:50:02","modified_gmt":"2024-09-18T11:50:02","slug":"vienen-a-llevarse-puesta-a-la-educacion-y-a-la-universidad-publica","status":"publish","type":"post","link":"https:\/\/apuntesdesanluis.com\/index.php\/2024\/09\/18\/vienen-a-llevarse-puesta-a-la-educacion-y-a-la-universidad-publica\/","title":{"rendered":"VIENEN A LLEVARSE PUESTA A LA EDUCACI\u00d3N Y A LA UNIVERSIDAD P\u00daBLICA"},"content":{"rendered":"<h3>Por <strong>Arnoldo Pucci *<\/strong><\/h3>\n<h3><img fetchpriority=\"high\" decoding=\"async\" class=\"wp-image-21339 aligncenter\" src=\"https:\/\/apuntesdesanluis.com\/wp-content\/uploads\/2024\/08\/arnoldo-pucci-300x249.png\" alt=\"\" width=\"457\" height=\"379\" srcset=\"https:\/\/apuntesdesanluis.com\/wp-content\/uploads\/2024\/08\/arnoldo-pucci-300x249.png 300w, https:\/\/apuntesdesanluis.com\/wp-content\/uploads\/2024\/08\/arnoldo-pucci.png 526w\" sizes=\"(max-width: 457px) 100vw, 457px\" \/><\/h3>\n<h3>La EDUCACION P\u00daBLICA y la UNIVERSIDAD P\u00daBLICA viven quiz\u00e1s los momentos m\u00e1s aciagos de los \u00faltimos 40 a\u00f1os y est\u00e1n al borde de la destrucci\u00f3n, por responsabilidad del gobierno nacional y sus aliados. De todos nosotros depende, con las medidas que tomemos, evitar esta muerte anunciada. Y no pretende ser esto un discurso apocal\u00edptico, pero por mucho menos en el gobierno de De La R\u00faa su tuvo que ir un ministro de econom\u00eda a menos de 15 d\u00edas de haber asumido.<\/h3>\n<h3>Hoy vemos c\u00f3mo el presidente va a vetar una ley de financiamiento universitario que asignas fondos para compensar en parte la p\u00e9rdida del poder adquisitivo del salario docente y no docente, que fuera sancionada con mas de los dos tercios en ambas c\u00e1maras legislativas, siendo que los salarios para mantener el poder de compra de noviembre 2023 deber\u00eda haber aumentado un 32 % sobre lo cobrado en julio y el gobierno nacional otorg\u00f3 apenas un <strong>miserable 3 %<\/strong>.<\/h3>\n<h3>Ante este posible veto le decimos: \u201c<strong>SI HAY VETO, HAY MARCHA\u201d.<\/strong> Porque no solo debemos defender la ley, sino que debemos decirles a los legisladores y los gobernadores que no se dejen encantar por las luces, las alfombras y asados de Balcarce 50 y la quinta de Olivos, porque van a tener que volver a sus provincias y mirar a los ojos a sus comprovincianos y explicarles por qu\u00e9 no los defienden del poder central anarco capitalista.<\/h3>\n<h3>Ahora, algunas perlitas del presupuesto 2025 que present\u00f3 el presidente. La actualizaci\u00f3n del presupuesto universitario es del 94,8 % respecto de 2024 y oh casualidad, la inflaci\u00f3n acumulada de enero a agosto fue exactamente ese valor, por lo que el gobierno anarco capitalista prev\u00e9 que la inflaci\u00f3n del periodo setiembre-diciembre ser\u00e1 de 0 %. Otra hipocres\u00eda m\u00e1s de este gobierno que denosta a la educaci\u00f3n p\u00fablica. Tambi\u00e9n el art. 27 de la ley de presupuesto suspende el financiamiento de la educaci\u00f3n, como por ejemplo que lo destinado a educaci\u00f3n no puede ser inferior al 6 % del PBI (Ley 26206). Adem\u00e1s, tambi\u00e9n suspende la actualizaci\u00f3n de lo destinado al financiamiento de ciencia y tecnolog\u00eda que preve\u00eda que en 2032 representara el 1 % del PBI y que para el a\u00f1o 2025 se deber\u00eda incrementar en un 0,06 % del PBI respecto del a\u00f1o 2024 (Ley 27614). Y por \u00faltimo, tambi\u00e9n suspende el Fondo Nacional para la Educaci\u00f3n T\u00e9cnico Profesional, que representa el 0,2 % del PBI (Ley 26058).<\/h3>\n<h3>Esto obliga no solo a\u00a0estar m\u00e1s alertas que nunca, sino que tambi\u00e9n debemos pasar a la acci\u00f3n por nuestra historia y por todos aquellos que forjaron la EDUCACI\u00d3N P\u00daBLICA, a los que s\u00ed debemos llamar h\u00e9roes y no darles ese t\u00edtulo a 87 diputados que terminaron de empujar a la indigencia a nuestros jubilados y que seguramente vienen a llevarse puesta a la UNIVERSIDAD PUBLICA.<\/h3>\n<h3 style=\"text-align: center;\"><strong>\u00a1SI HAY VETO, HAY MARCHA!<\/strong><\/h3>\n<h3><strong>\u00a0<\/strong><\/h3>\n<h4><span style=\"color: #3366ff;\"><strong>* Sec. Gral. de ADOI (CONADU)<\/strong><\/span><\/h4>\n<p>&nbsp;<\/p>\n<p>&nbsp;<\/p>\n<p>&nbsp;<\/p>\n","protected":false},"excerpt":{"rendered":"<p>Por Arnoldo Pucci * La EDUCACION P\u00daBLICA y la UNIVERSIDAD P\u00daBLICA viven quiz\u00e1s los momentos&#8230;<\/p>\n","protected":false},"author":1,"featured_media":22396,"comment_status":"closed","ping_status":"closed","sticky":false,"template":"","format":"standard","meta":{"footnotes":""},"categories":[9],"tags":[],"class_list":["post-22395","post","type-post","status-publish","format-standard","has-post-thumbnail","hentry","category-opinion"],"yoast_head":"<!-- This site is optimized with the Yoast SEO plugin v26.1.1 - https:\/\/yoast.com\/wordpress\/plugins\/seo\/ -->\n<title>VIENEN A LLEVARSE PUESTA A LA EDUCACI\u00d3N Y A LA UNIVERSIDAD P\u00daBLICA - Apuntes de San Luis<\/title>\n<meta name=\"robots\" content=\"index, follow, max-snippet:-1, max-image-preview:large, max-video-preview:-1\" \/>\n<link rel=\"canonical\" href=\"https:\/\/apuntesdesanluis.com\/index.php\/2024\/09\/18\/vienen-a-llevarse-puesta-a-la-educacion-y-a-la-universidad-publica\/\" \/>\n<meta property=\"og:locale\" content=\"es_ES\" \/>\n<meta property=\"og:type\" content=\"article\" \/>\n<meta property=\"og:title\" content=\"VIENEN A LLEVARSE PUESTA A LA EDUCACI\u00d3N Y A LA UNIVERSIDAD P\u00daBLICA - Apuntes de San Luis\" \/>\n<meta property=\"og:description\" content=\"Por Arnoldo Pucci * La EDUCACION P\u00daBLICA y la UNIVERSIDAD P\u00daBLICA viven quiz\u00e1s los momentos...\" \/>\n<meta property=\"og:url\" content=\"https:\/\/apuntesdesanluis.com\/index.php\/2024\/09\/18\/vienen-a-llevarse-puesta-a-la-educacion-y-a-la-universidad-publica\/\" \/>\n<meta property=\"og:site_name\" content=\"Apuntes de San Luis\" \/>\n<meta property=\"article:published_time\" content=\"2024-09-18T03:09:53+00:00\" \/>\n<meta property=\"article:modified_time\" content=\"2024-09-18T11:50:02+00:00\" \/>\n<meta property=\"og:image\" content=\"https:\/\/apuntesdesanluis.com\/wp-content\/uploads\/2024\/09\/presupuesto-universitario.png\" \/>\n\t<meta property=\"og:image:width\" content=\"700\" \/>\n\t<meta property=\"og:image:height\" content=\"402\" \/>\n\t<meta property=\"og:image:type\" content=\"image\/png\" \/>\n<meta name=\"author\" content=\"apuntesdesanluis.com\" \/>\n<meta name=\"twitter:card\" content=\"summary_large_image\" \/>\n<meta name=\"twitter:label1\" content=\"Escrito por\" \/>\n\t<meta name=\"twitter:data1\" content=\"apuntesdesanluis.com\" \/>\n\t<meta name=\"twitter:label2\" content=\"Tiempo de lectura\" \/>\n\t<meta name=\"twitter:data2\" content=\"3 minutos\" \/>\n<script type=\"application\/ld+json\" class=\"yoast-schema-graph\">{\"@context\":\"https:\/\/schema.org\",\"@graph\":[{\"@type\":\"Article\",\"@id\":\"https:\/\/apuntesdesanluis.com\/index.php\/2024\/09\/18\/vienen-a-llevarse-puesta-a-la-educacion-y-a-la-universidad-publica\/#article\",\"isPartOf\":{\"@id\":\"https:\/\/apuntesdesanluis.com\/index.php\/2024\/09\/18\/vienen-a-llevarse-puesta-a-la-educacion-y-a-la-universidad-publica\/\"},\"author\":{\"name\":\"apuntesdesanluis.com\",\"@id\":\"https:\/\/apuntesdesanluis.com\/#\/schema\/person\/b55151d52296fcce64d1a72538a70b90\"},\"headline\":\"VIENEN A LLEVARSE PUESTA A LA EDUCACI\u00d3N Y A LA UNIVERSIDAD P\u00daBLICA\",\"datePublished\":\"2024-09-18T03:09:53+00:00\",\"dateModified\":\"2024-09-18T11:50:02+00:00\",\"mainEntityOfPage\":{\"@id\":\"https:\/\/apuntesdesanluis.com\/index.php\/2024\/09\/18\/vienen-a-llevarse-puesta-a-la-educacion-y-a-la-universidad-publica\/\"},\"wordCount\":513,\"publisher\":{\"@id\":\"https:\/\/apuntesdesanluis.com\/#\/schema\/person\/b55151d52296fcce64d1a72538a70b90\"},\"image\":{\"@id\":\"https:\/\/apuntesdesanluis.com\/index.php\/2024\/09\/18\/vienen-a-llevarse-puesta-a-la-educacion-y-a-la-universidad-publica\/#primaryimage\"},\"thumbnailUrl\":\"https:\/\/apuntesdesanluis.com\/wp-content\/uploads\/2024\/09\/presupuesto-universitario.png\",\"articleSection\":[\"Opini\u00f3n\"],\"inLanguage\":\"es-AR\"},{\"@type\":\"WebPage\",\"@id\":\"https:\/\/apuntesdesanluis.com\/index.php\/2024\/09\/18\/vienen-a-llevarse-puesta-a-la-educacion-y-a-la-universidad-publica\/\",\"url\":\"https:\/\/apuntesdesanluis.com\/index.php\/2024\/09\/18\/vienen-a-llevarse-puesta-a-la-educacion-y-a-la-universidad-publica\/\",\"name\":\"VIENEN A LLEVARSE PUESTA A LA EDUCACI\u00d3N Y A LA UNIVERSIDAD P\u00daBLICA - Apuntes de San Luis\",\"isPartOf\":{\"@id\":\"https:\/\/apuntesdesanluis.com\/#website\"},\"primaryImageOfPage\":{\"@id\":\"https:\/\/apuntesdesanluis.com\/index.php\/2024\/09\/18\/vienen-a-llevarse-puesta-a-la-educacion-y-a-la-universidad-publica\/#primaryimage\"},\"image\":{\"@id\":\"https:\/\/apuntesdesanluis.com\/index.php\/2024\/09\/18\/vienen-a-llevarse-puesta-a-la-educacion-y-a-la-universidad-publica\/#primaryimage\"},\"thumbnailUrl\":\"https:\/\/apuntesdesanluis.com\/wp-content\/uploads\/2024\/09\/presupuesto-universitario.png\",\"datePublished\":\"2024-09-18T03:09:53+00:00\",\"dateModified\":\"2024-09-18T11:50:02+00:00\",\"breadcrumb\":{\"@id\":\"https:\/\/apuntesdesanluis.com\/index.php\/2024\/09\/18\/vienen-a-llevarse-puesta-a-la-educacion-y-a-la-universidad-publica\/#breadcrumb\"},\"inLanguage\":\"es-AR\",\"potentialAction\":[{\"@type\":\"ReadAction\",\"target\":[\"https:\/\/apuntesdesanluis.com\/index.php\/2024\/09\/18\/vienen-a-llevarse-puesta-a-la-educacion-y-a-la-universidad-publica\/\"]}]},{\"@type\":\"ImageObject\",\"inLanguage\":\"es-AR\",\"@id\":\"https:\/\/apuntesdesanluis.com\/index.php\/2024\/09\/18\/vienen-a-llevarse-puesta-a-la-educacion-y-a-la-universidad-publica\/#primaryimage\",\"url\":\"https:\/\/apuntesdesanluis.com\/wp-content\/uploads\/2024\/09\/presupuesto-universitario.png\",\"contentUrl\":\"https:\/\/apuntesdesanluis.com\/wp-content\/uploads\/2024\/09\/presupuesto-universitario.png\",\"width\":700,\"height\":402},{\"@type\":\"BreadcrumbList\",\"@id\":\"https:\/\/apuntesdesanluis.com\/index.php\/2024\/09\/18\/vienen-a-llevarse-puesta-a-la-educacion-y-a-la-universidad-publica\/#breadcrumb\",\"itemListElement\":[{\"@type\":\"ListItem\",\"position\":1,\"name\":\"Inicio\",\"item\":\"https:\/\/apuntesdesanluis.com\/\"},{\"@type\":\"ListItem\",\"position\":2,\"name\":\"VIENEN A LLEVARSE PUESTA A LA EDUCACI\u00d3N Y A LA UNIVERSIDAD P\u00daBLICA\"}]},{\"@type\":\"WebSite\",\"@id\":\"https:\/\/apuntesdesanluis.com\/#website\",\"url\":\"https:\/\/apuntesdesanluis.com\/\",\"name\":\"Apuntes de San Luis\",\"description\":\"\",\"publisher\":{\"@id\":\"https:\/\/apuntesdesanluis.com\/#\/schema\/person\/b55151d52296fcce64d1a72538a70b90\"},\"potentialAction\":[{\"@type\":\"SearchAction\",\"target\":{\"@type\":\"EntryPoint\",\"urlTemplate\":\"https:\/\/apuntesdesanluis.com\/?s={search_term_string}\"},\"query-input\":{\"@type\":\"PropertyValueSpecification\",\"valueRequired\":true,\"valueName\":\"search_term_string\"}}],\"inLanguage\":\"es-AR\"},{\"@type\":[\"Person\",\"Organization\"],\"@id\":\"https:\/\/apuntesdesanluis.com\/#\/schema\/person\/b55151d52296fcce64d1a72538a70b90\",\"name\":\"apuntesdesanluis.com\",\"image\":{\"@type\":\"ImageObject\",\"inLanguage\":\"es-AR\",\"@id\":\"https:\/\/apuntesdesanluis.com\/#\/schema\/person\/image\/\",\"url\":\"https:\/\/apuntesdesanluis.com\/wp-content\/uploads\/2023\/07\/cropped-apuntesdesanluis.png\",\"contentUrl\":\"https:\/\/apuntesdesanluis.com\/wp-content\/uploads\/2023\/07\/cropped-apuntesdesanluis.png\",\"width\":450,\"height\":112,\"caption\":\"apuntesdesanluis.com\"},\"logo\":{\"@id\":\"https:\/\/apuntesdesanluis.com\/#\/schema\/person\/image\/\"},\"sameAs\":[\"https:\/\/apuntesdesanluis.com\"],\"url\":\"https:\/\/apuntesdesanluis.com\/index.php\/author\/apuntesdesanluis-com\/\"}]}<\/script>\n<!-- \/ Yoast SEO plugin. -->","yoast_head_json":{"title":"VIENEN A LLEVARSE PUESTA A LA EDUCACI\u00d3N Y A LA UNIVERSIDAD P\u00daBLICA - Apuntes de San Luis","robots":{"index":"index","follow":"follow","max-snippet":"max-snippet:-1","max-image-preview":"max-image-preview:large","max-video-preview":"max-video-preview:-1"},"canonical":"https:\/\/apuntesdesanluis.com\/index.php\/2024\/09\/18\/vienen-a-llevarse-puesta-a-la-educacion-y-a-la-universidad-publica\/","og_locale":"es_ES","og_type":"article","og_title":"VIENEN A LLEVARSE PUESTA A LA EDUCACI\u00d3N Y A LA UNIVERSIDAD P\u00daBLICA - Apuntes de San Luis","og_description":"Por Arnoldo Pucci * La EDUCACION P\u00daBLICA y la UNIVERSIDAD P\u00daBLICA viven quiz\u00e1s los momentos...","og_url":"https:\/\/apuntesdesanluis.com\/index.php\/2024\/09\/18\/vienen-a-llevarse-puesta-a-la-educacion-y-a-la-universidad-publica\/","og_site_name":"Apuntes de San Luis","article_published_time":"2024-09-18T03:09:53+00:00","article_modified_time":"2024-09-18T11:50:02+00:00","og_image":[{"width":700,"height":402,"url":"https:\/\/apuntesdesanluis.com\/wp-content\/uploads\/2024\/09\/presupuesto-universitario.png","type":"image\/png"}],"author":"apuntesdesanluis.com","twitter_card":"summary_large_image","twitter_misc":{"Escrito por":"apuntesdesanluis.com","Tiempo de lectura":"3 minutos"},"schema":{"@context":"https:\/\/schema.org","@graph":[{"@type":"Article","@id":"https:\/\/apuntesdesanluis.com\/index.php\/2024\/09\/18\/vienen-a-llevarse-puesta-a-la-educacion-y-a-la-universidad-publica\/#article","isPartOf":{"@id":"https:\/\/apuntesdesanluis.com\/index.php\/2024\/09\/18\/vienen-a-llevarse-puesta-a-la-educacion-y-a-la-universidad-publica\/"},"author":{"name":"apuntesdesanluis.com","@id":"https:\/\/apuntesdesanluis.com\/#\/schema\/person\/b55151d52296fcce64d1a72538a70b90"},"headline":"VIENEN A LLEVARSE PUESTA A LA EDUCACI\u00d3N Y A LA UNIVERSIDAD P\u00daBLICA","datePublished":"2024-09-18T03:09:53+00:00","dateModified":"2024-09-18T11:50:02+00:00","mainEntityOfPage":{"@id":"https:\/\/apuntesdesanluis.com\/index.php\/2024\/09\/18\/vienen-a-llevarse-puesta-a-la-educacion-y-a-la-universidad-publica\/"},"wordCount":513,"publisher":{"@id":"https:\/\/apuntesdesanluis.com\/#\/schema\/person\/b55151d52296fcce64d1a72538a70b90"},"image":{"@id":"https:\/\/apuntesdesanluis.com\/index.php\/2024\/09\/18\/vienen-a-llevarse-puesta-a-la-educacion-y-a-la-universidad-publica\/#primaryimage"},"thumbnailUrl":"https:\/\/apuntesdesanluis.com\/wp-content\/uploads\/2024\/09\/presupuesto-universitario.png","articleSection":["Opini\u00f3n"],"inLanguage":"es-AR"},{"@type":"WebPage","@id":"https:\/\/apuntesdesanluis.com\/index.php\/2024\/09\/18\/vienen-a-llevarse-puesta-a-la-educacion-y-a-la-universidad-publica\/","url":"https:\/\/apuntesdesanluis.com\/index.php\/2024\/09\/18\/vienen-a-llevarse-puesta-a-la-educacion-y-a-la-universidad-publica\/","name":"VIENEN A LLEVARSE PUESTA A LA EDUCACI\u00d3N Y A LA UNIVERSIDAD P\u00daBLICA - Apuntes de San Luis","isPartOf":{"@id":"https:\/\/apuntesdesanluis.com\/#website"},"primaryImageOfPage":{"@id":"https:\/\/apuntesdesanluis.com\/index.php\/2024\/09\/18\/vienen-a-llevarse-puesta-a-la-educacion-y-a-la-universidad-publica\/#primaryimage"},"image":{"@id":"https:\/\/apuntesdesanluis.com\/index.php\/2024\/09\/18\/vienen-a-llevarse-puesta-a-la-educacion-y-a-la-universidad-publica\/#primaryimage"},"thumbnailUrl":"https:\/\/apuntesdesanluis.com\/wp-content\/uploads\/2024\/09\/presupuesto-universitario.png","datePublished":"2024-09-18T03:09:53+00:00","dateModified":"2024-09-18T11:50:02+00:00","breadcrumb":{"@id":"https:\/\/apuntesdesanluis.com\/index.php\/2024\/09\/18\/vienen-a-llevarse-puesta-a-la-educacion-y-a-la-universidad-publica\/#breadcrumb"},"inLanguage":"es-AR","potentialAction":[{"@type":"ReadAction","target":["https:\/\/apuntesdesanluis.com\/index.php\/2024\/09\/18\/vienen-a-llevarse-puesta-a-la-educacion-y-a-la-universidad-publica\/"]}]},{"@type":"ImageObject","inLanguage":"es-AR","@id":"https:\/\/apuntesdesanluis.com\/index.php\/2024\/09\/18\/vienen-a-llevarse-puesta-a-la-educacion-y-a-la-universidad-publica\/#primaryimage","url":"https:\/\/apuntesdesanluis.com\/wp-content\/uploads\/2024\/09\/presupuesto-universitario.png","contentUrl":"https:\/\/apuntesdesanluis.com\/wp-content\/uploads\/2024\/09\/presupuesto-universitario.png","width":700,"height":402},{"@type":"BreadcrumbList","@id":"https:\/\/apuntesdesanluis.com\/index.php\/2024\/09\/18\/vienen-a-llevarse-puesta-a-la-educacion-y-a-la-universidad-publica\/#breadcrumb","itemListElement":[{"@type":"ListItem","position":1,"name":"Inicio","item":"https:\/\/apuntesdesanluis.com\/"},{"@type":"ListItem","position":2,"name":"VIENEN A LLEVARSE PUESTA A LA EDUCACI\u00d3N Y A LA UNIVERSIDAD P\u00daBLICA"}]},{"@type":"WebSite","@id":"https:\/\/apuntesdesanluis.com\/#website","url":"https:\/\/apuntesdesanluis.com\/","name":"Apuntes de San Luis","description":"","publisher":{"@id":"https:\/\/apuntesdesanluis.com\/#\/schema\/person\/b55151d52296fcce64d1a72538a70b90"},"potentialAction":[{"@type":"SearchAction","target":{"@type":"EntryPoint","urlTemplate":"https:\/\/apuntesdesanluis.com\/?s={search_term_string}"},"query-input":{"@type":"PropertyValueSpecification","valueRequired":true,"valueName":"search_term_string"}}],"inLanguage":"es-AR"},{"@type":["Person","Organization"],"@id":"https:\/\/apuntesdesanluis.com\/#\/schema\/person\/b55151d52296fcce64d1a72538a70b90","name":"apuntesdesanluis.com","image":{"@type":"ImageObject","inLanguage":"es-AR","@id":"https:\/\/apuntesdesanluis.com\/#\/schema\/person\/image\/","url":"https:\/\/apuntesdesanluis.com\/wp-content\/uploads\/2023\/07\/cropped-apuntesdesanluis.png","contentUrl":"https:\/\/apuntesdesanluis.com\/wp-content\/uploads\/2023\/07\/cropped-apuntesdesanluis.png","width":450,"height":112,"caption":"apuntesdesanluis.com"},"logo":{"@id":"https:\/\/apuntesdesanluis.com\/#\/schema\/person\/image\/"},"sameAs":["https:\/\/apuntesdesanluis.com"],"url":"https:\/\/apuntesdesanluis.com\/index.php\/author\/apuntesdesanluis-com\/"}]}},"featured_image_urls":{"full":["https:\/\/apuntesdesanluis.com\/wp-content\/uploads\/2024\/09\/presupuesto-universitario.png",700,402,false],"thumbnail":["https:\/\/apuntesdesanluis.com\/wp-content\/uploads\/2024\/09\/presupuesto-universitario-150x150.png",150,150,true],"medium":["https:\/\/apuntesdesanluis.com\/wp-content\/uploads\/2024\/09\/presupuesto-universitario-300x172.png",300,172,true],"medium_large":["https:\/\/apuntesdesanluis.com\/wp-content\/uploads\/2024\/09\/presupuesto-universitario.png",640,368,false],"large":["https:\/\/apuntesdesanluis.com\/wp-content\/uploads\/2024\/09\/presupuesto-universitario.png",640,368,false],"1536x1536":["https:\/\/apuntesdesanluis.com\/wp-content\/uploads\/2024\/09\/presupuesto-universitario.png",700,402,false],"2048x2048":["https:\/\/apuntesdesanluis.com\/wp-content\/uploads\/2024\/09\/presupuesto-universitario.png",700,402,false],"newsever-slider-full":["https:\/\/apuntesdesanluis.com\/wp-content\/uploads\/2024\/09\/presupuesto-universitario.png",700,402,false],"newsever-featured":["https:\/\/apuntesdesanluis.com\/wp-content\/uploads\/2024\/09\/presupuesto-universitario.png",700,402,false],"newsever-medium":["https:\/\/apuntesdesanluis.com\/wp-content\/uploads\/2024\/09\/presupuesto-universitario.png",700,402,false]},"author_info":{"display_name":"apuntesdesanluis.com","author_link":"https:\/\/apuntesdesanluis.com\/index.php\/author\/apuntesdesanluis-com\/"},"category_info":"<a href=\"https:\/\/apuntesdesanluis.com\/index.php\/category\/opinion\/\" rel=\"category tag\">Opini\u00f3n<\/a>","tag_info":"Opini\u00f3n","comment_count":"0","_links":{"self":[{"href":"https:\/\/apuntesdesanluis.com\/index.php\/wp-json\/wp\/v2\/posts\/22395","targetHints":{"allow":["GET"]}}],"collection":[{"href":"https:\/\/apuntesdesanluis.com\/index.php\/wp-json\/wp\/v2\/posts"}],"about":[{"href":"https:\/\/apuntesdesanluis.com\/index.php\/wp-json\/wp\/v2\/types\/post"}],"author":[{"embeddable":true,"href":"https:\/\/apuntesdesanluis.com\/index.php\/wp-json\/wp\/v2\/users\/1"}],"replies":[{"embeddable":true,"href":"https:\/\/apuntesdesanluis.com\/index.php\/wp-json\/wp\/v2\/comments?post=22395"}],"version-history":[{"count":6,"href":"https:\/\/apuntesdesanluis.com\/index.php\/wp-json\/wp\/v2\/posts\/22395\/revisions"}],"predecessor-version":[{"id":22408,"href":"https:\/\/apuntesdesanluis.com\/index.php\/wp-json\/wp\/v2\/posts\/22395\/revisions\/22408"}],"wp:featuredmedia":[{"embeddable":true,"href":"https:\/\/apuntesdesanluis.com\/index.php\/wp-json\/wp\/v2\/media\/22396"}],"wp:attachment":[{"href":"https:\/\/apuntesdesanluis.com\/index.php\/wp-json\/wp\/v2\/media?parent=22395"}],"wp:term":[{"taxonomy":"category","embeddable":true,"href":"https:\/\/apuntesdesanluis.com\/index.php\/wp-json\/wp\/v2\/categories?post=22395"},{"taxonomy":"post_tag","embeddable":true,"href":"https:\/\/apuntesdesanluis.com\/index.php\/wp-json\/wp\/v2\/tags?post=22395"}],"curies":[{"name":"wp","href":"https:\/\/api.w.org\/{rel}","templated":true}]}}