{"id":22402,"date":"2024-09-18T01:24:53","date_gmt":"2024-09-18T04:24:53","guid":{"rendered":"https:\/\/apuntesdesanluis.com\/?p=22402"},"modified":"2024-09-18T07:35:38","modified_gmt":"2024-09-18T10:35:38","slug":"presentaron-un-nuevo-partido-politico-compromiso-por-san-luis","status":"publish","type":"post","link":"https:\/\/apuntesdesanluis.com\/index.php\/2024\/09\/18\/presentaron-un-nuevo-partido-politico-compromiso-por-san-luis\/","title":{"rendered":"PRESENTARON UN NUEVO PARTIDO POL\u00cdTICO: \u201cCOMPROMISO POR SAN LUIS\u201d"},"content":{"rendered":"<h3>Recientemente se present\u00f3 un nuevo partido pol\u00edtico en la provincia, a partir del desgranamiento de la fuerza pol\u00edtica \u201cTodos Unidos\u201d, que orienta <strong>Adolfo Rodr\u00edguez Sa\u00e1<\/strong>.<\/h3>\n<h3>\u201cRepresenta la esperanza de un cambio, la promesa de una nueva visi\u00f3n para el\u00a0futuro. En el caso de <strong>\u00b4Compromiso por San Luis\u00b4<\/strong>, no solo anuncia su llegada, sino\u00a0que tambi\u00e9n marca el inicio de un di\u00e1logo crucial sobre las necesidades y\u00a0aspiraciones de la comunidad\u201d, indican a manera de carta de principios.<\/h3>\n<h3>\u201cNuestro compromiso es trabajar por la lucha de una Educaci\u00f3n Universitaria Estatal de alta calidad y gratuita. Por un reconocimiento real y efectivo del esfuerzo realizado por nuestros conciudadanos de la tercera edad. Por un Plan Econ\u00f3mico sostenible en el tiempo y generador del desarrollo\u201d, agregan en la presentaci\u00f3n de este espacio, conformado por los dirigentes <strong>Harold Bridger, Javier Darnay, Roberto Quiroga, Doris Guevara<\/strong> y <strong>Hugo Murgo<\/strong>, entre otros.<\/h3>\n<h3>\u201cEste comunicado es el primer paso en un largo camino. Es el inicio de un di\u00e1logo\u00a0que debe continuar a trav\u00e9s de diferentes canales. \u201cCompromiso por San Luis\u201d\u00a0asume la responsabilidad de construir un futuro mejor para la provincia, pero este\u00a0compromiso solo se har\u00e1 realidad con la participaci\u00f3n activa de toda la comunidad, concluyen.<\/h3>\n<h3>Como se recordar\u00e1, varios de los firmantes pertenec\u00edan al espacio No-Tan-Unidos de Adolfo Rodr\u00edguez Sa\u00e1 y por distintas desaveniencias el ex gobernador impuls\u00f3 primero la expulsi\u00f3n partidaria y luego le pidi\u00f3 a Poggi que los eyectara de los cargos que ocupaban en el gobierno.<\/h3>\n<p>&nbsp;<\/p>\n<p>&nbsp;<\/p>\n<p>&nbsp;<\/p>\n<p>&nbsp;<\/p>\n<p>&nbsp;<\/p>\n<p>&nbsp;<\/p>\n","protected":false},"excerpt":{"rendered":"<p>Recientemente se present\u00f3 un nuevo partido pol\u00edtico en la provincia, a partir del desgranamiento de&#8230;<\/p>\n","protected":false},"author":1,"featured_media":22405,"comment_status":"closed","ping_status":"closed","sticky":false,"template":"","format":"standard","meta":{"footnotes":""},"categories":[6],"tags":[],"class_list":["post-22402","post","type-post","status-publish","format-standard","has-post-thumbnail","hentry","category-ciudad-provincia"],"yoast_head":"<!-- This site is optimized with the Yoast SEO plugin v26.1.1 - https:\/\/yoast.com\/wordpress\/plugins\/seo\/ -->\n<title>PRESENTARON UN NUEVO PARTIDO POL\u00cdTICO: \u201cCOMPROMISO POR SAN LUIS\u201d - Apuntes de San Luis<\/title>\n<meta name=\"robots\" content=\"index, follow, max-snippet:-1, max-image-preview:large, max-video-preview:-1\" \/>\n<link rel=\"canonical\" href=\"https:\/\/apuntesdesanluis.com\/index.php\/2024\/09\/18\/presentaron-un-nuevo-partido-politico-compromiso-por-san-luis\/\" \/>\n<meta property=\"og:locale\" content=\"es_ES\" \/>\n<meta property=\"og:type\" content=\"article\" \/>\n<meta property=\"og:title\" content=\"PRESENTARON UN NUEVO PARTIDO POL\u00cdTICO: \u201cCOMPROMISO POR SAN LUIS\u201d - Apuntes de San Luis\" \/>\n<meta property=\"og:description\" content=\"Recientemente se present\u00f3 un nuevo partido pol\u00edtico en la provincia, a partir del desgranamiento de...\" \/>\n<meta property=\"og:url\" content=\"https:\/\/apuntesdesanluis.com\/index.php\/2024\/09\/18\/presentaron-un-nuevo-partido-politico-compromiso-por-san-luis\/\" \/>\n<meta property=\"og:site_name\" content=\"Apuntes de San Luis\" \/>\n<meta property=\"article:published_time\" content=\"2024-09-18T04:24:53+00:00\" \/>\n<meta property=\"article:modified_time\" content=\"2024-09-18T10:35:38+00:00\" \/>\n<meta property=\"og:image\" content=\"https:\/\/apuntesdesanluis.com\/wp-content\/uploads\/2024\/09\/bridger.jpg\" \/>\n\t<meta property=\"og:image:width\" content=\"606\" \/>\n\t<meta property=\"og:image:height\" content=\"378\" \/>\n\t<meta property=\"og:image:type\" content=\"image\/jpeg\" \/>\n<meta name=\"author\" content=\"apuntesdesanluis.com\" \/>\n<meta name=\"twitter:card\" content=\"summary_large_image\" \/>\n<meta name=\"twitter:label1\" content=\"Escrito por\" \/>\n\t<meta name=\"twitter:data1\" content=\"apuntesdesanluis.com\" \/>\n\t<meta name=\"twitter:label2\" content=\"Tiempo de lectura\" \/>\n\t<meta name=\"twitter:data2\" content=\"2 minutos\" \/>\n<script type=\"application\/ld+json\" class=\"yoast-schema-graph\">{\"@context\":\"https:\/\/schema.org\",\"@graph\":[{\"@type\":\"Article\",\"@id\":\"https:\/\/apuntesdesanluis.com\/index.php\/2024\/09\/18\/presentaron-un-nuevo-partido-politico-compromiso-por-san-luis\/#article\",\"isPartOf\":{\"@id\":\"https:\/\/apuntesdesanluis.com\/index.php\/2024\/09\/18\/presentaron-un-nuevo-partido-politico-compromiso-por-san-luis\/\"},\"author\":{\"name\":\"apuntesdesanluis.com\",\"@id\":\"https:\/\/apuntesdesanluis.com\/#\/schema\/person\/b55151d52296fcce64d1a72538a70b90\"},\"headline\":\"PRESENTARON UN NUEVO PARTIDO POL\u00cdTICO: \u201cCOMPROMISO POR SAN LUIS\u201d\",\"datePublished\":\"2024-09-18T04:24:53+00:00\",\"dateModified\":\"2024-09-18T10:35:38+00:00\",\"mainEntityOfPage\":{\"@id\":\"https:\/\/apuntesdesanluis.com\/index.php\/2024\/09\/18\/presentaron-un-nuevo-partido-politico-compromiso-por-san-luis\/\"},\"wordCount\":277,\"publisher\":{\"@id\":\"https:\/\/apuntesdesanluis.com\/#\/schema\/person\/b55151d52296fcce64d1a72538a70b90\"},\"image\":{\"@id\":\"https:\/\/apuntesdesanluis.com\/index.php\/2024\/09\/18\/presentaron-un-nuevo-partido-politico-compromiso-por-san-luis\/#primaryimage\"},\"thumbnailUrl\":\"https:\/\/apuntesdesanluis.com\/wp-content\/uploads\/2024\/09\/bridger.jpg\",\"articleSection\":[\"Ciudad\/Provincia\"],\"inLanguage\":\"es-AR\"},{\"@type\":\"WebPage\",\"@id\":\"https:\/\/apuntesdesanluis.com\/index.php\/2024\/09\/18\/presentaron-un-nuevo-partido-politico-compromiso-por-san-luis\/\",\"url\":\"https:\/\/apuntesdesanluis.com\/index.php\/2024\/09\/18\/presentaron-un-nuevo-partido-politico-compromiso-por-san-luis\/\",\"name\":\"PRESENTARON UN NUEVO PARTIDO POL\u00cdTICO: \u201cCOMPROMISO POR SAN LUIS\u201d - Apuntes de San Luis\",\"isPartOf\":{\"@id\":\"https:\/\/apuntesdesanluis.com\/#website\"},\"primaryImageOfPage\":{\"@id\":\"https:\/\/apuntesdesanluis.com\/index.php\/2024\/09\/18\/presentaron-un-nuevo-partido-politico-compromiso-por-san-luis\/#primaryimage\"},\"image\":{\"@id\":\"https:\/\/apuntesdesanluis.com\/index.php\/2024\/09\/18\/presentaron-un-nuevo-partido-politico-compromiso-por-san-luis\/#primaryimage\"},\"thumbnailUrl\":\"https:\/\/apuntesdesanluis.com\/wp-content\/uploads\/2024\/09\/bridger.jpg\",\"datePublished\":\"2024-09-18T04:24:53+00:00\",\"dateModified\":\"2024-09-18T10:35:38+00:00\",\"breadcrumb\":{\"@id\":\"https:\/\/apuntesdesanluis.com\/index.php\/2024\/09\/18\/presentaron-un-nuevo-partido-politico-compromiso-por-san-luis\/#breadcrumb\"},\"inLanguage\":\"es-AR\",\"potentialAction\":[{\"@type\":\"ReadAction\",\"target\":[\"https:\/\/apuntesdesanluis.com\/index.php\/2024\/09\/18\/presentaron-un-nuevo-partido-politico-compromiso-por-san-luis\/\"]}]},{\"@type\":\"ImageObject\",\"inLanguage\":\"es-AR\",\"@id\":\"https:\/\/apuntesdesanluis.com\/index.php\/2024\/09\/18\/presentaron-un-nuevo-partido-politico-compromiso-por-san-luis\/#primaryimage\",\"url\":\"https:\/\/apuntesdesanluis.com\/wp-content\/uploads\/2024\/09\/bridger.jpg\",\"contentUrl\":\"https:\/\/apuntesdesanluis.com\/wp-content\/uploads\/2024\/09\/bridger.jpg\",\"width\":606,\"height\":378},{\"@type\":\"BreadcrumbList\",\"@id\":\"https:\/\/apuntesdesanluis.com\/index.php\/2024\/09\/18\/presentaron-un-nuevo-partido-politico-compromiso-por-san-luis\/#breadcrumb\",\"itemListElement\":[{\"@type\":\"ListItem\",\"position\":1,\"name\":\"Inicio\",\"item\":\"https:\/\/apuntesdesanluis.com\/\"},{\"@type\":\"ListItem\",\"position\":2,\"name\":\"PRESENTARON UN NUEVO PARTIDO POL\u00cdTICO: \u201cCOMPROMISO POR SAN LUIS\u201d\"}]},{\"@type\":\"WebSite\",\"@id\":\"https:\/\/apuntesdesanluis.com\/#website\",\"url\":\"https:\/\/apuntesdesanluis.com\/\",\"name\":\"Apuntes de San Luis\",\"description\":\"\",\"publisher\":{\"@id\":\"https:\/\/apuntesdesanluis.com\/#\/schema\/person\/b55151d52296fcce64d1a72538a70b90\"},\"potentialAction\":[{\"@type\":\"SearchAction\",\"target\":{\"@type\":\"EntryPoint\",\"urlTemplate\":\"https:\/\/apuntesdesanluis.com\/?s={search_term_string}\"},\"query-input\":{\"@type\":\"PropertyValueSpecification\",\"valueRequired\":true,\"valueName\":\"search_term_string\"}}],\"inLanguage\":\"es-AR\"},{\"@type\":[\"Person\",\"Organization\"],\"@id\":\"https:\/\/apuntesdesanluis.com\/#\/schema\/person\/b55151d52296fcce64d1a72538a70b90\",\"name\":\"apuntesdesanluis.com\",\"image\":{\"@type\":\"ImageObject\",\"inLanguage\":\"es-AR\",\"@id\":\"https:\/\/apuntesdesanluis.com\/#\/schema\/person\/image\/\",\"url\":\"https:\/\/apuntesdesanluis.com\/wp-content\/uploads\/2023\/07\/cropped-apuntesdesanluis.png\",\"contentUrl\":\"https:\/\/apuntesdesanluis.com\/wp-content\/uploads\/2023\/07\/cropped-apuntesdesanluis.png\",\"width\":450,\"height\":112,\"caption\":\"apuntesdesanluis.com\"},\"logo\":{\"@id\":\"https:\/\/apuntesdesanluis.com\/#\/schema\/person\/image\/\"},\"sameAs\":[\"https:\/\/apuntesdesanluis.com\"],\"url\":\"https:\/\/apuntesdesanluis.com\/index.php\/author\/apuntesdesanluis-com\/\"}]}<\/script>\n<!-- \/ Yoast SEO plugin. -->","yoast_head_json":{"title":"PRESENTARON UN NUEVO PARTIDO POL\u00cdTICO: \u201cCOMPROMISO POR SAN LUIS\u201d - Apuntes de San Luis","robots":{"index":"index","follow":"follow","max-snippet":"max-snippet:-1","max-image-preview":"max-image-preview:large","max-video-preview":"max-video-preview:-1"},"canonical":"https:\/\/apuntesdesanluis.com\/index.php\/2024\/09\/18\/presentaron-un-nuevo-partido-politico-compromiso-por-san-luis\/","og_locale":"es_ES","og_type":"article","og_title":"PRESENTARON UN NUEVO PARTIDO POL\u00cdTICO: \u201cCOMPROMISO POR SAN LUIS\u201d - Apuntes de San Luis","og_description":"Recientemente se present\u00f3 un nuevo partido pol\u00edtico en la provincia, a partir del desgranamiento de...","og_url":"https:\/\/apuntesdesanluis.com\/index.php\/2024\/09\/18\/presentaron-un-nuevo-partido-politico-compromiso-por-san-luis\/","og_site_name":"Apuntes de San Luis","article_published_time":"2024-09-18T04:24:53+00:00","article_modified_time":"2024-09-18T10:35:38+00:00","og_image":[{"width":606,"height":378,"url":"https:\/\/apuntesdesanluis.com\/wp-content\/uploads\/2024\/09\/bridger.jpg","type":"image\/jpeg"}],"author":"apuntesdesanluis.com","twitter_card":"summary_large_image","twitter_misc":{"Escrito por":"apuntesdesanluis.com","Tiempo de lectura":"2 minutos"},"schema":{"@context":"https:\/\/schema.org","@graph":[{"@type":"Article","@id":"https:\/\/apuntesdesanluis.com\/index.php\/2024\/09\/18\/presentaron-un-nuevo-partido-politico-compromiso-por-san-luis\/#article","isPartOf":{"@id":"https:\/\/apuntesdesanluis.com\/index.php\/2024\/09\/18\/presentaron-un-nuevo-partido-politico-compromiso-por-san-luis\/"},"author":{"name":"apuntesdesanluis.com","@id":"https:\/\/apuntesdesanluis.com\/#\/schema\/person\/b55151d52296fcce64d1a72538a70b90"},"headline":"PRESENTARON UN NUEVO PARTIDO POL\u00cdTICO: \u201cCOMPROMISO POR SAN LUIS\u201d","datePublished":"2024-09-18T04:24:53+00:00","dateModified":"2024-09-18T10:35:38+00:00","mainEntityOfPage":{"@id":"https:\/\/apuntesdesanluis.com\/index.php\/2024\/09\/18\/presentaron-un-nuevo-partido-politico-compromiso-por-san-luis\/"},"wordCount":277,"publisher":{"@id":"https:\/\/apuntesdesanluis.com\/#\/schema\/person\/b55151d52296fcce64d1a72538a70b90"},"image":{"@id":"https:\/\/apuntesdesanluis.com\/index.php\/2024\/09\/18\/presentaron-un-nuevo-partido-politico-compromiso-por-san-luis\/#primaryimage"},"thumbnailUrl":"https:\/\/apuntesdesanluis.com\/wp-content\/uploads\/2024\/09\/bridger.jpg","articleSection":["Ciudad\/Provincia"],"inLanguage":"es-AR"},{"@type":"WebPage","@id":"https:\/\/apuntesdesanluis.com\/index.php\/2024\/09\/18\/presentaron-un-nuevo-partido-politico-compromiso-por-san-luis\/","url":"https:\/\/apuntesdesanluis.com\/index.php\/2024\/09\/18\/presentaron-un-nuevo-partido-politico-compromiso-por-san-luis\/","name":"PRESENTARON UN NUEVO PARTIDO POL\u00cdTICO: \u201cCOMPROMISO POR SAN LUIS\u201d - Apuntes de San Luis","isPartOf":{"@id":"https:\/\/apuntesdesanluis.com\/#website"},"primaryImageOfPage":{"@id":"https:\/\/apuntesdesanluis.com\/index.php\/2024\/09\/18\/presentaron-un-nuevo-partido-politico-compromiso-por-san-luis\/#primaryimage"},"image":{"@id":"https:\/\/apuntesdesanluis.com\/index.php\/2024\/09\/18\/presentaron-un-nuevo-partido-politico-compromiso-por-san-luis\/#primaryimage"},"thumbnailUrl":"https:\/\/apuntesdesanluis.com\/wp-content\/uploads\/2024\/09\/bridger.jpg","datePublished":"2024-09-18T04:24:53+00:00","dateModified":"2024-09-18T10:35:38+00:00","breadcrumb":{"@id":"https:\/\/apuntesdesanluis.com\/index.php\/2024\/09\/18\/presentaron-un-nuevo-partido-politico-compromiso-por-san-luis\/#breadcrumb"},"inLanguage":"es-AR","potentialAction":[{"@type":"ReadAction","target":["https:\/\/apuntesdesanluis.com\/index.php\/2024\/09\/18\/presentaron-un-nuevo-partido-politico-compromiso-por-san-luis\/"]}]},{"@type":"ImageObject","inLanguage":"es-AR","@id":"https:\/\/apuntesdesanluis.com\/index.php\/2024\/09\/18\/presentaron-un-nuevo-partido-politico-compromiso-por-san-luis\/#primaryimage","url":"https:\/\/apuntesdesanluis.com\/wp-content\/uploads\/2024\/09\/bridger.jpg","contentUrl":"https:\/\/apuntesdesanluis.com\/wp-content\/uploads\/2024\/09\/bridger.jpg","width":606,"height":378},{"@type":"BreadcrumbList","@id":"https:\/\/apuntesdesanluis.com\/index.php\/2024\/09\/18\/presentaron-un-nuevo-partido-politico-compromiso-por-san-luis\/#breadcrumb","itemListElement":[{"@type":"ListItem","position":1,"name":"Inicio","item":"https:\/\/apuntesdesanluis.com\/"},{"@type":"ListItem","position":2,"name":"PRESENTARON UN NUEVO PARTIDO POL\u00cdTICO: \u201cCOMPROMISO POR SAN LUIS\u201d"}]},{"@type":"WebSite","@id":"https:\/\/apuntesdesanluis.com\/#website","url":"https:\/\/apuntesdesanluis.com\/","name":"Apuntes de San Luis","description":"","publisher":{"@id":"https:\/\/apuntesdesanluis.com\/#\/schema\/person\/b55151d52296fcce64d1a72538a70b90"},"potentialAction":[{"@type":"SearchAction","target":{"@type":"EntryPoint","urlTemplate":"https:\/\/apuntesdesanluis.com\/?s={search_term_string}"},"query-input":{"@type":"PropertyValueSpecification","valueRequired":true,"valueName":"search_term_string"}}],"inLanguage":"es-AR"},{"@type":["Person","Organization"],"@id":"https:\/\/apuntesdesanluis.com\/#\/schema\/person\/b55151d52296fcce64d1a72538a70b90","name":"apuntesdesanluis.com","image":{"@type":"ImageObject","inLanguage":"es-AR","@id":"https:\/\/apuntesdesanluis.com\/#\/schema\/person\/image\/","url":"https:\/\/apuntesdesanluis.com\/wp-content\/uploads\/2023\/07\/cropped-apuntesdesanluis.png","contentUrl":"https:\/\/apuntesdesanluis.com\/wp-content\/uploads\/2023\/07\/cropped-apuntesdesanluis.png","width":450,"height":112,"caption":"apuntesdesanluis.com"},"logo":{"@id":"https:\/\/apuntesdesanluis.com\/#\/schema\/person\/image\/"},"sameAs":["https:\/\/apuntesdesanluis.com"],"url":"https:\/\/apuntesdesanluis.com\/index.php\/author\/apuntesdesanluis-com\/"}]}},"featured_image_urls":{"full":["https:\/\/apuntesdesanluis.com\/wp-content\/uploads\/2024\/09\/bridger.jpg",606,378,false],"thumbnail":["https:\/\/apuntesdesanluis.com\/wp-content\/uploads\/2024\/09\/bridger-150x150.jpg",150,150,true],"medium":["https:\/\/apuntesdesanluis.com\/wp-content\/uploads\/2024\/09\/bridger-300x187.jpg",300,187,true],"medium_large":["https:\/\/apuntesdesanluis.com\/wp-content\/uploads\/2024\/09\/bridger.jpg",606,378,false],"large":["https:\/\/apuntesdesanluis.com\/wp-content\/uploads\/2024\/09\/bridger.jpg",606,378,false],"1536x1536":["https:\/\/apuntesdesanluis.com\/wp-content\/uploads\/2024\/09\/bridger.jpg",606,378,false],"2048x2048":["https:\/\/apuntesdesanluis.com\/wp-content\/uploads\/2024\/09\/bridger.jpg",606,378,false],"newsever-slider-full":["https:\/\/apuntesdesanluis.com\/wp-content\/uploads\/2024\/09\/bridger.jpg",606,378,false],"newsever-featured":["https:\/\/apuntesdesanluis.com\/wp-content\/uploads\/2024\/09\/bridger.jpg",606,378,false],"newsever-medium":["https:\/\/apuntesdesanluis.com\/wp-content\/uploads\/2024\/09\/bridger.jpg",606,378,false]},"author_info":{"display_name":"apuntesdesanluis.com","author_link":"https:\/\/apuntesdesanluis.com\/index.php\/author\/apuntesdesanluis-com\/"},"category_info":"<a href=\"https:\/\/apuntesdesanluis.com\/index.php\/category\/ciudad-provincia\/\" rel=\"category tag\">Ciudad\/Provincia<\/a>","tag_info":"Ciudad\/Provincia","comment_count":"0","_links":{"self":[{"href":"https:\/\/apuntesdesanluis.com\/index.php\/wp-json\/wp\/v2\/posts\/22402","targetHints":{"allow":["GET"]}}],"collection":[{"href":"https:\/\/apuntesdesanluis.com\/index.php\/wp-json\/wp\/v2\/posts"}],"about":[{"href":"https:\/\/apuntesdesanluis.com\/index.php\/wp-json\/wp\/v2\/types\/post"}],"author":[{"embeddable":true,"href":"https:\/\/apuntesdesanluis.com\/index.php\/wp-json\/wp\/v2\/users\/1"}],"replies":[{"embeddable":true,"href":"https:\/\/apuntesdesanluis.com\/index.php\/wp-json\/wp\/v2\/comments?post=22402"}],"version-history":[{"count":3,"href":"https:\/\/apuntesdesanluis.com\/index.php\/wp-json\/wp\/v2\/posts\/22402\/revisions"}],"predecessor-version":[{"id":22407,"href":"https:\/\/apuntesdesanluis.com\/index.php\/wp-json\/wp\/v2\/posts\/22402\/revisions\/22407"}],"wp:featuredmedia":[{"embeddable":true,"href":"https:\/\/apuntesdesanluis.com\/index.php\/wp-json\/wp\/v2\/media\/22405"}],"wp:attachment":[{"href":"https:\/\/apuntesdesanluis.com\/index.php\/wp-json\/wp\/v2\/media?parent=22402"}],"wp:term":[{"taxonomy":"category","embeddable":true,"href":"https:\/\/apuntesdesanluis.com\/index.php\/wp-json\/wp\/v2\/categories?post=22402"},{"taxonomy":"post_tag","embeddable":true,"href":"https:\/\/apuntesdesanluis.com\/index.php\/wp-json\/wp\/v2\/tags?post=22402"}],"curies":[{"name":"wp","href":"https:\/\/api.w.org\/{rel}","templated":true}]}}