{"id":22423,"date":"2024-09-18T19:15:03","date_gmt":"2024-09-18T22:15:03","guid":{"rendered":"https:\/\/apuntesdesanluis.com\/?p=22423"},"modified":"2024-09-18T22:35:11","modified_gmt":"2024-09-19T01:35:11","slug":"la-fcejs-reinaugura-el-edificio-del-instituto-escuela-de-economia-negocios-y-transferencia-tecnologica","status":"publish","type":"post","link":"https:\/\/apuntesdesanluis.com\/index.php\/2024\/09\/18\/la-fcejs-reinaugura-el-edificio-del-instituto-escuela-de-economia-negocios-y-transferencia-tecnologica\/","title":{"rendered":"LA FCEJS REINAUGURA EL EDIFICIO DEL INSTITUTO \u201cESCUELA DE ECONOM\u00cdA, NEGOCIOS Y TRANSFERENCIA TECNOL\u00d3GICA\u201d"},"content":{"rendered":"<h3>Con la Conferencia Inaugural \u201c<strong>Situaci\u00f3n actual y perspectivas del Presupuesto P\u00fablico en Argentina\u201d<\/strong>, el martes 1 de octubre a las 17 horas, la FCEJS reabrir\u00e1 oficialmente las puertas del instituto \u201cEscuela de Econom\u00eda, Negocios y Transferencia Tecnol\u00f3gica (EENyTT)\u201d.<\/h3>\n<h3>Esta conferencia estar\u00e1 a cargo del C.P.N. <strong>Gonzalo Lecuona<\/strong>, actual presidente de la <strong>Asociaci\u00f3n Argentina de Presupuesto y Administraci\u00f3n Financiera P\u00fablica<\/strong> (ASAP).<\/h3>\n<h3>Previo al inicio de actividades, la ASAP firmar\u00e1 un Convenio Marco con la UNSL. La reinauguraci\u00f3n de la EENyTT y la firma del nuevo convenio, representan una oportunidad para fortalecer los lazos entre la UNSL y la ASAP, y para promover el intercambio de conocimientos y experiencias en el campo de la administraci\u00f3n financiera p\u00fablica.<\/h3>\n<h3><img fetchpriority=\"high\" decoding=\"async\" class=\"wp-image-22424 aligncenter\" src=\"https:\/\/apuntesdesanluis.com\/wp-content\/uploads\/2024\/09\/reinauguracion-247x300.png\" alt=\"\" width=\"598\" height=\"726\" srcset=\"https:\/\/apuntesdesanluis.com\/wp-content\/uploads\/2024\/09\/reinauguracion-247x300.png 247w, https:\/\/apuntesdesanluis.com\/wp-content\/uploads\/2024\/09\/reinauguracion-697x845.png 697w\" sizes=\"(max-width: 598px) 100vw, 598px\" \/><\/h3>\n<h3>La Conferencia Inaugural marca la reapertura de las instalaciones del EENyTT tras la finalizaci\u00f3n de las refacciones y la puesta en valor del edificio ubicado en calle Pescadores 314, el cual sufri\u00f3 graves da\u00f1os ocasionados por la tormenta del 26 de enero de 2023.<\/h3>\n<h3>Fundada en 1975, la ASAP es una organizaci\u00f3n no gubernamental dedicada a la mejora del sistema de Administraci\u00f3n Financiera P\u00fablica y el presupuesto en particular. Su misi\u00f3n se centra en profundizar el debate sobre el rol del Estado, fomentar la cooperaci\u00f3n entre actores p\u00fablicos y privados, y promover el acceso y comprensi\u00f3n de las cuentas p\u00fablicas.<\/h3>\n<h3>Actualmente, la ASAP se enfoca en los siguientes objetivos:<\/h3>\n<h3>&#8211; Intercambio y discusi\u00f3n: organiza conferencias y encuentros para debatir sobre el presupuesto p\u00fablico y la administraci\u00f3n financiera, con la participaci\u00f3n de especialistas de diversos \u00e1mbitos.<\/h3>\n<h3>&#8211; An\u00e1lisis de cuentas p\u00fablicas: desarrolla informes e investigaciones peri\u00f3dicas sobre los presupuestos nacionales, provinciales y de la Ciudad Aut\u00f3noma de Buenos Aires.<\/h3>\n<h3>&#8211; Capacitaci\u00f3n y formaci\u00f3n: ofrece un programa anual de cursos nacionales e internacionales, tanto presenciales como a distancia, adem\u00e1s de posgrados en Administraci\u00f3n Financiera del Sector P\u00fablico y Gesti\u00f3n P\u00fablica por Resultados, en colaboraci\u00f3n con la Facultad de Ciencias Econ\u00f3micas de la Universidad de Buenos Aires (UBA).<\/h3>\n<h3>&#8211; Asistencia t\u00e9cnica: proporciona apoyo a organismos p\u00fablicos en todo el pa\u00eds.<\/h3>\n<h3>&#8211; Expansi\u00f3n y colaboraci\u00f3n: con la creaci\u00f3n del GPS del Estado, el Observatorio Presupuestario y la Red Planar, la ASAP ha ampliado su alcance a nivel nacional a trav\u00e9s de filiales en Buenos Aires, C\u00f3rdoba, Santa Fe, Tierra del Fuego, Neuqu\u00e9n y Cuyo. Adem\u00e1s, trabaja de manera colaborativa con organizaciones de la sociedad civil, organismos gubernamentales y actores del sector privado para potenciar su impacto.<\/h3>\n<p>&nbsp;<\/p>\n<p>&nbsp;<\/p>\n<p>&nbsp;<\/p>\n","protected":false},"excerpt":{"rendered":"<p>Con la Conferencia Inaugural \u201cSituaci\u00f3n actual y perspectivas del Presupuesto P\u00fablico en Argentina\u201d, el martes&#8230;<\/p>\n","protected":false},"author":1,"featured_media":22425,"comment_status":"closed","ping_status":"closed","sticky":false,"template":"","format":"standard","meta":{"footnotes":""},"categories":[6],"tags":[],"class_list":["post-22423","post","type-post","status-publish","format-standard","has-post-thumbnail","hentry","category-ciudad-provincia"],"yoast_head":"<!-- This site is optimized with the Yoast SEO plugin v26.1.1 - https:\/\/yoast.com\/wordpress\/plugins\/seo\/ -->\n<title>LA FCEJS REINAUGURA EL EDIFICIO DEL INSTITUTO \u201cESCUELA DE ECONOM\u00cdA, NEGOCIOS Y TRANSFERENCIA TECNOL\u00d3GICA\u201d - Apuntes de San Luis<\/title>\n<meta name=\"robots\" content=\"index, follow, max-snippet:-1, max-image-preview:large, max-video-preview:-1\" \/>\n<link rel=\"canonical\" href=\"https:\/\/apuntesdesanluis.com\/index.php\/2024\/09\/18\/la-fcejs-reinaugura-el-edificio-del-instituto-escuela-de-economia-negocios-y-transferencia-tecnologica\/\" \/>\n<meta property=\"og:locale\" content=\"es_ES\" \/>\n<meta property=\"og:type\" content=\"article\" \/>\n<meta property=\"og:title\" content=\"LA FCEJS REINAUGURA EL EDIFICIO DEL INSTITUTO \u201cESCUELA DE ECONOM\u00cdA, NEGOCIOS Y TRANSFERENCIA TECNOL\u00d3GICA\u201d - Apuntes de San Luis\" \/>\n<meta property=\"og:description\" content=\"Con la Conferencia Inaugural \u201cSituaci\u00f3n actual y perspectivas del Presupuesto P\u00fablico en Argentina\u201d, el martes...\" \/>\n<meta property=\"og:url\" content=\"https:\/\/apuntesdesanluis.com\/index.php\/2024\/09\/18\/la-fcejs-reinaugura-el-edificio-del-instituto-escuela-de-economia-negocios-y-transferencia-tecnologica\/\" \/>\n<meta property=\"og:site_name\" content=\"Apuntes de San Luis\" \/>\n<meta property=\"article:published_time\" content=\"2024-09-18T22:15:03+00:00\" \/>\n<meta property=\"article:modified_time\" content=\"2024-09-19T01:35:11+00:00\" \/>\n<meta property=\"og:image\" content=\"https:\/\/apuntesdesanluis.com\/wp-content\/uploads\/2024\/09\/escuela-de-economia-y-negocios.png\" \/>\n\t<meta property=\"og:image:width\" content=\"496\" \/>\n\t<meta property=\"og:image:height\" content=\"304\" \/>\n\t<meta property=\"og:image:type\" content=\"image\/png\" \/>\n<meta name=\"author\" content=\"apuntesdesanluis.com\" \/>\n<meta name=\"twitter:card\" content=\"summary_large_image\" \/>\n<meta name=\"twitter:label1\" content=\"Escrito por\" \/>\n\t<meta name=\"twitter:data1\" content=\"apuntesdesanluis.com\" \/>\n\t<meta name=\"twitter:label2\" content=\"Tiempo de lectura\" \/>\n\t<meta name=\"twitter:data2\" content=\"3 minutos\" \/>\n<script type=\"application\/ld+json\" class=\"yoast-schema-graph\">{\"@context\":\"https:\/\/schema.org\",\"@graph\":[{\"@type\":\"Article\",\"@id\":\"https:\/\/apuntesdesanluis.com\/index.php\/2024\/09\/18\/la-fcejs-reinaugura-el-edificio-del-instituto-escuela-de-economia-negocios-y-transferencia-tecnologica\/#article\",\"isPartOf\":{\"@id\":\"https:\/\/apuntesdesanluis.com\/index.php\/2024\/09\/18\/la-fcejs-reinaugura-el-edificio-del-instituto-escuela-de-economia-negocios-y-transferencia-tecnologica\/\"},\"author\":{\"name\":\"apuntesdesanluis.com\",\"@id\":\"https:\/\/apuntesdesanluis.com\/#\/schema\/person\/b55151d52296fcce64d1a72538a70b90\"},\"headline\":\"LA FCEJS REINAUGURA EL EDIFICIO DEL INSTITUTO \u201cESCUELA DE ECONOM\u00cdA, NEGOCIOS Y TRANSFERENCIA TECNOL\u00d3GICA\u201d\",\"datePublished\":\"2024-09-18T22:15:03+00:00\",\"dateModified\":\"2024-09-19T01:35:11+00:00\",\"mainEntityOfPage\":{\"@id\":\"https:\/\/apuntesdesanluis.com\/index.php\/2024\/09\/18\/la-fcejs-reinaugura-el-edificio-del-instituto-escuela-de-economia-negocios-y-transferencia-tecnologica\/\"},\"wordCount\":459,\"publisher\":{\"@id\":\"https:\/\/apuntesdesanluis.com\/#\/schema\/person\/b55151d52296fcce64d1a72538a70b90\"},\"image\":{\"@id\":\"https:\/\/apuntesdesanluis.com\/index.php\/2024\/09\/18\/la-fcejs-reinaugura-el-edificio-del-instituto-escuela-de-economia-negocios-y-transferencia-tecnologica\/#primaryimage\"},\"thumbnailUrl\":\"https:\/\/apuntesdesanluis.com\/wp-content\/uploads\/2024\/09\/escuela-de-economia-y-negocios.png\",\"articleSection\":[\"Ciudad\/Provincia\"],\"inLanguage\":\"es-AR\"},{\"@type\":\"WebPage\",\"@id\":\"https:\/\/apuntesdesanluis.com\/index.php\/2024\/09\/18\/la-fcejs-reinaugura-el-edificio-del-instituto-escuela-de-economia-negocios-y-transferencia-tecnologica\/\",\"url\":\"https:\/\/apuntesdesanluis.com\/index.php\/2024\/09\/18\/la-fcejs-reinaugura-el-edificio-del-instituto-escuela-de-economia-negocios-y-transferencia-tecnologica\/\",\"name\":\"LA FCEJS REINAUGURA EL EDIFICIO DEL INSTITUTO \u201cESCUELA DE ECONOM\u00cdA, NEGOCIOS Y TRANSFERENCIA TECNOL\u00d3GICA\u201d - Apuntes de San Luis\",\"isPartOf\":{\"@id\":\"https:\/\/apuntesdesanluis.com\/#website\"},\"primaryImageOfPage\":{\"@id\":\"https:\/\/apuntesdesanluis.com\/index.php\/2024\/09\/18\/la-fcejs-reinaugura-el-edificio-del-instituto-escuela-de-economia-negocios-y-transferencia-tecnologica\/#primaryimage\"},\"image\":{\"@id\":\"https:\/\/apuntesdesanluis.com\/index.php\/2024\/09\/18\/la-fcejs-reinaugura-el-edificio-del-instituto-escuela-de-economia-negocios-y-transferencia-tecnologica\/#primaryimage\"},\"thumbnailUrl\":\"https:\/\/apuntesdesanluis.com\/wp-content\/uploads\/2024\/09\/escuela-de-economia-y-negocios.png\",\"datePublished\":\"2024-09-18T22:15:03+00:00\",\"dateModified\":\"2024-09-19T01:35:11+00:00\",\"breadcrumb\":{\"@id\":\"https:\/\/apuntesdesanluis.com\/index.php\/2024\/09\/18\/la-fcejs-reinaugura-el-edificio-del-instituto-escuela-de-economia-negocios-y-transferencia-tecnologica\/#breadcrumb\"},\"inLanguage\":\"es-AR\",\"potentialAction\":[{\"@type\":\"ReadAction\",\"target\":[\"https:\/\/apuntesdesanluis.com\/index.php\/2024\/09\/18\/la-fcejs-reinaugura-el-edificio-del-instituto-escuela-de-economia-negocios-y-transferencia-tecnologica\/\"]}]},{\"@type\":\"ImageObject\",\"inLanguage\":\"es-AR\",\"@id\":\"https:\/\/apuntesdesanluis.com\/index.php\/2024\/09\/18\/la-fcejs-reinaugura-el-edificio-del-instituto-escuela-de-economia-negocios-y-transferencia-tecnologica\/#primaryimage\",\"url\":\"https:\/\/apuntesdesanluis.com\/wp-content\/uploads\/2024\/09\/escuela-de-economia-y-negocios.png\",\"contentUrl\":\"https:\/\/apuntesdesanluis.com\/wp-content\/uploads\/2024\/09\/escuela-de-economia-y-negocios.png\",\"width\":496,\"height\":304},{\"@type\":\"BreadcrumbList\",\"@id\":\"https:\/\/apuntesdesanluis.com\/index.php\/2024\/09\/18\/la-fcejs-reinaugura-el-edificio-del-instituto-escuela-de-economia-negocios-y-transferencia-tecnologica\/#breadcrumb\",\"itemListElement\":[{\"@type\":\"ListItem\",\"position\":1,\"name\":\"Inicio\",\"item\":\"https:\/\/apuntesdesanluis.com\/\"},{\"@type\":\"ListItem\",\"position\":2,\"name\":\"LA FCEJS REINAUGURA EL EDIFICIO DEL INSTITUTO \u201cESCUELA DE ECONOM\u00cdA, NEGOCIOS Y TRANSFERENCIA TECNOL\u00d3GICA\u201d\"}]},{\"@type\":\"WebSite\",\"@id\":\"https:\/\/apuntesdesanluis.com\/#website\",\"url\":\"https:\/\/apuntesdesanluis.com\/\",\"name\":\"Apuntes de San Luis\",\"description\":\"\",\"publisher\":{\"@id\":\"https:\/\/apuntesdesanluis.com\/#\/schema\/person\/b55151d52296fcce64d1a72538a70b90\"},\"potentialAction\":[{\"@type\":\"SearchAction\",\"target\":{\"@type\":\"EntryPoint\",\"urlTemplate\":\"https:\/\/apuntesdesanluis.com\/?s={search_term_string}\"},\"query-input\":{\"@type\":\"PropertyValueSpecification\",\"valueRequired\":true,\"valueName\":\"search_term_string\"}}],\"inLanguage\":\"es-AR\"},{\"@type\":[\"Person\",\"Organization\"],\"@id\":\"https:\/\/apuntesdesanluis.com\/#\/schema\/person\/b55151d52296fcce64d1a72538a70b90\",\"name\":\"apuntesdesanluis.com\",\"image\":{\"@type\":\"ImageObject\",\"inLanguage\":\"es-AR\",\"@id\":\"https:\/\/apuntesdesanluis.com\/#\/schema\/person\/image\/\",\"url\":\"https:\/\/apuntesdesanluis.com\/wp-content\/uploads\/2023\/07\/cropped-apuntesdesanluis.png\",\"contentUrl\":\"https:\/\/apuntesdesanluis.com\/wp-content\/uploads\/2023\/07\/cropped-apuntesdesanluis.png\",\"width\":450,\"height\":112,\"caption\":\"apuntesdesanluis.com\"},\"logo\":{\"@id\":\"https:\/\/apuntesdesanluis.com\/#\/schema\/person\/image\/\"},\"sameAs\":[\"https:\/\/apuntesdesanluis.com\"],\"url\":\"https:\/\/apuntesdesanluis.com\/index.php\/author\/apuntesdesanluis-com\/\"}]}<\/script>\n<!-- \/ Yoast SEO plugin. -->","yoast_head_json":{"title":"LA FCEJS REINAUGURA EL EDIFICIO DEL INSTITUTO \u201cESCUELA DE ECONOM\u00cdA, NEGOCIOS Y TRANSFERENCIA TECNOL\u00d3GICA\u201d - Apuntes de San Luis","robots":{"index":"index","follow":"follow","max-snippet":"max-snippet:-1","max-image-preview":"max-image-preview:large","max-video-preview":"max-video-preview:-1"},"canonical":"https:\/\/apuntesdesanluis.com\/index.php\/2024\/09\/18\/la-fcejs-reinaugura-el-edificio-del-instituto-escuela-de-economia-negocios-y-transferencia-tecnologica\/","og_locale":"es_ES","og_type":"article","og_title":"LA FCEJS REINAUGURA EL EDIFICIO DEL INSTITUTO \u201cESCUELA DE ECONOM\u00cdA, NEGOCIOS Y TRANSFERENCIA TECNOL\u00d3GICA\u201d - Apuntes de San Luis","og_description":"Con la Conferencia Inaugural \u201cSituaci\u00f3n actual y perspectivas del Presupuesto P\u00fablico en Argentina\u201d, el martes...","og_url":"https:\/\/apuntesdesanluis.com\/index.php\/2024\/09\/18\/la-fcejs-reinaugura-el-edificio-del-instituto-escuela-de-economia-negocios-y-transferencia-tecnologica\/","og_site_name":"Apuntes de San Luis","article_published_time":"2024-09-18T22:15:03+00:00","article_modified_time":"2024-09-19T01:35:11+00:00","og_image":[{"width":496,"height":304,"url":"https:\/\/apuntesdesanluis.com\/wp-content\/uploads\/2024\/09\/escuela-de-economia-y-negocios.png","type":"image\/png"}],"author":"apuntesdesanluis.com","twitter_card":"summary_large_image","twitter_misc":{"Escrito por":"apuntesdesanluis.com","Tiempo de lectura":"3 minutos"},"schema":{"@context":"https:\/\/schema.org","@graph":[{"@type":"Article","@id":"https:\/\/apuntesdesanluis.com\/index.php\/2024\/09\/18\/la-fcejs-reinaugura-el-edificio-del-instituto-escuela-de-economia-negocios-y-transferencia-tecnologica\/#article","isPartOf":{"@id":"https:\/\/apuntesdesanluis.com\/index.php\/2024\/09\/18\/la-fcejs-reinaugura-el-edificio-del-instituto-escuela-de-economia-negocios-y-transferencia-tecnologica\/"},"author":{"name":"apuntesdesanluis.com","@id":"https:\/\/apuntesdesanluis.com\/#\/schema\/person\/b55151d52296fcce64d1a72538a70b90"},"headline":"LA FCEJS REINAUGURA EL EDIFICIO DEL INSTITUTO \u201cESCUELA DE ECONOM\u00cdA, NEGOCIOS Y TRANSFERENCIA TECNOL\u00d3GICA\u201d","datePublished":"2024-09-18T22:15:03+00:00","dateModified":"2024-09-19T01:35:11+00:00","mainEntityOfPage":{"@id":"https:\/\/apuntesdesanluis.com\/index.php\/2024\/09\/18\/la-fcejs-reinaugura-el-edificio-del-instituto-escuela-de-economia-negocios-y-transferencia-tecnologica\/"},"wordCount":459,"publisher":{"@id":"https:\/\/apuntesdesanluis.com\/#\/schema\/person\/b55151d52296fcce64d1a72538a70b90"},"image":{"@id":"https:\/\/apuntesdesanluis.com\/index.php\/2024\/09\/18\/la-fcejs-reinaugura-el-edificio-del-instituto-escuela-de-economia-negocios-y-transferencia-tecnologica\/#primaryimage"},"thumbnailUrl":"https:\/\/apuntesdesanluis.com\/wp-content\/uploads\/2024\/09\/escuela-de-economia-y-negocios.png","articleSection":["Ciudad\/Provincia"],"inLanguage":"es-AR"},{"@type":"WebPage","@id":"https:\/\/apuntesdesanluis.com\/index.php\/2024\/09\/18\/la-fcejs-reinaugura-el-edificio-del-instituto-escuela-de-economia-negocios-y-transferencia-tecnologica\/","url":"https:\/\/apuntesdesanluis.com\/index.php\/2024\/09\/18\/la-fcejs-reinaugura-el-edificio-del-instituto-escuela-de-economia-negocios-y-transferencia-tecnologica\/","name":"LA FCEJS REINAUGURA EL EDIFICIO DEL INSTITUTO \u201cESCUELA DE ECONOM\u00cdA, NEGOCIOS Y TRANSFERENCIA TECNOL\u00d3GICA\u201d - Apuntes de San Luis","isPartOf":{"@id":"https:\/\/apuntesdesanluis.com\/#website"},"primaryImageOfPage":{"@id":"https:\/\/apuntesdesanluis.com\/index.php\/2024\/09\/18\/la-fcejs-reinaugura-el-edificio-del-instituto-escuela-de-economia-negocios-y-transferencia-tecnologica\/#primaryimage"},"image":{"@id":"https:\/\/apuntesdesanluis.com\/index.php\/2024\/09\/18\/la-fcejs-reinaugura-el-edificio-del-instituto-escuela-de-economia-negocios-y-transferencia-tecnologica\/#primaryimage"},"thumbnailUrl":"https:\/\/apuntesdesanluis.com\/wp-content\/uploads\/2024\/09\/escuela-de-economia-y-negocios.png","datePublished":"2024-09-18T22:15:03+00:00","dateModified":"2024-09-19T01:35:11+00:00","breadcrumb":{"@id":"https:\/\/apuntesdesanluis.com\/index.php\/2024\/09\/18\/la-fcejs-reinaugura-el-edificio-del-instituto-escuela-de-economia-negocios-y-transferencia-tecnologica\/#breadcrumb"},"inLanguage":"es-AR","potentialAction":[{"@type":"ReadAction","target":["https:\/\/apuntesdesanluis.com\/index.php\/2024\/09\/18\/la-fcejs-reinaugura-el-edificio-del-instituto-escuela-de-economia-negocios-y-transferencia-tecnologica\/"]}]},{"@type":"ImageObject","inLanguage":"es-AR","@id":"https:\/\/apuntesdesanluis.com\/index.php\/2024\/09\/18\/la-fcejs-reinaugura-el-edificio-del-instituto-escuela-de-economia-negocios-y-transferencia-tecnologica\/#primaryimage","url":"https:\/\/apuntesdesanluis.com\/wp-content\/uploads\/2024\/09\/escuela-de-economia-y-negocios.png","contentUrl":"https:\/\/apuntesdesanluis.com\/wp-content\/uploads\/2024\/09\/escuela-de-economia-y-negocios.png","width":496,"height":304},{"@type":"BreadcrumbList","@id":"https:\/\/apuntesdesanluis.com\/index.php\/2024\/09\/18\/la-fcejs-reinaugura-el-edificio-del-instituto-escuela-de-economia-negocios-y-transferencia-tecnologica\/#breadcrumb","itemListElement":[{"@type":"ListItem","position":1,"name":"Inicio","item":"https:\/\/apuntesdesanluis.com\/"},{"@type":"ListItem","position":2,"name":"LA FCEJS REINAUGURA EL EDIFICIO DEL INSTITUTO \u201cESCUELA DE ECONOM\u00cdA, NEGOCIOS Y TRANSFERENCIA TECNOL\u00d3GICA\u201d"}]},{"@type":"WebSite","@id":"https:\/\/apuntesdesanluis.com\/#website","url":"https:\/\/apuntesdesanluis.com\/","name":"Apuntes de San Luis","description":"","publisher":{"@id":"https:\/\/apuntesdesanluis.com\/#\/schema\/person\/b55151d52296fcce64d1a72538a70b90"},"potentialAction":[{"@type":"SearchAction","target":{"@type":"EntryPoint","urlTemplate":"https:\/\/apuntesdesanluis.com\/?s={search_term_string}"},"query-input":{"@type":"PropertyValueSpecification","valueRequired":true,"valueName":"search_term_string"}}],"inLanguage":"es-AR"},{"@type":["Person","Organization"],"@id":"https:\/\/apuntesdesanluis.com\/#\/schema\/person\/b55151d52296fcce64d1a72538a70b90","name":"apuntesdesanluis.com","image":{"@type":"ImageObject","inLanguage":"es-AR","@id":"https:\/\/apuntesdesanluis.com\/#\/schema\/person\/image\/","url":"https:\/\/apuntesdesanluis.com\/wp-content\/uploads\/2023\/07\/cropped-apuntesdesanluis.png","contentUrl":"https:\/\/apuntesdesanluis.com\/wp-content\/uploads\/2023\/07\/cropped-apuntesdesanluis.png","width":450,"height":112,"caption":"apuntesdesanluis.com"},"logo":{"@id":"https:\/\/apuntesdesanluis.com\/#\/schema\/person\/image\/"},"sameAs":["https:\/\/apuntesdesanluis.com"],"url":"https:\/\/apuntesdesanluis.com\/index.php\/author\/apuntesdesanluis-com\/"}]}},"featured_image_urls":{"full":["https:\/\/apuntesdesanluis.com\/wp-content\/uploads\/2024\/09\/escuela-de-economia-y-negocios.png",496,304,false],"thumbnail":["https:\/\/apuntesdesanluis.com\/wp-content\/uploads\/2024\/09\/escuela-de-economia-y-negocios-150x150.png",150,150,true],"medium":["https:\/\/apuntesdesanluis.com\/wp-content\/uploads\/2024\/09\/escuela-de-economia-y-negocios-300x184.png",300,184,true],"medium_large":["https:\/\/apuntesdesanluis.com\/wp-content\/uploads\/2024\/09\/escuela-de-economia-y-negocios.png",496,304,false],"large":["https:\/\/apuntesdesanluis.com\/wp-content\/uploads\/2024\/09\/escuela-de-economia-y-negocios.png",496,304,false],"1536x1536":["https:\/\/apuntesdesanluis.com\/wp-content\/uploads\/2024\/09\/escuela-de-economia-y-negocios.png",496,304,false],"2048x2048":["https:\/\/apuntesdesanluis.com\/wp-content\/uploads\/2024\/09\/escuela-de-economia-y-negocios.png",496,304,false],"newsever-slider-full":["https:\/\/apuntesdesanluis.com\/wp-content\/uploads\/2024\/09\/escuela-de-economia-y-negocios.png",496,304,false],"newsever-featured":["https:\/\/apuntesdesanluis.com\/wp-content\/uploads\/2024\/09\/escuela-de-economia-y-negocios.png",496,304,false],"newsever-medium":["https:\/\/apuntesdesanluis.com\/wp-content\/uploads\/2024\/09\/escuela-de-economia-y-negocios.png",496,304,false]},"author_info":{"display_name":"apuntesdesanluis.com","author_link":"https:\/\/apuntesdesanluis.com\/index.php\/author\/apuntesdesanluis-com\/"},"category_info":"<a href=\"https:\/\/apuntesdesanluis.com\/index.php\/category\/ciudad-provincia\/\" rel=\"category tag\">Ciudad\/Provincia<\/a>","tag_info":"Ciudad\/Provincia","comment_count":"0","_links":{"self":[{"href":"https:\/\/apuntesdesanluis.com\/index.php\/wp-json\/wp\/v2\/posts\/22423","targetHints":{"allow":["GET"]}}],"collection":[{"href":"https:\/\/apuntesdesanluis.com\/index.php\/wp-json\/wp\/v2\/posts"}],"about":[{"href":"https:\/\/apuntesdesanluis.com\/index.php\/wp-json\/wp\/v2\/types\/post"}],"author":[{"embeddable":true,"href":"https:\/\/apuntesdesanluis.com\/index.php\/wp-json\/wp\/v2\/users\/1"}],"replies":[{"embeddable":true,"href":"https:\/\/apuntesdesanluis.com\/index.php\/wp-json\/wp\/v2\/comments?post=22423"}],"version-history":[{"count":1,"href":"https:\/\/apuntesdesanluis.com\/index.php\/wp-json\/wp\/v2\/posts\/22423\/revisions"}],"predecessor-version":[{"id":22426,"href":"https:\/\/apuntesdesanluis.com\/index.php\/wp-json\/wp\/v2\/posts\/22423\/revisions\/22426"}],"wp:featuredmedia":[{"embeddable":true,"href":"https:\/\/apuntesdesanluis.com\/index.php\/wp-json\/wp\/v2\/media\/22425"}],"wp:attachment":[{"href":"https:\/\/apuntesdesanluis.com\/index.php\/wp-json\/wp\/v2\/media?parent=22423"}],"wp:term":[{"taxonomy":"category","embeddable":true,"href":"https:\/\/apuntesdesanluis.com\/index.php\/wp-json\/wp\/v2\/categories?post=22423"},{"taxonomy":"post_tag","embeddable":true,"href":"https:\/\/apuntesdesanluis.com\/index.php\/wp-json\/wp\/v2\/tags?post=22423"}],"curies":[{"name":"wp","href":"https:\/\/api.w.org\/{rel}","templated":true}]}}