{"id":22427,"date":"2024-09-18T21:10:13","date_gmt":"2024-09-19T00:10:13","guid":{"rendered":"https:\/\/apuntesdesanluis.com\/?p=22427"},"modified":"2024-09-18T21:27:51","modified_gmt":"2024-09-19T00:27:51","slug":"en-caldeada-sesion-el-oficialismo-consiguio-aprobar-el-presupuesto-provincial-2025","status":"publish","type":"post","link":"https:\/\/apuntesdesanluis.com\/index.php\/2024\/09\/18\/en-caldeada-sesion-el-oficialismo-consiguio-aprobar-el-presupuesto-provincial-2025\/","title":{"rendered":"EN CALDEADA SESI\u00d3N, EL OFICIALISMO CONSIGUI\u00d3 APROBAR EL PRESUPUESTO 2025 Y LA ADHESI\u00d3N AL RIGI"},"content":{"rendered":"<h3>Este mi\u00e9rcoles, la C\u00e1mara de Diputados aprob\u00f3 por mayor\u00eda -con 24 votos a favor y 16 en contra- el <strong>Presupuesto 2025<\/strong>, con un monto de <strong>$1.841.214.283.195<\/strong> para financiar las pol\u00edticas p\u00fablicas y asegurar el funcionamiento del Estado. El proyecto, que fue dise\u00f1ado sin d\u00e9ficit fiscal y sin endeudamiento, est\u00e1 enfocado en mejorar la educaci\u00f3n, facilitar el acceso a la vivienda y generar m\u00e1s empleo. La oposici\u00f3n justicialista formul\u00f3 fuertes cuestionamientos.<\/h3>\n<h3>\u201cEl presupuesto fue elaborado con cuentas equilibradas, es decir, el dinero que ingresa es igual al que se gasta. Esto fue posible gracias a la pol\u00edtica de austeridad que viene llevando adelante el gobierno de <strong>Claudio Poggi<\/strong> desde que asumi\u00f3, que incluye la reducci\u00f3n de la planta pol\u00edtica en un 35% y medidas para impulsar el crecimiento del sector privado, generando m\u00e1s empleo genuino y proyectando una mayor recaudaci\u00f3n tributaria por la mejora en la actividad econ\u00f3mica\u201d, indic\u00f3 el oficialismo.<\/h3>\n<h3>Las prioridades del Presupuesto 2025 que envi\u00f3 el Ejecutivo son claras: educaci\u00f3n, salud, seguridad, empleo y vivienda. Del total de los fondos, el 50% se destinar\u00e1 al pago de salarios para la administraci\u00f3n p\u00fablica, el 7% a beneficios sociales y el 9% a transferencias autom\u00e1ticas que se distribuyen a los municipios. Adem\u00e1s, un 11% ser\u00e1 para obra p\u00fablica, con la mitad de ese monto destinado a la construcci\u00f3n de viviendas, uno de los ejes principales de la gesti\u00f3n de Poggi.<\/h3>\n<h3><strong>CR\u00cdTICAS DE LA OPOSICI\u00d3N<\/strong><\/h3>\n<h3>La oposici\u00f3n justicialista formul\u00f3 fuertes cuestionamientos por la paralizaci\u00f3n de la obra p\u00fablica, con gastos corrientes por m\u00e1s del 80% y un estancamiento en \u00e1reas cruciales como salud, seguridad y educaci\u00f3n, entre otros puntos.<\/h3>\n<h3>El diputado provincial justicialista <strong>Joaqu\u00edn Beltr\u00e1n<\/strong>, advirti\u00f3 que el proyecto concentra el poder en el Ejecutivo.&#8221;El bloque hizo un exhaustivo an\u00e1lisis y tiene graves deficiencias: consolida el estancamiento, consolida la dependencia de fondos nacionales, abandona la obra p\u00fablica, no es una herramienta para el crecimiento. Esto compromete seriamente el futuro para nuestra provincia&#8221;, enfatiz\u00f3.<\/h3>\n<h3>Agreg\u00f3 que&#8221;estos problemas econ\u00f3micos se manifiestan con la crisis social, las marchas y reclamos, y la creciente inseguridad&#8221;, al tiempo que expres\u00f3 que reiter\u00f3 cr\u00edticas por la venta de la Casa de San Luis en la Ciudad de Buenos Aires, &#8220;m\u00e1s a\u00fan cuando ya el presupuesto para el a\u00f1o que viene tiene partidas asignadas. Es una muestra de capricho y no una necesidad&#8221;, afirm\u00f3.<\/h3>\n<h3>Por su parte <strong>Silvia Sosa Araujo<\/strong>, de la misma bancada, pidi\u00f3 un cuarto intermedio para que el Presupuesto 2025 tenga un incremento en las partidas al Poder Judicial y que pasen del 3% estipulado para el a\u00f1o que viene al 4%, como ha sido la norma en la provincia. Sin embargo, se rechaz\u00f3 esta proposici\u00f3n, lo que provoc\u00f3 el malestar de los empleados judiciales presentes en las gradas.<\/h3>\n<h3>Los diputados oficialistas cuestionaron tambi\u00e9n que el Estado puntano destinar\u00e1 2.400 millones de pesos en pauta oficial y 35 mil millones a la Universidad de La Punta (ULP), que siempre fue denigrada por el poggismo.<\/h3>\n<h3>Afirmaron, asimismo, que el presupuesto para el a\u00f1o que viene asciende a $1.841.214.283.195, &#8220;una cifra astron\u00f3mica que demuestra la inflaci\u00f3n experimentada en los \u00faltimos tiempos. Los gastos corrientes representan un 81% del total y los gastos de capital son del 19%, lo que marca una degradaci\u00f3n en la estructura del gasto, si se considera que en el Presupuesto 2024 los bienes de capital conformaban el 46% del total&#8221;, recordaron.<\/h3>\n<h3><img fetchpriority=\"high\" decoding=\"async\" class=\"wp-image-22428 aligncenter\" src=\"https:\/\/apuntesdesanluis.com\/wp-content\/uploads\/2024\/09\/sosa-araujo-300x189.png\" alt=\"\" width=\"695\" height=\"438\" srcset=\"https:\/\/apuntesdesanluis.com\/wp-content\/uploads\/2024\/09\/sosa-araujo-300x189.png 300w, https:\/\/apuntesdesanluis.com\/wp-content\/uploads\/2024\/09\/sosa-araujo.png 520w\" sizes=\"(max-width: 695px) 100vw, 695px\" \/><\/h3>\n<h3><strong>POSICI\u00d3N DEL OFICIALISMO<\/strong><\/h3>\n<h3>La diputada por Pueyrred\u00f3n, <strong>Eugenia Gallardo<\/strong>, se\u00f1al\u00f3 que la oposici\u00f3n le minti\u00f3 a la sociedad durante toda su gesti\u00f3n sobre los gastos del Estado: \u201cPagarle a los beneficiarios del Plan de Inclusi\u00f3n todos los meses durante a\u00f1os lo pon\u00edan como un proyecto de inversi\u00f3n: nos ment\u00edan. Pagar los gastos de mantenimiento de los hospitales todos los meses era para ellos un gasto de inversi\u00f3n: nos ment\u00edan. No construyeron ni dos mil casas en ocho a\u00f1os de gobierno y hablan ahora de que es poco el presupuesto asignado a obras. Son 2.400 casas las que se empiezan a construir en 2 a\u00f1os\u201d, dijo.<\/h3>\n<h3>\u201cEl gobierno hered\u00f3 una situaci\u00f3n fiscal muy dif\u00edcil, con un alto d\u00e9ficit que se financi\u00f3 con fondos excepcionales de la deuda que Naci\u00f3n ten\u00eda con la Provincia. Sin embargo, desde el 10 de diciembre se vienen realizando grandes esfuerzos para equilibrar las cuentas, eliminando gastos innecesarios, erradicando los nichos de corrupci\u00f3n y reduciendo los cargos de funcionarios\u201d, afirm\u00f3.<\/h3>\n<h3>\u201cSe gastaron todos los recursos que ten\u00edamos, que eran extraordinarios, en financiar un d\u00e9ficit fiscal que heredamos y que es eso lo que estamos pagando. Nosotros destinamos nuestros escas\u00edsimos recursos a poder salvar la pobreza de San Luis con fondos destinados al Plan Alimentario Nutricional Escolar (PANE). S\u00ed, tenemos diferencias. Ellos contrataban a empresas amigas para hacer canchas de hockey que nunca se iniciaron. Hay m\u00e1s de 20 denuncias en el Poder Judicial de exfuncionarios del gobierno anterior\u201d, se\u00f1al\u00f3 la diputada.<\/h3>\n<h3>\u201cNosotros estamos comprometidos con el futuro de San Luis. Son ellos quienes estuvieron gobernando y se gastaron toda la plata que ten\u00edamos. \u00bfSomos m\u00e1s ricos? No, somos m\u00e1s pobres. \u00bfTenemos m\u00e1s viviendas? No\u201d, agreg\u00f3.<\/h3>\n<h3><img decoding=\"async\" class=\"wp-image-22429 aligncenter\" src=\"https:\/\/apuntesdesanluis.com\/wp-content\/uploads\/2024\/09\/gallardo-1-300x202.png\" alt=\"\" width=\"652\" height=\"439\" srcset=\"https:\/\/apuntesdesanluis.com\/wp-content\/uploads\/2024\/09\/gallardo-1-300x202.png 300w, https:\/\/apuntesdesanluis.com\/wp-content\/uploads\/2024\/09\/gallardo-1.png 489w\" sizes=\"(max-width: 652px) 100vw, 652px\" \/><\/h3>\n<h3>Uno de los mayores desaf\u00edos que enfrenta la Provincia es la fuerte dependencia de los fondos que env\u00eda el Estado nacional, ya que el 78% de los recursos son federales y solo el 22% provienen de la recaudaci\u00f3n provincial. El Gobierno tiene como meta reducir esta dependencia, reordenando el gasto para destinar m\u00e1s recursos a inversiones y menos a gastos corrientes.<\/h3>\n<h3>\u201cHeredamos un d\u00e9ficit informado por el Superior Tribunal de Cuentas de 93.125 millones de pesos dada la mala administraci\u00f3n de los recursos y los gastos que se hicieron despu\u00e9s de saber que perdieron las elecciones. Dejaron la provincia en ruinas y estas son las consecuencias. Pero las vamos a pagar a las consecuencias porque sabemos gobernar, porque sabemos gestionar. Porque el Gobernador sale todas las semanas y visita cada localidad de esta provincia. Va a todas las escuelas, a todos los centros de salud. Est\u00e1 absolutamente comprometido con la gesti\u00f3n\u201d, se\u00f1al\u00f3 Gallardo.<\/h3>\n<h3>\u201cSabemos que el voto del bloque de la oposici\u00f3n no lo vamos a tener. Hablamos de dos modelos de Estado absolutamente distintos. Dejaron esta provincia pobre y estamos administrando la pobreza que dejaron. Vamos a refundar la provincia. Estoy segura que lo vamos a poder hacer. Este bloque est\u00e1 seguro que lo vamos a poder hacer\u201d, concluy\u00f3.<\/h3>\n<h3><strong>ADHESI\u00d3N AL RIGI<\/strong><\/h3>\n<h3>Por otro lado, la sesi\u00f3n tambi\u00e9n se pic\u00f3 en forma cuando se debati\u00f3 la adhesi\u00f3n de la provincia al <strong>R\u00e9gimen de Incentivo a las Grandes Inversiones (RIGI)<\/strong>.<\/h3>\n<h3>Representantes de sectores ambientalistas presentes en la sesi\u00f3n reclamaron a los gritos la convocatoria a audiencia p\u00fablica para debatir el tema, pero el oficialismo asever\u00f3 que el gobierno ha reiterado en numerosas ocasiones que va a ser respetuoso de las leyes que protegen el ambiente y que el r\u00e9gimen impulsado por el gobierno nacional abrir\u00e1 las puertas a nuevas inversiones.<\/h3>\n<h3>Finalmente el proyecto de adhesi\u00f3n fue respaldado con 23 votos afirmativos y 16 negativos.<\/h3>\n<h3><\/h3>\n<p><iframe title=\"XX Sesi\u00f3n Ordinaria 18 de septiembre de 2024\" width=\"640\" height=\"360\" src=\"https:\/\/www.youtube.com\/embed\/Hr1VhT1gJOE?start=1856&#038;feature=oembed\" frameborder=\"0\" allow=\"accelerometer; autoplay; clipboard-write; encrypted-media; gyroscope; picture-in-picture; web-share\" referrerpolicy=\"strict-origin-when-cross-origin\" allowfullscreen><\/iframe><\/p>\n<p>&nbsp;<\/p>\n<p>&nbsp;<\/p>\n<p>&nbsp;<\/p>\n<h3><\/h3>\n","protected":false},"excerpt":{"rendered":"<p>Este mi\u00e9rcoles, la C\u00e1mara de Diputados aprob\u00f3 por mayor\u00eda -con 24 votos a favor y&#8230;<\/p>\n","protected":false},"author":1,"featured_media":22430,"comment_status":"closed","ping_status":"closed","sticky":false,"template":"","format":"standard","meta":{"footnotes":""},"categories":[6],"tags":[],"class_list":["post-22427","post","type-post","status-publish","format-standard","has-post-thumbnail","hentry","category-ciudad-provincia"],"yoast_head":"<!-- This site is optimized with the Yoast SEO plugin v26.1.1 - https:\/\/yoast.com\/wordpress\/plugins\/seo\/ -->\n<title>EN CALDEADA SESI\u00d3N, EL OFICIALISMO CONSIGUI\u00d3 APROBAR EL PRESUPUESTO 2025 Y LA ADHESI\u00d3N AL RIGI - Apuntes de San Luis<\/title>\n<meta name=\"robots\" content=\"index, follow, max-snippet:-1, max-image-preview:large, max-video-preview:-1\" \/>\n<link rel=\"canonical\" href=\"https:\/\/apuntesdesanluis.com\/index.php\/2024\/09\/18\/en-caldeada-sesion-el-oficialismo-consiguio-aprobar-el-presupuesto-provincial-2025\/\" \/>\n<meta property=\"og:locale\" content=\"es_ES\" \/>\n<meta property=\"og:type\" content=\"article\" \/>\n<meta property=\"og:title\" content=\"EN CALDEADA SESI\u00d3N, EL OFICIALISMO CONSIGUI\u00d3 APROBAR EL PRESUPUESTO 2025 Y LA ADHESI\u00d3N AL RIGI - Apuntes de San Luis\" \/>\n<meta property=\"og:description\" content=\"Este mi\u00e9rcoles, la C\u00e1mara de Diputados aprob\u00f3 por mayor\u00eda -con 24 votos a favor y...\" \/>\n<meta property=\"og:url\" content=\"https:\/\/apuntesdesanluis.com\/index.php\/2024\/09\/18\/en-caldeada-sesion-el-oficialismo-consiguio-aprobar-el-presupuesto-provincial-2025\/\" \/>\n<meta property=\"og:site_name\" content=\"Apuntes de San Luis\" \/>\n<meta property=\"article:published_time\" content=\"2024-09-19T00:10:13+00:00\" \/>\n<meta property=\"article:modified_time\" content=\"2024-09-19T00:27:51+00:00\" \/>\n<meta property=\"og:image\" content=\"https:\/\/apuntesdesanluis.com\/wp-content\/uploads\/2024\/09\/diputados-1.png\" \/>\n\t<meta property=\"og:image:width\" content=\"700\" \/>\n\t<meta property=\"og:image:height\" content=\"394\" \/>\n\t<meta property=\"og:image:type\" content=\"image\/png\" \/>\n<meta name=\"author\" content=\"apuntesdesanluis.com\" \/>\n<meta name=\"twitter:card\" content=\"summary_large_image\" \/>\n<meta name=\"twitter:label1\" content=\"Escrito por\" \/>\n\t<meta name=\"twitter:data1\" content=\"apuntesdesanluis.com\" \/>\n\t<meta name=\"twitter:label2\" content=\"Tiempo de lectura\" \/>\n\t<meta name=\"twitter:data2\" content=\"6 minutos\" \/>\n<script type=\"application\/ld+json\" class=\"yoast-schema-graph\">{\"@context\":\"https:\/\/schema.org\",\"@graph\":[{\"@type\":\"Article\",\"@id\":\"https:\/\/apuntesdesanluis.com\/index.php\/2024\/09\/18\/en-caldeada-sesion-el-oficialismo-consiguio-aprobar-el-presupuesto-provincial-2025\/#article\",\"isPartOf\":{\"@id\":\"https:\/\/apuntesdesanluis.com\/index.php\/2024\/09\/18\/en-caldeada-sesion-el-oficialismo-consiguio-aprobar-el-presupuesto-provincial-2025\/\"},\"author\":{\"name\":\"apuntesdesanluis.com\",\"@id\":\"https:\/\/apuntesdesanluis.com\/#\/schema\/person\/b55151d52296fcce64d1a72538a70b90\"},\"headline\":\"EN CALDEADA SESI\u00d3N, EL OFICIALISMO CONSIGUI\u00d3 APROBAR EL PRESUPUESTO 2025 Y LA ADHESI\u00d3N AL RIGI\",\"datePublished\":\"2024-09-19T00:10:13+00:00\",\"dateModified\":\"2024-09-19T00:27:51+00:00\",\"mainEntityOfPage\":{\"@id\":\"https:\/\/apuntesdesanluis.com\/index.php\/2024\/09\/18\/en-caldeada-sesion-el-oficialismo-consiguio-aprobar-el-presupuesto-provincial-2025\/\"},\"wordCount\":1245,\"publisher\":{\"@id\":\"https:\/\/apuntesdesanluis.com\/#\/schema\/person\/b55151d52296fcce64d1a72538a70b90\"},\"image\":{\"@id\":\"https:\/\/apuntesdesanluis.com\/index.php\/2024\/09\/18\/en-caldeada-sesion-el-oficialismo-consiguio-aprobar-el-presupuesto-provincial-2025\/#primaryimage\"},\"thumbnailUrl\":\"https:\/\/apuntesdesanluis.com\/wp-content\/uploads\/2024\/09\/diputados-1.png\",\"articleSection\":[\"Ciudad\/Provincia\"],\"inLanguage\":\"es-AR\"},{\"@type\":\"WebPage\",\"@id\":\"https:\/\/apuntesdesanluis.com\/index.php\/2024\/09\/18\/en-caldeada-sesion-el-oficialismo-consiguio-aprobar-el-presupuesto-provincial-2025\/\",\"url\":\"https:\/\/apuntesdesanluis.com\/index.php\/2024\/09\/18\/en-caldeada-sesion-el-oficialismo-consiguio-aprobar-el-presupuesto-provincial-2025\/\",\"name\":\"EN CALDEADA SESI\u00d3N, EL OFICIALISMO CONSIGUI\u00d3 APROBAR EL PRESUPUESTO 2025 Y LA ADHESI\u00d3N AL RIGI - Apuntes de San Luis\",\"isPartOf\":{\"@id\":\"https:\/\/apuntesdesanluis.com\/#website\"},\"primaryImageOfPage\":{\"@id\":\"https:\/\/apuntesdesanluis.com\/index.php\/2024\/09\/18\/en-caldeada-sesion-el-oficialismo-consiguio-aprobar-el-presupuesto-provincial-2025\/#primaryimage\"},\"image\":{\"@id\":\"https:\/\/apuntesdesanluis.com\/index.php\/2024\/09\/18\/en-caldeada-sesion-el-oficialismo-consiguio-aprobar-el-presupuesto-provincial-2025\/#primaryimage\"},\"thumbnailUrl\":\"https:\/\/apuntesdesanluis.com\/wp-content\/uploads\/2024\/09\/diputados-1.png\",\"datePublished\":\"2024-09-19T00:10:13+00:00\",\"dateModified\":\"2024-09-19T00:27:51+00:00\",\"breadcrumb\":{\"@id\":\"https:\/\/apuntesdesanluis.com\/index.php\/2024\/09\/18\/en-caldeada-sesion-el-oficialismo-consiguio-aprobar-el-presupuesto-provincial-2025\/#breadcrumb\"},\"inLanguage\":\"es-AR\",\"potentialAction\":[{\"@type\":\"ReadAction\",\"target\":[\"https:\/\/apuntesdesanluis.com\/index.php\/2024\/09\/18\/en-caldeada-sesion-el-oficialismo-consiguio-aprobar-el-presupuesto-provincial-2025\/\"]}]},{\"@type\":\"ImageObject\",\"inLanguage\":\"es-AR\",\"@id\":\"https:\/\/apuntesdesanluis.com\/index.php\/2024\/09\/18\/en-caldeada-sesion-el-oficialismo-consiguio-aprobar-el-presupuesto-provincial-2025\/#primaryimage\",\"url\":\"https:\/\/apuntesdesanluis.com\/wp-content\/uploads\/2024\/09\/diputados-1.png\",\"contentUrl\":\"https:\/\/apuntesdesanluis.com\/wp-content\/uploads\/2024\/09\/diputados-1.png\",\"width\":700,\"height\":394},{\"@type\":\"BreadcrumbList\",\"@id\":\"https:\/\/apuntesdesanluis.com\/index.php\/2024\/09\/18\/en-caldeada-sesion-el-oficialismo-consiguio-aprobar-el-presupuesto-provincial-2025\/#breadcrumb\",\"itemListElement\":[{\"@type\":\"ListItem\",\"position\":1,\"name\":\"Inicio\",\"item\":\"https:\/\/apuntesdesanluis.com\/\"},{\"@type\":\"ListItem\",\"position\":2,\"name\":\"EN CALDEADA SESI\u00d3N, EL OFICIALISMO CONSIGUI\u00d3 APROBAR EL PRESUPUESTO 2025 Y LA ADHESI\u00d3N AL RIGI\"}]},{\"@type\":\"WebSite\",\"@id\":\"https:\/\/apuntesdesanluis.com\/#website\",\"url\":\"https:\/\/apuntesdesanluis.com\/\",\"name\":\"Apuntes de San Luis\",\"description\":\"\",\"publisher\":{\"@id\":\"https:\/\/apuntesdesanluis.com\/#\/schema\/person\/b55151d52296fcce64d1a72538a70b90\"},\"potentialAction\":[{\"@type\":\"SearchAction\",\"target\":{\"@type\":\"EntryPoint\",\"urlTemplate\":\"https:\/\/apuntesdesanluis.com\/?s={search_term_string}\"},\"query-input\":{\"@type\":\"PropertyValueSpecification\",\"valueRequired\":true,\"valueName\":\"search_term_string\"}}],\"inLanguage\":\"es-AR\"},{\"@type\":[\"Person\",\"Organization\"],\"@id\":\"https:\/\/apuntesdesanluis.com\/#\/schema\/person\/b55151d52296fcce64d1a72538a70b90\",\"name\":\"apuntesdesanluis.com\",\"image\":{\"@type\":\"ImageObject\",\"inLanguage\":\"es-AR\",\"@id\":\"https:\/\/apuntesdesanluis.com\/#\/schema\/person\/image\/\",\"url\":\"https:\/\/apuntesdesanluis.com\/wp-content\/uploads\/2023\/07\/cropped-apuntesdesanluis.png\",\"contentUrl\":\"https:\/\/apuntesdesanluis.com\/wp-content\/uploads\/2023\/07\/cropped-apuntesdesanluis.png\",\"width\":450,\"height\":112,\"caption\":\"apuntesdesanluis.com\"},\"logo\":{\"@id\":\"https:\/\/apuntesdesanluis.com\/#\/schema\/person\/image\/\"},\"sameAs\":[\"https:\/\/apuntesdesanluis.com\"],\"url\":\"https:\/\/apuntesdesanluis.com\/index.php\/author\/apuntesdesanluis-com\/\"}]}<\/script>\n<!-- \/ Yoast SEO plugin. -->","yoast_head_json":{"title":"EN CALDEADA SESI\u00d3N, EL OFICIALISMO CONSIGUI\u00d3 APROBAR EL PRESUPUESTO 2025 Y LA ADHESI\u00d3N AL RIGI - Apuntes de San Luis","robots":{"index":"index","follow":"follow","max-snippet":"max-snippet:-1","max-image-preview":"max-image-preview:large","max-video-preview":"max-video-preview:-1"},"canonical":"https:\/\/apuntesdesanluis.com\/index.php\/2024\/09\/18\/en-caldeada-sesion-el-oficialismo-consiguio-aprobar-el-presupuesto-provincial-2025\/","og_locale":"es_ES","og_type":"article","og_title":"EN CALDEADA SESI\u00d3N, EL OFICIALISMO CONSIGUI\u00d3 APROBAR EL PRESUPUESTO 2025 Y LA ADHESI\u00d3N AL RIGI - Apuntes de San Luis","og_description":"Este mi\u00e9rcoles, la C\u00e1mara de Diputados aprob\u00f3 por mayor\u00eda -con 24 votos a favor y...","og_url":"https:\/\/apuntesdesanluis.com\/index.php\/2024\/09\/18\/en-caldeada-sesion-el-oficialismo-consiguio-aprobar-el-presupuesto-provincial-2025\/","og_site_name":"Apuntes de San Luis","article_published_time":"2024-09-19T00:10:13+00:00","article_modified_time":"2024-09-19T00:27:51+00:00","og_image":[{"width":700,"height":394,"url":"https:\/\/apuntesdesanluis.com\/wp-content\/uploads\/2024\/09\/diputados-1.png","type":"image\/png"}],"author":"apuntesdesanluis.com","twitter_card":"summary_large_image","twitter_misc":{"Escrito por":"apuntesdesanluis.com","Tiempo de lectura":"6 minutos"},"schema":{"@context":"https:\/\/schema.org","@graph":[{"@type":"Article","@id":"https:\/\/apuntesdesanluis.com\/index.php\/2024\/09\/18\/en-caldeada-sesion-el-oficialismo-consiguio-aprobar-el-presupuesto-provincial-2025\/#article","isPartOf":{"@id":"https:\/\/apuntesdesanluis.com\/index.php\/2024\/09\/18\/en-caldeada-sesion-el-oficialismo-consiguio-aprobar-el-presupuesto-provincial-2025\/"},"author":{"name":"apuntesdesanluis.com","@id":"https:\/\/apuntesdesanluis.com\/#\/schema\/person\/b55151d52296fcce64d1a72538a70b90"},"headline":"EN CALDEADA SESI\u00d3N, EL OFICIALISMO CONSIGUI\u00d3 APROBAR EL PRESUPUESTO 2025 Y LA ADHESI\u00d3N AL RIGI","datePublished":"2024-09-19T00:10:13+00:00","dateModified":"2024-09-19T00:27:51+00:00","mainEntityOfPage":{"@id":"https:\/\/apuntesdesanluis.com\/index.php\/2024\/09\/18\/en-caldeada-sesion-el-oficialismo-consiguio-aprobar-el-presupuesto-provincial-2025\/"},"wordCount":1245,"publisher":{"@id":"https:\/\/apuntesdesanluis.com\/#\/schema\/person\/b55151d52296fcce64d1a72538a70b90"},"image":{"@id":"https:\/\/apuntesdesanluis.com\/index.php\/2024\/09\/18\/en-caldeada-sesion-el-oficialismo-consiguio-aprobar-el-presupuesto-provincial-2025\/#primaryimage"},"thumbnailUrl":"https:\/\/apuntesdesanluis.com\/wp-content\/uploads\/2024\/09\/diputados-1.png","articleSection":["Ciudad\/Provincia"],"inLanguage":"es-AR"},{"@type":"WebPage","@id":"https:\/\/apuntesdesanluis.com\/index.php\/2024\/09\/18\/en-caldeada-sesion-el-oficialismo-consiguio-aprobar-el-presupuesto-provincial-2025\/","url":"https:\/\/apuntesdesanluis.com\/index.php\/2024\/09\/18\/en-caldeada-sesion-el-oficialismo-consiguio-aprobar-el-presupuesto-provincial-2025\/","name":"EN CALDEADA SESI\u00d3N, EL OFICIALISMO CONSIGUI\u00d3 APROBAR EL PRESUPUESTO 2025 Y LA ADHESI\u00d3N AL RIGI - Apuntes de San Luis","isPartOf":{"@id":"https:\/\/apuntesdesanluis.com\/#website"},"primaryImageOfPage":{"@id":"https:\/\/apuntesdesanluis.com\/index.php\/2024\/09\/18\/en-caldeada-sesion-el-oficialismo-consiguio-aprobar-el-presupuesto-provincial-2025\/#primaryimage"},"image":{"@id":"https:\/\/apuntesdesanluis.com\/index.php\/2024\/09\/18\/en-caldeada-sesion-el-oficialismo-consiguio-aprobar-el-presupuesto-provincial-2025\/#primaryimage"},"thumbnailUrl":"https:\/\/apuntesdesanluis.com\/wp-content\/uploads\/2024\/09\/diputados-1.png","datePublished":"2024-09-19T00:10:13+00:00","dateModified":"2024-09-19T00:27:51+00:00","breadcrumb":{"@id":"https:\/\/apuntesdesanluis.com\/index.php\/2024\/09\/18\/en-caldeada-sesion-el-oficialismo-consiguio-aprobar-el-presupuesto-provincial-2025\/#breadcrumb"},"inLanguage":"es-AR","potentialAction":[{"@type":"ReadAction","target":["https:\/\/apuntesdesanluis.com\/index.php\/2024\/09\/18\/en-caldeada-sesion-el-oficialismo-consiguio-aprobar-el-presupuesto-provincial-2025\/"]}]},{"@type":"ImageObject","inLanguage":"es-AR","@id":"https:\/\/apuntesdesanluis.com\/index.php\/2024\/09\/18\/en-caldeada-sesion-el-oficialismo-consiguio-aprobar-el-presupuesto-provincial-2025\/#primaryimage","url":"https:\/\/apuntesdesanluis.com\/wp-content\/uploads\/2024\/09\/diputados-1.png","contentUrl":"https:\/\/apuntesdesanluis.com\/wp-content\/uploads\/2024\/09\/diputados-1.png","width":700,"height":394},{"@type":"BreadcrumbList","@id":"https:\/\/apuntesdesanluis.com\/index.php\/2024\/09\/18\/en-caldeada-sesion-el-oficialismo-consiguio-aprobar-el-presupuesto-provincial-2025\/#breadcrumb","itemListElement":[{"@type":"ListItem","position":1,"name":"Inicio","item":"https:\/\/apuntesdesanluis.com\/"},{"@type":"ListItem","position":2,"name":"EN CALDEADA SESI\u00d3N, EL OFICIALISMO CONSIGUI\u00d3 APROBAR EL PRESUPUESTO 2025 Y LA ADHESI\u00d3N AL RIGI"}]},{"@type":"WebSite","@id":"https:\/\/apuntesdesanluis.com\/#website","url":"https:\/\/apuntesdesanluis.com\/","name":"Apuntes de San Luis","description":"","publisher":{"@id":"https:\/\/apuntesdesanluis.com\/#\/schema\/person\/b55151d52296fcce64d1a72538a70b90"},"potentialAction":[{"@type":"SearchAction","target":{"@type":"EntryPoint","urlTemplate":"https:\/\/apuntesdesanluis.com\/?s={search_term_string}"},"query-input":{"@type":"PropertyValueSpecification","valueRequired":true,"valueName":"search_term_string"}}],"inLanguage":"es-AR"},{"@type":["Person","Organization"],"@id":"https:\/\/apuntesdesanluis.com\/#\/schema\/person\/b55151d52296fcce64d1a72538a70b90","name":"apuntesdesanluis.com","image":{"@type":"ImageObject","inLanguage":"es-AR","@id":"https:\/\/apuntesdesanluis.com\/#\/schema\/person\/image\/","url":"https:\/\/apuntesdesanluis.com\/wp-content\/uploads\/2023\/07\/cropped-apuntesdesanluis.png","contentUrl":"https:\/\/apuntesdesanluis.com\/wp-content\/uploads\/2023\/07\/cropped-apuntesdesanluis.png","width":450,"height":112,"caption":"apuntesdesanluis.com"},"logo":{"@id":"https:\/\/apuntesdesanluis.com\/#\/schema\/person\/image\/"},"sameAs":["https:\/\/apuntesdesanluis.com"],"url":"https:\/\/apuntesdesanluis.com\/index.php\/author\/apuntesdesanluis-com\/"}]}},"featured_image_urls":{"full":["https:\/\/apuntesdesanluis.com\/wp-content\/uploads\/2024\/09\/diputados-1.png",700,394,false],"thumbnail":["https:\/\/apuntesdesanluis.com\/wp-content\/uploads\/2024\/09\/diputados-1-150x150.png",150,150,true],"medium":["https:\/\/apuntesdesanluis.com\/wp-content\/uploads\/2024\/09\/diputados-1-300x169.png",300,169,true],"medium_large":["https:\/\/apuntesdesanluis.com\/wp-content\/uploads\/2024\/09\/diputados-1.png",640,360,false],"large":["https:\/\/apuntesdesanluis.com\/wp-content\/uploads\/2024\/09\/diputados-1.png",640,360,false],"1536x1536":["https:\/\/apuntesdesanluis.com\/wp-content\/uploads\/2024\/09\/diputados-1.png",700,394,false],"2048x2048":["https:\/\/apuntesdesanluis.com\/wp-content\/uploads\/2024\/09\/diputados-1.png",700,394,false],"newsever-slider-full":["https:\/\/apuntesdesanluis.com\/wp-content\/uploads\/2024\/09\/diputados-1.png",700,394,false],"newsever-featured":["https:\/\/apuntesdesanluis.com\/wp-content\/uploads\/2024\/09\/diputados-1.png",700,394,false],"newsever-medium":["https:\/\/apuntesdesanluis.com\/wp-content\/uploads\/2024\/09\/diputados-1.png",700,394,false]},"author_info":{"display_name":"apuntesdesanluis.com","author_link":"https:\/\/apuntesdesanluis.com\/index.php\/author\/apuntesdesanluis-com\/"},"category_info":"<a href=\"https:\/\/apuntesdesanluis.com\/index.php\/category\/ciudad-provincia\/\" rel=\"category tag\">Ciudad\/Provincia<\/a>","tag_info":"Ciudad\/Provincia","comment_count":"0","_links":{"self":[{"href":"https:\/\/apuntesdesanluis.com\/index.php\/wp-json\/wp\/v2\/posts\/22427","targetHints":{"allow":["GET"]}}],"collection":[{"href":"https:\/\/apuntesdesanluis.com\/index.php\/wp-json\/wp\/v2\/posts"}],"about":[{"href":"https:\/\/apuntesdesanluis.com\/index.php\/wp-json\/wp\/v2\/types\/post"}],"author":[{"embeddable":true,"href":"https:\/\/apuntesdesanluis.com\/index.php\/wp-json\/wp\/v2\/users\/1"}],"replies":[{"embeddable":true,"href":"https:\/\/apuntesdesanluis.com\/index.php\/wp-json\/wp\/v2\/comments?post=22427"}],"version-history":[{"count":3,"href":"https:\/\/apuntesdesanluis.com\/index.php\/wp-json\/wp\/v2\/posts\/22427\/revisions"}],"predecessor-version":[{"id":22437,"href":"https:\/\/apuntesdesanluis.com\/index.php\/wp-json\/wp\/v2\/posts\/22427\/revisions\/22437"}],"wp:featuredmedia":[{"embeddable":true,"href":"https:\/\/apuntesdesanluis.com\/index.php\/wp-json\/wp\/v2\/media\/22430"}],"wp:attachment":[{"href":"https:\/\/apuntesdesanluis.com\/index.php\/wp-json\/wp\/v2\/media?parent=22427"}],"wp:term":[{"taxonomy":"category","embeddable":true,"href":"https:\/\/apuntesdesanluis.com\/index.php\/wp-json\/wp\/v2\/categories?post=22427"},{"taxonomy":"post_tag","embeddable":true,"href":"https:\/\/apuntesdesanluis.com\/index.php\/wp-json\/wp\/v2\/tags?post=22427"}],"curies":[{"name":"wp","href":"https:\/\/api.w.org\/{rel}","templated":true}]}}