{"id":22438,"date":"2024-09-18T22:31:51","date_gmt":"2024-09-19T01:31:51","guid":{"rendered":"https:\/\/apuntesdesanluis.com\/?p=22438"},"modified":"2024-09-18T22:31:51","modified_gmt":"2024-09-19T01:31:51","slug":"frontera-aprobo-un-aumento-del-15-a-los-empleados-municipales","status":"publish","type":"post","link":"https:\/\/apuntesdesanluis.com\/index.php\/2024\/09\/18\/frontera-aprobo-un-aumento-del-15-a-los-empleados-municipales\/","title":{"rendered":"FRONTERA APROB\u00d3 UN AUMENTO DEL 15% A LOS EMPLEADOS MUNICIPALES"},"content":{"rendered":"<h3>Aunque no hubo informaci\u00f3n oficial, <strong>Apuntes de San Luis<\/strong> confirm\u00f3 que el intendente de Villa Mercedes acord\u00f3 con el gremio municipal un nuevo incremento en los haberes de los empleados p\u00fablicos municipales, que tambi\u00e9n es extensivo al personal de Obras Sanitarias Mercedes.<\/h3>\n<h3>El incremento ser\u00e1 del 15% y se aplicar\u00e1 sobre los haberes de setiembre, asever\u00f3 una fuente municipal.<\/h3>\n<h3>Agreg\u00f3 que tal como anunci\u00f3 <strong>Maximiliano Frontera<\/strong> al inaugurar el per\u00edodo de sesiones ordinarias, a partir de contar con \u201ccuentas ordenadas y una administraci\u00f3n prolija\u201d, la intenci\u00f3n es \u201cmantener el poder adquisitivo del personal municipal\u201d.<\/h3>\n<h3>\u201cPor este motivo, con el nuevo aumento de salarios, los incrementos superan por 2 \u00f3 3 puntos la inflaci\u00f3n acumulada hasta el momento\u201d, asever\u00f3 el vocero.<\/h3>\n<p>&nbsp;<\/p>\n<p>&nbsp;<\/p>\n<p>&nbsp;<\/p>\n","protected":false},"excerpt":{"rendered":"<p>Aunque no hubo informaci\u00f3n oficial, Apuntes de San Luis confirm\u00f3 que el intendente de Villa&#8230;<\/p>\n","protected":false},"author":1,"featured_media":15149,"comment_status":"closed","ping_status":"closed","sticky":false,"template":"","format":"standard","meta":{"footnotes":""},"categories":[6],"tags":[],"class_list":["post-22438","post","type-post","status-publish","format-standard","has-post-thumbnail","hentry","category-ciudad-provincia"],"yoast_head":"<!-- This site is optimized with the Yoast SEO plugin v26.1.1 - https:\/\/yoast.com\/wordpress\/plugins\/seo\/ -->\n<title>FRONTERA APROB\u00d3 UN AUMENTO DEL 15% A LOS EMPLEADOS MUNICIPALES - Apuntes de San Luis<\/title>\n<meta name=\"robots\" content=\"index, follow, max-snippet:-1, max-image-preview:large, max-video-preview:-1\" \/>\n<link rel=\"canonical\" href=\"https:\/\/apuntesdesanluis.com\/index.php\/2024\/09\/18\/frontera-aprobo-un-aumento-del-15-a-los-empleados-municipales\/\" \/>\n<meta property=\"og:locale\" content=\"es_ES\" \/>\n<meta property=\"og:type\" content=\"article\" \/>\n<meta property=\"og:title\" content=\"FRONTERA APROB\u00d3 UN AUMENTO DEL 15% A LOS EMPLEADOS MUNICIPALES - Apuntes de San Luis\" \/>\n<meta property=\"og:description\" content=\"Aunque no hubo informaci\u00f3n oficial, Apuntes de San Luis confirm\u00f3 que el intendente de Villa...\" \/>\n<meta property=\"og:url\" content=\"https:\/\/apuntesdesanluis.com\/index.php\/2024\/09\/18\/frontera-aprobo-un-aumento-del-15-a-los-empleados-municipales\/\" \/>\n<meta property=\"og:site_name\" content=\"Apuntes de San Luis\" \/>\n<meta property=\"article:published_time\" content=\"2024-09-19T01:31:51+00:00\" \/>\n<meta property=\"og:image\" content=\"https:\/\/apuntesdesanluis.com\/wp-content\/uploads\/2024\/04\/Frontera-e1726709500326.jpg\" \/>\n\t<meta property=\"og:image:width\" content=\"524\" \/>\n\t<meta property=\"og:image:height\" content=\"322\" \/>\n\t<meta property=\"og:image:type\" content=\"image\/jpeg\" \/>\n<meta name=\"author\" content=\"apuntesdesanluis.com\" \/>\n<meta name=\"twitter:card\" content=\"summary_large_image\" \/>\n<meta name=\"twitter:label1\" content=\"Escrito por\" \/>\n\t<meta name=\"twitter:data1\" content=\"apuntesdesanluis.com\" \/>\n\t<meta name=\"twitter:label2\" content=\"Tiempo de lectura\" \/>\n\t<meta name=\"twitter:data2\" content=\"1 minuto\" \/>\n<script type=\"application\/ld+json\" class=\"yoast-schema-graph\">{\"@context\":\"https:\/\/schema.org\",\"@graph\":[{\"@type\":\"Article\",\"@id\":\"https:\/\/apuntesdesanluis.com\/index.php\/2024\/09\/18\/frontera-aprobo-un-aumento-del-15-a-los-empleados-municipales\/#article\",\"isPartOf\":{\"@id\":\"https:\/\/apuntesdesanluis.com\/index.php\/2024\/09\/18\/frontera-aprobo-un-aumento-del-15-a-los-empleados-municipales\/\"},\"author\":{\"name\":\"apuntesdesanluis.com\",\"@id\":\"https:\/\/apuntesdesanluis.com\/#\/schema\/person\/b55151d52296fcce64d1a72538a70b90\"},\"headline\":\"FRONTERA APROB\u00d3 UN AUMENTO DEL 15% A LOS EMPLEADOS MUNICIPALES\",\"datePublished\":\"2024-09-19T01:31:51+00:00\",\"mainEntityOfPage\":{\"@id\":\"https:\/\/apuntesdesanluis.com\/index.php\/2024\/09\/18\/frontera-aprobo-un-aumento-del-15-a-los-empleados-municipales\/\"},\"wordCount\":135,\"publisher\":{\"@id\":\"https:\/\/apuntesdesanluis.com\/#\/schema\/person\/b55151d52296fcce64d1a72538a70b90\"},\"image\":{\"@id\":\"https:\/\/apuntesdesanluis.com\/index.php\/2024\/09\/18\/frontera-aprobo-un-aumento-del-15-a-los-empleados-municipales\/#primaryimage\"},\"thumbnailUrl\":\"https:\/\/apuntesdesanluis.com\/wp-content\/uploads\/2024\/04\/Frontera-e1726709500326.jpg\",\"articleSection\":[\"Ciudad\/Provincia\"],\"inLanguage\":\"es-AR\"},{\"@type\":\"WebPage\",\"@id\":\"https:\/\/apuntesdesanluis.com\/index.php\/2024\/09\/18\/frontera-aprobo-un-aumento-del-15-a-los-empleados-municipales\/\",\"url\":\"https:\/\/apuntesdesanluis.com\/index.php\/2024\/09\/18\/frontera-aprobo-un-aumento-del-15-a-los-empleados-municipales\/\",\"name\":\"FRONTERA APROB\u00d3 UN AUMENTO DEL 15% A LOS EMPLEADOS MUNICIPALES - Apuntes de San Luis\",\"isPartOf\":{\"@id\":\"https:\/\/apuntesdesanluis.com\/#website\"},\"primaryImageOfPage\":{\"@id\":\"https:\/\/apuntesdesanluis.com\/index.php\/2024\/09\/18\/frontera-aprobo-un-aumento-del-15-a-los-empleados-municipales\/#primaryimage\"},\"image\":{\"@id\":\"https:\/\/apuntesdesanluis.com\/index.php\/2024\/09\/18\/frontera-aprobo-un-aumento-del-15-a-los-empleados-municipales\/#primaryimage\"},\"thumbnailUrl\":\"https:\/\/apuntesdesanluis.com\/wp-content\/uploads\/2024\/04\/Frontera-e1726709500326.jpg\",\"datePublished\":\"2024-09-19T01:31:51+00:00\",\"breadcrumb\":{\"@id\":\"https:\/\/apuntesdesanluis.com\/index.php\/2024\/09\/18\/frontera-aprobo-un-aumento-del-15-a-los-empleados-municipales\/#breadcrumb\"},\"inLanguage\":\"es-AR\",\"potentialAction\":[{\"@type\":\"ReadAction\",\"target\":[\"https:\/\/apuntesdesanluis.com\/index.php\/2024\/09\/18\/frontera-aprobo-un-aumento-del-15-a-los-empleados-municipales\/\"]}]},{\"@type\":\"ImageObject\",\"inLanguage\":\"es-AR\",\"@id\":\"https:\/\/apuntesdesanluis.com\/index.php\/2024\/09\/18\/frontera-aprobo-un-aumento-del-15-a-los-empleados-municipales\/#primaryimage\",\"url\":\"https:\/\/apuntesdesanluis.com\/wp-content\/uploads\/2024\/04\/Frontera-e1726709500326.jpg\",\"contentUrl\":\"https:\/\/apuntesdesanluis.com\/wp-content\/uploads\/2024\/04\/Frontera-e1726709500326.jpg\",\"width\":524,\"height\":322},{\"@type\":\"BreadcrumbList\",\"@id\":\"https:\/\/apuntesdesanluis.com\/index.php\/2024\/09\/18\/frontera-aprobo-un-aumento-del-15-a-los-empleados-municipales\/#breadcrumb\",\"itemListElement\":[{\"@type\":\"ListItem\",\"position\":1,\"name\":\"Inicio\",\"item\":\"https:\/\/apuntesdesanluis.com\/\"},{\"@type\":\"ListItem\",\"position\":2,\"name\":\"FRONTERA APROB\u00d3 UN AUMENTO DEL 15% A LOS EMPLEADOS MUNICIPALES\"}]},{\"@type\":\"WebSite\",\"@id\":\"https:\/\/apuntesdesanluis.com\/#website\",\"url\":\"https:\/\/apuntesdesanluis.com\/\",\"name\":\"Apuntes de San Luis\",\"description\":\"\",\"publisher\":{\"@id\":\"https:\/\/apuntesdesanluis.com\/#\/schema\/person\/b55151d52296fcce64d1a72538a70b90\"},\"potentialAction\":[{\"@type\":\"SearchAction\",\"target\":{\"@type\":\"EntryPoint\",\"urlTemplate\":\"https:\/\/apuntesdesanluis.com\/?s={search_term_string}\"},\"query-input\":{\"@type\":\"PropertyValueSpecification\",\"valueRequired\":true,\"valueName\":\"search_term_string\"}}],\"inLanguage\":\"es-AR\"},{\"@type\":[\"Person\",\"Organization\"],\"@id\":\"https:\/\/apuntesdesanluis.com\/#\/schema\/person\/b55151d52296fcce64d1a72538a70b90\",\"name\":\"apuntesdesanluis.com\",\"image\":{\"@type\":\"ImageObject\",\"inLanguage\":\"es-AR\",\"@id\":\"https:\/\/apuntesdesanluis.com\/#\/schema\/person\/image\/\",\"url\":\"https:\/\/apuntesdesanluis.com\/wp-content\/uploads\/2023\/07\/cropped-apuntesdesanluis.png\",\"contentUrl\":\"https:\/\/apuntesdesanluis.com\/wp-content\/uploads\/2023\/07\/cropped-apuntesdesanluis.png\",\"width\":450,\"height\":112,\"caption\":\"apuntesdesanluis.com\"},\"logo\":{\"@id\":\"https:\/\/apuntesdesanluis.com\/#\/schema\/person\/image\/\"},\"sameAs\":[\"https:\/\/apuntesdesanluis.com\"],\"url\":\"https:\/\/apuntesdesanluis.com\/index.php\/author\/apuntesdesanluis-com\/\"}]}<\/script>\n<!-- \/ Yoast SEO plugin. -->","yoast_head_json":{"title":"FRONTERA APROB\u00d3 UN AUMENTO DEL 15% A LOS EMPLEADOS MUNICIPALES - Apuntes de San Luis","robots":{"index":"index","follow":"follow","max-snippet":"max-snippet:-1","max-image-preview":"max-image-preview:large","max-video-preview":"max-video-preview:-1"},"canonical":"https:\/\/apuntesdesanluis.com\/index.php\/2024\/09\/18\/frontera-aprobo-un-aumento-del-15-a-los-empleados-municipales\/","og_locale":"es_ES","og_type":"article","og_title":"FRONTERA APROB\u00d3 UN AUMENTO DEL 15% A LOS EMPLEADOS MUNICIPALES - Apuntes de San Luis","og_description":"Aunque no hubo informaci\u00f3n oficial, Apuntes de San Luis confirm\u00f3 que el intendente de Villa...","og_url":"https:\/\/apuntesdesanluis.com\/index.php\/2024\/09\/18\/frontera-aprobo-un-aumento-del-15-a-los-empleados-municipales\/","og_site_name":"Apuntes de San Luis","article_published_time":"2024-09-19T01:31:51+00:00","og_image":[{"width":524,"height":322,"url":"https:\/\/apuntesdesanluis.com\/wp-content\/uploads\/2024\/04\/Frontera-e1726709500326.jpg","type":"image\/jpeg"}],"author":"apuntesdesanluis.com","twitter_card":"summary_large_image","twitter_misc":{"Escrito por":"apuntesdesanluis.com","Tiempo de lectura":"1 minuto"},"schema":{"@context":"https:\/\/schema.org","@graph":[{"@type":"Article","@id":"https:\/\/apuntesdesanluis.com\/index.php\/2024\/09\/18\/frontera-aprobo-un-aumento-del-15-a-los-empleados-municipales\/#article","isPartOf":{"@id":"https:\/\/apuntesdesanluis.com\/index.php\/2024\/09\/18\/frontera-aprobo-un-aumento-del-15-a-los-empleados-municipales\/"},"author":{"name":"apuntesdesanluis.com","@id":"https:\/\/apuntesdesanluis.com\/#\/schema\/person\/b55151d52296fcce64d1a72538a70b90"},"headline":"FRONTERA APROB\u00d3 UN AUMENTO DEL 15% A LOS EMPLEADOS MUNICIPALES","datePublished":"2024-09-19T01:31:51+00:00","mainEntityOfPage":{"@id":"https:\/\/apuntesdesanluis.com\/index.php\/2024\/09\/18\/frontera-aprobo-un-aumento-del-15-a-los-empleados-municipales\/"},"wordCount":135,"publisher":{"@id":"https:\/\/apuntesdesanluis.com\/#\/schema\/person\/b55151d52296fcce64d1a72538a70b90"},"image":{"@id":"https:\/\/apuntesdesanluis.com\/index.php\/2024\/09\/18\/frontera-aprobo-un-aumento-del-15-a-los-empleados-municipales\/#primaryimage"},"thumbnailUrl":"https:\/\/apuntesdesanluis.com\/wp-content\/uploads\/2024\/04\/Frontera-e1726709500326.jpg","articleSection":["Ciudad\/Provincia"],"inLanguage":"es-AR"},{"@type":"WebPage","@id":"https:\/\/apuntesdesanluis.com\/index.php\/2024\/09\/18\/frontera-aprobo-un-aumento-del-15-a-los-empleados-municipales\/","url":"https:\/\/apuntesdesanluis.com\/index.php\/2024\/09\/18\/frontera-aprobo-un-aumento-del-15-a-los-empleados-municipales\/","name":"FRONTERA APROB\u00d3 UN AUMENTO DEL 15% A LOS EMPLEADOS MUNICIPALES - Apuntes de San Luis","isPartOf":{"@id":"https:\/\/apuntesdesanluis.com\/#website"},"primaryImageOfPage":{"@id":"https:\/\/apuntesdesanluis.com\/index.php\/2024\/09\/18\/frontera-aprobo-un-aumento-del-15-a-los-empleados-municipales\/#primaryimage"},"image":{"@id":"https:\/\/apuntesdesanluis.com\/index.php\/2024\/09\/18\/frontera-aprobo-un-aumento-del-15-a-los-empleados-municipales\/#primaryimage"},"thumbnailUrl":"https:\/\/apuntesdesanluis.com\/wp-content\/uploads\/2024\/04\/Frontera-e1726709500326.jpg","datePublished":"2024-09-19T01:31:51+00:00","breadcrumb":{"@id":"https:\/\/apuntesdesanluis.com\/index.php\/2024\/09\/18\/frontera-aprobo-un-aumento-del-15-a-los-empleados-municipales\/#breadcrumb"},"inLanguage":"es-AR","potentialAction":[{"@type":"ReadAction","target":["https:\/\/apuntesdesanluis.com\/index.php\/2024\/09\/18\/frontera-aprobo-un-aumento-del-15-a-los-empleados-municipales\/"]}]},{"@type":"ImageObject","inLanguage":"es-AR","@id":"https:\/\/apuntesdesanluis.com\/index.php\/2024\/09\/18\/frontera-aprobo-un-aumento-del-15-a-los-empleados-municipales\/#primaryimage","url":"https:\/\/apuntesdesanluis.com\/wp-content\/uploads\/2024\/04\/Frontera-e1726709500326.jpg","contentUrl":"https:\/\/apuntesdesanluis.com\/wp-content\/uploads\/2024\/04\/Frontera-e1726709500326.jpg","width":524,"height":322},{"@type":"BreadcrumbList","@id":"https:\/\/apuntesdesanluis.com\/index.php\/2024\/09\/18\/frontera-aprobo-un-aumento-del-15-a-los-empleados-municipales\/#breadcrumb","itemListElement":[{"@type":"ListItem","position":1,"name":"Inicio","item":"https:\/\/apuntesdesanluis.com\/"},{"@type":"ListItem","position":2,"name":"FRONTERA APROB\u00d3 UN AUMENTO DEL 15% A LOS EMPLEADOS MUNICIPALES"}]},{"@type":"WebSite","@id":"https:\/\/apuntesdesanluis.com\/#website","url":"https:\/\/apuntesdesanluis.com\/","name":"Apuntes de San Luis","description":"","publisher":{"@id":"https:\/\/apuntesdesanluis.com\/#\/schema\/person\/b55151d52296fcce64d1a72538a70b90"},"potentialAction":[{"@type":"SearchAction","target":{"@type":"EntryPoint","urlTemplate":"https:\/\/apuntesdesanluis.com\/?s={search_term_string}"},"query-input":{"@type":"PropertyValueSpecification","valueRequired":true,"valueName":"search_term_string"}}],"inLanguage":"es-AR"},{"@type":["Person","Organization"],"@id":"https:\/\/apuntesdesanluis.com\/#\/schema\/person\/b55151d52296fcce64d1a72538a70b90","name":"apuntesdesanluis.com","image":{"@type":"ImageObject","inLanguage":"es-AR","@id":"https:\/\/apuntesdesanluis.com\/#\/schema\/person\/image\/","url":"https:\/\/apuntesdesanluis.com\/wp-content\/uploads\/2023\/07\/cropped-apuntesdesanluis.png","contentUrl":"https:\/\/apuntesdesanluis.com\/wp-content\/uploads\/2023\/07\/cropped-apuntesdesanluis.png","width":450,"height":112,"caption":"apuntesdesanluis.com"},"logo":{"@id":"https:\/\/apuntesdesanluis.com\/#\/schema\/person\/image\/"},"sameAs":["https:\/\/apuntesdesanluis.com"],"url":"https:\/\/apuntesdesanluis.com\/index.php\/author\/apuntesdesanluis-com\/"}]}},"featured_image_urls":{"full":["https:\/\/apuntesdesanluis.com\/wp-content\/uploads\/2024\/04\/Frontera-e1726709500326.jpg",524,322,false],"thumbnail":["https:\/\/apuntesdesanluis.com\/wp-content\/uploads\/2024\/04\/Frontera-e1726709500326-150x150.jpg",150,150,true],"medium":["https:\/\/apuntesdesanluis.com\/wp-content\/uploads\/2024\/04\/Frontera-e1726709500326-300x184.jpg",300,184,true],"medium_large":["https:\/\/apuntesdesanluis.com\/wp-content\/uploads\/2024\/04\/Frontera-e1726709500326.jpg",524,322,false],"large":["https:\/\/apuntesdesanluis.com\/wp-content\/uploads\/2024\/04\/Frontera-e1726709500326.jpg",524,322,false],"1536x1536":["https:\/\/apuntesdesanluis.com\/wp-content\/uploads\/2024\/04\/Frontera-e1726709500326.jpg",524,322,false],"2048x2048":["https:\/\/apuntesdesanluis.com\/wp-content\/uploads\/2024\/04\/Frontera-e1726709500326.jpg",524,322,false],"newsever-slider-full":["https:\/\/apuntesdesanluis.com\/wp-content\/uploads\/2024\/04\/Frontera-e1726709500326.jpg",524,322,false],"newsever-featured":["https:\/\/apuntesdesanluis.com\/wp-content\/uploads\/2024\/04\/Frontera-e1726709500326.jpg",524,322,false],"newsever-medium":["https:\/\/apuntesdesanluis.com\/wp-content\/uploads\/2024\/04\/Frontera-e1726709500326.jpg",524,322,false]},"author_info":{"display_name":"apuntesdesanluis.com","author_link":"https:\/\/apuntesdesanluis.com\/index.php\/author\/apuntesdesanluis-com\/"},"category_info":"<a href=\"https:\/\/apuntesdesanluis.com\/index.php\/category\/ciudad-provincia\/\" rel=\"category tag\">Ciudad\/Provincia<\/a>","tag_info":"Ciudad\/Provincia","comment_count":"0","_links":{"self":[{"href":"https:\/\/apuntesdesanluis.com\/index.php\/wp-json\/wp\/v2\/posts\/22438","targetHints":{"allow":["GET"]}}],"collection":[{"href":"https:\/\/apuntesdesanluis.com\/index.php\/wp-json\/wp\/v2\/posts"}],"about":[{"href":"https:\/\/apuntesdesanluis.com\/index.php\/wp-json\/wp\/v2\/types\/post"}],"author":[{"embeddable":true,"href":"https:\/\/apuntesdesanluis.com\/index.php\/wp-json\/wp\/v2\/users\/1"}],"replies":[{"embeddable":true,"href":"https:\/\/apuntesdesanluis.com\/index.php\/wp-json\/wp\/v2\/comments?post=22438"}],"version-history":[{"count":1,"href":"https:\/\/apuntesdesanluis.com\/index.php\/wp-json\/wp\/v2\/posts\/22438\/revisions"}],"predecessor-version":[{"id":22439,"href":"https:\/\/apuntesdesanluis.com\/index.php\/wp-json\/wp\/v2\/posts\/22438\/revisions\/22439"}],"wp:featuredmedia":[{"embeddable":true,"href":"https:\/\/apuntesdesanluis.com\/index.php\/wp-json\/wp\/v2\/media\/15149"}],"wp:attachment":[{"href":"https:\/\/apuntesdesanluis.com\/index.php\/wp-json\/wp\/v2\/media?parent=22438"}],"wp:term":[{"taxonomy":"category","embeddable":true,"href":"https:\/\/apuntesdesanluis.com\/index.php\/wp-json\/wp\/v2\/categories?post=22438"},{"taxonomy":"post_tag","embeddable":true,"href":"https:\/\/apuntesdesanluis.com\/index.php\/wp-json\/wp\/v2\/tags?post=22438"}],"curies":[{"name":"wp","href":"https:\/\/api.w.org\/{rel}","templated":true}]}}