{"id":2244,"date":"2023-08-28T22:30:21","date_gmt":"2023-08-29T01:30:21","guid":{"rendered":"https:\/\/apuntesdesanluis.com\/?p=2244"},"modified":"2023-08-28T23:28:06","modified_gmt":"2023-08-29T02:28:06","slug":"comunicado-a-los-trabajadores-de-la-unsl-sobre-la-suma-fija-que-anuncio-massa","status":"publish","type":"post","link":"https:\/\/apuntesdesanluis.com\/index.php\/2023\/08\/28\/comunicado-a-los-trabajadores-de-la-unsl-sobre-la-suma-fija-que-anuncio-massa\/","title":{"rendered":"COMUNICADO A LOS TRABAJADORES DE LA UNSL SOBRE LA SUMA FIJA QUE ANUNCI\u00d3 MASSA"},"content":{"rendered":"<h3 class=\"yiv7409174924ydp6329976emsonormal\" style=\"text-align: justify; background: white;\"><span style=\"font-family: 'Arial','sans-serif'; color: #1d2228;\">El Rectorado de la <strong>Universidad Nacional de San Luis<\/strong> (UNSL), emiti\u00f3 un comunicado en relaci\u00f3n con las medidas adoptadas por el gobierno nacional de reforzar el ingreso de los trabajadores a trav\u00e9s de una suma fija.<\/span><\/h3>\n<h3 class=\"yiv7409174924ydp6329976emsonormal\" style=\"text-align: justify; background: white;\"><span style=\"font-family: 'Arial','sans-serif'; color: #1d2228;\">El comunicado expresa:<\/span><\/h3>\n<h3 class=\"yiv7409174924ydp6329976emsonormal\" style=\"text-align: justify; background: white;\"><span style=\"font-family: 'Arial','sans-serif'; color: #1d2228;\">Con respecto a las medidas adoptadas por el Gobierno Nacional en las \u00faltimas horas, anunciadas por el Ministro de Econom\u00eda, tendientes a reforzar el ingreso de los trabajadores a trav\u00e9s de una suma fija; la administrac\u00f3n de la UNSL procedi\u00f3 a tomar contacto con las autoridades del Ministerio de Educaci\u00f3n de la Naci\u00f3n, m\u00e1s precisamente la Secretar\u00eda de Pol\u00edticas Universitarias (SPU), donde se inform\u00f3 lo siguiente:<\/span><\/h3>\n<h3 class=\"yiv7409174924ydp6329976emsonormal\" style=\"text-align: justify; background: white;\"><span style=\"font-family: 'Arial','sans-serif'; color: #1d2228;\">En el d\u00eda de la fecha ser\u00e1 analizada por el Ministerio de Educaci\u00f3n de la Naci\u00f3n la implementaci\u00f3n administrativa, en los trabajadores\/as de las Universidades Nacionales.<\/span><\/h3>\n<h3 class=\"yiv7409174924ydp6329976emsonormal\" style=\"text-align: justify; background: white;\"><span style=\"font-family: 'Arial','sans-serif'; color: #1d2228;\">La Secretar\u00eda de Pol\u00edticas Universitarias luego de ese an\u00e1lisis proceder\u00e1 a la aplicaci\u00f3n interna para docentes y nodocentes de cada Instituci\u00f3n.De corresponder, luego, mediante planilla complementaria se proceder\u00e1 a la liquidaci\u00f3n en las pr\u00f3ximas semanas (durante septiembre).<\/span><\/h3>\n<h3 class=\"yiv7409174924ydp6329976emsonormal\" style=\"text-align: justify; background: white;\"><span style=\"font-family: 'Arial','sans-serif'; color: #1d2228;\">Con lo cual, el salario del mes de agosto, que se abonar\u00e1 en los pr\u00f3ximos d\u00edas, NO TENDR\u00c1 INCLUIDO dicho bono.<\/span><\/h3>\n<h3 class=\"yiv7409174924ydp6329976emsonormal\" style=\"text-align: justify; background: white;\"><span style=\"font-family: 'Arial','sans-serif'; color: #1d2228;\">Es intenci\u00f3n mantener a la comunidad universitaria informada de manera oficial, para evitar trascendidos o malentendidos, sabiendo de la importancia del tema y de las expectativas que se despiertan.<\/span><\/h3>\n<h3 class=\"yiv7409174924ydp6329976emsonormal\" style=\"text-align: justify; background: white;\"><span style=\"font-family: 'Arial','sans-serif'; color: #1d2228;\">Seguiremos informando a medida que existan m\u00e1s precisiones oficiales\u201d.<\/span><\/h3>\n","protected":false},"excerpt":{"rendered":"<p>El Rectorado de la Universidad Nacional de San Luis (UNSL), emiti\u00f3 un comunicado en relaci\u00f3n&#8230;<\/p>\n","protected":false},"author":1,"featured_media":744,"comment_status":"closed","ping_status":"closed","sticky":false,"template":"","format":"standard","meta":{"footnotes":""},"categories":[6],"tags":[],"class_list":["post-2244","post","type-post","status-publish","format-standard","has-post-thumbnail","hentry","category-ciudad-provincia"],"yoast_head":"<!-- This site is optimized with the Yoast SEO plugin v26.1.1 - https:\/\/yoast.com\/wordpress\/plugins\/seo\/ -->\n<title>COMUNICADO A LOS TRABAJADORES DE LA UNSL SOBRE LA SUMA FIJA QUE ANUNCI\u00d3 MASSA - Apuntes de San Luis<\/title>\n<meta name=\"robots\" content=\"index, follow, max-snippet:-1, max-image-preview:large, max-video-preview:-1\" \/>\n<link rel=\"canonical\" href=\"https:\/\/apuntesdesanluis.com\/index.php\/2023\/08\/28\/comunicado-a-los-trabajadores-de-la-unsl-sobre-la-suma-fija-que-anuncio-massa\/\" \/>\n<meta property=\"og:locale\" content=\"es_ES\" \/>\n<meta property=\"og:type\" content=\"article\" \/>\n<meta property=\"og:title\" content=\"COMUNICADO A LOS TRABAJADORES DE LA UNSL SOBRE LA SUMA FIJA QUE ANUNCI\u00d3 MASSA - Apuntes de San Luis\" \/>\n<meta property=\"og:description\" content=\"El Rectorado de la Universidad Nacional de San Luis (UNSL), emiti\u00f3 un comunicado en relaci\u00f3n...\" \/>\n<meta property=\"og:url\" content=\"https:\/\/apuntesdesanluis.com\/index.php\/2023\/08\/28\/comunicado-a-los-trabajadores-de-la-unsl-sobre-la-suma-fija-que-anuncio-massa\/\" \/>\n<meta property=\"og:site_name\" content=\"Apuntes de San Luis\" \/>\n<meta property=\"article:published_time\" content=\"2023-08-29T01:30:21+00:00\" \/>\n<meta property=\"article:modified_time\" content=\"2023-08-29T02:28:06+00:00\" \/>\n<meta property=\"og:image\" content=\"https:\/\/apuntesdesanluis.com\/wp-content\/uploads\/2023\/07\/UNSL.png\" \/>\n\t<meta property=\"og:image:width\" content=\"714\" \/>\n\t<meta property=\"og:image:height\" content=\"426\" \/>\n\t<meta property=\"og:image:type\" content=\"image\/png\" \/>\n<meta name=\"author\" content=\"apuntesdesanluis.com\" \/>\n<meta name=\"twitter:card\" content=\"summary_large_image\" \/>\n<meta name=\"twitter:label1\" content=\"Escrito por\" \/>\n\t<meta name=\"twitter:data1\" content=\"apuntesdesanluis.com\" \/>\n\t<meta name=\"twitter:label2\" content=\"Tiempo de lectura\" \/>\n\t<meta name=\"twitter:data2\" content=\"2 minutos\" \/>\n<script type=\"application\/ld+json\" class=\"yoast-schema-graph\">{\"@context\":\"https:\/\/schema.org\",\"@graph\":[{\"@type\":\"Article\",\"@id\":\"https:\/\/apuntesdesanluis.com\/index.php\/2023\/08\/28\/comunicado-a-los-trabajadores-de-la-unsl-sobre-la-suma-fija-que-anuncio-massa\/#article\",\"isPartOf\":{\"@id\":\"https:\/\/apuntesdesanluis.com\/index.php\/2023\/08\/28\/comunicado-a-los-trabajadores-de-la-unsl-sobre-la-suma-fija-que-anuncio-massa\/\"},\"author\":{\"name\":\"apuntesdesanluis.com\",\"@id\":\"https:\/\/apuntesdesanluis.com\/#\/schema\/person\/b55151d52296fcce64d1a72538a70b90\"},\"headline\":\"COMUNICADO A LOS TRABAJADORES DE LA UNSL SOBRE LA SUMA FIJA QUE ANUNCI\u00d3 MASSA\",\"datePublished\":\"2023-08-29T01:30:21+00:00\",\"dateModified\":\"2023-08-29T02:28:06+00:00\",\"mainEntityOfPage\":{\"@id\":\"https:\/\/apuntesdesanluis.com\/index.php\/2023\/08\/28\/comunicado-a-los-trabajadores-de-la-unsl-sobre-la-suma-fija-que-anuncio-massa\/\"},\"wordCount\":268,\"publisher\":{\"@id\":\"https:\/\/apuntesdesanluis.com\/#\/schema\/person\/b55151d52296fcce64d1a72538a70b90\"},\"image\":{\"@id\":\"https:\/\/apuntesdesanluis.com\/index.php\/2023\/08\/28\/comunicado-a-los-trabajadores-de-la-unsl-sobre-la-suma-fija-que-anuncio-massa\/#primaryimage\"},\"thumbnailUrl\":\"https:\/\/apuntesdesanluis.com\/wp-content\/uploads\/2023\/07\/UNSL.png\",\"articleSection\":[\"Ciudad\/Provincia\"],\"inLanguage\":\"es-AR\"},{\"@type\":\"WebPage\",\"@id\":\"https:\/\/apuntesdesanluis.com\/index.php\/2023\/08\/28\/comunicado-a-los-trabajadores-de-la-unsl-sobre-la-suma-fija-que-anuncio-massa\/\",\"url\":\"https:\/\/apuntesdesanluis.com\/index.php\/2023\/08\/28\/comunicado-a-los-trabajadores-de-la-unsl-sobre-la-suma-fija-que-anuncio-massa\/\",\"name\":\"COMUNICADO A LOS TRABAJADORES DE LA UNSL SOBRE LA SUMA FIJA QUE ANUNCI\u00d3 MASSA - Apuntes de San Luis\",\"isPartOf\":{\"@id\":\"https:\/\/apuntesdesanluis.com\/#website\"},\"primaryImageOfPage\":{\"@id\":\"https:\/\/apuntesdesanluis.com\/index.php\/2023\/08\/28\/comunicado-a-los-trabajadores-de-la-unsl-sobre-la-suma-fija-que-anuncio-massa\/#primaryimage\"},\"image\":{\"@id\":\"https:\/\/apuntesdesanluis.com\/index.php\/2023\/08\/28\/comunicado-a-los-trabajadores-de-la-unsl-sobre-la-suma-fija-que-anuncio-massa\/#primaryimage\"},\"thumbnailUrl\":\"https:\/\/apuntesdesanluis.com\/wp-content\/uploads\/2023\/07\/UNSL.png\",\"datePublished\":\"2023-08-29T01:30:21+00:00\",\"dateModified\":\"2023-08-29T02:28:06+00:00\",\"breadcrumb\":{\"@id\":\"https:\/\/apuntesdesanluis.com\/index.php\/2023\/08\/28\/comunicado-a-los-trabajadores-de-la-unsl-sobre-la-suma-fija-que-anuncio-massa\/#breadcrumb\"},\"inLanguage\":\"es-AR\",\"potentialAction\":[{\"@type\":\"ReadAction\",\"target\":[\"https:\/\/apuntesdesanluis.com\/index.php\/2023\/08\/28\/comunicado-a-los-trabajadores-de-la-unsl-sobre-la-suma-fija-que-anuncio-massa\/\"]}]},{\"@type\":\"ImageObject\",\"inLanguage\":\"es-AR\",\"@id\":\"https:\/\/apuntesdesanluis.com\/index.php\/2023\/08\/28\/comunicado-a-los-trabajadores-de-la-unsl-sobre-la-suma-fija-que-anuncio-massa\/#primaryimage\",\"url\":\"https:\/\/apuntesdesanluis.com\/wp-content\/uploads\/2023\/07\/UNSL.png\",\"contentUrl\":\"https:\/\/apuntesdesanluis.com\/wp-content\/uploads\/2023\/07\/UNSL.png\",\"width\":714,\"height\":426},{\"@type\":\"BreadcrumbList\",\"@id\":\"https:\/\/apuntesdesanluis.com\/index.php\/2023\/08\/28\/comunicado-a-los-trabajadores-de-la-unsl-sobre-la-suma-fija-que-anuncio-massa\/#breadcrumb\",\"itemListElement\":[{\"@type\":\"ListItem\",\"position\":1,\"name\":\"Inicio\",\"item\":\"https:\/\/apuntesdesanluis.com\/\"},{\"@type\":\"ListItem\",\"position\":2,\"name\":\"COMUNICADO A LOS TRABAJADORES DE LA UNSL SOBRE LA SUMA FIJA QUE ANUNCI\u00d3 MASSA\"}]},{\"@type\":\"WebSite\",\"@id\":\"https:\/\/apuntesdesanluis.com\/#website\",\"url\":\"https:\/\/apuntesdesanluis.com\/\",\"name\":\"Apuntes de San Luis\",\"description\":\"\",\"publisher\":{\"@id\":\"https:\/\/apuntesdesanluis.com\/#\/schema\/person\/b55151d52296fcce64d1a72538a70b90\"},\"potentialAction\":[{\"@type\":\"SearchAction\",\"target\":{\"@type\":\"EntryPoint\",\"urlTemplate\":\"https:\/\/apuntesdesanluis.com\/?s={search_term_string}\"},\"query-input\":{\"@type\":\"PropertyValueSpecification\",\"valueRequired\":true,\"valueName\":\"search_term_string\"}}],\"inLanguage\":\"es-AR\"},{\"@type\":[\"Person\",\"Organization\"],\"@id\":\"https:\/\/apuntesdesanluis.com\/#\/schema\/person\/b55151d52296fcce64d1a72538a70b90\",\"name\":\"apuntesdesanluis.com\",\"image\":{\"@type\":\"ImageObject\",\"inLanguage\":\"es-AR\",\"@id\":\"https:\/\/apuntesdesanluis.com\/#\/schema\/person\/image\/\",\"url\":\"https:\/\/apuntesdesanluis.com\/wp-content\/uploads\/2023\/07\/cropped-apuntesdesanluis.png\",\"contentUrl\":\"https:\/\/apuntesdesanluis.com\/wp-content\/uploads\/2023\/07\/cropped-apuntesdesanluis.png\",\"width\":450,\"height\":112,\"caption\":\"apuntesdesanluis.com\"},\"logo\":{\"@id\":\"https:\/\/apuntesdesanluis.com\/#\/schema\/person\/image\/\"},\"sameAs\":[\"https:\/\/apuntesdesanluis.com\"],\"url\":\"https:\/\/apuntesdesanluis.com\/index.php\/author\/apuntesdesanluis-com\/\"}]}<\/script>\n<!-- \/ Yoast SEO plugin. -->","yoast_head_json":{"title":"COMUNICADO A LOS TRABAJADORES DE LA UNSL SOBRE LA SUMA FIJA QUE ANUNCI\u00d3 MASSA - Apuntes de San Luis","robots":{"index":"index","follow":"follow","max-snippet":"max-snippet:-1","max-image-preview":"max-image-preview:large","max-video-preview":"max-video-preview:-1"},"canonical":"https:\/\/apuntesdesanluis.com\/index.php\/2023\/08\/28\/comunicado-a-los-trabajadores-de-la-unsl-sobre-la-suma-fija-que-anuncio-massa\/","og_locale":"es_ES","og_type":"article","og_title":"COMUNICADO A LOS TRABAJADORES DE LA UNSL SOBRE LA SUMA FIJA QUE ANUNCI\u00d3 MASSA - Apuntes de San Luis","og_description":"El Rectorado de la Universidad Nacional de San Luis (UNSL), emiti\u00f3 un comunicado en relaci\u00f3n...","og_url":"https:\/\/apuntesdesanluis.com\/index.php\/2023\/08\/28\/comunicado-a-los-trabajadores-de-la-unsl-sobre-la-suma-fija-que-anuncio-massa\/","og_site_name":"Apuntes de San Luis","article_published_time":"2023-08-29T01:30:21+00:00","article_modified_time":"2023-08-29T02:28:06+00:00","og_image":[{"width":714,"height":426,"url":"https:\/\/apuntesdesanluis.com\/wp-content\/uploads\/2023\/07\/UNSL.png","type":"image\/png"}],"author":"apuntesdesanluis.com","twitter_card":"summary_large_image","twitter_misc":{"Escrito por":"apuntesdesanluis.com","Tiempo de lectura":"2 minutos"},"schema":{"@context":"https:\/\/schema.org","@graph":[{"@type":"Article","@id":"https:\/\/apuntesdesanluis.com\/index.php\/2023\/08\/28\/comunicado-a-los-trabajadores-de-la-unsl-sobre-la-suma-fija-que-anuncio-massa\/#article","isPartOf":{"@id":"https:\/\/apuntesdesanluis.com\/index.php\/2023\/08\/28\/comunicado-a-los-trabajadores-de-la-unsl-sobre-la-suma-fija-que-anuncio-massa\/"},"author":{"name":"apuntesdesanluis.com","@id":"https:\/\/apuntesdesanluis.com\/#\/schema\/person\/b55151d52296fcce64d1a72538a70b90"},"headline":"COMUNICADO A LOS TRABAJADORES DE LA UNSL SOBRE LA SUMA FIJA QUE ANUNCI\u00d3 MASSA","datePublished":"2023-08-29T01:30:21+00:00","dateModified":"2023-08-29T02:28:06+00:00","mainEntityOfPage":{"@id":"https:\/\/apuntesdesanluis.com\/index.php\/2023\/08\/28\/comunicado-a-los-trabajadores-de-la-unsl-sobre-la-suma-fija-que-anuncio-massa\/"},"wordCount":268,"publisher":{"@id":"https:\/\/apuntesdesanluis.com\/#\/schema\/person\/b55151d52296fcce64d1a72538a70b90"},"image":{"@id":"https:\/\/apuntesdesanluis.com\/index.php\/2023\/08\/28\/comunicado-a-los-trabajadores-de-la-unsl-sobre-la-suma-fija-que-anuncio-massa\/#primaryimage"},"thumbnailUrl":"https:\/\/apuntesdesanluis.com\/wp-content\/uploads\/2023\/07\/UNSL.png","articleSection":["Ciudad\/Provincia"],"inLanguage":"es-AR"},{"@type":"WebPage","@id":"https:\/\/apuntesdesanluis.com\/index.php\/2023\/08\/28\/comunicado-a-los-trabajadores-de-la-unsl-sobre-la-suma-fija-que-anuncio-massa\/","url":"https:\/\/apuntesdesanluis.com\/index.php\/2023\/08\/28\/comunicado-a-los-trabajadores-de-la-unsl-sobre-la-suma-fija-que-anuncio-massa\/","name":"COMUNICADO A LOS TRABAJADORES DE LA UNSL SOBRE LA SUMA FIJA QUE ANUNCI\u00d3 MASSA - Apuntes de San Luis","isPartOf":{"@id":"https:\/\/apuntesdesanluis.com\/#website"},"primaryImageOfPage":{"@id":"https:\/\/apuntesdesanluis.com\/index.php\/2023\/08\/28\/comunicado-a-los-trabajadores-de-la-unsl-sobre-la-suma-fija-que-anuncio-massa\/#primaryimage"},"image":{"@id":"https:\/\/apuntesdesanluis.com\/index.php\/2023\/08\/28\/comunicado-a-los-trabajadores-de-la-unsl-sobre-la-suma-fija-que-anuncio-massa\/#primaryimage"},"thumbnailUrl":"https:\/\/apuntesdesanluis.com\/wp-content\/uploads\/2023\/07\/UNSL.png","datePublished":"2023-08-29T01:30:21+00:00","dateModified":"2023-08-29T02:28:06+00:00","breadcrumb":{"@id":"https:\/\/apuntesdesanluis.com\/index.php\/2023\/08\/28\/comunicado-a-los-trabajadores-de-la-unsl-sobre-la-suma-fija-que-anuncio-massa\/#breadcrumb"},"inLanguage":"es-AR","potentialAction":[{"@type":"ReadAction","target":["https:\/\/apuntesdesanluis.com\/index.php\/2023\/08\/28\/comunicado-a-los-trabajadores-de-la-unsl-sobre-la-suma-fija-que-anuncio-massa\/"]}]},{"@type":"ImageObject","inLanguage":"es-AR","@id":"https:\/\/apuntesdesanluis.com\/index.php\/2023\/08\/28\/comunicado-a-los-trabajadores-de-la-unsl-sobre-la-suma-fija-que-anuncio-massa\/#primaryimage","url":"https:\/\/apuntesdesanluis.com\/wp-content\/uploads\/2023\/07\/UNSL.png","contentUrl":"https:\/\/apuntesdesanluis.com\/wp-content\/uploads\/2023\/07\/UNSL.png","width":714,"height":426},{"@type":"BreadcrumbList","@id":"https:\/\/apuntesdesanluis.com\/index.php\/2023\/08\/28\/comunicado-a-los-trabajadores-de-la-unsl-sobre-la-suma-fija-que-anuncio-massa\/#breadcrumb","itemListElement":[{"@type":"ListItem","position":1,"name":"Inicio","item":"https:\/\/apuntesdesanluis.com\/"},{"@type":"ListItem","position":2,"name":"COMUNICADO A LOS TRABAJADORES DE LA UNSL SOBRE LA SUMA FIJA QUE ANUNCI\u00d3 MASSA"}]},{"@type":"WebSite","@id":"https:\/\/apuntesdesanluis.com\/#website","url":"https:\/\/apuntesdesanluis.com\/","name":"Apuntes de San Luis","description":"","publisher":{"@id":"https:\/\/apuntesdesanluis.com\/#\/schema\/person\/b55151d52296fcce64d1a72538a70b90"},"potentialAction":[{"@type":"SearchAction","target":{"@type":"EntryPoint","urlTemplate":"https:\/\/apuntesdesanluis.com\/?s={search_term_string}"},"query-input":{"@type":"PropertyValueSpecification","valueRequired":true,"valueName":"search_term_string"}}],"inLanguage":"es-AR"},{"@type":["Person","Organization"],"@id":"https:\/\/apuntesdesanluis.com\/#\/schema\/person\/b55151d52296fcce64d1a72538a70b90","name":"apuntesdesanluis.com","image":{"@type":"ImageObject","inLanguage":"es-AR","@id":"https:\/\/apuntesdesanluis.com\/#\/schema\/person\/image\/","url":"https:\/\/apuntesdesanluis.com\/wp-content\/uploads\/2023\/07\/cropped-apuntesdesanluis.png","contentUrl":"https:\/\/apuntesdesanluis.com\/wp-content\/uploads\/2023\/07\/cropped-apuntesdesanluis.png","width":450,"height":112,"caption":"apuntesdesanluis.com"},"logo":{"@id":"https:\/\/apuntesdesanluis.com\/#\/schema\/person\/image\/"},"sameAs":["https:\/\/apuntesdesanluis.com"],"url":"https:\/\/apuntesdesanluis.com\/index.php\/author\/apuntesdesanluis-com\/"}]}},"featured_image_urls":{"full":["https:\/\/apuntesdesanluis.com\/wp-content\/uploads\/2023\/07\/UNSL.png",714,426,false],"thumbnail":["https:\/\/apuntesdesanluis.com\/wp-content\/uploads\/2023\/07\/UNSL-150x150.png",150,150,true],"medium":["https:\/\/apuntesdesanluis.com\/wp-content\/uploads\/2023\/07\/UNSL-300x179.png",300,179,true],"medium_large":["https:\/\/apuntesdesanluis.com\/wp-content\/uploads\/2023\/07\/UNSL.png",640,382,false],"large":["https:\/\/apuntesdesanluis.com\/wp-content\/uploads\/2023\/07\/UNSL.png",640,382,false],"1536x1536":["https:\/\/apuntesdesanluis.com\/wp-content\/uploads\/2023\/07\/UNSL.png",714,426,false],"2048x2048":["https:\/\/apuntesdesanluis.com\/wp-content\/uploads\/2023\/07\/UNSL.png",714,426,false],"newsever-slider-full":["https:\/\/apuntesdesanluis.com\/wp-content\/uploads\/2023\/07\/UNSL.png",714,426,false],"newsever-featured":["https:\/\/apuntesdesanluis.com\/wp-content\/uploads\/2023\/07\/UNSL.png",714,426,false],"newsever-medium":["https:\/\/apuntesdesanluis.com\/wp-content\/uploads\/2023\/07\/UNSL.png",714,426,false]},"author_info":{"display_name":"apuntesdesanluis.com","author_link":"https:\/\/apuntesdesanluis.com\/index.php\/author\/apuntesdesanluis-com\/"},"category_info":"<a href=\"https:\/\/apuntesdesanluis.com\/index.php\/category\/ciudad-provincia\/\" rel=\"category tag\">Ciudad\/Provincia<\/a>","tag_info":"Ciudad\/Provincia","comment_count":"0","_links":{"self":[{"href":"https:\/\/apuntesdesanluis.com\/index.php\/wp-json\/wp\/v2\/posts\/2244","targetHints":{"allow":["GET"]}}],"collection":[{"href":"https:\/\/apuntesdesanluis.com\/index.php\/wp-json\/wp\/v2\/posts"}],"about":[{"href":"https:\/\/apuntesdesanluis.com\/index.php\/wp-json\/wp\/v2\/types\/post"}],"author":[{"embeddable":true,"href":"https:\/\/apuntesdesanluis.com\/index.php\/wp-json\/wp\/v2\/users\/1"}],"replies":[{"embeddable":true,"href":"https:\/\/apuntesdesanluis.com\/index.php\/wp-json\/wp\/v2\/comments?post=2244"}],"version-history":[{"count":1,"href":"https:\/\/apuntesdesanluis.com\/index.php\/wp-json\/wp\/v2\/posts\/2244\/revisions"}],"predecessor-version":[{"id":2245,"href":"https:\/\/apuntesdesanluis.com\/index.php\/wp-json\/wp\/v2\/posts\/2244\/revisions\/2245"}],"wp:featuredmedia":[{"embeddable":true,"href":"https:\/\/apuntesdesanluis.com\/index.php\/wp-json\/wp\/v2\/media\/744"}],"wp:attachment":[{"href":"https:\/\/apuntesdesanluis.com\/index.php\/wp-json\/wp\/v2\/media?parent=2244"}],"wp:term":[{"taxonomy":"category","embeddable":true,"href":"https:\/\/apuntesdesanluis.com\/index.php\/wp-json\/wp\/v2\/categories?post=2244"},{"taxonomy":"post_tag","embeddable":true,"href":"https:\/\/apuntesdesanluis.com\/index.php\/wp-json\/wp\/v2\/tags?post=2244"}],"curies":[{"name":"wp","href":"https:\/\/api.w.org\/{rel}","templated":true}]}}