{"id":22451,"date":"2024-09-18T23:10:08","date_gmt":"2024-09-19T02:10:08","guid":{"rendered":"https:\/\/apuntesdesanluis.com\/?p=22451"},"modified":"2024-09-18T23:10:08","modified_gmt":"2024-09-19T02:10:08","slug":"venezuela-pidio-la-detencion-del-presidente-milei-karina-milei-y-bullrich","status":"publish","type":"post","link":"https:\/\/apuntesdesanluis.com\/index.php\/2024\/09\/18\/venezuela-pidio-la-detencion-del-presidente-milei-karina-milei-y-bullrich\/","title":{"rendered":"VENEZUELA PIDI\u00d3 LA DETENCI\u00d3N DEL PRESIDENTE MILEI, KARINA MILEI Y BULLRICH"},"content":{"rendered":"<h3>Nueva escalada de tensi\u00f3n en la relaci\u00f3n entre ambos pa\u00edses.<\/h3>\n<h3>El fiscal venezolano <strong>Tarek William Saab<\/strong> anunci\u00f3 que emitir\u00e1n una orden de captura contra el presidente <strong>Javier Milei<\/strong>, la secretaria general de la presidencia, <strong>Karina Milei<\/strong>, y la ministra de Seguridad, <strong>Patricia Bullrich<\/strong>, en el caso del avi\u00f3n embargado en 2022.<\/h3>\n<h3>&#8220;Este Ministerio P\u00fablico de Rep\u00fablica Bolivariana de Venezuela anuncia la asignaci\u00f3n de dos fiscales especializados en la materia, quienes adelantan las diligencias pertinentes del caso, y\u00a0se encuentran tramitando las \u00f3rdenes de aprehensi\u00f3n contra los siguientes ciudadanos, en base a lo anteriormente dicho: uno, Javier Milei, presidente de la Rep\u00fablica Argentina; Karina Milei, secretaria general de la Presidencia de la Naci\u00f3n Argentina; y Patricia Bullrich, ministra de seguridad de la naci\u00f3n Argentina&#8221;, asegur\u00f3 Saab en declaraciones a la prensa.<\/h3>\n<h3>La orden de arresto internacional tiene que ver con el avi\u00f3n de Emtrasur retenido en Ezeiza en 2022 por tener tripulantes iran\u00edes.<\/h3>\n<h3>Adem\u00e1s, el anuncio del fiscal alineado con la administraci\u00f3n de <strong>Nicol\u00e1s Maduro<\/strong> se da luego de que los fiscales argentinos Carlos Stornelli y Jos\u00e9 Ag\u00fcero Iturbe reclamaran el martes a la C\u00e1mara Federal de Buenos Aires la indagatoria y la captura de Nicol\u00e1s<\/h3>\n<h3>El pedido de los fiscales es por supuestos casos de torturas, secuestros y ejecuciones en Venezuela.<\/h3>\n<h3>Esta orden de detenci\u00f3n que reclama la Justicia venezolana contra el presidente argentino es un cap\u00edtulo m\u00e1s en los cruces entre ambos pa\u00edses tras la llegad de Milei al gobierno.<\/h3>\n<h3>La Embajada argentina en Caracas debi\u00f3 ser desalojada tras las elecciones en ese pa\u00eds del 28 de julio pasado, en las que se impuso Maduro seg\u00fan los datos oficiales de Tribunal Electoral, pero en ning\u00fan momento dieron a conocer las actas de los comicios.<\/h3>\n<h3>Por esa raz\u00f3n y las denuncias de delitos de lesa humanidad, la Argentina y la mayor\u00eda de los pa\u00edses de la comunidad internacional no reconocen a Maduro como presidente de Venezuela para el pr\u00f3ximo per\u00edodo hasta 2031.<\/h3>\n<p>&nbsp;<\/p>\n<p>&nbsp;<\/p>\n<p>&nbsp;<\/p>\n<p>&nbsp;<\/p>\n<p>&nbsp;<\/p>\n<p>&nbsp;<\/p>\n","protected":false},"excerpt":{"rendered":"<p>Nueva escalada de tensi\u00f3n en la relaci\u00f3n entre ambos pa\u00edses. El fiscal venezolano Tarek William&#8230;<\/p>\n","protected":false},"author":1,"featured_media":22452,"comment_status":"closed","ping_status":"closed","sticky":false,"template":"","format":"standard","meta":{"footnotes":""},"categories":[5],"tags":[],"class_list":["post-22451","post","type-post","status-publish","format-standard","has-post-thumbnail","hentry","category-nacionales-internacionales"],"yoast_head":"<!-- This site is optimized with the Yoast SEO plugin v26.1.1 - https:\/\/yoast.com\/wordpress\/plugins\/seo\/ -->\n<title>VENEZUELA PIDI\u00d3 LA DETENCI\u00d3N DEL PRESIDENTE MILEI, KARINA MILEI Y BULLRICH - Apuntes de San Luis<\/title>\n<meta name=\"robots\" content=\"index, follow, max-snippet:-1, max-image-preview:large, max-video-preview:-1\" \/>\n<link rel=\"canonical\" href=\"https:\/\/apuntesdesanluis.com\/index.php\/2024\/09\/18\/venezuela-pidio-la-detencion-del-presidente-milei-karina-milei-y-bullrich\/\" \/>\n<meta property=\"og:locale\" content=\"es_ES\" \/>\n<meta property=\"og:type\" content=\"article\" \/>\n<meta property=\"og:title\" content=\"VENEZUELA PIDI\u00d3 LA DETENCI\u00d3N DEL PRESIDENTE MILEI, KARINA MILEI Y BULLRICH - Apuntes de San Luis\" \/>\n<meta property=\"og:description\" content=\"Nueva escalada de tensi\u00f3n en la relaci\u00f3n entre ambos pa\u00edses. El fiscal venezolano Tarek William...\" \/>\n<meta property=\"og:url\" content=\"https:\/\/apuntesdesanluis.com\/index.php\/2024\/09\/18\/venezuela-pidio-la-detencion-del-presidente-milei-karina-milei-y-bullrich\/\" \/>\n<meta property=\"og:site_name\" content=\"Apuntes de San Luis\" \/>\n<meta property=\"article:published_time\" content=\"2024-09-19T02:10:08+00:00\" \/>\n<meta property=\"og:image\" content=\"https:\/\/apuntesdesanluis.com\/wp-content\/uploads\/2024\/09\/maduro-y-milei.png\" \/>\n\t<meta property=\"og:image:width\" content=\"794\" \/>\n\t<meta property=\"og:image:height\" content=\"485\" \/>\n\t<meta property=\"og:image:type\" content=\"image\/png\" \/>\n<meta name=\"author\" content=\"apuntesdesanluis.com\" \/>\n<meta name=\"twitter:card\" content=\"summary_large_image\" \/>\n<meta name=\"twitter:label1\" content=\"Escrito por\" \/>\n\t<meta name=\"twitter:data1\" content=\"apuntesdesanluis.com\" \/>\n\t<meta name=\"twitter:label2\" content=\"Tiempo de lectura\" \/>\n\t<meta name=\"twitter:data2\" content=\"2 minutos\" \/>\n<script type=\"application\/ld+json\" class=\"yoast-schema-graph\">{\"@context\":\"https:\/\/schema.org\",\"@graph\":[{\"@type\":\"Article\",\"@id\":\"https:\/\/apuntesdesanluis.com\/index.php\/2024\/09\/18\/venezuela-pidio-la-detencion-del-presidente-milei-karina-milei-y-bullrich\/#article\",\"isPartOf\":{\"@id\":\"https:\/\/apuntesdesanluis.com\/index.php\/2024\/09\/18\/venezuela-pidio-la-detencion-del-presidente-milei-karina-milei-y-bullrich\/\"},\"author\":{\"name\":\"apuntesdesanluis.com\",\"@id\":\"https:\/\/apuntesdesanluis.com\/#\/schema\/person\/b55151d52296fcce64d1a72538a70b90\"},\"headline\":\"VENEZUELA PIDI\u00d3 LA DETENCI\u00d3N DEL PRESIDENTE MILEI, KARINA MILEI Y BULLRICH\",\"datePublished\":\"2024-09-19T02:10:08+00:00\",\"mainEntityOfPage\":{\"@id\":\"https:\/\/apuntesdesanluis.com\/index.php\/2024\/09\/18\/venezuela-pidio-la-detencion-del-presidente-milei-karina-milei-y-bullrich\/\"},\"wordCount\":368,\"publisher\":{\"@id\":\"https:\/\/apuntesdesanluis.com\/#\/schema\/person\/b55151d52296fcce64d1a72538a70b90\"},\"image\":{\"@id\":\"https:\/\/apuntesdesanluis.com\/index.php\/2024\/09\/18\/venezuela-pidio-la-detencion-del-presidente-milei-karina-milei-y-bullrich\/#primaryimage\"},\"thumbnailUrl\":\"https:\/\/apuntesdesanluis.com\/wp-content\/uploads\/2024\/09\/maduro-y-milei.png\",\"articleSection\":[\"Nacionales\/Internacionales\"],\"inLanguage\":\"es-AR\"},{\"@type\":\"WebPage\",\"@id\":\"https:\/\/apuntesdesanluis.com\/index.php\/2024\/09\/18\/venezuela-pidio-la-detencion-del-presidente-milei-karina-milei-y-bullrich\/\",\"url\":\"https:\/\/apuntesdesanluis.com\/index.php\/2024\/09\/18\/venezuela-pidio-la-detencion-del-presidente-milei-karina-milei-y-bullrich\/\",\"name\":\"VENEZUELA PIDI\u00d3 LA DETENCI\u00d3N DEL PRESIDENTE MILEI, KARINA MILEI Y BULLRICH - Apuntes de San Luis\",\"isPartOf\":{\"@id\":\"https:\/\/apuntesdesanluis.com\/#website\"},\"primaryImageOfPage\":{\"@id\":\"https:\/\/apuntesdesanluis.com\/index.php\/2024\/09\/18\/venezuela-pidio-la-detencion-del-presidente-milei-karina-milei-y-bullrich\/#primaryimage\"},\"image\":{\"@id\":\"https:\/\/apuntesdesanluis.com\/index.php\/2024\/09\/18\/venezuela-pidio-la-detencion-del-presidente-milei-karina-milei-y-bullrich\/#primaryimage\"},\"thumbnailUrl\":\"https:\/\/apuntesdesanluis.com\/wp-content\/uploads\/2024\/09\/maduro-y-milei.png\",\"datePublished\":\"2024-09-19T02:10:08+00:00\",\"breadcrumb\":{\"@id\":\"https:\/\/apuntesdesanluis.com\/index.php\/2024\/09\/18\/venezuela-pidio-la-detencion-del-presidente-milei-karina-milei-y-bullrich\/#breadcrumb\"},\"inLanguage\":\"es-AR\",\"potentialAction\":[{\"@type\":\"ReadAction\",\"target\":[\"https:\/\/apuntesdesanluis.com\/index.php\/2024\/09\/18\/venezuela-pidio-la-detencion-del-presidente-milei-karina-milei-y-bullrich\/\"]}]},{\"@type\":\"ImageObject\",\"inLanguage\":\"es-AR\",\"@id\":\"https:\/\/apuntesdesanluis.com\/index.php\/2024\/09\/18\/venezuela-pidio-la-detencion-del-presidente-milei-karina-milei-y-bullrich\/#primaryimage\",\"url\":\"https:\/\/apuntesdesanluis.com\/wp-content\/uploads\/2024\/09\/maduro-y-milei.png\",\"contentUrl\":\"https:\/\/apuntesdesanluis.com\/wp-content\/uploads\/2024\/09\/maduro-y-milei.png\",\"width\":794,\"height\":485},{\"@type\":\"BreadcrumbList\",\"@id\":\"https:\/\/apuntesdesanluis.com\/index.php\/2024\/09\/18\/venezuela-pidio-la-detencion-del-presidente-milei-karina-milei-y-bullrich\/#breadcrumb\",\"itemListElement\":[{\"@type\":\"ListItem\",\"position\":1,\"name\":\"Inicio\",\"item\":\"https:\/\/apuntesdesanluis.com\/\"},{\"@type\":\"ListItem\",\"position\":2,\"name\":\"VENEZUELA PIDI\u00d3 LA DETENCI\u00d3N DEL PRESIDENTE MILEI, KARINA MILEI Y BULLRICH\"}]},{\"@type\":\"WebSite\",\"@id\":\"https:\/\/apuntesdesanluis.com\/#website\",\"url\":\"https:\/\/apuntesdesanluis.com\/\",\"name\":\"Apuntes de San Luis\",\"description\":\"\",\"publisher\":{\"@id\":\"https:\/\/apuntesdesanluis.com\/#\/schema\/person\/b55151d52296fcce64d1a72538a70b90\"},\"potentialAction\":[{\"@type\":\"SearchAction\",\"target\":{\"@type\":\"EntryPoint\",\"urlTemplate\":\"https:\/\/apuntesdesanluis.com\/?s={search_term_string}\"},\"query-input\":{\"@type\":\"PropertyValueSpecification\",\"valueRequired\":true,\"valueName\":\"search_term_string\"}}],\"inLanguage\":\"es-AR\"},{\"@type\":[\"Person\",\"Organization\"],\"@id\":\"https:\/\/apuntesdesanluis.com\/#\/schema\/person\/b55151d52296fcce64d1a72538a70b90\",\"name\":\"apuntesdesanluis.com\",\"image\":{\"@type\":\"ImageObject\",\"inLanguage\":\"es-AR\",\"@id\":\"https:\/\/apuntesdesanluis.com\/#\/schema\/person\/image\/\",\"url\":\"https:\/\/apuntesdesanluis.com\/wp-content\/uploads\/2023\/07\/cropped-apuntesdesanluis.png\",\"contentUrl\":\"https:\/\/apuntesdesanluis.com\/wp-content\/uploads\/2023\/07\/cropped-apuntesdesanluis.png\",\"width\":450,\"height\":112,\"caption\":\"apuntesdesanluis.com\"},\"logo\":{\"@id\":\"https:\/\/apuntesdesanluis.com\/#\/schema\/person\/image\/\"},\"sameAs\":[\"https:\/\/apuntesdesanluis.com\"],\"url\":\"https:\/\/apuntesdesanluis.com\/index.php\/author\/apuntesdesanluis-com\/\"}]}<\/script>\n<!-- \/ Yoast SEO plugin. -->","yoast_head_json":{"title":"VENEZUELA PIDI\u00d3 LA DETENCI\u00d3N DEL PRESIDENTE MILEI, KARINA MILEI Y BULLRICH - Apuntes de San Luis","robots":{"index":"index","follow":"follow","max-snippet":"max-snippet:-1","max-image-preview":"max-image-preview:large","max-video-preview":"max-video-preview:-1"},"canonical":"https:\/\/apuntesdesanluis.com\/index.php\/2024\/09\/18\/venezuela-pidio-la-detencion-del-presidente-milei-karina-milei-y-bullrich\/","og_locale":"es_ES","og_type":"article","og_title":"VENEZUELA PIDI\u00d3 LA DETENCI\u00d3N DEL PRESIDENTE MILEI, KARINA MILEI Y BULLRICH - Apuntes de San Luis","og_description":"Nueva escalada de tensi\u00f3n en la relaci\u00f3n entre ambos pa\u00edses. El fiscal venezolano Tarek William...","og_url":"https:\/\/apuntesdesanluis.com\/index.php\/2024\/09\/18\/venezuela-pidio-la-detencion-del-presidente-milei-karina-milei-y-bullrich\/","og_site_name":"Apuntes de San Luis","article_published_time":"2024-09-19T02:10:08+00:00","og_image":[{"width":794,"height":485,"url":"https:\/\/apuntesdesanluis.com\/wp-content\/uploads\/2024\/09\/maduro-y-milei.png","type":"image\/png"}],"author":"apuntesdesanluis.com","twitter_card":"summary_large_image","twitter_misc":{"Escrito por":"apuntesdesanluis.com","Tiempo de lectura":"2 minutos"},"schema":{"@context":"https:\/\/schema.org","@graph":[{"@type":"Article","@id":"https:\/\/apuntesdesanluis.com\/index.php\/2024\/09\/18\/venezuela-pidio-la-detencion-del-presidente-milei-karina-milei-y-bullrich\/#article","isPartOf":{"@id":"https:\/\/apuntesdesanluis.com\/index.php\/2024\/09\/18\/venezuela-pidio-la-detencion-del-presidente-milei-karina-milei-y-bullrich\/"},"author":{"name":"apuntesdesanluis.com","@id":"https:\/\/apuntesdesanluis.com\/#\/schema\/person\/b55151d52296fcce64d1a72538a70b90"},"headline":"VENEZUELA PIDI\u00d3 LA DETENCI\u00d3N DEL PRESIDENTE MILEI, KARINA MILEI Y BULLRICH","datePublished":"2024-09-19T02:10:08+00:00","mainEntityOfPage":{"@id":"https:\/\/apuntesdesanluis.com\/index.php\/2024\/09\/18\/venezuela-pidio-la-detencion-del-presidente-milei-karina-milei-y-bullrich\/"},"wordCount":368,"publisher":{"@id":"https:\/\/apuntesdesanluis.com\/#\/schema\/person\/b55151d52296fcce64d1a72538a70b90"},"image":{"@id":"https:\/\/apuntesdesanluis.com\/index.php\/2024\/09\/18\/venezuela-pidio-la-detencion-del-presidente-milei-karina-milei-y-bullrich\/#primaryimage"},"thumbnailUrl":"https:\/\/apuntesdesanluis.com\/wp-content\/uploads\/2024\/09\/maduro-y-milei.png","articleSection":["Nacionales\/Internacionales"],"inLanguage":"es-AR"},{"@type":"WebPage","@id":"https:\/\/apuntesdesanluis.com\/index.php\/2024\/09\/18\/venezuela-pidio-la-detencion-del-presidente-milei-karina-milei-y-bullrich\/","url":"https:\/\/apuntesdesanluis.com\/index.php\/2024\/09\/18\/venezuela-pidio-la-detencion-del-presidente-milei-karina-milei-y-bullrich\/","name":"VENEZUELA PIDI\u00d3 LA DETENCI\u00d3N DEL PRESIDENTE MILEI, KARINA MILEI Y BULLRICH - Apuntes de San Luis","isPartOf":{"@id":"https:\/\/apuntesdesanluis.com\/#website"},"primaryImageOfPage":{"@id":"https:\/\/apuntesdesanluis.com\/index.php\/2024\/09\/18\/venezuela-pidio-la-detencion-del-presidente-milei-karina-milei-y-bullrich\/#primaryimage"},"image":{"@id":"https:\/\/apuntesdesanluis.com\/index.php\/2024\/09\/18\/venezuela-pidio-la-detencion-del-presidente-milei-karina-milei-y-bullrich\/#primaryimage"},"thumbnailUrl":"https:\/\/apuntesdesanluis.com\/wp-content\/uploads\/2024\/09\/maduro-y-milei.png","datePublished":"2024-09-19T02:10:08+00:00","breadcrumb":{"@id":"https:\/\/apuntesdesanluis.com\/index.php\/2024\/09\/18\/venezuela-pidio-la-detencion-del-presidente-milei-karina-milei-y-bullrich\/#breadcrumb"},"inLanguage":"es-AR","potentialAction":[{"@type":"ReadAction","target":["https:\/\/apuntesdesanluis.com\/index.php\/2024\/09\/18\/venezuela-pidio-la-detencion-del-presidente-milei-karina-milei-y-bullrich\/"]}]},{"@type":"ImageObject","inLanguage":"es-AR","@id":"https:\/\/apuntesdesanluis.com\/index.php\/2024\/09\/18\/venezuela-pidio-la-detencion-del-presidente-milei-karina-milei-y-bullrich\/#primaryimage","url":"https:\/\/apuntesdesanluis.com\/wp-content\/uploads\/2024\/09\/maduro-y-milei.png","contentUrl":"https:\/\/apuntesdesanluis.com\/wp-content\/uploads\/2024\/09\/maduro-y-milei.png","width":794,"height":485},{"@type":"BreadcrumbList","@id":"https:\/\/apuntesdesanluis.com\/index.php\/2024\/09\/18\/venezuela-pidio-la-detencion-del-presidente-milei-karina-milei-y-bullrich\/#breadcrumb","itemListElement":[{"@type":"ListItem","position":1,"name":"Inicio","item":"https:\/\/apuntesdesanluis.com\/"},{"@type":"ListItem","position":2,"name":"VENEZUELA PIDI\u00d3 LA DETENCI\u00d3N DEL PRESIDENTE MILEI, KARINA MILEI Y BULLRICH"}]},{"@type":"WebSite","@id":"https:\/\/apuntesdesanluis.com\/#website","url":"https:\/\/apuntesdesanluis.com\/","name":"Apuntes de San Luis","description":"","publisher":{"@id":"https:\/\/apuntesdesanluis.com\/#\/schema\/person\/b55151d52296fcce64d1a72538a70b90"},"potentialAction":[{"@type":"SearchAction","target":{"@type":"EntryPoint","urlTemplate":"https:\/\/apuntesdesanluis.com\/?s={search_term_string}"},"query-input":{"@type":"PropertyValueSpecification","valueRequired":true,"valueName":"search_term_string"}}],"inLanguage":"es-AR"},{"@type":["Person","Organization"],"@id":"https:\/\/apuntesdesanluis.com\/#\/schema\/person\/b55151d52296fcce64d1a72538a70b90","name":"apuntesdesanluis.com","image":{"@type":"ImageObject","inLanguage":"es-AR","@id":"https:\/\/apuntesdesanluis.com\/#\/schema\/person\/image\/","url":"https:\/\/apuntesdesanluis.com\/wp-content\/uploads\/2023\/07\/cropped-apuntesdesanluis.png","contentUrl":"https:\/\/apuntesdesanluis.com\/wp-content\/uploads\/2023\/07\/cropped-apuntesdesanluis.png","width":450,"height":112,"caption":"apuntesdesanluis.com"},"logo":{"@id":"https:\/\/apuntesdesanluis.com\/#\/schema\/person\/image\/"},"sameAs":["https:\/\/apuntesdesanluis.com"],"url":"https:\/\/apuntesdesanluis.com\/index.php\/author\/apuntesdesanluis-com\/"}]}},"featured_image_urls":{"full":["https:\/\/apuntesdesanluis.com\/wp-content\/uploads\/2024\/09\/maduro-y-milei.png",794,485,false],"thumbnail":["https:\/\/apuntesdesanluis.com\/wp-content\/uploads\/2024\/09\/maduro-y-milei-150x150.png",150,150,true],"medium":["https:\/\/apuntesdesanluis.com\/wp-content\/uploads\/2024\/09\/maduro-y-milei-300x183.png",300,183,true],"medium_large":["https:\/\/apuntesdesanluis.com\/wp-content\/uploads\/2024\/09\/maduro-y-milei-768x469.png",640,391,true],"large":["https:\/\/apuntesdesanluis.com\/wp-content\/uploads\/2024\/09\/maduro-y-milei.png",640,391,false],"1536x1536":["https:\/\/apuntesdesanluis.com\/wp-content\/uploads\/2024\/09\/maduro-y-milei.png",794,485,false],"2048x2048":["https:\/\/apuntesdesanluis.com\/wp-content\/uploads\/2024\/09\/maduro-y-milei.png",794,485,false],"newsever-slider-full":["https:\/\/apuntesdesanluis.com\/wp-content\/uploads\/2024\/09\/maduro-y-milei.png",794,485,false],"newsever-featured":["https:\/\/apuntesdesanluis.com\/wp-content\/uploads\/2024\/09\/maduro-y-milei.png",794,485,false],"newsever-medium":["https:\/\/apuntesdesanluis.com\/wp-content\/uploads\/2024\/09\/maduro-y-milei-720x475.png",720,475,true]},"author_info":{"display_name":"apuntesdesanluis.com","author_link":"https:\/\/apuntesdesanluis.com\/index.php\/author\/apuntesdesanluis-com\/"},"category_info":"<a href=\"https:\/\/apuntesdesanluis.com\/index.php\/category\/nacionales-internacionales\/\" rel=\"category tag\">Nacionales\/Internacionales<\/a>","tag_info":"Nacionales\/Internacionales","comment_count":"0","_links":{"self":[{"href":"https:\/\/apuntesdesanluis.com\/index.php\/wp-json\/wp\/v2\/posts\/22451","targetHints":{"allow":["GET"]}}],"collection":[{"href":"https:\/\/apuntesdesanluis.com\/index.php\/wp-json\/wp\/v2\/posts"}],"about":[{"href":"https:\/\/apuntesdesanluis.com\/index.php\/wp-json\/wp\/v2\/types\/post"}],"author":[{"embeddable":true,"href":"https:\/\/apuntesdesanluis.com\/index.php\/wp-json\/wp\/v2\/users\/1"}],"replies":[{"embeddable":true,"href":"https:\/\/apuntesdesanluis.com\/index.php\/wp-json\/wp\/v2\/comments?post=22451"}],"version-history":[{"count":1,"href":"https:\/\/apuntesdesanluis.com\/index.php\/wp-json\/wp\/v2\/posts\/22451\/revisions"}],"predecessor-version":[{"id":22453,"href":"https:\/\/apuntesdesanluis.com\/index.php\/wp-json\/wp\/v2\/posts\/22451\/revisions\/22453"}],"wp:featuredmedia":[{"embeddable":true,"href":"https:\/\/apuntesdesanluis.com\/index.php\/wp-json\/wp\/v2\/media\/22452"}],"wp:attachment":[{"href":"https:\/\/apuntesdesanluis.com\/index.php\/wp-json\/wp\/v2\/media?parent=22451"}],"wp:term":[{"taxonomy":"category","embeddable":true,"href":"https:\/\/apuntesdesanluis.com\/index.php\/wp-json\/wp\/v2\/categories?post=22451"},{"taxonomy":"post_tag","embeddable":true,"href":"https:\/\/apuntesdesanluis.com\/index.php\/wp-json\/wp\/v2\/tags?post=22451"}],"curies":[{"name":"wp","href":"https:\/\/api.w.org\/{rel}","templated":true}]}}