{"id":22458,"date":"2024-09-18T23:20:35","date_gmt":"2024-09-19T02:20:35","guid":{"rendered":"https:\/\/apuntesdesanluis.com\/?p=22458"},"modified":"2024-09-18T23:20:35","modified_gmt":"2024-09-19T02:20:35","slug":"el-oficialismo-convocara-a-debatir-el-presupuesto-en-diputados-la-proxima-semana","status":"publish","type":"post","link":"https:\/\/apuntesdesanluis.com\/index.php\/2024\/09\/18\/el-oficialismo-convocara-a-debatir-el-presupuesto-en-diputados-la-proxima-semana\/","title":{"rendered":"EL OFICIALISMO CONVOCAR\u00c1 A DEBATIR EL PRESUPUESTO EN DIPUTADOS LA PR\u00d3XIMA SEMANA"},"content":{"rendered":"<h3>El oficialismo convocar\u00e1 la pr\u00f3xima semana a la Comisi\u00f3n de Presupuesto de la C\u00e1mara de Diputados para abrir el debate sobre la ley de gastos y recursos para el 2025, un proyecto que espera aprobar a fines de noviembre con la ayuda de los bloques dialoguistas.<\/h3>\n<h3>El esquema de trabajo se acord\u00f3 hoy en un encuentro que se hizo en Casa de Gobierno entre el jefe de Gabinete, Guillermo Francos; el ministro de Econom\u00eda, Luis Caputo; el vicejefe de Gabinete, Lisandro Catal\u00e1n; el presidente de la C\u00e1mara de Diputados, Mart\u00edn Menem, y los titulares de las comisiones de Presupuesto del Congreso, Jos\u00e9 Luis Espert, y Ezequiel Atauche, del Senado.<\/h3>\n<h3>La intenci\u00f3n del oficialismo es comenzar el tratamiento en comisi\u00f3n la pr\u00f3xima semana o la otra, con reuniones informativas donde expondr\u00e1n, en principio, los secretarios de Hacienda, Carlos Guberman, y de Finanzas, Pablo Quirno.<\/h3>\n<h3>\u00a0Por ahora no est\u00e1 previsto que concurra el ministro Caputo ni el presidente del Banco Central, Santiago Bausili, indicaron a esta agencia fuentes parlamentarias.<\/h3>\n<h3>\u00a0 S\u00ed, en cambio, el oficialismo estar\u00eda dispuesto a que concurran funcionarios de diferentes \u00e1reas.<\/h3>\n<h3>Pero adem\u00e1s de concretar el debate en comisi\u00f3n, el oficialismo buscar\u00e1 avanzar, en forma paralela, con las negociaciones con los bloques dialoguistas, que son los que podr\u00edan votar a favor del Presupuesto 2025.<\/h3>\n<h3>\u00a0El Gobierno proyect\u00f3 como meta central el equilibrio fiscal, una inflaci\u00f3n del 18,3 por ciento, un crecimiento del 5 por ciento del PBI y un d\u00f3lar promedio de 1.207 pesos.<\/h3>\n<h3>En la reuni\u00f3n, los funcionarios y legisladores de LLA coincidieron en la necesidad de avanzar en las negociaciones con los bloques dialoguistas al mismo tiempo en las dos c\u00e1maras, para evitar que cuando se apruebe en Diputados se trabe en el Senado, como sucedi\u00f3 con la ley Bases.<\/h3>\n<h3>De todos modos, el oficialismo est\u00e1 dispuesto a hacer algunos cambios que pedir\u00e1n los bloques dialoguistas, siempre y cuando no alteren el d\u00e9ficit fiscal, que es el principal objetivo del Gobierno nacional.<\/h3>\n<h3>LLA tiene asegurados unos 88 votos con sus 39 propios m\u00e1s 38 del PRO, tres de los tucumanos del Bloque Independencia, dos de Producci\u00f3n y Trabajo, uno de Creo y cinco radicales, y espera sumar a 8 de Innovaci\u00f3n Federal.<\/h3>\n<h3>Pero necesita para la mayor\u00eda una treintena de legisladores que podr\u00edan ser aportados por la UCR y Encuentro Federal, aunque para eso el oficialismo deber\u00e1 aceptar algunas reformas.<\/h3>\n<h3>Los puntos que hoy se presentan como m\u00e1s conflictos son los recursos para las universidades, ya que le asignaron la mitad de los fondos que pide el Consejo Interuniversitario Nacional (CIN); la suspensi\u00f3n de la ley de Financiamiento Docente; la ratificaci\u00f3n del decreto sobre el ajuste de jubilaciones y las obras p\u00fablicas que reclaman las provincias.<\/h3>\n<h3>Otro punto que ser\u00e1 motivo de debate es el de los gastos tributos, esto eso, los impuestos que se dejan de cobrar por pertenecer a programas de promoci\u00f3n industrial o por jubilaciones de privilegio, como en el caso de jueces, que para el a\u00f1o 2025 alcanzan $27.025.062,8 millones, que equivale a 3,54% del PBI.<\/h3>\n<h3>Desde Uni\u00f3n por la Patria (UxP), el presidente del bloque, Germ\u00e1n Mart\u00ednez, advirti\u00f3 desde sus redes sociales que buscan un &#8220;debate profundo y que vengan todos los funcionarios, empezando por el Ministro de Econom\u00eda y el presidente del BCRA&#8221;.<\/h3>\n<h3>El Presupuesto 2025 contempla tambi\u00e9n gastos totales corrientes y de capital de 117.554.749 millones de pesos, con un crecimiento de la econom\u00eda del 5 por ciento.<\/h3>\n<h3>El aumento de la econom\u00eda estar\u00e1 promovido por un aumento del 6,2 por ciento de la industria y el 6,7 del comercio, de la inversi\u00f3n del 9,9 por ciento, en tanto el consumo privado aumentar\u00e1 el 4,5 por ciento.<\/h3>\n<h3>La recaudaci\u00f3n de impuestos nacionales y de aportes y contribuciones a la seguridad social se estima que alcanzar\u00e1 en el a\u00f1o 2025 la suma de $175.035.832 millones, por lo cual ser\u00e1 37,6% superior a la proyectada para el a\u00f1o 2024.<\/h3>\n<p>&nbsp;<\/p>\n<p>&nbsp;<\/p>\n<p>&nbsp;<\/p>\n","protected":false},"excerpt":{"rendered":"<p>El oficialismo convocar\u00e1 la pr\u00f3xima semana a la Comisi\u00f3n de Presupuesto de la C\u00e1mara de&#8230;<\/p>\n","protected":false},"author":1,"featured_media":22459,"comment_status":"closed","ping_status":"closed","sticky":false,"template":"","format":"standard","meta":{"footnotes":""},"categories":[5],"tags":[],"class_list":["post-22458","post","type-post","status-publish","format-standard","has-post-thumbnail","hentry","category-nacionales-internacionales"],"yoast_head":"<!-- This site is optimized with the Yoast SEO plugin v26.1.1 - https:\/\/yoast.com\/wordpress\/plugins\/seo\/ -->\n<title>EL OFICIALISMO CONVOCAR\u00c1 A DEBATIR EL PRESUPUESTO EN DIPUTADOS LA PR\u00d3XIMA SEMANA - Apuntes de San Luis<\/title>\n<meta name=\"robots\" content=\"index, follow, max-snippet:-1, max-image-preview:large, max-video-preview:-1\" \/>\n<link rel=\"canonical\" href=\"https:\/\/apuntesdesanluis.com\/index.php\/2024\/09\/18\/el-oficialismo-convocara-a-debatir-el-presupuesto-en-diputados-la-proxima-semana\/\" \/>\n<meta property=\"og:locale\" content=\"es_ES\" \/>\n<meta property=\"og:type\" content=\"article\" \/>\n<meta property=\"og:title\" content=\"EL OFICIALISMO CONVOCAR\u00c1 A DEBATIR EL PRESUPUESTO EN DIPUTADOS LA PR\u00d3XIMA SEMANA - Apuntes de San Luis\" \/>\n<meta property=\"og:description\" content=\"El oficialismo convocar\u00e1 la pr\u00f3xima semana a la Comisi\u00f3n de Presupuesto de la C\u00e1mara de...\" \/>\n<meta property=\"og:url\" content=\"https:\/\/apuntesdesanluis.com\/index.php\/2024\/09\/18\/el-oficialismo-convocara-a-debatir-el-presupuesto-en-diputados-la-proxima-semana\/\" \/>\n<meta property=\"og:site_name\" content=\"Apuntes de San Luis\" \/>\n<meta property=\"article:published_time\" content=\"2024-09-19T02:20:35+00:00\" \/>\n<meta property=\"og:image\" content=\"https:\/\/apuntesdesanluis.com\/wp-content\/uploads\/2024\/09\/francos.png\" \/>\n\t<meta property=\"og:image:width\" content=\"757\" \/>\n\t<meta property=\"og:image:height\" content=\"468\" \/>\n\t<meta property=\"og:image:type\" content=\"image\/png\" \/>\n<meta name=\"author\" content=\"apuntesdesanluis.com\" \/>\n<meta name=\"twitter:card\" content=\"summary_large_image\" \/>\n<meta name=\"twitter:label1\" content=\"Escrito por\" \/>\n\t<meta name=\"twitter:data1\" content=\"apuntesdesanluis.com\" \/>\n\t<meta name=\"twitter:label2\" content=\"Tiempo de lectura\" \/>\n\t<meta name=\"twitter:data2\" content=\"4 minutos\" \/>\n<script type=\"application\/ld+json\" class=\"yoast-schema-graph\">{\"@context\":\"https:\/\/schema.org\",\"@graph\":[{\"@type\":\"Article\",\"@id\":\"https:\/\/apuntesdesanluis.com\/index.php\/2024\/09\/18\/el-oficialismo-convocara-a-debatir-el-presupuesto-en-diputados-la-proxima-semana\/#article\",\"isPartOf\":{\"@id\":\"https:\/\/apuntesdesanluis.com\/index.php\/2024\/09\/18\/el-oficialismo-convocara-a-debatir-el-presupuesto-en-diputados-la-proxima-semana\/\"},\"author\":{\"name\":\"apuntesdesanluis.com\",\"@id\":\"https:\/\/apuntesdesanluis.com\/#\/schema\/person\/b55151d52296fcce64d1a72538a70b90\"},\"headline\":\"EL OFICIALISMO CONVOCAR\u00c1 A DEBATIR EL PRESUPUESTO EN DIPUTADOS LA PR\u00d3XIMA SEMANA\",\"datePublished\":\"2024-09-19T02:20:35+00:00\",\"mainEntityOfPage\":{\"@id\":\"https:\/\/apuntesdesanluis.com\/index.php\/2024\/09\/18\/el-oficialismo-convocara-a-debatir-el-presupuesto-en-diputados-la-proxima-semana\/\"},\"wordCount\":682,\"publisher\":{\"@id\":\"https:\/\/apuntesdesanluis.com\/#\/schema\/person\/b55151d52296fcce64d1a72538a70b90\"},\"image\":{\"@id\":\"https:\/\/apuntesdesanluis.com\/index.php\/2024\/09\/18\/el-oficialismo-convocara-a-debatir-el-presupuesto-en-diputados-la-proxima-semana\/#primaryimage\"},\"thumbnailUrl\":\"https:\/\/apuntesdesanluis.com\/wp-content\/uploads\/2024\/09\/francos.png\",\"articleSection\":[\"Nacionales\/Internacionales\"],\"inLanguage\":\"es-AR\"},{\"@type\":\"WebPage\",\"@id\":\"https:\/\/apuntesdesanluis.com\/index.php\/2024\/09\/18\/el-oficialismo-convocara-a-debatir-el-presupuesto-en-diputados-la-proxima-semana\/\",\"url\":\"https:\/\/apuntesdesanluis.com\/index.php\/2024\/09\/18\/el-oficialismo-convocara-a-debatir-el-presupuesto-en-diputados-la-proxima-semana\/\",\"name\":\"EL OFICIALISMO CONVOCAR\u00c1 A DEBATIR EL PRESUPUESTO EN DIPUTADOS LA PR\u00d3XIMA SEMANA - Apuntes de San Luis\",\"isPartOf\":{\"@id\":\"https:\/\/apuntesdesanluis.com\/#website\"},\"primaryImageOfPage\":{\"@id\":\"https:\/\/apuntesdesanluis.com\/index.php\/2024\/09\/18\/el-oficialismo-convocara-a-debatir-el-presupuesto-en-diputados-la-proxima-semana\/#primaryimage\"},\"image\":{\"@id\":\"https:\/\/apuntesdesanluis.com\/index.php\/2024\/09\/18\/el-oficialismo-convocara-a-debatir-el-presupuesto-en-diputados-la-proxima-semana\/#primaryimage\"},\"thumbnailUrl\":\"https:\/\/apuntesdesanluis.com\/wp-content\/uploads\/2024\/09\/francos.png\",\"datePublished\":\"2024-09-19T02:20:35+00:00\",\"breadcrumb\":{\"@id\":\"https:\/\/apuntesdesanluis.com\/index.php\/2024\/09\/18\/el-oficialismo-convocara-a-debatir-el-presupuesto-en-diputados-la-proxima-semana\/#breadcrumb\"},\"inLanguage\":\"es-AR\",\"potentialAction\":[{\"@type\":\"ReadAction\",\"target\":[\"https:\/\/apuntesdesanluis.com\/index.php\/2024\/09\/18\/el-oficialismo-convocara-a-debatir-el-presupuesto-en-diputados-la-proxima-semana\/\"]}]},{\"@type\":\"ImageObject\",\"inLanguage\":\"es-AR\",\"@id\":\"https:\/\/apuntesdesanluis.com\/index.php\/2024\/09\/18\/el-oficialismo-convocara-a-debatir-el-presupuesto-en-diputados-la-proxima-semana\/#primaryimage\",\"url\":\"https:\/\/apuntesdesanluis.com\/wp-content\/uploads\/2024\/09\/francos.png\",\"contentUrl\":\"https:\/\/apuntesdesanluis.com\/wp-content\/uploads\/2024\/09\/francos.png\",\"width\":757,\"height\":468},{\"@type\":\"BreadcrumbList\",\"@id\":\"https:\/\/apuntesdesanluis.com\/index.php\/2024\/09\/18\/el-oficialismo-convocara-a-debatir-el-presupuesto-en-diputados-la-proxima-semana\/#breadcrumb\",\"itemListElement\":[{\"@type\":\"ListItem\",\"position\":1,\"name\":\"Inicio\",\"item\":\"https:\/\/apuntesdesanluis.com\/\"},{\"@type\":\"ListItem\",\"position\":2,\"name\":\"EL OFICIALISMO CONVOCAR\u00c1 A DEBATIR EL PRESUPUESTO EN DIPUTADOS LA PR\u00d3XIMA SEMANA\"}]},{\"@type\":\"WebSite\",\"@id\":\"https:\/\/apuntesdesanluis.com\/#website\",\"url\":\"https:\/\/apuntesdesanluis.com\/\",\"name\":\"Apuntes de San Luis\",\"description\":\"\",\"publisher\":{\"@id\":\"https:\/\/apuntesdesanluis.com\/#\/schema\/person\/b55151d52296fcce64d1a72538a70b90\"},\"potentialAction\":[{\"@type\":\"SearchAction\",\"target\":{\"@type\":\"EntryPoint\",\"urlTemplate\":\"https:\/\/apuntesdesanluis.com\/?s={search_term_string}\"},\"query-input\":{\"@type\":\"PropertyValueSpecification\",\"valueRequired\":true,\"valueName\":\"search_term_string\"}}],\"inLanguage\":\"es-AR\"},{\"@type\":[\"Person\",\"Organization\"],\"@id\":\"https:\/\/apuntesdesanluis.com\/#\/schema\/person\/b55151d52296fcce64d1a72538a70b90\",\"name\":\"apuntesdesanluis.com\",\"image\":{\"@type\":\"ImageObject\",\"inLanguage\":\"es-AR\",\"@id\":\"https:\/\/apuntesdesanluis.com\/#\/schema\/person\/image\/\",\"url\":\"https:\/\/apuntesdesanluis.com\/wp-content\/uploads\/2023\/07\/cropped-apuntesdesanluis.png\",\"contentUrl\":\"https:\/\/apuntesdesanluis.com\/wp-content\/uploads\/2023\/07\/cropped-apuntesdesanluis.png\",\"width\":450,\"height\":112,\"caption\":\"apuntesdesanluis.com\"},\"logo\":{\"@id\":\"https:\/\/apuntesdesanluis.com\/#\/schema\/person\/image\/\"},\"sameAs\":[\"https:\/\/apuntesdesanluis.com\"],\"url\":\"https:\/\/apuntesdesanluis.com\/index.php\/author\/apuntesdesanluis-com\/\"}]}<\/script>\n<!-- \/ Yoast SEO plugin. -->","yoast_head_json":{"title":"EL OFICIALISMO CONVOCAR\u00c1 A DEBATIR EL PRESUPUESTO EN DIPUTADOS LA PR\u00d3XIMA SEMANA - Apuntes de San Luis","robots":{"index":"index","follow":"follow","max-snippet":"max-snippet:-1","max-image-preview":"max-image-preview:large","max-video-preview":"max-video-preview:-1"},"canonical":"https:\/\/apuntesdesanluis.com\/index.php\/2024\/09\/18\/el-oficialismo-convocara-a-debatir-el-presupuesto-en-diputados-la-proxima-semana\/","og_locale":"es_ES","og_type":"article","og_title":"EL OFICIALISMO CONVOCAR\u00c1 A DEBATIR EL PRESUPUESTO EN DIPUTADOS LA PR\u00d3XIMA SEMANA - Apuntes de San Luis","og_description":"El oficialismo convocar\u00e1 la pr\u00f3xima semana a la Comisi\u00f3n de Presupuesto de la C\u00e1mara de...","og_url":"https:\/\/apuntesdesanluis.com\/index.php\/2024\/09\/18\/el-oficialismo-convocara-a-debatir-el-presupuesto-en-diputados-la-proxima-semana\/","og_site_name":"Apuntes de San Luis","article_published_time":"2024-09-19T02:20:35+00:00","og_image":[{"width":757,"height":468,"url":"https:\/\/apuntesdesanluis.com\/wp-content\/uploads\/2024\/09\/francos.png","type":"image\/png"}],"author":"apuntesdesanluis.com","twitter_card":"summary_large_image","twitter_misc":{"Escrito por":"apuntesdesanluis.com","Tiempo de lectura":"4 minutos"},"schema":{"@context":"https:\/\/schema.org","@graph":[{"@type":"Article","@id":"https:\/\/apuntesdesanluis.com\/index.php\/2024\/09\/18\/el-oficialismo-convocara-a-debatir-el-presupuesto-en-diputados-la-proxima-semana\/#article","isPartOf":{"@id":"https:\/\/apuntesdesanluis.com\/index.php\/2024\/09\/18\/el-oficialismo-convocara-a-debatir-el-presupuesto-en-diputados-la-proxima-semana\/"},"author":{"name":"apuntesdesanluis.com","@id":"https:\/\/apuntesdesanluis.com\/#\/schema\/person\/b55151d52296fcce64d1a72538a70b90"},"headline":"EL OFICIALISMO CONVOCAR\u00c1 A DEBATIR EL PRESUPUESTO EN DIPUTADOS LA PR\u00d3XIMA SEMANA","datePublished":"2024-09-19T02:20:35+00:00","mainEntityOfPage":{"@id":"https:\/\/apuntesdesanluis.com\/index.php\/2024\/09\/18\/el-oficialismo-convocara-a-debatir-el-presupuesto-en-diputados-la-proxima-semana\/"},"wordCount":682,"publisher":{"@id":"https:\/\/apuntesdesanluis.com\/#\/schema\/person\/b55151d52296fcce64d1a72538a70b90"},"image":{"@id":"https:\/\/apuntesdesanluis.com\/index.php\/2024\/09\/18\/el-oficialismo-convocara-a-debatir-el-presupuesto-en-diputados-la-proxima-semana\/#primaryimage"},"thumbnailUrl":"https:\/\/apuntesdesanluis.com\/wp-content\/uploads\/2024\/09\/francos.png","articleSection":["Nacionales\/Internacionales"],"inLanguage":"es-AR"},{"@type":"WebPage","@id":"https:\/\/apuntesdesanluis.com\/index.php\/2024\/09\/18\/el-oficialismo-convocara-a-debatir-el-presupuesto-en-diputados-la-proxima-semana\/","url":"https:\/\/apuntesdesanluis.com\/index.php\/2024\/09\/18\/el-oficialismo-convocara-a-debatir-el-presupuesto-en-diputados-la-proxima-semana\/","name":"EL OFICIALISMO CONVOCAR\u00c1 A DEBATIR EL PRESUPUESTO EN DIPUTADOS LA PR\u00d3XIMA SEMANA - Apuntes de San Luis","isPartOf":{"@id":"https:\/\/apuntesdesanluis.com\/#website"},"primaryImageOfPage":{"@id":"https:\/\/apuntesdesanluis.com\/index.php\/2024\/09\/18\/el-oficialismo-convocara-a-debatir-el-presupuesto-en-diputados-la-proxima-semana\/#primaryimage"},"image":{"@id":"https:\/\/apuntesdesanluis.com\/index.php\/2024\/09\/18\/el-oficialismo-convocara-a-debatir-el-presupuesto-en-diputados-la-proxima-semana\/#primaryimage"},"thumbnailUrl":"https:\/\/apuntesdesanluis.com\/wp-content\/uploads\/2024\/09\/francos.png","datePublished":"2024-09-19T02:20:35+00:00","breadcrumb":{"@id":"https:\/\/apuntesdesanluis.com\/index.php\/2024\/09\/18\/el-oficialismo-convocara-a-debatir-el-presupuesto-en-diputados-la-proxima-semana\/#breadcrumb"},"inLanguage":"es-AR","potentialAction":[{"@type":"ReadAction","target":["https:\/\/apuntesdesanluis.com\/index.php\/2024\/09\/18\/el-oficialismo-convocara-a-debatir-el-presupuesto-en-diputados-la-proxima-semana\/"]}]},{"@type":"ImageObject","inLanguage":"es-AR","@id":"https:\/\/apuntesdesanluis.com\/index.php\/2024\/09\/18\/el-oficialismo-convocara-a-debatir-el-presupuesto-en-diputados-la-proxima-semana\/#primaryimage","url":"https:\/\/apuntesdesanluis.com\/wp-content\/uploads\/2024\/09\/francos.png","contentUrl":"https:\/\/apuntesdesanluis.com\/wp-content\/uploads\/2024\/09\/francos.png","width":757,"height":468},{"@type":"BreadcrumbList","@id":"https:\/\/apuntesdesanluis.com\/index.php\/2024\/09\/18\/el-oficialismo-convocara-a-debatir-el-presupuesto-en-diputados-la-proxima-semana\/#breadcrumb","itemListElement":[{"@type":"ListItem","position":1,"name":"Inicio","item":"https:\/\/apuntesdesanluis.com\/"},{"@type":"ListItem","position":2,"name":"EL OFICIALISMO CONVOCAR\u00c1 A DEBATIR EL PRESUPUESTO EN DIPUTADOS LA PR\u00d3XIMA SEMANA"}]},{"@type":"WebSite","@id":"https:\/\/apuntesdesanluis.com\/#website","url":"https:\/\/apuntesdesanluis.com\/","name":"Apuntes de San Luis","description":"","publisher":{"@id":"https:\/\/apuntesdesanluis.com\/#\/schema\/person\/b55151d52296fcce64d1a72538a70b90"},"potentialAction":[{"@type":"SearchAction","target":{"@type":"EntryPoint","urlTemplate":"https:\/\/apuntesdesanluis.com\/?s={search_term_string}"},"query-input":{"@type":"PropertyValueSpecification","valueRequired":true,"valueName":"search_term_string"}}],"inLanguage":"es-AR"},{"@type":["Person","Organization"],"@id":"https:\/\/apuntesdesanluis.com\/#\/schema\/person\/b55151d52296fcce64d1a72538a70b90","name":"apuntesdesanluis.com","image":{"@type":"ImageObject","inLanguage":"es-AR","@id":"https:\/\/apuntesdesanluis.com\/#\/schema\/person\/image\/","url":"https:\/\/apuntesdesanluis.com\/wp-content\/uploads\/2023\/07\/cropped-apuntesdesanluis.png","contentUrl":"https:\/\/apuntesdesanluis.com\/wp-content\/uploads\/2023\/07\/cropped-apuntesdesanluis.png","width":450,"height":112,"caption":"apuntesdesanluis.com"},"logo":{"@id":"https:\/\/apuntesdesanluis.com\/#\/schema\/person\/image\/"},"sameAs":["https:\/\/apuntesdesanluis.com"],"url":"https:\/\/apuntesdesanluis.com\/index.php\/author\/apuntesdesanluis-com\/"}]}},"featured_image_urls":{"full":["https:\/\/apuntesdesanluis.com\/wp-content\/uploads\/2024\/09\/francos.png",757,468,false],"thumbnail":["https:\/\/apuntesdesanluis.com\/wp-content\/uploads\/2024\/09\/francos-150x150.png",150,150,true],"medium":["https:\/\/apuntesdesanluis.com\/wp-content\/uploads\/2024\/09\/francos-300x185.png",300,185,true],"medium_large":["https:\/\/apuntesdesanluis.com\/wp-content\/uploads\/2024\/09\/francos.png",640,396,false],"large":["https:\/\/apuntesdesanluis.com\/wp-content\/uploads\/2024\/09\/francos.png",640,396,false],"1536x1536":["https:\/\/apuntesdesanluis.com\/wp-content\/uploads\/2024\/09\/francos.png",757,468,false],"2048x2048":["https:\/\/apuntesdesanluis.com\/wp-content\/uploads\/2024\/09\/francos.png",757,468,false],"newsever-slider-full":["https:\/\/apuntesdesanluis.com\/wp-content\/uploads\/2024\/09\/francos.png",757,468,false],"newsever-featured":["https:\/\/apuntesdesanluis.com\/wp-content\/uploads\/2024\/09\/francos.png",757,468,false],"newsever-medium":["https:\/\/apuntesdesanluis.com\/wp-content\/uploads\/2024\/09\/francos-720x468.png",720,468,true]},"author_info":{"display_name":"apuntesdesanluis.com","author_link":"https:\/\/apuntesdesanluis.com\/index.php\/author\/apuntesdesanluis-com\/"},"category_info":"<a href=\"https:\/\/apuntesdesanluis.com\/index.php\/category\/nacionales-internacionales\/\" rel=\"category tag\">Nacionales\/Internacionales<\/a>","tag_info":"Nacionales\/Internacionales","comment_count":"0","_links":{"self":[{"href":"https:\/\/apuntesdesanluis.com\/index.php\/wp-json\/wp\/v2\/posts\/22458","targetHints":{"allow":["GET"]}}],"collection":[{"href":"https:\/\/apuntesdesanluis.com\/index.php\/wp-json\/wp\/v2\/posts"}],"about":[{"href":"https:\/\/apuntesdesanluis.com\/index.php\/wp-json\/wp\/v2\/types\/post"}],"author":[{"embeddable":true,"href":"https:\/\/apuntesdesanluis.com\/index.php\/wp-json\/wp\/v2\/users\/1"}],"replies":[{"embeddable":true,"href":"https:\/\/apuntesdesanluis.com\/index.php\/wp-json\/wp\/v2\/comments?post=22458"}],"version-history":[{"count":1,"href":"https:\/\/apuntesdesanluis.com\/index.php\/wp-json\/wp\/v2\/posts\/22458\/revisions"}],"predecessor-version":[{"id":22460,"href":"https:\/\/apuntesdesanluis.com\/index.php\/wp-json\/wp\/v2\/posts\/22458\/revisions\/22460"}],"wp:featuredmedia":[{"embeddable":true,"href":"https:\/\/apuntesdesanluis.com\/index.php\/wp-json\/wp\/v2\/media\/22459"}],"wp:attachment":[{"href":"https:\/\/apuntesdesanluis.com\/index.php\/wp-json\/wp\/v2\/media?parent=22458"}],"wp:term":[{"taxonomy":"category","embeddable":true,"href":"https:\/\/apuntesdesanluis.com\/index.php\/wp-json\/wp\/v2\/categories?post=22458"},{"taxonomy":"post_tag","embeddable":true,"href":"https:\/\/apuntesdesanluis.com\/index.php\/wp-json\/wp\/v2\/tags?post=22458"}],"curies":[{"name":"wp","href":"https:\/\/api.w.org\/{rel}","templated":true}]}}